{"id":3973,"date":"2025-10-08T13:42:10","date_gmt":"2025-10-08T16:42:10","guid":{"rendered":"https:\/\/web.consaguirre.com.ar\/noticias\/revision-del-cd-menachem-zibziner-pulse\/"},"modified":"2025-10-08T13:42:10","modified_gmt":"2025-10-08T16:42:10","slug":"revision-del-cd-menachem-zibziner-pulse","status":"publish","type":"post","link":"https:\/\/web.consaguirre.com.ar\/noticias\/revision-del-cd-menachem-zibziner-pulse\/","title":{"rendered":"Revisi\u00f3n del CD: Menachem Zibziner, Pulse"},"content":{"rendered":"<div class=\"entry\" itemprop=\"text\">\n<p><em><strong>El \u00e1lbum &#8220;Pulse&#8221; es un regreso a casa profundamente personal y espiritual para el guitarrista y compositor Menachem Zibziner. Marcando un regreso a la m\u00fasica despu\u00e9s de un per\u00edodo turbulento, canaliza la curaci\u00f3n e introspecci\u00f3n en un entorno de tr\u00edo \u00edntimo con el hijo de Zibziner Itamar en la bater\u00eda y Ron Barzilai en el bajo. Combinando el jazz contempor\u00e1neo y espiritual con influencias atmosf\u00e9ricas, &#8220;Pulse&#8221; ofrece un sonido expansivo pero delicado dise\u00f1ado para una escucha reflexiva.<\/strong><\/em><\/p>\n<p>La canci\u00f3n de apertura, &#8220;Contemplation&#8221;, escrita por McCoy Tyner, encarna su nombre con un estado de \u00e1nimo meditativo y contemplativo. La hermosa mezcla y apertura del conjunto golpean inmediatamente al oyente, transmitiendo una sensaci\u00f3n de anhelo y profundidad espiritual. Este momento establece un tono reflexivo que lleva a trav\u00e9s de gran parte del \u00e1lbum.<\/p>\n<p>&#8220;Fam&#8221; presenta inflexiones sutiles del Medio Oriente en la mezcla, ancladas por un solo de bajo de Barzilai. La integraci\u00f3n musical del tr\u00edo vuelve nuevamente aqu\u00ed, ya que cada instrumento responde org\u00e1nicamente, tejiendo una tela de expresi\u00f3n compartida. &#8220;Strands&#8221; de Jakob Bro, la primera canci\u00f3n del \u00e1lbum con el trompetista invitado Eli Hasson, es inquietante y evocador. La trompeta de Hasson y la guitarra de Zibziner se entrelazan sin problemas, creando un paisaje sonoro atmosf\u00e9rico lleno de resonancia emocional.<\/p>\n<p>&#8220;La noche anterior&#8221;, una pieza original de Zibziner, muestra la voz compositiva del l\u00edder, \u00edntima, reflexiva y expresiva, anclada por la interacci\u00f3n finamente sintonizada del tr\u00edo. &#8220;Terminal 7&#8221; sube el impulso r\u00edtmico y presenta un tono de guitarra m\u00e1s crudo, complementando un en\u00e9rgico solo de trompeta de Hasson. La interpretaci\u00f3n de Zibziner de la pieza de Tomasz Stanko es fresca y en\u00e9rgica, manteniendo el esp\u00edritu de la composici\u00f3n al tiempo que agrega su toque personal.<\/p>\n<p>&#8220;Overtheught&#8221; mantiene el estado de \u00e1nimo contemplativo del \u00e1lbum, pero trae una sutil propulsi\u00f3n hacia adelante, ofreciendo un equilibrio elegante de movimiento y reflexi\u00f3n.<\/p>\n<p>Cerrando el \u00e1lbum est\u00e1 &#8220;Yesh Li Sikuy&#8221;, una composici\u00f3n tranquila y meditativa de Eviatar Banai. Su simplicidad y calma sirven como una conclusi\u00f3n suave, invitando al oyente a demorar en el espacio emocional del \u00e1lbum.<\/p>\n<p>A lo largo de &#8220;Pulse&#8221;, la profunda familiaridad y qu\u00edmica de los m\u00fasicos son palpables. Cada actuaci\u00f3n se siente genuina y apasionada, sin sentido de artificio o artilugio. La reproducci\u00f3n sigue siendo muy mel\u00f3dica en todo momento, con los m\u00fasicos que navegan por paisajes sonoros complejos que recompensen la escucha cercana y repetida.<\/p>\n<p>La producci\u00f3n del \u00e1lbum mejora estas cualidades, capturando texturas y din\u00e1micas con claridad y calidez. El tono de guitarra de Zibziner es particularmente notable: expresivo y resonante, a menudo lleva la conversaci\u00f3n sonora con sutileza y autoridad.<\/p>\n<table class=\"players-table wp-list-table widefat fixed\">\n<tbody>\n<tr>\n<td>\n<div class=\"Elite_video_player\" id=\"455\">\n<div id=\"elite_options\" style=\"display:none;\">{&#8220;id&#8221;: 455, &#8220;InstanceName&#8221;: &#8220;Menachem Zibziner Trio&#8221;, &#8220;Videos&#8221;: ({&#8220;VideoType&#8221;: &#8220;YouTube&#8221;, &#8220;T\u00edtulo&#8221;: &#8220;Menachem Zibziner Trio&#8221;, &#8220;Descripci\u00f3n&#8221;: &#8220;Promoci\u00f3n del \u00e1lbum&#8221;, &#8220;Informaci\u00f3n&#8221;: &#8220;\u00c1lbum&#8221;: &#8220;\u00c1lbum&#8221;: &#8220;\u00c1lbum&#8221; Promoci\u00f3n &#8220;,&#8221; Thumbimg &#8220;:&#8221; https: \/\/jazzineurope.mfmmedia.nl \/wp-content \/uploads \/2018 \/10 \/jie-magazine-winter-2018-tn -150&#215;150.jpg &#8220;,&#8221; YouTubeId &#8220;:&#8221; n-QAHKUJKIC &#8220;,&#8221; Prerollad &#8220;:&#8221; No &#8220;,&#8221; Prerollgotolink &#8220;:&#8221; http: \/\/bit.ly \/2svu1ba &#8220;,&#8221; Preroll_mp4 &#8220;:&#8221; https: \/\/jazzineurope.mfmmedia.nl \/wp-content \/uploads \/2018 \/10  \/jazz-in-europe-magazine-winter-2018-promo.mp 4 &#8220;,&#8221; Prerollskiptimer &#8220;:&#8221; 10 &#8220;,&#8221; Midrollad &#8220;:&#8221; No &#8220;,&#8221; Midrollad_displayTime &#8220;:&#8221; Midrollad_displaytime &#8220;,&#8221; MidrollGotolink &#8220;:&#8221; Mid Mid RollGotolink &#8220;,&#8221; MidRoll_mp4 &#8220;:&#8221; Midroll_mp4 &#8220;,&#8221; MidrollSkipTimer &#8220;:&#8221; MidrollSkipTimer &#8220;,&#8221; Postrollad &#8220;:&#8221; No &#8220;,&#8221; Postrollgotoli nk &#8220;:&#8221; postrollgotolink &#8220;,&#8221; postroll_mp4 &#8220;:&#8221; postroll_mp4 &#8220;,&#8221; postrollskiptimer &#8220;:&#8221; postrollskiptimer &#8220;,&#8221; popupadshow &#8220;:&#8221; no &#8220;,&#8221; p opupimg &#8220;:&#8221; https: \/\/jazzineurope.mfmmedia.nl \/wp-content \/uploads \/2013 \/01  \/Jazz-Republic-Radio-Leaderboard.jpg &#8220;, &#8220;PopUpadStarttime&#8221;: &#8220;12&#8221;, &#8220;Popupadendtime&#8221;: &#8220;20&#8221;, &#8220;PopUpadGotolink&#8221;: &#8220;https: \/\/twitter.com \/jazzineu&#8221;}), &#8220;Enviar&#8221;: &#8220;Guardar Cambios &#8220;,&#8221; Instancetheme &#8220;:&#8221; Light &#8220;,&#8221; PlayerLayout &#8220;:&#8221; FitTocontainer &#8220;,&#8221; VideOplayerWidth &#8220;: 1006,&#8221; VideOplayerHeight &#8220;: 420,&#8221; VideoRatio &#8220;: 1.777777777777778,&#8221; VideAtiostretch &#8220;: False,&#8221; VideOplayersHadow &#8220;:&#8221; Effect3 &#8220;,&#8221; ColorAccent &#8220;:&#8221;#FF9100 &#8220;,&#8221; Posterimg &#8220;:&#8221; &#8220;,&#8221; PosterimgonvideOfinish &#8220;:&#8221; &#8220;,&#8221; Logoshow &#8220;:&#8221; S\u00ed &#8220;,&#8221; Logopath &#8220;:&#8221; Https: \/\/jazzineurope.mfm Media.nl \/wp-Content \/uploads \/2018 \/08  \/jie-logo-new-white-fininal-video-player.png &#8220;,&#8221; logoPosition &#8220;:&#8221; inferior-izquierda &#8220;,&#8221; logoclickable &#8220;:&#8221; s\u00ed &#8220;,&#8221; logogotolink &#8220;:&#8221; https: \/  \/Jazzineurope.mfmmedia.nl\/2018\/07\/bill-evans-an-insight-into-a-genius\/&#8221;oLowskipad&#8221;:True,&#8221;Advertisementtitle&#8221;:&#8221;Advertisement \u00ed anuncio &#8220;,&#8221; SkipAdText &#8220;:&#8221; Puedes omitir este anuncio en &#8220;,&#8221; playbtntooltiptxt &#8220;:&#8221; play &#8220;,&#8221; pauseBtTtooltiptxt &#8220;:&#8221; pausa &#8220;,&#8221; rewindBtTtoolTiptxt &#8220;:&#8221; Rewind &#8220;,&#8221; DownloadVideObtToolTiptxt &#8220;:&#8221; Descargar video &#8220;,&#8221; QualityBtNoPedToolTiptxt &#8220;:&#8221; Close Configuraci\u00f3n &#8220;,&#8221; QualityBtnClosedToolTiptxt &#8220;:&#8221; Configuraci\u00f3n &#8220;,&#8221; MuteBtnTtoolTiptxt &#8220;:&#8221; Mute &#8220;,&#8221; UnMuteBtnToolTiptxt &#8220;:&#8221; Unmute &#8220;,&#8221; FullScreenBtnToolTiptxt &#8220;:&#8221; FullScreen &#8220;,&#8221; ExitfullScreenBtnToLTipTxt &#8220;:&#8221; EXIT info &#8220;,&#8221; incredBtTtoolTiptxt &#8220;:&#8221; InSching &#8220;,&#8221; ShareBtTtoolTiptxt &#8220;:&#8221; Share &#8220;,&#8221; VolumetoolTiptxt &#8220;:&#8221; Volume, &#8220;PlayBtnCledTtoolTiptxt&#8221;: &#8220;Mostrar lista de reproducci\u00f3n&#8221;, &#8220;PlayListBtNoPenedToolTiptxt&#8221;: &#8220;Ocultar ListList&#8221;, &#8220;FacebookBtnTxtxt&#8221;: &#8220;Compartir&#8221; Compartir compartir &#8220;Compartir compartir&#8221; Facebook &#8220;,&#8221; TwitterBtnToolTiptxt &#8220;:&#8221; Compartir en Twitter &#8220;,&#8221; GooglePlusBtnToolTiptxt &#8220;:&#8221; Compartir en Google+&#8221;,&#8221; LastBtnToolTiptxt &#8220;:&#8221; Vaya al \u00faltimo video &#8220;,&#8221; FirstBtTtoolTiptxt &#8220;:&#8221; Vaya a First Video &#8220;,&#8221; NextBtnToolTiptxt &#8220;:&#8221; Play Next Video &#8220;,&#8221; Anteriorbtntooltiptxt: &#8220;Play Arior Video &#8220;,&#8221; ShuffleBtnonToolTiptxt &#8220;:&#8221; Shuffle on &#8220;,&#8221; ShuffleBtnofftooltiptxt &#8220;:&#8221; Shuffle Off &#8220;,&#8221; NowPlayingTooltiptxt &#8220;:&#8221; Now Playing &#8220;,&#8221; InScedWindowTitle1 &#8220;:&#8221; Compartir este reproductor: &#8220;,&#8221; InScuDwindowTitle2 &#8220;:&#8221; Embedido en su video en su sitio: &#8220;,&#8221; EmbedWindowtitle3: Player: &#8220;,&#8221; LightBox &#8220;: False,&#8221; LightBoxAutoPlay &#8220;: False,&#8221; LightBoxThumbnail &#8220;:&#8221; &#8220;,&#8221; LightBoxThumbnailWidth &#8220;: 400,&#8221; LightBoxThumbnailHeight &#8220;: 220,&#8221; LightboxClOSeOutsideclick &#8220;: True,&#8221; Onfinish: &#8220;Play Next Video &#8220;,&#8221; Autoplay &#8220;: False,&#8221; LoadRandomVideoonStart &#8220;:&#8221; No &#8220;,&#8221; Shuffle &#8220;:&#8221; No &#8220;,&#8221; Lista de reproducci\u00f3n &#8220;:&#8221; Off &#8220;,&#8221; PlayBehaviouronpageload &#8220;:&#8221; Se abri\u00f3 (predeterminado) &#8220;,&#8221; PlaylistScrollType &#8220;:&#8221; Light &#8220;,&#8221; PReloadSelfHosted &#8220;:&#8221; Ninguno &#8220;,&#8221; HidEvideOsource &#8220;: True,&#8221; ShowallControls &#8220;: True,&#8221; RightClickMenu &#8220;: True,&#8221; Autohidecontrols &#8220;: 2,&#8221; Hideco ntrolsonmouseout &#8220;:&#8221; no &#8220;,&#8221; NowplayingText &#8220;:&#8221; s\u00ed &#8220;,&#8221; infoShow &#8220;:&#8221; s\u00ed &#8220;,&#8221; shareshow &#8220;:&#8221; no &#8220;,&#8221; Facebookshow &#8220;:&#8221; s\u00ed &#8220;,&#8221; twittershow &#8220;:&#8221; s\u00ed &#8220;,&#8221; mailshow &#8220;:&#8221; s\u00ed &#8220;,&#8221; FacebookSharename &#8220;:&#8221; Bill &#8220;Bill&#8221; Evans: una visi\u00f3n de un genio &#8220;,&#8221; FacebookSharelink &#8220;:&#8221; https: \/\/jazzineurope.mfmmedia.nl \/2018 \/07 \/bill-evans-an-insight-en-a-Genius \/&#8221;,&#8221; FacebookSharedescription &#8220;:&#8221; Copenhagen Rehearsal Video 1966. &#8220;&#8221; &#8220;FacebookSharepicture&#8221;: &#8220;https: \/\/jazzineurope.mfmmedia.nl \/wp-content \/uploads \/2018 \/07  \/bill_evans_featured-new.jpg&#8221;, &#8220;TwitterText&#8221;: &#8220;Bill evans-una visi\u00f3n de A Genio. &#8220;,&#8221; TwitterLink &#8220;:&#8221; https: \/\/jazzineurope.mfmmedia.nl \/2018 \/07 \/bill-evans-an-insight-en-a-Genius \/&#8221;,&#8221; Twitterhashtags &#8220;:&#8221;#billevans #Jazzineurope &#8220;,&#8221; Twittervia &#8220;:&#8221; Jazzineu &#8220;,&#8221; GooglePlus &#8220;:&#8221; Https: \/\/jazzineurope.mfmmedia.nl \/2018 \/07 \/bill-evans-an-insight-into-a-Genius \/&#8221;,&#8221; InSciitado Show &#8220;:&#8221; No &#8220;,&#8221; InScEDCodesrc &#8220;:&#8221; &#8220;,&#8221; InScEDCodew &#8220;: 746,&#8221; IncodeCodeh &#8220;: 420,&#8221; InScuSharElink &#8220;:&#8221; Https: \/\/jazzineurope.mfmmedia.nl \/&#8221;,&#8221; YouTubecontrols &#8220;:&#8221; Custom Custom controls&#8221;,&#8221;youtubeSkin&#8221;:&#8221;light&#8221;,&#8221;youtubeColor&#8221;:&#8221;red&#8221;,&#8221;youtubeQuality&#8221;:&#8221;default&#8221;,&#8221;youtubeShowRelatedVideos&#8221;:&#8221;No&#8221;,&#8221;vimeoColor&#8221;:&#8221;00adef&#8221;,&#8221;showGlobalPrerollAds&#8221;:false,&#8221;globalPrerollAds&#8221;:&#8221;url1;url2;url3;url4;u RL5 &#8220;,&#8221; GlobalPrerolladsSkipTimer &#8220;: 5,&#8221; GlobalPreolladsGotolink &#8220;:&#8221; http: \/\/codeCanyon.net \/&#8221;,&#8221; videotipo &#8220;: &#8220;YouTube&#8221;, &#8220;RootFolder&#8221;: &#8220;https: \/\/jazzineurope.mfmmedia.nl \/wp-content \/plugins \/elite-video-player \/&#8221;}<\/div>\n<\/div>\n<\/td>\n<\/tr>\n<\/tbody>\n<\/table>\n<p>&#8220;Pulse&#8221; es muy recomendable para los oyentes que buscan jazz que combine la profundidad espiritual, la riqueza mel\u00f3dica e intimidad atmosf\u00e9rica. Se encuentra como la declaraci\u00f3n art\u00edstica m\u00e1s personal de Menachem Zibziner como l\u00edder de la banda hasta la fecha, y la sinergia del tr\u00edo lo convierte en una experiencia convincente de principio a fin.<\/p>\n<p>Esta es la m\u00fasica para ser absorbida, contemplada y revisada, una fusi\u00f3n exitosa de innovaci\u00f3n de jazz contempor\u00e1nea y resonancia emocional atemporal.<\/p>\n<p><strong>P\u00f3ngase en fila<\/strong><\/p>\n<p>Menachem Zibziner &#8211; Guitarra | Ron Barzilai &#8211; Bass | Itamar Zibziner &#8211; tambores | Naveh Raz &#8211; Drums (pistas 3, 5) | Eli Hasson &#8211; Trompeta (pistas 3, 5)<\/p>\n<p><strong>Listado de pistas<\/strong><\/p>\n<p>Contemplation (McCoy Tyner) &#8211; 8:01 | 2. Fam (Menachem Zibziner) &#8211; 5:30 | 3. Strands (Jakob Bro) &#8211; 8:18 | 4. La noche anterior (Menachem Zibziner) &#8211; 4:35 | 5. Terminal 7 (Tomasz Stanko) &#8211; 6:40 | 6. Overtheught (Luke Howard) &#8211; 5:23 | 7. Yesh Li Sikuy (Eviatar Banai) &#8211; 3:05<\/p>\n<p><strong>Detalles de lanzamiento<\/strong><\/p>\n<p>Fecha de lanzamiento: 29 de septiembre de 2025<br \/>\nFormato: CD | Transmisi\u00f3n<br \/>\nEtiqueta: autoconsionante<\/p>\n<p><img loading=\"lazy\" decoding=\"async\" class=\"aligncenter wp-image-36519 size-full\" src=\"https:\/\/web.consaguirre.com.ar\/noticias\/wp-content\/uploads\/2024\/08\/Resena-de-CD-Stephen-Henderson-Tales-of-the-Skald.png\" alt=\"\" width=\"527\" height=\"77\"  ><\/p>\n<p><img loading=\"lazy\" decoding=\"async\" class=\"aligncenter wp-image-63084 size-full\" src=\"https:\/\/web.consaguirre.com.ar\/noticias\/wp-content\/uploads\/2025\/10\/1759844368_824_Revision-del-CD-Theo-Girard-La-Riviere-Coulera-sin-esfuerzo.jpg\" rel=\"prettyPhoto\" alt=\"\" width=\"728\" height=\"90\"  ><\/p>\n<div class=\"post-pagination\"><\/div>\n<div class=\"clearfix\"><\/div>\n<\/p><\/div>\n<p><script async src=\"https:\/\/platform.twitter.com\/widgets.js\" charset=\"utf-8\"><\/script><\/p>\n","protected":false},"excerpt":{"rendered":"<p>El \u00e1lbum &#8220;Pulse&#8221; es un regreso a casa profundamente personal y espiritual para el guitarrista y compositor Menachem Zibziner. Marcando un regreso a la m\u00fasica<\/p>\n","protected":false},"author":1,"featured_media":3974,"comment_status":"closed","ping_status":"","sticky":false,"template":"","format":"standard","meta":{"footnotes":""},"categories":[4],"tags":[10,3330,3332,3150,3331],"class_list":["post-3973","post","type-post","status-publish","format-standard","has-post-thumbnail","hentry","category-critica","tag-del","tag-menachem","tag-pulse","tag-revision","tag-zibziner","generate-columns","tablet-grid-50","mobile-grid-100","grid-parent","grid-50"],"yoast_head":"<!-- This site is optimized with the Yoast SEO plugin v23.3 - https:\/\/yoast.com\/wordpress\/plugins\/seo\/ -->\n<title>Revisi\u00f3n del CD: Menachem Zibziner, Pulse<\/title>\n<meta name=\"robots\" content=\"index, follow, max-snippet:-1, max-image-preview:large, max-video-preview:-1\" \/>\n<link rel=\"canonical\" href=\"https:\/\/web.consaguirre.com.ar\/noticias\/revision-del-cd-menachem-zibziner-pulse\/\" \/>\n<meta property=\"og:locale\" content=\"es_ES\" \/>\n<meta property=\"og:type\" content=\"article\" \/>\n<meta property=\"og:title\" content=\"Revisi\u00f3n del CD: Menachem Zibziner, Pulse\" \/>\n<meta property=\"og:description\" content=\"El \u00e1lbum &#8220;Pulse&#8221; es un regreso a casa profundamente personal y espiritual para el guitarrista y compositor Menachem Zibziner. Marcando un regreso a la m\u00fasica\" \/>\n<meta property=\"og:url\" content=\"https:\/\/web.consaguirre.com.ar\/noticias\/revision-del-cd-menachem-zibziner-pulse\/\" \/>\n<meta property=\"og:site_name\" content=\"Conservatorio de M\u00fasica Juli\u00e1n Aguirre\" \/>\n<meta property=\"article:published_time\" content=\"2025-10-08T16:42:10+00:00\" \/>\n<meta property=\"og:image\" content=\"https:\/\/web.consaguirre.com.ar\/noticias\/wp-content\/uploads\/2025\/10\/Revision-del-CD-Menachem-Zibziner-Pulse.jpg\" \/>\n\t<meta property=\"og:image:width\" content=\"300\" \/>\n\t<meta property=\"og:image:height\" content=\"300\" \/>\n\t<meta property=\"og:image:type\" content=\"image\/jpeg\" \/>\n<meta name=\"author\" content=\"Javier Figueroa\" \/>\n<meta name=\"twitter:card\" content=\"summary_large_image\" \/>\n<meta name=\"twitter:label1\" content=\"Escrito por\" \/>\n\t<meta name=\"twitter:data1\" content=\"Javier Figueroa\" \/>\n\t<meta name=\"twitter:label2\" content=\"Tiempo de lectura\" \/>\n\t<meta name=\"twitter:data2\" content=\"5 minutos\" \/>\n<script type=\"application\/ld+json\" class=\"yoast-schema-graph\">{\"@context\":\"https:\/\/schema.org\",\"@graph\":[{\"@type\":\"Article\",\"@id\":\"https:\/\/web.consaguirre.com.ar\/noticias\/revision-del-cd-menachem-zibziner-pulse\/#article\",\"isPartOf\":{\"@id\":\"https:\/\/web.consaguirre.com.ar\/noticias\/revision-del-cd-menachem-zibziner-pulse\/\"},\"author\":{\"name\":\"Javier Figueroa\",\"@id\":\"https:\/\/web.consaguirre.com.ar\/noticias\/#\/schema\/person\/6558b0cfedee7ddc5425602b237d5722\"},\"headline\":\"Revisi\u00f3n del CD: Menachem Zibziner, Pulse\",\"datePublished\":\"2025-10-08T16:42:10+00:00\",\"dateModified\":\"2025-10-08T16:42:10+00:00\",\"mainEntityOfPage\":{\"@id\":\"https:\/\/web.consaguirre.com.ar\/noticias\/revision-del-cd-menachem-zibziner-pulse\/\"},\"wordCount\":1058,\"publisher\":{\"@id\":\"https:\/\/web.consaguirre.com.ar\/noticias\/#organization\"},\"image\":{\"@id\":\"https:\/\/web.consaguirre.com.ar\/noticias\/revision-del-cd-menachem-zibziner-pulse\/#primaryimage\"},\"thumbnailUrl\":\"https:\/\/web.consaguirre.com.ar\/noticias\/wp-content\/uploads\/2025\/10\/Revision-del-CD-Menachem-Zibziner-Pulse.jpg\",\"keywords\":[\"del\",\"Menachem\",\"Pulse\",\"Revisi\u00f3n\",\"Zibziner\"],\"articleSection\":[\"Cr\u00edtica\"],\"inLanguage\":\"es-AR\"},{\"@type\":\"WebPage\",\"@id\":\"https:\/\/web.consaguirre.com.ar\/noticias\/revision-del-cd-menachem-zibziner-pulse\/\",\"url\":\"https:\/\/web.consaguirre.com.ar\/noticias\/revision-del-cd-menachem-zibziner-pulse\/\",\"name\":\"Revisi\u00f3n del CD: Menachem Zibziner, Pulse\",\"isPartOf\":{\"@id\":\"https:\/\/web.consaguirre.com.ar\/noticias\/#website\"},\"primaryImageOfPage\":{\"@id\":\"https:\/\/web.consaguirre.com.ar\/noticias\/revision-del-cd-menachem-zibziner-pulse\/#primaryimage\"},\"image\":{\"@id\":\"https:\/\/web.consaguirre.com.ar\/noticias\/revision-del-cd-menachem-zibziner-pulse\/#primaryimage\"},\"thumbnailUrl\":\"https:\/\/web.consaguirre.com.ar\/noticias\/wp-content\/uploads\/2025\/10\/Revision-del-CD-Menachem-Zibziner-Pulse.jpg\",\"datePublished\":\"2025-10-08T16:42:10+00:00\",\"dateModified\":\"2025-10-08T16:42:10+00:00\",\"breadcrumb\":{\"@id\":\"https:\/\/web.consaguirre.com.ar\/noticias\/revision-del-cd-menachem-zibziner-pulse\/#breadcrumb\"},\"inLanguage\":\"es-AR\",\"potentialAction\":[{\"@type\":\"ReadAction\",\"target\":[\"https:\/\/web.consaguirre.com.ar\/noticias\/revision-del-cd-menachem-zibziner-pulse\/\"]}]},{\"@type\":\"ImageObject\",\"inLanguage\":\"es-AR\",\"@id\":\"https:\/\/web.consaguirre.com.ar\/noticias\/revision-del-cd-menachem-zibziner-pulse\/#primaryimage\",\"url\":\"https:\/\/web.consaguirre.com.ar\/noticias\/wp-content\/uploads\/2025\/10\/Revision-del-CD-Menachem-Zibziner-Pulse.jpg\",\"contentUrl\":\"https:\/\/web.consaguirre.com.ar\/noticias\/wp-content\/uploads\/2025\/10\/Revision-del-CD-Menachem-Zibziner-Pulse.jpg\",\"width\":300,\"height\":300,\"caption\":\"Revisi\u00f3n del CD: Menachem Zibziner, Pulse\"},{\"@type\":\"BreadcrumbList\",\"@id\":\"https:\/\/web.consaguirre.com.ar\/noticias\/revision-del-cd-menachem-zibziner-pulse\/#breadcrumb\",\"itemListElement\":[{\"@type\":\"ListItem\",\"position\":1,\"name\":\"Inicio\",\"item\":\"https:\/\/web.consaguirre.com.ar\/noticias\/\"},{\"@type\":\"ListItem\",\"position\":2,\"name\":\"Revisi\u00f3n del CD: Menachem Zibziner, Pulse\"}]},{\"@type\":\"WebSite\",\"@id\":\"https:\/\/web.consaguirre.com.ar\/noticias\/#website\",\"url\":\"https:\/\/web.consaguirre.com.ar\/noticias\/\",\"name\":\"Conservatorio de M\u00fasica Juli\u00e1n Aguirre\",\"description\":\"\",\"publisher\":{\"@id\":\"https:\/\/web.consaguirre.com.ar\/noticias\/#organization\"},\"potentialAction\":[{\"@type\":\"SearchAction\",\"target\":{\"@type\":\"EntryPoint\",\"urlTemplate\":\"https:\/\/web.consaguirre.com.ar\/noticias\/?s={search_term_string}\"},\"query-input\":\"required name=search_term_string\"}],\"inLanguage\":\"es-AR\"},{\"@type\":\"Organization\",\"@id\":\"https:\/\/web.consaguirre.com.ar\/noticias\/#organization\",\"name\":\"Conservatorio de M\u00fasica Juli\u00e1n Aguirre\",\"url\":\"https:\/\/web.consaguirre.com.ar\/noticias\/\",\"logo\":{\"@type\":\"ImageObject\",\"inLanguage\":\"es-AR\",\"@id\":\"https:\/\/web.consaguirre.com.ar\/noticias\/#\/schema\/logo\/image\/\",\"url\":\"https:\/\/web.consaguirre.com.ar\/noticias\/wp-content\/uploads\/2024\/08\/Banner-Aguirre-23.jpg\",\"contentUrl\":\"https:\/\/web.consaguirre.com.ar\/noticias\/wp-content\/uploads\/2024\/08\/Banner-Aguirre-23.jpg\",\"width\":1192,\"height\":600,\"caption\":\"Conservatorio de M\u00fasica Juli\u00e1n Aguirre\"},\"image\":{\"@id\":\"https:\/\/web.consaguirre.com.ar\/noticias\/#\/schema\/logo\/image\/\"}},{\"@type\":\"Person\",\"@id\":\"https:\/\/web.consaguirre.com.ar\/noticias\/#\/schema\/person\/6558b0cfedee7ddc5425602b237d5722\",\"name\":\"Javier Figueroa\",\"image\":{\"@type\":\"ImageObject\",\"inLanguage\":\"es-AR\",\"@id\":\"https:\/\/web.consaguirre.com.ar\/noticias\/#\/schema\/person\/image\/\",\"url\":\"https:\/\/web.consaguirre.com.ar\/noticias\/wp-content\/uploads\/2024\/08\/Consaguirre-scaled.jpg\",\"contentUrl\":\"https:\/\/web.consaguirre.com.ar\/noticias\/wp-content\/uploads\/2024\/08\/Consaguirre-scaled.jpg\",\"caption\":\"Javier Figueroa\"},\"description\":\"Me llamo Javier Figueroa y soy redactor para el sitio oficial del Conservatorio de M\u00fasica Juli\u00e1n Aguirre en Buenos Aires, consaguirre.com. Apasionado por la m\u00fasica y la escritura, me esfuerzo por destacar los talentos y eventos de nuestra prestigiosa instituci\u00f3n. Mi trayectoria se nutre de una profunda admiraci\u00f3n por los artistas, haciendo de cada art\u00edculo una celebraci\u00f3n de la creatividad y la cultura musical.\",\"sameAs\":[\"https:\/\/web.consaguirre.com.ar\/noticias\"]}]}<\/script>\n<!-- \/ Yoast SEO plugin. -->","yoast_head_json":{"title":"Revisi\u00f3n del CD: Menachem Zibziner, Pulse","robots":{"index":"index","follow":"follow","max-snippet":"max-snippet:-1","max-image-preview":"max-image-preview:large","max-video-preview":"max-video-preview:-1"},"canonical":"https:\/\/web.consaguirre.com.ar\/noticias\/revision-del-cd-menachem-zibziner-pulse\/","og_locale":"es_ES","og_type":"article","og_title":"Revisi\u00f3n del CD: Menachem Zibziner, Pulse","og_description":"El \u00e1lbum &#8220;Pulse&#8221; es un regreso a casa profundamente personal y espiritual para el guitarrista y compositor Menachem Zibziner. Marcando un regreso a la m\u00fasica","og_url":"https:\/\/web.consaguirre.com.ar\/noticias\/revision-del-cd-menachem-zibziner-pulse\/","og_site_name":"Conservatorio de M\u00fasica Juli\u00e1n Aguirre","article_published_time":"2025-10-08T16:42:10+00:00","og_image":[{"width":300,"height":300,"url":"https:\/\/web.consaguirre.com.ar\/noticias\/wp-content\/uploads\/2025\/10\/Revision-del-CD-Menachem-Zibziner-Pulse.jpg","type":"image\/jpeg"}],"author":"Javier Figueroa","twitter_card":"summary_large_image","twitter_misc":{"Escrito por":"Javier Figueroa","Tiempo de lectura":"5 minutos"},"schema":{"@context":"https:\/\/schema.org","@graph":[{"@type":"Article","@id":"https:\/\/web.consaguirre.com.ar\/noticias\/revision-del-cd-menachem-zibziner-pulse\/#article","isPartOf":{"@id":"https:\/\/web.consaguirre.com.ar\/noticias\/revision-del-cd-menachem-zibziner-pulse\/"},"author":{"name":"Javier Figueroa","@id":"https:\/\/web.consaguirre.com.ar\/noticias\/#\/schema\/person\/6558b0cfedee7ddc5425602b237d5722"},"headline":"Revisi\u00f3n del CD: Menachem Zibziner, Pulse","datePublished":"2025-10-08T16:42:10+00:00","dateModified":"2025-10-08T16:42:10+00:00","mainEntityOfPage":{"@id":"https:\/\/web.consaguirre.com.ar\/noticias\/revision-del-cd-menachem-zibziner-pulse\/"},"wordCount":1058,"publisher":{"@id":"https:\/\/web.consaguirre.com.ar\/noticias\/#organization"},"image":{"@id":"https:\/\/web.consaguirre.com.ar\/noticias\/revision-del-cd-menachem-zibziner-pulse\/#primaryimage"},"thumbnailUrl":"https:\/\/web.consaguirre.com.ar\/noticias\/wp-content\/uploads\/2025\/10\/Revision-del-CD-Menachem-Zibziner-Pulse.jpg","keywords":["del","Menachem","Pulse","Revisi\u00f3n","Zibziner"],"articleSection":["Cr\u00edtica"],"inLanguage":"es-AR"},{"@type":"WebPage","@id":"https:\/\/web.consaguirre.com.ar\/noticias\/revision-del-cd-menachem-zibziner-pulse\/","url":"https:\/\/web.consaguirre.com.ar\/noticias\/revision-del-cd-menachem-zibziner-pulse\/","name":"Revisi\u00f3n del CD: Menachem Zibziner, Pulse","isPartOf":{"@id":"https:\/\/web.consaguirre.com.ar\/noticias\/#website"},"primaryImageOfPage":{"@id":"https:\/\/web.consaguirre.com.ar\/noticias\/revision-del-cd-menachem-zibziner-pulse\/#primaryimage"},"image":{"@id":"https:\/\/web.consaguirre.com.ar\/noticias\/revision-del-cd-menachem-zibziner-pulse\/#primaryimage"},"thumbnailUrl":"https:\/\/web.consaguirre.com.ar\/noticias\/wp-content\/uploads\/2025\/10\/Revision-del-CD-Menachem-Zibziner-Pulse.jpg","datePublished":"2025-10-08T16:42:10+00:00","dateModified":"2025-10-08T16:42:10+00:00","breadcrumb":{"@id":"https:\/\/web.consaguirre.com.ar\/noticias\/revision-del-cd-menachem-zibziner-pulse\/#breadcrumb"},"inLanguage":"es-AR","potentialAction":[{"@type":"ReadAction","target":["https:\/\/web.consaguirre.com.ar\/noticias\/revision-del-cd-menachem-zibziner-pulse\/"]}]},{"@type":"ImageObject","inLanguage":"es-AR","@id":"https:\/\/web.consaguirre.com.ar\/noticias\/revision-del-cd-menachem-zibziner-pulse\/#primaryimage","url":"https:\/\/web.consaguirre.com.ar\/noticias\/wp-content\/uploads\/2025\/10\/Revision-del-CD-Menachem-Zibziner-Pulse.jpg","contentUrl":"https:\/\/web.consaguirre.com.ar\/noticias\/wp-content\/uploads\/2025\/10\/Revision-del-CD-Menachem-Zibziner-Pulse.jpg","width":300,"height":300,"caption":"Revisi\u00f3n del CD: Menachem Zibziner, Pulse"},{"@type":"BreadcrumbList","@id":"https:\/\/web.consaguirre.com.ar\/noticias\/revision-del-cd-menachem-zibziner-pulse\/#breadcrumb","itemListElement":[{"@type":"ListItem","position":1,"name":"Inicio","item":"https:\/\/web.consaguirre.com.ar\/noticias\/"},{"@type":"ListItem","position":2,"name":"Revisi\u00f3n del CD: Menachem Zibziner, Pulse"}]},{"@type":"WebSite","@id":"https:\/\/web.consaguirre.com.ar\/noticias\/#website","url":"https:\/\/web.consaguirre.com.ar\/noticias\/","name":"Conservatorio de M\u00fasica Juli\u00e1n Aguirre","description":"","publisher":{"@id":"https:\/\/web.consaguirre.com.ar\/noticias\/#organization"},"potentialAction":[{"@type":"SearchAction","target":{"@type":"EntryPoint","urlTemplate":"https:\/\/web.consaguirre.com.ar\/noticias\/?s={search_term_string}"},"query-input":"required name=search_term_string"}],"inLanguage":"es-AR"},{"@type":"Organization","@id":"https:\/\/web.consaguirre.com.ar\/noticias\/#organization","name":"Conservatorio de M\u00fasica Juli\u00e1n Aguirre","url":"https:\/\/web.consaguirre.com.ar\/noticias\/","logo":{"@type":"ImageObject","inLanguage":"es-AR","@id":"https:\/\/web.consaguirre.com.ar\/noticias\/#\/schema\/logo\/image\/","url":"https:\/\/web.consaguirre.com.ar\/noticias\/wp-content\/uploads\/2024\/08\/Banner-Aguirre-23.jpg","contentUrl":"https:\/\/web.consaguirre.com.ar\/noticias\/wp-content\/uploads\/2024\/08\/Banner-Aguirre-23.jpg","width":1192,"height":600,"caption":"Conservatorio de M\u00fasica Juli\u00e1n Aguirre"},"image":{"@id":"https:\/\/web.consaguirre.com.ar\/noticias\/#\/schema\/logo\/image\/"}},{"@type":"Person","@id":"https:\/\/web.consaguirre.com.ar\/noticias\/#\/schema\/person\/6558b0cfedee7ddc5425602b237d5722","name":"Javier Figueroa","image":{"@type":"ImageObject","inLanguage":"es-AR","@id":"https:\/\/web.consaguirre.com.ar\/noticias\/#\/schema\/person\/image\/","url":"https:\/\/web.consaguirre.com.ar\/noticias\/wp-content\/uploads\/2024\/08\/Consaguirre-scaled.jpg","contentUrl":"https:\/\/web.consaguirre.com.ar\/noticias\/wp-content\/uploads\/2024\/08\/Consaguirre-scaled.jpg","caption":"Javier Figueroa"},"description":"Me llamo Javier Figueroa y soy redactor para el sitio oficial del Conservatorio de M\u00fasica Juli\u00e1n Aguirre en Buenos Aires, consaguirre.com. Apasionado por la m\u00fasica y la escritura, me esfuerzo por destacar los talentos y eventos de nuestra prestigiosa instituci\u00f3n. Mi trayectoria se nutre de una profunda admiraci\u00f3n por los artistas, haciendo de cada art\u00edculo una celebraci\u00f3n de la creatividad y la cultura musical.","sameAs":["https:\/\/web.consaguirre.com.ar\/noticias"]}]}},"_links":{"self":[{"href":"https:\/\/web.consaguirre.com.ar\/noticias\/wp-json\/wp\/v2\/posts\/3973"}],"collection":[{"href":"https:\/\/web.consaguirre.com.ar\/noticias\/wp-json\/wp\/v2\/posts"}],"about":[{"href":"https:\/\/web.consaguirre.com.ar\/noticias\/wp-json\/wp\/v2\/types\/post"}],"author":[{"embeddable":true,"href":"https:\/\/web.consaguirre.com.ar\/noticias\/wp-json\/wp\/v2\/users\/1"}],"replies":[{"embeddable":true,"href":"https:\/\/web.consaguirre.com.ar\/noticias\/wp-json\/wp\/v2\/comments?post=3973"}],"version-history":[{"count":1,"href":"https:\/\/web.consaguirre.com.ar\/noticias\/wp-json\/wp\/v2\/posts\/3973\/revisions"}],"predecessor-version":[{"id":3975,"href":"https:\/\/web.consaguirre.com.ar\/noticias\/wp-json\/wp\/v2\/posts\/3973\/revisions\/3975"}],"wp:featuredmedia":[{"embeddable":true,"href":"https:\/\/web.consaguirre.com.ar\/noticias\/wp-json\/wp\/v2\/media\/3974"}],"wp:attachment":[{"href":"https:\/\/web.consaguirre.com.ar\/noticias\/wp-json\/wp\/v2\/media?parent=3973"}],"wp:term":[{"taxonomy":"category","embeddable":true,"href":"https:\/\/web.consaguirre.com.ar\/noticias\/wp-json\/wp\/v2\/categories?post=3973"},{"taxonomy":"post_tag","embeddable":true,"href":"https:\/\/web.consaguirre.com.ar\/noticias\/wp-json\/wp\/v2\/tags?post=3973"}],"curies":[{"name":"wp","href":"https:\/\/api.w.org\/{rel}","templated":true}]}}