{"id":3970,"date":"2025-10-07T17:38:15","date_gmt":"2025-10-07T20:38:15","guid":{"rendered":"https:\/\/web.consaguirre.com.ar\/noticias\/jodeci-sale-a-la-carretera-para-la-gira-2026\/"},"modified":"2025-10-07T17:38:17","modified_gmt":"2025-10-07T20:38:17","slug":"jodeci-sale-a-la-carretera-para-la-gira-2026","status":"publish","type":"post","link":"https:\/\/web.consaguirre.com.ar\/noticias\/jodeci-sale-a-la-carretera-para-la-gira-2026\/","title":{"rendered":"Jodeci sale a la carretera para la gira 2026"},"content":{"rendered":"<p>Jodeci tiene grandes planes para 2026. El legendario grupo de R&#038;B ha reservado una gira \u00fanica que los llevar\u00e1 a ciudades de todo Estados Unidos durante los fines de semana festivos del pr\u00f3ximo a\u00f1o.<\/p>\n<p>Las cosas comenzar\u00e1n en Centroam\u00e9rica el fin de semana del D\u00eda de Martin Luther King Jr., con una fecha del 16 de enero en el Horseshoe Hammond Casino en Hammond, IN, y un espect\u00e1culo el 17 de enero en el WinStar World Casino en Thackerville, OK. Estamos en la costa oeste para el fin de semana del D\u00eda de San Valent\u00edn, cuando Jodeci subir\u00e1 al escenario en Yaamava&#8217; Resort &#038; Casino en Highland, CA, el 14 de febrero, con un compromiso en el Hard Rock Hotel and Casino en Sacramento, CA, el 15 de febrero. Por \u00faltimo, Jodeci pasar\u00e1 el fin de semana del D\u00eda de la Madre en la Costa Este, con conciertos planeados en Boardwalk Hall en Atlantic City, Nueva Jersey, el 9 de mayo y Kings Theatre en Brooklyn, Nueva York, el 10 de mayo.<\/p>\n<div class=\"uD-YT-container\"><img decoding=\"async\" src=\"https:\/\/web.consaguirre.com.ar\/noticias\/wp-content\/uploads\/2025\/10\/1759869495_456_Jodeci-sale-a-la-carretera-para-la-gira-2026.jpg\" alt=\"V\u00eddeo de YouTube\"><br \/>Haga clic para cargar v\u00eddeo<\/div>\n<p>El anuncio de la gira llega inmediatamente despu\u00e9s de una reedici\u00f3n del 30 aniversario de Jodeci. <em>El espect\u00e1culo, la fiesta posterior, el hotel<\/em>que llev\u00f3 el \u00e1lbum al vinilo por primera vez desde su lanzamiento original en 1995. Las entradas para todos los espect\u00e1culos saldr\u00e1n oficialmente a la venta este viernes 10 de octubre a las 10 a. m. hora local. El acceso a la preventa comienza el martes 7 de octubre a las 10 a. m. hora local con el c\u00f3digo de promoci\u00f3n JODECI.<\/p>\n<p>Jodeci es uno de los grupos de R&#038;B m\u00e1s populares e influyentes de todos los tiempos. Al aportar un duro toque de hip-hop a las ra\u00edces gospel y soul de su g\u00e9nero, el cuarteto de DeVant\u00e9 Swing, Mr. Dalvin, K-Ci y JoJo se ganaron el apodo de los Bad Boys del R&#038;B. En la era del New Jack Swing y m\u00e1s all\u00e1, el grupo fue un elemento fijo en las listas de pop y R&#038;B gracias a sencillos como &#8220;Forever My Lady&#8221;, &#8220;Lately&#8221; y &#8220;Freek&#8217;n You&#8221;, convirti\u00e9ndose en \u00edconos de estilo y s\u00edmbolos sexuales adem\u00e1s de creadores de \u00e9xitos.<\/p>\n<p><b>Compre ahora la m\u00fasica de Jodeci en vinilo o CD.<\/b><\/p>\n","protected":false},"excerpt":{"rendered":"<p>Jodeci tiene grandes planes para 2026. El legendario grupo de R&#038;B ha reservado una gira \u00fanica que los llevar\u00e1 a ciudades de todo Estados Unidos<\/p>\n","protected":false},"author":1,"featured_media":3971,"comment_status":"closed","ping_status":"","sticky":false,"template":"","format":"standard","meta":{"footnotes":""},"categories":[50],"tags":[2534,492,3132,154,3329],"class_list":["post-3970","post","type-post","status-publish","format-standard","has-post-thumbnail","hentry","category-el-ultimo","tag-carretera","tag-gira","tag-jodeci","tag-para","tag-sale","generate-columns","tablet-grid-50","mobile-grid-100","grid-parent","grid-50"],"yoast_head":"<!-- This site is optimized with the Yoast SEO plugin v23.3 - https:\/\/yoast.com\/wordpress\/plugins\/seo\/ -->\n<title>Jodeci sale a la carretera para la gira 2026<\/title>\n<meta name=\"robots\" content=\"index, follow, max-snippet:-1, max-image-preview:large, max-video-preview:-1\" \/>\n<link rel=\"canonical\" href=\"https:\/\/web.consaguirre.com.ar\/noticias\/jodeci-sale-a-la-carretera-para-la-gira-2026\/\" \/>\n<meta property=\"og:locale\" content=\"es_ES\" \/>\n<meta property=\"og:type\" content=\"article\" \/>\n<meta property=\"og:title\" content=\"Jodeci sale a la carretera para la gira 2026\" \/>\n<meta property=\"og:description\" content=\"Jodeci tiene grandes planes para 2026. El legendario grupo de R&#038;B ha reservado una gira \u00fanica que los llevar\u00e1 a ciudades de todo Estados Unidos\" \/>\n<meta property=\"og:url\" content=\"https:\/\/web.consaguirre.com.ar\/noticias\/jodeci-sale-a-la-carretera-para-la-gira-2026\/\" \/>\n<meta property=\"og:site_name\" content=\"Conservatorio de M\u00fasica Juli\u00e1n Aguirre\" \/>\n<meta property=\"article:published_time\" content=\"2025-10-07T20:38:15+00:00\" \/>\n<meta property=\"article:modified_time\" content=\"2025-10-07T20:38:17+00:00\" \/>\n<meta property=\"og:image\" content=\"https:\/\/web.consaguirre.com.ar\/noticias\/wp-content\/uploads\/2025\/10\/Jodeci-sale-a-la-carretera-para-la-gira-2026.jpg\" \/>\n\t<meta property=\"og:image:width\" content=\"1280\" \/>\n\t<meta property=\"og:image:height\" content=\"1280\" \/>\n\t<meta property=\"og:image:type\" content=\"image\/jpeg\" \/>\n<meta name=\"author\" content=\"Javier Figueroa\" \/>\n<meta name=\"twitter:card\" content=\"summary_large_image\" \/>\n<meta name=\"twitter:label1\" content=\"Escrito por\" \/>\n\t<meta name=\"twitter:data1\" content=\"Javier Figueroa\" \/>\n\t<meta name=\"twitter:label2\" content=\"Tiempo de lectura\" \/>\n\t<meta name=\"twitter:data2\" content=\"2 minutos\" \/>\n<script type=\"application\/ld+json\" class=\"yoast-schema-graph\">{\"@context\":\"https:\/\/schema.org\",\"@graph\":[{\"@type\":\"Article\",\"@id\":\"https:\/\/web.consaguirre.com.ar\/noticias\/jodeci-sale-a-la-carretera-para-la-gira-2026\/#article\",\"isPartOf\":{\"@id\":\"https:\/\/web.consaguirre.com.ar\/noticias\/jodeci-sale-a-la-carretera-para-la-gira-2026\/\"},\"author\":{\"name\":\"Javier Figueroa\",\"@id\":\"https:\/\/web.consaguirre.com.ar\/noticias\/#\/schema\/person\/6558b0cfedee7ddc5425602b237d5722\"},\"headline\":\"Jodeci sale a la carretera para la gira 2026\",\"datePublished\":\"2025-10-07T20:38:15+00:00\",\"dateModified\":\"2025-10-07T20:38:17+00:00\",\"mainEntityOfPage\":{\"@id\":\"https:\/\/web.consaguirre.com.ar\/noticias\/jodeci-sale-a-la-carretera-para-la-gira-2026\/\"},\"wordCount\":394,\"publisher\":{\"@id\":\"https:\/\/web.consaguirre.com.ar\/noticias\/#organization\"},\"image\":{\"@id\":\"https:\/\/web.consaguirre.com.ar\/noticias\/jodeci-sale-a-la-carretera-para-la-gira-2026\/#primaryimage\"},\"thumbnailUrl\":\"https:\/\/web.consaguirre.com.ar\/noticias\/wp-content\/uploads\/2025\/10\/Jodeci-sale-a-la-carretera-para-la-gira-2026.jpg\",\"keywords\":[\"carretera\",\"gira\",\"Jodeci\",\"para\",\"sale\"],\"articleSection\":[\"El \u00faltimo\"],\"inLanguage\":\"es-AR\"},{\"@type\":\"WebPage\",\"@id\":\"https:\/\/web.consaguirre.com.ar\/noticias\/jodeci-sale-a-la-carretera-para-la-gira-2026\/\",\"url\":\"https:\/\/web.consaguirre.com.ar\/noticias\/jodeci-sale-a-la-carretera-para-la-gira-2026\/\",\"name\":\"Jodeci sale a la carretera para la gira 2026\",\"isPartOf\":{\"@id\":\"https:\/\/web.consaguirre.com.ar\/noticias\/#website\"},\"primaryImageOfPage\":{\"@id\":\"https:\/\/web.consaguirre.com.ar\/noticias\/jodeci-sale-a-la-carretera-para-la-gira-2026\/#primaryimage\"},\"image\":{\"@id\":\"https:\/\/web.consaguirre.com.ar\/noticias\/jodeci-sale-a-la-carretera-para-la-gira-2026\/#primaryimage\"},\"thumbnailUrl\":\"https:\/\/web.consaguirre.com.ar\/noticias\/wp-content\/uploads\/2025\/10\/Jodeci-sale-a-la-carretera-para-la-gira-2026.jpg\",\"datePublished\":\"2025-10-07T20:38:15+00:00\",\"dateModified\":\"2025-10-07T20:38:17+00:00\",\"breadcrumb\":{\"@id\":\"https:\/\/web.consaguirre.com.ar\/noticias\/jodeci-sale-a-la-carretera-para-la-gira-2026\/#breadcrumb\"},\"inLanguage\":\"es-AR\",\"potentialAction\":[{\"@type\":\"ReadAction\",\"target\":[\"https:\/\/web.consaguirre.com.ar\/noticias\/jodeci-sale-a-la-carretera-para-la-gira-2026\/\"]}]},{\"@type\":\"ImageObject\",\"inLanguage\":\"es-AR\",\"@id\":\"https:\/\/web.consaguirre.com.ar\/noticias\/jodeci-sale-a-la-carretera-para-la-gira-2026\/#primaryimage\",\"url\":\"https:\/\/web.consaguirre.com.ar\/noticias\/wp-content\/uploads\/2025\/10\/Jodeci-sale-a-la-carretera-para-la-gira-2026.jpg\",\"contentUrl\":\"https:\/\/web.consaguirre.com.ar\/noticias\/wp-content\/uploads\/2025\/10\/Jodeci-sale-a-la-carretera-para-la-gira-2026.jpg\",\"width\":1280,\"height\":1280,\"caption\":\"Jodeci sale a la carretera para la gira 2026\"},{\"@type\":\"BreadcrumbList\",\"@id\":\"https:\/\/web.consaguirre.com.ar\/noticias\/jodeci-sale-a-la-carretera-para-la-gira-2026\/#breadcrumb\",\"itemListElement\":[{\"@type\":\"ListItem\",\"position\":1,\"name\":\"Inicio\",\"item\":\"https:\/\/web.consaguirre.com.ar\/noticias\/\"},{\"@type\":\"ListItem\",\"position\":2,\"name\":\"Jodeci sale a la carretera para la gira 2026\"}]},{\"@type\":\"WebSite\",\"@id\":\"https:\/\/web.consaguirre.com.ar\/noticias\/#website\",\"url\":\"https:\/\/web.consaguirre.com.ar\/noticias\/\",\"name\":\"Conservatorio de M\u00fasica Juli\u00e1n Aguirre\",\"description\":\"\",\"publisher\":{\"@id\":\"https:\/\/web.consaguirre.com.ar\/noticias\/#organization\"},\"potentialAction\":[{\"@type\":\"SearchAction\",\"target\":{\"@type\":\"EntryPoint\",\"urlTemplate\":\"https:\/\/web.consaguirre.com.ar\/noticias\/?s={search_term_string}\"},\"query-input\":\"required name=search_term_string\"}],\"inLanguage\":\"es-AR\"},{\"@type\":\"Organization\",\"@id\":\"https:\/\/web.consaguirre.com.ar\/noticias\/#organization\",\"name\":\"Conservatorio de M\u00fasica Juli\u00e1n Aguirre\",\"url\":\"https:\/\/web.consaguirre.com.ar\/noticias\/\",\"logo\":{\"@type\":\"ImageObject\",\"inLanguage\":\"es-AR\",\"@id\":\"https:\/\/web.consaguirre.com.ar\/noticias\/#\/schema\/logo\/image\/\",\"url\":\"https:\/\/web.consaguirre.com.ar\/noticias\/wp-content\/uploads\/2024\/08\/Banner-Aguirre-23.jpg\",\"contentUrl\":\"https:\/\/web.consaguirre.com.ar\/noticias\/wp-content\/uploads\/2024\/08\/Banner-Aguirre-23.jpg\",\"width\":1192,\"height\":600,\"caption\":\"Conservatorio de M\u00fasica Juli\u00e1n Aguirre\"},\"image\":{\"@id\":\"https:\/\/web.consaguirre.com.ar\/noticias\/#\/schema\/logo\/image\/\"}},{\"@type\":\"Person\",\"@id\":\"https:\/\/web.consaguirre.com.ar\/noticias\/#\/schema\/person\/6558b0cfedee7ddc5425602b237d5722\",\"name\":\"Javier Figueroa\",\"image\":{\"@type\":\"ImageObject\",\"inLanguage\":\"es-AR\",\"@id\":\"https:\/\/web.consaguirre.com.ar\/noticias\/#\/schema\/person\/image\/\",\"url\":\"https:\/\/web.consaguirre.com.ar\/noticias\/wp-content\/uploads\/2024\/08\/Consaguirre-scaled.jpg\",\"contentUrl\":\"https:\/\/web.consaguirre.com.ar\/noticias\/wp-content\/uploads\/2024\/08\/Consaguirre-scaled.jpg\",\"caption\":\"Javier Figueroa\"},\"description\":\"Me llamo Javier Figueroa y soy redactor para el sitio oficial del Conservatorio de M\u00fasica Juli\u00e1n Aguirre en Buenos Aires, consaguirre.com. Apasionado por la m\u00fasica y la escritura, me esfuerzo por destacar los talentos y eventos de nuestra prestigiosa instituci\u00f3n. Mi trayectoria se nutre de una profunda admiraci\u00f3n por los artistas, haciendo de cada art\u00edculo una celebraci\u00f3n de la creatividad y la cultura musical.\",\"sameAs\":[\"https:\/\/web.consaguirre.com.ar\/noticias\"]}]}<\/script>\n<!-- \/ Yoast SEO plugin. -->","yoast_head_json":{"title":"Jodeci sale a la carretera para la gira 2026","robots":{"index":"index","follow":"follow","max-snippet":"max-snippet:-1","max-image-preview":"max-image-preview:large","max-video-preview":"max-video-preview:-1"},"canonical":"https:\/\/web.consaguirre.com.ar\/noticias\/jodeci-sale-a-la-carretera-para-la-gira-2026\/","og_locale":"es_ES","og_type":"article","og_title":"Jodeci sale a la carretera para la gira 2026","og_description":"Jodeci tiene grandes planes para 2026. El legendario grupo de R&#038;B ha reservado una gira \u00fanica que los llevar\u00e1 a ciudades de todo Estados Unidos","og_url":"https:\/\/web.consaguirre.com.ar\/noticias\/jodeci-sale-a-la-carretera-para-la-gira-2026\/","og_site_name":"Conservatorio de M\u00fasica Juli\u00e1n Aguirre","article_published_time":"2025-10-07T20:38:15+00:00","article_modified_time":"2025-10-07T20:38:17+00:00","og_image":[{"width":1280,"height":1280,"url":"https:\/\/web.consaguirre.com.ar\/noticias\/wp-content\/uploads\/2025\/10\/Jodeci-sale-a-la-carretera-para-la-gira-2026.jpg","type":"image\/jpeg"}],"author":"Javier Figueroa","twitter_card":"summary_large_image","twitter_misc":{"Escrito por":"Javier Figueroa","Tiempo de lectura":"2 minutos"},"schema":{"@context":"https:\/\/schema.org","@graph":[{"@type":"Article","@id":"https:\/\/web.consaguirre.com.ar\/noticias\/jodeci-sale-a-la-carretera-para-la-gira-2026\/#article","isPartOf":{"@id":"https:\/\/web.consaguirre.com.ar\/noticias\/jodeci-sale-a-la-carretera-para-la-gira-2026\/"},"author":{"name":"Javier Figueroa","@id":"https:\/\/web.consaguirre.com.ar\/noticias\/#\/schema\/person\/6558b0cfedee7ddc5425602b237d5722"},"headline":"Jodeci sale a la carretera para la gira 2026","datePublished":"2025-10-07T20:38:15+00:00","dateModified":"2025-10-07T20:38:17+00:00","mainEntityOfPage":{"@id":"https:\/\/web.consaguirre.com.ar\/noticias\/jodeci-sale-a-la-carretera-para-la-gira-2026\/"},"wordCount":394,"publisher":{"@id":"https:\/\/web.consaguirre.com.ar\/noticias\/#organization"},"image":{"@id":"https:\/\/web.consaguirre.com.ar\/noticias\/jodeci-sale-a-la-carretera-para-la-gira-2026\/#primaryimage"},"thumbnailUrl":"https:\/\/web.consaguirre.com.ar\/noticias\/wp-content\/uploads\/2025\/10\/Jodeci-sale-a-la-carretera-para-la-gira-2026.jpg","keywords":["carretera","gira","Jodeci","para","sale"],"articleSection":["El \u00faltimo"],"inLanguage":"es-AR"},{"@type":"WebPage","@id":"https:\/\/web.consaguirre.com.ar\/noticias\/jodeci-sale-a-la-carretera-para-la-gira-2026\/","url":"https:\/\/web.consaguirre.com.ar\/noticias\/jodeci-sale-a-la-carretera-para-la-gira-2026\/","name":"Jodeci sale a la carretera para la gira 2026","isPartOf":{"@id":"https:\/\/web.consaguirre.com.ar\/noticias\/#website"},"primaryImageOfPage":{"@id":"https:\/\/web.consaguirre.com.ar\/noticias\/jodeci-sale-a-la-carretera-para-la-gira-2026\/#primaryimage"},"image":{"@id":"https:\/\/web.consaguirre.com.ar\/noticias\/jodeci-sale-a-la-carretera-para-la-gira-2026\/#primaryimage"},"thumbnailUrl":"https:\/\/web.consaguirre.com.ar\/noticias\/wp-content\/uploads\/2025\/10\/Jodeci-sale-a-la-carretera-para-la-gira-2026.jpg","datePublished":"2025-10-07T20:38:15+00:00","dateModified":"2025-10-07T20:38:17+00:00","breadcrumb":{"@id":"https:\/\/web.consaguirre.com.ar\/noticias\/jodeci-sale-a-la-carretera-para-la-gira-2026\/#breadcrumb"},"inLanguage":"es-AR","potentialAction":[{"@type":"ReadAction","target":["https:\/\/web.consaguirre.com.ar\/noticias\/jodeci-sale-a-la-carretera-para-la-gira-2026\/"]}]},{"@type":"ImageObject","inLanguage":"es-AR","@id":"https:\/\/web.consaguirre.com.ar\/noticias\/jodeci-sale-a-la-carretera-para-la-gira-2026\/#primaryimage","url":"https:\/\/web.consaguirre.com.ar\/noticias\/wp-content\/uploads\/2025\/10\/Jodeci-sale-a-la-carretera-para-la-gira-2026.jpg","contentUrl":"https:\/\/web.consaguirre.com.ar\/noticias\/wp-content\/uploads\/2025\/10\/Jodeci-sale-a-la-carretera-para-la-gira-2026.jpg","width":1280,"height":1280,"caption":"Jodeci sale a la carretera para la gira 2026"},{"@type":"BreadcrumbList","@id":"https:\/\/web.consaguirre.com.ar\/noticias\/jodeci-sale-a-la-carretera-para-la-gira-2026\/#breadcrumb","itemListElement":[{"@type":"ListItem","position":1,"name":"Inicio","item":"https:\/\/web.consaguirre.com.ar\/noticias\/"},{"@type":"ListItem","position":2,"name":"Jodeci sale a la carretera para la gira 2026"}]},{"@type":"WebSite","@id":"https:\/\/web.consaguirre.com.ar\/noticias\/#website","url":"https:\/\/web.consaguirre.com.ar\/noticias\/","name":"Conservatorio de M\u00fasica Juli\u00e1n Aguirre","description":"","publisher":{"@id":"https:\/\/web.consaguirre.com.ar\/noticias\/#organization"},"potentialAction":[{"@type":"SearchAction","target":{"@type":"EntryPoint","urlTemplate":"https:\/\/web.consaguirre.com.ar\/noticias\/?s={search_term_string}"},"query-input":"required name=search_term_string"}],"inLanguage":"es-AR"},{"@type":"Organization","@id":"https:\/\/web.consaguirre.com.ar\/noticias\/#organization","name":"Conservatorio de M\u00fasica Juli\u00e1n Aguirre","url":"https:\/\/web.consaguirre.com.ar\/noticias\/","logo":{"@type":"ImageObject","inLanguage":"es-AR","@id":"https:\/\/web.consaguirre.com.ar\/noticias\/#\/schema\/logo\/image\/","url":"https:\/\/web.consaguirre.com.ar\/noticias\/wp-content\/uploads\/2024\/08\/Banner-Aguirre-23.jpg","contentUrl":"https:\/\/web.consaguirre.com.ar\/noticias\/wp-content\/uploads\/2024\/08\/Banner-Aguirre-23.jpg","width":1192,"height":600,"caption":"Conservatorio de M\u00fasica Juli\u00e1n Aguirre"},"image":{"@id":"https:\/\/web.consaguirre.com.ar\/noticias\/#\/schema\/logo\/image\/"}},{"@type":"Person","@id":"https:\/\/web.consaguirre.com.ar\/noticias\/#\/schema\/person\/6558b0cfedee7ddc5425602b237d5722","name":"Javier Figueroa","image":{"@type":"ImageObject","inLanguage":"es-AR","@id":"https:\/\/web.consaguirre.com.ar\/noticias\/#\/schema\/person\/image\/","url":"https:\/\/web.consaguirre.com.ar\/noticias\/wp-content\/uploads\/2024\/08\/Consaguirre-scaled.jpg","contentUrl":"https:\/\/web.consaguirre.com.ar\/noticias\/wp-content\/uploads\/2024\/08\/Consaguirre-scaled.jpg","caption":"Javier Figueroa"},"description":"Me llamo Javier Figueroa y soy redactor para el sitio oficial del Conservatorio de M\u00fasica Juli\u00e1n Aguirre en Buenos Aires, consaguirre.com. Apasionado por la m\u00fasica y la escritura, me esfuerzo por destacar los talentos y eventos de nuestra prestigiosa instituci\u00f3n. Mi trayectoria se nutre de una profunda admiraci\u00f3n por los artistas, haciendo de cada art\u00edculo una celebraci\u00f3n de la creatividad y la cultura musical.","sameAs":["https:\/\/web.consaguirre.com.ar\/noticias"]}]}},"_links":{"self":[{"href":"https:\/\/web.consaguirre.com.ar\/noticias\/wp-json\/wp\/v2\/posts\/3970"}],"collection":[{"href":"https:\/\/web.consaguirre.com.ar\/noticias\/wp-json\/wp\/v2\/posts"}],"about":[{"href":"https:\/\/web.consaguirre.com.ar\/noticias\/wp-json\/wp\/v2\/types\/post"}],"author":[{"embeddable":true,"href":"https:\/\/web.consaguirre.com.ar\/noticias\/wp-json\/wp\/v2\/users\/1"}],"replies":[{"embeddable":true,"href":"https:\/\/web.consaguirre.com.ar\/noticias\/wp-json\/wp\/v2\/comments?post=3970"}],"version-history":[{"count":1,"href":"https:\/\/web.consaguirre.com.ar\/noticias\/wp-json\/wp\/v2\/posts\/3970\/revisions"}],"predecessor-version":[{"id":3972,"href":"https:\/\/web.consaguirre.com.ar\/noticias\/wp-json\/wp\/v2\/posts\/3970\/revisions\/3972"}],"wp:featuredmedia":[{"embeddable":true,"href":"https:\/\/web.consaguirre.com.ar\/noticias\/wp-json\/wp\/v2\/media\/3971"}],"wp:attachment":[{"href":"https:\/\/web.consaguirre.com.ar\/noticias\/wp-json\/wp\/v2\/media?parent=3970"}],"wp:term":[{"taxonomy":"category","embeddable":true,"href":"https:\/\/web.consaguirre.com.ar\/noticias\/wp-json\/wp\/v2\/categories?post=3970"},{"taxonomy":"post_tag","embeddable":true,"href":"https:\/\/web.consaguirre.com.ar\/noticias\/wp-json\/wp\/v2\/tags?post=3970"}],"curies":[{"name":"wp","href":"https:\/\/api.w.org\/{rel}","templated":true}]}}