{"id":396,"date":"2024-09-02T15:40:44","date_gmt":"2024-09-02T18:40:44","guid":{"rendered":"https:\/\/web.consaguirre.com.ar\/noticias\/resena-del-cd-empirical-wonder-is-the-beginning\/"},"modified":"2024-09-08T16:27:49","modified_gmt":"2024-09-08T19:27:49","slug":"resena-del-cd-empirical-wonder-is-the-beginning","status":"publish","type":"post","link":"https:\/\/web.consaguirre.com.ar\/noticias\/resena-del-cd-empirical-wonder-is-the-beginning\/","title":{"rendered":"Rese\u00f1a del CD: Empirical, Wonder Is The Beginning"},"content":{"rendered":"<div class=\"entry\" itemprop=\"text\">\n<p><em><strong>El \u00faltimo \u00e1lbum de Empirical, Wonder Is The Beginning, se lanzar\u00e1 en marzo de 2024 y se prev\u00e9 que se publique en formato LP de vinilo a finales de este mes. Este a\u00f1o, uno de los cuartetos de jazz m\u00e1s innovadores y duraderos del Reino Unido vuelve a grabar. Empirical no es un desconocido en Jazz in Europe. La reveladora entrevista de Jan Veldman con la banda en 2019 destac\u00f3 su compromiso de superar los l\u00edmites musicales manteniendo una fuerte conexi\u00f3n con la tradici\u00f3n del jazz, y esta opini\u00f3n se ve reforzada por este lanzamiento.<\/strong><\/em><\/p>\n<p>Al ahondar en esta nueva propuesta, queda claro que Empirical no solo ha cumplido con la promesa de su trabajo anterior, sino que tambi\u00e9n ha ampliado su paleta sonora de formas emocionantes e inesperadas. La incorporaci\u00f3n de los artistas invitados Jason Rebello al piano y Alex Hitchcock al saxof\u00f3n tenor aporta nuevas dimensiones al ya formidable sonido del grupo, creando un rico tapiz de ideas que parecen haber expandido los l\u00edmites ya fluidos de la banda.<\/p>\n<p>La longevidad de Empirical como banda activa (que ya abarca unos impresionantes 15 a\u00f1os) es una rareza en estos d\u00edas dentro del panorama del jazz contempor\u00e1neo. Esta continuidad ha permitido a Nathaniel Facey (saxo alto), Tom Farmer (contrabajo), Lewis Wright (vibr\u00e1fono) y Shaney Forbes (bater\u00eda) desarrollar una relaci\u00f3n musical casi telep\u00e1tica que es evidente en cada tema del \u00e1lbum. Con una entidad tan cohesionada puede ser un riesgo agregar fuerzas externas, sin embargo, tanto Hitchcock como Rebello se combinan a la perfecci\u00f3n expandiendo el paisaje sonoro de la banda.<\/p>\n<p>El t\u00edtulo del \u00e1lbum es muy apropiado, ya que refleja no solo el enfoque filos\u00f3fico de la banda hacia la creaci\u00f3n musical, sino que tambi\u00e9n sirve como recordatorio de la eterna capacidad del jazz para renovarse y descubrirse. Como se\u00f1ala Tom Farmer, el mensaje central de Empirical es \u201cestar en el momento, tomar decisiones audaces y comunicar realmente\u2026 estar siempre listo para lo inesperado\u201d. Este esp\u00edritu impregna todo el \u00e1lbum.<\/p>\n<p>El \u00e1lbum abre con \u201cThe Naitoku\u201d, una pieza inspirada en la pr\u00e1ctica budista. El inquietante solo de saxof\u00f3n tenor de Alex Hitchcock sobre un patr\u00f3n de caja de estilo militar establece un tono contemplativo, antes de evolucionar hacia una conversaci\u00f3n a tres bandas con Facey y Rebello. Esta pista ejemplifica la capacidad de Empirical para combinar estructuras arm\u00f3nicas complejas con profundidad emocional, creando una introducci\u00f3n perfecta a los temas del \u00e1lbum.<\/p>\n<p>El siguiente tema, &#8220;She Moves&#8221;, ofrece un gran contraste. Con una estructura de vals de jazz, el tema va creciendo hasta alcanzar un cl\u00edmax cautivador sobre un fondo arm\u00f3nico sostenido, que resalta el rango din\u00e1mico de la banda. Disfrut\u00e9 especialmente de los solos de piano y vibr\u00e1fono en esta pieza, que una vez m\u00e1s resaltan la integraci\u00f3n perfecta de los artistas invitados en el sonido establecido de Empirical.<\/p>\n<p>Una de las canciones m\u00e1s destacadas del \u00e1lbum, \u201cTrue Cost\u201d, comienza con una exposici\u00f3n melanc\u00f3lica del saxo alto que evoca una atm\u00f3sfera nocturna. La pieza se va desplegando gradualmente hasta convertirse en una poderosa improvisaci\u00f3n grupal, que demuestra el dominio de los int\u00e9rpretes sobre la tensi\u00f3n y la liberaci\u00f3n. Esta canci\u00f3n, en mi opini\u00f3n, es uno de los verdaderos puntos fuertes del \u00e1lbum y un s\u00f3lido ejemplo de la capacidad de la banda para equilibrar la composici\u00f3n y la improvisaci\u00f3n. \u201cUrsa The Minor Major Bear\u201d muestra la complejidad r\u00edtmica y la interacci\u00f3n entre las armon\u00edas cambiantes y las l\u00edneas contrapunt\u00edsticas que crean una sensaci\u00f3n de sorpresa, reflejando la exploraci\u00f3n tem\u00e1tica de la atenci\u00f3n plena y las revelaciones inesperadas de la canci\u00f3n.<\/p>\n<p>Como se explica en las notas del \u00e1lbum, una decisi\u00f3n espont\u00e1nea tomada durante las sesiones hizo que \u201cSaha World\u201d fuera interpretada como un dueto entre el vibr\u00e1fono de Wright y el piano de Rebello. Este interludio contemplativo proporciona un bienvenido momento de reposo dentro del sentimiento intenso del \u00e1lbum. El arreglo sobrio de la canci\u00f3n permite al oyente apreciar completamente la interacci\u00f3n matizada entre estos dos m\u00fasicos. La pen\u00faltima canci\u00f3n del \u00e1lbum, \u201cAs The Eagle\u201d, presenta a Jason Rebello en su faceta m\u00e1s creativa y cautivadora. Esta composici\u00f3n oscura e inquieta exige toda la atenci\u00f3n del oyente, con el virtuoso trabajo de piano de Rebello sirviendo tanto de ancla como de provocador.<\/p>\n<div class=\"Elite_video_player\" id=\"437\">\n<div id=\"elite_options\" style=\"display:none;\">{&#8220;id&#8221;:437,&#8221;instanceName&#8221;: &#8220;EMPIRICAL &#8211; Wonder is the Feeling&#8221;, &#8220;videos&#8221;:({&#8220;videoType&#8221;: &#8220;youtube&#8221;, &#8220;title&#8221;: &#8220;EMPIRICAL &#8211; Wonder is the Feeling&#8221;, &#8220;description&#8221;: &#8220;Grabado EN VIVO en Stapleford Granary&#8221;, &#8220;info&#8221;: &#8220;Grabado EN VIVO en Stapleford Granero&#8221;,&#8221;thumbImg&#8221;: &#8220;https:\/\/jazzineurope.mfmmedia.nl\/wp-content\/uploads\/2018\/10\/JIE-Magazine-Winter-2018-TN-150&#215;150.jpg&#8221;, &#8220;youtubeID&#8221;: &#8220;qGLBIG7Yq7g&#8221;, &#8220;prerollAD&#8221;: &#8220;no&#8221;, &#8220;prerollGotoLink&#8221;: &#8220;http:\/\/bit.ly\/2sVU1BA&#8221;, &#8220;preroll_mp4&#8221;: &#8220;https:\/\/jazzineurope.mfmmedia.nl\/wp-content\/uploads\/2018\/10\/Jazz-In-Europe-Magazine-Winter-2018-Promo.mp4&#8221;, &#8220;prerollSkipTimer&#8221;: &#8220;10&#8221;, &#8220;midrollAD&#8221;: &#8220;no&#8221;, &#8220;midrollAD_displayTime&#8221;: &#8220;midrollAD_displayTime&#8221;, &#8220;midrollGotoLink&#8221;: &#8220;mi drollGotoLink&#8221;,&#8221;midroll_mp4&#8243;: &#8220;midroll_mp4&#8221;, &#8220;midrollSkipTimer&#8221;: &#8220;midrollSkipTimer&#8221;, &#8220;postrollAD&#8221;: &#8220;no&#8221;, &#8220;postrollGotoLink&#8221;: &#8220;postrollGotoLink&#8221;, &#8220;postroll_mp4&#8221;: &#8220;postroll_mp4&#8221;, &#8220;postrollSkipTimer&#8221;: &#8220;postrollSkipTimer&#8221;, &#8220;popupAdShow&#8221;: &#8220;no&#8221;, &#8220;popupImg&#8221;: &#8220;https:\/\/jazzineurope.mfmmedia.nl\/wp-content\/uploads\/2013\/01\/Jazz-Republic-Radio-Leaderboard.jpg&#8221;, &#8220;popupAdStartTime&#8221;: &#8220;12&#8221;, &#8220;popupAdEndTime&#8221;: &#8220;20&#8221;, &#8220;popupAdGoToLink&#8221;: &#8220;https:\/\/twitter.com\/Jazzineu&#8221;}), &#8220;submit&#8221;: &#8220;Guardar&#8221; Cambios&#8221;,&#8221;instanceTheme&#8221;: &#8220;light&#8221;, &#8220;playerLayout&#8221;: &#8220;fitToContainer&#8221;, &#8220;videoPlayerWidth&#8221;: 1006, &#8220;videoPlayerHeight&#8221;: 420, &#8220;videoRatio&#8221;: 1.7777777777778, &#8220;videoRatioStretch&#8221;: falso, &#8220;videoPlayerShadow&#8221;: &#8220;effect3&#8221;, &#8220;colorAccent&#8221;: &#8220;#ff9100&#8221;, &#8220;posterImg&#8221;: &#8220;&#8221;, &#8220;posterImgOnVideoFinish&#8221;: &#8220;&#8221;, &#8220;logoShow&#8221;: &#8220;S\u00ed&#8221;, &#8220;logoPath&#8221;: &#8220;https: \/\/jazzineurope.mfm media.nl\/wp-content\/uploads\/2018\/08\/JIE-Logo-New-White-Final-Video-Player.png&#8221;,&#8221;logoPosition&#8221;:&#8221;bottom-left&#8221;,&#8221;logoClickable&#8221;:&#8221;Yes&#8221;,&#8221;logoGoToLink&#8221;:&#8221;https:\/\/jazzineurope.mfmmedia.nl\/2018\/07\/bill-evans-an-insight-into-a-genius\/&#8221;,&#8221;allowSkipAd&#8221;:true,&#8221;advertisementTitle&#8221;:Publicidad&#8221;,&#8221;skipAdvertisementText&#8221;:Omitir anuncio&#8221;,&#8221;skipAdText&#8221;: &#8220;Puedes omitir este anuncio en&#8221;, &#8220;playBtnTooltipTxt&#8221;: &#8220;Reproducir&#8221;, &#8220;pauseBtnTooltipTxt&#8221;: &#8220;Pausar&#8221;, &#8220;rewindBtnTooltipTxt&#8221;: &#8220;Rebobinar&#8221;, &#8220;downloadVideoBtnTooltipTxt&#8221;: &#8220;Descargar video&#8221;, &#8220;qualityBtnOpenedTooltipTxt&#8221;: &#8220;Cerrar configuraci\u00f3n&#8221;, &#8220;qualityBtnClosedTooltipTxt&#8221;: &#8220;Configuraci\u00f3n&#8221;, &#8220;muteBtnTooltipTxt&#8221;: &#8220;Silenciar&#8221;, &#8220;unmuteBtnTooltipTxt&#8221;: &#8220;Desactivar silencio&#8221;, &#8220;fullscreenBtnTooltipTxt&#8221;: &#8220;Pantalla completa&#8221;, &#8220;exitFullscreenBtnTooltipTxt&#8221;: &#8220;Salir de pantalla completa&#8221;, &#8220;infoBtnTooltipTxt&#8221;: &#8220;Mostrar informaci\u00f3n&#8221;, &#8220;embedBtnTooltipTxt&#8221;: &#8220;Incrustar&#8221;, &#8220;shareBtnTooltipTxt&#8221;: &#8220;Compartir&#8221;, &#8220;volumeTooltipTxt&#8221;: &#8220;Volumen&#8221;, &#8220;playlistBtnClosedTooltipTxt&#8221;: &#8220;Mostrar&#8221; playlist&#8221;,&#8221;playlistBtnOpenedTooltipTxt&#8221;:&#8221;Ocultar lista de reproducci\u00f3n&#8221;,&#8221;facebookBtnTooltipTxt&#8221;:&#8221;Compartir en Facebook&#8221;,&#8221;twitterBtnTooltipTxt&#8221;:&#8221;Compartir en Twitter&#8221;,&#8221;googlePlusBtnTooltipTxt&#8221;:&#8221;Compartir en Google+&#8221;,&#8221;lastBtnTooltipTxt&#8221;:&#8221;Ir al \u00faltimo v\u00eddeo&#8221;,&#8221;firstBtnTooltipTxt&#8221;:&#8221;Ir al primer v\u00eddeo&#8221;,&#8221;nextBtnTooltipTxt&#8221;:&#8221;Reproducir el siguiente v\u00eddeo&#8221;,&#8221;previousBtnTooltipTxt&#8221;:&#8221;Reproducir el v\u00eddeo anterior&#8221;,&#8221;shuffleBtnOnTooltipTxt&#8221;:&#8221;Reproducci\u00f3n aleatoria activada&#8221;,&#8221;shuffleBtnOffTooltipTxt&#8221;:&#8221;Reproducci\u00f3n aleatoria desactivada&#8221;,&#8221;nowPlayingTooltipTxt&#8221;:&#8221;REPRODUCCI\u00d3N AHORA&#8221;,&#8221;embedWindowTitle1&#8243;:&#8221;COMPARTE ESTE REPRODUCTOR:&#8221;,&#8221;embedWindowTitle2&#8243;:&#8221;INCLUYE ESTE V\u00cdDEO EN TU SITIO:&#8221;,&#8221;embedWindowTitle3&#8243;:&#8221;COMPARTE EL ENLACE A ESTE REPRODUCTOR:&#8221;,&#8221;lightBox&#8221;:false,&#8221;lightBoxAutoplay&#8221;:false,&#8221;lightBoxThumbnail&#8221;:&#8221;,&#8221;lightBoxThumbnailWidth&#8221;:400,&#8221;lightBoxThumbnailHeight&#8221;:220,&#8221;lightBoxCloseOnOutsideClick&#8221;:true,&#8221;onFinish&#8221;:Reproducir siguiente v\u00eddeo&#8221;,&#8221;autoplay&#8221;:false,&#8221;loadRandomVideoOnStart&#8221;:No&#8221;,&#8221;shuffle&#8221;:No&#8221;,&#8221;playlist&#8221;:Off&#8221;,&#8221;playlistBehaviourOnPageload&#8221;:opened (default)&#8221;,&#8221;playlistScrollType&#8221;:light&#8221;,&#8221;preloadSelfHosted&#8221;:none&#8221;,&#8221;hideVideoSource&#8221;:true,&#8221;showAllControls&#8221;:true,&#8221;rightClickMenu&#8221;:true,&#8221;autohideControls&#8221;:2,&#8221;hideControlsOnMouseOut&#8221;:No&#8221;,&#8221;nowPlayingText&#8221;:S\u00ed&#8221;,&#8221;infoShow&#8221;:S\u00ed&#8221;,&#8221;shareShow&#8221;:No&#8221;,&#8221;facebookShow&#8221;:S\u00ed&#8221;,&#8221;twitterShow&#8221;:S\u00ed&#8221;,&#8221;mailShow&#8221;:S\u00ed&#8221;,&#8221;facebookShareName&#8221;:Bill Evans &#8211; Una mirada a un Genio. &#8220;,&#8221;facebookShareLink&#8221;:&#8221;https:\/\/jazzineurope.mfmmedia.nl\/2018\/07\/bill-evans-una-vision-de-un-genio\/&#8221;,&#8221;facebookShareDescription&#8221;:&#8221;V\u00eddeo del ensayo de Copenhague de 1966. &#8220;,&#8221;facebookSharePicture&#8221;:&#8221;https:\/\/jazzineurope.mfmmedia.nl\/wp-content\/uploads\/2018\/07\/bill_evans_featured-New.jpg&#8221;,&#8221;twitterText&#8221;:&#8221;Bill Evans &#8211; Una visi\u00f3n de un genio. &#8220;,&#8221;twitterLink&#8221;:&#8221;https:\/\/jazzineurope.mfmmedia.nl\/2018\/07\/bill-evans-una-vision-de-un-genio\/&#8221;,&#8221;twitterHashtags&#8221;:&#8221;#BillEvans #JazzInEurope&#8221;,&#8221;twitterVia&#8221;:&#8221;Jazzineu&#8221;,&#8221;googlePlus&#8221;:&#8221;https:\/\/jazzineurope.mfmmedia.nl\/2018\/07\/bill-evans-una-mirada-a-un-genio\/&#8221;,&#8221;embedShow&#8221;:&#8221;No&#8221;,&#8221;embedCodeSrc&#8221;:&#8221;&#8221;,&#8221;embedCodeW&#8221;:746,&#8221;embedCodeH&#8221;:420,&#8221;embedShareLink&#8221;:&#8221;https:\/\/jazzineurope.mfmmedia.nl\/&#8221;,&#8221;youtubeControls&#8221;:&#8221;custom controles&#8221;,&#8221;youtubeSkin&#8221;: &#8220;claro&#8221;, &#8220;youtubeColor&#8221;: &#8220;rojo&#8221;, &#8220;youtubeQuality&#8221;: &#8220;predeterminado&#8221;, &#8220;youtubeShowRelatedVideos&#8221;: &#8220;No&#8221;, &#8220;vimeoColor&#8221;: &#8220;00adef&#8221;, &#8220;showGlobalPrerollAds&#8221;: &#8220;falso&#8221;, &#8220;globalPrerollAds&#8221;: &#8220;url1; url2; url3; url4; url5&#8221;, &#8220;globalPrerollAdsSkipTimer&#8221;: &#8220;5&#8221;, &#8220;globalPrerollAdsGotoLink&#8221;: &#8220;http:\/\/codecanyon.net\/&#8221;, &#8220;videoType&#8221;: &#8220;YouTube&#8221;, &#8220;rootFolder&#8221;: &#8220;https:\/\/jazzineurope.mfmmedia.nl\/wp-content\/plugins\/Elite-video-player\/&#8221;}<\/div>\n<\/div>\n<p>Para cerrar el set, se escucha \u201cWonder Is the Feeling\u201d, una pieza que se inspira en los escritos de Plat\u00f3n sobre la relaci\u00f3n entre la maravilla y la sabidur\u00eda. Construida alrededor de la figura del bajo oscilante de Tom Farmer, la pista se desarrolla a trav\u00e9s de solos poderosos de Rebello y Facey antes de disolverse en una coda hipn\u00f3tica que presenta un trabajo de bajo de arco de calidad tonal y entonaci\u00f3n excepcionales. Esta \u00faltima pista resume de manera efectiva los temas principales del \u00e1lbum, destacando la dedicaci\u00f3n de la banda a explorar las conexiones entre la filosof\u00eda, la emoci\u00f3n y la expresi\u00f3n musical.<\/p>\n<p>\u201cWonder Is The Beginning\u201d representa un desarrollo musical significativo para Empirical, impulsado en gran parte por las contribuciones de sus m\u00fasicos invitados. La incorporaci\u00f3n del piano de Rebello y el saxo tenor de Hitchcock ampl\u00eda la paleta t\u00edmbrica del grupo, lo que permite nuevas combinaciones de texturas y posibilidades arm\u00f3nicas. Sin embargo, es importante se\u00f1alar que estas incorporaciones nunca eclipsan el sonido distintivo del cuarteto central. En cambio, sirven para realzar y complementar la identidad musical establecida de Empirical, creando un paisaje sonoro m\u00e1s rico y variado que sigue siendo inconfundiblemente \u201cEmpirical\u201d.<\/p>\n<p>La calidad de producci\u00f3n del \u00e1lbum es impecable, y cada instrumento tiene un amplio espacio en la mezcla para brillar. El sonido general es c\u00e1lido e \u00edntimo, invitando al oyente a participar de la conversaci\u00f3n musical que se desarrolla entre estos m\u00fasicos de clase mundial.<\/p>\n<p>\u201cWonder Is The Beginning\u201d contin\u00faa el viaje de Empirical y al mismo tiempo muestra un crecimiento. El \u00e1lbum mantiene la alta calidad de su trabajo anterior, pero demuestra que la banda todav\u00eda se est\u00e1 esforzando creativamente; este \u00e1lbum muestra a una banda que no se conforma con dormirse en los laureles. La incorporaci\u00f3n de artistas invitados, la exploraci\u00f3n de nuevos territorios compositivos y el continuo refinamiento de su enfoque colectivo apuntan a un grupo que todav\u00eda est\u00e1 en ascenso creativo. Esto es particularmente impresionante dada la larga trayectoria de Empirical como banda activa.<\/p>\n<p>Para los fans de Empirical desde hace mucho tiempo, este \u00e1lbum ser\u00e1 una adici\u00f3n bienvenida a su discograf\u00eda, mostrando el crecimiento de la banda al tiempo que mantiene las cualidades que los han convertido en una fuerza tan respetada en el jazz contempor\u00e1neo. Para los reci\u00e9n llegados, &#8220;Wonder Is The Beginning&#8221; sirve como un excelente punto de entrada al mundo de uno de los grupos de jazz m\u00e1s emocionantes e innovadores del Reino Unido. Muy recomendable.<\/p>\n<p><strong>Listado de canciones:<\/strong><\/p>\n<p>1. Naitoku 07:50 | 2. She Moves 05:49 | 3. True Cost 05:51 | 4. Ursa \u2013 The Minor Major Bear 04:44 | 5. Saha World 06:06 | 6. As The Eagle 05:33 | 7. Wonder Is The Feeling 07:55<\/p>\n<p><strong>P\u00f3ngase en fila:<\/strong><\/p>\n<p>Nathaniel Facey \u2013 saxof\u00f3n alto | Lewis Wright \u2013 vibr\u00e1fono | Shaney Forbes \u2013 bater\u00eda | Tom Farmer \u2013 contrabajo | Jason Rebello \u2013 piano (1, 2, 3, 5, 6, 7) | Alex Hitchcock \u2013 saxof\u00f3n tenor (1, 3, 4)<\/p>\n<p>Fecha de lanzamiento:<br \/>\nFormato CD | Transmisi\u00f3n | LP<br \/>\nEtiqueta: Whirlwind Recordings<\/p>\n<div class=\"post-pagination\"><\/div>\n<div class=\"clearfix\"><\/div>\n<\/p><\/div>\n<p><script async src=\"https:\/\/platform.twitter.com\/widgets.js\" charset=\"utf-8\"><\/script><\/p>\n","protected":false},"excerpt":{"rendered":"<p>El \u00faltimo \u00e1lbum de Empirical, Wonder Is The Beginning, se lanzar\u00e1 en marzo de 2024 y se prev\u00e9 que se publique en formato LP de<\/p>\n","protected":false},"author":1,"featured_media":397,"comment_status":"closed","ping_status":"open","sticky":false,"template":"","format":"standard","meta":{"footnotes":""},"categories":[4],"tags":[412,10,411,6],"class_list":["post-396","post","type-post","status-publish","format-standard","has-post-thumbnail","hentry","category-critica","tag-beginning","tag-del","tag-empirical","tag-resena","generate-columns","tablet-grid-50","mobile-grid-100","grid-parent","grid-50"],"yoast_head":"<!-- This site is optimized with the Yoast SEO plugin v23.3 - https:\/\/yoast.com\/wordpress\/plugins\/seo\/ -->\n<title>Rese\u00f1a del CD: Empirical, Wonder Is The Beginning<\/title>\n<meta name=\"robots\" content=\"index, follow, max-snippet:-1, max-image-preview:large, max-video-preview:-1\" \/>\n<link rel=\"canonical\" href=\"https:\/\/web.consaguirre.com.ar\/noticias\/resena-del-cd-empirical-wonder-is-the-beginning\/\" \/>\n<meta property=\"og:locale\" content=\"es_ES\" \/>\n<meta property=\"og:type\" content=\"article\" \/>\n<meta property=\"og:title\" content=\"Rese\u00f1a del CD: Empirical, Wonder Is The Beginning\" \/>\n<meta property=\"og:description\" content=\"El \u00faltimo \u00e1lbum de Empirical, Wonder Is The Beginning, se lanzar\u00e1 en marzo de 2024 y se prev\u00e9 que se publique en formato LP de\" \/>\n<meta property=\"og:url\" content=\"https:\/\/web.consaguirre.com.ar\/noticias\/resena-del-cd-empirical-wonder-is-the-beginning\/\" \/>\n<meta property=\"og:site_name\" content=\"Conservatorio de M\u00fasica Juli\u00e1n Aguirre\" \/>\n<meta property=\"article:published_time\" content=\"2024-09-02T18:40:44+00:00\" \/>\n<meta property=\"article:modified_time\" content=\"2024-09-08T19:27:49+00:00\" \/>\n<meta property=\"og:image\" content=\"https:\/\/web.consaguirre.com.ar\/noticias\/wp-content\/uploads\/2024\/09\/Resena-del-CD-Empirical-Wonder-Is-The-Beginning.jpg\" \/>\n\t<meta property=\"og:image:width\" content=\"300\" \/>\n\t<meta property=\"og:image:height\" content=\"300\" \/>\n\t<meta property=\"og:image:type\" content=\"image\/jpeg\" \/>\n<meta name=\"author\" content=\"Javier Figueroa\" \/>\n<meta name=\"twitter:card\" content=\"summary_large_image\" \/>\n<meta name=\"twitter:label1\" content=\"Escrito por\" \/>\n\t<meta name=\"twitter:data1\" content=\"Javier Figueroa\" \/>\n\t<meta name=\"twitter:label2\" content=\"Tiempo de lectura\" \/>\n\t<meta name=\"twitter:data2\" content=\"9 minutos\" \/>\n<script type=\"application\/ld+json\" class=\"yoast-schema-graph\">{\"@context\":\"https:\/\/schema.org\",\"@graph\":[{\"@type\":\"Article\",\"@id\":\"https:\/\/web.consaguirre.com.ar\/noticias\/resena-del-cd-empirical-wonder-is-the-beginning\/#article\",\"isPartOf\":{\"@id\":\"https:\/\/web.consaguirre.com.ar\/noticias\/resena-del-cd-empirical-wonder-is-the-beginning\/\"},\"author\":{\"name\":\"Javier Figueroa\",\"@id\":\"https:\/\/web.consaguirre.com.ar\/noticias\/#\/schema\/person\/6558b0cfedee7ddc5425602b237d5722\"},\"headline\":\"Rese\u00f1a del CD: Empirical, Wonder Is The Beginning\",\"datePublished\":\"2024-09-02T18:40:44+00:00\",\"dateModified\":\"2024-09-08T19:27:49+00:00\",\"mainEntityOfPage\":{\"@id\":\"https:\/\/web.consaguirre.com.ar\/noticias\/resena-del-cd-empirical-wonder-is-the-beginning\/\"},\"wordCount\":1718,\"publisher\":{\"@id\":\"https:\/\/web.consaguirre.com.ar\/noticias\/#organization\"},\"image\":{\"@id\":\"https:\/\/web.consaguirre.com.ar\/noticias\/resena-del-cd-empirical-wonder-is-the-beginning\/#primaryimage\"},\"thumbnailUrl\":\"https:\/\/web.consaguirre.com.ar\/noticias\/wp-content\/uploads\/2024\/09\/Resena-del-CD-Empirical-Wonder-Is-The-Beginning.jpg\",\"keywords\":[\"Beginning\",\"del\",\"Empirical\",\"Rese\u00f1a\"],\"articleSection\":[\"Cr\u00edtica\"],\"inLanguage\":\"es-AR\"},{\"@type\":\"WebPage\",\"@id\":\"https:\/\/web.consaguirre.com.ar\/noticias\/resena-del-cd-empirical-wonder-is-the-beginning\/\",\"url\":\"https:\/\/web.consaguirre.com.ar\/noticias\/resena-del-cd-empirical-wonder-is-the-beginning\/\",\"name\":\"Rese\u00f1a del CD: Empirical, Wonder Is The Beginning\",\"isPartOf\":{\"@id\":\"https:\/\/web.consaguirre.com.ar\/noticias\/#website\"},\"primaryImageOfPage\":{\"@id\":\"https:\/\/web.consaguirre.com.ar\/noticias\/resena-del-cd-empirical-wonder-is-the-beginning\/#primaryimage\"},\"image\":{\"@id\":\"https:\/\/web.consaguirre.com.ar\/noticias\/resena-del-cd-empirical-wonder-is-the-beginning\/#primaryimage\"},\"thumbnailUrl\":\"https:\/\/web.consaguirre.com.ar\/noticias\/wp-content\/uploads\/2024\/09\/Resena-del-CD-Empirical-Wonder-Is-The-Beginning.jpg\",\"datePublished\":\"2024-09-02T18:40:44+00:00\",\"dateModified\":\"2024-09-08T19:27:49+00:00\",\"breadcrumb\":{\"@id\":\"https:\/\/web.consaguirre.com.ar\/noticias\/resena-del-cd-empirical-wonder-is-the-beginning\/#breadcrumb\"},\"inLanguage\":\"es-AR\",\"potentialAction\":[{\"@type\":\"ReadAction\",\"target\":[\"https:\/\/web.consaguirre.com.ar\/noticias\/resena-del-cd-empirical-wonder-is-the-beginning\/\"]}]},{\"@type\":\"ImageObject\",\"inLanguage\":\"es-AR\",\"@id\":\"https:\/\/web.consaguirre.com.ar\/noticias\/resena-del-cd-empirical-wonder-is-the-beginning\/#primaryimage\",\"url\":\"https:\/\/web.consaguirre.com.ar\/noticias\/wp-content\/uploads\/2024\/09\/Resena-del-CD-Empirical-Wonder-Is-The-Beginning.jpg\",\"contentUrl\":\"https:\/\/web.consaguirre.com.ar\/noticias\/wp-content\/uploads\/2024\/09\/Resena-del-CD-Empirical-Wonder-Is-The-Beginning.jpg\",\"width\":300,\"height\":300,\"caption\":\"Rese\u00f1a del CD: Empirical, Wonder Is The Beginning\"},{\"@type\":\"BreadcrumbList\",\"@id\":\"https:\/\/web.consaguirre.com.ar\/noticias\/resena-del-cd-empirical-wonder-is-the-beginning\/#breadcrumb\",\"itemListElement\":[{\"@type\":\"ListItem\",\"position\":1,\"name\":\"Inicio\",\"item\":\"https:\/\/web.consaguirre.com.ar\/noticias\/\"},{\"@type\":\"ListItem\",\"position\":2,\"name\":\"Rese\u00f1a del CD: Empirical, Wonder Is The Beginning\"}]},{\"@type\":\"WebSite\",\"@id\":\"https:\/\/web.consaguirre.com.ar\/noticias\/#website\",\"url\":\"https:\/\/web.consaguirre.com.ar\/noticias\/\",\"name\":\"Conservatorio de M\u00fasica Juli\u00e1n Aguirre\",\"description\":\"\",\"publisher\":{\"@id\":\"https:\/\/web.consaguirre.com.ar\/noticias\/#organization\"},\"potentialAction\":[{\"@type\":\"SearchAction\",\"target\":{\"@type\":\"EntryPoint\",\"urlTemplate\":\"https:\/\/web.consaguirre.com.ar\/noticias\/?s={search_term_string}\"},\"query-input\":\"required name=search_term_string\"}],\"inLanguage\":\"es-AR\"},{\"@type\":\"Organization\",\"@id\":\"https:\/\/web.consaguirre.com.ar\/noticias\/#organization\",\"name\":\"Conservatorio de M\u00fasica Juli\u00e1n Aguirre\",\"url\":\"https:\/\/web.consaguirre.com.ar\/noticias\/\",\"logo\":{\"@type\":\"ImageObject\",\"inLanguage\":\"es-AR\",\"@id\":\"https:\/\/web.consaguirre.com.ar\/noticias\/#\/schema\/logo\/image\/\",\"url\":\"https:\/\/web.consaguirre.com.ar\/noticias\/wp-content\/uploads\/2024\/08\/Banner-Aguirre-23.jpg\",\"contentUrl\":\"https:\/\/web.consaguirre.com.ar\/noticias\/wp-content\/uploads\/2024\/08\/Banner-Aguirre-23.jpg\",\"width\":1192,\"height\":600,\"caption\":\"Conservatorio de M\u00fasica Juli\u00e1n Aguirre\"},\"image\":{\"@id\":\"https:\/\/web.consaguirre.com.ar\/noticias\/#\/schema\/logo\/image\/\"}},{\"@type\":\"Person\",\"@id\":\"https:\/\/web.consaguirre.com.ar\/noticias\/#\/schema\/person\/6558b0cfedee7ddc5425602b237d5722\",\"name\":\"Javier Figueroa\",\"image\":{\"@type\":\"ImageObject\",\"inLanguage\":\"es-AR\",\"@id\":\"https:\/\/web.consaguirre.com.ar\/noticias\/#\/schema\/person\/image\/\",\"url\":\"https:\/\/web.consaguirre.com.ar\/noticias\/wp-content\/uploads\/2024\/08\/Consaguirre-scaled.jpg\",\"contentUrl\":\"https:\/\/web.consaguirre.com.ar\/noticias\/wp-content\/uploads\/2024\/08\/Consaguirre-scaled.jpg\",\"caption\":\"Javier Figueroa\"},\"description\":\"Me llamo Javier Figueroa y soy redactor para el sitio oficial del Conservatorio de M\u00fasica Juli\u00e1n Aguirre en Buenos Aires, consaguirre.com. Apasionado por la m\u00fasica y la escritura, me esfuerzo por destacar los talentos y eventos de nuestra prestigiosa instituci\u00f3n. Mi trayectoria se nutre de una profunda admiraci\u00f3n por los artistas, haciendo de cada art\u00edculo una celebraci\u00f3n de la creatividad y la cultura musical.\",\"sameAs\":[\"https:\/\/web.consaguirre.com.ar\/noticias\"]}]}<\/script>\n<!-- \/ Yoast SEO plugin. -->","yoast_head_json":{"title":"Rese\u00f1a del CD: Empirical, Wonder Is The Beginning","robots":{"index":"index","follow":"follow","max-snippet":"max-snippet:-1","max-image-preview":"max-image-preview:large","max-video-preview":"max-video-preview:-1"},"canonical":"https:\/\/web.consaguirre.com.ar\/noticias\/resena-del-cd-empirical-wonder-is-the-beginning\/","og_locale":"es_ES","og_type":"article","og_title":"Rese\u00f1a del CD: Empirical, Wonder Is The Beginning","og_description":"El \u00faltimo \u00e1lbum de Empirical, Wonder Is The Beginning, se lanzar\u00e1 en marzo de 2024 y se prev\u00e9 que se publique en formato LP de","og_url":"https:\/\/web.consaguirre.com.ar\/noticias\/resena-del-cd-empirical-wonder-is-the-beginning\/","og_site_name":"Conservatorio de M\u00fasica Juli\u00e1n Aguirre","article_published_time":"2024-09-02T18:40:44+00:00","article_modified_time":"2024-09-08T19:27:49+00:00","og_image":[{"width":300,"height":300,"url":"https:\/\/web.consaguirre.com.ar\/noticias\/wp-content\/uploads\/2024\/09\/Resena-del-CD-Empirical-Wonder-Is-The-Beginning.jpg","type":"image\/jpeg"}],"author":"Javier Figueroa","twitter_card":"summary_large_image","twitter_misc":{"Escrito por":"Javier Figueroa","Tiempo de lectura":"9 minutos"},"schema":{"@context":"https:\/\/schema.org","@graph":[{"@type":"Article","@id":"https:\/\/web.consaguirre.com.ar\/noticias\/resena-del-cd-empirical-wonder-is-the-beginning\/#article","isPartOf":{"@id":"https:\/\/web.consaguirre.com.ar\/noticias\/resena-del-cd-empirical-wonder-is-the-beginning\/"},"author":{"name":"Javier Figueroa","@id":"https:\/\/web.consaguirre.com.ar\/noticias\/#\/schema\/person\/6558b0cfedee7ddc5425602b237d5722"},"headline":"Rese\u00f1a del CD: Empirical, Wonder Is The Beginning","datePublished":"2024-09-02T18:40:44+00:00","dateModified":"2024-09-08T19:27:49+00:00","mainEntityOfPage":{"@id":"https:\/\/web.consaguirre.com.ar\/noticias\/resena-del-cd-empirical-wonder-is-the-beginning\/"},"wordCount":1718,"publisher":{"@id":"https:\/\/web.consaguirre.com.ar\/noticias\/#organization"},"image":{"@id":"https:\/\/web.consaguirre.com.ar\/noticias\/resena-del-cd-empirical-wonder-is-the-beginning\/#primaryimage"},"thumbnailUrl":"https:\/\/web.consaguirre.com.ar\/noticias\/wp-content\/uploads\/2024\/09\/Resena-del-CD-Empirical-Wonder-Is-The-Beginning.jpg","keywords":["Beginning","del","Empirical","Rese\u00f1a"],"articleSection":["Cr\u00edtica"],"inLanguage":"es-AR"},{"@type":"WebPage","@id":"https:\/\/web.consaguirre.com.ar\/noticias\/resena-del-cd-empirical-wonder-is-the-beginning\/","url":"https:\/\/web.consaguirre.com.ar\/noticias\/resena-del-cd-empirical-wonder-is-the-beginning\/","name":"Rese\u00f1a del CD: Empirical, Wonder Is The Beginning","isPartOf":{"@id":"https:\/\/web.consaguirre.com.ar\/noticias\/#website"},"primaryImageOfPage":{"@id":"https:\/\/web.consaguirre.com.ar\/noticias\/resena-del-cd-empirical-wonder-is-the-beginning\/#primaryimage"},"image":{"@id":"https:\/\/web.consaguirre.com.ar\/noticias\/resena-del-cd-empirical-wonder-is-the-beginning\/#primaryimage"},"thumbnailUrl":"https:\/\/web.consaguirre.com.ar\/noticias\/wp-content\/uploads\/2024\/09\/Resena-del-CD-Empirical-Wonder-Is-The-Beginning.jpg","datePublished":"2024-09-02T18:40:44+00:00","dateModified":"2024-09-08T19:27:49+00:00","breadcrumb":{"@id":"https:\/\/web.consaguirre.com.ar\/noticias\/resena-del-cd-empirical-wonder-is-the-beginning\/#breadcrumb"},"inLanguage":"es-AR","potentialAction":[{"@type":"ReadAction","target":["https:\/\/web.consaguirre.com.ar\/noticias\/resena-del-cd-empirical-wonder-is-the-beginning\/"]}]},{"@type":"ImageObject","inLanguage":"es-AR","@id":"https:\/\/web.consaguirre.com.ar\/noticias\/resena-del-cd-empirical-wonder-is-the-beginning\/#primaryimage","url":"https:\/\/web.consaguirre.com.ar\/noticias\/wp-content\/uploads\/2024\/09\/Resena-del-CD-Empirical-Wonder-Is-The-Beginning.jpg","contentUrl":"https:\/\/web.consaguirre.com.ar\/noticias\/wp-content\/uploads\/2024\/09\/Resena-del-CD-Empirical-Wonder-Is-The-Beginning.jpg","width":300,"height":300,"caption":"Rese\u00f1a del CD: Empirical, Wonder Is The Beginning"},{"@type":"BreadcrumbList","@id":"https:\/\/web.consaguirre.com.ar\/noticias\/resena-del-cd-empirical-wonder-is-the-beginning\/#breadcrumb","itemListElement":[{"@type":"ListItem","position":1,"name":"Inicio","item":"https:\/\/web.consaguirre.com.ar\/noticias\/"},{"@type":"ListItem","position":2,"name":"Rese\u00f1a del CD: Empirical, Wonder Is The Beginning"}]},{"@type":"WebSite","@id":"https:\/\/web.consaguirre.com.ar\/noticias\/#website","url":"https:\/\/web.consaguirre.com.ar\/noticias\/","name":"Conservatorio de M\u00fasica Juli\u00e1n Aguirre","description":"","publisher":{"@id":"https:\/\/web.consaguirre.com.ar\/noticias\/#organization"},"potentialAction":[{"@type":"SearchAction","target":{"@type":"EntryPoint","urlTemplate":"https:\/\/web.consaguirre.com.ar\/noticias\/?s={search_term_string}"},"query-input":"required name=search_term_string"}],"inLanguage":"es-AR"},{"@type":"Organization","@id":"https:\/\/web.consaguirre.com.ar\/noticias\/#organization","name":"Conservatorio de M\u00fasica Juli\u00e1n Aguirre","url":"https:\/\/web.consaguirre.com.ar\/noticias\/","logo":{"@type":"ImageObject","inLanguage":"es-AR","@id":"https:\/\/web.consaguirre.com.ar\/noticias\/#\/schema\/logo\/image\/","url":"https:\/\/web.consaguirre.com.ar\/noticias\/wp-content\/uploads\/2024\/08\/Banner-Aguirre-23.jpg","contentUrl":"https:\/\/web.consaguirre.com.ar\/noticias\/wp-content\/uploads\/2024\/08\/Banner-Aguirre-23.jpg","width":1192,"height":600,"caption":"Conservatorio de M\u00fasica Juli\u00e1n Aguirre"},"image":{"@id":"https:\/\/web.consaguirre.com.ar\/noticias\/#\/schema\/logo\/image\/"}},{"@type":"Person","@id":"https:\/\/web.consaguirre.com.ar\/noticias\/#\/schema\/person\/6558b0cfedee7ddc5425602b237d5722","name":"Javier Figueroa","image":{"@type":"ImageObject","inLanguage":"es-AR","@id":"https:\/\/web.consaguirre.com.ar\/noticias\/#\/schema\/person\/image\/","url":"https:\/\/web.consaguirre.com.ar\/noticias\/wp-content\/uploads\/2024\/08\/Consaguirre-scaled.jpg","contentUrl":"https:\/\/web.consaguirre.com.ar\/noticias\/wp-content\/uploads\/2024\/08\/Consaguirre-scaled.jpg","caption":"Javier Figueroa"},"description":"Me llamo Javier Figueroa y soy redactor para el sitio oficial del Conservatorio de M\u00fasica Juli\u00e1n Aguirre en Buenos Aires, consaguirre.com. Apasionado por la m\u00fasica y la escritura, me esfuerzo por destacar los talentos y eventos de nuestra prestigiosa instituci\u00f3n. Mi trayectoria se nutre de una profunda admiraci\u00f3n por los artistas, haciendo de cada art\u00edculo una celebraci\u00f3n de la creatividad y la cultura musical.","sameAs":["https:\/\/web.consaguirre.com.ar\/noticias"]}]}},"_links":{"self":[{"href":"https:\/\/web.consaguirre.com.ar\/noticias\/wp-json\/wp\/v2\/posts\/396"}],"collection":[{"href":"https:\/\/web.consaguirre.com.ar\/noticias\/wp-json\/wp\/v2\/posts"}],"about":[{"href":"https:\/\/web.consaguirre.com.ar\/noticias\/wp-json\/wp\/v2\/types\/post"}],"author":[{"embeddable":true,"href":"https:\/\/web.consaguirre.com.ar\/noticias\/wp-json\/wp\/v2\/users\/1"}],"replies":[{"embeddable":true,"href":"https:\/\/web.consaguirre.com.ar\/noticias\/wp-json\/wp\/v2\/comments?post=396"}],"version-history":[{"count":1,"href":"https:\/\/web.consaguirre.com.ar\/noticias\/wp-json\/wp\/v2\/posts\/396\/revisions"}],"predecessor-version":[{"id":398,"href":"https:\/\/web.consaguirre.com.ar\/noticias\/wp-json\/wp\/v2\/posts\/396\/revisions\/398"}],"wp:featuredmedia":[{"embeddable":true,"href":"https:\/\/web.consaguirre.com.ar\/noticias\/wp-json\/wp\/v2\/media\/397"}],"wp:attachment":[{"href":"https:\/\/web.consaguirre.com.ar\/noticias\/wp-json\/wp\/v2\/media?parent=396"}],"wp:term":[{"taxonomy":"category","embeddable":true,"href":"https:\/\/web.consaguirre.com.ar\/noticias\/wp-json\/wp\/v2\/categories?post=396"},{"taxonomy":"post_tag","embeddable":true,"href":"https:\/\/web.consaguirre.com.ar\/noticias\/wp-json\/wp\/v2\/tags?post=396"}],"curies":[{"name":"wp","href":"https:\/\/api.w.org\/{rel}","templated":true}]}}