{"id":3946,"date":"2025-10-06T11:40:12","date_gmt":"2025-10-06T14:40:12","guid":{"rendered":"https:\/\/web.consaguirre.com.ar\/noticias\/the-spice-girls-detalle-25th-anniversary-edition-de-forever\/"},"modified":"2025-10-06T11:40:14","modified_gmt":"2025-10-06T14:40:14","slug":"the-spice-girls-detalle-25th-anniversary-edition-de-forever","status":"publish","type":"post","link":"https:\/\/web.consaguirre.com.ar\/noticias\/the-spice-girls-detalle-25th-anniversary-edition-de-forever\/","title":{"rendered":"The Spice Girls Detalle 25th Anniversary Edition de &#8216;Forever&#8217;"},"content":{"rendered":"<p>Para celebrar el 25 aniversario de su tercer y \u00faltimo \u00e1lbum de ventas de platino <em>Para siempre<\/em>Las Spice Girls lo est\u00e1n reeditando en vinilo. La edici\u00f3n de m\u00e1rmol negro y rojo de edici\u00f3n limitada vendr\u00e1 con cuatro impresiones de arte coleccionables.<\/p>\n<p>Lanzado el 1 de noviembre de 2000, <em>Para siempre<\/em> Marc\u00f3 el primer r\u00e9cord de las Spice Girls sin Geri Halliwell. Gran parte del disco fue escrito antes de la partida de Halliwell, durante la gira de Spiceworld de 1998 del grupo, pero despu\u00e9s de que Halliwell dej\u00f3 el grupo, muchas de las canciones originales fueron desechadas y se cancel\u00f3 un \u00e1lbum en vivo planeado. Aunque era el \u00fanico \u00e1lbum de estudio del grupo no para encabezar las listas del Reino Unido, todav\u00eda presentaba una serie de hits, incluido el equipo Doble-A &#8220;Holler\/Let Love Lead the Way&#8221; y la canci\u00f3n de Navidad &#8220;Goodbye&#8221;.<\/p>\n<p>El registro encontr\u00f3 a las Spice Girls transformando su est\u00e9tica. Reclutaron a los conocidos productores estadounidenses de R&#038;B Darkchild, Jimmy Jam y Terry Lewis para ayudarlos a desarrollar un sonido m\u00e1s infeccionado por el R&#038;B. Viajaron por todo el mundo para registrar, celebrando sesiones en estudios como la famosa f\u00e1brica de exitosas de la ciudad de Nueva York y Abbey Road de Londres.<\/p>\n<p><em>Para siempre<\/em> Marc\u00f3 un punto de transici\u00f3n para los miembros de la banda Emma Bunton, Mel B, Mel C y Victoria Beckham, todos los cuales ya estaban comenzando a centrarse en proyectos en solitario. No se reunir\u00edan nuevamente hasta 2007, cuando lanzaron un \u00e1lbum de Greatest Hits con Halliwell en el grupo.<\/p>\n<p>El \u00e1lbum marca el primer reedici\u00f3n de Spice Girls desde 2022, cuando celebraron el 25 cumplea\u00f1os de su \u00e1lbum <em>Spiceworld<\/em> con nuevas ediciones ampliadas del disco. Los lanzamientos, que el grupo en s\u00ed mismo seleccionaron, presentaban pistas de bonificaci\u00f3n, lados B y una serie de grabaciones en vivo previamente no iniciadas del Archivo de Virgin Records.<\/p>\n<p><b>Pedir Spice Girls&#8217;s <em>Para siempre<\/em> en vinilo ahora.<\/b><\/p>\n","protected":false},"excerpt":{"rendered":"<p>Para celebrar el 25 aniversario de su tercer y \u00faltimo \u00e1lbum de ventas de platino Para siempreLas Spice Girls lo est\u00e1n reeditando en vinilo. La<\/p>\n","protected":false},"author":1,"featured_media":3947,"comment_status":"closed","ping_status":"","sticky":false,"template":"","format":"standard","meta":{"footnotes":""},"categories":[50],"tags":[2030,2031,3318,85,569,1175],"class_list":["post-3946","post","type-post","status-publish","format-standard","has-post-thumbnail","hentry","category-el-ultimo","tag-25th","tag-anniversary","tag-detalle","tag-edition","tag-girls","tag-spice","generate-columns","tablet-grid-50","mobile-grid-100","grid-parent","grid-50"],"yoast_head":"<!-- This site is optimized with the Yoast SEO plugin v23.3 - https:\/\/yoast.com\/wordpress\/plugins\/seo\/ -->\n<title>The Spice Girls Detalle 25th Anniversary Edition de &#039;Forever&#039;<\/title>\n<meta name=\"robots\" content=\"index, follow, max-snippet:-1, max-image-preview:large, max-video-preview:-1\" \/>\n<link rel=\"canonical\" href=\"https:\/\/web.consaguirre.com.ar\/noticias\/the-spice-girls-detalle-25th-anniversary-edition-de-forever\/\" \/>\n<meta property=\"og:locale\" content=\"es_ES\" \/>\n<meta property=\"og:type\" content=\"article\" \/>\n<meta property=\"og:title\" content=\"The Spice Girls Detalle 25th Anniversary Edition de &#039;Forever&#039;\" \/>\n<meta property=\"og:description\" content=\"Para celebrar el 25 aniversario de su tercer y \u00faltimo \u00e1lbum de ventas de platino Para siempreLas Spice Girls lo est\u00e1n reeditando en vinilo. La\" \/>\n<meta property=\"og:url\" content=\"https:\/\/web.consaguirre.com.ar\/noticias\/the-spice-girls-detalle-25th-anniversary-edition-de-forever\/\" \/>\n<meta property=\"og:site_name\" content=\"Conservatorio de M\u00fasica Juli\u00e1n Aguirre\" \/>\n<meta property=\"article:published_time\" content=\"2025-10-06T14:40:12+00:00\" \/>\n<meta property=\"article:modified_time\" content=\"2025-10-06T14:40:14+00:00\" \/>\n<meta property=\"og:image\" content=\"https:\/\/web.consaguirre.com.ar\/noticias\/wp-content\/uploads\/2025\/10\/The-Spice-Girls-Detalle-25th-Anniversary-Edition-de-Forever.jpg\" \/>\n\t<meta property=\"og:image:width\" content=\"1280\" \/>\n\t<meta property=\"og:image:height\" content=\"1280\" \/>\n\t<meta property=\"og:image:type\" content=\"image\/jpeg\" \/>\n<meta name=\"author\" content=\"Javier Figueroa\" \/>\n<meta name=\"twitter:card\" content=\"summary_large_image\" \/>\n<meta name=\"twitter:label1\" content=\"Escrito por\" \/>\n\t<meta name=\"twitter:data1\" content=\"Javier Figueroa\" \/>\n\t<meta name=\"twitter:label2\" content=\"Tiempo de lectura\" \/>\n\t<meta name=\"twitter:data2\" content=\"2 minutos\" \/>\n<script type=\"application\/ld+json\" class=\"yoast-schema-graph\">{\"@context\":\"https:\/\/schema.org\",\"@graph\":[{\"@type\":\"Article\",\"@id\":\"https:\/\/web.consaguirre.com.ar\/noticias\/the-spice-girls-detalle-25th-anniversary-edition-de-forever\/#article\",\"isPartOf\":{\"@id\":\"https:\/\/web.consaguirre.com.ar\/noticias\/the-spice-girls-detalle-25th-anniversary-edition-de-forever\/\"},\"author\":{\"name\":\"Javier Figueroa\",\"@id\":\"https:\/\/web.consaguirre.com.ar\/noticias\/#\/schema\/person\/6558b0cfedee7ddc5425602b237d5722\"},\"headline\":\"The Spice Girls Detalle 25th Anniversary Edition de &#8216;Forever&#8217;\",\"datePublished\":\"2025-10-06T14:40:12+00:00\",\"dateModified\":\"2025-10-06T14:40:14+00:00\",\"mainEntityOfPage\":{\"@id\":\"https:\/\/web.consaguirre.com.ar\/noticias\/the-spice-girls-detalle-25th-anniversary-edition-de-forever\/\"},\"wordCount\":344,\"publisher\":{\"@id\":\"https:\/\/web.consaguirre.com.ar\/noticias\/#organization\"},\"image\":{\"@id\":\"https:\/\/web.consaguirre.com.ar\/noticias\/the-spice-girls-detalle-25th-anniversary-edition-de-forever\/#primaryimage\"},\"thumbnailUrl\":\"https:\/\/web.consaguirre.com.ar\/noticias\/wp-content\/uploads\/2025\/10\/The-Spice-Girls-Detalle-25th-Anniversary-Edition-de-Forever.jpg\",\"keywords\":[\"25th\",\"Anniversary\",\"Detalle\",\"Edition\",\"Girls\",\"Spice\"],\"articleSection\":[\"El \u00faltimo\"],\"inLanguage\":\"es-AR\"},{\"@type\":\"WebPage\",\"@id\":\"https:\/\/web.consaguirre.com.ar\/noticias\/the-spice-girls-detalle-25th-anniversary-edition-de-forever\/\",\"url\":\"https:\/\/web.consaguirre.com.ar\/noticias\/the-spice-girls-detalle-25th-anniversary-edition-de-forever\/\",\"name\":\"The Spice Girls Detalle 25th Anniversary Edition de 'Forever'\",\"isPartOf\":{\"@id\":\"https:\/\/web.consaguirre.com.ar\/noticias\/#website\"},\"primaryImageOfPage\":{\"@id\":\"https:\/\/web.consaguirre.com.ar\/noticias\/the-spice-girls-detalle-25th-anniversary-edition-de-forever\/#primaryimage\"},\"image\":{\"@id\":\"https:\/\/web.consaguirre.com.ar\/noticias\/the-spice-girls-detalle-25th-anniversary-edition-de-forever\/#primaryimage\"},\"thumbnailUrl\":\"https:\/\/web.consaguirre.com.ar\/noticias\/wp-content\/uploads\/2025\/10\/The-Spice-Girls-Detalle-25th-Anniversary-Edition-de-Forever.jpg\",\"datePublished\":\"2025-10-06T14:40:12+00:00\",\"dateModified\":\"2025-10-06T14:40:14+00:00\",\"breadcrumb\":{\"@id\":\"https:\/\/web.consaguirre.com.ar\/noticias\/the-spice-girls-detalle-25th-anniversary-edition-de-forever\/#breadcrumb\"},\"inLanguage\":\"es-AR\",\"potentialAction\":[{\"@type\":\"ReadAction\",\"target\":[\"https:\/\/web.consaguirre.com.ar\/noticias\/the-spice-girls-detalle-25th-anniversary-edition-de-forever\/\"]}]},{\"@type\":\"ImageObject\",\"inLanguage\":\"es-AR\",\"@id\":\"https:\/\/web.consaguirre.com.ar\/noticias\/the-spice-girls-detalle-25th-anniversary-edition-de-forever\/#primaryimage\",\"url\":\"https:\/\/web.consaguirre.com.ar\/noticias\/wp-content\/uploads\/2025\/10\/The-Spice-Girls-Detalle-25th-Anniversary-Edition-de-Forever.jpg\",\"contentUrl\":\"https:\/\/web.consaguirre.com.ar\/noticias\/wp-content\/uploads\/2025\/10\/The-Spice-Girls-Detalle-25th-Anniversary-Edition-de-Forever.jpg\",\"width\":1280,\"height\":1280,\"caption\":\"The Spice Girls Detalle 25th Anniversary Edition de 'Forever'\"},{\"@type\":\"BreadcrumbList\",\"@id\":\"https:\/\/web.consaguirre.com.ar\/noticias\/the-spice-girls-detalle-25th-anniversary-edition-de-forever\/#breadcrumb\",\"itemListElement\":[{\"@type\":\"ListItem\",\"position\":1,\"name\":\"Inicio\",\"item\":\"https:\/\/web.consaguirre.com.ar\/noticias\/\"},{\"@type\":\"ListItem\",\"position\":2,\"name\":\"The Spice Girls Detalle 25th Anniversary Edition de &#8216;Forever&#8217;\"}]},{\"@type\":\"WebSite\",\"@id\":\"https:\/\/web.consaguirre.com.ar\/noticias\/#website\",\"url\":\"https:\/\/web.consaguirre.com.ar\/noticias\/\",\"name\":\"Conservatorio de M\u00fasica Juli\u00e1n Aguirre\",\"description\":\"\",\"publisher\":{\"@id\":\"https:\/\/web.consaguirre.com.ar\/noticias\/#organization\"},\"potentialAction\":[{\"@type\":\"SearchAction\",\"target\":{\"@type\":\"EntryPoint\",\"urlTemplate\":\"https:\/\/web.consaguirre.com.ar\/noticias\/?s={search_term_string}\"},\"query-input\":\"required name=search_term_string\"}],\"inLanguage\":\"es-AR\"},{\"@type\":\"Organization\",\"@id\":\"https:\/\/web.consaguirre.com.ar\/noticias\/#organization\",\"name\":\"Conservatorio de M\u00fasica Juli\u00e1n Aguirre\",\"url\":\"https:\/\/web.consaguirre.com.ar\/noticias\/\",\"logo\":{\"@type\":\"ImageObject\",\"inLanguage\":\"es-AR\",\"@id\":\"https:\/\/web.consaguirre.com.ar\/noticias\/#\/schema\/logo\/image\/\",\"url\":\"https:\/\/web.consaguirre.com.ar\/noticias\/wp-content\/uploads\/2024\/08\/Banner-Aguirre-23.jpg\",\"contentUrl\":\"https:\/\/web.consaguirre.com.ar\/noticias\/wp-content\/uploads\/2024\/08\/Banner-Aguirre-23.jpg\",\"width\":1192,\"height\":600,\"caption\":\"Conservatorio de M\u00fasica Juli\u00e1n Aguirre\"},\"image\":{\"@id\":\"https:\/\/web.consaguirre.com.ar\/noticias\/#\/schema\/logo\/image\/\"}},{\"@type\":\"Person\",\"@id\":\"https:\/\/web.consaguirre.com.ar\/noticias\/#\/schema\/person\/6558b0cfedee7ddc5425602b237d5722\",\"name\":\"Javier Figueroa\",\"image\":{\"@type\":\"ImageObject\",\"inLanguage\":\"es-AR\",\"@id\":\"https:\/\/web.consaguirre.com.ar\/noticias\/#\/schema\/person\/image\/\",\"url\":\"https:\/\/web.consaguirre.com.ar\/noticias\/wp-content\/uploads\/2024\/08\/Consaguirre-scaled.jpg\",\"contentUrl\":\"https:\/\/web.consaguirre.com.ar\/noticias\/wp-content\/uploads\/2024\/08\/Consaguirre-scaled.jpg\",\"caption\":\"Javier Figueroa\"},\"description\":\"Me llamo Javier Figueroa y soy redactor para el sitio oficial del Conservatorio de M\u00fasica Juli\u00e1n Aguirre en Buenos Aires, consaguirre.com. Apasionado por la m\u00fasica y la escritura, me esfuerzo por destacar los talentos y eventos de nuestra prestigiosa instituci\u00f3n. Mi trayectoria se nutre de una profunda admiraci\u00f3n por los artistas, haciendo de cada art\u00edculo una celebraci\u00f3n de la creatividad y la cultura musical.\",\"sameAs\":[\"https:\/\/web.consaguirre.com.ar\/noticias\"]}]}<\/script>\n<!-- \/ Yoast SEO plugin. -->","yoast_head_json":{"title":"The Spice Girls Detalle 25th Anniversary Edition de 'Forever'","robots":{"index":"index","follow":"follow","max-snippet":"max-snippet:-1","max-image-preview":"max-image-preview:large","max-video-preview":"max-video-preview:-1"},"canonical":"https:\/\/web.consaguirre.com.ar\/noticias\/the-spice-girls-detalle-25th-anniversary-edition-de-forever\/","og_locale":"es_ES","og_type":"article","og_title":"The Spice Girls Detalle 25th Anniversary Edition de 'Forever'","og_description":"Para celebrar el 25 aniversario de su tercer y \u00faltimo \u00e1lbum de ventas de platino Para siempreLas Spice Girls lo est\u00e1n reeditando en vinilo. La","og_url":"https:\/\/web.consaguirre.com.ar\/noticias\/the-spice-girls-detalle-25th-anniversary-edition-de-forever\/","og_site_name":"Conservatorio de M\u00fasica Juli\u00e1n Aguirre","article_published_time":"2025-10-06T14:40:12+00:00","article_modified_time":"2025-10-06T14:40:14+00:00","og_image":[{"width":1280,"height":1280,"url":"https:\/\/web.consaguirre.com.ar\/noticias\/wp-content\/uploads\/2025\/10\/The-Spice-Girls-Detalle-25th-Anniversary-Edition-de-Forever.jpg","type":"image\/jpeg"}],"author":"Javier Figueroa","twitter_card":"summary_large_image","twitter_misc":{"Escrito por":"Javier Figueroa","Tiempo de lectura":"2 minutos"},"schema":{"@context":"https:\/\/schema.org","@graph":[{"@type":"Article","@id":"https:\/\/web.consaguirre.com.ar\/noticias\/the-spice-girls-detalle-25th-anniversary-edition-de-forever\/#article","isPartOf":{"@id":"https:\/\/web.consaguirre.com.ar\/noticias\/the-spice-girls-detalle-25th-anniversary-edition-de-forever\/"},"author":{"name":"Javier Figueroa","@id":"https:\/\/web.consaguirre.com.ar\/noticias\/#\/schema\/person\/6558b0cfedee7ddc5425602b237d5722"},"headline":"The Spice Girls Detalle 25th Anniversary Edition de &#8216;Forever&#8217;","datePublished":"2025-10-06T14:40:12+00:00","dateModified":"2025-10-06T14:40:14+00:00","mainEntityOfPage":{"@id":"https:\/\/web.consaguirre.com.ar\/noticias\/the-spice-girls-detalle-25th-anniversary-edition-de-forever\/"},"wordCount":344,"publisher":{"@id":"https:\/\/web.consaguirre.com.ar\/noticias\/#organization"},"image":{"@id":"https:\/\/web.consaguirre.com.ar\/noticias\/the-spice-girls-detalle-25th-anniversary-edition-de-forever\/#primaryimage"},"thumbnailUrl":"https:\/\/web.consaguirre.com.ar\/noticias\/wp-content\/uploads\/2025\/10\/The-Spice-Girls-Detalle-25th-Anniversary-Edition-de-Forever.jpg","keywords":["25th","Anniversary","Detalle","Edition","Girls","Spice"],"articleSection":["El \u00faltimo"],"inLanguage":"es-AR"},{"@type":"WebPage","@id":"https:\/\/web.consaguirre.com.ar\/noticias\/the-spice-girls-detalle-25th-anniversary-edition-de-forever\/","url":"https:\/\/web.consaguirre.com.ar\/noticias\/the-spice-girls-detalle-25th-anniversary-edition-de-forever\/","name":"The Spice Girls Detalle 25th Anniversary Edition de 'Forever'","isPartOf":{"@id":"https:\/\/web.consaguirre.com.ar\/noticias\/#website"},"primaryImageOfPage":{"@id":"https:\/\/web.consaguirre.com.ar\/noticias\/the-spice-girls-detalle-25th-anniversary-edition-de-forever\/#primaryimage"},"image":{"@id":"https:\/\/web.consaguirre.com.ar\/noticias\/the-spice-girls-detalle-25th-anniversary-edition-de-forever\/#primaryimage"},"thumbnailUrl":"https:\/\/web.consaguirre.com.ar\/noticias\/wp-content\/uploads\/2025\/10\/The-Spice-Girls-Detalle-25th-Anniversary-Edition-de-Forever.jpg","datePublished":"2025-10-06T14:40:12+00:00","dateModified":"2025-10-06T14:40:14+00:00","breadcrumb":{"@id":"https:\/\/web.consaguirre.com.ar\/noticias\/the-spice-girls-detalle-25th-anniversary-edition-de-forever\/#breadcrumb"},"inLanguage":"es-AR","potentialAction":[{"@type":"ReadAction","target":["https:\/\/web.consaguirre.com.ar\/noticias\/the-spice-girls-detalle-25th-anniversary-edition-de-forever\/"]}]},{"@type":"ImageObject","inLanguage":"es-AR","@id":"https:\/\/web.consaguirre.com.ar\/noticias\/the-spice-girls-detalle-25th-anniversary-edition-de-forever\/#primaryimage","url":"https:\/\/web.consaguirre.com.ar\/noticias\/wp-content\/uploads\/2025\/10\/The-Spice-Girls-Detalle-25th-Anniversary-Edition-de-Forever.jpg","contentUrl":"https:\/\/web.consaguirre.com.ar\/noticias\/wp-content\/uploads\/2025\/10\/The-Spice-Girls-Detalle-25th-Anniversary-Edition-de-Forever.jpg","width":1280,"height":1280,"caption":"The Spice Girls Detalle 25th Anniversary Edition de 'Forever'"},{"@type":"BreadcrumbList","@id":"https:\/\/web.consaguirre.com.ar\/noticias\/the-spice-girls-detalle-25th-anniversary-edition-de-forever\/#breadcrumb","itemListElement":[{"@type":"ListItem","position":1,"name":"Inicio","item":"https:\/\/web.consaguirre.com.ar\/noticias\/"},{"@type":"ListItem","position":2,"name":"The Spice Girls Detalle 25th Anniversary Edition de &#8216;Forever&#8217;"}]},{"@type":"WebSite","@id":"https:\/\/web.consaguirre.com.ar\/noticias\/#website","url":"https:\/\/web.consaguirre.com.ar\/noticias\/","name":"Conservatorio de M\u00fasica Juli\u00e1n Aguirre","description":"","publisher":{"@id":"https:\/\/web.consaguirre.com.ar\/noticias\/#organization"},"potentialAction":[{"@type":"SearchAction","target":{"@type":"EntryPoint","urlTemplate":"https:\/\/web.consaguirre.com.ar\/noticias\/?s={search_term_string}"},"query-input":"required name=search_term_string"}],"inLanguage":"es-AR"},{"@type":"Organization","@id":"https:\/\/web.consaguirre.com.ar\/noticias\/#organization","name":"Conservatorio de M\u00fasica Juli\u00e1n Aguirre","url":"https:\/\/web.consaguirre.com.ar\/noticias\/","logo":{"@type":"ImageObject","inLanguage":"es-AR","@id":"https:\/\/web.consaguirre.com.ar\/noticias\/#\/schema\/logo\/image\/","url":"https:\/\/web.consaguirre.com.ar\/noticias\/wp-content\/uploads\/2024\/08\/Banner-Aguirre-23.jpg","contentUrl":"https:\/\/web.consaguirre.com.ar\/noticias\/wp-content\/uploads\/2024\/08\/Banner-Aguirre-23.jpg","width":1192,"height":600,"caption":"Conservatorio de M\u00fasica Juli\u00e1n Aguirre"},"image":{"@id":"https:\/\/web.consaguirre.com.ar\/noticias\/#\/schema\/logo\/image\/"}},{"@type":"Person","@id":"https:\/\/web.consaguirre.com.ar\/noticias\/#\/schema\/person\/6558b0cfedee7ddc5425602b237d5722","name":"Javier Figueroa","image":{"@type":"ImageObject","inLanguage":"es-AR","@id":"https:\/\/web.consaguirre.com.ar\/noticias\/#\/schema\/person\/image\/","url":"https:\/\/web.consaguirre.com.ar\/noticias\/wp-content\/uploads\/2024\/08\/Consaguirre-scaled.jpg","contentUrl":"https:\/\/web.consaguirre.com.ar\/noticias\/wp-content\/uploads\/2024\/08\/Consaguirre-scaled.jpg","caption":"Javier Figueroa"},"description":"Me llamo Javier Figueroa y soy redactor para el sitio oficial del Conservatorio de M\u00fasica Juli\u00e1n Aguirre en Buenos Aires, consaguirre.com. Apasionado por la m\u00fasica y la escritura, me esfuerzo por destacar los talentos y eventos de nuestra prestigiosa instituci\u00f3n. Mi trayectoria se nutre de una profunda admiraci\u00f3n por los artistas, haciendo de cada art\u00edculo una celebraci\u00f3n de la creatividad y la cultura musical.","sameAs":["https:\/\/web.consaguirre.com.ar\/noticias"]}]}},"_links":{"self":[{"href":"https:\/\/web.consaguirre.com.ar\/noticias\/wp-json\/wp\/v2\/posts\/3946"}],"collection":[{"href":"https:\/\/web.consaguirre.com.ar\/noticias\/wp-json\/wp\/v2\/posts"}],"about":[{"href":"https:\/\/web.consaguirre.com.ar\/noticias\/wp-json\/wp\/v2\/types\/post"}],"author":[{"embeddable":true,"href":"https:\/\/web.consaguirre.com.ar\/noticias\/wp-json\/wp\/v2\/users\/1"}],"replies":[{"embeddable":true,"href":"https:\/\/web.consaguirre.com.ar\/noticias\/wp-json\/wp\/v2\/comments?post=3946"}],"version-history":[{"count":1,"href":"https:\/\/web.consaguirre.com.ar\/noticias\/wp-json\/wp\/v2\/posts\/3946\/revisions"}],"predecessor-version":[{"id":3948,"href":"https:\/\/web.consaguirre.com.ar\/noticias\/wp-json\/wp\/v2\/posts\/3946\/revisions\/3948"}],"wp:featuredmedia":[{"embeddable":true,"href":"https:\/\/web.consaguirre.com.ar\/noticias\/wp-json\/wp\/v2\/media\/3947"}],"wp:attachment":[{"href":"https:\/\/web.consaguirre.com.ar\/noticias\/wp-json\/wp\/v2\/media?parent=3946"}],"wp:term":[{"taxonomy":"category","embeddable":true,"href":"https:\/\/web.consaguirre.com.ar\/noticias\/wp-json\/wp\/v2\/categories?post=3946"},{"taxonomy":"post_tag","embeddable":true,"href":"https:\/\/web.consaguirre.com.ar\/noticias\/wp-json\/wp\/v2\/tags?post=3946"}],"curies":[{"name":"wp","href":"https:\/\/api.w.org\/{rel}","templated":true}]}}