{"id":3943,"date":"2025-10-06T10:42:52","date_gmt":"2025-10-06T13:42:52","guid":{"rendered":"https:\/\/web.consaguirre.com.ar\/noticias\/revision-de-cd-zack-lober-para-que-pudieramos-vivir\/"},"modified":"2025-10-06T10:42:52","modified_gmt":"2025-10-06T13:42:52","slug":"revision-de-cd-zack-lober-para-que-pudieramos-vivir","status":"publish","type":"post","link":"https:\/\/web.consaguirre.com.ar\/noticias\/revision-de-cd-zack-lober-para-que-pudieramos-vivir\/","title":{"rendered":"Revisi\u00f3n de CD: Zack Lober, para que pudi\u00e9ramos vivir"},"content":{"rendered":"<div class=\"entry\" itemprop=\"text\">\n<p><em><strong>El nuevo \u00e1lbum de Zack Lober, &#8220;So Podemos podr\u00edamos vivir&#8221;, ofrece un claro ejemplo de c\u00f3mo un cuarteto sin acordes puede funcionar con flexibilidad y claridad, centr\u00e1ndose en la interacci\u00f3n, el desarrollo mel\u00f3dico y el ritmo. Despu\u00e9s de recibir el \u00e1lbum, decid\u00ed retener una escucha detallada hasta despu\u00e9s de experimentar el grupo en vivo en el Festival de los D\u00edas de Jazz Orange, donde Lober y su banda entregaron un conjunto lleno de energ\u00eda y disciplina que se alinea fuertemente con el \u00e1lbum. Seg\u00fan el registro, el compromiso del grupo con la cohesi\u00f3n de la moci\u00f3n y el grupo permanece igual de evidente.<\/strong><\/em><\/p>\n<p>El abridor del \u00e1lbum, &#8220;Joe Type Tune&#8221;, est\u00e1 dise\u00f1ado como un homenaje al tr\u00edo sin acordes de Joe Henderson. La estructura de la pieza descansa en una l\u00ednea de bajo descendente de dos barras, estableciendo un sentido inmediato de propulsi\u00f3n. El primer solo de Jasper Blom en saxof\u00f3n tenor est\u00e1 enfocado, afilado y establece el tono para la din\u00e1mica del grupo. Sin un instrumento arm\u00f3nico como el piano o la guitarra, el bajo LOBER ancla la progresi\u00f3n, liberando los cuernos para interactuar e improvisar dentro de un entorno m\u00e1s abierto. La energ\u00eda escuchada durante esta canci\u00f3n refleja de cerca la atm\u00f3sfera en vivo.<\/p>\n<p>&#8220;Detr\u00e1s de un mito&#8221;, escrito por Blom, es claramente tem\u00e1tico, construido alrededor del contrapunto y la ambig\u00fcedad arm\u00f3nica. El rendimiento del grupo le da a la estructura una prioridad, lo que permite que la tensi\u00f3n crezca a medida que los cuernos se mueven a trav\u00e9s de l\u00edneas fuertemente dispuestas. El equilibrio entre la atonalidad y los centros tonales m\u00e1s familiares se maneja cuidadosamente, y los m\u00fasicos invierten en la claridad de las transiciones, una caracter\u00edstica clave en todo el \u00e1lbum.<\/p>\n<p>En &#8220;The Loose End&#8221;, otra composici\u00f3n Blom, hay un personaje discreto y nocturno. Suzan Veneman se destaca aqu\u00ed, usando el silencio y el espacio de manera efectiva en su solista de trompeta. La ausencia de un instrumento corregido le da importancia a su fraseo, y los miembros de la banda restantes contribuyen escuchando atentamente y apoyando su direcci\u00f3n mel\u00f3dica. La conclusi\u00f3n de la composici\u00f3n, izquierda sin resolver, se ajusta al t\u00edtulo y el dise\u00f1o de la pieza.<\/p>\n<p>&#8220;Vignette&#8221; agrega una energ\u00eda diferente. La pieza se basa en la influencia de la &#8220;etc\u00e9tera&#8221; de Wayne Shorter, especialmente en su material tem\u00e1tico reducido y estructura abierta. La banda se abre con asertividad, creando espacio para el di\u00e1logo entre cuernos y tambores. Las contribuciones de cada jugador se centran en el desarrollo y la respuesta colectiva: hay una sensaci\u00f3n de estructura incluso cuando las l\u00edneas divergen. Un momento central y personal viene con &#8220;Pap\u00e1 \/ Besame Mucho&#8221;. Esta pista de bajo en solitario hace referencia al est\u00e1ndar latino cl\u00e1sico y a su historia familiar con un uso interesante de dos paradas para agregar una base arm\u00f3nica.<\/p>\n<p>&#8220;Landscape&#8221;, tambi\u00e9n de Blom, regresa con un enfoque r\u00edtmico m\u00e1s fuerte y un surco de Shuffle. La bater\u00eda de Sun-Mi Hong aqu\u00ed es precisa y dirige la forma de la melod\u00eda. La estrecha alineaci\u00f3n de la banda refuerza el surco, con solos que hacen referencia al tema sin perder impulso. El equilibrio din\u00e1mico del conjunto es lo m\u00e1s destacado, sin ning\u00fan elemento que domine innecesariamente.<\/p>\n<div id=\"attachment_63214\" style=\"width: 1034px\" class=\"wp-caption aligncenter\"><img loading=\"lazy\" decoding=\"async\" class=\"wp-image-63214 size-large\" src=\"https:\/\/web.consaguirre.com.ar\/noticias\/wp-content\/uploads\/2025\/10\/1759758172_655_Revision-de-CD-Zack-Lober-para-que-pudieramos-vivir.jpg\" alt=\"\" width=\"1024\" height=\"684\"  ><\/div>\n<p>Con &#8220;Feathered Head&#8221;, el \u00e1lbum se acelera en un entorno neo-bop de tempo. Tanto Blom como Veneman ofrecen solos que son t\u00e9cnicamente fuertes y conceptualmente claros. El grupo se mantiene cerca del tema central, utilizando entradas y salidas precisas en lugar de mermeladas sueltas. Esta atenci\u00f3n a la estructura le da a la m\u00fasica un camino claro, incluso a medida que aumenta el tempo y la complejidad.<\/p>\n<p>El \u00e1lbum termina con la canci\u00f3n del t\u00edtulo, &#8220;So We BED LIVE&#8221;. Su personaje es m\u00e1s lento y m\u00e1s meditativo, pero la forma est\u00e1 bien manejada, lo que lleva a un solo de tambor extendido de Sun-Mi Hong. En lugar de dispersarse, la energ\u00eda se desarrolla gradualmente, proporcionando una sensaci\u00f3n de cierre que coincide con el resto de la disciplina del \u00e1lbum. La composici\u00f3n evita exagerar su punto, respetando el enfoque establecido del \u00e1lbum.<\/p>\n<p>A lo largo de esta sesi\u00f3n, la colaboraci\u00f3n entre Blom y Veneman est\u00e1 bien juzgada, lo que permite que las decisiones colectivas emergen naturalmente. El resultado es un \u00e1lbum caracterizado por la transparencia, la claridad estructural y la reproducci\u00f3n del conjunto bien ensayado. La decisi\u00f3n de trabajar sin piano o guitarra significa m\u00e1s espacio para cuernos y graves que ofrece un paisaje sonoro abierto que, en mi opini\u00f3n, todav\u00eda proporciona un contexto arm\u00f3nico sustancial. A menudo, un \u00e1lbum pierde la energ\u00eda y la intensidad de la actuaci\u00f3n en vivo, sin embargo, despu\u00e9s de haber visto a la banda en vivo en los Tivioli en Utrecht el fin de semana pasado, puedo decir que este no es el caso aqu\u00ed, esta grabaci\u00f3n conserva completamente la vitalidad y la conducci\u00f3n de la banda en vivo.<\/p>\n<p>La experiencia de Lober como acompa\u00f1ante es evidente en c\u00f3mo establece los par\u00e1metros de la m\u00fasica y deja espacio para el grupo. El \u00e1lbum no conf\u00eda en exhibiciones extendidas o grandiosas; M\u00e1s bien, se centra en la interacci\u00f3n detallada y atenta. Las pistas son concisas, los temas est\u00e1n bien desarrollados y la interacci\u00f3n grupal se mantiene a un alto nivel en todo momento.<\/p>\n<p>Si bien algunos oyentes pueden preferir una base arm\u00f3nica m\u00e1s completa, los beneficios del espacio y la transparencia grupal son claros en este entorno. Para los oyentes interesados \u200b\u200ben la m\u00fasica contempor\u00e1nea que valora la interacci\u00f3n y los arreglos estructurados, este \u00e1lbum ofrece mucho que apreciar, confirmando la posici\u00f3n de Lober como un l\u00edder capaz y un jugador de conjunto fuerte.<\/p>\n<p><strong>P\u00f3ngase en fila<\/strong><\/p>\n<p>Zack Lober &#8211; Bass | Jasper Blom &#8211; Saxof\u00f3n tenor | Suzan Veneman &#8211; Trompeta | Sun-Mi Hong-bater\u00eda<\/p>\n<p><strong>Listado de pistas<\/strong><\/p>\n<p>JOE Tipo Tune &#8211; 06:53 | Detr\u00e1s de un mito &#8211; 07:38 | El extremo suelto &#8211; 06:14 | Vignette &#8211; 07:00 | Pap\u00e1 \/ Besame Mucho &#8211; 06:30 | Paisaje &#8211; 07:22 | Cabeza emplumada &#8211; 06:45 | Para que pudi\u00e9ramos vivir &#8211; 07:52<\/p>\n<p>Detalles de lanzamiento<br \/>\nFecha de lanzamiento: 3 de octubre de 2025<br \/>\nFormato: CD | Descarga digital | Transmisi\u00f3n<br \/>\nEtiqueta: Zennez Records<\/p>\n<p><img loading=\"lazy\" decoding=\"async\" class=\"aligncenter size-full wp-image-36519\" src=\"https:\/\/web.consaguirre.com.ar\/noticias\/wp-content\/uploads\/2024\/08\/Resena-de-CD-Stephen-Henderson-Tales-of-the-Skald.png\" alt=\"\" width=\"527\" height=\"77\"  ><\/p>\n<p><img loading=\"lazy\" decoding=\"async\" class=\"aligncenter wp-image-62696 size-full\" src=\"https:\/\/web.consaguirre.com.ar\/noticias\/wp-content\/uploads\/2025\/10\/1759758172_100_Revision-de-CD-Zack-Lober-para-que-pudieramos-vivir.jpg\" rel=\"prettyPhoto\" alt=\"\" width=\"728\" height=\"90\"  ><\/p>\n<div class=\"post-pagination\"><\/div>\n<div class=\"clearfix\"><\/div>\n<\/p><\/div>\n","protected":false},"excerpt":{"rendered":"<p>El nuevo \u00e1lbum de Zack Lober, &#8220;So Podemos podr\u00edamos vivir&#8221;, ofrece un claro ejemplo de c\u00f3mo un cuarteto sin acordes puede funcionar con flexibilidad y<\/p>\n","protected":false},"author":1,"featured_media":3944,"comment_status":"closed","ping_status":"","sticky":false,"template":"","format":"standard","meta":{"footnotes":""},"categories":[4],"tags":[3315,154,3316,3150,3317,3314],"class_list":["post-3943","post","type-post","status-publish","format-standard","has-post-thumbnail","hentry","category-critica","tag-lober","tag-para","tag-pudieramos","tag-revision","tag-vivir","tag-zack","generate-columns","tablet-grid-50","mobile-grid-100","grid-parent","grid-50"],"yoast_head":"<!-- This site is optimized with the Yoast SEO plugin v23.3 - https:\/\/yoast.com\/wordpress\/plugins\/seo\/ -->\n<title>Revisi\u00f3n de CD: Zack Lober, para que pudi\u00e9ramos vivir<\/title>\n<meta name=\"robots\" content=\"index, follow, max-snippet:-1, max-image-preview:large, max-video-preview:-1\" \/>\n<link rel=\"canonical\" href=\"https:\/\/web.consaguirre.com.ar\/noticias\/revision-de-cd-zack-lober-para-que-pudieramos-vivir\/\" \/>\n<meta property=\"og:locale\" content=\"es_ES\" \/>\n<meta property=\"og:type\" content=\"article\" \/>\n<meta property=\"og:title\" content=\"Revisi\u00f3n de CD: Zack Lober, para que pudi\u00e9ramos vivir\" \/>\n<meta property=\"og:description\" content=\"El nuevo \u00e1lbum de Zack Lober, &#8220;So Podemos podr\u00edamos vivir&#8221;, ofrece un claro ejemplo de c\u00f3mo un cuarteto sin acordes puede funcionar con flexibilidad y\" \/>\n<meta property=\"og:url\" content=\"https:\/\/web.consaguirre.com.ar\/noticias\/revision-de-cd-zack-lober-para-que-pudieramos-vivir\/\" \/>\n<meta property=\"og:site_name\" content=\"Conservatorio de M\u00fasica Juli\u00e1n Aguirre\" \/>\n<meta property=\"article:published_time\" content=\"2025-10-06T13:42:52+00:00\" \/>\n<meta property=\"og:image\" content=\"https:\/\/web.consaguirre.com.ar\/noticias\/wp-content\/uploads\/2025\/10\/Revision-de-CD-Zack-Lober-para-que-pudieramos-vivir.jpg\" \/>\n\t<meta property=\"og:image:width\" content=\"300\" \/>\n\t<meta property=\"og:image:height\" content=\"300\" \/>\n\t<meta property=\"og:image:type\" content=\"image\/jpeg\" \/>\n<meta name=\"author\" content=\"Javier Figueroa\" \/>\n<meta name=\"twitter:card\" content=\"summary_large_image\" \/>\n<meta name=\"twitter:label1\" content=\"Escrito por\" \/>\n\t<meta name=\"twitter:data1\" content=\"Javier Figueroa\" \/>\n\t<meta name=\"twitter:label2\" content=\"Tiempo de lectura\" \/>\n\t<meta name=\"twitter:data2\" content=\"6 minutos\" \/>\n<script type=\"application\/ld+json\" class=\"yoast-schema-graph\">{\"@context\":\"https:\/\/schema.org\",\"@graph\":[{\"@type\":\"Article\",\"@id\":\"https:\/\/web.consaguirre.com.ar\/noticias\/revision-de-cd-zack-lober-para-que-pudieramos-vivir\/#article\",\"isPartOf\":{\"@id\":\"https:\/\/web.consaguirre.com.ar\/noticias\/revision-de-cd-zack-lober-para-que-pudieramos-vivir\/\"},\"author\":{\"name\":\"Javier Figueroa\",\"@id\":\"https:\/\/web.consaguirre.com.ar\/noticias\/#\/schema\/person\/6558b0cfedee7ddc5425602b237d5722\"},\"headline\":\"Revisi\u00f3n de CD: Zack Lober, para que pudi\u00e9ramos vivir\",\"datePublished\":\"2025-10-06T13:42:52+00:00\",\"dateModified\":\"2025-10-06T13:42:52+00:00\",\"mainEntityOfPage\":{\"@id\":\"https:\/\/web.consaguirre.com.ar\/noticias\/revision-de-cd-zack-lober-para-que-pudieramos-vivir\/\"},\"wordCount\":1113,\"publisher\":{\"@id\":\"https:\/\/web.consaguirre.com.ar\/noticias\/#organization\"},\"image\":{\"@id\":\"https:\/\/web.consaguirre.com.ar\/noticias\/revision-de-cd-zack-lober-para-que-pudieramos-vivir\/#primaryimage\"},\"thumbnailUrl\":\"https:\/\/web.consaguirre.com.ar\/noticias\/wp-content\/uploads\/2025\/10\/Revision-de-CD-Zack-Lober-para-que-pudieramos-vivir.jpg\",\"keywords\":[\"Lober\",\"para\",\"pudi\u00e9ramos\",\"Revisi\u00f3n\",\"vivir\",\"Zack\"],\"articleSection\":[\"Cr\u00edtica\"],\"inLanguage\":\"es-AR\"},{\"@type\":\"WebPage\",\"@id\":\"https:\/\/web.consaguirre.com.ar\/noticias\/revision-de-cd-zack-lober-para-que-pudieramos-vivir\/\",\"url\":\"https:\/\/web.consaguirre.com.ar\/noticias\/revision-de-cd-zack-lober-para-que-pudieramos-vivir\/\",\"name\":\"Revisi\u00f3n de CD: Zack Lober, para que pudi\u00e9ramos vivir\",\"isPartOf\":{\"@id\":\"https:\/\/web.consaguirre.com.ar\/noticias\/#website\"},\"primaryImageOfPage\":{\"@id\":\"https:\/\/web.consaguirre.com.ar\/noticias\/revision-de-cd-zack-lober-para-que-pudieramos-vivir\/#primaryimage\"},\"image\":{\"@id\":\"https:\/\/web.consaguirre.com.ar\/noticias\/revision-de-cd-zack-lober-para-que-pudieramos-vivir\/#primaryimage\"},\"thumbnailUrl\":\"https:\/\/web.consaguirre.com.ar\/noticias\/wp-content\/uploads\/2025\/10\/Revision-de-CD-Zack-Lober-para-que-pudieramos-vivir.jpg\",\"datePublished\":\"2025-10-06T13:42:52+00:00\",\"dateModified\":\"2025-10-06T13:42:52+00:00\",\"breadcrumb\":{\"@id\":\"https:\/\/web.consaguirre.com.ar\/noticias\/revision-de-cd-zack-lober-para-que-pudieramos-vivir\/#breadcrumb\"},\"inLanguage\":\"es-AR\",\"potentialAction\":[{\"@type\":\"ReadAction\",\"target\":[\"https:\/\/web.consaguirre.com.ar\/noticias\/revision-de-cd-zack-lober-para-que-pudieramos-vivir\/\"]}]},{\"@type\":\"ImageObject\",\"inLanguage\":\"es-AR\",\"@id\":\"https:\/\/web.consaguirre.com.ar\/noticias\/revision-de-cd-zack-lober-para-que-pudieramos-vivir\/#primaryimage\",\"url\":\"https:\/\/web.consaguirre.com.ar\/noticias\/wp-content\/uploads\/2025\/10\/Revision-de-CD-Zack-Lober-para-que-pudieramos-vivir.jpg\",\"contentUrl\":\"https:\/\/web.consaguirre.com.ar\/noticias\/wp-content\/uploads\/2025\/10\/Revision-de-CD-Zack-Lober-para-que-pudieramos-vivir.jpg\",\"width\":300,\"height\":300,\"caption\":\"Revisi\u00f3n de CD: Zack Lober, para que pudi\u00e9ramos vivir\"},{\"@type\":\"BreadcrumbList\",\"@id\":\"https:\/\/web.consaguirre.com.ar\/noticias\/revision-de-cd-zack-lober-para-que-pudieramos-vivir\/#breadcrumb\",\"itemListElement\":[{\"@type\":\"ListItem\",\"position\":1,\"name\":\"Inicio\",\"item\":\"https:\/\/web.consaguirre.com.ar\/noticias\/\"},{\"@type\":\"ListItem\",\"position\":2,\"name\":\"Revisi\u00f3n de CD: Zack Lober, para que pudi\u00e9ramos vivir\"}]},{\"@type\":\"WebSite\",\"@id\":\"https:\/\/web.consaguirre.com.ar\/noticias\/#website\",\"url\":\"https:\/\/web.consaguirre.com.ar\/noticias\/\",\"name\":\"Conservatorio de M\u00fasica Juli\u00e1n Aguirre\",\"description\":\"\",\"publisher\":{\"@id\":\"https:\/\/web.consaguirre.com.ar\/noticias\/#organization\"},\"potentialAction\":[{\"@type\":\"SearchAction\",\"target\":{\"@type\":\"EntryPoint\",\"urlTemplate\":\"https:\/\/web.consaguirre.com.ar\/noticias\/?s={search_term_string}\"},\"query-input\":\"required name=search_term_string\"}],\"inLanguage\":\"es-AR\"},{\"@type\":\"Organization\",\"@id\":\"https:\/\/web.consaguirre.com.ar\/noticias\/#organization\",\"name\":\"Conservatorio de M\u00fasica Juli\u00e1n Aguirre\",\"url\":\"https:\/\/web.consaguirre.com.ar\/noticias\/\",\"logo\":{\"@type\":\"ImageObject\",\"inLanguage\":\"es-AR\",\"@id\":\"https:\/\/web.consaguirre.com.ar\/noticias\/#\/schema\/logo\/image\/\",\"url\":\"https:\/\/web.consaguirre.com.ar\/noticias\/wp-content\/uploads\/2024\/08\/Banner-Aguirre-23.jpg\",\"contentUrl\":\"https:\/\/web.consaguirre.com.ar\/noticias\/wp-content\/uploads\/2024\/08\/Banner-Aguirre-23.jpg\",\"width\":1192,\"height\":600,\"caption\":\"Conservatorio de M\u00fasica Juli\u00e1n Aguirre\"},\"image\":{\"@id\":\"https:\/\/web.consaguirre.com.ar\/noticias\/#\/schema\/logo\/image\/\"}},{\"@type\":\"Person\",\"@id\":\"https:\/\/web.consaguirre.com.ar\/noticias\/#\/schema\/person\/6558b0cfedee7ddc5425602b237d5722\",\"name\":\"Javier Figueroa\",\"image\":{\"@type\":\"ImageObject\",\"inLanguage\":\"es-AR\",\"@id\":\"https:\/\/web.consaguirre.com.ar\/noticias\/#\/schema\/person\/image\/\",\"url\":\"https:\/\/web.consaguirre.com.ar\/noticias\/wp-content\/uploads\/2024\/08\/Consaguirre-scaled.jpg\",\"contentUrl\":\"https:\/\/web.consaguirre.com.ar\/noticias\/wp-content\/uploads\/2024\/08\/Consaguirre-scaled.jpg\",\"caption\":\"Javier Figueroa\"},\"description\":\"Me llamo Javier Figueroa y soy redactor para el sitio oficial del Conservatorio de M\u00fasica Juli\u00e1n Aguirre en Buenos Aires, consaguirre.com. Apasionado por la m\u00fasica y la escritura, me esfuerzo por destacar los talentos y eventos de nuestra prestigiosa instituci\u00f3n. Mi trayectoria se nutre de una profunda admiraci\u00f3n por los artistas, haciendo de cada art\u00edculo una celebraci\u00f3n de la creatividad y la cultura musical.\",\"sameAs\":[\"https:\/\/web.consaguirre.com.ar\/noticias\"]}]}<\/script>\n<!-- \/ Yoast SEO plugin. -->","yoast_head_json":{"title":"Revisi\u00f3n de CD: Zack Lober, para que pudi\u00e9ramos vivir","robots":{"index":"index","follow":"follow","max-snippet":"max-snippet:-1","max-image-preview":"max-image-preview:large","max-video-preview":"max-video-preview:-1"},"canonical":"https:\/\/web.consaguirre.com.ar\/noticias\/revision-de-cd-zack-lober-para-que-pudieramos-vivir\/","og_locale":"es_ES","og_type":"article","og_title":"Revisi\u00f3n de CD: Zack Lober, para que pudi\u00e9ramos vivir","og_description":"El nuevo \u00e1lbum de Zack Lober, &#8220;So Podemos podr\u00edamos vivir&#8221;, ofrece un claro ejemplo de c\u00f3mo un cuarteto sin acordes puede funcionar con flexibilidad y","og_url":"https:\/\/web.consaguirre.com.ar\/noticias\/revision-de-cd-zack-lober-para-que-pudieramos-vivir\/","og_site_name":"Conservatorio de M\u00fasica Juli\u00e1n Aguirre","article_published_time":"2025-10-06T13:42:52+00:00","og_image":[{"width":300,"height":300,"url":"https:\/\/web.consaguirre.com.ar\/noticias\/wp-content\/uploads\/2025\/10\/Revision-de-CD-Zack-Lober-para-que-pudieramos-vivir.jpg","type":"image\/jpeg"}],"author":"Javier Figueroa","twitter_card":"summary_large_image","twitter_misc":{"Escrito por":"Javier Figueroa","Tiempo de lectura":"6 minutos"},"schema":{"@context":"https:\/\/schema.org","@graph":[{"@type":"Article","@id":"https:\/\/web.consaguirre.com.ar\/noticias\/revision-de-cd-zack-lober-para-que-pudieramos-vivir\/#article","isPartOf":{"@id":"https:\/\/web.consaguirre.com.ar\/noticias\/revision-de-cd-zack-lober-para-que-pudieramos-vivir\/"},"author":{"name":"Javier Figueroa","@id":"https:\/\/web.consaguirre.com.ar\/noticias\/#\/schema\/person\/6558b0cfedee7ddc5425602b237d5722"},"headline":"Revisi\u00f3n de CD: Zack Lober, para que pudi\u00e9ramos vivir","datePublished":"2025-10-06T13:42:52+00:00","dateModified":"2025-10-06T13:42:52+00:00","mainEntityOfPage":{"@id":"https:\/\/web.consaguirre.com.ar\/noticias\/revision-de-cd-zack-lober-para-que-pudieramos-vivir\/"},"wordCount":1113,"publisher":{"@id":"https:\/\/web.consaguirre.com.ar\/noticias\/#organization"},"image":{"@id":"https:\/\/web.consaguirre.com.ar\/noticias\/revision-de-cd-zack-lober-para-que-pudieramos-vivir\/#primaryimage"},"thumbnailUrl":"https:\/\/web.consaguirre.com.ar\/noticias\/wp-content\/uploads\/2025\/10\/Revision-de-CD-Zack-Lober-para-que-pudieramos-vivir.jpg","keywords":["Lober","para","pudi\u00e9ramos","Revisi\u00f3n","vivir","Zack"],"articleSection":["Cr\u00edtica"],"inLanguage":"es-AR"},{"@type":"WebPage","@id":"https:\/\/web.consaguirre.com.ar\/noticias\/revision-de-cd-zack-lober-para-que-pudieramos-vivir\/","url":"https:\/\/web.consaguirre.com.ar\/noticias\/revision-de-cd-zack-lober-para-que-pudieramos-vivir\/","name":"Revisi\u00f3n de CD: Zack Lober, para que pudi\u00e9ramos vivir","isPartOf":{"@id":"https:\/\/web.consaguirre.com.ar\/noticias\/#website"},"primaryImageOfPage":{"@id":"https:\/\/web.consaguirre.com.ar\/noticias\/revision-de-cd-zack-lober-para-que-pudieramos-vivir\/#primaryimage"},"image":{"@id":"https:\/\/web.consaguirre.com.ar\/noticias\/revision-de-cd-zack-lober-para-que-pudieramos-vivir\/#primaryimage"},"thumbnailUrl":"https:\/\/web.consaguirre.com.ar\/noticias\/wp-content\/uploads\/2025\/10\/Revision-de-CD-Zack-Lober-para-que-pudieramos-vivir.jpg","datePublished":"2025-10-06T13:42:52+00:00","dateModified":"2025-10-06T13:42:52+00:00","breadcrumb":{"@id":"https:\/\/web.consaguirre.com.ar\/noticias\/revision-de-cd-zack-lober-para-que-pudieramos-vivir\/#breadcrumb"},"inLanguage":"es-AR","potentialAction":[{"@type":"ReadAction","target":["https:\/\/web.consaguirre.com.ar\/noticias\/revision-de-cd-zack-lober-para-que-pudieramos-vivir\/"]}]},{"@type":"ImageObject","inLanguage":"es-AR","@id":"https:\/\/web.consaguirre.com.ar\/noticias\/revision-de-cd-zack-lober-para-que-pudieramos-vivir\/#primaryimage","url":"https:\/\/web.consaguirre.com.ar\/noticias\/wp-content\/uploads\/2025\/10\/Revision-de-CD-Zack-Lober-para-que-pudieramos-vivir.jpg","contentUrl":"https:\/\/web.consaguirre.com.ar\/noticias\/wp-content\/uploads\/2025\/10\/Revision-de-CD-Zack-Lober-para-que-pudieramos-vivir.jpg","width":300,"height":300,"caption":"Revisi\u00f3n de CD: Zack Lober, para que pudi\u00e9ramos vivir"},{"@type":"BreadcrumbList","@id":"https:\/\/web.consaguirre.com.ar\/noticias\/revision-de-cd-zack-lober-para-que-pudieramos-vivir\/#breadcrumb","itemListElement":[{"@type":"ListItem","position":1,"name":"Inicio","item":"https:\/\/web.consaguirre.com.ar\/noticias\/"},{"@type":"ListItem","position":2,"name":"Revisi\u00f3n de CD: Zack Lober, para que pudi\u00e9ramos vivir"}]},{"@type":"WebSite","@id":"https:\/\/web.consaguirre.com.ar\/noticias\/#website","url":"https:\/\/web.consaguirre.com.ar\/noticias\/","name":"Conservatorio de M\u00fasica Juli\u00e1n Aguirre","description":"","publisher":{"@id":"https:\/\/web.consaguirre.com.ar\/noticias\/#organization"},"potentialAction":[{"@type":"SearchAction","target":{"@type":"EntryPoint","urlTemplate":"https:\/\/web.consaguirre.com.ar\/noticias\/?s={search_term_string}"},"query-input":"required name=search_term_string"}],"inLanguage":"es-AR"},{"@type":"Organization","@id":"https:\/\/web.consaguirre.com.ar\/noticias\/#organization","name":"Conservatorio de M\u00fasica Juli\u00e1n Aguirre","url":"https:\/\/web.consaguirre.com.ar\/noticias\/","logo":{"@type":"ImageObject","inLanguage":"es-AR","@id":"https:\/\/web.consaguirre.com.ar\/noticias\/#\/schema\/logo\/image\/","url":"https:\/\/web.consaguirre.com.ar\/noticias\/wp-content\/uploads\/2024\/08\/Banner-Aguirre-23.jpg","contentUrl":"https:\/\/web.consaguirre.com.ar\/noticias\/wp-content\/uploads\/2024\/08\/Banner-Aguirre-23.jpg","width":1192,"height":600,"caption":"Conservatorio de M\u00fasica Juli\u00e1n Aguirre"},"image":{"@id":"https:\/\/web.consaguirre.com.ar\/noticias\/#\/schema\/logo\/image\/"}},{"@type":"Person","@id":"https:\/\/web.consaguirre.com.ar\/noticias\/#\/schema\/person\/6558b0cfedee7ddc5425602b237d5722","name":"Javier Figueroa","image":{"@type":"ImageObject","inLanguage":"es-AR","@id":"https:\/\/web.consaguirre.com.ar\/noticias\/#\/schema\/person\/image\/","url":"https:\/\/web.consaguirre.com.ar\/noticias\/wp-content\/uploads\/2024\/08\/Consaguirre-scaled.jpg","contentUrl":"https:\/\/web.consaguirre.com.ar\/noticias\/wp-content\/uploads\/2024\/08\/Consaguirre-scaled.jpg","caption":"Javier Figueroa"},"description":"Me llamo Javier Figueroa y soy redactor para el sitio oficial del Conservatorio de M\u00fasica Juli\u00e1n Aguirre en Buenos Aires, consaguirre.com. Apasionado por la m\u00fasica y la escritura, me esfuerzo por destacar los talentos y eventos de nuestra prestigiosa instituci\u00f3n. Mi trayectoria se nutre de una profunda admiraci\u00f3n por los artistas, haciendo de cada art\u00edculo una celebraci\u00f3n de la creatividad y la cultura musical.","sameAs":["https:\/\/web.consaguirre.com.ar\/noticias"]}]}},"_links":{"self":[{"href":"https:\/\/web.consaguirre.com.ar\/noticias\/wp-json\/wp\/v2\/posts\/3943"}],"collection":[{"href":"https:\/\/web.consaguirre.com.ar\/noticias\/wp-json\/wp\/v2\/posts"}],"about":[{"href":"https:\/\/web.consaguirre.com.ar\/noticias\/wp-json\/wp\/v2\/types\/post"}],"author":[{"embeddable":true,"href":"https:\/\/web.consaguirre.com.ar\/noticias\/wp-json\/wp\/v2\/users\/1"}],"replies":[{"embeddable":true,"href":"https:\/\/web.consaguirre.com.ar\/noticias\/wp-json\/wp\/v2\/comments?post=3943"}],"version-history":[{"count":1,"href":"https:\/\/web.consaguirre.com.ar\/noticias\/wp-json\/wp\/v2\/posts\/3943\/revisions"}],"predecessor-version":[{"id":3945,"href":"https:\/\/web.consaguirre.com.ar\/noticias\/wp-json\/wp\/v2\/posts\/3943\/revisions\/3945"}],"wp:featuredmedia":[{"embeddable":true,"href":"https:\/\/web.consaguirre.com.ar\/noticias\/wp-json\/wp\/v2\/media\/3944"}],"wp:attachment":[{"href":"https:\/\/web.consaguirre.com.ar\/noticias\/wp-json\/wp\/v2\/media?parent=3943"}],"wp:term":[{"taxonomy":"category","embeddable":true,"href":"https:\/\/web.consaguirre.com.ar\/noticias\/wp-json\/wp\/v2\/categories?post=3943"},{"taxonomy":"post_tag","embeddable":true,"href":"https:\/\/web.consaguirre.com.ar\/noticias\/wp-json\/wp\/v2\/tags?post=3943"}],"curies":[{"name":"wp","href":"https:\/\/api.w.org\/{rel}","templated":true}]}}