{"id":3940,"date":"2025-10-06T07:39:39","date_gmt":"2025-10-06T10:39:39","guid":{"rendered":"https:\/\/web.consaguirre.com.ar\/noticias\/revision-del-festival-canarias-jazz-y-mas-2025\/"},"modified":"2025-10-06T07:39:41","modified_gmt":"2025-10-06T10:39:41","slug":"revision-del-festival-canarias-jazz-y-mas-2025","status":"publish","type":"post","link":"https:\/\/web.consaguirre.com.ar\/noticias\/revision-del-festival-canarias-jazz-y-mas-2025\/","title":{"rendered":"Revisi\u00f3n del festival: canarias jazz y mas 2025"},"content":{"rendered":"<div class=\"entry\" itemprop=\"text\">\n<p><em><strong>La 34\u00aa edici\u00f3n de &#8216;Canarias Jazz y Mas&#8217; lleg\u00f3 en el verano de julio como innovadora y bien organizada como siempre. Con 59 conciertos ubicados sobre las 8 islas del archipi\u00e9lago en 28 lugares diferentes, este festival anual es uno de los m\u00e1s emocionantes de Europa con los principales artistas de Europa y Am\u00e9rica, adem\u00e1s de presentar algunos talentos locales sobresalientes. Este fue tambi\u00e9n el a\u00f1o en que el baile y el &#8216;duende&#8217; llegaron a los canarios, \u00a1pero m\u00e1s sobre eso m\u00e1s tarde! El legendario tres veces el cantante de Jazz y Blues del Premio Grammy, Dee Dee Bridgwater, y su cuarteto femenino abrieron los procedimientos en Santa Cruz de Tenerife el 4 de julio cuando el festival comenz\u00f3 con un gran estilo.<\/strong><\/em><\/p>\n<p>&#8216;Canarias Jazz y Mas&#8217; es una creaci\u00f3n del fundador y director del festival Miguel Ram\u00edrez, quien admite que comenz\u00f3 el festival en un camino algo itinerante en 1992 en Gran Canaria. &#8220;Desde el principio, la idea era traer jazz y m\u00fasica asociada al p\u00fablico al tiempo que satisfac\u00eda la necesidad de muchos amantes del jazz. El prop\u00f3sito tambi\u00e9n era dar visibilidad y espacio para los m\u00fasicos canarios mientras conquistaba el resto del archipi\u00e9lago &#8230;&#8221;. Explica Ram\u00edrez, que siempre est\u00e1 atento a la escena internacional y busca descubrir nuevos talentos para construir un buen programa cada a\u00f1o.<\/p>\n<p><strong>Mi\u00e9rcoles 23 de julio<\/strong><\/p>\n<p>Estuve aqu\u00ed para experimentar algunos de los aspectos m\u00e1s destacados del festival en las islas de Gran Canaria y Tenerife. El primer concierto del 23 de julio se celebr\u00f3 en el maravillosamente peculiar Museo Elder (Museo de Ciencia y Tecnolog\u00eda) en Las Palmas, donde actuaba el Grupo Las Albitas. Este fue un escaparate de dos de los talentos que sean r\u00e1pidamente emergentes de la escena de jazz espa\u00f1ol, el galardonado trompetista catal\u00e1n y vocalista Alba Careta y la saxofonista canaria Alba Gil Aceytuno. Con el apoyo del pianista Luis S\u00e1nchez, el bajo el\u00e9ctrico de Jos\u00e9 Carlos Cejudo y el baterista Juan P\u00e9rez, el concierto estaba compuesto en gran medida de composiciones originales de Careta y Aceytuno.<\/p>\n<div id=\"attachment_63204\" style=\"width: 1034px\" class=\"wp-caption aligncenter\"><\/div>\n<p>El auditorio estaba lleno, la multitud ansiosa por la anticipaci\u00f3n de ver a sus h\u00e9roes locales de jazz. Las Albitas son \u00fanicas en el sentido de que combinan los tempos progresivos de la fusi\u00f3n de jazz junto con los asentimientos musicales con otros g\u00e9neros como el hip hop y el folklore canario. El primer par de n\u00fameros, &#8220;Finaos&#8221; y &#8220;Panical&#8221; vieron la trompeta y el saxof\u00f3n de los l\u00edderes que tejieron patrones simp\u00e1ticos antes de participar en las ardientes improvisaciones de llamadas y respuesta intercaladas por la voz de Careta cuando el programa comenz\u00f3 a acelerar el ritmo. La delicada trompeta de Careta en el tercer n\u00famero trajo una interacci\u00f3n vibrante del saxof\u00f3n de Aceytuno junto con un piano arm\u00f3nico de S\u00e1nchez, patrones de tambor constantes de P\u00e9rez y, aunque a veces un toque indulgente, algunas buenas l\u00edneas de bajo progresivo de Cejudo.<\/p>\n<p>Los dos l\u00edderes obviamente estaban apasionados por el proyecto Las Albitas con Careta haciendo todo lo posible para explicar a la audiencia sobre las canciones y la m\u00fasica a lo largo del espect\u00e1culo. Then came a special moment as the supporting trio left the stage and the two Alba&#8217;s each sang an emotional song about their homeland accompanied solely by the instrument of the other with Careta singing \u201cDona D&#8217;Aigua, by the Catalan composer Teresa Rebull. With the full band back on stage the concert moved towards a finish with two original Careta compositions, \u201cPlesiosauraus\u201d and the Latin tinged \u201cHard Worker\u201d bringing Una ovaci\u00f3n de pie de la audiencia enormemente entusiasta y apreciativa.<\/p>\n<div id=\"attachment_63205\" style=\"width: 1034px\" class=\"wp-caption aligncenter\"><img loading=\"lazy\" decoding=\"async\" class=\"size-large wp-image-63205\" src=\"https:\/\/web.consaguirre.com.ar\/noticias\/wp-content\/uploads\/2025\/10\/1759747179_153_Revision-del-festival-canarias-jazz-y-mas-2025.jpg\" alt=\"\" width=\"1024\" height=\"611\"  ><\/div>\n<p><strong>Jue 24 de julio<\/strong><\/p>\n<p>El escenario para los pr\u00f3ximos dos d\u00edas de conciertos gratuitos fue en los confines al aire libre de la Atmosf\u00e9rica Plaza Santa Ana con dos bandas apareciendo cada noche. La primera banda el jueves por la noche Double Bill fue la Joven Canari Jazz Big Band dirigida por el prominente saxofonista y educador canario Jos\u00e9 Vera Bello. Este proyecto de empresa educativa y cultural sin fines de lucro fue creado con el fin de promover la capacitaci\u00f3n y la conciencia del jazz y la m\u00fasica moderna entre los j\u00f3venes de las Islas Canarias. El conjunto est\u00e1 compuesto por talento musical joven entre 13 y 30 a\u00f1os con una edad promedio de 15 a\u00f1os de las islas Canarias. Para este concierto, la banda estaba rindiendo un homenaje a las grandes vocalistas femeninas de Jazz a lo largo de los siglos. Cl\u00e1sicos como &#8220;medias brillantes&#8221;, &#8220;How High the Moon&#8221; y &#8220;Round Midnight&#8221; compitieron con n\u00fameros m\u00e1s modernos m\u00e1s funky como el &#8220;Respeto&#8221; de Aretha Franklin con algunos arreglos oscilantes para los j\u00f3venes vocalistas como Maria Zerpa, Gabriella Su\u00e1rez, Vanessa Lemoine y Carla Baldo para obtener sus chuletas.<\/p>\n<p>Ahora era el momento de que el baile y el &#8216;Duende&#8217; llegaran a los Canarias; Pero primero el baile, cortes\u00eda de la banda de 6 piezas, Zuco 103 de los Pa\u00edses Bajos, cuyo conjunto electro-Funk din\u00e1mico trajo sus ritmos pioneros de Brasilectro a la Plaza Santa Ana, reinventando el tempo del tambor n bajo e infundiendo los ritmos de la samba, Bossa Nova, Jazz y Dub para crear su propio sonido musical \u00fanico. Junto con los tres miembros fundadores, la vocalista Lilian Viera, el baterista Stefan Kruger y el tecladista Stefan Schmid fueron el guitarrista Valentijn Bannier, el bajista Alex Oele y la percusionista Lauriane Ghils.<\/p>\n<div id=\"attachment_63206\" style=\"width: 1034px\" class=\"wp-caption aligncenter\"><img loading=\"lazy\" decoding=\"async\" class=\"size-large wp-image-63206\" src=\"https:\/\/web.consaguirre.com.ar\/noticias\/wp-content\/uploads\/2025\/10\/1759747179_918_Revision-del-festival-canarias-jazz-y-mas-2025.jpg\" alt=\"\" width=\"1024\" height=\"684\"  ><\/div>\n<p>La vibrante presencia del escenario de la vocalista brasile\u00f1a Lilian Viera inmediatamente impresion\u00f3 al igual que su canto altamente mel\u00f3dico, a la vez que recuerda a una Tania Mar\u00eda temprana con un gui\u00f1o a la cantante de New Wave Anitta, pero con su propio estilo muy distinto de todos modos. Gru\u00f1idos de bajo l\u00edneas, electro tempos altamente r\u00edtmicos de las teclas y ritmos irresistibles de la bater\u00eda y la percusi\u00f3n unidas con ritmos de guitarra funky y de repente fue bailando en la Plaza Santa Ana, ya que pr\u00e1cticamente toda la audiencia se puso de pie a los n\u00fameros de Emcace como el favorito perenne &#8220;Zabil No Mar&#8221;.<\/p>\n<p><strong>Viernes 25 de julio<\/strong><\/p>\n<p>Ahora era el momento de experimentar el &#8216;Duende&#8217;, esa mezcla m\u00e1gica de pasi\u00f3n y emoci\u00f3n inspirada en la m\u00fasica y la danza del flamenco como percusionista, compositor y arreglista Jorge P\u00e9rez llev\u00f3 a su banda de Madrid Patax a Plaza Santa Ana en una fusi\u00f3n inspirada de flamenco, Funk, Jazz, Soul y Afrocanhms. Con un gran grupo de m\u00fasicos, significa que P\u00e9rez puede cubrir las demandas del circuito de conciertos donde sea que est\u00e9. Para el concierto en Las Palmas de Gran Canaria, adem\u00e1s de Jorge, en percusi\u00f3n, fueron Aurora Garc\u00eda, Voces principales, Dani Morales, Drums, Raul Venagas, Guitar, Santiago Greco, Bass, Federico Lechner, Keys, Roberto Pcheco, Robere y el en\u00e9rgicamente bailador de flamencos de Sara Schamenco.<\/p>\n<div id=\"attachment_63207\" style=\"width: 1034px\" class=\"wp-caption aligncenter\"><img loading=\"lazy\" decoding=\"async\" class=\"size-large wp-image-63207\" src=\"https:\/\/web.consaguirre.com.ar\/noticias\/wp-content\/uploads\/2025\/10\/1759747179_48_Revision-del-festival-canarias-jazz-y-mas-2025.jpg\" alt=\"\" width=\"1024\" height=\"683\"  ><\/div>\n<p>Como P\u00e9rez explica &#8220;He estado poniendo baile de flamenco en los shows de Patax durante una d\u00e9cada, la idea detr\u00e1s de esta decisi\u00f3n fue hacer que el espect\u00e1culo sea m\u00e1s interesante en el aspecto visual, adem\u00e1s de tener un &#8216;pegamento energ\u00e9tico&#8217; que endurece a todos juntos &#8230;&#8221;<\/p>\n<p>Bien conocido por sus reinterpretaciones \u00fanicas de canciones ic\u00f3nicas como en su \u00e1lbum 2022, &#8216;Patax toca los Beatles&#8217;, el set de la banda incluy\u00f3 a &#8220;Rosanna de Beatles&#8221; Eleanor Rigby &#8220;de Toto,&#8221; Here Harrison, &#8220;Here the Sun&#8221;, &#8220;Kissy Fusex&#8221; de Michael Jackson, con el estilo de Michael Jackson. Combinaci\u00f3n de energ\u00eda visual y surcos musicales virtuosos que instant\u00e1neamente ganaron la audiencia apreciativa.<\/p>\n<p><strong>S\u00e1bado 26 de julio<\/strong><\/p>\n<p>Al d\u00eda siguiente, tomamos el ferry de cuarenta minutos de una hora cruzando a Tenerife para atrapar dos conciertos m\u00e1s gratuitos ambientados junto al mar en el pintoresco Lago Martianez en Puerto de la Cruz para el \u00faltimo d\u00eda del Festival &#8216;Canarias Jazz Y Mas&#8217; de este a\u00f1o. El primer concierto present\u00f3 al guitarrista y compositor de Tenerife David Minguillon, cuyo repertorio musical abarca las influencias de jazz, cl\u00e1sica y flamenco, como en su \u00e1lbum de 2016 &#8220;Dialogo Con Un Duende&#8221;. Minguillon cuyo sonido rico y armonioso se escuch\u00f3 con un buen efecto en n\u00fameros como &#8220;Round Midnight&#8221; de Thelonius Monk y &#8220;Polka Polka and Webeams&#8221; de Wes Montgomery, donde fue apoyado h\u00e1bilmente por el bajista doble Augustin Busafuente y el baterista Ancor Miranda.<\/p>\n<div id=\"attachment_63208\" style=\"width: 410px\" class=\"wp-caption alignleft\"><img loading=\"lazy\" decoding=\"async\" class=\"wp-image-63208\" src=\"https:\/\/web.consaguirre.com.ar\/noticias\/wp-content\/uploads\/2025\/10\/1759747179_416_Revision-del-festival-canarias-jazz-y-mas-2025.jpg\" alt=\"\" width=\"400\" height=\"534\"  ><\/div>\n<p>El segundo concierto de la noche fue del grupo de la ciudad de Nueva York, la administraci\u00f3n Kennedy, que hab\u00eda tocado un d\u00eda antes en Las Palmas de Gran Canaria. La banda est\u00e1 impulsada por el tecladista y productor de miembros fundadores Ondre J. Pivec (Lauryn Hill &#038; Gregory Porter) y la potente vocalista, la din\u00e1mica Sra. Kennedy. Hay un s\u00f3lido soul\/jazz, funk, sensaci\u00f3n de R&#038;B con la m\u00fasica con el \u00e9nfasis proveniente del surco de los teclados de Ondre en n\u00fameros como &#8220;Will It Go Round in Circles&#8221; y su \u00faltimo sencillo &#8220;Be Your Lucky Number&#8221; del nuevo \u00e1lbum &#8220;Segundo t\u00e9rmino&#8221;. Lo m\u00e1s destacado del programa fue una versi\u00f3n interesante del cl\u00e1sico &#8220;Killing Me Suply With Your Song&#8221; de Roberta Flack que mostr\u00f3 las poderosas voces de la Sra. Kennedy con gran efecto.<\/p>\n<p>Y as\u00ed, el 34 \u00b0 &#8216;Canarias Jazz y Mas&#8217; lleg\u00f3 a su fin y lo que demostr\u00f3 ser otro gran festival. La \u00faltima palabra seguramente debe provenir del director del festival, Miguel Ram\u00edrez, sobre el futuro. &#8220;Hemos decidido cumplir con nuestro formato tanto como sea posible y ofrecer una mezcla de peque\u00f1os lugares, espacios de tama\u00f1o mediano y teatros y auditorio m\u00e1s grandes que pueden organizar artistas establecidos y emergentes de los c\u00edrculos internacionales, nacionales y locales. La respuesta de la audiencia contin\u00faa siendo fant\u00e1stica a pesar de tantas ofertas que nos brindan confianza en nuestra programaci\u00f3n. papel. Am\u00e9n a eso, creo que todos estamos de acuerdo.<\/p>\n<p>Con un agradecimiento especial a Miguel Ram\u00edrez y Turismo de Gran Canaria por su apoyo.<\/p>\n<div class=\"post-pagination\"><\/div>\n<div class=\"clearfix\"><\/div>\n<\/p><\/div>\n","protected":false},"excerpt":{"rendered":"<p>La 34\u00aa edici\u00f3n de &#8216;Canarias Jazz y Mas&#8217; lleg\u00f3 en el verano de julio como innovadora y bien organizada como siempre. Con 59 conciertos ubicados<\/p>\n","protected":false},"author":1,"featured_media":3941,"comment_status":"closed","ping_status":"","sticky":false,"template":"","format":"standard","meta":{"footnotes":""},"categories":[4],"tags":[3313,10,102,748,707,3150],"class_list":["post-3940","post","type-post","status-publish","format-standard","has-post-thumbnail","hentry","category-critica","tag-canarias","tag-del","tag-festival","tag-jazz","tag-mas","tag-revision","generate-columns","tablet-grid-50","mobile-grid-100","grid-parent","grid-50"],"yoast_head":"<!-- This site is optimized with the Yoast SEO plugin v23.3 - https:\/\/yoast.com\/wordpress\/plugins\/seo\/ -->\n<title>Revisi\u00f3n del festival: canarias jazz y mas 2025<\/title>\n<meta name=\"robots\" content=\"index, follow, max-snippet:-1, max-image-preview:large, max-video-preview:-1\" \/>\n<link rel=\"canonical\" href=\"https:\/\/web.consaguirre.com.ar\/noticias\/revision-del-festival-canarias-jazz-y-mas-2025\/\" \/>\n<meta property=\"og:locale\" content=\"es_ES\" \/>\n<meta property=\"og:type\" content=\"article\" \/>\n<meta property=\"og:title\" content=\"Revisi\u00f3n del festival: canarias jazz y mas 2025\" \/>\n<meta property=\"og:description\" content=\"La 34\u00aa edici\u00f3n de &#8216;Canarias Jazz y Mas&#8217; lleg\u00f3 en el verano de julio como innovadora y bien organizada como siempre. Con 59 conciertos ubicados\" \/>\n<meta property=\"og:url\" content=\"https:\/\/web.consaguirre.com.ar\/noticias\/revision-del-festival-canarias-jazz-y-mas-2025\/\" \/>\n<meta property=\"og:site_name\" content=\"Conservatorio de M\u00fasica Juli\u00e1n Aguirre\" \/>\n<meta property=\"article:published_time\" content=\"2025-10-06T10:39:39+00:00\" \/>\n<meta property=\"article:modified_time\" content=\"2025-10-06T10:39:41+00:00\" \/>\n<meta property=\"og:image\" content=\"https:\/\/web.consaguirre.com.ar\/noticias\/wp-content\/uploads\/2025\/10\/Revision-del-festival-canarias-jazz-y-mas-2025.jpg\" \/>\n\t<meta property=\"og:image:width\" content=\"1024\" \/>\n\t<meta property=\"og:image:height\" content=\"681\" \/>\n\t<meta property=\"og:image:type\" content=\"image\/jpeg\" \/>\n<meta name=\"author\" content=\"Javier Figueroa\" \/>\n<meta name=\"twitter:card\" content=\"summary_large_image\" \/>\n<meta name=\"twitter:label1\" content=\"Escrito por\" \/>\n\t<meta name=\"twitter:data1\" content=\"Javier Figueroa\" \/>\n\t<meta name=\"twitter:label2\" content=\"Tiempo de lectura\" \/>\n\t<meta name=\"twitter:data2\" content=\"9 minutos\" \/>\n<script type=\"application\/ld+json\" class=\"yoast-schema-graph\">{\"@context\":\"https:\/\/schema.org\",\"@graph\":[{\"@type\":\"Article\",\"@id\":\"https:\/\/web.consaguirre.com.ar\/noticias\/revision-del-festival-canarias-jazz-y-mas-2025\/#article\",\"isPartOf\":{\"@id\":\"https:\/\/web.consaguirre.com.ar\/noticias\/revision-del-festival-canarias-jazz-y-mas-2025\/\"},\"author\":{\"name\":\"Javier Figueroa\",\"@id\":\"https:\/\/web.consaguirre.com.ar\/noticias\/#\/schema\/person\/6558b0cfedee7ddc5425602b237d5722\"},\"headline\":\"Revisi\u00f3n del festival: canarias jazz y mas 2025\",\"datePublished\":\"2025-10-06T10:39:39+00:00\",\"dateModified\":\"2025-10-06T10:39:41+00:00\",\"mainEntityOfPage\":{\"@id\":\"https:\/\/web.consaguirre.com.ar\/noticias\/revision-del-festival-canarias-jazz-y-mas-2025\/\"},\"wordCount\":1731,\"publisher\":{\"@id\":\"https:\/\/web.consaguirre.com.ar\/noticias\/#organization\"},\"image\":{\"@id\":\"https:\/\/web.consaguirre.com.ar\/noticias\/revision-del-festival-canarias-jazz-y-mas-2025\/#primaryimage\"},\"thumbnailUrl\":\"https:\/\/web.consaguirre.com.ar\/noticias\/wp-content\/uploads\/2025\/10\/Revision-del-festival-canarias-jazz-y-mas-2025.jpg\",\"keywords\":[\"canarias\",\"del\",\"Festival\",\"Jazz\",\"m\u00e1s\",\"Revisi\u00f3n\"],\"articleSection\":[\"Cr\u00edtica\"],\"inLanguage\":\"es-AR\"},{\"@type\":\"WebPage\",\"@id\":\"https:\/\/web.consaguirre.com.ar\/noticias\/revision-del-festival-canarias-jazz-y-mas-2025\/\",\"url\":\"https:\/\/web.consaguirre.com.ar\/noticias\/revision-del-festival-canarias-jazz-y-mas-2025\/\",\"name\":\"Revisi\u00f3n del festival: canarias jazz y mas 2025\",\"isPartOf\":{\"@id\":\"https:\/\/web.consaguirre.com.ar\/noticias\/#website\"},\"primaryImageOfPage\":{\"@id\":\"https:\/\/web.consaguirre.com.ar\/noticias\/revision-del-festival-canarias-jazz-y-mas-2025\/#primaryimage\"},\"image\":{\"@id\":\"https:\/\/web.consaguirre.com.ar\/noticias\/revision-del-festival-canarias-jazz-y-mas-2025\/#primaryimage\"},\"thumbnailUrl\":\"https:\/\/web.consaguirre.com.ar\/noticias\/wp-content\/uploads\/2025\/10\/Revision-del-festival-canarias-jazz-y-mas-2025.jpg\",\"datePublished\":\"2025-10-06T10:39:39+00:00\",\"dateModified\":\"2025-10-06T10:39:41+00:00\",\"breadcrumb\":{\"@id\":\"https:\/\/web.consaguirre.com.ar\/noticias\/revision-del-festival-canarias-jazz-y-mas-2025\/#breadcrumb\"},\"inLanguage\":\"es-AR\",\"potentialAction\":[{\"@type\":\"ReadAction\",\"target\":[\"https:\/\/web.consaguirre.com.ar\/noticias\/revision-del-festival-canarias-jazz-y-mas-2025\/\"]}]},{\"@type\":\"ImageObject\",\"inLanguage\":\"es-AR\",\"@id\":\"https:\/\/web.consaguirre.com.ar\/noticias\/revision-del-festival-canarias-jazz-y-mas-2025\/#primaryimage\",\"url\":\"https:\/\/web.consaguirre.com.ar\/noticias\/wp-content\/uploads\/2025\/10\/Revision-del-festival-canarias-jazz-y-mas-2025.jpg\",\"contentUrl\":\"https:\/\/web.consaguirre.com.ar\/noticias\/wp-content\/uploads\/2025\/10\/Revision-del-festival-canarias-jazz-y-mas-2025.jpg\",\"width\":1024,\"height\":681,\"caption\":\"Revisi\u00f3n del festival: canarias jazz y mas 2025\"},{\"@type\":\"BreadcrumbList\",\"@id\":\"https:\/\/web.consaguirre.com.ar\/noticias\/revision-del-festival-canarias-jazz-y-mas-2025\/#breadcrumb\",\"itemListElement\":[{\"@type\":\"ListItem\",\"position\":1,\"name\":\"Inicio\",\"item\":\"https:\/\/web.consaguirre.com.ar\/noticias\/\"},{\"@type\":\"ListItem\",\"position\":2,\"name\":\"Revisi\u00f3n del festival: canarias jazz y mas 2025\"}]},{\"@type\":\"WebSite\",\"@id\":\"https:\/\/web.consaguirre.com.ar\/noticias\/#website\",\"url\":\"https:\/\/web.consaguirre.com.ar\/noticias\/\",\"name\":\"Conservatorio de M\u00fasica Juli\u00e1n Aguirre\",\"description\":\"\",\"publisher\":{\"@id\":\"https:\/\/web.consaguirre.com.ar\/noticias\/#organization\"},\"potentialAction\":[{\"@type\":\"SearchAction\",\"target\":{\"@type\":\"EntryPoint\",\"urlTemplate\":\"https:\/\/web.consaguirre.com.ar\/noticias\/?s={search_term_string}\"},\"query-input\":\"required name=search_term_string\"}],\"inLanguage\":\"es-AR\"},{\"@type\":\"Organization\",\"@id\":\"https:\/\/web.consaguirre.com.ar\/noticias\/#organization\",\"name\":\"Conservatorio de M\u00fasica Juli\u00e1n Aguirre\",\"url\":\"https:\/\/web.consaguirre.com.ar\/noticias\/\",\"logo\":{\"@type\":\"ImageObject\",\"inLanguage\":\"es-AR\",\"@id\":\"https:\/\/web.consaguirre.com.ar\/noticias\/#\/schema\/logo\/image\/\",\"url\":\"https:\/\/web.consaguirre.com.ar\/noticias\/wp-content\/uploads\/2024\/08\/Banner-Aguirre-23.jpg\",\"contentUrl\":\"https:\/\/web.consaguirre.com.ar\/noticias\/wp-content\/uploads\/2024\/08\/Banner-Aguirre-23.jpg\",\"width\":1192,\"height\":600,\"caption\":\"Conservatorio de M\u00fasica Juli\u00e1n Aguirre\"},\"image\":{\"@id\":\"https:\/\/web.consaguirre.com.ar\/noticias\/#\/schema\/logo\/image\/\"}},{\"@type\":\"Person\",\"@id\":\"https:\/\/web.consaguirre.com.ar\/noticias\/#\/schema\/person\/6558b0cfedee7ddc5425602b237d5722\",\"name\":\"Javier Figueroa\",\"image\":{\"@type\":\"ImageObject\",\"inLanguage\":\"es-AR\",\"@id\":\"https:\/\/web.consaguirre.com.ar\/noticias\/#\/schema\/person\/image\/\",\"url\":\"https:\/\/web.consaguirre.com.ar\/noticias\/wp-content\/uploads\/2024\/08\/Consaguirre-scaled.jpg\",\"contentUrl\":\"https:\/\/web.consaguirre.com.ar\/noticias\/wp-content\/uploads\/2024\/08\/Consaguirre-scaled.jpg\",\"caption\":\"Javier Figueroa\"},\"description\":\"Me llamo Javier Figueroa y soy redactor para el sitio oficial del Conservatorio de M\u00fasica Juli\u00e1n Aguirre en Buenos Aires, consaguirre.com. Apasionado por la m\u00fasica y la escritura, me esfuerzo por destacar los talentos y eventos de nuestra prestigiosa instituci\u00f3n. Mi trayectoria se nutre de una profunda admiraci\u00f3n por los artistas, haciendo de cada art\u00edculo una celebraci\u00f3n de la creatividad y la cultura musical.\",\"sameAs\":[\"https:\/\/web.consaguirre.com.ar\/noticias\"]}]}<\/script>\n<!-- \/ Yoast SEO plugin. -->","yoast_head_json":{"title":"Revisi\u00f3n del festival: canarias jazz y mas 2025","robots":{"index":"index","follow":"follow","max-snippet":"max-snippet:-1","max-image-preview":"max-image-preview:large","max-video-preview":"max-video-preview:-1"},"canonical":"https:\/\/web.consaguirre.com.ar\/noticias\/revision-del-festival-canarias-jazz-y-mas-2025\/","og_locale":"es_ES","og_type":"article","og_title":"Revisi\u00f3n del festival: canarias jazz y mas 2025","og_description":"La 34\u00aa edici\u00f3n de &#8216;Canarias Jazz y Mas&#8217; lleg\u00f3 en el verano de julio como innovadora y bien organizada como siempre. Con 59 conciertos ubicados","og_url":"https:\/\/web.consaguirre.com.ar\/noticias\/revision-del-festival-canarias-jazz-y-mas-2025\/","og_site_name":"Conservatorio de M\u00fasica Juli\u00e1n Aguirre","article_published_time":"2025-10-06T10:39:39+00:00","article_modified_time":"2025-10-06T10:39:41+00:00","og_image":[{"width":1024,"height":681,"url":"https:\/\/web.consaguirre.com.ar\/noticias\/wp-content\/uploads\/2025\/10\/Revision-del-festival-canarias-jazz-y-mas-2025.jpg","type":"image\/jpeg"}],"author":"Javier Figueroa","twitter_card":"summary_large_image","twitter_misc":{"Escrito por":"Javier Figueroa","Tiempo de lectura":"9 minutos"},"schema":{"@context":"https:\/\/schema.org","@graph":[{"@type":"Article","@id":"https:\/\/web.consaguirre.com.ar\/noticias\/revision-del-festival-canarias-jazz-y-mas-2025\/#article","isPartOf":{"@id":"https:\/\/web.consaguirre.com.ar\/noticias\/revision-del-festival-canarias-jazz-y-mas-2025\/"},"author":{"name":"Javier Figueroa","@id":"https:\/\/web.consaguirre.com.ar\/noticias\/#\/schema\/person\/6558b0cfedee7ddc5425602b237d5722"},"headline":"Revisi\u00f3n del festival: canarias jazz y mas 2025","datePublished":"2025-10-06T10:39:39+00:00","dateModified":"2025-10-06T10:39:41+00:00","mainEntityOfPage":{"@id":"https:\/\/web.consaguirre.com.ar\/noticias\/revision-del-festival-canarias-jazz-y-mas-2025\/"},"wordCount":1731,"publisher":{"@id":"https:\/\/web.consaguirre.com.ar\/noticias\/#organization"},"image":{"@id":"https:\/\/web.consaguirre.com.ar\/noticias\/revision-del-festival-canarias-jazz-y-mas-2025\/#primaryimage"},"thumbnailUrl":"https:\/\/web.consaguirre.com.ar\/noticias\/wp-content\/uploads\/2025\/10\/Revision-del-festival-canarias-jazz-y-mas-2025.jpg","keywords":["canarias","del","Festival","Jazz","m\u00e1s","Revisi\u00f3n"],"articleSection":["Cr\u00edtica"],"inLanguage":"es-AR"},{"@type":"WebPage","@id":"https:\/\/web.consaguirre.com.ar\/noticias\/revision-del-festival-canarias-jazz-y-mas-2025\/","url":"https:\/\/web.consaguirre.com.ar\/noticias\/revision-del-festival-canarias-jazz-y-mas-2025\/","name":"Revisi\u00f3n del festival: canarias jazz y mas 2025","isPartOf":{"@id":"https:\/\/web.consaguirre.com.ar\/noticias\/#website"},"primaryImageOfPage":{"@id":"https:\/\/web.consaguirre.com.ar\/noticias\/revision-del-festival-canarias-jazz-y-mas-2025\/#primaryimage"},"image":{"@id":"https:\/\/web.consaguirre.com.ar\/noticias\/revision-del-festival-canarias-jazz-y-mas-2025\/#primaryimage"},"thumbnailUrl":"https:\/\/web.consaguirre.com.ar\/noticias\/wp-content\/uploads\/2025\/10\/Revision-del-festival-canarias-jazz-y-mas-2025.jpg","datePublished":"2025-10-06T10:39:39+00:00","dateModified":"2025-10-06T10:39:41+00:00","breadcrumb":{"@id":"https:\/\/web.consaguirre.com.ar\/noticias\/revision-del-festival-canarias-jazz-y-mas-2025\/#breadcrumb"},"inLanguage":"es-AR","potentialAction":[{"@type":"ReadAction","target":["https:\/\/web.consaguirre.com.ar\/noticias\/revision-del-festival-canarias-jazz-y-mas-2025\/"]}]},{"@type":"ImageObject","inLanguage":"es-AR","@id":"https:\/\/web.consaguirre.com.ar\/noticias\/revision-del-festival-canarias-jazz-y-mas-2025\/#primaryimage","url":"https:\/\/web.consaguirre.com.ar\/noticias\/wp-content\/uploads\/2025\/10\/Revision-del-festival-canarias-jazz-y-mas-2025.jpg","contentUrl":"https:\/\/web.consaguirre.com.ar\/noticias\/wp-content\/uploads\/2025\/10\/Revision-del-festival-canarias-jazz-y-mas-2025.jpg","width":1024,"height":681,"caption":"Revisi\u00f3n del festival: canarias jazz y mas 2025"},{"@type":"BreadcrumbList","@id":"https:\/\/web.consaguirre.com.ar\/noticias\/revision-del-festival-canarias-jazz-y-mas-2025\/#breadcrumb","itemListElement":[{"@type":"ListItem","position":1,"name":"Inicio","item":"https:\/\/web.consaguirre.com.ar\/noticias\/"},{"@type":"ListItem","position":2,"name":"Revisi\u00f3n del festival: canarias jazz y mas 2025"}]},{"@type":"WebSite","@id":"https:\/\/web.consaguirre.com.ar\/noticias\/#website","url":"https:\/\/web.consaguirre.com.ar\/noticias\/","name":"Conservatorio de M\u00fasica Juli\u00e1n Aguirre","description":"","publisher":{"@id":"https:\/\/web.consaguirre.com.ar\/noticias\/#organization"},"potentialAction":[{"@type":"SearchAction","target":{"@type":"EntryPoint","urlTemplate":"https:\/\/web.consaguirre.com.ar\/noticias\/?s={search_term_string}"},"query-input":"required name=search_term_string"}],"inLanguage":"es-AR"},{"@type":"Organization","@id":"https:\/\/web.consaguirre.com.ar\/noticias\/#organization","name":"Conservatorio de M\u00fasica Juli\u00e1n Aguirre","url":"https:\/\/web.consaguirre.com.ar\/noticias\/","logo":{"@type":"ImageObject","inLanguage":"es-AR","@id":"https:\/\/web.consaguirre.com.ar\/noticias\/#\/schema\/logo\/image\/","url":"https:\/\/web.consaguirre.com.ar\/noticias\/wp-content\/uploads\/2024\/08\/Banner-Aguirre-23.jpg","contentUrl":"https:\/\/web.consaguirre.com.ar\/noticias\/wp-content\/uploads\/2024\/08\/Banner-Aguirre-23.jpg","width":1192,"height":600,"caption":"Conservatorio de M\u00fasica Juli\u00e1n Aguirre"},"image":{"@id":"https:\/\/web.consaguirre.com.ar\/noticias\/#\/schema\/logo\/image\/"}},{"@type":"Person","@id":"https:\/\/web.consaguirre.com.ar\/noticias\/#\/schema\/person\/6558b0cfedee7ddc5425602b237d5722","name":"Javier Figueroa","image":{"@type":"ImageObject","inLanguage":"es-AR","@id":"https:\/\/web.consaguirre.com.ar\/noticias\/#\/schema\/person\/image\/","url":"https:\/\/web.consaguirre.com.ar\/noticias\/wp-content\/uploads\/2024\/08\/Consaguirre-scaled.jpg","contentUrl":"https:\/\/web.consaguirre.com.ar\/noticias\/wp-content\/uploads\/2024\/08\/Consaguirre-scaled.jpg","caption":"Javier Figueroa"},"description":"Me llamo Javier Figueroa y soy redactor para el sitio oficial del Conservatorio de M\u00fasica Juli\u00e1n Aguirre en Buenos Aires, consaguirre.com. Apasionado por la m\u00fasica y la escritura, me esfuerzo por destacar los talentos y eventos de nuestra prestigiosa instituci\u00f3n. Mi trayectoria se nutre de una profunda admiraci\u00f3n por los artistas, haciendo de cada art\u00edculo una celebraci\u00f3n de la creatividad y la cultura musical.","sameAs":["https:\/\/web.consaguirre.com.ar\/noticias"]}]}},"_links":{"self":[{"href":"https:\/\/web.consaguirre.com.ar\/noticias\/wp-json\/wp\/v2\/posts\/3940"}],"collection":[{"href":"https:\/\/web.consaguirre.com.ar\/noticias\/wp-json\/wp\/v2\/posts"}],"about":[{"href":"https:\/\/web.consaguirre.com.ar\/noticias\/wp-json\/wp\/v2\/types\/post"}],"author":[{"embeddable":true,"href":"https:\/\/web.consaguirre.com.ar\/noticias\/wp-json\/wp\/v2\/users\/1"}],"replies":[{"embeddable":true,"href":"https:\/\/web.consaguirre.com.ar\/noticias\/wp-json\/wp\/v2\/comments?post=3940"}],"version-history":[{"count":1,"href":"https:\/\/web.consaguirre.com.ar\/noticias\/wp-json\/wp\/v2\/posts\/3940\/revisions"}],"predecessor-version":[{"id":3942,"href":"https:\/\/web.consaguirre.com.ar\/noticias\/wp-json\/wp\/v2\/posts\/3940\/revisions\/3942"}],"wp:featuredmedia":[{"embeddable":true,"href":"https:\/\/web.consaguirre.com.ar\/noticias\/wp-json\/wp\/v2\/media\/3941"}],"wp:attachment":[{"href":"https:\/\/web.consaguirre.com.ar\/noticias\/wp-json\/wp\/v2\/media?parent=3940"}],"wp:term":[{"taxonomy":"category","embeddable":true,"href":"https:\/\/web.consaguirre.com.ar\/noticias\/wp-json\/wp\/v2\/categories?post=3940"},{"taxonomy":"post_tag","embeddable":true,"href":"https:\/\/web.consaguirre.com.ar\/noticias\/wp-json\/wp\/v2\/tags?post=3940"}],"curies":[{"name":"wp","href":"https:\/\/api.w.org\/{rel}","templated":true}]}}