{"id":3934,"date":"2025-10-03T20:38:39","date_gmt":"2025-10-03T23:38:39","guid":{"rendered":"https:\/\/web.consaguirre.com.ar\/noticias\/reba-mcentire-anuncia-la-edicion-del-30-aniversario-de-comenzando-over\/"},"modified":"2025-10-03T20:38:39","modified_gmt":"2025-10-03T23:38:39","slug":"reba-mcentire-anuncia-la-edicion-del-30-aniversario-de-comenzando-over","status":"publish","type":"post","link":"https:\/\/web.consaguirre.com.ar\/noticias\/reba-mcentire-anuncia-la-edicion-del-30-aniversario-de-comenzando-over\/","title":{"rendered":"Reba McEntire anuncia la edici\u00f3n del 30 aniversario de &#8216;Comenzando Over&#8217;"},"content":{"rendered":"<p>Reba McEntire ha anunciado una nueva edici\u00f3n ampliada de su famosa compilaci\u00f3n de portadas, <em>Que comienza<\/em>en celebraci\u00f3n del 30 aniversario del \u00e1lbum.<\/p>\n<p>Lanzado el 3 de octubre de 1995, el original <em>Que comienza<\/em> Fue un homenaje a las ra\u00edces de McEntire, compilando sus interpretaciones de canciones de artistas que hab\u00eda admirado creciendo. Presentaba portadas de \u00e9xitos atemporales como &#8220;Comenzando de nuevo&#8221; de Dolly Parton, &#8220;You Keep Me Singing On&#8221; de Supremes, &#8220;para el momento en que llego a Phoenix&#8221; de Jimmy Webb y muchos m\u00e1s. La nueva edici\u00f3n, que saldr\u00e1 en enero, tambi\u00e9n presenta tres pistas nunca antes escuchadas: &#8220;Heat Wave&#8221;, &#8220;Misty Blue&#8221; y &#8220;Tulsa Time&#8221;.<\/p>\n<p>Tras su lanzamiento, <em>Que comienza<\/em> Debut\u00f3 en el n\u00famero 1 en la lista de \u00e1lbumes de Billboard Country, y pas\u00f3 a ser platino con m\u00e1s de un mill\u00f3n de discos vendidos. Tambi\u00e9n coincidi\u00f3 con el vig\u00e9simo aniversario del primer contrato discogr\u00e1fico de Reba, que celebr\u00f3 el mismo a\u00f1o con un especial de televisi\u00f3n.<\/p>\n<div class=\"uD-YT-container\"><img decoding=\"async\" src=\"https:\/\/web.consaguirre.com.ar\/noticias\/wp-content\/uploads\/2025\/10\/1759534719_143_Reba-McEntire-anuncia-la-edicion-del-30-aniversario-de-Comenzando.jpg\" alt=\"Video de YouTube\"><br \/>Haga clic para cargar video<\/div>\n<p>Una de las pistas m\u00e1s duraderas en <em>Que comienza<\/em> Tambi\u00e9n result\u00f3 ser uno de sus pocos colaborativos: &#8220;solo&#8221;, que McEntire cant\u00f3 con Trisha Yearwood, Linda Davis y Martina McBride. La canci\u00f3n marc\u00f3 el primer lanzamiento de los artistas country formidables, y tambi\u00e9n sirvi\u00f3 como <em>Que comienza<\/em>El sencillo principal. Aunque es la \u00fanica canci\u00f3n con caracter\u00edsticas, McEntire colabor\u00f3 \u200b\u200bcon una gran cantidad de m\u00fasicos veteranos de la sesi\u00f3n de Nashville en el \u00e1lbum, incluidos el pianista Steve Nathan, el baterista Carlos Vega y los guitarristas Larry Byrom, Dann Huff y Mac McAnally.<\/p>\n<p>La nueva edici\u00f3n de <em>Que comienza<\/em> es el segundo nuevo anuncio de reedici\u00f3n de McEntire en tantos meses. En septiembre, anunci\u00f3 que su mejor colecci\u00f3n de \u00e9xitos en la carrera. <em>Los golpes<\/em>\u2014Cuenta que presenta cl\u00e1sicos como &#8220;I&#8217;m A Survivor&#8221; y su primer \u00e9xito n\u00famero 1, &#8220;No puede obtener el blues&#8221;, ver\u00eda su primer lanzamiento de vinilo. McEntire lanz\u00f3 su \u00e1lbum m\u00e1s reciente de nueva m\u00fasica, <em>M\u00e1s fuerte que la verdad<\/em>en 2019.<\/p>\n<p><b>Orden Reba McEntire&#8217;s <em>Comenzando de nuevo (edici\u00f3n del 30 aniversario)<\/em> en vinilo ahora.<\/b><\/p>\n","protected":false},"excerpt":{"rendered":"<p>Reba McEntire ha anunciado una nueva edici\u00f3n ampliada de su famosa compilaci\u00f3n de portadas, Que comienzaen celebraci\u00f3n del 30 aniversario del \u00e1lbum. Lanzado el 3<\/p>\n","protected":false},"author":1,"featured_media":3935,"comment_status":"closed","ping_status":"","sticky":false,"template":"","format":"standard","meta":{"footnotes":""},"categories":[50],"tags":[98,56,3312,10,160,1086,1085],"class_list":["post-3934","post","type-post","status-publish","format-standard","has-post-thumbnail","hentry","category-el-ultimo","tag-aniversario","tag-anuncia","tag-comenzando","tag-del","tag-edicion","tag-mcentire","tag-reba","generate-columns","tablet-grid-50","mobile-grid-100","grid-parent","grid-50"],"yoast_head":"<!-- This site is optimized with the Yoast SEO plugin v23.3 - https:\/\/yoast.com\/wordpress\/plugins\/seo\/ -->\n<title>Reba McEntire anuncia la edici\u00f3n del 30 aniversario de &#039;Comenzando Over&#039;<\/title>\n<meta name=\"robots\" content=\"index, follow, max-snippet:-1, max-image-preview:large, max-video-preview:-1\" \/>\n<link rel=\"canonical\" href=\"https:\/\/web.consaguirre.com.ar\/noticias\/reba-mcentire-anuncia-la-edicion-del-30-aniversario-de-comenzando-over\/\" \/>\n<meta property=\"og:locale\" content=\"es_ES\" \/>\n<meta property=\"og:type\" content=\"article\" \/>\n<meta property=\"og:title\" content=\"Reba McEntire anuncia la edici\u00f3n del 30 aniversario de &#039;Comenzando Over&#039;\" \/>\n<meta property=\"og:description\" content=\"Reba McEntire ha anunciado una nueva edici\u00f3n ampliada de su famosa compilaci\u00f3n de portadas, Que comienzaen celebraci\u00f3n del 30 aniversario del \u00e1lbum. Lanzado el 3\" \/>\n<meta property=\"og:url\" content=\"https:\/\/web.consaguirre.com.ar\/noticias\/reba-mcentire-anuncia-la-edicion-del-30-aniversario-de-comenzando-over\/\" \/>\n<meta property=\"og:site_name\" content=\"Conservatorio de M\u00fasica Juli\u00e1n Aguirre\" \/>\n<meta property=\"article:published_time\" content=\"2025-10-03T23:38:39+00:00\" \/>\n<meta property=\"og:image\" content=\"https:\/\/web.consaguirre.com.ar\/noticias\/wp-content\/uploads\/2025\/10\/Reba-McEntire-anuncia-la-edicion-del-30-aniversario-de-Comenzando.jpg\" \/>\n\t<meta property=\"og:image:width\" content=\"1440\" \/>\n\t<meta property=\"og:image:height\" content=\"864\" \/>\n\t<meta property=\"og:image:type\" content=\"image\/jpeg\" \/>\n<meta name=\"author\" content=\"Javier Figueroa\" \/>\n<meta name=\"twitter:card\" content=\"summary_large_image\" \/>\n<meta name=\"twitter:label1\" content=\"Escrito por\" \/>\n\t<meta name=\"twitter:data1\" content=\"Javier Figueroa\" \/>\n\t<meta name=\"twitter:label2\" content=\"Tiempo de lectura\" \/>\n\t<meta name=\"twitter:data2\" content=\"2 minutos\" \/>\n<script type=\"application\/ld+json\" class=\"yoast-schema-graph\">{\"@context\":\"https:\/\/schema.org\",\"@graph\":[{\"@type\":\"Article\",\"@id\":\"https:\/\/web.consaguirre.com.ar\/noticias\/reba-mcentire-anuncia-la-edicion-del-30-aniversario-de-comenzando-over\/#article\",\"isPartOf\":{\"@id\":\"https:\/\/web.consaguirre.com.ar\/noticias\/reba-mcentire-anuncia-la-edicion-del-30-aniversario-de-comenzando-over\/\"},\"author\":{\"name\":\"Javier Figueroa\",\"@id\":\"https:\/\/web.consaguirre.com.ar\/noticias\/#\/schema\/person\/6558b0cfedee7ddc5425602b237d5722\"},\"headline\":\"Reba McEntire anuncia la edici\u00f3n del 30 aniversario de &#8216;Comenzando Over&#8217;\",\"datePublished\":\"2025-10-03T23:38:39+00:00\",\"dateModified\":\"2025-10-03T23:38:39+00:00\",\"mainEntityOfPage\":{\"@id\":\"https:\/\/web.consaguirre.com.ar\/noticias\/reba-mcentire-anuncia-la-edicion-del-30-aniversario-de-comenzando-over\/\"},\"wordCount\":380,\"publisher\":{\"@id\":\"https:\/\/web.consaguirre.com.ar\/noticias\/#organization\"},\"image\":{\"@id\":\"https:\/\/web.consaguirre.com.ar\/noticias\/reba-mcentire-anuncia-la-edicion-del-30-aniversario-de-comenzando-over\/#primaryimage\"},\"thumbnailUrl\":\"https:\/\/web.consaguirre.com.ar\/noticias\/wp-content\/uploads\/2025\/10\/Reba-McEntire-anuncia-la-edicion-del-30-aniversario-de-Comenzando.jpg\",\"keywords\":[\"aniversario\",\"anuncia\",\"Comenzando\",\"del\",\"edici\u00f3n\",\"McEntire\",\"Reba\"],\"articleSection\":[\"El \u00faltimo\"],\"inLanguage\":\"es-AR\"},{\"@type\":\"WebPage\",\"@id\":\"https:\/\/web.consaguirre.com.ar\/noticias\/reba-mcentire-anuncia-la-edicion-del-30-aniversario-de-comenzando-over\/\",\"url\":\"https:\/\/web.consaguirre.com.ar\/noticias\/reba-mcentire-anuncia-la-edicion-del-30-aniversario-de-comenzando-over\/\",\"name\":\"Reba McEntire anuncia la edici\u00f3n del 30 aniversario de 'Comenzando Over'\",\"isPartOf\":{\"@id\":\"https:\/\/web.consaguirre.com.ar\/noticias\/#website\"},\"primaryImageOfPage\":{\"@id\":\"https:\/\/web.consaguirre.com.ar\/noticias\/reba-mcentire-anuncia-la-edicion-del-30-aniversario-de-comenzando-over\/#primaryimage\"},\"image\":{\"@id\":\"https:\/\/web.consaguirre.com.ar\/noticias\/reba-mcentire-anuncia-la-edicion-del-30-aniversario-de-comenzando-over\/#primaryimage\"},\"thumbnailUrl\":\"https:\/\/web.consaguirre.com.ar\/noticias\/wp-content\/uploads\/2025\/10\/Reba-McEntire-anuncia-la-edicion-del-30-aniversario-de-Comenzando.jpg\",\"datePublished\":\"2025-10-03T23:38:39+00:00\",\"dateModified\":\"2025-10-03T23:38:39+00:00\",\"breadcrumb\":{\"@id\":\"https:\/\/web.consaguirre.com.ar\/noticias\/reba-mcentire-anuncia-la-edicion-del-30-aniversario-de-comenzando-over\/#breadcrumb\"},\"inLanguage\":\"es-AR\",\"potentialAction\":[{\"@type\":\"ReadAction\",\"target\":[\"https:\/\/web.consaguirre.com.ar\/noticias\/reba-mcentire-anuncia-la-edicion-del-30-aniversario-de-comenzando-over\/\"]}]},{\"@type\":\"ImageObject\",\"inLanguage\":\"es-AR\",\"@id\":\"https:\/\/web.consaguirre.com.ar\/noticias\/reba-mcentire-anuncia-la-edicion-del-30-aniversario-de-comenzando-over\/#primaryimage\",\"url\":\"https:\/\/web.consaguirre.com.ar\/noticias\/wp-content\/uploads\/2025\/10\/Reba-McEntire-anuncia-la-edicion-del-30-aniversario-de-Comenzando.jpg\",\"contentUrl\":\"https:\/\/web.consaguirre.com.ar\/noticias\/wp-content\/uploads\/2025\/10\/Reba-McEntire-anuncia-la-edicion-del-30-aniversario-de-Comenzando.jpg\",\"width\":1440,\"height\":864,\"caption\":\"Reba McEntire anuncia la edici\u00f3n del 30 aniversario de 'Comenzando Over'\"},{\"@type\":\"BreadcrumbList\",\"@id\":\"https:\/\/web.consaguirre.com.ar\/noticias\/reba-mcentire-anuncia-la-edicion-del-30-aniversario-de-comenzando-over\/#breadcrumb\",\"itemListElement\":[{\"@type\":\"ListItem\",\"position\":1,\"name\":\"Inicio\",\"item\":\"https:\/\/web.consaguirre.com.ar\/noticias\/\"},{\"@type\":\"ListItem\",\"position\":2,\"name\":\"Reba McEntire anuncia la edici\u00f3n del 30 aniversario de &#8216;Comenzando Over&#8217;\"}]},{\"@type\":\"WebSite\",\"@id\":\"https:\/\/web.consaguirre.com.ar\/noticias\/#website\",\"url\":\"https:\/\/web.consaguirre.com.ar\/noticias\/\",\"name\":\"Conservatorio de M\u00fasica Juli\u00e1n Aguirre\",\"description\":\"\",\"publisher\":{\"@id\":\"https:\/\/web.consaguirre.com.ar\/noticias\/#organization\"},\"potentialAction\":[{\"@type\":\"SearchAction\",\"target\":{\"@type\":\"EntryPoint\",\"urlTemplate\":\"https:\/\/web.consaguirre.com.ar\/noticias\/?s={search_term_string}\"},\"query-input\":\"required name=search_term_string\"}],\"inLanguage\":\"es-AR\"},{\"@type\":\"Organization\",\"@id\":\"https:\/\/web.consaguirre.com.ar\/noticias\/#organization\",\"name\":\"Conservatorio de M\u00fasica Juli\u00e1n Aguirre\",\"url\":\"https:\/\/web.consaguirre.com.ar\/noticias\/\",\"logo\":{\"@type\":\"ImageObject\",\"inLanguage\":\"es-AR\",\"@id\":\"https:\/\/web.consaguirre.com.ar\/noticias\/#\/schema\/logo\/image\/\",\"url\":\"https:\/\/web.consaguirre.com.ar\/noticias\/wp-content\/uploads\/2024\/08\/Banner-Aguirre-23.jpg\",\"contentUrl\":\"https:\/\/web.consaguirre.com.ar\/noticias\/wp-content\/uploads\/2024\/08\/Banner-Aguirre-23.jpg\",\"width\":1192,\"height\":600,\"caption\":\"Conservatorio de M\u00fasica Juli\u00e1n Aguirre\"},\"image\":{\"@id\":\"https:\/\/web.consaguirre.com.ar\/noticias\/#\/schema\/logo\/image\/\"}},{\"@type\":\"Person\",\"@id\":\"https:\/\/web.consaguirre.com.ar\/noticias\/#\/schema\/person\/6558b0cfedee7ddc5425602b237d5722\",\"name\":\"Javier Figueroa\",\"image\":{\"@type\":\"ImageObject\",\"inLanguage\":\"es-AR\",\"@id\":\"https:\/\/web.consaguirre.com.ar\/noticias\/#\/schema\/person\/image\/\",\"url\":\"https:\/\/web.consaguirre.com.ar\/noticias\/wp-content\/uploads\/2024\/08\/Consaguirre-scaled.jpg\",\"contentUrl\":\"https:\/\/web.consaguirre.com.ar\/noticias\/wp-content\/uploads\/2024\/08\/Consaguirre-scaled.jpg\",\"caption\":\"Javier Figueroa\"},\"description\":\"Me llamo Javier Figueroa y soy redactor para el sitio oficial del Conservatorio de M\u00fasica Juli\u00e1n Aguirre en Buenos Aires, consaguirre.com. Apasionado por la m\u00fasica y la escritura, me esfuerzo por destacar los talentos y eventos de nuestra prestigiosa instituci\u00f3n. Mi trayectoria se nutre de una profunda admiraci\u00f3n por los artistas, haciendo de cada art\u00edculo una celebraci\u00f3n de la creatividad y la cultura musical.\",\"sameAs\":[\"https:\/\/web.consaguirre.com.ar\/noticias\"]}]}<\/script>\n<!-- \/ Yoast SEO plugin. -->","yoast_head_json":{"title":"Reba McEntire anuncia la edici\u00f3n del 30 aniversario de 'Comenzando Over'","robots":{"index":"index","follow":"follow","max-snippet":"max-snippet:-1","max-image-preview":"max-image-preview:large","max-video-preview":"max-video-preview:-1"},"canonical":"https:\/\/web.consaguirre.com.ar\/noticias\/reba-mcentire-anuncia-la-edicion-del-30-aniversario-de-comenzando-over\/","og_locale":"es_ES","og_type":"article","og_title":"Reba McEntire anuncia la edici\u00f3n del 30 aniversario de 'Comenzando Over'","og_description":"Reba McEntire ha anunciado una nueva edici\u00f3n ampliada de su famosa compilaci\u00f3n de portadas, Que comienzaen celebraci\u00f3n del 30 aniversario del \u00e1lbum. Lanzado el 3","og_url":"https:\/\/web.consaguirre.com.ar\/noticias\/reba-mcentire-anuncia-la-edicion-del-30-aniversario-de-comenzando-over\/","og_site_name":"Conservatorio de M\u00fasica Juli\u00e1n Aguirre","article_published_time":"2025-10-03T23:38:39+00:00","og_image":[{"width":1440,"height":864,"url":"https:\/\/web.consaguirre.com.ar\/noticias\/wp-content\/uploads\/2025\/10\/Reba-McEntire-anuncia-la-edicion-del-30-aniversario-de-Comenzando.jpg","type":"image\/jpeg"}],"author":"Javier Figueroa","twitter_card":"summary_large_image","twitter_misc":{"Escrito por":"Javier Figueroa","Tiempo de lectura":"2 minutos"},"schema":{"@context":"https:\/\/schema.org","@graph":[{"@type":"Article","@id":"https:\/\/web.consaguirre.com.ar\/noticias\/reba-mcentire-anuncia-la-edicion-del-30-aniversario-de-comenzando-over\/#article","isPartOf":{"@id":"https:\/\/web.consaguirre.com.ar\/noticias\/reba-mcentire-anuncia-la-edicion-del-30-aniversario-de-comenzando-over\/"},"author":{"name":"Javier Figueroa","@id":"https:\/\/web.consaguirre.com.ar\/noticias\/#\/schema\/person\/6558b0cfedee7ddc5425602b237d5722"},"headline":"Reba McEntire anuncia la edici\u00f3n del 30 aniversario de &#8216;Comenzando Over&#8217;","datePublished":"2025-10-03T23:38:39+00:00","dateModified":"2025-10-03T23:38:39+00:00","mainEntityOfPage":{"@id":"https:\/\/web.consaguirre.com.ar\/noticias\/reba-mcentire-anuncia-la-edicion-del-30-aniversario-de-comenzando-over\/"},"wordCount":380,"publisher":{"@id":"https:\/\/web.consaguirre.com.ar\/noticias\/#organization"},"image":{"@id":"https:\/\/web.consaguirre.com.ar\/noticias\/reba-mcentire-anuncia-la-edicion-del-30-aniversario-de-comenzando-over\/#primaryimage"},"thumbnailUrl":"https:\/\/web.consaguirre.com.ar\/noticias\/wp-content\/uploads\/2025\/10\/Reba-McEntire-anuncia-la-edicion-del-30-aniversario-de-Comenzando.jpg","keywords":["aniversario","anuncia","Comenzando","del","edici\u00f3n","McEntire","Reba"],"articleSection":["El \u00faltimo"],"inLanguage":"es-AR"},{"@type":"WebPage","@id":"https:\/\/web.consaguirre.com.ar\/noticias\/reba-mcentire-anuncia-la-edicion-del-30-aniversario-de-comenzando-over\/","url":"https:\/\/web.consaguirre.com.ar\/noticias\/reba-mcentire-anuncia-la-edicion-del-30-aniversario-de-comenzando-over\/","name":"Reba McEntire anuncia la edici\u00f3n del 30 aniversario de 'Comenzando Over'","isPartOf":{"@id":"https:\/\/web.consaguirre.com.ar\/noticias\/#website"},"primaryImageOfPage":{"@id":"https:\/\/web.consaguirre.com.ar\/noticias\/reba-mcentire-anuncia-la-edicion-del-30-aniversario-de-comenzando-over\/#primaryimage"},"image":{"@id":"https:\/\/web.consaguirre.com.ar\/noticias\/reba-mcentire-anuncia-la-edicion-del-30-aniversario-de-comenzando-over\/#primaryimage"},"thumbnailUrl":"https:\/\/web.consaguirre.com.ar\/noticias\/wp-content\/uploads\/2025\/10\/Reba-McEntire-anuncia-la-edicion-del-30-aniversario-de-Comenzando.jpg","datePublished":"2025-10-03T23:38:39+00:00","dateModified":"2025-10-03T23:38:39+00:00","breadcrumb":{"@id":"https:\/\/web.consaguirre.com.ar\/noticias\/reba-mcentire-anuncia-la-edicion-del-30-aniversario-de-comenzando-over\/#breadcrumb"},"inLanguage":"es-AR","potentialAction":[{"@type":"ReadAction","target":["https:\/\/web.consaguirre.com.ar\/noticias\/reba-mcentire-anuncia-la-edicion-del-30-aniversario-de-comenzando-over\/"]}]},{"@type":"ImageObject","inLanguage":"es-AR","@id":"https:\/\/web.consaguirre.com.ar\/noticias\/reba-mcentire-anuncia-la-edicion-del-30-aniversario-de-comenzando-over\/#primaryimage","url":"https:\/\/web.consaguirre.com.ar\/noticias\/wp-content\/uploads\/2025\/10\/Reba-McEntire-anuncia-la-edicion-del-30-aniversario-de-Comenzando.jpg","contentUrl":"https:\/\/web.consaguirre.com.ar\/noticias\/wp-content\/uploads\/2025\/10\/Reba-McEntire-anuncia-la-edicion-del-30-aniversario-de-Comenzando.jpg","width":1440,"height":864,"caption":"Reba McEntire anuncia la edici\u00f3n del 30 aniversario de 'Comenzando Over'"},{"@type":"BreadcrumbList","@id":"https:\/\/web.consaguirre.com.ar\/noticias\/reba-mcentire-anuncia-la-edicion-del-30-aniversario-de-comenzando-over\/#breadcrumb","itemListElement":[{"@type":"ListItem","position":1,"name":"Inicio","item":"https:\/\/web.consaguirre.com.ar\/noticias\/"},{"@type":"ListItem","position":2,"name":"Reba McEntire anuncia la edici\u00f3n del 30 aniversario de &#8216;Comenzando Over&#8217;"}]},{"@type":"WebSite","@id":"https:\/\/web.consaguirre.com.ar\/noticias\/#website","url":"https:\/\/web.consaguirre.com.ar\/noticias\/","name":"Conservatorio de M\u00fasica Juli\u00e1n Aguirre","description":"","publisher":{"@id":"https:\/\/web.consaguirre.com.ar\/noticias\/#organization"},"potentialAction":[{"@type":"SearchAction","target":{"@type":"EntryPoint","urlTemplate":"https:\/\/web.consaguirre.com.ar\/noticias\/?s={search_term_string}"},"query-input":"required name=search_term_string"}],"inLanguage":"es-AR"},{"@type":"Organization","@id":"https:\/\/web.consaguirre.com.ar\/noticias\/#organization","name":"Conservatorio de M\u00fasica Juli\u00e1n Aguirre","url":"https:\/\/web.consaguirre.com.ar\/noticias\/","logo":{"@type":"ImageObject","inLanguage":"es-AR","@id":"https:\/\/web.consaguirre.com.ar\/noticias\/#\/schema\/logo\/image\/","url":"https:\/\/web.consaguirre.com.ar\/noticias\/wp-content\/uploads\/2024\/08\/Banner-Aguirre-23.jpg","contentUrl":"https:\/\/web.consaguirre.com.ar\/noticias\/wp-content\/uploads\/2024\/08\/Banner-Aguirre-23.jpg","width":1192,"height":600,"caption":"Conservatorio de M\u00fasica Juli\u00e1n Aguirre"},"image":{"@id":"https:\/\/web.consaguirre.com.ar\/noticias\/#\/schema\/logo\/image\/"}},{"@type":"Person","@id":"https:\/\/web.consaguirre.com.ar\/noticias\/#\/schema\/person\/6558b0cfedee7ddc5425602b237d5722","name":"Javier Figueroa","image":{"@type":"ImageObject","inLanguage":"es-AR","@id":"https:\/\/web.consaguirre.com.ar\/noticias\/#\/schema\/person\/image\/","url":"https:\/\/web.consaguirre.com.ar\/noticias\/wp-content\/uploads\/2024\/08\/Consaguirre-scaled.jpg","contentUrl":"https:\/\/web.consaguirre.com.ar\/noticias\/wp-content\/uploads\/2024\/08\/Consaguirre-scaled.jpg","caption":"Javier Figueroa"},"description":"Me llamo Javier Figueroa y soy redactor para el sitio oficial del Conservatorio de M\u00fasica Juli\u00e1n Aguirre en Buenos Aires, consaguirre.com. Apasionado por la m\u00fasica y la escritura, me esfuerzo por destacar los talentos y eventos de nuestra prestigiosa instituci\u00f3n. Mi trayectoria se nutre de una profunda admiraci\u00f3n por los artistas, haciendo de cada art\u00edculo una celebraci\u00f3n de la creatividad y la cultura musical.","sameAs":["https:\/\/web.consaguirre.com.ar\/noticias"]}]}},"_links":{"self":[{"href":"https:\/\/web.consaguirre.com.ar\/noticias\/wp-json\/wp\/v2\/posts\/3934"}],"collection":[{"href":"https:\/\/web.consaguirre.com.ar\/noticias\/wp-json\/wp\/v2\/posts"}],"about":[{"href":"https:\/\/web.consaguirre.com.ar\/noticias\/wp-json\/wp\/v2\/types\/post"}],"author":[{"embeddable":true,"href":"https:\/\/web.consaguirre.com.ar\/noticias\/wp-json\/wp\/v2\/users\/1"}],"replies":[{"embeddable":true,"href":"https:\/\/web.consaguirre.com.ar\/noticias\/wp-json\/wp\/v2\/comments?post=3934"}],"version-history":[{"count":1,"href":"https:\/\/web.consaguirre.com.ar\/noticias\/wp-json\/wp\/v2\/posts\/3934\/revisions"}],"predecessor-version":[{"id":3936,"href":"https:\/\/web.consaguirre.com.ar\/noticias\/wp-json\/wp\/v2\/posts\/3934\/revisions\/3936"}],"wp:featuredmedia":[{"embeddable":true,"href":"https:\/\/web.consaguirre.com.ar\/noticias\/wp-json\/wp\/v2\/media\/3935"}],"wp:attachment":[{"href":"https:\/\/web.consaguirre.com.ar\/noticias\/wp-json\/wp\/v2\/media?parent=3934"}],"wp:term":[{"taxonomy":"category","embeddable":true,"href":"https:\/\/web.consaguirre.com.ar\/noticias\/wp-json\/wp\/v2\/categories?post=3934"},{"taxonomy":"post_tag","embeddable":true,"href":"https:\/\/web.consaguirre.com.ar\/noticias\/wp-json\/wp\/v2\/tags?post=3934"}],"curies":[{"name":"wp","href":"https:\/\/api.w.org\/{rel}","templated":true}]}}