{"id":393,"date":"2024-09-02T14:08:54","date_gmt":"2024-09-02T17:08:54","guid":{"rendered":"https:\/\/web.consaguirre.com.ar\/noticias\/el-nuevo-album-de-muni-long-revenge-ya-esta-disponible\/"},"modified":"2024-09-08T16:27:49","modified_gmt":"2024-09-08T19:27:49","slug":"el-nuevo-album-de-muni-long-revenge-ya-esta-disponible","status":"publish","type":"post","link":"https:\/\/web.consaguirre.com.ar\/noticias\/el-nuevo-album-de-muni-long-revenge-ya-esta-disponible\/","title":{"rendered":"El nuevo \u00e1lbum de Muni Long, &#8216;Revenge&#8217;, ya est\u00e1 disponible"},"content":{"rendered":"<p>Muni Long ha lanzado su nuevo \u00e1lbum <em>Venganza<\/em> a trav\u00e9s de <strong>Grabaciones de Def Jam<\/strong>.<\/p>\n<p>En sus propios t\u00e9rminos, Long se ha consolidado como la supermujer del R&#038;B, logrando m\u00faltiples n\u00fameros 1, alcanzando alturas multiplatino y dominando las conversaciones sociales y culturales durante todo el a\u00f1o. Acumulando elogios, <strong>\u201cHoras y horas\u201d<\/strong> acaba de alcanzar el estatus de doble platino, su exitoso sencillo de este proyecto <strong>\u201cHecho para m\u00ed\u201d<\/strong> est\u00e1 certificado Platino y el segundo sencillo del disco, &#8220;Make Me Forget&#8221;, salt\u00f3 al n\u00famero 1 en la radio R&#038;B.<\/p>\n<p>En su conjunto, el \u00e1lbum muestra la amplitud del talento art\u00edstico de la superestrella ganadora del premio Grammy. Desde cl\u00e1sicos del futuro que te hacen temblar de dormitorio hasta momentos cat\u00e1rticos de puro empoderamiento, ilumina cada faceta de su presencia asombrosa e innegable. Es crudo. Es real. Es <em>Venganza<\/em>\u2026<\/p>\n<p>Sobre Revenge, Long declara: \u201cEstoy tratando de consolidarme como un gigante del R&#038;B y tengo la confianza suficiente para decirlo porque s\u00e9 que hicimos m\u00fasica de calidad. Cuando escuches Revenge, quiero que te sientas como me sent\u00ed yo cuando escuch\u00e9 el primer \u00e1lbum de Maxwell. Espero que mi m\u00fasica pueda ser un poco de medicina. Prometo que te sentir\u00e1s mejor\u201d.<\/p>\n<div class=\"uD-YT-container\"><img decoding=\"async\" src=\"https:\/\/web.consaguirre.com.ar\/noticias\/wp-content\/uploads\/2024\/09\/1725296934_758_El-nuevo-album-de-Muni-Long-Revenge-ya-esta-disponible.jpg\" alt=\"V\u00eddeo de YouTube\"><\/p>\n<\/div>\n<p>El mes pasado, prepar\u00f3 el terreno para el \u00e1lbum con \u201cRuined Me\u201d. Adem\u00e1s de sumar millones de reproducciones, provoc\u00f3 un aplauso un\u00e1nime de la cr\u00edtica. \u201cRuined Me\u201d lleg\u00f3 tras \u201cMake Me Forget\u201d, que escal\u00f3 las listas y lleg\u00f3 al Top 10 de la lista de reproducci\u00f3n de R&#038;B para adultos de Billboard.<\/p>\n<p>A principios de este a\u00f1o, la artista recarg\u00f3 su \u00e9xito certificado platino &#8220;Made For Me&#8221; al lanzar un potente remix con Mariah Carey y ofreci\u00f3 una actuaci\u00f3n espectacular en el final de temporada del programa de NBC. <em>La voz<\/em>.<\/p>\n<p>&#8220;Made For Me&#8221; se ubic\u00f3 en el Top 20 del Billboard Hot 100 y pas\u00f3 7 semanas en el puesto n\u00famero 1 de la lista R&#038;B Radio Airplay y se catapult\u00f3 al puesto n\u00famero 1 de la lista R&#038;B de Apple y al puesto n\u00famero 2 de la lista All Genres de Apple Music. El video musical tambi\u00e9n tiene 50 millones de vistas en YouTube. Producida por el legendario Jermaine Dupri, Bryan Michael Cox y Jordan XL, &#8220;Made For Me&#8221; sigui\u00f3 los pasos del gran \u00e9xito &#8220;Hrs &#038; Hrs&#8221; y salt\u00f3 al puesto n\u00famero 1 de la R&#038;B Radio, consolidando su poder de permanencia en la cima de las listas.<\/p>\n<p><strong>Comprar o transmitir <em>Venganza<\/em><\/strong>.<\/p>\n","protected":false},"excerpt":{"rendered":"<p>Muni Long ha lanzado su nuevo \u00e1lbum Venganza a trav\u00e9s de Grabaciones de Def Jam. En sus propios t\u00e9rminos, Long se ha consolidado como la<\/p>\n","protected":false},"author":1,"featured_media":394,"comment_status":"closed","ping_status":"open","sticky":false,"template":"","format":"standard","meta":{"footnotes":""},"categories":[50],"tags":[147,408,302,274,409,146,410],"class_list":["post-393","post","type-post","status-publish","format-standard","has-post-thumbnail","hentry","category-el-ultimo","tag-album","tag-disponible","tag-esta","tag-long","tag-muni","tag-nuevo","tag-revenge","generate-columns","tablet-grid-50","mobile-grid-100","grid-parent","grid-50"],"yoast_head":"<!-- This site is optimized with the Yoast SEO plugin v23.3 - https:\/\/yoast.com\/wordpress\/plugins\/seo\/ -->\n<title>El nuevo \u00e1lbum de Muni Long, &#039;Revenge&#039;, ya est\u00e1 disponible<\/title>\n<meta name=\"robots\" content=\"index, follow, max-snippet:-1, max-image-preview:large, max-video-preview:-1\" \/>\n<link rel=\"canonical\" href=\"https:\/\/web.consaguirre.com.ar\/noticias\/el-nuevo-album-de-muni-long-revenge-ya-esta-disponible\/\" \/>\n<meta property=\"og:locale\" content=\"es_ES\" \/>\n<meta property=\"og:type\" content=\"article\" \/>\n<meta property=\"og:title\" content=\"El nuevo \u00e1lbum de Muni Long, &#039;Revenge&#039;, ya est\u00e1 disponible\" \/>\n<meta property=\"og:description\" content=\"Muni Long ha lanzado su nuevo \u00e1lbum Venganza a trav\u00e9s de Grabaciones de Def Jam. En sus propios t\u00e9rminos, Long se ha consolidado como la\" \/>\n<meta property=\"og:url\" content=\"https:\/\/web.consaguirre.com.ar\/noticias\/el-nuevo-album-de-muni-long-revenge-ya-esta-disponible\/\" \/>\n<meta property=\"og:site_name\" content=\"Conservatorio de M\u00fasica Juli\u00e1n Aguirre\" \/>\n<meta property=\"article:published_time\" content=\"2024-09-02T17:08:54+00:00\" \/>\n<meta property=\"article:modified_time\" content=\"2024-09-08T19:27:49+00:00\" \/>\n<meta property=\"og:image\" content=\"https:\/\/web.consaguirre.com.ar\/noticias\/wp-content\/uploads\/2024\/09\/El-nuevo-album-de-Muni-Long-Revenge-ya-esta-disponible.jpg\" \/>\n\t<meta property=\"og:image:width\" content=\"1440\" \/>\n\t<meta property=\"og:image:height\" content=\"864\" \/>\n\t<meta property=\"og:image:type\" content=\"image\/jpeg\" \/>\n<meta name=\"author\" content=\"Javier Figueroa\" \/>\n<meta name=\"twitter:card\" content=\"summary_large_image\" \/>\n<meta name=\"twitter:label1\" content=\"Escrito por\" \/>\n\t<meta name=\"twitter:data1\" content=\"Javier Figueroa\" \/>\n\t<meta name=\"twitter:label2\" content=\"Tiempo de lectura\" \/>\n\t<meta name=\"twitter:data2\" content=\"2 minutos\" \/>\n<script type=\"application\/ld+json\" class=\"yoast-schema-graph\">{\"@context\":\"https:\/\/schema.org\",\"@graph\":[{\"@type\":\"Article\",\"@id\":\"https:\/\/web.consaguirre.com.ar\/noticias\/el-nuevo-album-de-muni-long-revenge-ya-esta-disponible\/#article\",\"isPartOf\":{\"@id\":\"https:\/\/web.consaguirre.com.ar\/noticias\/el-nuevo-album-de-muni-long-revenge-ya-esta-disponible\/\"},\"author\":{\"name\":\"Javier Figueroa\",\"@id\":\"https:\/\/web.consaguirre.com.ar\/noticias\/#\/schema\/person\/6558b0cfedee7ddc5425602b237d5722\"},\"headline\":\"El nuevo \u00e1lbum de Muni Long, &#8216;Revenge&#8217;, ya est\u00e1 disponible\",\"datePublished\":\"2024-09-02T17:08:54+00:00\",\"dateModified\":\"2024-09-08T19:27:49+00:00\",\"mainEntityOfPage\":{\"@id\":\"https:\/\/web.consaguirre.com.ar\/noticias\/el-nuevo-album-de-muni-long-revenge-ya-esta-disponible\/\"},\"wordCount\":430,\"publisher\":{\"@id\":\"https:\/\/web.consaguirre.com.ar\/noticias\/#organization\"},\"image\":{\"@id\":\"https:\/\/web.consaguirre.com.ar\/noticias\/el-nuevo-album-de-muni-long-revenge-ya-esta-disponible\/#primaryimage\"},\"thumbnailUrl\":\"https:\/\/web.consaguirre.com.ar\/noticias\/wp-content\/uploads\/2024\/09\/El-nuevo-album-de-Muni-Long-Revenge-ya-esta-disponible.jpg\",\"keywords\":[\"\u00e1lbum\",\"disponible\",\"est\u00e1\",\"Long\",\"Muni\",\"nuevo\",\"Revenge\"],\"articleSection\":[\"El \u00faltimo\"],\"inLanguage\":\"es-AR\"},{\"@type\":\"WebPage\",\"@id\":\"https:\/\/web.consaguirre.com.ar\/noticias\/el-nuevo-album-de-muni-long-revenge-ya-esta-disponible\/\",\"url\":\"https:\/\/web.consaguirre.com.ar\/noticias\/el-nuevo-album-de-muni-long-revenge-ya-esta-disponible\/\",\"name\":\"El nuevo \u00e1lbum de Muni Long, 'Revenge', ya est\u00e1 disponible\",\"isPartOf\":{\"@id\":\"https:\/\/web.consaguirre.com.ar\/noticias\/#website\"},\"primaryImageOfPage\":{\"@id\":\"https:\/\/web.consaguirre.com.ar\/noticias\/el-nuevo-album-de-muni-long-revenge-ya-esta-disponible\/#primaryimage\"},\"image\":{\"@id\":\"https:\/\/web.consaguirre.com.ar\/noticias\/el-nuevo-album-de-muni-long-revenge-ya-esta-disponible\/#primaryimage\"},\"thumbnailUrl\":\"https:\/\/web.consaguirre.com.ar\/noticias\/wp-content\/uploads\/2024\/09\/El-nuevo-album-de-Muni-Long-Revenge-ya-esta-disponible.jpg\",\"datePublished\":\"2024-09-02T17:08:54+00:00\",\"dateModified\":\"2024-09-08T19:27:49+00:00\",\"breadcrumb\":{\"@id\":\"https:\/\/web.consaguirre.com.ar\/noticias\/el-nuevo-album-de-muni-long-revenge-ya-esta-disponible\/#breadcrumb\"},\"inLanguage\":\"es-AR\",\"potentialAction\":[{\"@type\":\"ReadAction\",\"target\":[\"https:\/\/web.consaguirre.com.ar\/noticias\/el-nuevo-album-de-muni-long-revenge-ya-esta-disponible\/\"]}]},{\"@type\":\"ImageObject\",\"inLanguage\":\"es-AR\",\"@id\":\"https:\/\/web.consaguirre.com.ar\/noticias\/el-nuevo-album-de-muni-long-revenge-ya-esta-disponible\/#primaryimage\",\"url\":\"https:\/\/web.consaguirre.com.ar\/noticias\/wp-content\/uploads\/2024\/09\/El-nuevo-album-de-Muni-Long-Revenge-ya-esta-disponible.jpg\",\"contentUrl\":\"https:\/\/web.consaguirre.com.ar\/noticias\/wp-content\/uploads\/2024\/09\/El-nuevo-album-de-Muni-Long-Revenge-ya-esta-disponible.jpg\",\"width\":1440,\"height\":864,\"caption\":\"Muni-Long-Revenge-Out-Now\"},{\"@type\":\"BreadcrumbList\",\"@id\":\"https:\/\/web.consaguirre.com.ar\/noticias\/el-nuevo-album-de-muni-long-revenge-ya-esta-disponible\/#breadcrumb\",\"itemListElement\":[{\"@type\":\"ListItem\",\"position\":1,\"name\":\"Inicio\",\"item\":\"https:\/\/web.consaguirre.com.ar\/noticias\/\"},{\"@type\":\"ListItem\",\"position\":2,\"name\":\"El nuevo \u00e1lbum de Muni Long, &#8216;Revenge&#8217;, ya est\u00e1 disponible\"}]},{\"@type\":\"WebSite\",\"@id\":\"https:\/\/web.consaguirre.com.ar\/noticias\/#website\",\"url\":\"https:\/\/web.consaguirre.com.ar\/noticias\/\",\"name\":\"Conservatorio de M\u00fasica Juli\u00e1n Aguirre\",\"description\":\"\",\"publisher\":{\"@id\":\"https:\/\/web.consaguirre.com.ar\/noticias\/#organization\"},\"potentialAction\":[{\"@type\":\"SearchAction\",\"target\":{\"@type\":\"EntryPoint\",\"urlTemplate\":\"https:\/\/web.consaguirre.com.ar\/noticias\/?s={search_term_string}\"},\"query-input\":\"required name=search_term_string\"}],\"inLanguage\":\"es-AR\"},{\"@type\":\"Organization\",\"@id\":\"https:\/\/web.consaguirre.com.ar\/noticias\/#organization\",\"name\":\"Conservatorio de M\u00fasica Juli\u00e1n Aguirre\",\"url\":\"https:\/\/web.consaguirre.com.ar\/noticias\/\",\"logo\":{\"@type\":\"ImageObject\",\"inLanguage\":\"es-AR\",\"@id\":\"https:\/\/web.consaguirre.com.ar\/noticias\/#\/schema\/logo\/image\/\",\"url\":\"https:\/\/web.consaguirre.com.ar\/noticias\/wp-content\/uploads\/2024\/08\/Banner-Aguirre-23.jpg\",\"contentUrl\":\"https:\/\/web.consaguirre.com.ar\/noticias\/wp-content\/uploads\/2024\/08\/Banner-Aguirre-23.jpg\",\"width\":1192,\"height\":600,\"caption\":\"Conservatorio de M\u00fasica Juli\u00e1n Aguirre\"},\"image\":{\"@id\":\"https:\/\/web.consaguirre.com.ar\/noticias\/#\/schema\/logo\/image\/\"}},{\"@type\":\"Person\",\"@id\":\"https:\/\/web.consaguirre.com.ar\/noticias\/#\/schema\/person\/6558b0cfedee7ddc5425602b237d5722\",\"name\":\"Javier Figueroa\",\"image\":{\"@type\":\"ImageObject\",\"inLanguage\":\"es-AR\",\"@id\":\"https:\/\/web.consaguirre.com.ar\/noticias\/#\/schema\/person\/image\/\",\"url\":\"https:\/\/web.consaguirre.com.ar\/noticias\/wp-content\/uploads\/2024\/08\/Consaguirre-scaled.jpg\",\"contentUrl\":\"https:\/\/web.consaguirre.com.ar\/noticias\/wp-content\/uploads\/2024\/08\/Consaguirre-scaled.jpg\",\"caption\":\"Javier Figueroa\"},\"description\":\"Me llamo Javier Figueroa y soy redactor para el sitio oficial del Conservatorio de M\u00fasica Juli\u00e1n Aguirre en Buenos Aires, consaguirre.com. Apasionado por la m\u00fasica y la escritura, me esfuerzo por destacar los talentos y eventos de nuestra prestigiosa instituci\u00f3n. Mi trayectoria se nutre de una profunda admiraci\u00f3n por los artistas, haciendo de cada art\u00edculo una celebraci\u00f3n de la creatividad y la cultura musical.\",\"sameAs\":[\"https:\/\/web.consaguirre.com.ar\/noticias\"]}]}<\/script>\n<!-- \/ Yoast SEO plugin. -->","yoast_head_json":{"title":"El nuevo \u00e1lbum de Muni Long, 'Revenge', ya est\u00e1 disponible","robots":{"index":"index","follow":"follow","max-snippet":"max-snippet:-1","max-image-preview":"max-image-preview:large","max-video-preview":"max-video-preview:-1"},"canonical":"https:\/\/web.consaguirre.com.ar\/noticias\/el-nuevo-album-de-muni-long-revenge-ya-esta-disponible\/","og_locale":"es_ES","og_type":"article","og_title":"El nuevo \u00e1lbum de Muni Long, 'Revenge', ya est\u00e1 disponible","og_description":"Muni Long ha lanzado su nuevo \u00e1lbum Venganza a trav\u00e9s de Grabaciones de Def Jam. En sus propios t\u00e9rminos, Long se ha consolidado como la","og_url":"https:\/\/web.consaguirre.com.ar\/noticias\/el-nuevo-album-de-muni-long-revenge-ya-esta-disponible\/","og_site_name":"Conservatorio de M\u00fasica Juli\u00e1n Aguirre","article_published_time":"2024-09-02T17:08:54+00:00","article_modified_time":"2024-09-08T19:27:49+00:00","og_image":[{"width":1440,"height":864,"url":"https:\/\/web.consaguirre.com.ar\/noticias\/wp-content\/uploads\/2024\/09\/El-nuevo-album-de-Muni-Long-Revenge-ya-esta-disponible.jpg","type":"image\/jpeg"}],"author":"Javier Figueroa","twitter_card":"summary_large_image","twitter_misc":{"Escrito por":"Javier Figueroa","Tiempo de lectura":"2 minutos"},"schema":{"@context":"https:\/\/schema.org","@graph":[{"@type":"Article","@id":"https:\/\/web.consaguirre.com.ar\/noticias\/el-nuevo-album-de-muni-long-revenge-ya-esta-disponible\/#article","isPartOf":{"@id":"https:\/\/web.consaguirre.com.ar\/noticias\/el-nuevo-album-de-muni-long-revenge-ya-esta-disponible\/"},"author":{"name":"Javier Figueroa","@id":"https:\/\/web.consaguirre.com.ar\/noticias\/#\/schema\/person\/6558b0cfedee7ddc5425602b237d5722"},"headline":"El nuevo \u00e1lbum de Muni Long, &#8216;Revenge&#8217;, ya est\u00e1 disponible","datePublished":"2024-09-02T17:08:54+00:00","dateModified":"2024-09-08T19:27:49+00:00","mainEntityOfPage":{"@id":"https:\/\/web.consaguirre.com.ar\/noticias\/el-nuevo-album-de-muni-long-revenge-ya-esta-disponible\/"},"wordCount":430,"publisher":{"@id":"https:\/\/web.consaguirre.com.ar\/noticias\/#organization"},"image":{"@id":"https:\/\/web.consaguirre.com.ar\/noticias\/el-nuevo-album-de-muni-long-revenge-ya-esta-disponible\/#primaryimage"},"thumbnailUrl":"https:\/\/web.consaguirre.com.ar\/noticias\/wp-content\/uploads\/2024\/09\/El-nuevo-album-de-Muni-Long-Revenge-ya-esta-disponible.jpg","keywords":["\u00e1lbum","disponible","est\u00e1","Long","Muni","nuevo","Revenge"],"articleSection":["El \u00faltimo"],"inLanguage":"es-AR"},{"@type":"WebPage","@id":"https:\/\/web.consaguirre.com.ar\/noticias\/el-nuevo-album-de-muni-long-revenge-ya-esta-disponible\/","url":"https:\/\/web.consaguirre.com.ar\/noticias\/el-nuevo-album-de-muni-long-revenge-ya-esta-disponible\/","name":"El nuevo \u00e1lbum de Muni Long, 'Revenge', ya est\u00e1 disponible","isPartOf":{"@id":"https:\/\/web.consaguirre.com.ar\/noticias\/#website"},"primaryImageOfPage":{"@id":"https:\/\/web.consaguirre.com.ar\/noticias\/el-nuevo-album-de-muni-long-revenge-ya-esta-disponible\/#primaryimage"},"image":{"@id":"https:\/\/web.consaguirre.com.ar\/noticias\/el-nuevo-album-de-muni-long-revenge-ya-esta-disponible\/#primaryimage"},"thumbnailUrl":"https:\/\/web.consaguirre.com.ar\/noticias\/wp-content\/uploads\/2024\/09\/El-nuevo-album-de-Muni-Long-Revenge-ya-esta-disponible.jpg","datePublished":"2024-09-02T17:08:54+00:00","dateModified":"2024-09-08T19:27:49+00:00","breadcrumb":{"@id":"https:\/\/web.consaguirre.com.ar\/noticias\/el-nuevo-album-de-muni-long-revenge-ya-esta-disponible\/#breadcrumb"},"inLanguage":"es-AR","potentialAction":[{"@type":"ReadAction","target":["https:\/\/web.consaguirre.com.ar\/noticias\/el-nuevo-album-de-muni-long-revenge-ya-esta-disponible\/"]}]},{"@type":"ImageObject","inLanguage":"es-AR","@id":"https:\/\/web.consaguirre.com.ar\/noticias\/el-nuevo-album-de-muni-long-revenge-ya-esta-disponible\/#primaryimage","url":"https:\/\/web.consaguirre.com.ar\/noticias\/wp-content\/uploads\/2024\/09\/El-nuevo-album-de-Muni-Long-Revenge-ya-esta-disponible.jpg","contentUrl":"https:\/\/web.consaguirre.com.ar\/noticias\/wp-content\/uploads\/2024\/09\/El-nuevo-album-de-Muni-Long-Revenge-ya-esta-disponible.jpg","width":1440,"height":864,"caption":"Muni-Long-Revenge-Out-Now"},{"@type":"BreadcrumbList","@id":"https:\/\/web.consaguirre.com.ar\/noticias\/el-nuevo-album-de-muni-long-revenge-ya-esta-disponible\/#breadcrumb","itemListElement":[{"@type":"ListItem","position":1,"name":"Inicio","item":"https:\/\/web.consaguirre.com.ar\/noticias\/"},{"@type":"ListItem","position":2,"name":"El nuevo \u00e1lbum de Muni Long, &#8216;Revenge&#8217;, ya est\u00e1 disponible"}]},{"@type":"WebSite","@id":"https:\/\/web.consaguirre.com.ar\/noticias\/#website","url":"https:\/\/web.consaguirre.com.ar\/noticias\/","name":"Conservatorio de M\u00fasica Juli\u00e1n Aguirre","description":"","publisher":{"@id":"https:\/\/web.consaguirre.com.ar\/noticias\/#organization"},"potentialAction":[{"@type":"SearchAction","target":{"@type":"EntryPoint","urlTemplate":"https:\/\/web.consaguirre.com.ar\/noticias\/?s={search_term_string}"},"query-input":"required name=search_term_string"}],"inLanguage":"es-AR"},{"@type":"Organization","@id":"https:\/\/web.consaguirre.com.ar\/noticias\/#organization","name":"Conservatorio de M\u00fasica Juli\u00e1n Aguirre","url":"https:\/\/web.consaguirre.com.ar\/noticias\/","logo":{"@type":"ImageObject","inLanguage":"es-AR","@id":"https:\/\/web.consaguirre.com.ar\/noticias\/#\/schema\/logo\/image\/","url":"https:\/\/web.consaguirre.com.ar\/noticias\/wp-content\/uploads\/2024\/08\/Banner-Aguirre-23.jpg","contentUrl":"https:\/\/web.consaguirre.com.ar\/noticias\/wp-content\/uploads\/2024\/08\/Banner-Aguirre-23.jpg","width":1192,"height":600,"caption":"Conservatorio de M\u00fasica Juli\u00e1n Aguirre"},"image":{"@id":"https:\/\/web.consaguirre.com.ar\/noticias\/#\/schema\/logo\/image\/"}},{"@type":"Person","@id":"https:\/\/web.consaguirre.com.ar\/noticias\/#\/schema\/person\/6558b0cfedee7ddc5425602b237d5722","name":"Javier Figueroa","image":{"@type":"ImageObject","inLanguage":"es-AR","@id":"https:\/\/web.consaguirre.com.ar\/noticias\/#\/schema\/person\/image\/","url":"https:\/\/web.consaguirre.com.ar\/noticias\/wp-content\/uploads\/2024\/08\/Consaguirre-scaled.jpg","contentUrl":"https:\/\/web.consaguirre.com.ar\/noticias\/wp-content\/uploads\/2024\/08\/Consaguirre-scaled.jpg","caption":"Javier Figueroa"},"description":"Me llamo Javier Figueroa y soy redactor para el sitio oficial del Conservatorio de M\u00fasica Juli\u00e1n Aguirre en Buenos Aires, consaguirre.com. Apasionado por la m\u00fasica y la escritura, me esfuerzo por destacar los talentos y eventos de nuestra prestigiosa instituci\u00f3n. Mi trayectoria se nutre de una profunda admiraci\u00f3n por los artistas, haciendo de cada art\u00edculo una celebraci\u00f3n de la creatividad y la cultura musical.","sameAs":["https:\/\/web.consaguirre.com.ar\/noticias"]}]}},"_links":{"self":[{"href":"https:\/\/web.consaguirre.com.ar\/noticias\/wp-json\/wp\/v2\/posts\/393"}],"collection":[{"href":"https:\/\/web.consaguirre.com.ar\/noticias\/wp-json\/wp\/v2\/posts"}],"about":[{"href":"https:\/\/web.consaguirre.com.ar\/noticias\/wp-json\/wp\/v2\/types\/post"}],"author":[{"embeddable":true,"href":"https:\/\/web.consaguirre.com.ar\/noticias\/wp-json\/wp\/v2\/users\/1"}],"replies":[{"embeddable":true,"href":"https:\/\/web.consaguirre.com.ar\/noticias\/wp-json\/wp\/v2\/comments?post=393"}],"version-history":[{"count":1,"href":"https:\/\/web.consaguirre.com.ar\/noticias\/wp-json\/wp\/v2\/posts\/393\/revisions"}],"predecessor-version":[{"id":395,"href":"https:\/\/web.consaguirre.com.ar\/noticias\/wp-json\/wp\/v2\/posts\/393\/revisions\/395"}],"wp:featuredmedia":[{"embeddable":true,"href":"https:\/\/web.consaguirre.com.ar\/noticias\/wp-json\/wp\/v2\/media\/394"}],"wp:attachment":[{"href":"https:\/\/web.consaguirre.com.ar\/noticias\/wp-json\/wp\/v2\/media?parent=393"}],"wp:term":[{"taxonomy":"category","embeddable":true,"href":"https:\/\/web.consaguirre.com.ar\/noticias\/wp-json\/wp\/v2\/categories?post=393"},{"taxonomy":"post_tag","embeddable":true,"href":"https:\/\/web.consaguirre.com.ar\/noticias\/wp-json\/wp\/v2\/tags?post=393"}],"curies":[{"name":"wp","href":"https:\/\/api.w.org\/{rel}","templated":true}]}}