{"id":3928,"date":"2025-10-03T14:39:28","date_gmt":"2025-10-03T17:39:28","guid":{"rendered":"https:\/\/web.consaguirre.com.ar\/noticias\/kali-uchis-lanza-deluxe-edition-de-sincerely\/"},"modified":"2025-10-03T14:39:30","modified_gmt":"2025-10-03T17:39:30","slug":"kali-uchis-lanza-deluxe-edition-de-sincerely","status":"publish","type":"post","link":"https:\/\/web.consaguirre.com.ar\/noticias\/kali-uchis-lanza-deluxe-edition-de-sincerely\/","title":{"rendered":"Kali Uchis lanza Deluxe Edition de &#8216;Sincerely&#8217;"},"content":{"rendered":"<p>Kali Uchis ha lanzado la edici\u00f3n de lujo a su quinto \u00e1lbum de estudio, <em>Atentamente<\/em>. Ahora en Capitol Records, <em>Sinceramente: PD<\/em> Agrega cinco nuevas pistas al proyecto original, incluido el sencillo &#8220;Pretty Promises&#8221; con Mariah the Scientist.<\/p>\n<p>El original <em>Atentamente<\/em> El \u00e1lbum, escrito y producido por Uchis, sali\u00f3 en mayo. La vio regresar al canto ingl\u00e9s, despu\u00e9s de lanzar el disco en espa\u00f1ol <em>Orquiedas<\/em> a principios de 2024. <em>Atentamente<\/em> Alcanz\u00f3 el n\u00famero 2 en el Billboard 200 e incluy\u00f3 singles &#8220;All I Can Say&#8221;, &#8220;Sunshine &#038; Rain &#8230;&#8221; y &#8220;Ilysmih&#8221;. Anunci\u00f3 la edici\u00f3n de lujo en septiembre junto con el lanzamiento de otra nueva canci\u00f3n, &#8220;Cry About It!&#8221; Con Ravyn Lenae.<\/p>\n<div class=\"uD-YT-container\"><img decoding=\"async\" src=\"https:\/\/web.consaguirre.com.ar\/noticias\/wp-content\/uploads\/2025\/10\/1759513168_420_Kali-Uchis-lanza-Deluxe-Edition-de-Sincerely.jpg\" alt=\"Video de YouTube\"><br \/>Haga clic para cargar video<\/div>\n<p>El lanzamiento de The Deluxe tambi\u00e9n sigue a Sincerely Tour de Uchis, que concluy\u00f3 el fin de semana pasado en el Intuit Dome en Los \u00c1ngeles despu\u00e9s de una serie de espect\u00e1culos de arena. A lo largo de la gira, que incluy\u00f3 espect\u00e1culos consecutivos en el Foro KIA y dos noches en el Madison Square Garden, Uchis sac\u00f3 una gran cantidad de invitados, incluidos SZA, Tyler the Creator, Peso Pluma, Steve Lacy, JT y Rauw Alejandro. En cada fecha, fue acompa\u00f1ada por Thee Sacred Souls, un grupo influenciado por Doo-Wop que ha lanzado m\u00fasica con Daptone Records.<\/p>\n<p>La pista de 14 <em>Atentamente<\/em> Va a Uchis inspirarse en la correspondencia escrita, inicialmente imaginando cada pista como una letra a otra persona, o a s\u00ed misma. Pero un gran cambio de vida la llev\u00f3 a reenfocarse en un escenario espec\u00edfico. &#8220;Cuando mi madre falleci\u00f3, mucho de lo que me quedaba de ella son cartas que me escribi\u00f3, y as\u00ed termin\u00f3, como dije, solo m\u00e1s y m\u00e1s razones para darme cuenta de que era el t\u00edtulo correcto para el proyecto&#8221;, dijo a la AP en mayo.<\/p><\/p>\n","protected":false},"excerpt":{"rendered":"<p>Kali Uchis ha lanzado la edici\u00f3n de lujo a su quinto \u00e1lbum de estudio, Atentamente. Ahora en Capitol Records, Sinceramente: PD Agrega cinco nuevas pistas<\/p>\n","protected":false},"author":1,"featured_media":3929,"comment_status":"closed","ping_status":"","sticky":false,"template":"","format":"standard","meta":{"footnotes":""},"categories":[50],"tags":[547,85,2229,218,2505,2230],"class_list":["post-3928","post","type-post","status-publish","format-standard","has-post-thumbnail","hentry","category-el-ultimo","tag-deluxe","tag-edition","tag-kali","tag-lanza","tag-sincerely","tag-uchis","generate-columns","tablet-grid-50","mobile-grid-100","grid-parent","grid-50"],"yoast_head":"<!-- This site is optimized with the Yoast SEO plugin v23.3 - https:\/\/yoast.com\/wordpress\/plugins\/seo\/ -->\n<title>Kali Uchis lanza Deluxe Edition de &#039;Sincerely&#039;<\/title>\n<meta name=\"robots\" content=\"index, follow, max-snippet:-1, max-image-preview:large, max-video-preview:-1\" \/>\n<link rel=\"canonical\" href=\"https:\/\/web.consaguirre.com.ar\/noticias\/kali-uchis-lanza-deluxe-edition-de-sincerely\/\" \/>\n<meta property=\"og:locale\" content=\"es_ES\" \/>\n<meta property=\"og:type\" content=\"article\" \/>\n<meta property=\"og:title\" content=\"Kali Uchis lanza Deluxe Edition de &#039;Sincerely&#039;\" \/>\n<meta property=\"og:description\" content=\"Kali Uchis ha lanzado la edici\u00f3n de lujo a su quinto \u00e1lbum de estudio, Atentamente. Ahora en Capitol Records, Sinceramente: PD Agrega cinco nuevas pistas\" \/>\n<meta property=\"og:url\" content=\"https:\/\/web.consaguirre.com.ar\/noticias\/kali-uchis-lanza-deluxe-edition-de-sincerely\/\" \/>\n<meta property=\"og:site_name\" content=\"Conservatorio de M\u00fasica Juli\u00e1n Aguirre\" \/>\n<meta property=\"article:published_time\" content=\"2025-10-03T17:39:28+00:00\" \/>\n<meta property=\"article:modified_time\" content=\"2025-10-03T17:39:30+00:00\" \/>\n<meta property=\"og:image\" content=\"https:\/\/web.consaguirre.com.ar\/noticias\/wp-content\/uploads\/2025\/10\/Kali-Uchis-lanza-Deluxe-Edition-de-Sincerely.jpg\" \/>\n\t<meta property=\"og:image:width\" content=\"820\" \/>\n\t<meta property=\"og:image:height\" content=\"820\" \/>\n\t<meta property=\"og:image:type\" content=\"image\/jpeg\" \/>\n<meta name=\"author\" content=\"Javier Figueroa\" \/>\n<meta name=\"twitter:card\" content=\"summary_large_image\" \/>\n<meta name=\"twitter:label1\" content=\"Escrito por\" \/>\n\t<meta name=\"twitter:data1\" content=\"Javier Figueroa\" \/>\n\t<meta name=\"twitter:label2\" content=\"Tiempo de lectura\" \/>\n\t<meta name=\"twitter:data2\" content=\"2 minutos\" \/>\n<script type=\"application\/ld+json\" class=\"yoast-schema-graph\">{\"@context\":\"https:\/\/schema.org\",\"@graph\":[{\"@type\":\"Article\",\"@id\":\"https:\/\/web.consaguirre.com.ar\/noticias\/kali-uchis-lanza-deluxe-edition-de-sincerely\/#article\",\"isPartOf\":{\"@id\":\"https:\/\/web.consaguirre.com.ar\/noticias\/kali-uchis-lanza-deluxe-edition-de-sincerely\/\"},\"author\":{\"name\":\"Javier Figueroa\",\"@id\":\"https:\/\/web.consaguirre.com.ar\/noticias\/#\/schema\/person\/6558b0cfedee7ddc5425602b237d5722\"},\"headline\":\"Kali Uchis lanza Deluxe Edition de &#8216;Sincerely&#8217;\",\"datePublished\":\"2025-10-03T17:39:28+00:00\",\"dateModified\":\"2025-10-03T17:39:30+00:00\",\"mainEntityOfPage\":{\"@id\":\"https:\/\/web.consaguirre.com.ar\/noticias\/kali-uchis-lanza-deluxe-edition-de-sincerely\/\"},\"wordCount\":317,\"publisher\":{\"@id\":\"https:\/\/web.consaguirre.com.ar\/noticias\/#organization\"},\"image\":{\"@id\":\"https:\/\/web.consaguirre.com.ar\/noticias\/kali-uchis-lanza-deluxe-edition-de-sincerely\/#primaryimage\"},\"thumbnailUrl\":\"https:\/\/web.consaguirre.com.ar\/noticias\/wp-content\/uploads\/2025\/10\/Kali-Uchis-lanza-Deluxe-Edition-de-Sincerely.jpg\",\"keywords\":[\"Deluxe\",\"Edition\",\"Kali\",\"lanza\",\"Sincerely\",\"Uchis\"],\"articleSection\":[\"El \u00faltimo\"],\"inLanguage\":\"es-AR\"},{\"@type\":\"WebPage\",\"@id\":\"https:\/\/web.consaguirre.com.ar\/noticias\/kali-uchis-lanza-deluxe-edition-de-sincerely\/\",\"url\":\"https:\/\/web.consaguirre.com.ar\/noticias\/kali-uchis-lanza-deluxe-edition-de-sincerely\/\",\"name\":\"Kali Uchis lanza Deluxe Edition de 'Sincerely'\",\"isPartOf\":{\"@id\":\"https:\/\/web.consaguirre.com.ar\/noticias\/#website\"},\"primaryImageOfPage\":{\"@id\":\"https:\/\/web.consaguirre.com.ar\/noticias\/kali-uchis-lanza-deluxe-edition-de-sincerely\/#primaryimage\"},\"image\":{\"@id\":\"https:\/\/web.consaguirre.com.ar\/noticias\/kali-uchis-lanza-deluxe-edition-de-sincerely\/#primaryimage\"},\"thumbnailUrl\":\"https:\/\/web.consaguirre.com.ar\/noticias\/wp-content\/uploads\/2025\/10\/Kali-Uchis-lanza-Deluxe-Edition-de-Sincerely.jpg\",\"datePublished\":\"2025-10-03T17:39:28+00:00\",\"dateModified\":\"2025-10-03T17:39:30+00:00\",\"breadcrumb\":{\"@id\":\"https:\/\/web.consaguirre.com.ar\/noticias\/kali-uchis-lanza-deluxe-edition-de-sincerely\/#breadcrumb\"},\"inLanguage\":\"es-AR\",\"potentialAction\":[{\"@type\":\"ReadAction\",\"target\":[\"https:\/\/web.consaguirre.com.ar\/noticias\/kali-uchis-lanza-deluxe-edition-de-sincerely\/\"]}]},{\"@type\":\"ImageObject\",\"inLanguage\":\"es-AR\",\"@id\":\"https:\/\/web.consaguirre.com.ar\/noticias\/kali-uchis-lanza-deluxe-edition-de-sincerely\/#primaryimage\",\"url\":\"https:\/\/web.consaguirre.com.ar\/noticias\/wp-content\/uploads\/2025\/10\/Kali-Uchis-lanza-Deluxe-Edition-de-Sincerely.jpg\",\"contentUrl\":\"https:\/\/web.consaguirre.com.ar\/noticias\/wp-content\/uploads\/2025\/10\/Kali-Uchis-lanza-Deluxe-Edition-de-Sincerely.jpg\",\"width\":820,\"height\":820,\"caption\":\"Kali Uchis lanza Deluxe Edition de 'Sincerely'\"},{\"@type\":\"BreadcrumbList\",\"@id\":\"https:\/\/web.consaguirre.com.ar\/noticias\/kali-uchis-lanza-deluxe-edition-de-sincerely\/#breadcrumb\",\"itemListElement\":[{\"@type\":\"ListItem\",\"position\":1,\"name\":\"Inicio\",\"item\":\"https:\/\/web.consaguirre.com.ar\/noticias\/\"},{\"@type\":\"ListItem\",\"position\":2,\"name\":\"Kali Uchis lanza Deluxe Edition de &#8216;Sincerely&#8217;\"}]},{\"@type\":\"WebSite\",\"@id\":\"https:\/\/web.consaguirre.com.ar\/noticias\/#website\",\"url\":\"https:\/\/web.consaguirre.com.ar\/noticias\/\",\"name\":\"Conservatorio de M\u00fasica Juli\u00e1n Aguirre\",\"description\":\"\",\"publisher\":{\"@id\":\"https:\/\/web.consaguirre.com.ar\/noticias\/#organization\"},\"potentialAction\":[{\"@type\":\"SearchAction\",\"target\":{\"@type\":\"EntryPoint\",\"urlTemplate\":\"https:\/\/web.consaguirre.com.ar\/noticias\/?s={search_term_string}\"},\"query-input\":\"required name=search_term_string\"}],\"inLanguage\":\"es-AR\"},{\"@type\":\"Organization\",\"@id\":\"https:\/\/web.consaguirre.com.ar\/noticias\/#organization\",\"name\":\"Conservatorio de M\u00fasica Juli\u00e1n Aguirre\",\"url\":\"https:\/\/web.consaguirre.com.ar\/noticias\/\",\"logo\":{\"@type\":\"ImageObject\",\"inLanguage\":\"es-AR\",\"@id\":\"https:\/\/web.consaguirre.com.ar\/noticias\/#\/schema\/logo\/image\/\",\"url\":\"https:\/\/web.consaguirre.com.ar\/noticias\/wp-content\/uploads\/2024\/08\/Banner-Aguirre-23.jpg\",\"contentUrl\":\"https:\/\/web.consaguirre.com.ar\/noticias\/wp-content\/uploads\/2024\/08\/Banner-Aguirre-23.jpg\",\"width\":1192,\"height\":600,\"caption\":\"Conservatorio de M\u00fasica Juli\u00e1n Aguirre\"},\"image\":{\"@id\":\"https:\/\/web.consaguirre.com.ar\/noticias\/#\/schema\/logo\/image\/\"}},{\"@type\":\"Person\",\"@id\":\"https:\/\/web.consaguirre.com.ar\/noticias\/#\/schema\/person\/6558b0cfedee7ddc5425602b237d5722\",\"name\":\"Javier Figueroa\",\"image\":{\"@type\":\"ImageObject\",\"inLanguage\":\"es-AR\",\"@id\":\"https:\/\/web.consaguirre.com.ar\/noticias\/#\/schema\/person\/image\/\",\"url\":\"https:\/\/web.consaguirre.com.ar\/noticias\/wp-content\/uploads\/2024\/08\/Consaguirre-scaled.jpg\",\"contentUrl\":\"https:\/\/web.consaguirre.com.ar\/noticias\/wp-content\/uploads\/2024\/08\/Consaguirre-scaled.jpg\",\"caption\":\"Javier Figueroa\"},\"description\":\"Me llamo Javier Figueroa y soy redactor para el sitio oficial del Conservatorio de M\u00fasica Juli\u00e1n Aguirre en Buenos Aires, consaguirre.com. Apasionado por la m\u00fasica y la escritura, me esfuerzo por destacar los talentos y eventos de nuestra prestigiosa instituci\u00f3n. Mi trayectoria se nutre de una profunda admiraci\u00f3n por los artistas, haciendo de cada art\u00edculo una celebraci\u00f3n de la creatividad y la cultura musical.\",\"sameAs\":[\"https:\/\/web.consaguirre.com.ar\/noticias\"]}]}<\/script>\n<!-- \/ Yoast SEO plugin. -->","yoast_head_json":{"title":"Kali Uchis lanza Deluxe Edition de 'Sincerely'","robots":{"index":"index","follow":"follow","max-snippet":"max-snippet:-1","max-image-preview":"max-image-preview:large","max-video-preview":"max-video-preview:-1"},"canonical":"https:\/\/web.consaguirre.com.ar\/noticias\/kali-uchis-lanza-deluxe-edition-de-sincerely\/","og_locale":"es_ES","og_type":"article","og_title":"Kali Uchis lanza Deluxe Edition de 'Sincerely'","og_description":"Kali Uchis ha lanzado la edici\u00f3n de lujo a su quinto \u00e1lbum de estudio, Atentamente. Ahora en Capitol Records, Sinceramente: PD Agrega cinco nuevas pistas","og_url":"https:\/\/web.consaguirre.com.ar\/noticias\/kali-uchis-lanza-deluxe-edition-de-sincerely\/","og_site_name":"Conservatorio de M\u00fasica Juli\u00e1n Aguirre","article_published_time":"2025-10-03T17:39:28+00:00","article_modified_time":"2025-10-03T17:39:30+00:00","og_image":[{"width":820,"height":820,"url":"https:\/\/web.consaguirre.com.ar\/noticias\/wp-content\/uploads\/2025\/10\/Kali-Uchis-lanza-Deluxe-Edition-de-Sincerely.jpg","type":"image\/jpeg"}],"author":"Javier Figueroa","twitter_card":"summary_large_image","twitter_misc":{"Escrito por":"Javier Figueroa","Tiempo de lectura":"2 minutos"},"schema":{"@context":"https:\/\/schema.org","@graph":[{"@type":"Article","@id":"https:\/\/web.consaguirre.com.ar\/noticias\/kali-uchis-lanza-deluxe-edition-de-sincerely\/#article","isPartOf":{"@id":"https:\/\/web.consaguirre.com.ar\/noticias\/kali-uchis-lanza-deluxe-edition-de-sincerely\/"},"author":{"name":"Javier Figueroa","@id":"https:\/\/web.consaguirre.com.ar\/noticias\/#\/schema\/person\/6558b0cfedee7ddc5425602b237d5722"},"headline":"Kali Uchis lanza Deluxe Edition de &#8216;Sincerely&#8217;","datePublished":"2025-10-03T17:39:28+00:00","dateModified":"2025-10-03T17:39:30+00:00","mainEntityOfPage":{"@id":"https:\/\/web.consaguirre.com.ar\/noticias\/kali-uchis-lanza-deluxe-edition-de-sincerely\/"},"wordCount":317,"publisher":{"@id":"https:\/\/web.consaguirre.com.ar\/noticias\/#organization"},"image":{"@id":"https:\/\/web.consaguirre.com.ar\/noticias\/kali-uchis-lanza-deluxe-edition-de-sincerely\/#primaryimage"},"thumbnailUrl":"https:\/\/web.consaguirre.com.ar\/noticias\/wp-content\/uploads\/2025\/10\/Kali-Uchis-lanza-Deluxe-Edition-de-Sincerely.jpg","keywords":["Deluxe","Edition","Kali","lanza","Sincerely","Uchis"],"articleSection":["El \u00faltimo"],"inLanguage":"es-AR"},{"@type":"WebPage","@id":"https:\/\/web.consaguirre.com.ar\/noticias\/kali-uchis-lanza-deluxe-edition-de-sincerely\/","url":"https:\/\/web.consaguirre.com.ar\/noticias\/kali-uchis-lanza-deluxe-edition-de-sincerely\/","name":"Kali Uchis lanza Deluxe Edition de 'Sincerely'","isPartOf":{"@id":"https:\/\/web.consaguirre.com.ar\/noticias\/#website"},"primaryImageOfPage":{"@id":"https:\/\/web.consaguirre.com.ar\/noticias\/kali-uchis-lanza-deluxe-edition-de-sincerely\/#primaryimage"},"image":{"@id":"https:\/\/web.consaguirre.com.ar\/noticias\/kali-uchis-lanza-deluxe-edition-de-sincerely\/#primaryimage"},"thumbnailUrl":"https:\/\/web.consaguirre.com.ar\/noticias\/wp-content\/uploads\/2025\/10\/Kali-Uchis-lanza-Deluxe-Edition-de-Sincerely.jpg","datePublished":"2025-10-03T17:39:28+00:00","dateModified":"2025-10-03T17:39:30+00:00","breadcrumb":{"@id":"https:\/\/web.consaguirre.com.ar\/noticias\/kali-uchis-lanza-deluxe-edition-de-sincerely\/#breadcrumb"},"inLanguage":"es-AR","potentialAction":[{"@type":"ReadAction","target":["https:\/\/web.consaguirre.com.ar\/noticias\/kali-uchis-lanza-deluxe-edition-de-sincerely\/"]}]},{"@type":"ImageObject","inLanguage":"es-AR","@id":"https:\/\/web.consaguirre.com.ar\/noticias\/kali-uchis-lanza-deluxe-edition-de-sincerely\/#primaryimage","url":"https:\/\/web.consaguirre.com.ar\/noticias\/wp-content\/uploads\/2025\/10\/Kali-Uchis-lanza-Deluxe-Edition-de-Sincerely.jpg","contentUrl":"https:\/\/web.consaguirre.com.ar\/noticias\/wp-content\/uploads\/2025\/10\/Kali-Uchis-lanza-Deluxe-Edition-de-Sincerely.jpg","width":820,"height":820,"caption":"Kali Uchis lanza Deluxe Edition de 'Sincerely'"},{"@type":"BreadcrumbList","@id":"https:\/\/web.consaguirre.com.ar\/noticias\/kali-uchis-lanza-deluxe-edition-de-sincerely\/#breadcrumb","itemListElement":[{"@type":"ListItem","position":1,"name":"Inicio","item":"https:\/\/web.consaguirre.com.ar\/noticias\/"},{"@type":"ListItem","position":2,"name":"Kali Uchis lanza Deluxe Edition de &#8216;Sincerely&#8217;"}]},{"@type":"WebSite","@id":"https:\/\/web.consaguirre.com.ar\/noticias\/#website","url":"https:\/\/web.consaguirre.com.ar\/noticias\/","name":"Conservatorio de M\u00fasica Juli\u00e1n Aguirre","description":"","publisher":{"@id":"https:\/\/web.consaguirre.com.ar\/noticias\/#organization"},"potentialAction":[{"@type":"SearchAction","target":{"@type":"EntryPoint","urlTemplate":"https:\/\/web.consaguirre.com.ar\/noticias\/?s={search_term_string}"},"query-input":"required name=search_term_string"}],"inLanguage":"es-AR"},{"@type":"Organization","@id":"https:\/\/web.consaguirre.com.ar\/noticias\/#organization","name":"Conservatorio de M\u00fasica Juli\u00e1n Aguirre","url":"https:\/\/web.consaguirre.com.ar\/noticias\/","logo":{"@type":"ImageObject","inLanguage":"es-AR","@id":"https:\/\/web.consaguirre.com.ar\/noticias\/#\/schema\/logo\/image\/","url":"https:\/\/web.consaguirre.com.ar\/noticias\/wp-content\/uploads\/2024\/08\/Banner-Aguirre-23.jpg","contentUrl":"https:\/\/web.consaguirre.com.ar\/noticias\/wp-content\/uploads\/2024\/08\/Banner-Aguirre-23.jpg","width":1192,"height":600,"caption":"Conservatorio de M\u00fasica Juli\u00e1n Aguirre"},"image":{"@id":"https:\/\/web.consaguirre.com.ar\/noticias\/#\/schema\/logo\/image\/"}},{"@type":"Person","@id":"https:\/\/web.consaguirre.com.ar\/noticias\/#\/schema\/person\/6558b0cfedee7ddc5425602b237d5722","name":"Javier Figueroa","image":{"@type":"ImageObject","inLanguage":"es-AR","@id":"https:\/\/web.consaguirre.com.ar\/noticias\/#\/schema\/person\/image\/","url":"https:\/\/web.consaguirre.com.ar\/noticias\/wp-content\/uploads\/2024\/08\/Consaguirre-scaled.jpg","contentUrl":"https:\/\/web.consaguirre.com.ar\/noticias\/wp-content\/uploads\/2024\/08\/Consaguirre-scaled.jpg","caption":"Javier Figueroa"},"description":"Me llamo Javier Figueroa y soy redactor para el sitio oficial del Conservatorio de M\u00fasica Juli\u00e1n Aguirre en Buenos Aires, consaguirre.com. Apasionado por la m\u00fasica y la escritura, me esfuerzo por destacar los talentos y eventos de nuestra prestigiosa instituci\u00f3n. Mi trayectoria se nutre de una profunda admiraci\u00f3n por los artistas, haciendo de cada art\u00edculo una celebraci\u00f3n de la creatividad y la cultura musical.","sameAs":["https:\/\/web.consaguirre.com.ar\/noticias"]}]}},"_links":{"self":[{"href":"https:\/\/web.consaguirre.com.ar\/noticias\/wp-json\/wp\/v2\/posts\/3928"}],"collection":[{"href":"https:\/\/web.consaguirre.com.ar\/noticias\/wp-json\/wp\/v2\/posts"}],"about":[{"href":"https:\/\/web.consaguirre.com.ar\/noticias\/wp-json\/wp\/v2\/types\/post"}],"author":[{"embeddable":true,"href":"https:\/\/web.consaguirre.com.ar\/noticias\/wp-json\/wp\/v2\/users\/1"}],"replies":[{"embeddable":true,"href":"https:\/\/web.consaguirre.com.ar\/noticias\/wp-json\/wp\/v2\/comments?post=3928"}],"version-history":[{"count":1,"href":"https:\/\/web.consaguirre.com.ar\/noticias\/wp-json\/wp\/v2\/posts\/3928\/revisions"}],"predecessor-version":[{"id":3930,"href":"https:\/\/web.consaguirre.com.ar\/noticias\/wp-json\/wp\/v2\/posts\/3928\/revisions\/3930"}],"wp:featuredmedia":[{"embeddable":true,"href":"https:\/\/web.consaguirre.com.ar\/noticias\/wp-json\/wp\/v2\/media\/3929"}],"wp:attachment":[{"href":"https:\/\/web.consaguirre.com.ar\/noticias\/wp-json\/wp\/v2\/media?parent=3928"}],"wp:term":[{"taxonomy":"category","embeddable":true,"href":"https:\/\/web.consaguirre.com.ar\/noticias\/wp-json\/wp\/v2\/categories?post=3928"},{"taxonomy":"post_tag","embeddable":true,"href":"https:\/\/web.consaguirre.com.ar\/noticias\/wp-json\/wp\/v2\/tags?post=3928"}],"curies":[{"name":"wp","href":"https:\/\/api.w.org\/{rel}","templated":true}]}}