{"id":3925,"date":"2025-10-03T11:38:26","date_gmt":"2025-10-03T14:38:26","guid":{"rendered":"https:\/\/web.consaguirre.com.ar\/noticias\/los-buenos-vecinos-comparten-el-album-debut-blue-sky-mentality\/"},"modified":"2025-10-03T11:38:28","modified_gmt":"2025-10-03T14:38:28","slug":"los-buenos-vecinos-comparten-el-album-debut-blue-sky-mentality","status":"publish","type":"post","link":"https:\/\/web.consaguirre.com.ar\/noticias\/los-buenos-vecinos-comparten-el-album-debut-blue-sky-mentality\/","title":{"rendered":"Los buenos vecinos comparten el \u00e1lbum debut &#8216;Blue Sky Mentality&#8217;"},"content":{"rendered":"<p>El \u00e1lbum debut del d\u00fao indie brit\u00e1nico Good Neighbours est\u00e1 aqu\u00ed. El grupo lanzado <em>Mentalidad del cielo azul<\/em> Hoy, construyendo la energ\u00eda de su enorme sencillo de 2024 &#8220;Home&#8221; para compartir toda la colecci\u00f3n de 14 pistas. El \u00e1lbum est\u00e1 disponible ahora en las plataformas de transmisi\u00f3n y est\u00e1 disponible para su compra en vinilo.<\/p>\n<p>&#8220;La mentalidad de Blue Sky ha sido nuestro lema desde el primer d\u00eda&#8221;, dice la banda en un comunicado. \u201cOur band began as a kind of light relief \u2013 a creative outlet to break from jobs that we couldn&#8217;t stand and some tough personal times. Over the last year, we ran with that feeling, writing our debut album on the road \u2013 in the back of tour buses, hotel rooms, and scattered corners of the world. That&#8217;s what &#8216;blue sky mentality&#8217; means to us\u2014finding light, friendship and a sense of escapism wherever you are.\u201d<\/p>\n<div class=\"uD-YT-container\"><img decoding=\"async\" src=\"https:\/\/web.consaguirre.com.ar\/noticias\/wp-content\/uploads\/2025\/10\/1759502306_464_Los-buenos-vecinos-comparten-el-album-debut-Blue-Sky-Mentality.jpg\" alt=\"Video de YouTube\"><br \/>Haga clic para cargar video<\/div>\n<p>Antes de <em>Mentalidad del cielo azul<\/em>Los buenos vecinos compartieron varios singles con videos l\u00edricos acompa\u00f1antes. El m\u00e1s reciente fue &#8220;People Need People&#8221;, que el d\u00fao cre\u00f3 en funci\u00f3n de sus experiencias previas a la fama. &#8220;Cuando comenzamos esta banda, entramos y salimos de los trabajos y luchamos por mantenernos a flote. Afortunadamente, tuvimos un incre\u00edble grupo de compa\u00f1eros a nuestro alrededor a quienes vimos re\u00edr y llorar cuando las cosas se ponen duras&#8221;. Antes de &#8220;People Need People&#8221;, la banda tambi\u00e9n comparti\u00f3 los singles &#8220;Found U\/Me&#8221; y &#8220;Suburbs&#8221;.<\/p>\n<p>Los buenos vecinos tambi\u00e9n han estado ocupados de gira durante gran parte del verano de 2025, y eso continuar\u00e1 hasta el oto\u00f1o. Este fin de semana, la banda actuar\u00e1 en el Austin City Limits Festival y regresar\u00e1 para su segundo fin de semana. El d\u00fao se presentar\u00e1 en todo Estados Unidos (m\u00e1s dos fechas en Canad\u00e1) hasta mediados de noviembre, tocando la mayor\u00eda de las ciudades importantes antes de concluir la gira en El Rey en Los \u00c1ngeles. Antes de este pr\u00f3ximo tramo de fechas, Good Neighbours ha dedicado su tiempo a apoyar varios otros actos importantes, incluidos Benson Boone, Mumford and Sons, los Lumineers y Fomentar a la gente. A principios de este a\u00f1o, el d\u00fao tambi\u00e9n fue nominado para un premio Brit a Rising Star.<\/p>\n<p>Ordenar buenos vecinos <em>Mentalidad del cielo azul<\/em> en vinilo ahora.<\/p>\n","protected":false},"excerpt":{"rendered":"<p>El \u00e1lbum debut del d\u00fao indie brit\u00e1nico Good Neighbours est\u00e1 aqu\u00ed. El grupo lanzado Mentalidad del cielo azul Hoy, construyendo la energ\u00eda de su enorme<\/p>\n","protected":false},"author":1,"featured_media":3926,"comment_status":"closed","ping_status":"","sticky":false,"template":"","format":"standard","meta":{"footnotes":""},"categories":[50],"tags":[147,498,3308,194,257,180,3310,1326,3309],"class_list":["post-3925","post","type-post","status-publish","format-standard","has-post-thumbnail","hentry","category-el-ultimo","tag-album","tag-blue","tag-buenos","tag-comparten","tag-debut","tag-los","tag-mentality","tag-sky","tag-vecinos","generate-columns","tablet-grid-50","mobile-grid-100","grid-parent","grid-50"],"yoast_head":"<!-- This site is optimized with the Yoast SEO plugin v23.3 - https:\/\/yoast.com\/wordpress\/plugins\/seo\/ -->\n<title>Los buenos vecinos comparten el \u00e1lbum debut &#039;Blue Sky Mentality&#039;<\/title>\n<meta name=\"robots\" content=\"index, follow, max-snippet:-1, max-image-preview:large, max-video-preview:-1\" \/>\n<link rel=\"canonical\" href=\"https:\/\/web.consaguirre.com.ar\/noticias\/los-buenos-vecinos-comparten-el-album-debut-blue-sky-mentality\/\" \/>\n<meta property=\"og:locale\" content=\"es_ES\" \/>\n<meta property=\"og:type\" content=\"article\" \/>\n<meta property=\"og:title\" content=\"Los buenos vecinos comparten el \u00e1lbum debut &#039;Blue Sky Mentality&#039;\" \/>\n<meta property=\"og:description\" content=\"El \u00e1lbum debut del d\u00fao indie brit\u00e1nico Good Neighbours est\u00e1 aqu\u00ed. El grupo lanzado Mentalidad del cielo azul Hoy, construyendo la energ\u00eda de su enorme\" \/>\n<meta property=\"og:url\" content=\"https:\/\/web.consaguirre.com.ar\/noticias\/los-buenos-vecinos-comparten-el-album-debut-blue-sky-mentality\/\" \/>\n<meta property=\"og:site_name\" content=\"Conservatorio de M\u00fasica Juli\u00e1n Aguirre\" \/>\n<meta property=\"article:published_time\" content=\"2025-10-03T14:38:26+00:00\" \/>\n<meta property=\"article:modified_time\" content=\"2025-10-03T14:38:28+00:00\" \/>\n<meta property=\"og:image\" content=\"https:\/\/web.consaguirre.com.ar\/noticias\/wp-content\/uploads\/2025\/10\/Los-buenos-vecinos-comparten-el-album-debut-Blue-Sky-Mentality.jpg\" \/>\n\t<meta property=\"og:image:width\" content=\"1280\" \/>\n\t<meta property=\"og:image:height\" content=\"1280\" \/>\n\t<meta property=\"og:image:type\" content=\"image\/jpeg\" \/>\n<meta name=\"author\" content=\"Javier Figueroa\" \/>\n<meta name=\"twitter:card\" content=\"summary_large_image\" \/>\n<meta name=\"twitter:label1\" content=\"Escrito por\" \/>\n\t<meta name=\"twitter:data1\" content=\"Javier Figueroa\" \/>\n\t<meta name=\"twitter:label2\" content=\"Tiempo de lectura\" \/>\n\t<meta name=\"twitter:data2\" content=\"2 minutos\" \/>\n<script type=\"application\/ld+json\" class=\"yoast-schema-graph\">{\"@context\":\"https:\/\/schema.org\",\"@graph\":[{\"@type\":\"Article\",\"@id\":\"https:\/\/web.consaguirre.com.ar\/noticias\/los-buenos-vecinos-comparten-el-album-debut-blue-sky-mentality\/#article\",\"isPartOf\":{\"@id\":\"https:\/\/web.consaguirre.com.ar\/noticias\/los-buenos-vecinos-comparten-el-album-debut-blue-sky-mentality\/\"},\"author\":{\"name\":\"Javier Figueroa\",\"@id\":\"https:\/\/web.consaguirre.com.ar\/noticias\/#\/schema\/person\/6558b0cfedee7ddc5425602b237d5722\"},\"headline\":\"Los buenos vecinos comparten el \u00e1lbum debut &#8216;Blue Sky Mentality&#8217;\",\"datePublished\":\"2025-10-03T14:38:26+00:00\",\"dateModified\":\"2025-10-03T14:38:28+00:00\",\"mainEntityOfPage\":{\"@id\":\"https:\/\/web.consaguirre.com.ar\/noticias\/los-buenos-vecinos-comparten-el-album-debut-blue-sky-mentality\/\"},\"wordCount\":412,\"publisher\":{\"@id\":\"https:\/\/web.consaguirre.com.ar\/noticias\/#organization\"},\"image\":{\"@id\":\"https:\/\/web.consaguirre.com.ar\/noticias\/los-buenos-vecinos-comparten-el-album-debut-blue-sky-mentality\/#primaryimage\"},\"thumbnailUrl\":\"https:\/\/web.consaguirre.com.ar\/noticias\/wp-content\/uploads\/2025\/10\/Los-buenos-vecinos-comparten-el-album-debut-Blue-Sky-Mentality.jpg\",\"keywords\":[\"\u00e1lbum\",\"Blue\",\"buenos\",\"comparten\",\"debut\",\"los\",\"Mentality\",\"Sky\",\"vecinos\"],\"articleSection\":[\"El \u00faltimo\"],\"inLanguage\":\"es-AR\"},{\"@type\":\"WebPage\",\"@id\":\"https:\/\/web.consaguirre.com.ar\/noticias\/los-buenos-vecinos-comparten-el-album-debut-blue-sky-mentality\/\",\"url\":\"https:\/\/web.consaguirre.com.ar\/noticias\/los-buenos-vecinos-comparten-el-album-debut-blue-sky-mentality\/\",\"name\":\"Los buenos vecinos comparten el \u00e1lbum debut 'Blue Sky Mentality'\",\"isPartOf\":{\"@id\":\"https:\/\/web.consaguirre.com.ar\/noticias\/#website\"},\"primaryImageOfPage\":{\"@id\":\"https:\/\/web.consaguirre.com.ar\/noticias\/los-buenos-vecinos-comparten-el-album-debut-blue-sky-mentality\/#primaryimage\"},\"image\":{\"@id\":\"https:\/\/web.consaguirre.com.ar\/noticias\/los-buenos-vecinos-comparten-el-album-debut-blue-sky-mentality\/#primaryimage\"},\"thumbnailUrl\":\"https:\/\/web.consaguirre.com.ar\/noticias\/wp-content\/uploads\/2025\/10\/Los-buenos-vecinos-comparten-el-album-debut-Blue-Sky-Mentality.jpg\",\"datePublished\":\"2025-10-03T14:38:26+00:00\",\"dateModified\":\"2025-10-03T14:38:28+00:00\",\"breadcrumb\":{\"@id\":\"https:\/\/web.consaguirre.com.ar\/noticias\/los-buenos-vecinos-comparten-el-album-debut-blue-sky-mentality\/#breadcrumb\"},\"inLanguage\":\"es-AR\",\"potentialAction\":[{\"@type\":\"ReadAction\",\"target\":[\"https:\/\/web.consaguirre.com.ar\/noticias\/los-buenos-vecinos-comparten-el-album-debut-blue-sky-mentality\/\"]}]},{\"@type\":\"ImageObject\",\"inLanguage\":\"es-AR\",\"@id\":\"https:\/\/web.consaguirre.com.ar\/noticias\/los-buenos-vecinos-comparten-el-album-debut-blue-sky-mentality\/#primaryimage\",\"url\":\"https:\/\/web.consaguirre.com.ar\/noticias\/wp-content\/uploads\/2025\/10\/Los-buenos-vecinos-comparten-el-album-debut-Blue-Sky-Mentality.jpg\",\"contentUrl\":\"https:\/\/web.consaguirre.com.ar\/noticias\/wp-content\/uploads\/2025\/10\/Los-buenos-vecinos-comparten-el-album-debut-Blue-Sky-Mentality.jpg\",\"width\":1280,\"height\":1280,\"caption\":\"Los buenos vecinos comparten el \u00e1lbum debut 'Blue Sky Mentality'\"},{\"@type\":\"BreadcrumbList\",\"@id\":\"https:\/\/web.consaguirre.com.ar\/noticias\/los-buenos-vecinos-comparten-el-album-debut-blue-sky-mentality\/#breadcrumb\",\"itemListElement\":[{\"@type\":\"ListItem\",\"position\":1,\"name\":\"Inicio\",\"item\":\"https:\/\/web.consaguirre.com.ar\/noticias\/\"},{\"@type\":\"ListItem\",\"position\":2,\"name\":\"Los buenos vecinos comparten el \u00e1lbum debut &#8216;Blue Sky Mentality&#8217;\"}]},{\"@type\":\"WebSite\",\"@id\":\"https:\/\/web.consaguirre.com.ar\/noticias\/#website\",\"url\":\"https:\/\/web.consaguirre.com.ar\/noticias\/\",\"name\":\"Conservatorio de M\u00fasica Juli\u00e1n Aguirre\",\"description\":\"\",\"publisher\":{\"@id\":\"https:\/\/web.consaguirre.com.ar\/noticias\/#organization\"},\"potentialAction\":[{\"@type\":\"SearchAction\",\"target\":{\"@type\":\"EntryPoint\",\"urlTemplate\":\"https:\/\/web.consaguirre.com.ar\/noticias\/?s={search_term_string}\"},\"query-input\":\"required name=search_term_string\"}],\"inLanguage\":\"es-AR\"},{\"@type\":\"Organization\",\"@id\":\"https:\/\/web.consaguirre.com.ar\/noticias\/#organization\",\"name\":\"Conservatorio de M\u00fasica Juli\u00e1n Aguirre\",\"url\":\"https:\/\/web.consaguirre.com.ar\/noticias\/\",\"logo\":{\"@type\":\"ImageObject\",\"inLanguage\":\"es-AR\",\"@id\":\"https:\/\/web.consaguirre.com.ar\/noticias\/#\/schema\/logo\/image\/\",\"url\":\"https:\/\/web.consaguirre.com.ar\/noticias\/wp-content\/uploads\/2024\/08\/Banner-Aguirre-23.jpg\",\"contentUrl\":\"https:\/\/web.consaguirre.com.ar\/noticias\/wp-content\/uploads\/2024\/08\/Banner-Aguirre-23.jpg\",\"width\":1192,\"height\":600,\"caption\":\"Conservatorio de M\u00fasica Juli\u00e1n Aguirre\"},\"image\":{\"@id\":\"https:\/\/web.consaguirre.com.ar\/noticias\/#\/schema\/logo\/image\/\"}},{\"@type\":\"Person\",\"@id\":\"https:\/\/web.consaguirre.com.ar\/noticias\/#\/schema\/person\/6558b0cfedee7ddc5425602b237d5722\",\"name\":\"Javier Figueroa\",\"image\":{\"@type\":\"ImageObject\",\"inLanguage\":\"es-AR\",\"@id\":\"https:\/\/web.consaguirre.com.ar\/noticias\/#\/schema\/person\/image\/\",\"url\":\"https:\/\/web.consaguirre.com.ar\/noticias\/wp-content\/uploads\/2024\/08\/Consaguirre-scaled.jpg\",\"contentUrl\":\"https:\/\/web.consaguirre.com.ar\/noticias\/wp-content\/uploads\/2024\/08\/Consaguirre-scaled.jpg\",\"caption\":\"Javier Figueroa\"},\"description\":\"Me llamo Javier Figueroa y soy redactor para el sitio oficial del Conservatorio de M\u00fasica Juli\u00e1n Aguirre en Buenos Aires, consaguirre.com. Apasionado por la m\u00fasica y la escritura, me esfuerzo por destacar los talentos y eventos de nuestra prestigiosa instituci\u00f3n. Mi trayectoria se nutre de una profunda admiraci\u00f3n por los artistas, haciendo de cada art\u00edculo una celebraci\u00f3n de la creatividad y la cultura musical.\",\"sameAs\":[\"https:\/\/web.consaguirre.com.ar\/noticias\"]}]}<\/script>\n<!-- \/ Yoast SEO plugin. -->","yoast_head_json":{"title":"Los buenos vecinos comparten el \u00e1lbum debut 'Blue Sky Mentality'","robots":{"index":"index","follow":"follow","max-snippet":"max-snippet:-1","max-image-preview":"max-image-preview:large","max-video-preview":"max-video-preview:-1"},"canonical":"https:\/\/web.consaguirre.com.ar\/noticias\/los-buenos-vecinos-comparten-el-album-debut-blue-sky-mentality\/","og_locale":"es_ES","og_type":"article","og_title":"Los buenos vecinos comparten el \u00e1lbum debut 'Blue Sky Mentality'","og_description":"El \u00e1lbum debut del d\u00fao indie brit\u00e1nico Good Neighbours est\u00e1 aqu\u00ed. El grupo lanzado Mentalidad del cielo azul Hoy, construyendo la energ\u00eda de su enorme","og_url":"https:\/\/web.consaguirre.com.ar\/noticias\/los-buenos-vecinos-comparten-el-album-debut-blue-sky-mentality\/","og_site_name":"Conservatorio de M\u00fasica Juli\u00e1n Aguirre","article_published_time":"2025-10-03T14:38:26+00:00","article_modified_time":"2025-10-03T14:38:28+00:00","og_image":[{"width":1280,"height":1280,"url":"https:\/\/web.consaguirre.com.ar\/noticias\/wp-content\/uploads\/2025\/10\/Los-buenos-vecinos-comparten-el-album-debut-Blue-Sky-Mentality.jpg","type":"image\/jpeg"}],"author":"Javier Figueroa","twitter_card":"summary_large_image","twitter_misc":{"Escrito por":"Javier Figueroa","Tiempo de lectura":"2 minutos"},"schema":{"@context":"https:\/\/schema.org","@graph":[{"@type":"Article","@id":"https:\/\/web.consaguirre.com.ar\/noticias\/los-buenos-vecinos-comparten-el-album-debut-blue-sky-mentality\/#article","isPartOf":{"@id":"https:\/\/web.consaguirre.com.ar\/noticias\/los-buenos-vecinos-comparten-el-album-debut-blue-sky-mentality\/"},"author":{"name":"Javier Figueroa","@id":"https:\/\/web.consaguirre.com.ar\/noticias\/#\/schema\/person\/6558b0cfedee7ddc5425602b237d5722"},"headline":"Los buenos vecinos comparten el \u00e1lbum debut &#8216;Blue Sky Mentality&#8217;","datePublished":"2025-10-03T14:38:26+00:00","dateModified":"2025-10-03T14:38:28+00:00","mainEntityOfPage":{"@id":"https:\/\/web.consaguirre.com.ar\/noticias\/los-buenos-vecinos-comparten-el-album-debut-blue-sky-mentality\/"},"wordCount":412,"publisher":{"@id":"https:\/\/web.consaguirre.com.ar\/noticias\/#organization"},"image":{"@id":"https:\/\/web.consaguirre.com.ar\/noticias\/los-buenos-vecinos-comparten-el-album-debut-blue-sky-mentality\/#primaryimage"},"thumbnailUrl":"https:\/\/web.consaguirre.com.ar\/noticias\/wp-content\/uploads\/2025\/10\/Los-buenos-vecinos-comparten-el-album-debut-Blue-Sky-Mentality.jpg","keywords":["\u00e1lbum","Blue","buenos","comparten","debut","los","Mentality","Sky","vecinos"],"articleSection":["El \u00faltimo"],"inLanguage":"es-AR"},{"@type":"WebPage","@id":"https:\/\/web.consaguirre.com.ar\/noticias\/los-buenos-vecinos-comparten-el-album-debut-blue-sky-mentality\/","url":"https:\/\/web.consaguirre.com.ar\/noticias\/los-buenos-vecinos-comparten-el-album-debut-blue-sky-mentality\/","name":"Los buenos vecinos comparten el \u00e1lbum debut 'Blue Sky Mentality'","isPartOf":{"@id":"https:\/\/web.consaguirre.com.ar\/noticias\/#website"},"primaryImageOfPage":{"@id":"https:\/\/web.consaguirre.com.ar\/noticias\/los-buenos-vecinos-comparten-el-album-debut-blue-sky-mentality\/#primaryimage"},"image":{"@id":"https:\/\/web.consaguirre.com.ar\/noticias\/los-buenos-vecinos-comparten-el-album-debut-blue-sky-mentality\/#primaryimage"},"thumbnailUrl":"https:\/\/web.consaguirre.com.ar\/noticias\/wp-content\/uploads\/2025\/10\/Los-buenos-vecinos-comparten-el-album-debut-Blue-Sky-Mentality.jpg","datePublished":"2025-10-03T14:38:26+00:00","dateModified":"2025-10-03T14:38:28+00:00","breadcrumb":{"@id":"https:\/\/web.consaguirre.com.ar\/noticias\/los-buenos-vecinos-comparten-el-album-debut-blue-sky-mentality\/#breadcrumb"},"inLanguage":"es-AR","potentialAction":[{"@type":"ReadAction","target":["https:\/\/web.consaguirre.com.ar\/noticias\/los-buenos-vecinos-comparten-el-album-debut-blue-sky-mentality\/"]}]},{"@type":"ImageObject","inLanguage":"es-AR","@id":"https:\/\/web.consaguirre.com.ar\/noticias\/los-buenos-vecinos-comparten-el-album-debut-blue-sky-mentality\/#primaryimage","url":"https:\/\/web.consaguirre.com.ar\/noticias\/wp-content\/uploads\/2025\/10\/Los-buenos-vecinos-comparten-el-album-debut-Blue-Sky-Mentality.jpg","contentUrl":"https:\/\/web.consaguirre.com.ar\/noticias\/wp-content\/uploads\/2025\/10\/Los-buenos-vecinos-comparten-el-album-debut-Blue-Sky-Mentality.jpg","width":1280,"height":1280,"caption":"Los buenos vecinos comparten el \u00e1lbum debut 'Blue Sky Mentality'"},{"@type":"BreadcrumbList","@id":"https:\/\/web.consaguirre.com.ar\/noticias\/los-buenos-vecinos-comparten-el-album-debut-blue-sky-mentality\/#breadcrumb","itemListElement":[{"@type":"ListItem","position":1,"name":"Inicio","item":"https:\/\/web.consaguirre.com.ar\/noticias\/"},{"@type":"ListItem","position":2,"name":"Los buenos vecinos comparten el \u00e1lbum debut &#8216;Blue Sky Mentality&#8217;"}]},{"@type":"WebSite","@id":"https:\/\/web.consaguirre.com.ar\/noticias\/#website","url":"https:\/\/web.consaguirre.com.ar\/noticias\/","name":"Conservatorio de M\u00fasica Juli\u00e1n Aguirre","description":"","publisher":{"@id":"https:\/\/web.consaguirre.com.ar\/noticias\/#organization"},"potentialAction":[{"@type":"SearchAction","target":{"@type":"EntryPoint","urlTemplate":"https:\/\/web.consaguirre.com.ar\/noticias\/?s={search_term_string}"},"query-input":"required name=search_term_string"}],"inLanguage":"es-AR"},{"@type":"Organization","@id":"https:\/\/web.consaguirre.com.ar\/noticias\/#organization","name":"Conservatorio de M\u00fasica Juli\u00e1n Aguirre","url":"https:\/\/web.consaguirre.com.ar\/noticias\/","logo":{"@type":"ImageObject","inLanguage":"es-AR","@id":"https:\/\/web.consaguirre.com.ar\/noticias\/#\/schema\/logo\/image\/","url":"https:\/\/web.consaguirre.com.ar\/noticias\/wp-content\/uploads\/2024\/08\/Banner-Aguirre-23.jpg","contentUrl":"https:\/\/web.consaguirre.com.ar\/noticias\/wp-content\/uploads\/2024\/08\/Banner-Aguirre-23.jpg","width":1192,"height":600,"caption":"Conservatorio de M\u00fasica Juli\u00e1n Aguirre"},"image":{"@id":"https:\/\/web.consaguirre.com.ar\/noticias\/#\/schema\/logo\/image\/"}},{"@type":"Person","@id":"https:\/\/web.consaguirre.com.ar\/noticias\/#\/schema\/person\/6558b0cfedee7ddc5425602b237d5722","name":"Javier Figueroa","image":{"@type":"ImageObject","inLanguage":"es-AR","@id":"https:\/\/web.consaguirre.com.ar\/noticias\/#\/schema\/person\/image\/","url":"https:\/\/web.consaguirre.com.ar\/noticias\/wp-content\/uploads\/2024\/08\/Consaguirre-scaled.jpg","contentUrl":"https:\/\/web.consaguirre.com.ar\/noticias\/wp-content\/uploads\/2024\/08\/Consaguirre-scaled.jpg","caption":"Javier Figueroa"},"description":"Me llamo Javier Figueroa y soy redactor para el sitio oficial del Conservatorio de M\u00fasica Juli\u00e1n Aguirre en Buenos Aires, consaguirre.com. Apasionado por la m\u00fasica y la escritura, me esfuerzo por destacar los talentos y eventos de nuestra prestigiosa instituci\u00f3n. Mi trayectoria se nutre de una profunda admiraci\u00f3n por los artistas, haciendo de cada art\u00edculo una celebraci\u00f3n de la creatividad y la cultura musical.","sameAs":["https:\/\/web.consaguirre.com.ar\/noticias"]}]}},"_links":{"self":[{"href":"https:\/\/web.consaguirre.com.ar\/noticias\/wp-json\/wp\/v2\/posts\/3925"}],"collection":[{"href":"https:\/\/web.consaguirre.com.ar\/noticias\/wp-json\/wp\/v2\/posts"}],"about":[{"href":"https:\/\/web.consaguirre.com.ar\/noticias\/wp-json\/wp\/v2\/types\/post"}],"author":[{"embeddable":true,"href":"https:\/\/web.consaguirre.com.ar\/noticias\/wp-json\/wp\/v2\/users\/1"}],"replies":[{"embeddable":true,"href":"https:\/\/web.consaguirre.com.ar\/noticias\/wp-json\/wp\/v2\/comments?post=3925"}],"version-history":[{"count":1,"href":"https:\/\/web.consaguirre.com.ar\/noticias\/wp-json\/wp\/v2\/posts\/3925\/revisions"}],"predecessor-version":[{"id":3927,"href":"https:\/\/web.consaguirre.com.ar\/noticias\/wp-json\/wp\/v2\/posts\/3925\/revisions\/3927"}],"wp:featuredmedia":[{"embeddable":true,"href":"https:\/\/web.consaguirre.com.ar\/noticias\/wp-json\/wp\/v2\/media\/3926"}],"wp:attachment":[{"href":"https:\/\/web.consaguirre.com.ar\/noticias\/wp-json\/wp\/v2\/media?parent=3925"}],"wp:term":[{"taxonomy":"category","embeddable":true,"href":"https:\/\/web.consaguirre.com.ar\/noticias\/wp-json\/wp\/v2\/categories?post=3925"},{"taxonomy":"post_tag","embeddable":true,"href":"https:\/\/web.consaguirre.com.ar\/noticias\/wp-json\/wp\/v2\/tags?post=3925"}],"curies":[{"name":"wp","href":"https:\/\/api.w.org\/{rel}","templated":true}]}}