{"id":3922,"date":"2025-10-03T04:38:07","date_gmt":"2025-10-03T07:38:07","guid":{"rendered":"https:\/\/web.consaguirre.com.ar\/noticias\/revision-de-cd-emma-rawicz-inkyra\/"},"modified":"2025-10-03T04:38:07","modified_gmt":"2025-10-03T07:38:07","slug":"revision-de-cd-emma-rawicz-inkyra","status":"publish","type":"post","link":"https:\/\/web.consaguirre.com.ar\/noticias\/revision-de-cd-emma-rawicz-inkyra\/","title":{"rendered":"Revisi\u00f3n de CD, Emma Rawicz, Inkyra"},"content":{"rendered":"<div class=\"entry\" itemprop=\"text\">\n<p><em><strong>El viaje de Emma Rawicz desde sus primeras actuaciones, incluida una aparici\u00f3n sorprendente en el Festival de Jazz del Mar Rojo, hasta su \u00faltimo \u00e1lbum, &#8220;Inkyra&#8221;, demuestra un claro desarrollo en un artista maduro y seguro. Desde su debut en 2023 &#8220;Chroma&#8221;, Rawicz se ha establecido como una presencia importante en la escena del jazz europeo. &#8220;Inkyra&#8221; refleja este progreso, presentando un conjunto compositamente rico y cuidadosamente equilibrado realizado por un sexteto experto.<\/strong><\/em><\/p>\n<p>El \u00e1lbum comienza con &#8220;Earthrise&#8221;, una breve pieza atmosf\u00e9rica que establece un tono reflexivo. Su car\u00e1cter et\u00e9reo sirve como una introducci\u00f3n a la siguiente pista, &#8220;Part\u00edculas de cambio&#8221;, que presenta una estructura mel\u00f3dica compleja dirigida por el saxof\u00f3n tenor de Rawicz. La pista avanza a un solo de saxof\u00f3n abierto y expansivo mientras se construye en din\u00e1mica, mostrando el control de Rawicz sobre la intensidad y el espacio dentro de la m\u00fasica.<\/p>\n<p>&#8220;Time and Other Thieves&#8221; contin\u00faa con una calidad et\u00e9rea, que se distingue por el uso de contrapunto entre l\u00edneas mel\u00f3dicas compuestas e improvisaci\u00f3n. Este enfoque destaca el equilibrio entre la estructura y la espontaneidad que caracteriza el \u00e1lbum en su conjunto.<\/p>\n<p>&#8220;Un retrato de hoy&#8221; cambia hacia una base r\u00edtmica m\u00e1s fuerte, arraigada en los estilos de fusi\u00f3n de la d\u00e9cada de 1970 con una influencia latina. El solo de Emma se destaca por su claridad y precisi\u00f3n, apoyada por una secci\u00f3n de ritmo que mantiene un impulso constante en toda la pista.<\/p>\n<p>La breve canci\u00f3n &#8220;Lunar&#8221; presenta elementos sintetizadores secuenciados y almohadillas atmosf\u00e9ricas, que fluye a la perfecci\u00f3n en &#8220;Moondrawn&#8221;, que presenta un sonido m\u00e1s pesado y m\u00e1s intenso marcado por un crescendo de texturas en capas. Esta canci\u00f3n sugiere influencias m\u00e1s all\u00e1 del jazz, incluido el rock progresivo, sin perder la coherencia del sonido colectivo del grupo.<\/p>\n<p>&#8220;Anima Rising&#8221; comparte rasgos compositivos y din\u00e1micos con &#8220;part\u00edculas de cambio&#8221;, proporcionando otra plataforma para solos individuales e interacci\u00f3n grupal. El solo de guitarra de David Preston en esta pista es especialmente notable por su fraseo articulado y detalles expresivos. &#8220;Todas mis tardes amarillas&#8221; contin\u00faan de manera similar, contribuyendo a la cohesi\u00f3n tem\u00e1tica del \u00e1lbum.<\/p>\n<p>&#8220;Marshmallow Tree&#8221; ofrece un contraste con su r\u00e1pido ritmo latino y su car\u00e1cter m\u00e1s ligero. La flauta de Gareth Lockrane agrega un brillo l\u00edrico que contribuye con la variedad al estado de \u00e1nimo general del disco.<\/p>\n<p>El \u00e1lbum se cierra con &#8220;A Long Goodbye&#8221;, una pieza corta que recuerda las cualidades atmosf\u00e9ricas de la canci\u00f3n de apertura, proporcionando una conclusi\u00f3n medida y considerada para la experiencia auditiva.<\/p>\n<p><img loading=\"lazy\" decoding=\"async\" class=\"aligncenter size-large wp-image-63191\" src=\"https:\/\/web.consaguirre.com.ar\/noticias\/wp-content\/uploads\/2025\/10\/1759477087_186_Revision-de-CD-Emma-Rawicz-Inkyra.jpg\" alt=\"\" width=\"1024\" height=\"381\"  ><\/p>\n<p>La calidad de sonido en &#8220;Inkyra&#8221; es fuerte, con una mezcla clara que resalta la delicada interacci\u00f3n entre los m\u00fasicos. La interacci\u00f3n entre Emma Rawicz y Gareth Lockrane es particularmente efectiva, creando un di\u00e1logo mel\u00f3dico que agrega profundidad al sonido del conjunto. La secci\u00f3n de ritmo, con bajo y tambores el\u00e9ctricos, proporciona una base s\u00f3lida y flexible, mientras que los teclados contribuyen con capas adicionales de textura sin abrumar la m\u00fasica. El uso de elementos secuenciados agrega inter\u00e9s en las pistas seleccionadas y se ajusta naturalmente a los arreglos.<\/p>\n<p>Despu\u00e9s de haber seguido al desarrollo de Emma Rawicz desde su carrera temprana hasta ahora, incluido su reconocimiento como artista de la nueva generaci\u00f3n de la BBC, &#8220;Inkyra&#8221; confirma su crecimiento constante como compositor y l\u00edder de la banda. El \u00e1lbum se beneficia del fuerte aporte colaborativo de su sexteto, cuyos miembros claramente han invertido tiempo en desarrollar el material a trav\u00e9s de ensayos y talleres.<\/p>\n<p>Una cr\u00edtica menor se refiere a la relativa uniformidad en algunas de las composiciones. A veces, ciertos enfoques arm\u00f3nicos y r\u00edtmicos se sienten repetidos, lo que puede dar la impresi\u00f3n de una variaci\u00f3n limitada en el \u00e1lbum. Sin embargo, la escucha cercana revela capas de detalles y matices que recompensan la atenci\u00f3n y reflejan un enfoque compositivo deliberado.<\/p>\n<div id=\"attachment_63192\" style=\"width: 1034px\" class=\"wp-caption aligncenter\"><img loading=\"lazy\" decoding=\"async\" class=\"size-large wp-image-63192\" src=\"https:\/\/web.consaguirre.com.ar\/noticias\/wp-content\/uploads\/2025\/10\/1759477087_78_Revision-de-CD-Emma-Rawicz-Inkyra.jpg\" alt=\"\" width=\"1024\" height=\"575\"  ><\/div>\n<p>En general, &#8220;Inkyra&#8221; es un \u00e1lbum bien elaborado que solidifica la posici\u00f3n de Emma Rawicz en la escena del jazz europeo. Combina la complejidad compositiva con fuertes actuaciones y arreglos reflexivos. Para los oyentes interesados \u200b\u200ben el jazz contempor\u00e1neo que equilibra la exploraci\u00f3n con la estructura, este \u00e1lbum ofrece una experiencia significativa y gratificante.<\/p>\n<p><strong>P\u00f3ngase en fila<\/strong><\/p>\n<p>Emma Rawicz &#8211; Saxofones tenor y soprano | Gareth Lockrane &#8211; flauta, flauta alta, flauta de bajo, piccolo | David Preston &#8211; Guitarra | Scottie Thompson &#8211; Rhodes, piano, Profeta | Kevin Glasgow &#8211; bajo el\u00e9ctrico | Jamie Murray &#8211; bater\u00eda<\/p>\n<p><strong>Listado de pistas<\/strong><\/p>\n<p>Earthrise &#8211; 01:22 | Part\u00edculas de cambio &#8211; 07:34 | Tiempo y otros ladrones &#8211; 04:33 | Un retrato de hoy &#8211; 06:25 | Lunar &#8211; 00:56 | Moondrawn (Dreaming) &#8211; 04:18 | Anima Rising &#8211; 06:39 | Todas mis tardes amarillas &#8211; 05:22 | Marshmallow Tree &#8211; 03:53 | Un despido largo &#8211; 01:00<\/p>\n<p>Detalles de lanzamiento<br \/>\nFecha de lanzamiento: 31 de octubre de 2025<br \/>\nFormato: CD | Vinilo | Transmisi\u00f3n<br \/>\nEtiqueta: ACT Records<\/p>\n<p><em>Foto en vivo de Foto: \u00a9 David Forman | Im\u00e1genes adicionales cortes\u00eda de los registros de ACT<\/em><\/p>\n<\/p>\n<p><img loading=\"lazy\" decoding=\"async\" class=\"aligncenter size-full wp-image-36519\" src=\"https:\/\/web.consaguirre.com.ar\/noticias\/wp-content\/uploads\/2024\/08\/Resena-de-CD-Stephen-Henderson-Tales-of-the-Skald.png\" alt=\"\" width=\"527\" height=\"77\"  ><\/p>\n<p><img loading=\"lazy\" decoding=\"async\" class=\"aligncenter wp-image-62547 size-full\" src=\"https:\/\/web.consaguirre.com.ar\/noticias\/wp-content\/uploads\/2025\/09\/Revision-del-CD-Eishan-Ensemble-Northern-Rhapsody.png\" rel=\"prettyPhoto\" alt=\"\" width=\"1200\" height=\"444\"  ><\/p>\n<div class=\"post-pagination\"><\/div>\n<div class=\"clearfix\"><\/div>\n<\/p><\/div>\n","protected":false},"excerpt":{"rendered":"<p>El viaje de Emma Rawicz desde sus primeras actuaciones, incluida una aparici\u00f3n sorprendente en el Festival de Jazz del Mar Rojo, hasta su \u00faltimo \u00e1lbum,<\/p>\n","protected":false},"author":1,"featured_media":3923,"comment_status":"closed","ping_status":"","sticky":false,"template":"","format":"standard","meta":{"footnotes":""},"categories":[4],"tags":[3305,3307,3306,3150],"class_list":["post-3922","post","type-post","status-publish","format-standard","has-post-thumbnail","hentry","category-critica","tag-emma","tag-inkyra","tag-rawicz","tag-revision","generate-columns","tablet-grid-50","mobile-grid-100","grid-parent","grid-50"],"yoast_head":"<!-- This site is optimized with the Yoast SEO plugin v23.3 - https:\/\/yoast.com\/wordpress\/plugins\/seo\/ -->\n<title>Revisi\u00f3n de CD, Emma Rawicz, Inkyra<\/title>\n<meta name=\"robots\" content=\"index, follow, max-snippet:-1, max-image-preview:large, max-video-preview:-1\" \/>\n<link rel=\"canonical\" href=\"https:\/\/web.consaguirre.com.ar\/noticias\/revision-de-cd-emma-rawicz-inkyra\/\" \/>\n<meta property=\"og:locale\" content=\"es_ES\" \/>\n<meta property=\"og:type\" content=\"article\" \/>\n<meta property=\"og:title\" content=\"Revisi\u00f3n de CD, Emma Rawicz, Inkyra\" \/>\n<meta property=\"og:description\" content=\"El viaje de Emma Rawicz desde sus primeras actuaciones, incluida una aparici\u00f3n sorprendente en el Festival de Jazz del Mar Rojo, hasta su \u00faltimo \u00e1lbum,\" \/>\n<meta property=\"og:url\" content=\"https:\/\/web.consaguirre.com.ar\/noticias\/revision-de-cd-emma-rawicz-inkyra\/\" \/>\n<meta property=\"og:site_name\" content=\"Conservatorio de M\u00fasica Juli\u00e1n Aguirre\" \/>\n<meta property=\"article:published_time\" content=\"2025-10-03T07:38:07+00:00\" \/>\n<meta property=\"og:image\" content=\"https:\/\/web.consaguirre.com.ar\/noticias\/wp-content\/uploads\/2025\/10\/Revision-de-CD-Emma-Rawicz-Inkyra.jpg\" \/>\n\t<meta property=\"og:image:width\" content=\"300\" \/>\n\t<meta property=\"og:image:height\" content=\"300\" \/>\n\t<meta property=\"og:image:type\" content=\"image\/jpeg\" \/>\n<meta name=\"author\" content=\"Javier Figueroa\" \/>\n<meta name=\"twitter:card\" content=\"summary_large_image\" \/>\n<meta name=\"twitter:label1\" content=\"Escrito por\" \/>\n\t<meta name=\"twitter:data1\" content=\"Javier Figueroa\" \/>\n\t<meta name=\"twitter:label2\" content=\"Tiempo de lectura\" \/>\n\t<meta name=\"twitter:data2\" content=\"4 minutos\" \/>\n<script type=\"application\/ld+json\" class=\"yoast-schema-graph\">{\"@context\":\"https:\/\/schema.org\",\"@graph\":[{\"@type\":\"Article\",\"@id\":\"https:\/\/web.consaguirre.com.ar\/noticias\/revision-de-cd-emma-rawicz-inkyra\/#article\",\"isPartOf\":{\"@id\":\"https:\/\/web.consaguirre.com.ar\/noticias\/revision-de-cd-emma-rawicz-inkyra\/\"},\"author\":{\"name\":\"Javier Figueroa\",\"@id\":\"https:\/\/web.consaguirre.com.ar\/noticias\/#\/schema\/person\/6558b0cfedee7ddc5425602b237d5722\"},\"headline\":\"Revisi\u00f3n de CD, Emma Rawicz, Inkyra\",\"datePublished\":\"2025-10-03T07:38:07+00:00\",\"dateModified\":\"2025-10-03T07:38:07+00:00\",\"mainEntityOfPage\":{\"@id\":\"https:\/\/web.consaguirre.com.ar\/noticias\/revision-de-cd-emma-rawicz-inkyra\/\"},\"wordCount\":869,\"publisher\":{\"@id\":\"https:\/\/web.consaguirre.com.ar\/noticias\/#organization\"},\"image\":{\"@id\":\"https:\/\/web.consaguirre.com.ar\/noticias\/revision-de-cd-emma-rawicz-inkyra\/#primaryimage\"},\"thumbnailUrl\":\"https:\/\/web.consaguirre.com.ar\/noticias\/wp-content\/uploads\/2025\/10\/Revision-de-CD-Emma-Rawicz-Inkyra.jpg\",\"keywords\":[\"Emma\",\"Inkyra\",\"Rawicz\",\"Revisi\u00f3n\"],\"articleSection\":[\"Cr\u00edtica\"],\"inLanguage\":\"es-AR\"},{\"@type\":\"WebPage\",\"@id\":\"https:\/\/web.consaguirre.com.ar\/noticias\/revision-de-cd-emma-rawicz-inkyra\/\",\"url\":\"https:\/\/web.consaguirre.com.ar\/noticias\/revision-de-cd-emma-rawicz-inkyra\/\",\"name\":\"Revisi\u00f3n de CD, Emma Rawicz, Inkyra\",\"isPartOf\":{\"@id\":\"https:\/\/web.consaguirre.com.ar\/noticias\/#website\"},\"primaryImageOfPage\":{\"@id\":\"https:\/\/web.consaguirre.com.ar\/noticias\/revision-de-cd-emma-rawicz-inkyra\/#primaryimage\"},\"image\":{\"@id\":\"https:\/\/web.consaguirre.com.ar\/noticias\/revision-de-cd-emma-rawicz-inkyra\/#primaryimage\"},\"thumbnailUrl\":\"https:\/\/web.consaguirre.com.ar\/noticias\/wp-content\/uploads\/2025\/10\/Revision-de-CD-Emma-Rawicz-Inkyra.jpg\",\"datePublished\":\"2025-10-03T07:38:07+00:00\",\"dateModified\":\"2025-10-03T07:38:07+00:00\",\"breadcrumb\":{\"@id\":\"https:\/\/web.consaguirre.com.ar\/noticias\/revision-de-cd-emma-rawicz-inkyra\/#breadcrumb\"},\"inLanguage\":\"es-AR\",\"potentialAction\":[{\"@type\":\"ReadAction\",\"target\":[\"https:\/\/web.consaguirre.com.ar\/noticias\/revision-de-cd-emma-rawicz-inkyra\/\"]}]},{\"@type\":\"ImageObject\",\"inLanguage\":\"es-AR\",\"@id\":\"https:\/\/web.consaguirre.com.ar\/noticias\/revision-de-cd-emma-rawicz-inkyra\/#primaryimage\",\"url\":\"https:\/\/web.consaguirre.com.ar\/noticias\/wp-content\/uploads\/2025\/10\/Revision-de-CD-Emma-Rawicz-Inkyra.jpg\",\"contentUrl\":\"https:\/\/web.consaguirre.com.ar\/noticias\/wp-content\/uploads\/2025\/10\/Revision-de-CD-Emma-Rawicz-Inkyra.jpg\",\"width\":300,\"height\":300,\"caption\":\"Revisi\u00f3n de CD, Emma Rawicz, Inkyra\"},{\"@type\":\"BreadcrumbList\",\"@id\":\"https:\/\/web.consaguirre.com.ar\/noticias\/revision-de-cd-emma-rawicz-inkyra\/#breadcrumb\",\"itemListElement\":[{\"@type\":\"ListItem\",\"position\":1,\"name\":\"Inicio\",\"item\":\"https:\/\/web.consaguirre.com.ar\/noticias\/\"},{\"@type\":\"ListItem\",\"position\":2,\"name\":\"Revisi\u00f3n de CD, Emma Rawicz, Inkyra\"}]},{\"@type\":\"WebSite\",\"@id\":\"https:\/\/web.consaguirre.com.ar\/noticias\/#website\",\"url\":\"https:\/\/web.consaguirre.com.ar\/noticias\/\",\"name\":\"Conservatorio de M\u00fasica Juli\u00e1n Aguirre\",\"description\":\"\",\"publisher\":{\"@id\":\"https:\/\/web.consaguirre.com.ar\/noticias\/#organization\"},\"potentialAction\":[{\"@type\":\"SearchAction\",\"target\":{\"@type\":\"EntryPoint\",\"urlTemplate\":\"https:\/\/web.consaguirre.com.ar\/noticias\/?s={search_term_string}\"},\"query-input\":\"required name=search_term_string\"}],\"inLanguage\":\"es-AR\"},{\"@type\":\"Organization\",\"@id\":\"https:\/\/web.consaguirre.com.ar\/noticias\/#organization\",\"name\":\"Conservatorio de M\u00fasica Juli\u00e1n Aguirre\",\"url\":\"https:\/\/web.consaguirre.com.ar\/noticias\/\",\"logo\":{\"@type\":\"ImageObject\",\"inLanguage\":\"es-AR\",\"@id\":\"https:\/\/web.consaguirre.com.ar\/noticias\/#\/schema\/logo\/image\/\",\"url\":\"https:\/\/web.consaguirre.com.ar\/noticias\/wp-content\/uploads\/2024\/08\/Banner-Aguirre-23.jpg\",\"contentUrl\":\"https:\/\/web.consaguirre.com.ar\/noticias\/wp-content\/uploads\/2024\/08\/Banner-Aguirre-23.jpg\",\"width\":1192,\"height\":600,\"caption\":\"Conservatorio de M\u00fasica Juli\u00e1n Aguirre\"},\"image\":{\"@id\":\"https:\/\/web.consaguirre.com.ar\/noticias\/#\/schema\/logo\/image\/\"}},{\"@type\":\"Person\",\"@id\":\"https:\/\/web.consaguirre.com.ar\/noticias\/#\/schema\/person\/6558b0cfedee7ddc5425602b237d5722\",\"name\":\"Javier Figueroa\",\"image\":{\"@type\":\"ImageObject\",\"inLanguage\":\"es-AR\",\"@id\":\"https:\/\/web.consaguirre.com.ar\/noticias\/#\/schema\/person\/image\/\",\"url\":\"https:\/\/web.consaguirre.com.ar\/noticias\/wp-content\/uploads\/2024\/08\/Consaguirre-scaled.jpg\",\"contentUrl\":\"https:\/\/web.consaguirre.com.ar\/noticias\/wp-content\/uploads\/2024\/08\/Consaguirre-scaled.jpg\",\"caption\":\"Javier Figueroa\"},\"description\":\"Me llamo Javier Figueroa y soy redactor para el sitio oficial del Conservatorio de M\u00fasica Juli\u00e1n Aguirre en Buenos Aires, consaguirre.com. Apasionado por la m\u00fasica y la escritura, me esfuerzo por destacar los talentos y eventos de nuestra prestigiosa instituci\u00f3n. Mi trayectoria se nutre de una profunda admiraci\u00f3n por los artistas, haciendo de cada art\u00edculo una celebraci\u00f3n de la creatividad y la cultura musical.\",\"sameAs\":[\"https:\/\/web.consaguirre.com.ar\/noticias\"]}]}<\/script>\n<!-- \/ Yoast SEO plugin. -->","yoast_head_json":{"title":"Revisi\u00f3n de CD, Emma Rawicz, Inkyra","robots":{"index":"index","follow":"follow","max-snippet":"max-snippet:-1","max-image-preview":"max-image-preview:large","max-video-preview":"max-video-preview:-1"},"canonical":"https:\/\/web.consaguirre.com.ar\/noticias\/revision-de-cd-emma-rawicz-inkyra\/","og_locale":"es_ES","og_type":"article","og_title":"Revisi\u00f3n de CD, Emma Rawicz, Inkyra","og_description":"El viaje de Emma Rawicz desde sus primeras actuaciones, incluida una aparici\u00f3n sorprendente en el Festival de Jazz del Mar Rojo, hasta su \u00faltimo \u00e1lbum,","og_url":"https:\/\/web.consaguirre.com.ar\/noticias\/revision-de-cd-emma-rawicz-inkyra\/","og_site_name":"Conservatorio de M\u00fasica Juli\u00e1n Aguirre","article_published_time":"2025-10-03T07:38:07+00:00","og_image":[{"width":300,"height":300,"url":"https:\/\/web.consaguirre.com.ar\/noticias\/wp-content\/uploads\/2025\/10\/Revision-de-CD-Emma-Rawicz-Inkyra.jpg","type":"image\/jpeg"}],"author":"Javier Figueroa","twitter_card":"summary_large_image","twitter_misc":{"Escrito por":"Javier Figueroa","Tiempo de lectura":"4 minutos"},"schema":{"@context":"https:\/\/schema.org","@graph":[{"@type":"Article","@id":"https:\/\/web.consaguirre.com.ar\/noticias\/revision-de-cd-emma-rawicz-inkyra\/#article","isPartOf":{"@id":"https:\/\/web.consaguirre.com.ar\/noticias\/revision-de-cd-emma-rawicz-inkyra\/"},"author":{"name":"Javier Figueroa","@id":"https:\/\/web.consaguirre.com.ar\/noticias\/#\/schema\/person\/6558b0cfedee7ddc5425602b237d5722"},"headline":"Revisi\u00f3n de CD, Emma Rawicz, Inkyra","datePublished":"2025-10-03T07:38:07+00:00","dateModified":"2025-10-03T07:38:07+00:00","mainEntityOfPage":{"@id":"https:\/\/web.consaguirre.com.ar\/noticias\/revision-de-cd-emma-rawicz-inkyra\/"},"wordCount":869,"publisher":{"@id":"https:\/\/web.consaguirre.com.ar\/noticias\/#organization"},"image":{"@id":"https:\/\/web.consaguirre.com.ar\/noticias\/revision-de-cd-emma-rawicz-inkyra\/#primaryimage"},"thumbnailUrl":"https:\/\/web.consaguirre.com.ar\/noticias\/wp-content\/uploads\/2025\/10\/Revision-de-CD-Emma-Rawicz-Inkyra.jpg","keywords":["Emma","Inkyra","Rawicz","Revisi\u00f3n"],"articleSection":["Cr\u00edtica"],"inLanguage":"es-AR"},{"@type":"WebPage","@id":"https:\/\/web.consaguirre.com.ar\/noticias\/revision-de-cd-emma-rawicz-inkyra\/","url":"https:\/\/web.consaguirre.com.ar\/noticias\/revision-de-cd-emma-rawicz-inkyra\/","name":"Revisi\u00f3n de CD, Emma Rawicz, Inkyra","isPartOf":{"@id":"https:\/\/web.consaguirre.com.ar\/noticias\/#website"},"primaryImageOfPage":{"@id":"https:\/\/web.consaguirre.com.ar\/noticias\/revision-de-cd-emma-rawicz-inkyra\/#primaryimage"},"image":{"@id":"https:\/\/web.consaguirre.com.ar\/noticias\/revision-de-cd-emma-rawicz-inkyra\/#primaryimage"},"thumbnailUrl":"https:\/\/web.consaguirre.com.ar\/noticias\/wp-content\/uploads\/2025\/10\/Revision-de-CD-Emma-Rawicz-Inkyra.jpg","datePublished":"2025-10-03T07:38:07+00:00","dateModified":"2025-10-03T07:38:07+00:00","breadcrumb":{"@id":"https:\/\/web.consaguirre.com.ar\/noticias\/revision-de-cd-emma-rawicz-inkyra\/#breadcrumb"},"inLanguage":"es-AR","potentialAction":[{"@type":"ReadAction","target":["https:\/\/web.consaguirre.com.ar\/noticias\/revision-de-cd-emma-rawicz-inkyra\/"]}]},{"@type":"ImageObject","inLanguage":"es-AR","@id":"https:\/\/web.consaguirre.com.ar\/noticias\/revision-de-cd-emma-rawicz-inkyra\/#primaryimage","url":"https:\/\/web.consaguirre.com.ar\/noticias\/wp-content\/uploads\/2025\/10\/Revision-de-CD-Emma-Rawicz-Inkyra.jpg","contentUrl":"https:\/\/web.consaguirre.com.ar\/noticias\/wp-content\/uploads\/2025\/10\/Revision-de-CD-Emma-Rawicz-Inkyra.jpg","width":300,"height":300,"caption":"Revisi\u00f3n de CD, Emma Rawicz, Inkyra"},{"@type":"BreadcrumbList","@id":"https:\/\/web.consaguirre.com.ar\/noticias\/revision-de-cd-emma-rawicz-inkyra\/#breadcrumb","itemListElement":[{"@type":"ListItem","position":1,"name":"Inicio","item":"https:\/\/web.consaguirre.com.ar\/noticias\/"},{"@type":"ListItem","position":2,"name":"Revisi\u00f3n de CD, Emma Rawicz, Inkyra"}]},{"@type":"WebSite","@id":"https:\/\/web.consaguirre.com.ar\/noticias\/#website","url":"https:\/\/web.consaguirre.com.ar\/noticias\/","name":"Conservatorio de M\u00fasica Juli\u00e1n Aguirre","description":"","publisher":{"@id":"https:\/\/web.consaguirre.com.ar\/noticias\/#organization"},"potentialAction":[{"@type":"SearchAction","target":{"@type":"EntryPoint","urlTemplate":"https:\/\/web.consaguirre.com.ar\/noticias\/?s={search_term_string}"},"query-input":"required name=search_term_string"}],"inLanguage":"es-AR"},{"@type":"Organization","@id":"https:\/\/web.consaguirre.com.ar\/noticias\/#organization","name":"Conservatorio de M\u00fasica Juli\u00e1n Aguirre","url":"https:\/\/web.consaguirre.com.ar\/noticias\/","logo":{"@type":"ImageObject","inLanguage":"es-AR","@id":"https:\/\/web.consaguirre.com.ar\/noticias\/#\/schema\/logo\/image\/","url":"https:\/\/web.consaguirre.com.ar\/noticias\/wp-content\/uploads\/2024\/08\/Banner-Aguirre-23.jpg","contentUrl":"https:\/\/web.consaguirre.com.ar\/noticias\/wp-content\/uploads\/2024\/08\/Banner-Aguirre-23.jpg","width":1192,"height":600,"caption":"Conservatorio de M\u00fasica Juli\u00e1n Aguirre"},"image":{"@id":"https:\/\/web.consaguirre.com.ar\/noticias\/#\/schema\/logo\/image\/"}},{"@type":"Person","@id":"https:\/\/web.consaguirre.com.ar\/noticias\/#\/schema\/person\/6558b0cfedee7ddc5425602b237d5722","name":"Javier Figueroa","image":{"@type":"ImageObject","inLanguage":"es-AR","@id":"https:\/\/web.consaguirre.com.ar\/noticias\/#\/schema\/person\/image\/","url":"https:\/\/web.consaguirre.com.ar\/noticias\/wp-content\/uploads\/2024\/08\/Consaguirre-scaled.jpg","contentUrl":"https:\/\/web.consaguirre.com.ar\/noticias\/wp-content\/uploads\/2024\/08\/Consaguirre-scaled.jpg","caption":"Javier Figueroa"},"description":"Me llamo Javier Figueroa y soy redactor para el sitio oficial del Conservatorio de M\u00fasica Juli\u00e1n Aguirre en Buenos Aires, consaguirre.com. Apasionado por la m\u00fasica y la escritura, me esfuerzo por destacar los talentos y eventos de nuestra prestigiosa instituci\u00f3n. Mi trayectoria se nutre de una profunda admiraci\u00f3n por los artistas, haciendo de cada art\u00edculo una celebraci\u00f3n de la creatividad y la cultura musical.","sameAs":["https:\/\/web.consaguirre.com.ar\/noticias"]}]}},"_links":{"self":[{"href":"https:\/\/web.consaguirre.com.ar\/noticias\/wp-json\/wp\/v2\/posts\/3922"}],"collection":[{"href":"https:\/\/web.consaguirre.com.ar\/noticias\/wp-json\/wp\/v2\/posts"}],"about":[{"href":"https:\/\/web.consaguirre.com.ar\/noticias\/wp-json\/wp\/v2\/types\/post"}],"author":[{"embeddable":true,"href":"https:\/\/web.consaguirre.com.ar\/noticias\/wp-json\/wp\/v2\/users\/1"}],"replies":[{"embeddable":true,"href":"https:\/\/web.consaguirre.com.ar\/noticias\/wp-json\/wp\/v2\/comments?post=3922"}],"version-history":[{"count":1,"href":"https:\/\/web.consaguirre.com.ar\/noticias\/wp-json\/wp\/v2\/posts\/3922\/revisions"}],"predecessor-version":[{"id":3924,"href":"https:\/\/web.consaguirre.com.ar\/noticias\/wp-json\/wp\/v2\/posts\/3922\/revisions\/3924"}],"wp:featuredmedia":[{"embeddable":true,"href":"https:\/\/web.consaguirre.com.ar\/noticias\/wp-json\/wp\/v2\/media\/3923"}],"wp:attachment":[{"href":"https:\/\/web.consaguirre.com.ar\/noticias\/wp-json\/wp\/v2\/media?parent=3922"}],"wp:term":[{"taxonomy":"category","embeddable":true,"href":"https:\/\/web.consaguirre.com.ar\/noticias\/wp-json\/wp\/v2\/categories?post=3922"},{"taxonomy":"post_tag","embeddable":true,"href":"https:\/\/web.consaguirre.com.ar\/noticias\/wp-json\/wp\/v2\/tags?post=3922"}],"curies":[{"name":"wp","href":"https:\/\/api.w.org\/{rel}","templated":true}]}}