{"id":3889,"date":"2025-09-30T20:38:17","date_gmt":"2025-09-30T23:38:17","guid":{"rendered":"https:\/\/web.consaguirre.com.ar\/noticias\/primavera-sound-anuncia-la-alineacion-2026\/"},"modified":"2025-09-30T20:38:18","modified_gmt":"2025-09-30T23:38:18","slug":"primavera-sound-anuncia-la-alineacion-2026","status":"publish","type":"post","link":"https:\/\/web.consaguirre.com.ar\/noticias\/primavera-sound-anuncia-la-alineacion-2026\/","title":{"rendered":"Primavera Sound anuncia la alineaci\u00f3n 2026"},"content":{"rendered":"<p>Primavera Sound, el Festival de M\u00fasica Multi-Genre Titanic celebrado anualmente en el parc del F\u00f2rum de Barcelona, \u200b\u200bha anunciado su alineaci\u00f3n para el pr\u00f3ximo a\u00f1o. Que tendr\u00e1 lugar del 3 al 7 de junio de 2026, la 24\u00aa edici\u00f3n del festival contar\u00e1 con una variada gama de cabezas de cartel que incluyen The Cure, Doja Cat, XX, Addison Rae, Pink Pantheras, Gorillaz, Massive Attack, Skrillex y My Bloody Valentine.<\/p>\n<p>Al igual que con los cabezas de cartel, la extensa cartelera para Primavera Sound 2026 abarca bastantes estilos y escenas. The wealth of talent includes Lola Young, Mac DeMarco, Bad Gyal, Little Simz, Big Thief, Ethel Cain, Dijon, Kneecap, Role Model, Wet Leg, MARINA, JADE, 2hollis, Alex G, Amaarae, Ashnikko, berlioz, Blood Orange, Father John Misty, Guitarricadelafuente, KI\/KI, Knocked Loose, Men I Trust, oklou, Overmono, Ralphie Choo, Ravyn Lenae, Rilo Kiley, Rusowsky, Slowdive, viagra, agua de tus ojos, Nick Le\u00f3n, Fakemink, Caroline, Touch\u00e9 Amor\u00e9, tanto gansos como un set solitario de su cantante Cameron Winter y docenas de otros int\u00e9rpretes.<\/p>\n<p>Un breve programa de artistas iniciar\u00e1 las festividades el mi\u00e9rcoles, mientras que las cosas concluir\u00e1n el domingo por la noche con la fiesta de baile Primavera Bits con Carl Cox, Joseph Capriati y m\u00e1s. Una preventa de boletos de fan\u00e1ticos se puso en marcha el lunes a las 11 a.m. hora local (5 am ET). El general en venta comienza hoy, 30 de septiembre.<\/p>\n<p>Primavera Sound ha sido ampliamente aclamado como uno de los mejores festivales de m\u00fasica del mundo. &#8220;Un tiro de piedra del mar Mediterr\u00e1neo, Primavera Sound Barcelona se siente como su propia ciudadela frente al mar, que existe solo para disfrutar de la m\u00fasica en vivo de todo el mundo&#8221;, <em>Horca<\/em> Dirado en su cobertura del evento 2025, encabezado por las estrellas del pop Charli XCX, Sabrina Carpenter y Chappell Roan. &#8220;Qu\u00e9 festival&#8221; <em>Estereogum<\/em> entusiasmado. &#8220;Puedes ver toneladas de artistas, desde toneladas de diferentes lugares y g\u00e9neros y sensibilidades, teniendo momentos de carrera verdaderamente gratificantes&#8221;. El festival de este a\u00f1o tambi\u00e9n ten\u00eda LCD Soundsystem, FKA Twigs, Haim, Idles, Turnstile, Fontaines DC y mucho m\u00e1s.<\/p>\n<p>Obtenga m\u00e1s informaci\u00f3n sobre Primavera Sound ahora.<\/p>\n","protected":false},"excerpt":{"rendered":"<p>Primavera Sound, el Festival de M\u00fasica Multi-Genre Titanic celebrado anualmente en el parc del F\u00f2rum de Barcelona, \u200b\u200bha anunciado su alineaci\u00f3n para el pr\u00f3ximo a\u00f1o.<\/p>\n","protected":false},"author":1,"featured_media":3890,"comment_status":"closed","ping_status":"","sticky":false,"template":"","format":"standard","meta":{"footnotes":""},"categories":[50],"tags":[3187,56,3282,283],"class_list":["post-3889","post","type-post","status-publish","format-standard","has-post-thumbnail","hentry","category-el-ultimo","tag-alineacion","tag-anuncia","tag-primavera","tag-sound","generate-columns","tablet-grid-50","mobile-grid-100","grid-parent","grid-50"],"yoast_head":"<!-- This site is optimized with the Yoast SEO plugin v23.3 - https:\/\/yoast.com\/wordpress\/plugins\/seo\/ -->\n<title>Primavera Sound anuncia la alineaci\u00f3n 2026<\/title>\n<meta name=\"robots\" content=\"index, follow, max-snippet:-1, max-image-preview:large, max-video-preview:-1\" \/>\n<link rel=\"canonical\" href=\"https:\/\/web.consaguirre.com.ar\/noticias\/primavera-sound-anuncia-la-alineacion-2026\/\" \/>\n<meta property=\"og:locale\" content=\"es_ES\" \/>\n<meta property=\"og:type\" content=\"article\" \/>\n<meta property=\"og:title\" content=\"Primavera Sound anuncia la alineaci\u00f3n 2026\" \/>\n<meta property=\"og:description\" content=\"Primavera Sound, el Festival de M\u00fasica Multi-Genre Titanic celebrado anualmente en el parc del F\u00f2rum de Barcelona, \u200b\u200bha anunciado su alineaci\u00f3n para el pr\u00f3ximo a\u00f1o.\" \/>\n<meta property=\"og:url\" content=\"https:\/\/web.consaguirre.com.ar\/noticias\/primavera-sound-anuncia-la-alineacion-2026\/\" \/>\n<meta property=\"og:site_name\" content=\"Conservatorio de M\u00fasica Juli\u00e1n Aguirre\" \/>\n<meta property=\"article:published_time\" content=\"2025-09-30T23:38:17+00:00\" \/>\n<meta property=\"article:modified_time\" content=\"2025-09-30T23:38:18+00:00\" \/>\n<meta property=\"og:image\" content=\"https:\/\/web.consaguirre.com.ar\/noticias\/wp-content\/uploads\/2025\/09\/Primavera-Sound-anuncia-la-alineacion-2026.jpg\" \/>\n\t<meta property=\"og:image:width\" content=\"1440\" \/>\n\t<meta property=\"og:image:height\" content=\"864\" \/>\n\t<meta property=\"og:image:type\" content=\"image\/jpeg\" \/>\n<meta name=\"author\" content=\"Javier Figueroa\" \/>\n<meta name=\"twitter:card\" content=\"summary_large_image\" \/>\n<meta name=\"twitter:label1\" content=\"Escrito por\" \/>\n\t<meta name=\"twitter:data1\" content=\"Javier Figueroa\" \/>\n\t<meta name=\"twitter:label2\" content=\"Tiempo de lectura\" \/>\n\t<meta name=\"twitter:data2\" content=\"2 minutos\" \/>\n<script type=\"application\/ld+json\" class=\"yoast-schema-graph\">{\"@context\":\"https:\/\/schema.org\",\"@graph\":[{\"@type\":\"Article\",\"@id\":\"https:\/\/web.consaguirre.com.ar\/noticias\/primavera-sound-anuncia-la-alineacion-2026\/#article\",\"isPartOf\":{\"@id\":\"https:\/\/web.consaguirre.com.ar\/noticias\/primavera-sound-anuncia-la-alineacion-2026\/\"},\"author\":{\"name\":\"Javier Figueroa\",\"@id\":\"https:\/\/web.consaguirre.com.ar\/noticias\/#\/schema\/person\/6558b0cfedee7ddc5425602b237d5722\"},\"headline\":\"Primavera Sound anuncia la alineaci\u00f3n 2026\",\"datePublished\":\"2025-09-30T23:38:17+00:00\",\"dateModified\":\"2025-09-30T23:38:18+00:00\",\"mainEntityOfPage\":{\"@id\":\"https:\/\/web.consaguirre.com.ar\/noticias\/primavera-sound-anuncia-la-alineacion-2026\/\"},\"wordCount\":374,\"publisher\":{\"@id\":\"https:\/\/web.consaguirre.com.ar\/noticias\/#organization\"},\"image\":{\"@id\":\"https:\/\/web.consaguirre.com.ar\/noticias\/primavera-sound-anuncia-la-alineacion-2026\/#primaryimage\"},\"thumbnailUrl\":\"https:\/\/web.consaguirre.com.ar\/noticias\/wp-content\/uploads\/2025\/09\/Primavera-Sound-anuncia-la-alineacion-2026.jpg\",\"keywords\":[\"alineaci\u00f3n\",\"anuncia\",\"Primavera\",\"Sound\"],\"articleSection\":[\"El \u00faltimo\"],\"inLanguage\":\"es-AR\"},{\"@type\":\"WebPage\",\"@id\":\"https:\/\/web.consaguirre.com.ar\/noticias\/primavera-sound-anuncia-la-alineacion-2026\/\",\"url\":\"https:\/\/web.consaguirre.com.ar\/noticias\/primavera-sound-anuncia-la-alineacion-2026\/\",\"name\":\"Primavera Sound anuncia la alineaci\u00f3n 2026\",\"isPartOf\":{\"@id\":\"https:\/\/web.consaguirre.com.ar\/noticias\/#website\"},\"primaryImageOfPage\":{\"@id\":\"https:\/\/web.consaguirre.com.ar\/noticias\/primavera-sound-anuncia-la-alineacion-2026\/#primaryimage\"},\"image\":{\"@id\":\"https:\/\/web.consaguirre.com.ar\/noticias\/primavera-sound-anuncia-la-alineacion-2026\/#primaryimage\"},\"thumbnailUrl\":\"https:\/\/web.consaguirre.com.ar\/noticias\/wp-content\/uploads\/2025\/09\/Primavera-Sound-anuncia-la-alineacion-2026.jpg\",\"datePublished\":\"2025-09-30T23:38:17+00:00\",\"dateModified\":\"2025-09-30T23:38:18+00:00\",\"breadcrumb\":{\"@id\":\"https:\/\/web.consaguirre.com.ar\/noticias\/primavera-sound-anuncia-la-alineacion-2026\/#breadcrumb\"},\"inLanguage\":\"es-AR\",\"potentialAction\":[{\"@type\":\"ReadAction\",\"target\":[\"https:\/\/web.consaguirre.com.ar\/noticias\/primavera-sound-anuncia-la-alineacion-2026\/\"]}]},{\"@type\":\"ImageObject\",\"inLanguage\":\"es-AR\",\"@id\":\"https:\/\/web.consaguirre.com.ar\/noticias\/primavera-sound-anuncia-la-alineacion-2026\/#primaryimage\",\"url\":\"https:\/\/web.consaguirre.com.ar\/noticias\/wp-content\/uploads\/2025\/09\/Primavera-Sound-anuncia-la-alineacion-2026.jpg\",\"contentUrl\":\"https:\/\/web.consaguirre.com.ar\/noticias\/wp-content\/uploads\/2025\/09\/Primavera-Sound-anuncia-la-alineacion-2026.jpg\",\"width\":1440,\"height\":864,\"caption\":\"Primavera Sound anuncia la alineaci\u00f3n 2026\"},{\"@type\":\"BreadcrumbList\",\"@id\":\"https:\/\/web.consaguirre.com.ar\/noticias\/primavera-sound-anuncia-la-alineacion-2026\/#breadcrumb\",\"itemListElement\":[{\"@type\":\"ListItem\",\"position\":1,\"name\":\"Inicio\",\"item\":\"https:\/\/web.consaguirre.com.ar\/noticias\/\"},{\"@type\":\"ListItem\",\"position\":2,\"name\":\"Primavera Sound anuncia la alineaci\u00f3n 2026\"}]},{\"@type\":\"WebSite\",\"@id\":\"https:\/\/web.consaguirre.com.ar\/noticias\/#website\",\"url\":\"https:\/\/web.consaguirre.com.ar\/noticias\/\",\"name\":\"Conservatorio de M\u00fasica Juli\u00e1n Aguirre\",\"description\":\"\",\"publisher\":{\"@id\":\"https:\/\/web.consaguirre.com.ar\/noticias\/#organization\"},\"potentialAction\":[{\"@type\":\"SearchAction\",\"target\":{\"@type\":\"EntryPoint\",\"urlTemplate\":\"https:\/\/web.consaguirre.com.ar\/noticias\/?s={search_term_string}\"},\"query-input\":\"required name=search_term_string\"}],\"inLanguage\":\"es-AR\"},{\"@type\":\"Organization\",\"@id\":\"https:\/\/web.consaguirre.com.ar\/noticias\/#organization\",\"name\":\"Conservatorio de M\u00fasica Juli\u00e1n Aguirre\",\"url\":\"https:\/\/web.consaguirre.com.ar\/noticias\/\",\"logo\":{\"@type\":\"ImageObject\",\"inLanguage\":\"es-AR\",\"@id\":\"https:\/\/web.consaguirre.com.ar\/noticias\/#\/schema\/logo\/image\/\",\"url\":\"https:\/\/web.consaguirre.com.ar\/noticias\/wp-content\/uploads\/2024\/08\/Banner-Aguirre-23.jpg\",\"contentUrl\":\"https:\/\/web.consaguirre.com.ar\/noticias\/wp-content\/uploads\/2024\/08\/Banner-Aguirre-23.jpg\",\"width\":1192,\"height\":600,\"caption\":\"Conservatorio de M\u00fasica Juli\u00e1n Aguirre\"},\"image\":{\"@id\":\"https:\/\/web.consaguirre.com.ar\/noticias\/#\/schema\/logo\/image\/\"}},{\"@type\":\"Person\",\"@id\":\"https:\/\/web.consaguirre.com.ar\/noticias\/#\/schema\/person\/6558b0cfedee7ddc5425602b237d5722\",\"name\":\"Javier Figueroa\",\"image\":{\"@type\":\"ImageObject\",\"inLanguage\":\"es-AR\",\"@id\":\"https:\/\/web.consaguirre.com.ar\/noticias\/#\/schema\/person\/image\/\",\"url\":\"https:\/\/web.consaguirre.com.ar\/noticias\/wp-content\/uploads\/2024\/08\/Consaguirre-scaled.jpg\",\"contentUrl\":\"https:\/\/web.consaguirre.com.ar\/noticias\/wp-content\/uploads\/2024\/08\/Consaguirre-scaled.jpg\",\"caption\":\"Javier Figueroa\"},\"description\":\"Me llamo Javier Figueroa y soy redactor para el sitio oficial del Conservatorio de M\u00fasica Juli\u00e1n Aguirre en Buenos Aires, consaguirre.com. Apasionado por la m\u00fasica y la escritura, me esfuerzo por destacar los talentos y eventos de nuestra prestigiosa instituci\u00f3n. Mi trayectoria se nutre de una profunda admiraci\u00f3n por los artistas, haciendo de cada art\u00edculo una celebraci\u00f3n de la creatividad y la cultura musical.\",\"sameAs\":[\"https:\/\/web.consaguirre.com.ar\/noticias\"]}]}<\/script>\n<!-- \/ Yoast SEO plugin. -->","yoast_head_json":{"title":"Primavera Sound anuncia la alineaci\u00f3n 2026","robots":{"index":"index","follow":"follow","max-snippet":"max-snippet:-1","max-image-preview":"max-image-preview:large","max-video-preview":"max-video-preview:-1"},"canonical":"https:\/\/web.consaguirre.com.ar\/noticias\/primavera-sound-anuncia-la-alineacion-2026\/","og_locale":"es_ES","og_type":"article","og_title":"Primavera Sound anuncia la alineaci\u00f3n 2026","og_description":"Primavera Sound, el Festival de M\u00fasica Multi-Genre Titanic celebrado anualmente en el parc del F\u00f2rum de Barcelona, \u200b\u200bha anunciado su alineaci\u00f3n para el pr\u00f3ximo a\u00f1o.","og_url":"https:\/\/web.consaguirre.com.ar\/noticias\/primavera-sound-anuncia-la-alineacion-2026\/","og_site_name":"Conservatorio de M\u00fasica Juli\u00e1n Aguirre","article_published_time":"2025-09-30T23:38:17+00:00","article_modified_time":"2025-09-30T23:38:18+00:00","og_image":[{"width":1440,"height":864,"url":"https:\/\/web.consaguirre.com.ar\/noticias\/wp-content\/uploads\/2025\/09\/Primavera-Sound-anuncia-la-alineacion-2026.jpg","type":"image\/jpeg"}],"author":"Javier Figueroa","twitter_card":"summary_large_image","twitter_misc":{"Escrito por":"Javier Figueroa","Tiempo de lectura":"2 minutos"},"schema":{"@context":"https:\/\/schema.org","@graph":[{"@type":"Article","@id":"https:\/\/web.consaguirre.com.ar\/noticias\/primavera-sound-anuncia-la-alineacion-2026\/#article","isPartOf":{"@id":"https:\/\/web.consaguirre.com.ar\/noticias\/primavera-sound-anuncia-la-alineacion-2026\/"},"author":{"name":"Javier Figueroa","@id":"https:\/\/web.consaguirre.com.ar\/noticias\/#\/schema\/person\/6558b0cfedee7ddc5425602b237d5722"},"headline":"Primavera Sound anuncia la alineaci\u00f3n 2026","datePublished":"2025-09-30T23:38:17+00:00","dateModified":"2025-09-30T23:38:18+00:00","mainEntityOfPage":{"@id":"https:\/\/web.consaguirre.com.ar\/noticias\/primavera-sound-anuncia-la-alineacion-2026\/"},"wordCount":374,"publisher":{"@id":"https:\/\/web.consaguirre.com.ar\/noticias\/#organization"},"image":{"@id":"https:\/\/web.consaguirre.com.ar\/noticias\/primavera-sound-anuncia-la-alineacion-2026\/#primaryimage"},"thumbnailUrl":"https:\/\/web.consaguirre.com.ar\/noticias\/wp-content\/uploads\/2025\/09\/Primavera-Sound-anuncia-la-alineacion-2026.jpg","keywords":["alineaci\u00f3n","anuncia","Primavera","Sound"],"articleSection":["El \u00faltimo"],"inLanguage":"es-AR"},{"@type":"WebPage","@id":"https:\/\/web.consaguirre.com.ar\/noticias\/primavera-sound-anuncia-la-alineacion-2026\/","url":"https:\/\/web.consaguirre.com.ar\/noticias\/primavera-sound-anuncia-la-alineacion-2026\/","name":"Primavera Sound anuncia la alineaci\u00f3n 2026","isPartOf":{"@id":"https:\/\/web.consaguirre.com.ar\/noticias\/#website"},"primaryImageOfPage":{"@id":"https:\/\/web.consaguirre.com.ar\/noticias\/primavera-sound-anuncia-la-alineacion-2026\/#primaryimage"},"image":{"@id":"https:\/\/web.consaguirre.com.ar\/noticias\/primavera-sound-anuncia-la-alineacion-2026\/#primaryimage"},"thumbnailUrl":"https:\/\/web.consaguirre.com.ar\/noticias\/wp-content\/uploads\/2025\/09\/Primavera-Sound-anuncia-la-alineacion-2026.jpg","datePublished":"2025-09-30T23:38:17+00:00","dateModified":"2025-09-30T23:38:18+00:00","breadcrumb":{"@id":"https:\/\/web.consaguirre.com.ar\/noticias\/primavera-sound-anuncia-la-alineacion-2026\/#breadcrumb"},"inLanguage":"es-AR","potentialAction":[{"@type":"ReadAction","target":["https:\/\/web.consaguirre.com.ar\/noticias\/primavera-sound-anuncia-la-alineacion-2026\/"]}]},{"@type":"ImageObject","inLanguage":"es-AR","@id":"https:\/\/web.consaguirre.com.ar\/noticias\/primavera-sound-anuncia-la-alineacion-2026\/#primaryimage","url":"https:\/\/web.consaguirre.com.ar\/noticias\/wp-content\/uploads\/2025\/09\/Primavera-Sound-anuncia-la-alineacion-2026.jpg","contentUrl":"https:\/\/web.consaguirre.com.ar\/noticias\/wp-content\/uploads\/2025\/09\/Primavera-Sound-anuncia-la-alineacion-2026.jpg","width":1440,"height":864,"caption":"Primavera Sound anuncia la alineaci\u00f3n 2026"},{"@type":"BreadcrumbList","@id":"https:\/\/web.consaguirre.com.ar\/noticias\/primavera-sound-anuncia-la-alineacion-2026\/#breadcrumb","itemListElement":[{"@type":"ListItem","position":1,"name":"Inicio","item":"https:\/\/web.consaguirre.com.ar\/noticias\/"},{"@type":"ListItem","position":2,"name":"Primavera Sound anuncia la alineaci\u00f3n 2026"}]},{"@type":"WebSite","@id":"https:\/\/web.consaguirre.com.ar\/noticias\/#website","url":"https:\/\/web.consaguirre.com.ar\/noticias\/","name":"Conservatorio de M\u00fasica Juli\u00e1n Aguirre","description":"","publisher":{"@id":"https:\/\/web.consaguirre.com.ar\/noticias\/#organization"},"potentialAction":[{"@type":"SearchAction","target":{"@type":"EntryPoint","urlTemplate":"https:\/\/web.consaguirre.com.ar\/noticias\/?s={search_term_string}"},"query-input":"required name=search_term_string"}],"inLanguage":"es-AR"},{"@type":"Organization","@id":"https:\/\/web.consaguirre.com.ar\/noticias\/#organization","name":"Conservatorio de M\u00fasica Juli\u00e1n Aguirre","url":"https:\/\/web.consaguirre.com.ar\/noticias\/","logo":{"@type":"ImageObject","inLanguage":"es-AR","@id":"https:\/\/web.consaguirre.com.ar\/noticias\/#\/schema\/logo\/image\/","url":"https:\/\/web.consaguirre.com.ar\/noticias\/wp-content\/uploads\/2024\/08\/Banner-Aguirre-23.jpg","contentUrl":"https:\/\/web.consaguirre.com.ar\/noticias\/wp-content\/uploads\/2024\/08\/Banner-Aguirre-23.jpg","width":1192,"height":600,"caption":"Conservatorio de M\u00fasica Juli\u00e1n Aguirre"},"image":{"@id":"https:\/\/web.consaguirre.com.ar\/noticias\/#\/schema\/logo\/image\/"}},{"@type":"Person","@id":"https:\/\/web.consaguirre.com.ar\/noticias\/#\/schema\/person\/6558b0cfedee7ddc5425602b237d5722","name":"Javier Figueroa","image":{"@type":"ImageObject","inLanguage":"es-AR","@id":"https:\/\/web.consaguirre.com.ar\/noticias\/#\/schema\/person\/image\/","url":"https:\/\/web.consaguirre.com.ar\/noticias\/wp-content\/uploads\/2024\/08\/Consaguirre-scaled.jpg","contentUrl":"https:\/\/web.consaguirre.com.ar\/noticias\/wp-content\/uploads\/2024\/08\/Consaguirre-scaled.jpg","caption":"Javier Figueroa"},"description":"Me llamo Javier Figueroa y soy redactor para el sitio oficial del Conservatorio de M\u00fasica Juli\u00e1n Aguirre en Buenos Aires, consaguirre.com. Apasionado por la m\u00fasica y la escritura, me esfuerzo por destacar los talentos y eventos de nuestra prestigiosa instituci\u00f3n. Mi trayectoria se nutre de una profunda admiraci\u00f3n por los artistas, haciendo de cada art\u00edculo una celebraci\u00f3n de la creatividad y la cultura musical.","sameAs":["https:\/\/web.consaguirre.com.ar\/noticias"]}]}},"_links":{"self":[{"href":"https:\/\/web.consaguirre.com.ar\/noticias\/wp-json\/wp\/v2\/posts\/3889"}],"collection":[{"href":"https:\/\/web.consaguirre.com.ar\/noticias\/wp-json\/wp\/v2\/posts"}],"about":[{"href":"https:\/\/web.consaguirre.com.ar\/noticias\/wp-json\/wp\/v2\/types\/post"}],"author":[{"embeddable":true,"href":"https:\/\/web.consaguirre.com.ar\/noticias\/wp-json\/wp\/v2\/users\/1"}],"replies":[{"embeddable":true,"href":"https:\/\/web.consaguirre.com.ar\/noticias\/wp-json\/wp\/v2\/comments?post=3889"}],"version-history":[{"count":1,"href":"https:\/\/web.consaguirre.com.ar\/noticias\/wp-json\/wp\/v2\/posts\/3889\/revisions"}],"predecessor-version":[{"id":3891,"href":"https:\/\/web.consaguirre.com.ar\/noticias\/wp-json\/wp\/v2\/posts\/3889\/revisions\/3891"}],"wp:featuredmedia":[{"embeddable":true,"href":"https:\/\/web.consaguirre.com.ar\/noticias\/wp-json\/wp\/v2\/media\/3890"}],"wp:attachment":[{"href":"https:\/\/web.consaguirre.com.ar\/noticias\/wp-json\/wp\/v2\/media?parent=3889"}],"wp:term":[{"taxonomy":"category","embeddable":true,"href":"https:\/\/web.consaguirre.com.ar\/noticias\/wp-json\/wp\/v2\/categories?post=3889"},{"taxonomy":"post_tag","embeddable":true,"href":"https:\/\/web.consaguirre.com.ar\/noticias\/wp-json\/wp\/v2\/tags?post=3889"}],"curies":[{"name":"wp","href":"https:\/\/api.w.org\/{rel}","templated":true}]}}