{"id":3871,"date":"2025-09-30T11:45:53","date_gmt":"2025-09-30T14:45:53","guid":{"rendered":"https:\/\/web.consaguirre.com.ar\/noticias\/the-celebration-30th-anniversary-de-andrea-bocelli-llega-a-los-medios-fisicos\/"},"modified":"2025-09-30T11:45:54","modified_gmt":"2025-09-30T14:45:54","slug":"the-celebration-30th-anniversary-de-andrea-bocelli-llega-a-los-medios-fisicos","status":"publish","type":"post","link":"https:\/\/web.consaguirre.com.ar\/noticias\/the-celebration-30th-anniversary-de-andrea-bocelli-llega-a-los-medios-fisicos\/","title":{"rendered":"&#8216;The Celebration: 30th Anniversary&#8217; de Andrea Bocelli llega a los medios f\u00edsicos"},"content":{"rendered":"<p>El a\u00f1o pasado, la tenor italiana Andrea Bocelli marc\u00f3 su 30 aniversario como artista esc\u00e9nica con tres conciertos repletos de estrellas. Fuera 14 de noviembre, <em>La celebraci\u00f3n: 30 aniversario<\/em> Compila estos dos programas en un paquete que combina los mundos de la m\u00fasica de \u00f3pera, cl\u00e1sica y pop.<\/p>\n<p>Filmado en el Teatro del Silenzio (Teatro de Silencio) en Lajatico durante tres noches en 2024, este evento \u00fanico en la vida coloc\u00f3 a Bocelli en su casa de Toscana con una l\u00ednea de invitados especiales para interpretar canciones que han sido los pilares de su carrera.<\/p>\n<div class=\"uD-YT-container\"><img decoding=\"async\" src=\"https:\/\/web.consaguirre.com.ar\/noticias\/wp-content\/uploads\/2025\/08\/1756489107_853_Andrea-Bocelli-y-Brian-Mays-Live-Duet-Who-Want-To.jpg\" alt=\"Video de YouTube\"><br \/>Haga clic para cargar video<\/div>\n<p>The collection features performances with Ed Sheeran (\u201cPerfect Symphony\u201d), Shania Twain (\u201cFrom This Moment On\u201d), Russell Crowe (\u201cTake This Waltz\u201d), Lang Lang (\u201cMattinata\u201d), Lauren Daigle (\u201cIl Canto Della Terra,\u201d \u201cYou Say\u201d), Johnny Depp (\u201cEn Aranjuarez Con Tu Amor\u201d), Will Smith (\u201cYou&#8217;ll Never Walk Alone\u201d), Brian May (&#8220;qui\u00e9n quiere vivir para siempre&#8221;, &#8220;porque creemos&#8221;), Jon Batiste (&#8220;Amazing Grace&#8221;) y muchos otros.<\/p>\n<p>Este paquete de 2 discos presenta dos espect\u00e1culos: &#8220;The Celebration&#8221; y &#8220;30 a\u00f1os de inspiraci\u00f3n musical&#8221; y m\u00e1s de 4 horas y media de actuaciones. La edici\u00f3n Deluxe incluye ambos programas en 2 DVD y 2 Blu-rays, empaquetados en un libro de fotos de devoluci\u00f3n dura de 12 &#8220;x12&#8221; de 40 p\u00e1ginas.<\/p>\n<p>Con una puesta en escena notable, que incluye una impresionante pieza central de ropa de sol en medio de un lago, y 500 drones, a Bocelli se une una orquesta de 80 piezas, un elenco de m\u00e1s de 200 m\u00fasicos y familiares y amigos, incluidos Matteo Bocelli, Placido Domingo, Sofia Carson y m\u00e1s.<\/p>\n<p>&#8220;Celebrar el 30 aniversario de mi carrera en Teatro del Silenzio, un lugar tan querido para m\u00ed, con artistas y amigos fue un honor&#8221;, comparti\u00f3 Bocelli el a\u00f1o pasado. Fue Bocelli quien solicit\u00f3 al gobierno que construyera el Teatro del Silenzio en su ciudad natal de Lajatico, y contribuy\u00f3 a su construcci\u00f3n.<\/p>\n<p>Bocelli recientemente encabez\u00f3 el Historic Grace for the World Concert, el primer concierto p\u00fablico en la Plaza de San Pedro del Vaticano.<\/p>\n<p><b>Compre la m\u00fasica de Andrea Bocelli en DVD, vinilo o CD ahora.<\/b><\/p>\n","protected":false},"excerpt":{"rendered":"<p>El a\u00f1o pasado, la tenor italiana Andrea Bocelli marc\u00f3 su 30 aniversario como artista esc\u00e9nica con tres conciertos repletos de estrellas. Fuera 14 de noviembre,<\/p>\n","protected":false},"author":1,"featured_media":3872,"comment_status":"closed","ping_status":"","sticky":false,"template":"","format":"standard","meta":{"footnotes":""},"categories":[50],"tags":[3266,636,2031,637,638,3268,542,180,3267],"class_list":["post-3871","post","type-post","status-publish","format-standard","has-post-thumbnail","hentry","category-el-ultimo","tag-30th","tag-andrea","tag-anniversary","tag-bocelli","tag-celebration","tag-fisicos","tag-llega","tag-los","tag-medios","generate-columns","tablet-grid-50","mobile-grid-100","grid-parent","grid-50"],"yoast_head":"<!-- This site is optimized with the Yoast SEO plugin v23.3 - https:\/\/yoast.com\/wordpress\/plugins\/seo\/ -->\n<title>&#039;The Celebration: 30th Anniversary&#039; de Andrea Bocelli llega a los medios f\u00edsicos<\/title>\n<meta name=\"robots\" content=\"index, follow, max-snippet:-1, max-image-preview:large, max-video-preview:-1\" \/>\n<link rel=\"canonical\" href=\"https:\/\/web.consaguirre.com.ar\/noticias\/the-celebration-30th-anniversary-de-andrea-bocelli-llega-a-los-medios-fisicos\/\" \/>\n<meta property=\"og:locale\" content=\"es_ES\" \/>\n<meta property=\"og:type\" content=\"article\" \/>\n<meta property=\"og:title\" content=\"&#039;The Celebration: 30th Anniversary&#039; de Andrea Bocelli llega a los medios f\u00edsicos\" \/>\n<meta property=\"og:description\" content=\"El a\u00f1o pasado, la tenor italiana Andrea Bocelli marc\u00f3 su 30 aniversario como artista esc\u00e9nica con tres conciertos repletos de estrellas. Fuera 14 de noviembre,\" \/>\n<meta property=\"og:url\" content=\"https:\/\/web.consaguirre.com.ar\/noticias\/the-celebration-30th-anniversary-de-andrea-bocelli-llega-a-los-medios-fisicos\/\" \/>\n<meta property=\"og:site_name\" content=\"Conservatorio de M\u00fasica Juli\u00e1n Aguirre\" \/>\n<meta property=\"article:published_time\" content=\"2025-09-30T14:45:53+00:00\" \/>\n<meta property=\"article:modified_time\" content=\"2025-09-30T14:45:54+00:00\" \/>\n<meta property=\"og:image\" content=\"https:\/\/web.consaguirre.com.ar\/noticias\/wp-content\/uploads\/2025\/09\/The-Celebration-30th-Anniversary-de-Andrea-Bocelli-llega-a-los.jpg\" \/>\n\t<meta property=\"og:image:width\" content=\"820\" \/>\n\t<meta property=\"og:image:height\" content=\"820\" \/>\n\t<meta property=\"og:image:type\" content=\"image\/jpeg\" \/>\n<meta name=\"author\" content=\"Javier Figueroa\" \/>\n<meta name=\"twitter:card\" content=\"summary_large_image\" \/>\n<meta name=\"twitter:label1\" content=\"Escrito por\" \/>\n\t<meta name=\"twitter:data1\" content=\"Javier Figueroa\" \/>\n\t<meta name=\"twitter:label2\" content=\"Tiempo de lectura\" \/>\n\t<meta name=\"twitter:data2\" content=\"2 minutos\" \/>\n<script type=\"application\/ld+json\" class=\"yoast-schema-graph\">{\"@context\":\"https:\/\/schema.org\",\"@graph\":[{\"@type\":\"Article\",\"@id\":\"https:\/\/web.consaguirre.com.ar\/noticias\/the-celebration-30th-anniversary-de-andrea-bocelli-llega-a-los-medios-fisicos\/#article\",\"isPartOf\":{\"@id\":\"https:\/\/web.consaguirre.com.ar\/noticias\/the-celebration-30th-anniversary-de-andrea-bocelli-llega-a-los-medios-fisicos\/\"},\"author\":{\"name\":\"Javier Figueroa\",\"@id\":\"https:\/\/web.consaguirre.com.ar\/noticias\/#\/schema\/person\/6558b0cfedee7ddc5425602b237d5722\"},\"headline\":\"&#8216;The Celebration: 30th Anniversary&#8217; de Andrea Bocelli llega a los medios f\u00edsicos\",\"datePublished\":\"2025-09-30T14:45:53+00:00\",\"dateModified\":\"2025-09-30T14:45:54+00:00\",\"mainEntityOfPage\":{\"@id\":\"https:\/\/web.consaguirre.com.ar\/noticias\/the-celebration-30th-anniversary-de-andrea-bocelli-llega-a-los-medios-fisicos\/\"},\"wordCount\":371,\"publisher\":{\"@id\":\"https:\/\/web.consaguirre.com.ar\/noticias\/#organization\"},\"image\":{\"@id\":\"https:\/\/web.consaguirre.com.ar\/noticias\/the-celebration-30th-anniversary-de-andrea-bocelli-llega-a-los-medios-fisicos\/#primaryimage\"},\"thumbnailUrl\":\"https:\/\/web.consaguirre.com.ar\/noticias\/wp-content\/uploads\/2025\/09\/The-Celebration-30th-Anniversary-de-Andrea-Bocelli-llega-a-los.jpg\",\"keywords\":[\"30th\",\"Andrea\",\"Anniversary\",\"Bocelli\",\"Celebration\",\"f\u00edsicos\",\"llega\",\"los\",\"medios\"],\"articleSection\":[\"El \u00faltimo\"],\"inLanguage\":\"es-AR\"},{\"@type\":\"WebPage\",\"@id\":\"https:\/\/web.consaguirre.com.ar\/noticias\/the-celebration-30th-anniversary-de-andrea-bocelli-llega-a-los-medios-fisicos\/\",\"url\":\"https:\/\/web.consaguirre.com.ar\/noticias\/the-celebration-30th-anniversary-de-andrea-bocelli-llega-a-los-medios-fisicos\/\",\"name\":\"'The Celebration: 30th Anniversary' de Andrea Bocelli llega a los medios f\u00edsicos\",\"isPartOf\":{\"@id\":\"https:\/\/web.consaguirre.com.ar\/noticias\/#website\"},\"primaryImageOfPage\":{\"@id\":\"https:\/\/web.consaguirre.com.ar\/noticias\/the-celebration-30th-anniversary-de-andrea-bocelli-llega-a-los-medios-fisicos\/#primaryimage\"},\"image\":{\"@id\":\"https:\/\/web.consaguirre.com.ar\/noticias\/the-celebration-30th-anniversary-de-andrea-bocelli-llega-a-los-medios-fisicos\/#primaryimage\"},\"thumbnailUrl\":\"https:\/\/web.consaguirre.com.ar\/noticias\/wp-content\/uploads\/2025\/09\/The-Celebration-30th-Anniversary-de-Andrea-Bocelli-llega-a-los.jpg\",\"datePublished\":\"2025-09-30T14:45:53+00:00\",\"dateModified\":\"2025-09-30T14:45:54+00:00\",\"breadcrumb\":{\"@id\":\"https:\/\/web.consaguirre.com.ar\/noticias\/the-celebration-30th-anniversary-de-andrea-bocelli-llega-a-los-medios-fisicos\/#breadcrumb\"},\"inLanguage\":\"es-AR\",\"potentialAction\":[{\"@type\":\"ReadAction\",\"target\":[\"https:\/\/web.consaguirre.com.ar\/noticias\/the-celebration-30th-anniversary-de-andrea-bocelli-llega-a-los-medios-fisicos\/\"]}]},{\"@type\":\"ImageObject\",\"inLanguage\":\"es-AR\",\"@id\":\"https:\/\/web.consaguirre.com.ar\/noticias\/the-celebration-30th-anniversary-de-andrea-bocelli-llega-a-los-medios-fisicos\/#primaryimage\",\"url\":\"https:\/\/web.consaguirre.com.ar\/noticias\/wp-content\/uploads\/2025\/09\/The-Celebration-30th-Anniversary-de-Andrea-Bocelli-llega-a-los.jpg\",\"contentUrl\":\"https:\/\/web.consaguirre.com.ar\/noticias\/wp-content\/uploads\/2025\/09\/The-Celebration-30th-Anniversary-de-Andrea-Bocelli-llega-a-los.jpg\",\"width\":820,\"height\":820,\"caption\":\"'The Celebration: 30th Anniversary' de Andrea Bocelli llega a los medios f\u00edsicos\"},{\"@type\":\"BreadcrumbList\",\"@id\":\"https:\/\/web.consaguirre.com.ar\/noticias\/the-celebration-30th-anniversary-de-andrea-bocelli-llega-a-los-medios-fisicos\/#breadcrumb\",\"itemListElement\":[{\"@type\":\"ListItem\",\"position\":1,\"name\":\"Inicio\",\"item\":\"https:\/\/web.consaguirre.com.ar\/noticias\/\"},{\"@type\":\"ListItem\",\"position\":2,\"name\":\"&#8216;The Celebration: 30th Anniversary&#8217; de Andrea Bocelli llega a los medios f\u00edsicos\"}]},{\"@type\":\"WebSite\",\"@id\":\"https:\/\/web.consaguirre.com.ar\/noticias\/#website\",\"url\":\"https:\/\/web.consaguirre.com.ar\/noticias\/\",\"name\":\"Conservatorio de M\u00fasica Juli\u00e1n Aguirre\",\"description\":\"\",\"publisher\":{\"@id\":\"https:\/\/web.consaguirre.com.ar\/noticias\/#organization\"},\"potentialAction\":[{\"@type\":\"SearchAction\",\"target\":{\"@type\":\"EntryPoint\",\"urlTemplate\":\"https:\/\/web.consaguirre.com.ar\/noticias\/?s={search_term_string}\"},\"query-input\":\"required name=search_term_string\"}],\"inLanguage\":\"es-AR\"},{\"@type\":\"Organization\",\"@id\":\"https:\/\/web.consaguirre.com.ar\/noticias\/#organization\",\"name\":\"Conservatorio de M\u00fasica Juli\u00e1n Aguirre\",\"url\":\"https:\/\/web.consaguirre.com.ar\/noticias\/\",\"logo\":{\"@type\":\"ImageObject\",\"inLanguage\":\"es-AR\",\"@id\":\"https:\/\/web.consaguirre.com.ar\/noticias\/#\/schema\/logo\/image\/\",\"url\":\"https:\/\/web.consaguirre.com.ar\/noticias\/wp-content\/uploads\/2024\/08\/Banner-Aguirre-23.jpg\",\"contentUrl\":\"https:\/\/web.consaguirre.com.ar\/noticias\/wp-content\/uploads\/2024\/08\/Banner-Aguirre-23.jpg\",\"width\":1192,\"height\":600,\"caption\":\"Conservatorio de M\u00fasica Juli\u00e1n Aguirre\"},\"image\":{\"@id\":\"https:\/\/web.consaguirre.com.ar\/noticias\/#\/schema\/logo\/image\/\"}},{\"@type\":\"Person\",\"@id\":\"https:\/\/web.consaguirre.com.ar\/noticias\/#\/schema\/person\/6558b0cfedee7ddc5425602b237d5722\",\"name\":\"Javier Figueroa\",\"image\":{\"@type\":\"ImageObject\",\"inLanguage\":\"es-AR\",\"@id\":\"https:\/\/web.consaguirre.com.ar\/noticias\/#\/schema\/person\/image\/\",\"url\":\"https:\/\/web.consaguirre.com.ar\/noticias\/wp-content\/uploads\/2024\/08\/Consaguirre-scaled.jpg\",\"contentUrl\":\"https:\/\/web.consaguirre.com.ar\/noticias\/wp-content\/uploads\/2024\/08\/Consaguirre-scaled.jpg\",\"caption\":\"Javier Figueroa\"},\"description\":\"Me llamo Javier Figueroa y soy redactor para el sitio oficial del Conservatorio de M\u00fasica Juli\u00e1n Aguirre en Buenos Aires, consaguirre.com. Apasionado por la m\u00fasica y la escritura, me esfuerzo por destacar los talentos y eventos de nuestra prestigiosa instituci\u00f3n. Mi trayectoria se nutre de una profunda admiraci\u00f3n por los artistas, haciendo de cada art\u00edculo una celebraci\u00f3n de la creatividad y la cultura musical.\",\"sameAs\":[\"https:\/\/web.consaguirre.com.ar\/noticias\"]}]}<\/script>\n<!-- \/ Yoast SEO plugin. -->","yoast_head_json":{"title":"'The Celebration: 30th Anniversary' de Andrea Bocelli llega a los medios f\u00edsicos","robots":{"index":"index","follow":"follow","max-snippet":"max-snippet:-1","max-image-preview":"max-image-preview:large","max-video-preview":"max-video-preview:-1"},"canonical":"https:\/\/web.consaguirre.com.ar\/noticias\/the-celebration-30th-anniversary-de-andrea-bocelli-llega-a-los-medios-fisicos\/","og_locale":"es_ES","og_type":"article","og_title":"'The Celebration: 30th Anniversary' de Andrea Bocelli llega a los medios f\u00edsicos","og_description":"El a\u00f1o pasado, la tenor italiana Andrea Bocelli marc\u00f3 su 30 aniversario como artista esc\u00e9nica con tres conciertos repletos de estrellas. Fuera 14 de noviembre,","og_url":"https:\/\/web.consaguirre.com.ar\/noticias\/the-celebration-30th-anniversary-de-andrea-bocelli-llega-a-los-medios-fisicos\/","og_site_name":"Conservatorio de M\u00fasica Juli\u00e1n Aguirre","article_published_time":"2025-09-30T14:45:53+00:00","article_modified_time":"2025-09-30T14:45:54+00:00","og_image":[{"width":820,"height":820,"url":"https:\/\/web.consaguirre.com.ar\/noticias\/wp-content\/uploads\/2025\/09\/The-Celebration-30th-Anniversary-de-Andrea-Bocelli-llega-a-los.jpg","type":"image\/jpeg"}],"author":"Javier Figueroa","twitter_card":"summary_large_image","twitter_misc":{"Escrito por":"Javier Figueroa","Tiempo de lectura":"2 minutos"},"schema":{"@context":"https:\/\/schema.org","@graph":[{"@type":"Article","@id":"https:\/\/web.consaguirre.com.ar\/noticias\/the-celebration-30th-anniversary-de-andrea-bocelli-llega-a-los-medios-fisicos\/#article","isPartOf":{"@id":"https:\/\/web.consaguirre.com.ar\/noticias\/the-celebration-30th-anniversary-de-andrea-bocelli-llega-a-los-medios-fisicos\/"},"author":{"name":"Javier Figueroa","@id":"https:\/\/web.consaguirre.com.ar\/noticias\/#\/schema\/person\/6558b0cfedee7ddc5425602b237d5722"},"headline":"&#8216;The Celebration: 30th Anniversary&#8217; de Andrea Bocelli llega a los medios f\u00edsicos","datePublished":"2025-09-30T14:45:53+00:00","dateModified":"2025-09-30T14:45:54+00:00","mainEntityOfPage":{"@id":"https:\/\/web.consaguirre.com.ar\/noticias\/the-celebration-30th-anniversary-de-andrea-bocelli-llega-a-los-medios-fisicos\/"},"wordCount":371,"publisher":{"@id":"https:\/\/web.consaguirre.com.ar\/noticias\/#organization"},"image":{"@id":"https:\/\/web.consaguirre.com.ar\/noticias\/the-celebration-30th-anniversary-de-andrea-bocelli-llega-a-los-medios-fisicos\/#primaryimage"},"thumbnailUrl":"https:\/\/web.consaguirre.com.ar\/noticias\/wp-content\/uploads\/2025\/09\/The-Celebration-30th-Anniversary-de-Andrea-Bocelli-llega-a-los.jpg","keywords":["30th","Andrea","Anniversary","Bocelli","Celebration","f\u00edsicos","llega","los","medios"],"articleSection":["El \u00faltimo"],"inLanguage":"es-AR"},{"@type":"WebPage","@id":"https:\/\/web.consaguirre.com.ar\/noticias\/the-celebration-30th-anniversary-de-andrea-bocelli-llega-a-los-medios-fisicos\/","url":"https:\/\/web.consaguirre.com.ar\/noticias\/the-celebration-30th-anniversary-de-andrea-bocelli-llega-a-los-medios-fisicos\/","name":"'The Celebration: 30th Anniversary' de Andrea Bocelli llega a los medios f\u00edsicos","isPartOf":{"@id":"https:\/\/web.consaguirre.com.ar\/noticias\/#website"},"primaryImageOfPage":{"@id":"https:\/\/web.consaguirre.com.ar\/noticias\/the-celebration-30th-anniversary-de-andrea-bocelli-llega-a-los-medios-fisicos\/#primaryimage"},"image":{"@id":"https:\/\/web.consaguirre.com.ar\/noticias\/the-celebration-30th-anniversary-de-andrea-bocelli-llega-a-los-medios-fisicos\/#primaryimage"},"thumbnailUrl":"https:\/\/web.consaguirre.com.ar\/noticias\/wp-content\/uploads\/2025\/09\/The-Celebration-30th-Anniversary-de-Andrea-Bocelli-llega-a-los.jpg","datePublished":"2025-09-30T14:45:53+00:00","dateModified":"2025-09-30T14:45:54+00:00","breadcrumb":{"@id":"https:\/\/web.consaguirre.com.ar\/noticias\/the-celebration-30th-anniversary-de-andrea-bocelli-llega-a-los-medios-fisicos\/#breadcrumb"},"inLanguage":"es-AR","potentialAction":[{"@type":"ReadAction","target":["https:\/\/web.consaguirre.com.ar\/noticias\/the-celebration-30th-anniversary-de-andrea-bocelli-llega-a-los-medios-fisicos\/"]}]},{"@type":"ImageObject","inLanguage":"es-AR","@id":"https:\/\/web.consaguirre.com.ar\/noticias\/the-celebration-30th-anniversary-de-andrea-bocelli-llega-a-los-medios-fisicos\/#primaryimage","url":"https:\/\/web.consaguirre.com.ar\/noticias\/wp-content\/uploads\/2025\/09\/The-Celebration-30th-Anniversary-de-Andrea-Bocelli-llega-a-los.jpg","contentUrl":"https:\/\/web.consaguirre.com.ar\/noticias\/wp-content\/uploads\/2025\/09\/The-Celebration-30th-Anniversary-de-Andrea-Bocelli-llega-a-los.jpg","width":820,"height":820,"caption":"'The Celebration: 30th Anniversary' de Andrea Bocelli llega a los medios f\u00edsicos"},{"@type":"BreadcrumbList","@id":"https:\/\/web.consaguirre.com.ar\/noticias\/the-celebration-30th-anniversary-de-andrea-bocelli-llega-a-los-medios-fisicos\/#breadcrumb","itemListElement":[{"@type":"ListItem","position":1,"name":"Inicio","item":"https:\/\/web.consaguirre.com.ar\/noticias\/"},{"@type":"ListItem","position":2,"name":"&#8216;The Celebration: 30th Anniversary&#8217; de Andrea Bocelli llega a los medios f\u00edsicos"}]},{"@type":"WebSite","@id":"https:\/\/web.consaguirre.com.ar\/noticias\/#website","url":"https:\/\/web.consaguirre.com.ar\/noticias\/","name":"Conservatorio de M\u00fasica Juli\u00e1n Aguirre","description":"","publisher":{"@id":"https:\/\/web.consaguirre.com.ar\/noticias\/#organization"},"potentialAction":[{"@type":"SearchAction","target":{"@type":"EntryPoint","urlTemplate":"https:\/\/web.consaguirre.com.ar\/noticias\/?s={search_term_string}"},"query-input":"required name=search_term_string"}],"inLanguage":"es-AR"},{"@type":"Organization","@id":"https:\/\/web.consaguirre.com.ar\/noticias\/#organization","name":"Conservatorio de M\u00fasica Juli\u00e1n Aguirre","url":"https:\/\/web.consaguirre.com.ar\/noticias\/","logo":{"@type":"ImageObject","inLanguage":"es-AR","@id":"https:\/\/web.consaguirre.com.ar\/noticias\/#\/schema\/logo\/image\/","url":"https:\/\/web.consaguirre.com.ar\/noticias\/wp-content\/uploads\/2024\/08\/Banner-Aguirre-23.jpg","contentUrl":"https:\/\/web.consaguirre.com.ar\/noticias\/wp-content\/uploads\/2024\/08\/Banner-Aguirre-23.jpg","width":1192,"height":600,"caption":"Conservatorio de M\u00fasica Juli\u00e1n Aguirre"},"image":{"@id":"https:\/\/web.consaguirre.com.ar\/noticias\/#\/schema\/logo\/image\/"}},{"@type":"Person","@id":"https:\/\/web.consaguirre.com.ar\/noticias\/#\/schema\/person\/6558b0cfedee7ddc5425602b237d5722","name":"Javier Figueroa","image":{"@type":"ImageObject","inLanguage":"es-AR","@id":"https:\/\/web.consaguirre.com.ar\/noticias\/#\/schema\/person\/image\/","url":"https:\/\/web.consaguirre.com.ar\/noticias\/wp-content\/uploads\/2024\/08\/Consaguirre-scaled.jpg","contentUrl":"https:\/\/web.consaguirre.com.ar\/noticias\/wp-content\/uploads\/2024\/08\/Consaguirre-scaled.jpg","caption":"Javier Figueroa"},"description":"Me llamo Javier Figueroa y soy redactor para el sitio oficial del Conservatorio de M\u00fasica Juli\u00e1n Aguirre en Buenos Aires, consaguirre.com. Apasionado por la m\u00fasica y la escritura, me esfuerzo por destacar los talentos y eventos de nuestra prestigiosa instituci\u00f3n. Mi trayectoria se nutre de una profunda admiraci\u00f3n por los artistas, haciendo de cada art\u00edculo una celebraci\u00f3n de la creatividad y la cultura musical.","sameAs":["https:\/\/web.consaguirre.com.ar\/noticias"]}]}},"_links":{"self":[{"href":"https:\/\/web.consaguirre.com.ar\/noticias\/wp-json\/wp\/v2\/posts\/3871"}],"collection":[{"href":"https:\/\/web.consaguirre.com.ar\/noticias\/wp-json\/wp\/v2\/posts"}],"about":[{"href":"https:\/\/web.consaguirre.com.ar\/noticias\/wp-json\/wp\/v2\/types\/post"}],"author":[{"embeddable":true,"href":"https:\/\/web.consaguirre.com.ar\/noticias\/wp-json\/wp\/v2\/users\/1"}],"replies":[{"embeddable":true,"href":"https:\/\/web.consaguirre.com.ar\/noticias\/wp-json\/wp\/v2\/comments?post=3871"}],"version-history":[{"count":1,"href":"https:\/\/web.consaguirre.com.ar\/noticias\/wp-json\/wp\/v2\/posts\/3871\/revisions"}],"predecessor-version":[{"id":3873,"href":"https:\/\/web.consaguirre.com.ar\/noticias\/wp-json\/wp\/v2\/posts\/3871\/revisions\/3873"}],"wp:featuredmedia":[{"embeddable":true,"href":"https:\/\/web.consaguirre.com.ar\/noticias\/wp-json\/wp\/v2\/media\/3872"}],"wp:attachment":[{"href":"https:\/\/web.consaguirre.com.ar\/noticias\/wp-json\/wp\/v2\/media?parent=3871"}],"wp:term":[{"taxonomy":"category","embeddable":true,"href":"https:\/\/web.consaguirre.com.ar\/noticias\/wp-json\/wp\/v2\/categories?post=3871"},{"taxonomy":"post_tag","embeddable":true,"href":"https:\/\/web.consaguirre.com.ar\/noticias\/wp-json\/wp\/v2\/tags?post=3871"}],"curies":[{"name":"wp","href":"https:\/\/api.w.org\/{rel}","templated":true}]}}