{"id":387,"date":"2024-09-02T08:16:12","date_gmt":"2024-09-02T11:16:12","guid":{"rendered":"https:\/\/web.consaguirre.com.ar\/noticias\/sebastian-yatra-comparte-conmovedor-nuevo-sencillo-los-domingos\/"},"modified":"2024-09-08T16:27:49","modified_gmt":"2024-09-08T19:27:49","slug":"sebastian-yatra-comparte-conmovedor-nuevo-sencillo-los-domingos","status":"publish","type":"post","link":"https:\/\/web.consaguirre.com.ar\/noticias\/sebastian-yatra-comparte-conmovedor-nuevo-sencillo-los-domingos\/","title":{"rendered":"Sebasti\u00e1n Yatra Comparte Conmovedor Nuevo Sencillo &#8216;Los Domingos&#8217;"},"content":{"rendered":"<p>Demostrando una vez m\u00e1s su excepcional talento para crear m\u00fasica que toca la fibra sensible, <strong>Sebasti\u00e1n Yatra<\/strong>el aclamado cantautor y ganador del Grammy Latino, ha lanzado su nuevo sencillo, \u201cLos Domingos\u201d.<\/p>\n<p>Esta nueva balada ac\u00fastica pone fin a la espera de los fans que han estado buscando ansiosamente en las redes sociales pistas sobre el lanzamiento. El t\u00edtulo fue revelado por el propio Yatra durante un evento \u00fanico de revelaci\u00f3n de g\u00e9nero\/sencillo en M\u00e9xico.<\/p>\n<p>\u201cLos Domingos\u201d lleva a los oyentes a un viaje en el que Sebasti\u00e1n imagina varios escenarios de reencuentro con la chica de sus sue\u00f1os, acompa\u00f1ado de suaves rasgueos de guitarra y letras emotivas. Este lanzamiento, luego de un per\u00edodo significativo sin m\u00fasica nueva, marca un nuevo cap\u00edtulo en su carrera y destaca la evoluci\u00f3n de su arte, ofreciendo un primer vistazo a su pr\u00f3ximo proyecto musical.<\/p>\n<div class=\"uD-YT-container\"><img decoding=\"async\" src=\"https:\/\/web.consaguirre.com.ar\/noticias\/wp-content\/uploads\/2024\/09\/1725275772_618_Sebastian-Yatra-Comparte-Conmovedor-Nuevo-Sencillo-Los-Domingos.jpg\" alt=\"V\u00eddeo de YouTube\"><\/p>\n<\/div>\n<p>La artista comenta: \u201cEsta canci\u00f3n es perfecta para dedicarle a alguien especial. Marca el inicio de una etapa hermosa en mi carrera, despu\u00e9s de un a\u00f1o y medio de inspiraci\u00f3n y composici\u00f3n. Con este tema, vuelvo a mis ra\u00edces rom\u00e1nticas, sinti\u00e9ndome nerviosa y emocionada a la vez. Creo que estamos en un momento en la m\u00fasica en el que la gente realmente conecta con lo que escucha. Para m\u00ed, es importante crear canciones atemporales y que lleguen al coraz\u00f3n\u201d.<\/p>\n<p>El nuevo single viene acompa\u00f1ado de un videoclip, dirigido por Pablo Curto y producido por Sample, en el que aparece Sebasti\u00e1n tocando la guitarra en un contexto de imaginativas escenas que ilustran lo que podr\u00eda haber sido la relaci\u00f3n de siempre. El videoclip, grabado en Madrid, ya est\u00e1 disponible en el canal de YouTube del artista, y tambi\u00e9n puedes verlo arriba.<\/p>\n<p>Continuando con su compromiso de empoderar a j\u00f3venes m\u00fasicos aspirantes, la Beca Sebasti\u00e1n Yatra, otorgada en asociaci\u00f3n con la Fundaci\u00f3n Cultural Latin Grammy, ha sido otorgada al bajista cubano Leo Luna Roblejo. La beca apoyar\u00e1 los estudios universitarios de Roblejo en Berklee College of Music para el semestre de oto\u00f1o de 2024.<\/p>\n<p>En los \u00faltimos tiempos, el cantante colombiano sigue consolid\u00e1ndose como uno de los artistas pop latinos m\u00e1s influyentes. Tras su exitosa actuaci\u00f3n en el Starlite de Marbella el pasado fin de semana, Yatra bati\u00f3 r\u00e9cords de asistencia al actuar ante m\u00e1s de 65.000 personas durante la clausura de las fiestas de San Gin\u00e9s en la Playa del Reducto de Arrecife, convirtiendo el evento en uno de los m\u00e1s multitudinarios y memorables de la historia reciente de la ciudad.<\/p>\n<p><strong>Compra o transmite \u201cLos Domingos\u201d<\/strong><\/p>\n","protected":false},"excerpt":{"rendered":"<p>Demostrando una vez m\u00e1s su excepcional talento para crear m\u00fasica que toca la fibra sensible, Sebasti\u00e1n Yatrael aclamado cantautor y ganador del Grammy Latino, ha<\/p>\n","protected":false},"author":1,"featured_media":388,"comment_status":"closed","ping_status":"open","sticky":false,"template":"","format":"standard","meta":{"footnotes":""},"categories":[50],"tags":[201,401,402,180,146,399,204,400],"class_list":["post-387","post","type-post","status-publish","format-standard","has-post-thumbnail","hentry","category-el-ultimo","tag-comparte","tag-conmovedor","tag-domingos","tag-los","tag-nuevo","tag-sebastian","tag-sencillo","tag-yatra","generate-columns","tablet-grid-50","mobile-grid-100","grid-parent","grid-50"],"yoast_head":"<!-- This site is optimized with the Yoast SEO plugin v23.3 - https:\/\/yoast.com\/wordpress\/plugins\/seo\/ -->\n<title>Sebasti\u00e1n Yatra Comparte Conmovedor Nuevo Sencillo &#039;Los Domingos&#039;<\/title>\n<meta name=\"robots\" content=\"index, follow, max-snippet:-1, max-image-preview:large, max-video-preview:-1\" \/>\n<link rel=\"canonical\" href=\"https:\/\/web.consaguirre.com.ar\/noticias\/sebastian-yatra-comparte-conmovedor-nuevo-sencillo-los-domingos\/\" \/>\n<meta property=\"og:locale\" content=\"es_ES\" \/>\n<meta property=\"og:type\" content=\"article\" \/>\n<meta property=\"og:title\" content=\"Sebasti\u00e1n Yatra Comparte Conmovedor Nuevo Sencillo &#039;Los Domingos&#039;\" \/>\n<meta property=\"og:description\" content=\"Demostrando una vez m\u00e1s su excepcional talento para crear m\u00fasica que toca la fibra sensible, Sebasti\u00e1n Yatrael aclamado cantautor y ganador del Grammy Latino, ha\" \/>\n<meta property=\"og:url\" content=\"https:\/\/web.consaguirre.com.ar\/noticias\/sebastian-yatra-comparte-conmovedor-nuevo-sencillo-los-domingos\/\" \/>\n<meta property=\"og:site_name\" content=\"Conservatorio de M\u00fasica Juli\u00e1n Aguirre\" \/>\n<meta property=\"article:published_time\" content=\"2024-09-02T11:16:12+00:00\" \/>\n<meta property=\"article:modified_time\" content=\"2024-09-08T19:27:49+00:00\" \/>\n<meta property=\"og:image\" content=\"https:\/\/web.consaguirre.com.ar\/noticias\/wp-content\/uploads\/2024\/09\/Sebastian-Yatra-Comparte-Conmovedor-Nuevo-Sencillo-Los-Domingos.jpg\" \/>\n\t<meta property=\"og:image:width\" content=\"1440\" \/>\n\t<meta property=\"og:image:height\" content=\"864\" \/>\n\t<meta property=\"og:image:type\" content=\"image\/jpeg\" \/>\n<meta name=\"author\" content=\"Javier Figueroa\" \/>\n<meta name=\"twitter:card\" content=\"summary_large_image\" \/>\n<meta name=\"twitter:label1\" content=\"Escrito por\" \/>\n\t<meta name=\"twitter:data1\" content=\"Javier Figueroa\" \/>\n\t<meta name=\"twitter:label2\" content=\"Tiempo de lectura\" \/>\n\t<meta name=\"twitter:data2\" content=\"2 minutos\" \/>\n<script type=\"application\/ld+json\" class=\"yoast-schema-graph\">{\"@context\":\"https:\/\/schema.org\",\"@graph\":[{\"@type\":\"Article\",\"@id\":\"https:\/\/web.consaguirre.com.ar\/noticias\/sebastian-yatra-comparte-conmovedor-nuevo-sencillo-los-domingos\/#article\",\"isPartOf\":{\"@id\":\"https:\/\/web.consaguirre.com.ar\/noticias\/sebastian-yatra-comparte-conmovedor-nuevo-sencillo-los-domingos\/\"},\"author\":{\"name\":\"Javier Figueroa\",\"@id\":\"https:\/\/web.consaguirre.com.ar\/noticias\/#\/schema\/person\/6558b0cfedee7ddc5425602b237d5722\"},\"headline\":\"Sebasti\u00e1n Yatra Comparte Conmovedor Nuevo Sencillo &#8216;Los Domingos&#8217;\",\"datePublished\":\"2024-09-02T11:16:12+00:00\",\"dateModified\":\"2024-09-08T19:27:49+00:00\",\"mainEntityOfPage\":{\"@id\":\"https:\/\/web.consaguirre.com.ar\/noticias\/sebastian-yatra-comparte-conmovedor-nuevo-sencillo-los-domingos\/\"},\"wordCount\":467,\"publisher\":{\"@id\":\"https:\/\/web.consaguirre.com.ar\/noticias\/#organization\"},\"image\":{\"@id\":\"https:\/\/web.consaguirre.com.ar\/noticias\/sebastian-yatra-comparte-conmovedor-nuevo-sencillo-los-domingos\/#primaryimage\"},\"thumbnailUrl\":\"https:\/\/web.consaguirre.com.ar\/noticias\/wp-content\/uploads\/2024\/09\/Sebastian-Yatra-Comparte-Conmovedor-Nuevo-Sencillo-Los-Domingos.jpg\",\"keywords\":[\"comparte\",\"Conmovedor\",\"Domingos\",\"los\",\"nuevo\",\"Sebasti\u00e1n\",\"sencillo\",\"Yatra\"],\"articleSection\":[\"El \u00faltimo\"],\"inLanguage\":\"es-AR\"},{\"@type\":\"WebPage\",\"@id\":\"https:\/\/web.consaguirre.com.ar\/noticias\/sebastian-yatra-comparte-conmovedor-nuevo-sencillo-los-domingos\/\",\"url\":\"https:\/\/web.consaguirre.com.ar\/noticias\/sebastian-yatra-comparte-conmovedor-nuevo-sencillo-los-domingos\/\",\"name\":\"Sebasti\u00e1n Yatra Comparte Conmovedor Nuevo Sencillo 'Los Domingos'\",\"isPartOf\":{\"@id\":\"https:\/\/web.consaguirre.com.ar\/noticias\/#website\"},\"primaryImageOfPage\":{\"@id\":\"https:\/\/web.consaguirre.com.ar\/noticias\/sebastian-yatra-comparte-conmovedor-nuevo-sencillo-los-domingos\/#primaryimage\"},\"image\":{\"@id\":\"https:\/\/web.consaguirre.com.ar\/noticias\/sebastian-yatra-comparte-conmovedor-nuevo-sencillo-los-domingos\/#primaryimage\"},\"thumbnailUrl\":\"https:\/\/web.consaguirre.com.ar\/noticias\/wp-content\/uploads\/2024\/09\/Sebastian-Yatra-Comparte-Conmovedor-Nuevo-Sencillo-Los-Domingos.jpg\",\"datePublished\":\"2024-09-02T11:16:12+00:00\",\"dateModified\":\"2024-09-08T19:27:49+00:00\",\"breadcrumb\":{\"@id\":\"https:\/\/web.consaguirre.com.ar\/noticias\/sebastian-yatra-comparte-conmovedor-nuevo-sencillo-los-domingos\/#breadcrumb\"},\"inLanguage\":\"es-AR\",\"potentialAction\":[{\"@type\":\"ReadAction\",\"target\":[\"https:\/\/web.consaguirre.com.ar\/noticias\/sebastian-yatra-comparte-conmovedor-nuevo-sencillo-los-domingos\/\"]}]},{\"@type\":\"ImageObject\",\"inLanguage\":\"es-AR\",\"@id\":\"https:\/\/web.consaguirre.com.ar\/noticias\/sebastian-yatra-comparte-conmovedor-nuevo-sencillo-los-domingos\/#primaryimage\",\"url\":\"https:\/\/web.consaguirre.com.ar\/noticias\/wp-content\/uploads\/2024\/09\/Sebastian-Yatra-Comparte-Conmovedor-Nuevo-Sencillo-Los-Domingos.jpg\",\"contentUrl\":\"https:\/\/web.consaguirre.com.ar\/noticias\/wp-content\/uploads\/2024\/09\/Sebastian-Yatra-Comparte-Conmovedor-Nuevo-Sencillo-Los-Domingos.jpg\",\"width\":1440,\"height\":864,\"caption\":\"Sebastian-Yatra-Los-Domnigos-Single\"},{\"@type\":\"BreadcrumbList\",\"@id\":\"https:\/\/web.consaguirre.com.ar\/noticias\/sebastian-yatra-comparte-conmovedor-nuevo-sencillo-los-domingos\/#breadcrumb\",\"itemListElement\":[{\"@type\":\"ListItem\",\"position\":1,\"name\":\"Inicio\",\"item\":\"https:\/\/web.consaguirre.com.ar\/noticias\/\"},{\"@type\":\"ListItem\",\"position\":2,\"name\":\"Sebasti\u00e1n Yatra Comparte Conmovedor Nuevo Sencillo &#8216;Los Domingos&#8217;\"}]},{\"@type\":\"WebSite\",\"@id\":\"https:\/\/web.consaguirre.com.ar\/noticias\/#website\",\"url\":\"https:\/\/web.consaguirre.com.ar\/noticias\/\",\"name\":\"Conservatorio de M\u00fasica Juli\u00e1n Aguirre\",\"description\":\"\",\"publisher\":{\"@id\":\"https:\/\/web.consaguirre.com.ar\/noticias\/#organization\"},\"potentialAction\":[{\"@type\":\"SearchAction\",\"target\":{\"@type\":\"EntryPoint\",\"urlTemplate\":\"https:\/\/web.consaguirre.com.ar\/noticias\/?s={search_term_string}\"},\"query-input\":\"required name=search_term_string\"}],\"inLanguage\":\"es-AR\"},{\"@type\":\"Organization\",\"@id\":\"https:\/\/web.consaguirre.com.ar\/noticias\/#organization\",\"name\":\"Conservatorio de M\u00fasica Juli\u00e1n Aguirre\",\"url\":\"https:\/\/web.consaguirre.com.ar\/noticias\/\",\"logo\":{\"@type\":\"ImageObject\",\"inLanguage\":\"es-AR\",\"@id\":\"https:\/\/web.consaguirre.com.ar\/noticias\/#\/schema\/logo\/image\/\",\"url\":\"https:\/\/web.consaguirre.com.ar\/noticias\/wp-content\/uploads\/2024\/08\/Banner-Aguirre-23.jpg\",\"contentUrl\":\"https:\/\/web.consaguirre.com.ar\/noticias\/wp-content\/uploads\/2024\/08\/Banner-Aguirre-23.jpg\",\"width\":1192,\"height\":600,\"caption\":\"Conservatorio de M\u00fasica Juli\u00e1n Aguirre\"},\"image\":{\"@id\":\"https:\/\/web.consaguirre.com.ar\/noticias\/#\/schema\/logo\/image\/\"}},{\"@type\":\"Person\",\"@id\":\"https:\/\/web.consaguirre.com.ar\/noticias\/#\/schema\/person\/6558b0cfedee7ddc5425602b237d5722\",\"name\":\"Javier Figueroa\",\"image\":{\"@type\":\"ImageObject\",\"inLanguage\":\"es-AR\",\"@id\":\"https:\/\/web.consaguirre.com.ar\/noticias\/#\/schema\/person\/image\/\",\"url\":\"https:\/\/web.consaguirre.com.ar\/noticias\/wp-content\/uploads\/2024\/08\/Consaguirre-scaled.jpg\",\"contentUrl\":\"https:\/\/web.consaguirre.com.ar\/noticias\/wp-content\/uploads\/2024\/08\/Consaguirre-scaled.jpg\",\"caption\":\"Javier Figueroa\"},\"description\":\"Me llamo Javier Figueroa y soy redactor para el sitio oficial del Conservatorio de M\u00fasica Juli\u00e1n Aguirre en Buenos Aires, consaguirre.com. Apasionado por la m\u00fasica y la escritura, me esfuerzo por destacar los talentos y eventos de nuestra prestigiosa instituci\u00f3n. Mi trayectoria se nutre de una profunda admiraci\u00f3n por los artistas, haciendo de cada art\u00edculo una celebraci\u00f3n de la creatividad y la cultura musical.\",\"sameAs\":[\"https:\/\/web.consaguirre.com.ar\/noticias\"]}]}<\/script>\n<!-- \/ Yoast SEO plugin. -->","yoast_head_json":{"title":"Sebasti\u00e1n Yatra Comparte Conmovedor Nuevo Sencillo 'Los Domingos'","robots":{"index":"index","follow":"follow","max-snippet":"max-snippet:-1","max-image-preview":"max-image-preview:large","max-video-preview":"max-video-preview:-1"},"canonical":"https:\/\/web.consaguirre.com.ar\/noticias\/sebastian-yatra-comparte-conmovedor-nuevo-sencillo-los-domingos\/","og_locale":"es_ES","og_type":"article","og_title":"Sebasti\u00e1n Yatra Comparte Conmovedor Nuevo Sencillo 'Los Domingos'","og_description":"Demostrando una vez m\u00e1s su excepcional talento para crear m\u00fasica que toca la fibra sensible, Sebasti\u00e1n Yatrael aclamado cantautor y ganador del Grammy Latino, ha","og_url":"https:\/\/web.consaguirre.com.ar\/noticias\/sebastian-yatra-comparte-conmovedor-nuevo-sencillo-los-domingos\/","og_site_name":"Conservatorio de M\u00fasica Juli\u00e1n Aguirre","article_published_time":"2024-09-02T11:16:12+00:00","article_modified_time":"2024-09-08T19:27:49+00:00","og_image":[{"width":1440,"height":864,"url":"https:\/\/web.consaguirre.com.ar\/noticias\/wp-content\/uploads\/2024\/09\/Sebastian-Yatra-Comparte-Conmovedor-Nuevo-Sencillo-Los-Domingos.jpg","type":"image\/jpeg"}],"author":"Javier Figueroa","twitter_card":"summary_large_image","twitter_misc":{"Escrito por":"Javier Figueroa","Tiempo de lectura":"2 minutos"},"schema":{"@context":"https:\/\/schema.org","@graph":[{"@type":"Article","@id":"https:\/\/web.consaguirre.com.ar\/noticias\/sebastian-yatra-comparte-conmovedor-nuevo-sencillo-los-domingos\/#article","isPartOf":{"@id":"https:\/\/web.consaguirre.com.ar\/noticias\/sebastian-yatra-comparte-conmovedor-nuevo-sencillo-los-domingos\/"},"author":{"name":"Javier Figueroa","@id":"https:\/\/web.consaguirre.com.ar\/noticias\/#\/schema\/person\/6558b0cfedee7ddc5425602b237d5722"},"headline":"Sebasti\u00e1n Yatra Comparte Conmovedor Nuevo Sencillo &#8216;Los Domingos&#8217;","datePublished":"2024-09-02T11:16:12+00:00","dateModified":"2024-09-08T19:27:49+00:00","mainEntityOfPage":{"@id":"https:\/\/web.consaguirre.com.ar\/noticias\/sebastian-yatra-comparte-conmovedor-nuevo-sencillo-los-domingos\/"},"wordCount":467,"publisher":{"@id":"https:\/\/web.consaguirre.com.ar\/noticias\/#organization"},"image":{"@id":"https:\/\/web.consaguirre.com.ar\/noticias\/sebastian-yatra-comparte-conmovedor-nuevo-sencillo-los-domingos\/#primaryimage"},"thumbnailUrl":"https:\/\/web.consaguirre.com.ar\/noticias\/wp-content\/uploads\/2024\/09\/Sebastian-Yatra-Comparte-Conmovedor-Nuevo-Sencillo-Los-Domingos.jpg","keywords":["comparte","Conmovedor","Domingos","los","nuevo","Sebasti\u00e1n","sencillo","Yatra"],"articleSection":["El \u00faltimo"],"inLanguage":"es-AR"},{"@type":"WebPage","@id":"https:\/\/web.consaguirre.com.ar\/noticias\/sebastian-yatra-comparte-conmovedor-nuevo-sencillo-los-domingos\/","url":"https:\/\/web.consaguirre.com.ar\/noticias\/sebastian-yatra-comparte-conmovedor-nuevo-sencillo-los-domingos\/","name":"Sebasti\u00e1n Yatra Comparte Conmovedor Nuevo Sencillo 'Los Domingos'","isPartOf":{"@id":"https:\/\/web.consaguirre.com.ar\/noticias\/#website"},"primaryImageOfPage":{"@id":"https:\/\/web.consaguirre.com.ar\/noticias\/sebastian-yatra-comparte-conmovedor-nuevo-sencillo-los-domingos\/#primaryimage"},"image":{"@id":"https:\/\/web.consaguirre.com.ar\/noticias\/sebastian-yatra-comparte-conmovedor-nuevo-sencillo-los-domingos\/#primaryimage"},"thumbnailUrl":"https:\/\/web.consaguirre.com.ar\/noticias\/wp-content\/uploads\/2024\/09\/Sebastian-Yatra-Comparte-Conmovedor-Nuevo-Sencillo-Los-Domingos.jpg","datePublished":"2024-09-02T11:16:12+00:00","dateModified":"2024-09-08T19:27:49+00:00","breadcrumb":{"@id":"https:\/\/web.consaguirre.com.ar\/noticias\/sebastian-yatra-comparte-conmovedor-nuevo-sencillo-los-domingos\/#breadcrumb"},"inLanguage":"es-AR","potentialAction":[{"@type":"ReadAction","target":["https:\/\/web.consaguirre.com.ar\/noticias\/sebastian-yatra-comparte-conmovedor-nuevo-sencillo-los-domingos\/"]}]},{"@type":"ImageObject","inLanguage":"es-AR","@id":"https:\/\/web.consaguirre.com.ar\/noticias\/sebastian-yatra-comparte-conmovedor-nuevo-sencillo-los-domingos\/#primaryimage","url":"https:\/\/web.consaguirre.com.ar\/noticias\/wp-content\/uploads\/2024\/09\/Sebastian-Yatra-Comparte-Conmovedor-Nuevo-Sencillo-Los-Domingos.jpg","contentUrl":"https:\/\/web.consaguirre.com.ar\/noticias\/wp-content\/uploads\/2024\/09\/Sebastian-Yatra-Comparte-Conmovedor-Nuevo-Sencillo-Los-Domingos.jpg","width":1440,"height":864,"caption":"Sebastian-Yatra-Los-Domnigos-Single"},{"@type":"BreadcrumbList","@id":"https:\/\/web.consaguirre.com.ar\/noticias\/sebastian-yatra-comparte-conmovedor-nuevo-sencillo-los-domingos\/#breadcrumb","itemListElement":[{"@type":"ListItem","position":1,"name":"Inicio","item":"https:\/\/web.consaguirre.com.ar\/noticias\/"},{"@type":"ListItem","position":2,"name":"Sebasti\u00e1n Yatra Comparte Conmovedor Nuevo Sencillo &#8216;Los Domingos&#8217;"}]},{"@type":"WebSite","@id":"https:\/\/web.consaguirre.com.ar\/noticias\/#website","url":"https:\/\/web.consaguirre.com.ar\/noticias\/","name":"Conservatorio de M\u00fasica Juli\u00e1n Aguirre","description":"","publisher":{"@id":"https:\/\/web.consaguirre.com.ar\/noticias\/#organization"},"potentialAction":[{"@type":"SearchAction","target":{"@type":"EntryPoint","urlTemplate":"https:\/\/web.consaguirre.com.ar\/noticias\/?s={search_term_string}"},"query-input":"required name=search_term_string"}],"inLanguage":"es-AR"},{"@type":"Organization","@id":"https:\/\/web.consaguirre.com.ar\/noticias\/#organization","name":"Conservatorio de M\u00fasica Juli\u00e1n Aguirre","url":"https:\/\/web.consaguirre.com.ar\/noticias\/","logo":{"@type":"ImageObject","inLanguage":"es-AR","@id":"https:\/\/web.consaguirre.com.ar\/noticias\/#\/schema\/logo\/image\/","url":"https:\/\/web.consaguirre.com.ar\/noticias\/wp-content\/uploads\/2024\/08\/Banner-Aguirre-23.jpg","contentUrl":"https:\/\/web.consaguirre.com.ar\/noticias\/wp-content\/uploads\/2024\/08\/Banner-Aguirre-23.jpg","width":1192,"height":600,"caption":"Conservatorio de M\u00fasica Juli\u00e1n Aguirre"},"image":{"@id":"https:\/\/web.consaguirre.com.ar\/noticias\/#\/schema\/logo\/image\/"}},{"@type":"Person","@id":"https:\/\/web.consaguirre.com.ar\/noticias\/#\/schema\/person\/6558b0cfedee7ddc5425602b237d5722","name":"Javier Figueroa","image":{"@type":"ImageObject","inLanguage":"es-AR","@id":"https:\/\/web.consaguirre.com.ar\/noticias\/#\/schema\/person\/image\/","url":"https:\/\/web.consaguirre.com.ar\/noticias\/wp-content\/uploads\/2024\/08\/Consaguirre-scaled.jpg","contentUrl":"https:\/\/web.consaguirre.com.ar\/noticias\/wp-content\/uploads\/2024\/08\/Consaguirre-scaled.jpg","caption":"Javier Figueroa"},"description":"Me llamo Javier Figueroa y soy redactor para el sitio oficial del Conservatorio de M\u00fasica Juli\u00e1n Aguirre en Buenos Aires, consaguirre.com. Apasionado por la m\u00fasica y la escritura, me esfuerzo por destacar los talentos y eventos de nuestra prestigiosa instituci\u00f3n. Mi trayectoria se nutre de una profunda admiraci\u00f3n por los artistas, haciendo de cada art\u00edculo una celebraci\u00f3n de la creatividad y la cultura musical.","sameAs":["https:\/\/web.consaguirre.com.ar\/noticias"]}]}},"_links":{"self":[{"href":"https:\/\/web.consaguirre.com.ar\/noticias\/wp-json\/wp\/v2\/posts\/387"}],"collection":[{"href":"https:\/\/web.consaguirre.com.ar\/noticias\/wp-json\/wp\/v2\/posts"}],"about":[{"href":"https:\/\/web.consaguirre.com.ar\/noticias\/wp-json\/wp\/v2\/types\/post"}],"author":[{"embeddable":true,"href":"https:\/\/web.consaguirre.com.ar\/noticias\/wp-json\/wp\/v2\/users\/1"}],"replies":[{"embeddable":true,"href":"https:\/\/web.consaguirre.com.ar\/noticias\/wp-json\/wp\/v2\/comments?post=387"}],"version-history":[{"count":1,"href":"https:\/\/web.consaguirre.com.ar\/noticias\/wp-json\/wp\/v2\/posts\/387\/revisions"}],"predecessor-version":[{"id":389,"href":"https:\/\/web.consaguirre.com.ar\/noticias\/wp-json\/wp\/v2\/posts\/387\/revisions\/389"}],"wp:featuredmedia":[{"embeddable":true,"href":"https:\/\/web.consaguirre.com.ar\/noticias\/wp-json\/wp\/v2\/media\/388"}],"wp:attachment":[{"href":"https:\/\/web.consaguirre.com.ar\/noticias\/wp-json\/wp\/v2\/media?parent=387"}],"wp:term":[{"taxonomy":"category","embeddable":true,"href":"https:\/\/web.consaguirre.com.ar\/noticias\/wp-json\/wp\/v2\/categories?post=387"},{"taxonomy":"post_tag","embeddable":true,"href":"https:\/\/web.consaguirre.com.ar\/noticias\/wp-json\/wp\/v2\/tags?post=387"}],"curies":[{"name":"wp","href":"https:\/\/api.w.org\/{rel}","templated":true}]}}