{"id":3868,"date":"2025-09-30T02:38:15","date_gmt":"2025-09-30T05:38:15","guid":{"rendered":"https:\/\/web.consaguirre.com.ar\/noticias\/future-doechii-y-ludacris-para-encabezar-el-one-musicfest-de-atlanta\/"},"modified":"2025-09-30T02:38:16","modified_gmt":"2025-09-30T05:38:16","slug":"future-doechii-y-ludacris-para-encabezar-el-one-musicfest-de-atlanta","status":"publish","type":"post","link":"https:\/\/web.consaguirre.com.ar\/noticias\/future-doechii-y-ludacris-para-encabezar-el-one-musicfest-de-atlanta\/","title":{"rendered":"Future, Doechii y Ludacris para encabezar el One MusicFest de Atlanta"},"content":{"rendered":"<p>Un MusicFest regresar\u00e1 a Piedmont Park en Atlanta los d\u00edas 25 y 26 de octubre. El evento de dos d\u00edas estar\u00e1 encabezado por Future, Doechii y Ludacris.<\/p>\n<p>Otros artistas que se presentar\u00e1n incluyen The Roots, The Dungeon Family, Flo, Ari Lennox, Bobby V, Lloyd y mucho m\u00e1s.<\/p>\n<p>Muchos de los sets en el festival est\u00e1n listos para ser especiales de una forma u otra. La actuaci\u00f3n de The Roots contar\u00e1 con Mary J. Blige, Busta Rhymes, Havoc of Mobb Deep y, por supuesto, el MC Black Thought de la banda. Doechii se anuncia como &#8220;el invitado especial de Dawg&#8221; y su set vendr\u00e1 &#8220;Live From The Swamp&#8221;, que es una referencia a su recorrido por el mismo nombre.<\/p>\n<p>El set de Ludacris contar\u00e1 con amigos y celebrar\u00e1 su 25 aniversario como artista. El conjunto de reuni\u00f3n de Dungeon Family contar\u00e1 con &#8220;amigos&#8221; y rendir\u00e1 homenaje al difunto Rico Wade. Otros aspectos destacados incluyen un &#8220;set de 2000 de R&#038;B&#8221;, un &#8220;conjunto de damas del sur&#8221; y m\u00e1s.<\/p>\n<p>La noticia llega en un momento emocionante para Ludacris. El a\u00f1o pasado reconoci\u00f3 otro aniversario, celebrando 20 a\u00f1os de <em>El distrito de la luz roja<\/em> con un lanzamiento especial de vinilo. DMX, Nate Dogg, Nas y m\u00e1s aparecen en el \u00e1lbum de 2004, que presenta la producci\u00f3n de Timbaland (&#8220;The Potion&#8221;), Craig King (&#8220;Who Not Me&#8221;), Salaam Remi (&#8220;Virgo&#8221;) y otros.<\/p>\n<p>En cuanto a otros artistas en el proyecto de ley, Doechii se est\u00e1 preparando para su mencionada Live de The Swamp Tour, que atraviesa Am\u00e9rica del Norte en octubre y noviembre, seguida de sus primeras citas en Australia en diciembre.<\/p>\n<p>El itinerario en vivo de Doechii para el resto del a\u00f1o comienza con una serie de sets de festivales durante todo el verano y principios de oto\u00f1o: el festival Pukkelpop de B\u00e9lgica este mes, todas las cosas Go Fests en Queens, Nueva York y Columbia, MD en septiembre y dos fines de semana del Festival de L\u00edmites de la Ciudad de Austin en Texas en octubre.<\/p>\n<p><b>Compre el mejor hip-hop en vinilo ahora.<\/b><\/p>\n","protected":false},"excerpt":{"rendered":"<p>Un MusicFest regresar\u00e1 a Piedmont Park en Atlanta los d\u00edas 25 y 26 de octubre. El evento de dos d\u00edas estar\u00e1 encabezado por Future, Doechii<\/p>\n","protected":false},"author":1,"featured_media":3869,"comment_status":"closed","ping_status":"","sticky":false,"template":"","format":"standard","meta":{"footnotes":""},"categories":[50],"tags":[563,404,3264,784,1087,3265,154],"class_list":["post-3868","post","type-post","status-publish","format-standard","has-post-thumbnail","hentry","category-el-ultimo","tag-atlanta","tag-doechii","tag-encabezar","tag-future","tag-ludacris","tag-musicfest","tag-para","generate-columns","tablet-grid-50","mobile-grid-100","grid-parent","grid-50"],"yoast_head":"<!-- This site is optimized with the Yoast SEO plugin v23.3 - https:\/\/yoast.com\/wordpress\/plugins\/seo\/ -->\n<title>Future, Doechii y Ludacris para encabezar el One MusicFest de Atlanta<\/title>\n<meta name=\"robots\" content=\"index, follow, max-snippet:-1, max-image-preview:large, max-video-preview:-1\" \/>\n<link rel=\"canonical\" href=\"https:\/\/web.consaguirre.com.ar\/noticias\/future-doechii-y-ludacris-para-encabezar-el-one-musicfest-de-atlanta\/\" \/>\n<meta property=\"og:locale\" content=\"es_ES\" \/>\n<meta property=\"og:type\" content=\"article\" \/>\n<meta property=\"og:title\" content=\"Future, Doechii y Ludacris para encabezar el One MusicFest de Atlanta\" \/>\n<meta property=\"og:description\" content=\"Un MusicFest regresar\u00e1 a Piedmont Park en Atlanta los d\u00edas 25 y 26 de octubre. El evento de dos d\u00edas estar\u00e1 encabezado por Future, Doechii\" \/>\n<meta property=\"og:url\" content=\"https:\/\/web.consaguirre.com.ar\/noticias\/future-doechii-y-ludacris-para-encabezar-el-one-musicfest-de-atlanta\/\" \/>\n<meta property=\"og:site_name\" content=\"Conservatorio de M\u00fasica Juli\u00e1n Aguirre\" \/>\n<meta property=\"article:published_time\" content=\"2025-09-30T05:38:15+00:00\" \/>\n<meta property=\"article:modified_time\" content=\"2025-09-30T05:38:16+00:00\" \/>\n<meta property=\"og:image\" content=\"https:\/\/web.consaguirre.com.ar\/noticias\/wp-content\/uploads\/2025\/09\/Future-Doechii-y-Ludacris-para-encabezar-el-One-MusicFest-de.jpg\" \/>\n\t<meta property=\"og:image:width\" content=\"1440\" \/>\n\t<meta property=\"og:image:height\" content=\"864\" \/>\n\t<meta property=\"og:image:type\" content=\"image\/jpeg\" \/>\n<meta name=\"author\" content=\"Javier Figueroa\" \/>\n<meta name=\"twitter:card\" content=\"summary_large_image\" \/>\n<meta name=\"twitter:label1\" content=\"Escrito por\" \/>\n\t<meta name=\"twitter:data1\" content=\"Javier Figueroa\" \/>\n\t<meta name=\"twitter:label2\" content=\"Tiempo de lectura\" \/>\n\t<meta name=\"twitter:data2\" content=\"2 minutos\" \/>\n<script type=\"application\/ld+json\" class=\"yoast-schema-graph\">{\"@context\":\"https:\/\/schema.org\",\"@graph\":[{\"@type\":\"Article\",\"@id\":\"https:\/\/web.consaguirre.com.ar\/noticias\/future-doechii-y-ludacris-para-encabezar-el-one-musicfest-de-atlanta\/#article\",\"isPartOf\":{\"@id\":\"https:\/\/web.consaguirre.com.ar\/noticias\/future-doechii-y-ludacris-para-encabezar-el-one-musicfest-de-atlanta\/\"},\"author\":{\"name\":\"Javier Figueroa\",\"@id\":\"https:\/\/web.consaguirre.com.ar\/noticias\/#\/schema\/person\/6558b0cfedee7ddc5425602b237d5722\"},\"headline\":\"Future, Doechii y Ludacris para encabezar el One MusicFest de Atlanta\",\"datePublished\":\"2025-09-30T05:38:15+00:00\",\"dateModified\":\"2025-09-30T05:38:16+00:00\",\"mainEntityOfPage\":{\"@id\":\"https:\/\/web.consaguirre.com.ar\/noticias\/future-doechii-y-ludacris-para-encabezar-el-one-musicfest-de-atlanta\/\"},\"wordCount\":364,\"publisher\":{\"@id\":\"https:\/\/web.consaguirre.com.ar\/noticias\/#organization\"},\"image\":{\"@id\":\"https:\/\/web.consaguirre.com.ar\/noticias\/future-doechii-y-ludacris-para-encabezar-el-one-musicfest-de-atlanta\/#primaryimage\"},\"thumbnailUrl\":\"https:\/\/web.consaguirre.com.ar\/noticias\/wp-content\/uploads\/2025\/09\/Future-Doechii-y-Ludacris-para-encabezar-el-One-MusicFest-de.jpg\",\"keywords\":[\"Atlanta\",\"Doechii\",\"encabezar\",\"Future\",\"Ludacris\",\"MusicFest\",\"para\"],\"articleSection\":[\"El \u00faltimo\"],\"inLanguage\":\"es-AR\"},{\"@type\":\"WebPage\",\"@id\":\"https:\/\/web.consaguirre.com.ar\/noticias\/future-doechii-y-ludacris-para-encabezar-el-one-musicfest-de-atlanta\/\",\"url\":\"https:\/\/web.consaguirre.com.ar\/noticias\/future-doechii-y-ludacris-para-encabezar-el-one-musicfest-de-atlanta\/\",\"name\":\"Future, Doechii y Ludacris para encabezar el One MusicFest de Atlanta\",\"isPartOf\":{\"@id\":\"https:\/\/web.consaguirre.com.ar\/noticias\/#website\"},\"primaryImageOfPage\":{\"@id\":\"https:\/\/web.consaguirre.com.ar\/noticias\/future-doechii-y-ludacris-para-encabezar-el-one-musicfest-de-atlanta\/#primaryimage\"},\"image\":{\"@id\":\"https:\/\/web.consaguirre.com.ar\/noticias\/future-doechii-y-ludacris-para-encabezar-el-one-musicfest-de-atlanta\/#primaryimage\"},\"thumbnailUrl\":\"https:\/\/web.consaguirre.com.ar\/noticias\/wp-content\/uploads\/2025\/09\/Future-Doechii-y-Ludacris-para-encabezar-el-One-MusicFest-de.jpg\",\"datePublished\":\"2025-09-30T05:38:15+00:00\",\"dateModified\":\"2025-09-30T05:38:16+00:00\",\"breadcrumb\":{\"@id\":\"https:\/\/web.consaguirre.com.ar\/noticias\/future-doechii-y-ludacris-para-encabezar-el-one-musicfest-de-atlanta\/#breadcrumb\"},\"inLanguage\":\"es-AR\",\"potentialAction\":[{\"@type\":\"ReadAction\",\"target\":[\"https:\/\/web.consaguirre.com.ar\/noticias\/future-doechii-y-ludacris-para-encabezar-el-one-musicfest-de-atlanta\/\"]}]},{\"@type\":\"ImageObject\",\"inLanguage\":\"es-AR\",\"@id\":\"https:\/\/web.consaguirre.com.ar\/noticias\/future-doechii-y-ludacris-para-encabezar-el-one-musicfest-de-atlanta\/#primaryimage\",\"url\":\"https:\/\/web.consaguirre.com.ar\/noticias\/wp-content\/uploads\/2025\/09\/Future-Doechii-y-Ludacris-para-encabezar-el-One-MusicFest-de.jpg\",\"contentUrl\":\"https:\/\/web.consaguirre.com.ar\/noticias\/wp-content\/uploads\/2025\/09\/Future-Doechii-y-Ludacris-para-encabezar-el-One-MusicFest-de.jpg\",\"width\":1440,\"height\":864,\"caption\":\"Future, Doechii y Ludacris para encabezar el One MusicFest de Atlanta\"},{\"@type\":\"BreadcrumbList\",\"@id\":\"https:\/\/web.consaguirre.com.ar\/noticias\/future-doechii-y-ludacris-para-encabezar-el-one-musicfest-de-atlanta\/#breadcrumb\",\"itemListElement\":[{\"@type\":\"ListItem\",\"position\":1,\"name\":\"Inicio\",\"item\":\"https:\/\/web.consaguirre.com.ar\/noticias\/\"},{\"@type\":\"ListItem\",\"position\":2,\"name\":\"Future, Doechii y Ludacris para encabezar el One MusicFest de Atlanta\"}]},{\"@type\":\"WebSite\",\"@id\":\"https:\/\/web.consaguirre.com.ar\/noticias\/#website\",\"url\":\"https:\/\/web.consaguirre.com.ar\/noticias\/\",\"name\":\"Conservatorio de M\u00fasica Juli\u00e1n Aguirre\",\"description\":\"\",\"publisher\":{\"@id\":\"https:\/\/web.consaguirre.com.ar\/noticias\/#organization\"},\"potentialAction\":[{\"@type\":\"SearchAction\",\"target\":{\"@type\":\"EntryPoint\",\"urlTemplate\":\"https:\/\/web.consaguirre.com.ar\/noticias\/?s={search_term_string}\"},\"query-input\":\"required name=search_term_string\"}],\"inLanguage\":\"es-AR\"},{\"@type\":\"Organization\",\"@id\":\"https:\/\/web.consaguirre.com.ar\/noticias\/#organization\",\"name\":\"Conservatorio de M\u00fasica Juli\u00e1n Aguirre\",\"url\":\"https:\/\/web.consaguirre.com.ar\/noticias\/\",\"logo\":{\"@type\":\"ImageObject\",\"inLanguage\":\"es-AR\",\"@id\":\"https:\/\/web.consaguirre.com.ar\/noticias\/#\/schema\/logo\/image\/\",\"url\":\"https:\/\/web.consaguirre.com.ar\/noticias\/wp-content\/uploads\/2024\/08\/Banner-Aguirre-23.jpg\",\"contentUrl\":\"https:\/\/web.consaguirre.com.ar\/noticias\/wp-content\/uploads\/2024\/08\/Banner-Aguirre-23.jpg\",\"width\":1192,\"height\":600,\"caption\":\"Conservatorio de M\u00fasica Juli\u00e1n Aguirre\"},\"image\":{\"@id\":\"https:\/\/web.consaguirre.com.ar\/noticias\/#\/schema\/logo\/image\/\"}},{\"@type\":\"Person\",\"@id\":\"https:\/\/web.consaguirre.com.ar\/noticias\/#\/schema\/person\/6558b0cfedee7ddc5425602b237d5722\",\"name\":\"Javier Figueroa\",\"image\":{\"@type\":\"ImageObject\",\"inLanguage\":\"es-AR\",\"@id\":\"https:\/\/web.consaguirre.com.ar\/noticias\/#\/schema\/person\/image\/\",\"url\":\"https:\/\/web.consaguirre.com.ar\/noticias\/wp-content\/uploads\/2024\/08\/Consaguirre-scaled.jpg\",\"contentUrl\":\"https:\/\/web.consaguirre.com.ar\/noticias\/wp-content\/uploads\/2024\/08\/Consaguirre-scaled.jpg\",\"caption\":\"Javier Figueroa\"},\"description\":\"Me llamo Javier Figueroa y soy redactor para el sitio oficial del Conservatorio de M\u00fasica Juli\u00e1n Aguirre en Buenos Aires, consaguirre.com. Apasionado por la m\u00fasica y la escritura, me esfuerzo por destacar los talentos y eventos de nuestra prestigiosa instituci\u00f3n. Mi trayectoria se nutre de una profunda admiraci\u00f3n por los artistas, haciendo de cada art\u00edculo una celebraci\u00f3n de la creatividad y la cultura musical.\",\"sameAs\":[\"https:\/\/web.consaguirre.com.ar\/noticias\"]}]}<\/script>\n<!-- \/ Yoast SEO plugin. -->","yoast_head_json":{"title":"Future, Doechii y Ludacris para encabezar el One MusicFest de Atlanta","robots":{"index":"index","follow":"follow","max-snippet":"max-snippet:-1","max-image-preview":"max-image-preview:large","max-video-preview":"max-video-preview:-1"},"canonical":"https:\/\/web.consaguirre.com.ar\/noticias\/future-doechii-y-ludacris-para-encabezar-el-one-musicfest-de-atlanta\/","og_locale":"es_ES","og_type":"article","og_title":"Future, Doechii y Ludacris para encabezar el One MusicFest de Atlanta","og_description":"Un MusicFest regresar\u00e1 a Piedmont Park en Atlanta los d\u00edas 25 y 26 de octubre. El evento de dos d\u00edas estar\u00e1 encabezado por Future, Doechii","og_url":"https:\/\/web.consaguirre.com.ar\/noticias\/future-doechii-y-ludacris-para-encabezar-el-one-musicfest-de-atlanta\/","og_site_name":"Conservatorio de M\u00fasica Juli\u00e1n Aguirre","article_published_time":"2025-09-30T05:38:15+00:00","article_modified_time":"2025-09-30T05:38:16+00:00","og_image":[{"width":1440,"height":864,"url":"https:\/\/web.consaguirre.com.ar\/noticias\/wp-content\/uploads\/2025\/09\/Future-Doechii-y-Ludacris-para-encabezar-el-One-MusicFest-de.jpg","type":"image\/jpeg"}],"author":"Javier Figueroa","twitter_card":"summary_large_image","twitter_misc":{"Escrito por":"Javier Figueroa","Tiempo de lectura":"2 minutos"},"schema":{"@context":"https:\/\/schema.org","@graph":[{"@type":"Article","@id":"https:\/\/web.consaguirre.com.ar\/noticias\/future-doechii-y-ludacris-para-encabezar-el-one-musicfest-de-atlanta\/#article","isPartOf":{"@id":"https:\/\/web.consaguirre.com.ar\/noticias\/future-doechii-y-ludacris-para-encabezar-el-one-musicfest-de-atlanta\/"},"author":{"name":"Javier Figueroa","@id":"https:\/\/web.consaguirre.com.ar\/noticias\/#\/schema\/person\/6558b0cfedee7ddc5425602b237d5722"},"headline":"Future, Doechii y Ludacris para encabezar el One MusicFest de Atlanta","datePublished":"2025-09-30T05:38:15+00:00","dateModified":"2025-09-30T05:38:16+00:00","mainEntityOfPage":{"@id":"https:\/\/web.consaguirre.com.ar\/noticias\/future-doechii-y-ludacris-para-encabezar-el-one-musicfest-de-atlanta\/"},"wordCount":364,"publisher":{"@id":"https:\/\/web.consaguirre.com.ar\/noticias\/#organization"},"image":{"@id":"https:\/\/web.consaguirre.com.ar\/noticias\/future-doechii-y-ludacris-para-encabezar-el-one-musicfest-de-atlanta\/#primaryimage"},"thumbnailUrl":"https:\/\/web.consaguirre.com.ar\/noticias\/wp-content\/uploads\/2025\/09\/Future-Doechii-y-Ludacris-para-encabezar-el-One-MusicFest-de.jpg","keywords":["Atlanta","Doechii","encabezar","Future","Ludacris","MusicFest","para"],"articleSection":["El \u00faltimo"],"inLanguage":"es-AR"},{"@type":"WebPage","@id":"https:\/\/web.consaguirre.com.ar\/noticias\/future-doechii-y-ludacris-para-encabezar-el-one-musicfest-de-atlanta\/","url":"https:\/\/web.consaguirre.com.ar\/noticias\/future-doechii-y-ludacris-para-encabezar-el-one-musicfest-de-atlanta\/","name":"Future, Doechii y Ludacris para encabezar el One MusicFest de Atlanta","isPartOf":{"@id":"https:\/\/web.consaguirre.com.ar\/noticias\/#website"},"primaryImageOfPage":{"@id":"https:\/\/web.consaguirre.com.ar\/noticias\/future-doechii-y-ludacris-para-encabezar-el-one-musicfest-de-atlanta\/#primaryimage"},"image":{"@id":"https:\/\/web.consaguirre.com.ar\/noticias\/future-doechii-y-ludacris-para-encabezar-el-one-musicfest-de-atlanta\/#primaryimage"},"thumbnailUrl":"https:\/\/web.consaguirre.com.ar\/noticias\/wp-content\/uploads\/2025\/09\/Future-Doechii-y-Ludacris-para-encabezar-el-One-MusicFest-de.jpg","datePublished":"2025-09-30T05:38:15+00:00","dateModified":"2025-09-30T05:38:16+00:00","breadcrumb":{"@id":"https:\/\/web.consaguirre.com.ar\/noticias\/future-doechii-y-ludacris-para-encabezar-el-one-musicfest-de-atlanta\/#breadcrumb"},"inLanguage":"es-AR","potentialAction":[{"@type":"ReadAction","target":["https:\/\/web.consaguirre.com.ar\/noticias\/future-doechii-y-ludacris-para-encabezar-el-one-musicfest-de-atlanta\/"]}]},{"@type":"ImageObject","inLanguage":"es-AR","@id":"https:\/\/web.consaguirre.com.ar\/noticias\/future-doechii-y-ludacris-para-encabezar-el-one-musicfest-de-atlanta\/#primaryimage","url":"https:\/\/web.consaguirre.com.ar\/noticias\/wp-content\/uploads\/2025\/09\/Future-Doechii-y-Ludacris-para-encabezar-el-One-MusicFest-de.jpg","contentUrl":"https:\/\/web.consaguirre.com.ar\/noticias\/wp-content\/uploads\/2025\/09\/Future-Doechii-y-Ludacris-para-encabezar-el-One-MusicFest-de.jpg","width":1440,"height":864,"caption":"Future, Doechii y Ludacris para encabezar el One MusicFest de Atlanta"},{"@type":"BreadcrumbList","@id":"https:\/\/web.consaguirre.com.ar\/noticias\/future-doechii-y-ludacris-para-encabezar-el-one-musicfest-de-atlanta\/#breadcrumb","itemListElement":[{"@type":"ListItem","position":1,"name":"Inicio","item":"https:\/\/web.consaguirre.com.ar\/noticias\/"},{"@type":"ListItem","position":2,"name":"Future, Doechii y Ludacris para encabezar el One MusicFest de Atlanta"}]},{"@type":"WebSite","@id":"https:\/\/web.consaguirre.com.ar\/noticias\/#website","url":"https:\/\/web.consaguirre.com.ar\/noticias\/","name":"Conservatorio de M\u00fasica Juli\u00e1n Aguirre","description":"","publisher":{"@id":"https:\/\/web.consaguirre.com.ar\/noticias\/#organization"},"potentialAction":[{"@type":"SearchAction","target":{"@type":"EntryPoint","urlTemplate":"https:\/\/web.consaguirre.com.ar\/noticias\/?s={search_term_string}"},"query-input":"required name=search_term_string"}],"inLanguage":"es-AR"},{"@type":"Organization","@id":"https:\/\/web.consaguirre.com.ar\/noticias\/#organization","name":"Conservatorio de M\u00fasica Juli\u00e1n Aguirre","url":"https:\/\/web.consaguirre.com.ar\/noticias\/","logo":{"@type":"ImageObject","inLanguage":"es-AR","@id":"https:\/\/web.consaguirre.com.ar\/noticias\/#\/schema\/logo\/image\/","url":"https:\/\/web.consaguirre.com.ar\/noticias\/wp-content\/uploads\/2024\/08\/Banner-Aguirre-23.jpg","contentUrl":"https:\/\/web.consaguirre.com.ar\/noticias\/wp-content\/uploads\/2024\/08\/Banner-Aguirre-23.jpg","width":1192,"height":600,"caption":"Conservatorio de M\u00fasica Juli\u00e1n Aguirre"},"image":{"@id":"https:\/\/web.consaguirre.com.ar\/noticias\/#\/schema\/logo\/image\/"}},{"@type":"Person","@id":"https:\/\/web.consaguirre.com.ar\/noticias\/#\/schema\/person\/6558b0cfedee7ddc5425602b237d5722","name":"Javier Figueroa","image":{"@type":"ImageObject","inLanguage":"es-AR","@id":"https:\/\/web.consaguirre.com.ar\/noticias\/#\/schema\/person\/image\/","url":"https:\/\/web.consaguirre.com.ar\/noticias\/wp-content\/uploads\/2024\/08\/Consaguirre-scaled.jpg","contentUrl":"https:\/\/web.consaguirre.com.ar\/noticias\/wp-content\/uploads\/2024\/08\/Consaguirre-scaled.jpg","caption":"Javier Figueroa"},"description":"Me llamo Javier Figueroa y soy redactor para el sitio oficial del Conservatorio de M\u00fasica Juli\u00e1n Aguirre en Buenos Aires, consaguirre.com. Apasionado por la m\u00fasica y la escritura, me esfuerzo por destacar los talentos y eventos de nuestra prestigiosa instituci\u00f3n. Mi trayectoria se nutre de una profunda admiraci\u00f3n por los artistas, haciendo de cada art\u00edculo una celebraci\u00f3n de la creatividad y la cultura musical.","sameAs":["https:\/\/web.consaguirre.com.ar\/noticias"]}]}},"_links":{"self":[{"href":"https:\/\/web.consaguirre.com.ar\/noticias\/wp-json\/wp\/v2\/posts\/3868"}],"collection":[{"href":"https:\/\/web.consaguirre.com.ar\/noticias\/wp-json\/wp\/v2\/posts"}],"about":[{"href":"https:\/\/web.consaguirre.com.ar\/noticias\/wp-json\/wp\/v2\/types\/post"}],"author":[{"embeddable":true,"href":"https:\/\/web.consaguirre.com.ar\/noticias\/wp-json\/wp\/v2\/users\/1"}],"replies":[{"embeddable":true,"href":"https:\/\/web.consaguirre.com.ar\/noticias\/wp-json\/wp\/v2\/comments?post=3868"}],"version-history":[{"count":1,"href":"https:\/\/web.consaguirre.com.ar\/noticias\/wp-json\/wp\/v2\/posts\/3868\/revisions"}],"predecessor-version":[{"id":3870,"href":"https:\/\/web.consaguirre.com.ar\/noticias\/wp-json\/wp\/v2\/posts\/3868\/revisions\/3870"}],"wp:featuredmedia":[{"embeddable":true,"href":"https:\/\/web.consaguirre.com.ar\/noticias\/wp-json\/wp\/v2\/media\/3869"}],"wp:attachment":[{"href":"https:\/\/web.consaguirre.com.ar\/noticias\/wp-json\/wp\/v2\/media?parent=3868"}],"wp:term":[{"taxonomy":"category","embeddable":true,"href":"https:\/\/web.consaguirre.com.ar\/noticias\/wp-json\/wp\/v2\/categories?post=3868"},{"taxonomy":"post_tag","embeddable":true,"href":"https:\/\/web.consaguirre.com.ar\/noticias\/wp-json\/wp\/v2\/tags?post=3868"}],"curies":[{"name":"wp","href":"https:\/\/api.w.org\/{rel}","templated":true}]}}