{"id":3862,"date":"2025-09-29T14:38:09","date_gmt":"2025-09-29T17:38:09","guid":{"rendered":"https:\/\/web.consaguirre.com.ar\/noticias\/el-juicio-de-andrew-hill-se-une-a-la-serie-de-vinilo-clasico-de-blue-note\/"},"modified":"2025-09-29T14:38:10","modified_gmt":"2025-09-29T17:38:10","slug":"el-juicio-de-andrew-hill-se-une-a-la-serie-de-vinilo-clasico-de-blue-note","status":"publish","type":"post","link":"https:\/\/web.consaguirre.com.ar\/noticias\/el-juicio-de-andrew-hill-se-une-a-la-serie-de-vinilo-clasico-de-blue-note\/","title":{"rendered":"El &#8216;juicio de Andrew Hill!&#8217; Se une a la serie de vinilo cl\u00e1sico de Blue Note"},"content":{"rendered":"<p>El \u00e1lbum de 1964 de Pianist-Composer Andrew Hill <em>\u00a1Juicio!<\/em> est\u00e1 listo para ser reeditado por Blue Note como parte de su serie cl\u00e1sica de reedici\u00f3n de vinilo. El \u00e1lbum se lanzar\u00e1 el 21 de noviembre.<\/p>\n<p>Esta edici\u00f3n de <em>\u00a1Juicio!<\/em> es est\u00e9reo, All-Analog, dominado por Kevin Gray de las cintas maestras originales, y presion\u00f3 en un vinilo 180 g en \u00f3ptimo.<\/p>\n<p><em>\u00a1Juicio!<\/em> fue grabado en 1964 con un cuarteto de visionarios de jazz modernos: Bobby Hutcherson en Vibraphone, Richard Davis en el bajo y Elvin Jones en la bater\u00eda.<\/p>\n<p>Hill describe la inspiraci\u00f3n detr\u00e1s <em>\u00a1Juicio!<\/em>Las seis canciones en notas de revestimiento escritas por Leonard Feather. El abridor &#8220;Siete Ocho&#8221; se traduce en &#8220;Seven Eight&#8221;, que representa la firma de tiempo de la pista. Seg\u00fan la colina, &#8220;Flea Flop&#8221; lleva &#8220;el nombre de las primeras notas de la melod\u00eda, que parec\u00edan sugerir una pulga saltadora. Esto tambi\u00e9n est\u00e1 dedicado a los hoteles y los moteles en los que los marginales de jazz est\u00e1n obligados a quedarse, en todo el pa\u00eds&#8221;. &#8220;Yokada Yokada&#8221; evoca la canci\u00f3n novedosa &#8220;Yakety Yak&#8221; y un &#8220;di\u00e1logo sin sentido entre personas&#8221;.<\/p>\n<p>El lado B abre con &#8220;Alfred&#8221;, dedicado al cofundador de Blue Note, Alfred Lion, &#8220;por reconocimiento para la comprensi\u00f3n natural de Alfred del jazz en general, y debido a la relaci\u00f3n que se estableci\u00f3 en la interpretaci\u00f3n de mis canciones&#8221;. La canci\u00f3n principal se bas\u00f3 en una declaraci\u00f3n de diez barras inspirada en un poema escrito por Laverne, la esposa de Hill. Finalmente, Hill dijo sobre &#8220;reconciliaci\u00f3n&#8221;: &#8220;Estaba pensando en el ajuste que todo m\u00fasico tiene que hacer para lograr la unidad y la armon\u00eda con el resto del grupo&#8221;.<\/p>\n<p><em>\u00a1Juicio!<\/em> fue el tercer \u00e1lbum cl\u00e1sico Hill grabado en un per\u00edodo de creatividad de cinco meses que tambi\u00e9n produjo <em>Fuego negro <\/em>y <em>Punto de partida<\/em>. A principios de este a\u00f1o, el \u00e1lbum de Hill de 1968 <em>\u00a1\u00a1\u00a1Andr\u00e9s!!!<\/em> fue reeditado como parte de la serie Tone Poet de Blue Note Records. Cuenta con el saxofonista John Gilmore (Sun Ra Arkestra), Hutcherson, Davis y el baterista Joe Chambers que realizan seis de las composiciones de Hill.<\/p>\n<p><b>Compre la serie Blue Note Classic Vinyl ahora.<\/b><\/p>\n","protected":false},"excerpt":{"rendered":"<p>El \u00e1lbum de 1964 de Pianist-Composer Andrew Hill \u00a1Juicio! est\u00e1 listo para ser reeditado por Blue Note como parte de su serie cl\u00e1sica de reedici\u00f3n<\/p>\n","protected":false},"author":1,"featured_media":3863,"comment_status":"closed","ping_status":"","sticky":false,"template":"","format":"standard","meta":{"footnotes":""},"categories":[50],"tags":[1533,498,580,198,3263,1238,220,455,87],"class_list":["post-3862","post","type-post","status-publish","format-standard","has-post-thumbnail","hentry","category-el-ultimo","tag-andrew","tag-blue","tag-clasico","tag-hill","tag-juicio","tag-note","tag-serie","tag-une","tag-vinilo","generate-columns","tablet-grid-50","mobile-grid-100","grid-parent","grid-50"],"yoast_head":"<!-- This site is optimized with the Yoast SEO plugin v23.3 - https:\/\/yoast.com\/wordpress\/plugins\/seo\/ -->\n<title>El &#039;juicio de Andrew Hill!&#039; Se une a la serie de vinilo cl\u00e1sico de Blue Note<\/title>\n<meta name=\"robots\" content=\"index, follow, max-snippet:-1, max-image-preview:large, max-video-preview:-1\" \/>\n<link rel=\"canonical\" href=\"https:\/\/web.consaguirre.com.ar\/noticias\/el-juicio-de-andrew-hill-se-une-a-la-serie-de-vinilo-clasico-de-blue-note\/\" \/>\n<meta property=\"og:locale\" content=\"es_ES\" \/>\n<meta property=\"og:type\" content=\"article\" \/>\n<meta property=\"og:title\" content=\"El &#039;juicio de Andrew Hill!&#039; Se une a la serie de vinilo cl\u00e1sico de Blue Note\" \/>\n<meta property=\"og:description\" content=\"El \u00e1lbum de 1964 de Pianist-Composer Andrew Hill \u00a1Juicio! est\u00e1 listo para ser reeditado por Blue Note como parte de su serie cl\u00e1sica de reedici\u00f3n\" \/>\n<meta property=\"og:url\" content=\"https:\/\/web.consaguirre.com.ar\/noticias\/el-juicio-de-andrew-hill-se-une-a-la-serie-de-vinilo-clasico-de-blue-note\/\" \/>\n<meta property=\"og:site_name\" content=\"Conservatorio de M\u00fasica Juli\u00e1n Aguirre\" \/>\n<meta property=\"article:published_time\" content=\"2025-09-29T17:38:09+00:00\" \/>\n<meta property=\"article:modified_time\" content=\"2025-09-29T17:38:10+00:00\" \/>\n<meta property=\"og:image\" content=\"https:\/\/web.consaguirre.com.ar\/noticias\/wp-content\/uploads\/2025\/09\/El-juicio-de-Andrew-Hill-Se-une-a-la-serie.jpg\" \/>\n\t<meta property=\"og:image:width\" content=\"820\" \/>\n\t<meta property=\"og:image:height\" content=\"820\" \/>\n\t<meta property=\"og:image:type\" content=\"image\/jpeg\" \/>\n<meta name=\"author\" content=\"Javier Figueroa\" \/>\n<meta name=\"twitter:card\" content=\"summary_large_image\" \/>\n<meta name=\"twitter:label1\" content=\"Escrito por\" \/>\n\t<meta name=\"twitter:data1\" content=\"Javier Figueroa\" \/>\n\t<meta name=\"twitter:label2\" content=\"Tiempo de lectura\" \/>\n\t<meta name=\"twitter:data2\" content=\"2 minutos\" \/>\n<script type=\"application\/ld+json\" class=\"yoast-schema-graph\">{\"@context\":\"https:\/\/schema.org\",\"@graph\":[{\"@type\":\"Article\",\"@id\":\"https:\/\/web.consaguirre.com.ar\/noticias\/el-juicio-de-andrew-hill-se-une-a-la-serie-de-vinilo-clasico-de-blue-note\/#article\",\"isPartOf\":{\"@id\":\"https:\/\/web.consaguirre.com.ar\/noticias\/el-juicio-de-andrew-hill-se-une-a-la-serie-de-vinilo-clasico-de-blue-note\/\"},\"author\":{\"name\":\"Javier Figueroa\",\"@id\":\"https:\/\/web.consaguirre.com.ar\/noticias\/#\/schema\/person\/6558b0cfedee7ddc5425602b237d5722\"},\"headline\":\"El &#8216;juicio de Andrew Hill!&#8217; Se une a la serie de vinilo cl\u00e1sico de Blue Note\",\"datePublished\":\"2025-09-29T17:38:09+00:00\",\"dateModified\":\"2025-09-29T17:38:10+00:00\",\"mainEntityOfPage\":{\"@id\":\"https:\/\/web.consaguirre.com.ar\/noticias\/el-juicio-de-andrew-hill-se-une-a-la-serie-de-vinilo-clasico-de-blue-note\/\"},\"wordCount\":396,\"publisher\":{\"@id\":\"https:\/\/web.consaguirre.com.ar\/noticias\/#organization\"},\"image\":{\"@id\":\"https:\/\/web.consaguirre.com.ar\/noticias\/el-juicio-de-andrew-hill-se-une-a-la-serie-de-vinilo-clasico-de-blue-note\/#primaryimage\"},\"thumbnailUrl\":\"https:\/\/web.consaguirre.com.ar\/noticias\/wp-content\/uploads\/2025\/09\/El-juicio-de-Andrew-Hill-Se-une-a-la-serie.jpg\",\"keywords\":[\"Andrew\",\"Blue\",\"cl\u00e1sico\",\"Hill\",\"juicio\",\"Note\",\"serie\",\"une\",\"vinilo\"],\"articleSection\":[\"El \u00faltimo\"],\"inLanguage\":\"es-AR\"},{\"@type\":\"WebPage\",\"@id\":\"https:\/\/web.consaguirre.com.ar\/noticias\/el-juicio-de-andrew-hill-se-une-a-la-serie-de-vinilo-clasico-de-blue-note\/\",\"url\":\"https:\/\/web.consaguirre.com.ar\/noticias\/el-juicio-de-andrew-hill-se-une-a-la-serie-de-vinilo-clasico-de-blue-note\/\",\"name\":\"El 'juicio de Andrew Hill!' Se une a la serie de vinilo cl\u00e1sico de Blue Note\",\"isPartOf\":{\"@id\":\"https:\/\/web.consaguirre.com.ar\/noticias\/#website\"},\"primaryImageOfPage\":{\"@id\":\"https:\/\/web.consaguirre.com.ar\/noticias\/el-juicio-de-andrew-hill-se-une-a-la-serie-de-vinilo-clasico-de-blue-note\/#primaryimage\"},\"image\":{\"@id\":\"https:\/\/web.consaguirre.com.ar\/noticias\/el-juicio-de-andrew-hill-se-une-a-la-serie-de-vinilo-clasico-de-blue-note\/#primaryimage\"},\"thumbnailUrl\":\"https:\/\/web.consaguirre.com.ar\/noticias\/wp-content\/uploads\/2025\/09\/El-juicio-de-Andrew-Hill-Se-une-a-la-serie.jpg\",\"datePublished\":\"2025-09-29T17:38:09+00:00\",\"dateModified\":\"2025-09-29T17:38:10+00:00\",\"breadcrumb\":{\"@id\":\"https:\/\/web.consaguirre.com.ar\/noticias\/el-juicio-de-andrew-hill-se-une-a-la-serie-de-vinilo-clasico-de-blue-note\/#breadcrumb\"},\"inLanguage\":\"es-AR\",\"potentialAction\":[{\"@type\":\"ReadAction\",\"target\":[\"https:\/\/web.consaguirre.com.ar\/noticias\/el-juicio-de-andrew-hill-se-une-a-la-serie-de-vinilo-clasico-de-blue-note\/\"]}]},{\"@type\":\"ImageObject\",\"inLanguage\":\"es-AR\",\"@id\":\"https:\/\/web.consaguirre.com.ar\/noticias\/el-juicio-de-andrew-hill-se-une-a-la-serie-de-vinilo-clasico-de-blue-note\/#primaryimage\",\"url\":\"https:\/\/web.consaguirre.com.ar\/noticias\/wp-content\/uploads\/2025\/09\/El-juicio-de-Andrew-Hill-Se-une-a-la-serie.jpg\",\"contentUrl\":\"https:\/\/web.consaguirre.com.ar\/noticias\/wp-content\/uploads\/2025\/09\/El-juicio-de-Andrew-Hill-Se-une-a-la-serie.jpg\",\"width\":820,\"height\":820,\"caption\":\"El 'juicio de Andrew Hill!' Se une a la serie de vinilo cl\u00e1sico de Blue Note\"},{\"@type\":\"BreadcrumbList\",\"@id\":\"https:\/\/web.consaguirre.com.ar\/noticias\/el-juicio-de-andrew-hill-se-une-a-la-serie-de-vinilo-clasico-de-blue-note\/#breadcrumb\",\"itemListElement\":[{\"@type\":\"ListItem\",\"position\":1,\"name\":\"Inicio\",\"item\":\"https:\/\/web.consaguirre.com.ar\/noticias\/\"},{\"@type\":\"ListItem\",\"position\":2,\"name\":\"El &#8216;juicio de Andrew Hill!&#8217; Se une a la serie de vinilo cl\u00e1sico de Blue Note\"}]},{\"@type\":\"WebSite\",\"@id\":\"https:\/\/web.consaguirre.com.ar\/noticias\/#website\",\"url\":\"https:\/\/web.consaguirre.com.ar\/noticias\/\",\"name\":\"Conservatorio de M\u00fasica Juli\u00e1n Aguirre\",\"description\":\"\",\"publisher\":{\"@id\":\"https:\/\/web.consaguirre.com.ar\/noticias\/#organization\"},\"potentialAction\":[{\"@type\":\"SearchAction\",\"target\":{\"@type\":\"EntryPoint\",\"urlTemplate\":\"https:\/\/web.consaguirre.com.ar\/noticias\/?s={search_term_string}\"},\"query-input\":\"required name=search_term_string\"}],\"inLanguage\":\"es-AR\"},{\"@type\":\"Organization\",\"@id\":\"https:\/\/web.consaguirre.com.ar\/noticias\/#organization\",\"name\":\"Conservatorio de M\u00fasica Juli\u00e1n Aguirre\",\"url\":\"https:\/\/web.consaguirre.com.ar\/noticias\/\",\"logo\":{\"@type\":\"ImageObject\",\"inLanguage\":\"es-AR\",\"@id\":\"https:\/\/web.consaguirre.com.ar\/noticias\/#\/schema\/logo\/image\/\",\"url\":\"https:\/\/web.consaguirre.com.ar\/noticias\/wp-content\/uploads\/2024\/08\/Banner-Aguirre-23.jpg\",\"contentUrl\":\"https:\/\/web.consaguirre.com.ar\/noticias\/wp-content\/uploads\/2024\/08\/Banner-Aguirre-23.jpg\",\"width\":1192,\"height\":600,\"caption\":\"Conservatorio de M\u00fasica Juli\u00e1n Aguirre\"},\"image\":{\"@id\":\"https:\/\/web.consaguirre.com.ar\/noticias\/#\/schema\/logo\/image\/\"}},{\"@type\":\"Person\",\"@id\":\"https:\/\/web.consaguirre.com.ar\/noticias\/#\/schema\/person\/6558b0cfedee7ddc5425602b237d5722\",\"name\":\"Javier Figueroa\",\"image\":{\"@type\":\"ImageObject\",\"inLanguage\":\"es-AR\",\"@id\":\"https:\/\/web.consaguirre.com.ar\/noticias\/#\/schema\/person\/image\/\",\"url\":\"https:\/\/web.consaguirre.com.ar\/noticias\/wp-content\/uploads\/2024\/08\/Consaguirre-scaled.jpg\",\"contentUrl\":\"https:\/\/web.consaguirre.com.ar\/noticias\/wp-content\/uploads\/2024\/08\/Consaguirre-scaled.jpg\",\"caption\":\"Javier Figueroa\"},\"description\":\"Me llamo Javier Figueroa y soy redactor para el sitio oficial del Conservatorio de M\u00fasica Juli\u00e1n Aguirre en Buenos Aires, consaguirre.com. Apasionado por la m\u00fasica y la escritura, me esfuerzo por destacar los talentos y eventos de nuestra prestigiosa instituci\u00f3n. Mi trayectoria se nutre de una profunda admiraci\u00f3n por los artistas, haciendo de cada art\u00edculo una celebraci\u00f3n de la creatividad y la cultura musical.\",\"sameAs\":[\"https:\/\/web.consaguirre.com.ar\/noticias\"]}]}<\/script>\n<!-- \/ Yoast SEO plugin. -->","yoast_head_json":{"title":"El 'juicio de Andrew Hill!' Se une a la serie de vinilo cl\u00e1sico de Blue Note","robots":{"index":"index","follow":"follow","max-snippet":"max-snippet:-1","max-image-preview":"max-image-preview:large","max-video-preview":"max-video-preview:-1"},"canonical":"https:\/\/web.consaguirre.com.ar\/noticias\/el-juicio-de-andrew-hill-se-une-a-la-serie-de-vinilo-clasico-de-blue-note\/","og_locale":"es_ES","og_type":"article","og_title":"El 'juicio de Andrew Hill!' Se une a la serie de vinilo cl\u00e1sico de Blue Note","og_description":"El \u00e1lbum de 1964 de Pianist-Composer Andrew Hill \u00a1Juicio! est\u00e1 listo para ser reeditado por Blue Note como parte de su serie cl\u00e1sica de reedici\u00f3n","og_url":"https:\/\/web.consaguirre.com.ar\/noticias\/el-juicio-de-andrew-hill-se-une-a-la-serie-de-vinilo-clasico-de-blue-note\/","og_site_name":"Conservatorio de M\u00fasica Juli\u00e1n Aguirre","article_published_time":"2025-09-29T17:38:09+00:00","article_modified_time":"2025-09-29T17:38:10+00:00","og_image":[{"width":820,"height":820,"url":"https:\/\/web.consaguirre.com.ar\/noticias\/wp-content\/uploads\/2025\/09\/El-juicio-de-Andrew-Hill-Se-une-a-la-serie.jpg","type":"image\/jpeg"}],"author":"Javier Figueroa","twitter_card":"summary_large_image","twitter_misc":{"Escrito por":"Javier Figueroa","Tiempo de lectura":"2 minutos"},"schema":{"@context":"https:\/\/schema.org","@graph":[{"@type":"Article","@id":"https:\/\/web.consaguirre.com.ar\/noticias\/el-juicio-de-andrew-hill-se-une-a-la-serie-de-vinilo-clasico-de-blue-note\/#article","isPartOf":{"@id":"https:\/\/web.consaguirre.com.ar\/noticias\/el-juicio-de-andrew-hill-se-une-a-la-serie-de-vinilo-clasico-de-blue-note\/"},"author":{"name":"Javier Figueroa","@id":"https:\/\/web.consaguirre.com.ar\/noticias\/#\/schema\/person\/6558b0cfedee7ddc5425602b237d5722"},"headline":"El &#8216;juicio de Andrew Hill!&#8217; Se une a la serie de vinilo cl\u00e1sico de Blue Note","datePublished":"2025-09-29T17:38:09+00:00","dateModified":"2025-09-29T17:38:10+00:00","mainEntityOfPage":{"@id":"https:\/\/web.consaguirre.com.ar\/noticias\/el-juicio-de-andrew-hill-se-une-a-la-serie-de-vinilo-clasico-de-blue-note\/"},"wordCount":396,"publisher":{"@id":"https:\/\/web.consaguirre.com.ar\/noticias\/#organization"},"image":{"@id":"https:\/\/web.consaguirre.com.ar\/noticias\/el-juicio-de-andrew-hill-se-une-a-la-serie-de-vinilo-clasico-de-blue-note\/#primaryimage"},"thumbnailUrl":"https:\/\/web.consaguirre.com.ar\/noticias\/wp-content\/uploads\/2025\/09\/El-juicio-de-Andrew-Hill-Se-une-a-la-serie.jpg","keywords":["Andrew","Blue","cl\u00e1sico","Hill","juicio","Note","serie","une","vinilo"],"articleSection":["El \u00faltimo"],"inLanguage":"es-AR"},{"@type":"WebPage","@id":"https:\/\/web.consaguirre.com.ar\/noticias\/el-juicio-de-andrew-hill-se-une-a-la-serie-de-vinilo-clasico-de-blue-note\/","url":"https:\/\/web.consaguirre.com.ar\/noticias\/el-juicio-de-andrew-hill-se-une-a-la-serie-de-vinilo-clasico-de-blue-note\/","name":"El 'juicio de Andrew Hill!' Se une a la serie de vinilo cl\u00e1sico de Blue Note","isPartOf":{"@id":"https:\/\/web.consaguirre.com.ar\/noticias\/#website"},"primaryImageOfPage":{"@id":"https:\/\/web.consaguirre.com.ar\/noticias\/el-juicio-de-andrew-hill-se-une-a-la-serie-de-vinilo-clasico-de-blue-note\/#primaryimage"},"image":{"@id":"https:\/\/web.consaguirre.com.ar\/noticias\/el-juicio-de-andrew-hill-se-une-a-la-serie-de-vinilo-clasico-de-blue-note\/#primaryimage"},"thumbnailUrl":"https:\/\/web.consaguirre.com.ar\/noticias\/wp-content\/uploads\/2025\/09\/El-juicio-de-Andrew-Hill-Se-une-a-la-serie.jpg","datePublished":"2025-09-29T17:38:09+00:00","dateModified":"2025-09-29T17:38:10+00:00","breadcrumb":{"@id":"https:\/\/web.consaguirre.com.ar\/noticias\/el-juicio-de-andrew-hill-se-une-a-la-serie-de-vinilo-clasico-de-blue-note\/#breadcrumb"},"inLanguage":"es-AR","potentialAction":[{"@type":"ReadAction","target":["https:\/\/web.consaguirre.com.ar\/noticias\/el-juicio-de-andrew-hill-se-une-a-la-serie-de-vinilo-clasico-de-blue-note\/"]}]},{"@type":"ImageObject","inLanguage":"es-AR","@id":"https:\/\/web.consaguirre.com.ar\/noticias\/el-juicio-de-andrew-hill-se-une-a-la-serie-de-vinilo-clasico-de-blue-note\/#primaryimage","url":"https:\/\/web.consaguirre.com.ar\/noticias\/wp-content\/uploads\/2025\/09\/El-juicio-de-Andrew-Hill-Se-une-a-la-serie.jpg","contentUrl":"https:\/\/web.consaguirre.com.ar\/noticias\/wp-content\/uploads\/2025\/09\/El-juicio-de-Andrew-Hill-Se-une-a-la-serie.jpg","width":820,"height":820,"caption":"El 'juicio de Andrew Hill!' Se une a la serie de vinilo cl\u00e1sico de Blue Note"},{"@type":"BreadcrumbList","@id":"https:\/\/web.consaguirre.com.ar\/noticias\/el-juicio-de-andrew-hill-se-une-a-la-serie-de-vinilo-clasico-de-blue-note\/#breadcrumb","itemListElement":[{"@type":"ListItem","position":1,"name":"Inicio","item":"https:\/\/web.consaguirre.com.ar\/noticias\/"},{"@type":"ListItem","position":2,"name":"El &#8216;juicio de Andrew Hill!&#8217; Se une a la serie de vinilo cl\u00e1sico de Blue Note"}]},{"@type":"WebSite","@id":"https:\/\/web.consaguirre.com.ar\/noticias\/#website","url":"https:\/\/web.consaguirre.com.ar\/noticias\/","name":"Conservatorio de M\u00fasica Juli\u00e1n Aguirre","description":"","publisher":{"@id":"https:\/\/web.consaguirre.com.ar\/noticias\/#organization"},"potentialAction":[{"@type":"SearchAction","target":{"@type":"EntryPoint","urlTemplate":"https:\/\/web.consaguirre.com.ar\/noticias\/?s={search_term_string}"},"query-input":"required name=search_term_string"}],"inLanguage":"es-AR"},{"@type":"Organization","@id":"https:\/\/web.consaguirre.com.ar\/noticias\/#organization","name":"Conservatorio de M\u00fasica Juli\u00e1n Aguirre","url":"https:\/\/web.consaguirre.com.ar\/noticias\/","logo":{"@type":"ImageObject","inLanguage":"es-AR","@id":"https:\/\/web.consaguirre.com.ar\/noticias\/#\/schema\/logo\/image\/","url":"https:\/\/web.consaguirre.com.ar\/noticias\/wp-content\/uploads\/2024\/08\/Banner-Aguirre-23.jpg","contentUrl":"https:\/\/web.consaguirre.com.ar\/noticias\/wp-content\/uploads\/2024\/08\/Banner-Aguirre-23.jpg","width":1192,"height":600,"caption":"Conservatorio de M\u00fasica Juli\u00e1n Aguirre"},"image":{"@id":"https:\/\/web.consaguirre.com.ar\/noticias\/#\/schema\/logo\/image\/"}},{"@type":"Person","@id":"https:\/\/web.consaguirre.com.ar\/noticias\/#\/schema\/person\/6558b0cfedee7ddc5425602b237d5722","name":"Javier Figueroa","image":{"@type":"ImageObject","inLanguage":"es-AR","@id":"https:\/\/web.consaguirre.com.ar\/noticias\/#\/schema\/person\/image\/","url":"https:\/\/web.consaguirre.com.ar\/noticias\/wp-content\/uploads\/2024\/08\/Consaguirre-scaled.jpg","contentUrl":"https:\/\/web.consaguirre.com.ar\/noticias\/wp-content\/uploads\/2024\/08\/Consaguirre-scaled.jpg","caption":"Javier Figueroa"},"description":"Me llamo Javier Figueroa y soy redactor para el sitio oficial del Conservatorio de M\u00fasica Juli\u00e1n Aguirre en Buenos Aires, consaguirre.com. Apasionado por la m\u00fasica y la escritura, me esfuerzo por destacar los talentos y eventos de nuestra prestigiosa instituci\u00f3n. Mi trayectoria se nutre de una profunda admiraci\u00f3n por los artistas, haciendo de cada art\u00edculo una celebraci\u00f3n de la creatividad y la cultura musical.","sameAs":["https:\/\/web.consaguirre.com.ar\/noticias"]}]}},"_links":{"self":[{"href":"https:\/\/web.consaguirre.com.ar\/noticias\/wp-json\/wp\/v2\/posts\/3862"}],"collection":[{"href":"https:\/\/web.consaguirre.com.ar\/noticias\/wp-json\/wp\/v2\/posts"}],"about":[{"href":"https:\/\/web.consaguirre.com.ar\/noticias\/wp-json\/wp\/v2\/types\/post"}],"author":[{"embeddable":true,"href":"https:\/\/web.consaguirre.com.ar\/noticias\/wp-json\/wp\/v2\/users\/1"}],"replies":[{"embeddable":true,"href":"https:\/\/web.consaguirre.com.ar\/noticias\/wp-json\/wp\/v2\/comments?post=3862"}],"version-history":[{"count":1,"href":"https:\/\/web.consaguirre.com.ar\/noticias\/wp-json\/wp\/v2\/posts\/3862\/revisions"}],"predecessor-version":[{"id":3864,"href":"https:\/\/web.consaguirre.com.ar\/noticias\/wp-json\/wp\/v2\/posts\/3862\/revisions\/3864"}],"wp:featuredmedia":[{"embeddable":true,"href":"https:\/\/web.consaguirre.com.ar\/noticias\/wp-json\/wp\/v2\/media\/3863"}],"wp:attachment":[{"href":"https:\/\/web.consaguirre.com.ar\/noticias\/wp-json\/wp\/v2\/media?parent=3862"}],"wp:term":[{"taxonomy":"category","embeddable":true,"href":"https:\/\/web.consaguirre.com.ar\/noticias\/wp-json\/wp\/v2\/categories?post=3862"},{"taxonomy":"post_tag","embeddable":true,"href":"https:\/\/web.consaguirre.com.ar\/noticias\/wp-json\/wp\/v2\/tags?post=3862"}],"curies":[{"name":"wp","href":"https:\/\/api.w.org\/{rel}","templated":true}]}}