{"id":3859,"date":"2025-09-29T11:38:16","date_gmt":"2025-09-29T14:38:16","guid":{"rendered":"https:\/\/web.consaguirre.com.ar\/noticias\/dos-bandas-sonoras-de-jack-johnson-vienen-a-vinyl\/"},"modified":"2025-09-29T11:38:17","modified_gmt":"2025-09-29T14:38:17","slug":"dos-bandas-sonoras-de-jack-johnson-vienen-a-vinyl","status":"publish","type":"post","link":"https:\/\/web.consaguirre.com.ar\/noticias\/dos-bandas-sonoras-de-jack-johnson-vienen-a-vinyl\/","title":{"rendered":"Dos bandas sonoras de Jack Johnson vienen a Vinyl"},"content":{"rendered":"<p>Dos bandas sonoras de Jack Johnson se est\u00e1n volviendo a emitir en vinilo, m\u00e1s de 20 a\u00f1os despu\u00e9s de su lanzamiento. Las bandas sonoras de los documentales <em>M\u00e1s grueso que el agua<\/em> y <em>Las sesiones de septiembre<\/em>ambos dirigidos por el propio Johnson y centrados en el surf, estar\u00e1n disponibles para pre-pedido a partir del lunes 29 de septiembre.<\/p>\n<p>Antes de ser un cantante y compositor conocido por pistas relajadas como &#8220;Pancakes de pl\u00e1tano&#8221; y &#8220;sentarse, esperar, desear&#8221;, Johnson era un ni\u00f1o que crec\u00eda en Hawai con pasi\u00f3n por el surf. Tambi\u00e9n estaba interesado en el cine, estudi\u00e1ndolo en la universidad. En 1999, Johnson dirigi\u00f3 su primer documental, <em>M\u00e1s grueso que el agua<\/em>que cont\u00f3 con una serie de surfistas profesionales haciendo lo suyo en varios lugares ex\u00f3ticos, incluidos Hawai, Irlanda, Australia, India e Indonesia. El segundo, totalmente titulado <em>The Septiembre Sessions: The Tomorrowland Story dio vida a una brillante pel\u00edcula de 16 mm<\/em>se centr\u00f3 en un grupo de surfistas en Sumatra.<\/p>\n<p>Para las pel\u00edculas, Johnson anotar\u00eda las escenas de surf y alistar\u00eda a otros m\u00fasicos para las bandas sonoras. &#8220;Miraba las cosas en la pantalla y solo tocaba la guitarra&#8221;, record\u00f3 en una entrevista con <em>Las carreteras de perro y surfista<\/em>describiendo c\u00f3mo se grab\u00f3 en un cassette de cuatro pistas en una habitaci\u00f3n. &#8220;Y la idea era que \u00edbamos a ir a un estudio una vez que terminamos y grabar todas las canciones correctamente, pero llegamos al final y nunca lo hicimos. Terminamos usando todas las versiones de cuatro pistas. Entonces la primera pel\u00edcula, la primera pel\u00edcula, <em>M\u00e1s grueso que el agua<\/em>es solo todas las peque\u00f1as grabaciones de cassette de cuatro pistas de la guitarra y no hay voz en esa, es solo instrumental. El segundo tiene un poco de canto &#8220;.<\/p>\n<p>Sin embargo, para las bandas sonoras, Johnson trajo los talentos de m\u00fasicos como G. Love y Special Sauce, The Meters, Smoke City y Finley Quay a la mesa. La banda sonora para <em>Las sesiones de septiembre<\/em> Tambi\u00e9n presenta la portada de Johnson de &#8220;Pirate Looks to 40&#8221; de Jimmy Buffet.<\/p>\n<p>Orden<em> Las sesiones de septiembre<\/em> y <em>M\u00e1s grueso que el agua<\/em> en vinilo ahora.<\/p>\n","protected":false},"excerpt":{"rendered":"<p>Dos bandas sonoras de Jack Johnson se est\u00e1n volviendo a emitir en vinilo, m\u00e1s de 20 a\u00f1os despu\u00e9s de su lanzamiento. Las bandas sonoras de<\/p>\n","protected":false},"author":1,"featured_media":3860,"comment_status":"closed","ping_status":"","sticky":false,"template":"","format":"standard","meta":{"footnotes":""},"categories":[50],"tags":[3260,103,2448,1608,3261,3262,1997],"class_list":["post-3859","post","type-post","status-publish","format-standard","has-post-thumbnail","hentry","category-el-ultimo","tag-bandas","tag-dos","tag-jack","tag-johnson","tag-sonoras","tag-vienen","tag-vinyl","generate-columns","tablet-grid-50","mobile-grid-100","grid-parent","grid-50"],"yoast_head":"<!-- This site is optimized with the Yoast SEO plugin v23.3 - https:\/\/yoast.com\/wordpress\/plugins\/seo\/ -->\n<title>Dos bandas sonoras de Jack Johnson vienen a Vinyl<\/title>\n<meta name=\"robots\" content=\"index, follow, max-snippet:-1, max-image-preview:large, max-video-preview:-1\" \/>\n<link rel=\"canonical\" href=\"https:\/\/web.consaguirre.com.ar\/noticias\/dos-bandas-sonoras-de-jack-johnson-vienen-a-vinyl\/\" \/>\n<meta property=\"og:locale\" content=\"es_ES\" \/>\n<meta property=\"og:type\" content=\"article\" \/>\n<meta property=\"og:title\" content=\"Dos bandas sonoras de Jack Johnson vienen a Vinyl\" \/>\n<meta property=\"og:description\" content=\"Dos bandas sonoras de Jack Johnson se est\u00e1n volviendo a emitir en vinilo, m\u00e1s de 20 a\u00f1os despu\u00e9s de su lanzamiento. Las bandas sonoras de\" \/>\n<meta property=\"og:url\" content=\"https:\/\/web.consaguirre.com.ar\/noticias\/dos-bandas-sonoras-de-jack-johnson-vienen-a-vinyl\/\" \/>\n<meta property=\"og:site_name\" content=\"Conservatorio de M\u00fasica Juli\u00e1n Aguirre\" \/>\n<meta property=\"article:published_time\" content=\"2025-09-29T14:38:16+00:00\" \/>\n<meta property=\"article:modified_time\" content=\"2025-09-29T14:38:17+00:00\" \/>\n<meta property=\"og:image\" content=\"https:\/\/web.consaguirre.com.ar\/noticias\/wp-content\/uploads\/2025\/09\/Dos-bandas-sonoras-de-Jack-Johnson-vienen-a-Vinyl.jpg\" \/>\n\t<meta property=\"og:image:width\" content=\"1440\" \/>\n\t<meta property=\"og:image:height\" content=\"864\" \/>\n\t<meta property=\"og:image:type\" content=\"image\/jpeg\" \/>\n<meta name=\"author\" content=\"Javier Figueroa\" \/>\n<meta name=\"twitter:card\" content=\"summary_large_image\" \/>\n<meta name=\"twitter:label1\" content=\"Escrito por\" \/>\n\t<meta name=\"twitter:data1\" content=\"Javier Figueroa\" \/>\n\t<meta name=\"twitter:label2\" content=\"Tiempo de lectura\" \/>\n\t<meta name=\"twitter:data2\" content=\"2 minutos\" \/>\n<script type=\"application\/ld+json\" class=\"yoast-schema-graph\">{\"@context\":\"https:\/\/schema.org\",\"@graph\":[{\"@type\":\"Article\",\"@id\":\"https:\/\/web.consaguirre.com.ar\/noticias\/dos-bandas-sonoras-de-jack-johnson-vienen-a-vinyl\/#article\",\"isPartOf\":{\"@id\":\"https:\/\/web.consaguirre.com.ar\/noticias\/dos-bandas-sonoras-de-jack-johnson-vienen-a-vinyl\/\"},\"author\":{\"name\":\"Javier Figueroa\",\"@id\":\"https:\/\/web.consaguirre.com.ar\/noticias\/#\/schema\/person\/6558b0cfedee7ddc5425602b237d5722\"},\"headline\":\"Dos bandas sonoras de Jack Johnson vienen a Vinyl\",\"datePublished\":\"2025-09-29T14:38:16+00:00\",\"dateModified\":\"2025-09-29T14:38:17+00:00\",\"mainEntityOfPage\":{\"@id\":\"https:\/\/web.consaguirre.com.ar\/noticias\/dos-bandas-sonoras-de-jack-johnson-vienen-a-vinyl\/\"},\"wordCount\":386,\"publisher\":{\"@id\":\"https:\/\/web.consaguirre.com.ar\/noticias\/#organization\"},\"image\":{\"@id\":\"https:\/\/web.consaguirre.com.ar\/noticias\/dos-bandas-sonoras-de-jack-johnson-vienen-a-vinyl\/#primaryimage\"},\"thumbnailUrl\":\"https:\/\/web.consaguirre.com.ar\/noticias\/wp-content\/uploads\/2025\/09\/Dos-bandas-sonoras-de-Jack-Johnson-vienen-a-Vinyl.jpg\",\"keywords\":[\"bandas\",\"dos\",\"Jack\",\"Johnson\",\"sonoras\",\"vienen\",\"Vinyl\"],\"articleSection\":[\"El \u00faltimo\"],\"inLanguage\":\"es-AR\"},{\"@type\":\"WebPage\",\"@id\":\"https:\/\/web.consaguirre.com.ar\/noticias\/dos-bandas-sonoras-de-jack-johnson-vienen-a-vinyl\/\",\"url\":\"https:\/\/web.consaguirre.com.ar\/noticias\/dos-bandas-sonoras-de-jack-johnson-vienen-a-vinyl\/\",\"name\":\"Dos bandas sonoras de Jack Johnson vienen a Vinyl\",\"isPartOf\":{\"@id\":\"https:\/\/web.consaguirre.com.ar\/noticias\/#website\"},\"primaryImageOfPage\":{\"@id\":\"https:\/\/web.consaguirre.com.ar\/noticias\/dos-bandas-sonoras-de-jack-johnson-vienen-a-vinyl\/#primaryimage\"},\"image\":{\"@id\":\"https:\/\/web.consaguirre.com.ar\/noticias\/dos-bandas-sonoras-de-jack-johnson-vienen-a-vinyl\/#primaryimage\"},\"thumbnailUrl\":\"https:\/\/web.consaguirre.com.ar\/noticias\/wp-content\/uploads\/2025\/09\/Dos-bandas-sonoras-de-Jack-Johnson-vienen-a-Vinyl.jpg\",\"datePublished\":\"2025-09-29T14:38:16+00:00\",\"dateModified\":\"2025-09-29T14:38:17+00:00\",\"breadcrumb\":{\"@id\":\"https:\/\/web.consaguirre.com.ar\/noticias\/dos-bandas-sonoras-de-jack-johnson-vienen-a-vinyl\/#breadcrumb\"},\"inLanguage\":\"es-AR\",\"potentialAction\":[{\"@type\":\"ReadAction\",\"target\":[\"https:\/\/web.consaguirre.com.ar\/noticias\/dos-bandas-sonoras-de-jack-johnson-vienen-a-vinyl\/\"]}]},{\"@type\":\"ImageObject\",\"inLanguage\":\"es-AR\",\"@id\":\"https:\/\/web.consaguirre.com.ar\/noticias\/dos-bandas-sonoras-de-jack-johnson-vienen-a-vinyl\/#primaryimage\",\"url\":\"https:\/\/web.consaguirre.com.ar\/noticias\/wp-content\/uploads\/2025\/09\/Dos-bandas-sonoras-de-Jack-Johnson-vienen-a-Vinyl.jpg\",\"contentUrl\":\"https:\/\/web.consaguirre.com.ar\/noticias\/wp-content\/uploads\/2025\/09\/Dos-bandas-sonoras-de-Jack-Johnson-vienen-a-Vinyl.jpg\",\"width\":1440,\"height\":864,\"caption\":\"Dos bandas sonoras de Jack Johnson vienen a Vinyl\"},{\"@type\":\"BreadcrumbList\",\"@id\":\"https:\/\/web.consaguirre.com.ar\/noticias\/dos-bandas-sonoras-de-jack-johnson-vienen-a-vinyl\/#breadcrumb\",\"itemListElement\":[{\"@type\":\"ListItem\",\"position\":1,\"name\":\"Inicio\",\"item\":\"https:\/\/web.consaguirre.com.ar\/noticias\/\"},{\"@type\":\"ListItem\",\"position\":2,\"name\":\"Dos bandas sonoras de Jack Johnson vienen a Vinyl\"}]},{\"@type\":\"WebSite\",\"@id\":\"https:\/\/web.consaguirre.com.ar\/noticias\/#website\",\"url\":\"https:\/\/web.consaguirre.com.ar\/noticias\/\",\"name\":\"Conservatorio de M\u00fasica Juli\u00e1n Aguirre\",\"description\":\"\",\"publisher\":{\"@id\":\"https:\/\/web.consaguirre.com.ar\/noticias\/#organization\"},\"potentialAction\":[{\"@type\":\"SearchAction\",\"target\":{\"@type\":\"EntryPoint\",\"urlTemplate\":\"https:\/\/web.consaguirre.com.ar\/noticias\/?s={search_term_string}\"},\"query-input\":\"required name=search_term_string\"}],\"inLanguage\":\"es-AR\"},{\"@type\":\"Organization\",\"@id\":\"https:\/\/web.consaguirre.com.ar\/noticias\/#organization\",\"name\":\"Conservatorio de M\u00fasica Juli\u00e1n Aguirre\",\"url\":\"https:\/\/web.consaguirre.com.ar\/noticias\/\",\"logo\":{\"@type\":\"ImageObject\",\"inLanguage\":\"es-AR\",\"@id\":\"https:\/\/web.consaguirre.com.ar\/noticias\/#\/schema\/logo\/image\/\",\"url\":\"https:\/\/web.consaguirre.com.ar\/noticias\/wp-content\/uploads\/2024\/08\/Banner-Aguirre-23.jpg\",\"contentUrl\":\"https:\/\/web.consaguirre.com.ar\/noticias\/wp-content\/uploads\/2024\/08\/Banner-Aguirre-23.jpg\",\"width\":1192,\"height\":600,\"caption\":\"Conservatorio de M\u00fasica Juli\u00e1n Aguirre\"},\"image\":{\"@id\":\"https:\/\/web.consaguirre.com.ar\/noticias\/#\/schema\/logo\/image\/\"}},{\"@type\":\"Person\",\"@id\":\"https:\/\/web.consaguirre.com.ar\/noticias\/#\/schema\/person\/6558b0cfedee7ddc5425602b237d5722\",\"name\":\"Javier Figueroa\",\"image\":{\"@type\":\"ImageObject\",\"inLanguage\":\"es-AR\",\"@id\":\"https:\/\/web.consaguirre.com.ar\/noticias\/#\/schema\/person\/image\/\",\"url\":\"https:\/\/web.consaguirre.com.ar\/noticias\/wp-content\/uploads\/2024\/08\/Consaguirre-scaled.jpg\",\"contentUrl\":\"https:\/\/web.consaguirre.com.ar\/noticias\/wp-content\/uploads\/2024\/08\/Consaguirre-scaled.jpg\",\"caption\":\"Javier Figueroa\"},\"description\":\"Me llamo Javier Figueroa y soy redactor para el sitio oficial del Conservatorio de M\u00fasica Juli\u00e1n Aguirre en Buenos Aires, consaguirre.com. Apasionado por la m\u00fasica y la escritura, me esfuerzo por destacar los talentos y eventos de nuestra prestigiosa instituci\u00f3n. Mi trayectoria se nutre de una profunda admiraci\u00f3n por los artistas, haciendo de cada art\u00edculo una celebraci\u00f3n de la creatividad y la cultura musical.\",\"sameAs\":[\"https:\/\/web.consaguirre.com.ar\/noticias\"]}]}<\/script>\n<!-- \/ Yoast SEO plugin. -->","yoast_head_json":{"title":"Dos bandas sonoras de Jack Johnson vienen a Vinyl","robots":{"index":"index","follow":"follow","max-snippet":"max-snippet:-1","max-image-preview":"max-image-preview:large","max-video-preview":"max-video-preview:-1"},"canonical":"https:\/\/web.consaguirre.com.ar\/noticias\/dos-bandas-sonoras-de-jack-johnson-vienen-a-vinyl\/","og_locale":"es_ES","og_type":"article","og_title":"Dos bandas sonoras de Jack Johnson vienen a Vinyl","og_description":"Dos bandas sonoras de Jack Johnson se est\u00e1n volviendo a emitir en vinilo, m\u00e1s de 20 a\u00f1os despu\u00e9s de su lanzamiento. Las bandas sonoras de","og_url":"https:\/\/web.consaguirre.com.ar\/noticias\/dos-bandas-sonoras-de-jack-johnson-vienen-a-vinyl\/","og_site_name":"Conservatorio de M\u00fasica Juli\u00e1n Aguirre","article_published_time":"2025-09-29T14:38:16+00:00","article_modified_time":"2025-09-29T14:38:17+00:00","og_image":[{"width":1440,"height":864,"url":"https:\/\/web.consaguirre.com.ar\/noticias\/wp-content\/uploads\/2025\/09\/Dos-bandas-sonoras-de-Jack-Johnson-vienen-a-Vinyl.jpg","type":"image\/jpeg"}],"author":"Javier Figueroa","twitter_card":"summary_large_image","twitter_misc":{"Escrito por":"Javier Figueroa","Tiempo de lectura":"2 minutos"},"schema":{"@context":"https:\/\/schema.org","@graph":[{"@type":"Article","@id":"https:\/\/web.consaguirre.com.ar\/noticias\/dos-bandas-sonoras-de-jack-johnson-vienen-a-vinyl\/#article","isPartOf":{"@id":"https:\/\/web.consaguirre.com.ar\/noticias\/dos-bandas-sonoras-de-jack-johnson-vienen-a-vinyl\/"},"author":{"name":"Javier Figueroa","@id":"https:\/\/web.consaguirre.com.ar\/noticias\/#\/schema\/person\/6558b0cfedee7ddc5425602b237d5722"},"headline":"Dos bandas sonoras de Jack Johnson vienen a Vinyl","datePublished":"2025-09-29T14:38:16+00:00","dateModified":"2025-09-29T14:38:17+00:00","mainEntityOfPage":{"@id":"https:\/\/web.consaguirre.com.ar\/noticias\/dos-bandas-sonoras-de-jack-johnson-vienen-a-vinyl\/"},"wordCount":386,"publisher":{"@id":"https:\/\/web.consaguirre.com.ar\/noticias\/#organization"},"image":{"@id":"https:\/\/web.consaguirre.com.ar\/noticias\/dos-bandas-sonoras-de-jack-johnson-vienen-a-vinyl\/#primaryimage"},"thumbnailUrl":"https:\/\/web.consaguirre.com.ar\/noticias\/wp-content\/uploads\/2025\/09\/Dos-bandas-sonoras-de-Jack-Johnson-vienen-a-Vinyl.jpg","keywords":["bandas","dos","Jack","Johnson","sonoras","vienen","Vinyl"],"articleSection":["El \u00faltimo"],"inLanguage":"es-AR"},{"@type":"WebPage","@id":"https:\/\/web.consaguirre.com.ar\/noticias\/dos-bandas-sonoras-de-jack-johnson-vienen-a-vinyl\/","url":"https:\/\/web.consaguirre.com.ar\/noticias\/dos-bandas-sonoras-de-jack-johnson-vienen-a-vinyl\/","name":"Dos bandas sonoras de Jack Johnson vienen a Vinyl","isPartOf":{"@id":"https:\/\/web.consaguirre.com.ar\/noticias\/#website"},"primaryImageOfPage":{"@id":"https:\/\/web.consaguirre.com.ar\/noticias\/dos-bandas-sonoras-de-jack-johnson-vienen-a-vinyl\/#primaryimage"},"image":{"@id":"https:\/\/web.consaguirre.com.ar\/noticias\/dos-bandas-sonoras-de-jack-johnson-vienen-a-vinyl\/#primaryimage"},"thumbnailUrl":"https:\/\/web.consaguirre.com.ar\/noticias\/wp-content\/uploads\/2025\/09\/Dos-bandas-sonoras-de-Jack-Johnson-vienen-a-Vinyl.jpg","datePublished":"2025-09-29T14:38:16+00:00","dateModified":"2025-09-29T14:38:17+00:00","breadcrumb":{"@id":"https:\/\/web.consaguirre.com.ar\/noticias\/dos-bandas-sonoras-de-jack-johnson-vienen-a-vinyl\/#breadcrumb"},"inLanguage":"es-AR","potentialAction":[{"@type":"ReadAction","target":["https:\/\/web.consaguirre.com.ar\/noticias\/dos-bandas-sonoras-de-jack-johnson-vienen-a-vinyl\/"]}]},{"@type":"ImageObject","inLanguage":"es-AR","@id":"https:\/\/web.consaguirre.com.ar\/noticias\/dos-bandas-sonoras-de-jack-johnson-vienen-a-vinyl\/#primaryimage","url":"https:\/\/web.consaguirre.com.ar\/noticias\/wp-content\/uploads\/2025\/09\/Dos-bandas-sonoras-de-Jack-Johnson-vienen-a-Vinyl.jpg","contentUrl":"https:\/\/web.consaguirre.com.ar\/noticias\/wp-content\/uploads\/2025\/09\/Dos-bandas-sonoras-de-Jack-Johnson-vienen-a-Vinyl.jpg","width":1440,"height":864,"caption":"Dos bandas sonoras de Jack Johnson vienen a Vinyl"},{"@type":"BreadcrumbList","@id":"https:\/\/web.consaguirre.com.ar\/noticias\/dos-bandas-sonoras-de-jack-johnson-vienen-a-vinyl\/#breadcrumb","itemListElement":[{"@type":"ListItem","position":1,"name":"Inicio","item":"https:\/\/web.consaguirre.com.ar\/noticias\/"},{"@type":"ListItem","position":2,"name":"Dos bandas sonoras de Jack Johnson vienen a Vinyl"}]},{"@type":"WebSite","@id":"https:\/\/web.consaguirre.com.ar\/noticias\/#website","url":"https:\/\/web.consaguirre.com.ar\/noticias\/","name":"Conservatorio de M\u00fasica Juli\u00e1n Aguirre","description":"","publisher":{"@id":"https:\/\/web.consaguirre.com.ar\/noticias\/#organization"},"potentialAction":[{"@type":"SearchAction","target":{"@type":"EntryPoint","urlTemplate":"https:\/\/web.consaguirre.com.ar\/noticias\/?s={search_term_string}"},"query-input":"required name=search_term_string"}],"inLanguage":"es-AR"},{"@type":"Organization","@id":"https:\/\/web.consaguirre.com.ar\/noticias\/#organization","name":"Conservatorio de M\u00fasica Juli\u00e1n Aguirre","url":"https:\/\/web.consaguirre.com.ar\/noticias\/","logo":{"@type":"ImageObject","inLanguage":"es-AR","@id":"https:\/\/web.consaguirre.com.ar\/noticias\/#\/schema\/logo\/image\/","url":"https:\/\/web.consaguirre.com.ar\/noticias\/wp-content\/uploads\/2024\/08\/Banner-Aguirre-23.jpg","contentUrl":"https:\/\/web.consaguirre.com.ar\/noticias\/wp-content\/uploads\/2024\/08\/Banner-Aguirre-23.jpg","width":1192,"height":600,"caption":"Conservatorio de M\u00fasica Juli\u00e1n Aguirre"},"image":{"@id":"https:\/\/web.consaguirre.com.ar\/noticias\/#\/schema\/logo\/image\/"}},{"@type":"Person","@id":"https:\/\/web.consaguirre.com.ar\/noticias\/#\/schema\/person\/6558b0cfedee7ddc5425602b237d5722","name":"Javier Figueroa","image":{"@type":"ImageObject","inLanguage":"es-AR","@id":"https:\/\/web.consaguirre.com.ar\/noticias\/#\/schema\/person\/image\/","url":"https:\/\/web.consaguirre.com.ar\/noticias\/wp-content\/uploads\/2024\/08\/Consaguirre-scaled.jpg","contentUrl":"https:\/\/web.consaguirre.com.ar\/noticias\/wp-content\/uploads\/2024\/08\/Consaguirre-scaled.jpg","caption":"Javier Figueroa"},"description":"Me llamo Javier Figueroa y soy redactor para el sitio oficial del Conservatorio de M\u00fasica Juli\u00e1n Aguirre en Buenos Aires, consaguirre.com. Apasionado por la m\u00fasica y la escritura, me esfuerzo por destacar los talentos y eventos de nuestra prestigiosa instituci\u00f3n. Mi trayectoria se nutre de una profunda admiraci\u00f3n por los artistas, haciendo de cada art\u00edculo una celebraci\u00f3n de la creatividad y la cultura musical.","sameAs":["https:\/\/web.consaguirre.com.ar\/noticias"]}]}},"_links":{"self":[{"href":"https:\/\/web.consaguirre.com.ar\/noticias\/wp-json\/wp\/v2\/posts\/3859"}],"collection":[{"href":"https:\/\/web.consaguirre.com.ar\/noticias\/wp-json\/wp\/v2\/posts"}],"about":[{"href":"https:\/\/web.consaguirre.com.ar\/noticias\/wp-json\/wp\/v2\/types\/post"}],"author":[{"embeddable":true,"href":"https:\/\/web.consaguirre.com.ar\/noticias\/wp-json\/wp\/v2\/users\/1"}],"replies":[{"embeddable":true,"href":"https:\/\/web.consaguirre.com.ar\/noticias\/wp-json\/wp\/v2\/comments?post=3859"}],"version-history":[{"count":1,"href":"https:\/\/web.consaguirre.com.ar\/noticias\/wp-json\/wp\/v2\/posts\/3859\/revisions"}],"predecessor-version":[{"id":3861,"href":"https:\/\/web.consaguirre.com.ar\/noticias\/wp-json\/wp\/v2\/posts\/3859\/revisions\/3861"}],"wp:featuredmedia":[{"embeddable":true,"href":"https:\/\/web.consaguirre.com.ar\/noticias\/wp-json\/wp\/v2\/media\/3860"}],"wp:attachment":[{"href":"https:\/\/web.consaguirre.com.ar\/noticias\/wp-json\/wp\/v2\/media?parent=3859"}],"wp:term":[{"taxonomy":"category","embeddable":true,"href":"https:\/\/web.consaguirre.com.ar\/noticias\/wp-json\/wp\/v2\/categories?post=3859"},{"taxonomy":"post_tag","embeddable":true,"href":"https:\/\/web.consaguirre.com.ar\/noticias\/wp-json\/wp\/v2\/tags?post=3859"}],"curies":[{"name":"wp","href":"https:\/\/api.w.org\/{rel}","templated":true}]}}