{"id":3819,"date":"2025-09-23T14:38:57","date_gmt":"2025-09-23T17:38:57","guid":{"rendered":"https:\/\/web.consaguirre.com.ar\/noticias\/sabrina-carpenter-justin-bieber-y-karol-g-headling-coachella-2026\/"},"modified":"2025-09-23T14:38:58","modified_gmt":"2025-09-23T17:38:58","slug":"sabrina-carpenter-justin-bieber-y-karol-g-headling-coachella-2026","status":"publish","type":"post","link":"https:\/\/web.consaguirre.com.ar\/noticias\/sabrina-carpenter-justin-bieber-y-karol-g-headling-coachella-2026\/","title":{"rendered":"Sabrina Carpenter, Justin Bieber y Karol G Headling Coachella 2026"},"content":{"rendered":"<p>El oto\u00f1o acaba de comenzar, pero ya es hora de entusiasmarse con la pr\u00f3xima primavera: el Festival de M\u00fasica y Artes de Coachella Valley ha anunciado su alineaci\u00f3n de 2026, dirigida por la primera l\u00ednea Sabrina Carpenter, Justin Bieber y Karol G.<\/p>\n<p>Carpenter profetiz\u00f3 su estatus de techo durante su debut en Coachella en 2024, cuando anunci\u00f3 durante su &#8220;tonter\u00edas&#8221;, &#8220;Coachella, nos vemos aqu\u00ed cuando encabello&#8221;. Ella est\u00e1 reci\u00e9n salido del lanzamiento de su nuevo \u00e1lbum <em>El mejor amigo del hombre<\/em>su segundo lanzamiento consecutivo para debutar en el n\u00famero 1 en el Billboard 200. El \u00e1lbum se lanz\u00f3 con 366,000 en ventas de primera semana, la mayor figura de una semana de la carrera de Carpenter hasta la fecha. Fue precedido por el \u00e9xito n\u00famero 1 &#8220;Manchild&#8221;, aclamado por los cr\u00edticos por su lirismo t\u00edmido, producci\u00f3n de famosos de g\u00e9nero y videos musicales tremendamente entretenidos.<\/p>\n<p>Bieber ha sido una presencia habitual en Coachella como artista invitada con amigos y colaboradores de Chance the Rapper a Ariana Grande, pero nunca ha sido una parte oficial de la alineaci\u00f3n hasta ahora. Su debut como titular de Coachella sigue su gran regreso este a\u00f1o con nuevos \u00e1lbumes <em>Bot\u00edn<\/em> y <em>Swag II<\/em>que debutaron en el n\u00famero 1. Los \u00e1lbumes reinventaron audazmente el sonido de Bieber, presentando un nuevo minimalismo de LO-Fi dibujando de pop, rock y R&#038;B, mientras mantienen su estatus como un creador de \u00e9xitos seguros a trav\u00e9s de los Smash Singles &#8220;Daisies&#8221; y &#8220;Yukon&#8221;.<\/p>\n<p>La superestrella colombiana Karol G tambi\u00e9n tiene un nuevo \u00e1lbum de \u00e9xito para su nombre. El nativo de Medell\u00edn <em>Tropicoqueta<\/em> Se lanz\u00f3 en junio, convirti\u00e9ndose en uno de los pocos \u00e1lbumes en espa\u00f1ol de una mujer que jam\u00e1s llegara al Billboard Top 3. El \u00e1lbum incluye los \u00e9xitos &#8220;Latina Foreva&#8221; y &#8220;Papasito&#8221;, que contin\u00faa con una serie de cl\u00e1sicos como la colaboraci\u00f3n Shakira &#8220;TQG&#8221; y el Smash &#8220;Watati&#8221; de Barbie Soundtrack &#8220;.<\/p>\n<p>Coachella, el est\u00e1ndar de oro en los festivales de m\u00fasica estadounidense, regresar\u00e1 al Empire Polo Club en Indio, CA, el pr\u00f3ximo 10-12 de abril y 17-19. La vasta alineaci\u00f3n, que se repitir\u00e1 principalmente de fin de semana a fin de semana, tambi\u00e9n presenta nombres como Divule, Katseye, Royal Otis y Fujii Kaze.<\/p>\n<p>Obtenga m\u00e1s informaci\u00f3n sobre Coachella 2026 aqu\u00ed.<\/p>\n","protected":false},"excerpt":{"rendered":"<p>El oto\u00f1o acaba de comenzar, pero ya es hora de entusiasmarse con la pr\u00f3xima primavera: el Festival de M\u00fasica y Artes de Coachella Valley ha<\/p>\n","protected":false},"author":1,"featured_media":3820,"comment_status":"closed","ping_status":"","sticky":false,"template":"","format":"standard","meta":{"footnotes":""},"categories":[50],"tags":[65,736,1320,3242,64,1546,735],"class_list":["post-3819","post","type-post","status-publish","format-standard","has-post-thumbnail","hentry","category-el-ultimo","tag-bieber","tag-carpenter","tag-coachella","tag-headling","tag-justin","tag-karol","tag-sabrina","generate-columns","tablet-grid-50","mobile-grid-100","grid-parent","grid-50"],"yoast_head":"<!-- This site is optimized with the Yoast SEO plugin v23.3 - https:\/\/yoast.com\/wordpress\/plugins\/seo\/ -->\n<title>Sabrina Carpenter, Justin Bieber y Karol G Headling Coachella 2026<\/title>\n<meta name=\"robots\" content=\"index, follow, max-snippet:-1, max-image-preview:large, max-video-preview:-1\" \/>\n<link rel=\"canonical\" href=\"https:\/\/web.consaguirre.com.ar\/noticias\/sabrina-carpenter-justin-bieber-y-karol-g-headling-coachella-2026\/\" \/>\n<meta property=\"og:locale\" content=\"es_ES\" \/>\n<meta property=\"og:type\" content=\"article\" \/>\n<meta property=\"og:title\" content=\"Sabrina Carpenter, Justin Bieber y Karol G Headling Coachella 2026\" \/>\n<meta property=\"og:description\" content=\"El oto\u00f1o acaba de comenzar, pero ya es hora de entusiasmarse con la pr\u00f3xima primavera: el Festival de M\u00fasica y Artes de Coachella Valley ha\" \/>\n<meta property=\"og:url\" content=\"https:\/\/web.consaguirre.com.ar\/noticias\/sabrina-carpenter-justin-bieber-y-karol-g-headling-coachella-2026\/\" \/>\n<meta property=\"og:site_name\" content=\"Conservatorio de M\u00fasica Juli\u00e1n Aguirre\" \/>\n<meta property=\"article:published_time\" content=\"2025-09-23T17:38:57+00:00\" \/>\n<meta property=\"article:modified_time\" content=\"2025-09-23T17:38:58+00:00\" \/>\n<meta property=\"og:image\" content=\"https:\/\/web.consaguirre.com.ar\/noticias\/wp-content\/uploads\/2025\/09\/Sabrina-Carpenter-Justin-Bieber-y-Karol-G-Headling-Coachella-2026.jpg\" \/>\n\t<meta property=\"og:image:width\" content=\"1440\" \/>\n\t<meta property=\"og:image:height\" content=\"864\" \/>\n\t<meta property=\"og:image:type\" content=\"image\/jpeg\" \/>\n<meta name=\"author\" content=\"Javier Figueroa\" \/>\n<meta name=\"twitter:card\" content=\"summary_large_image\" \/>\n<meta name=\"twitter:label1\" content=\"Escrito por\" \/>\n\t<meta name=\"twitter:data1\" content=\"Javier Figueroa\" \/>\n\t<meta name=\"twitter:label2\" content=\"Tiempo de lectura\" \/>\n\t<meta name=\"twitter:data2\" content=\"2 minutos\" \/>\n<script type=\"application\/ld+json\" class=\"yoast-schema-graph\">{\"@context\":\"https:\/\/schema.org\",\"@graph\":[{\"@type\":\"Article\",\"@id\":\"https:\/\/web.consaguirre.com.ar\/noticias\/sabrina-carpenter-justin-bieber-y-karol-g-headling-coachella-2026\/#article\",\"isPartOf\":{\"@id\":\"https:\/\/web.consaguirre.com.ar\/noticias\/sabrina-carpenter-justin-bieber-y-karol-g-headling-coachella-2026\/\"},\"author\":{\"name\":\"Javier Figueroa\",\"@id\":\"https:\/\/web.consaguirre.com.ar\/noticias\/#\/schema\/person\/6558b0cfedee7ddc5425602b237d5722\"},\"headline\":\"Sabrina Carpenter, Justin Bieber y Karol G Headling Coachella 2026\",\"datePublished\":\"2025-09-23T17:38:57+00:00\",\"dateModified\":\"2025-09-23T17:38:58+00:00\",\"mainEntityOfPage\":{\"@id\":\"https:\/\/web.consaguirre.com.ar\/noticias\/sabrina-carpenter-justin-bieber-y-karol-g-headling-coachella-2026\/\"},\"wordCount\":406,\"publisher\":{\"@id\":\"https:\/\/web.consaguirre.com.ar\/noticias\/#organization\"},\"image\":{\"@id\":\"https:\/\/web.consaguirre.com.ar\/noticias\/sabrina-carpenter-justin-bieber-y-karol-g-headling-coachella-2026\/#primaryimage\"},\"thumbnailUrl\":\"https:\/\/web.consaguirre.com.ar\/noticias\/wp-content\/uploads\/2025\/09\/Sabrina-Carpenter-Justin-Bieber-y-Karol-G-Headling-Coachella-2026.jpg\",\"keywords\":[\"Bieber\",\"Carpenter\",\"Coachella\",\"Headling\",\"Justin\",\"Karol\",\"Sabrina\"],\"articleSection\":[\"El \u00faltimo\"],\"inLanguage\":\"es-AR\"},{\"@type\":\"WebPage\",\"@id\":\"https:\/\/web.consaguirre.com.ar\/noticias\/sabrina-carpenter-justin-bieber-y-karol-g-headling-coachella-2026\/\",\"url\":\"https:\/\/web.consaguirre.com.ar\/noticias\/sabrina-carpenter-justin-bieber-y-karol-g-headling-coachella-2026\/\",\"name\":\"Sabrina Carpenter, Justin Bieber y Karol G Headling Coachella 2026\",\"isPartOf\":{\"@id\":\"https:\/\/web.consaguirre.com.ar\/noticias\/#website\"},\"primaryImageOfPage\":{\"@id\":\"https:\/\/web.consaguirre.com.ar\/noticias\/sabrina-carpenter-justin-bieber-y-karol-g-headling-coachella-2026\/#primaryimage\"},\"image\":{\"@id\":\"https:\/\/web.consaguirre.com.ar\/noticias\/sabrina-carpenter-justin-bieber-y-karol-g-headling-coachella-2026\/#primaryimage\"},\"thumbnailUrl\":\"https:\/\/web.consaguirre.com.ar\/noticias\/wp-content\/uploads\/2025\/09\/Sabrina-Carpenter-Justin-Bieber-y-Karol-G-Headling-Coachella-2026.jpg\",\"datePublished\":\"2025-09-23T17:38:57+00:00\",\"dateModified\":\"2025-09-23T17:38:58+00:00\",\"breadcrumb\":{\"@id\":\"https:\/\/web.consaguirre.com.ar\/noticias\/sabrina-carpenter-justin-bieber-y-karol-g-headling-coachella-2026\/#breadcrumb\"},\"inLanguage\":\"es-AR\",\"potentialAction\":[{\"@type\":\"ReadAction\",\"target\":[\"https:\/\/web.consaguirre.com.ar\/noticias\/sabrina-carpenter-justin-bieber-y-karol-g-headling-coachella-2026\/\"]}]},{\"@type\":\"ImageObject\",\"inLanguage\":\"es-AR\",\"@id\":\"https:\/\/web.consaguirre.com.ar\/noticias\/sabrina-carpenter-justin-bieber-y-karol-g-headling-coachella-2026\/#primaryimage\",\"url\":\"https:\/\/web.consaguirre.com.ar\/noticias\/wp-content\/uploads\/2025\/09\/Sabrina-Carpenter-Justin-Bieber-y-Karol-G-Headling-Coachella-2026.jpg\",\"contentUrl\":\"https:\/\/web.consaguirre.com.ar\/noticias\/wp-content\/uploads\/2025\/09\/Sabrina-Carpenter-Justin-Bieber-y-Karol-G-Headling-Coachella-2026.jpg\",\"width\":1440,\"height\":864,\"caption\":\"Sabrina Carpenter, Justin Bieber y Karol G Headling Coachella 2026\"},{\"@type\":\"BreadcrumbList\",\"@id\":\"https:\/\/web.consaguirre.com.ar\/noticias\/sabrina-carpenter-justin-bieber-y-karol-g-headling-coachella-2026\/#breadcrumb\",\"itemListElement\":[{\"@type\":\"ListItem\",\"position\":1,\"name\":\"Inicio\",\"item\":\"https:\/\/web.consaguirre.com.ar\/noticias\/\"},{\"@type\":\"ListItem\",\"position\":2,\"name\":\"Sabrina Carpenter, Justin Bieber y Karol G Headling Coachella 2026\"}]},{\"@type\":\"WebSite\",\"@id\":\"https:\/\/web.consaguirre.com.ar\/noticias\/#website\",\"url\":\"https:\/\/web.consaguirre.com.ar\/noticias\/\",\"name\":\"Conservatorio de M\u00fasica Juli\u00e1n Aguirre\",\"description\":\"\",\"publisher\":{\"@id\":\"https:\/\/web.consaguirre.com.ar\/noticias\/#organization\"},\"potentialAction\":[{\"@type\":\"SearchAction\",\"target\":{\"@type\":\"EntryPoint\",\"urlTemplate\":\"https:\/\/web.consaguirre.com.ar\/noticias\/?s={search_term_string}\"},\"query-input\":\"required name=search_term_string\"}],\"inLanguage\":\"es-AR\"},{\"@type\":\"Organization\",\"@id\":\"https:\/\/web.consaguirre.com.ar\/noticias\/#organization\",\"name\":\"Conservatorio de M\u00fasica Juli\u00e1n Aguirre\",\"url\":\"https:\/\/web.consaguirre.com.ar\/noticias\/\",\"logo\":{\"@type\":\"ImageObject\",\"inLanguage\":\"es-AR\",\"@id\":\"https:\/\/web.consaguirre.com.ar\/noticias\/#\/schema\/logo\/image\/\",\"url\":\"https:\/\/web.consaguirre.com.ar\/noticias\/wp-content\/uploads\/2024\/08\/Banner-Aguirre-23.jpg\",\"contentUrl\":\"https:\/\/web.consaguirre.com.ar\/noticias\/wp-content\/uploads\/2024\/08\/Banner-Aguirre-23.jpg\",\"width\":1192,\"height\":600,\"caption\":\"Conservatorio de M\u00fasica Juli\u00e1n Aguirre\"},\"image\":{\"@id\":\"https:\/\/web.consaguirre.com.ar\/noticias\/#\/schema\/logo\/image\/\"}},{\"@type\":\"Person\",\"@id\":\"https:\/\/web.consaguirre.com.ar\/noticias\/#\/schema\/person\/6558b0cfedee7ddc5425602b237d5722\",\"name\":\"Javier Figueroa\",\"image\":{\"@type\":\"ImageObject\",\"inLanguage\":\"es-AR\",\"@id\":\"https:\/\/web.consaguirre.com.ar\/noticias\/#\/schema\/person\/image\/\",\"url\":\"https:\/\/web.consaguirre.com.ar\/noticias\/wp-content\/uploads\/2024\/08\/Consaguirre-scaled.jpg\",\"contentUrl\":\"https:\/\/web.consaguirre.com.ar\/noticias\/wp-content\/uploads\/2024\/08\/Consaguirre-scaled.jpg\",\"caption\":\"Javier Figueroa\"},\"description\":\"Me llamo Javier Figueroa y soy redactor para el sitio oficial del Conservatorio de M\u00fasica Juli\u00e1n Aguirre en Buenos Aires, consaguirre.com. Apasionado por la m\u00fasica y la escritura, me esfuerzo por destacar los talentos y eventos de nuestra prestigiosa instituci\u00f3n. Mi trayectoria se nutre de una profunda admiraci\u00f3n por los artistas, haciendo de cada art\u00edculo una celebraci\u00f3n de la creatividad y la cultura musical.\",\"sameAs\":[\"https:\/\/web.consaguirre.com.ar\/noticias\"]}]}<\/script>\n<!-- \/ Yoast SEO plugin. -->","yoast_head_json":{"title":"Sabrina Carpenter, Justin Bieber y Karol G Headling Coachella 2026","robots":{"index":"index","follow":"follow","max-snippet":"max-snippet:-1","max-image-preview":"max-image-preview:large","max-video-preview":"max-video-preview:-1"},"canonical":"https:\/\/web.consaguirre.com.ar\/noticias\/sabrina-carpenter-justin-bieber-y-karol-g-headling-coachella-2026\/","og_locale":"es_ES","og_type":"article","og_title":"Sabrina Carpenter, Justin Bieber y Karol G Headling Coachella 2026","og_description":"El oto\u00f1o acaba de comenzar, pero ya es hora de entusiasmarse con la pr\u00f3xima primavera: el Festival de M\u00fasica y Artes de Coachella Valley ha","og_url":"https:\/\/web.consaguirre.com.ar\/noticias\/sabrina-carpenter-justin-bieber-y-karol-g-headling-coachella-2026\/","og_site_name":"Conservatorio de M\u00fasica Juli\u00e1n Aguirre","article_published_time":"2025-09-23T17:38:57+00:00","article_modified_time":"2025-09-23T17:38:58+00:00","og_image":[{"width":1440,"height":864,"url":"https:\/\/web.consaguirre.com.ar\/noticias\/wp-content\/uploads\/2025\/09\/Sabrina-Carpenter-Justin-Bieber-y-Karol-G-Headling-Coachella-2026.jpg","type":"image\/jpeg"}],"author":"Javier Figueroa","twitter_card":"summary_large_image","twitter_misc":{"Escrito por":"Javier Figueroa","Tiempo de lectura":"2 minutos"},"schema":{"@context":"https:\/\/schema.org","@graph":[{"@type":"Article","@id":"https:\/\/web.consaguirre.com.ar\/noticias\/sabrina-carpenter-justin-bieber-y-karol-g-headling-coachella-2026\/#article","isPartOf":{"@id":"https:\/\/web.consaguirre.com.ar\/noticias\/sabrina-carpenter-justin-bieber-y-karol-g-headling-coachella-2026\/"},"author":{"name":"Javier Figueroa","@id":"https:\/\/web.consaguirre.com.ar\/noticias\/#\/schema\/person\/6558b0cfedee7ddc5425602b237d5722"},"headline":"Sabrina Carpenter, Justin Bieber y Karol G Headling Coachella 2026","datePublished":"2025-09-23T17:38:57+00:00","dateModified":"2025-09-23T17:38:58+00:00","mainEntityOfPage":{"@id":"https:\/\/web.consaguirre.com.ar\/noticias\/sabrina-carpenter-justin-bieber-y-karol-g-headling-coachella-2026\/"},"wordCount":406,"publisher":{"@id":"https:\/\/web.consaguirre.com.ar\/noticias\/#organization"},"image":{"@id":"https:\/\/web.consaguirre.com.ar\/noticias\/sabrina-carpenter-justin-bieber-y-karol-g-headling-coachella-2026\/#primaryimage"},"thumbnailUrl":"https:\/\/web.consaguirre.com.ar\/noticias\/wp-content\/uploads\/2025\/09\/Sabrina-Carpenter-Justin-Bieber-y-Karol-G-Headling-Coachella-2026.jpg","keywords":["Bieber","Carpenter","Coachella","Headling","Justin","Karol","Sabrina"],"articleSection":["El \u00faltimo"],"inLanguage":"es-AR"},{"@type":"WebPage","@id":"https:\/\/web.consaguirre.com.ar\/noticias\/sabrina-carpenter-justin-bieber-y-karol-g-headling-coachella-2026\/","url":"https:\/\/web.consaguirre.com.ar\/noticias\/sabrina-carpenter-justin-bieber-y-karol-g-headling-coachella-2026\/","name":"Sabrina Carpenter, Justin Bieber y Karol G Headling Coachella 2026","isPartOf":{"@id":"https:\/\/web.consaguirre.com.ar\/noticias\/#website"},"primaryImageOfPage":{"@id":"https:\/\/web.consaguirre.com.ar\/noticias\/sabrina-carpenter-justin-bieber-y-karol-g-headling-coachella-2026\/#primaryimage"},"image":{"@id":"https:\/\/web.consaguirre.com.ar\/noticias\/sabrina-carpenter-justin-bieber-y-karol-g-headling-coachella-2026\/#primaryimage"},"thumbnailUrl":"https:\/\/web.consaguirre.com.ar\/noticias\/wp-content\/uploads\/2025\/09\/Sabrina-Carpenter-Justin-Bieber-y-Karol-G-Headling-Coachella-2026.jpg","datePublished":"2025-09-23T17:38:57+00:00","dateModified":"2025-09-23T17:38:58+00:00","breadcrumb":{"@id":"https:\/\/web.consaguirre.com.ar\/noticias\/sabrina-carpenter-justin-bieber-y-karol-g-headling-coachella-2026\/#breadcrumb"},"inLanguage":"es-AR","potentialAction":[{"@type":"ReadAction","target":["https:\/\/web.consaguirre.com.ar\/noticias\/sabrina-carpenter-justin-bieber-y-karol-g-headling-coachella-2026\/"]}]},{"@type":"ImageObject","inLanguage":"es-AR","@id":"https:\/\/web.consaguirre.com.ar\/noticias\/sabrina-carpenter-justin-bieber-y-karol-g-headling-coachella-2026\/#primaryimage","url":"https:\/\/web.consaguirre.com.ar\/noticias\/wp-content\/uploads\/2025\/09\/Sabrina-Carpenter-Justin-Bieber-y-Karol-G-Headling-Coachella-2026.jpg","contentUrl":"https:\/\/web.consaguirre.com.ar\/noticias\/wp-content\/uploads\/2025\/09\/Sabrina-Carpenter-Justin-Bieber-y-Karol-G-Headling-Coachella-2026.jpg","width":1440,"height":864,"caption":"Sabrina Carpenter, Justin Bieber y Karol G Headling Coachella 2026"},{"@type":"BreadcrumbList","@id":"https:\/\/web.consaguirre.com.ar\/noticias\/sabrina-carpenter-justin-bieber-y-karol-g-headling-coachella-2026\/#breadcrumb","itemListElement":[{"@type":"ListItem","position":1,"name":"Inicio","item":"https:\/\/web.consaguirre.com.ar\/noticias\/"},{"@type":"ListItem","position":2,"name":"Sabrina Carpenter, Justin Bieber y Karol G Headling Coachella 2026"}]},{"@type":"WebSite","@id":"https:\/\/web.consaguirre.com.ar\/noticias\/#website","url":"https:\/\/web.consaguirre.com.ar\/noticias\/","name":"Conservatorio de M\u00fasica Juli\u00e1n Aguirre","description":"","publisher":{"@id":"https:\/\/web.consaguirre.com.ar\/noticias\/#organization"},"potentialAction":[{"@type":"SearchAction","target":{"@type":"EntryPoint","urlTemplate":"https:\/\/web.consaguirre.com.ar\/noticias\/?s={search_term_string}"},"query-input":"required name=search_term_string"}],"inLanguage":"es-AR"},{"@type":"Organization","@id":"https:\/\/web.consaguirre.com.ar\/noticias\/#organization","name":"Conservatorio de M\u00fasica Juli\u00e1n Aguirre","url":"https:\/\/web.consaguirre.com.ar\/noticias\/","logo":{"@type":"ImageObject","inLanguage":"es-AR","@id":"https:\/\/web.consaguirre.com.ar\/noticias\/#\/schema\/logo\/image\/","url":"https:\/\/web.consaguirre.com.ar\/noticias\/wp-content\/uploads\/2024\/08\/Banner-Aguirre-23.jpg","contentUrl":"https:\/\/web.consaguirre.com.ar\/noticias\/wp-content\/uploads\/2024\/08\/Banner-Aguirre-23.jpg","width":1192,"height":600,"caption":"Conservatorio de M\u00fasica Juli\u00e1n Aguirre"},"image":{"@id":"https:\/\/web.consaguirre.com.ar\/noticias\/#\/schema\/logo\/image\/"}},{"@type":"Person","@id":"https:\/\/web.consaguirre.com.ar\/noticias\/#\/schema\/person\/6558b0cfedee7ddc5425602b237d5722","name":"Javier Figueroa","image":{"@type":"ImageObject","inLanguage":"es-AR","@id":"https:\/\/web.consaguirre.com.ar\/noticias\/#\/schema\/person\/image\/","url":"https:\/\/web.consaguirre.com.ar\/noticias\/wp-content\/uploads\/2024\/08\/Consaguirre-scaled.jpg","contentUrl":"https:\/\/web.consaguirre.com.ar\/noticias\/wp-content\/uploads\/2024\/08\/Consaguirre-scaled.jpg","caption":"Javier Figueroa"},"description":"Me llamo Javier Figueroa y soy redactor para el sitio oficial del Conservatorio de M\u00fasica Juli\u00e1n Aguirre en Buenos Aires, consaguirre.com. Apasionado por la m\u00fasica y la escritura, me esfuerzo por destacar los talentos y eventos de nuestra prestigiosa instituci\u00f3n. Mi trayectoria se nutre de una profunda admiraci\u00f3n por los artistas, haciendo de cada art\u00edculo una celebraci\u00f3n de la creatividad y la cultura musical.","sameAs":["https:\/\/web.consaguirre.com.ar\/noticias"]}]}},"_links":{"self":[{"href":"https:\/\/web.consaguirre.com.ar\/noticias\/wp-json\/wp\/v2\/posts\/3819"}],"collection":[{"href":"https:\/\/web.consaguirre.com.ar\/noticias\/wp-json\/wp\/v2\/posts"}],"about":[{"href":"https:\/\/web.consaguirre.com.ar\/noticias\/wp-json\/wp\/v2\/types\/post"}],"author":[{"embeddable":true,"href":"https:\/\/web.consaguirre.com.ar\/noticias\/wp-json\/wp\/v2\/users\/1"}],"replies":[{"embeddable":true,"href":"https:\/\/web.consaguirre.com.ar\/noticias\/wp-json\/wp\/v2\/comments?post=3819"}],"version-history":[{"count":1,"href":"https:\/\/web.consaguirre.com.ar\/noticias\/wp-json\/wp\/v2\/posts\/3819\/revisions"}],"predecessor-version":[{"id":3821,"href":"https:\/\/web.consaguirre.com.ar\/noticias\/wp-json\/wp\/v2\/posts\/3819\/revisions\/3821"}],"wp:featuredmedia":[{"embeddable":true,"href":"https:\/\/web.consaguirre.com.ar\/noticias\/wp-json\/wp\/v2\/media\/3820"}],"wp:attachment":[{"href":"https:\/\/web.consaguirre.com.ar\/noticias\/wp-json\/wp\/v2\/media?parent=3819"}],"wp:term":[{"taxonomy":"category","embeddable":true,"href":"https:\/\/web.consaguirre.com.ar\/noticias\/wp-json\/wp\/v2\/categories?post=3819"},{"taxonomy":"post_tag","embeddable":true,"href":"https:\/\/web.consaguirre.com.ar\/noticias\/wp-json\/wp\/v2\/tags?post=3819"}],"curies":[{"name":"wp","href":"https:\/\/api.w.org\/{rel}","templated":true}]}}