{"id":3816,"date":"2025-09-23T13:44:05","date_gmt":"2025-09-23T16:44:05","guid":{"rendered":"https:\/\/web.consaguirre.com.ar\/noticias\/resena-de-cd-edgar-van-asselt-y-ack-van-rooyen-cancion-para-amigos-perdidos\/"},"modified":"2025-09-23T13:44:05","modified_gmt":"2025-09-23T16:44:05","slug":"resena-de-cd-edgar-van-asselt-y-ack-van-rooyen-cancion-para-amigos-perdidos","status":"publish","type":"post","link":"https:\/\/web.consaguirre.com.ar\/noticias\/resena-de-cd-edgar-van-asselt-y-ack-van-rooyen-cancion-para-amigos-perdidos\/","title":{"rendered":"Rese\u00f1a de CD: Edgar van Asselt y ack van Rooyen, canci\u00f3n para amigos perdidos"},"content":{"rendered":"<div class=\"entry\" itemprop=\"text\">\n<p><em><strong>Song for Lost Friends es un tributo conmovedor y discreto a una de las voces de jazz m\u00e1s apreciadas de los Pa\u00edses Bajos, ACK Van Rooyen. Grabado en vivo en el \u00edntimo Huis Kernhem, este \u00e1lbum captura una actuaci\u00f3n con una rara combinaci\u00f3n de gracia, atenci\u00f3n y respeto mutuo. <\/strong><\/em><\/p>\n<p>Con Van Rooyen en sus ochenta a\u00f1os, pero claramente todav\u00eda est\u00e1 completamente al mando de su instrumento, la grabaci\u00f3n ofrece una instant\u00e1nea convincente de un artista que permaneci\u00f3 en la cima de sus poderes expresivos hasta el final.<\/p>\n<p>Lo que inmediatamente distingue a este \u00e1lbum es su respeto obvio que los jugadores ten\u00edan el uno al otro. Para una grabaci\u00f3n en vivo, la calidad del sonido es impresionante y cuenta con notable claridad y equilibrio. Cada instrumento encuentra su espacio en la mezcla sin sentirse lleno o comprometido. Esta transparencia ac\u00fastica permite que las interacciones entre los m\u00fasicos brillen, transmitiendo fielmente los matices de su actuaci\u00f3n y la intimidad del lugar.<\/p>\n<p>Una caracter\u00edstica central del \u00e1lbum es el papel discreto pero vital de la secci\u00f3n Rhythm. El piano de Van Asselt, con el apoyo de un bajo en silencio y un emparejamiento de bater\u00eda, ofrece una base flexible y matizada. Su reproducci\u00f3n nunca es molesto, pero siempre presente, anclando la m\u00fasica con un pulso firme que mantiene a los solistas basados, bastante esencial dada la naturaleza conversacional y a menudo espaciosa de la interpretaci\u00f3n de Van Rooyen.<\/p>\n<p>El estilo de ACK Van Rooyen, caracterizado por un enfoque l\u00edrico y medido, est\u00e1 bien servido aqu\u00ed. \u00c9l intercambia el exceso virtuoso a favor de declaraciones mel\u00f3dicas precisas llenas de profundidad y sentimiento. Su tono sigue siendo distinto, c\u00e1lido, acogedor y controlado sin esfuerzo. Escucharlo en esta etapa en su carrera me recuerda no solo su dominio t\u00e9cnico sino tambi\u00e9n su enfoque sutil por el que era conocido. El rendimiento de ACK es un buen ejemplo de restricci\u00f3n y expresividad; \u00c9l entiende que a veces los momentos m\u00e1s poderosos provienen de las notas que quedan sin jugar.<\/p>\n<div class=\"Elite_video_player\" id=\"452\">\n<div id=\"elite_options\" style=\"display:none;\">{&#8220;Id&#8221;: 452, &#8220;InstanceName&#8221;: &#8220;Edgar Van Asselt &#8211; Ack Van Rooyen&#8221;, &#8220;Videos&#8221;: ({&#8220;VideoType&#8221;: &#8220;YouTube&#8221;, &#8220;T\u00edtulo&#8221;: &#8220;Edgar Van Asselt &#8211; Ack Van Rooyen&#8221;, &#8220;Descripci\u00f3n&#8221;: &#8220;Canci\u00f3n para amigos perdidos&#8221;, &#8220;Informaci\u00f3n&#8221;: &#8220;Canci\u00f3n para amigos perdidos &#8220;,&#8221; Thumbimg &#8220;:&#8221; https: \/\/jazzineurope.mfmmedia.nl \/wp-content \/uploads \/2018 \/10 \/jie-magazine-winter-2018-tn-150x 150.jpg &#8220;,&#8221; YouTubeId &#8220;:&#8221; firsk6pdllm &#8220;,&#8221; prerollad &#8220;:&#8221; no &#8220;,&#8221; prrerollgotolink &#8220;:&#8221; http: \/\/bit.ly \/2svu1ba &#8220;,&#8221; preroll_mp4 &#8220;:&#8221; h h ttps: \/\/jazzineurope.mfmmedia.nl \/wp-content \/uploads \/2018 \/10  \/jazz-in-europe-magazine-winter-2018-promo.mp4 &#8220;, &#8220;Prerollskiptimer&#8221;: &#8220;10&#8221;, &#8220;Midrollad&#8221;: &#8220;No&#8221;, &#8220;Midrollad_displayTime&#8221;: &#8220;Midrollad_displaytime&#8221;, &#8220;Midrollgotolink&#8221;: &#8220;Midro llgotolink &#8220;,&#8221; midroll_mp4 &#8220;:&#8221; midroll_mp4 &#8220;,&#8221; midrollskiptimer &#8220;:&#8221; midrollskiptimer &#8220;,&#8221; postrollad &#8220;:&#8221; no &#8220;,&#8221; postrollgotolink &#8220;:&#8221; postrollgotolink &#8220;,&#8221; postroll_mp4 &#8220;:&#8221; postroll_mp4 &#8220;,&#8221; postrollskiptimer &#8220;:&#8221; postrollskiptimer &#8220;,&#8221; popupadshow &#8220;:&#8221; no &#8220;,&#8221; po pupimg &#8220;:&#8221; https: \/\/jazzineurope.mfmmedia.nl \/wp-content \/uploads \/2013 \/01  \/Jazz-Republic-Radio-Leaderboard.jpg &#8220;, &#8220;PopUpadStarttime&#8221;: &#8220;12&#8221;, &#8220;Popupadendtime&#8221;: &#8220;20&#8221;, &#8220;PopUpadGotolink&#8221;: &#8220;https: \/\/twitter.com \/jazzineu&#8221;}), &#8220;Enviar&#8221;: &#8220;Guardar Cambios &#8220;,&#8221; Instancetheme &#8220;:&#8221; Light &#8220;,&#8221; PlayerLayout &#8220;:&#8221; FitTocontainer &#8220;,&#8221; VideOplayerWidth &#8220;: 1006,&#8221; VideOplayerHeight &#8220;: 420,&#8221; VideoRatio &#8220;: 1.777777777777778,&#8221; VideAtiostretch &#8220;: False,&#8221; VideOplayersHadow &#8220;:&#8221; Effect3 &#8220;,&#8221; ColorAccent &#8220;:&#8221;#FF9100 &#8220;,&#8221; Posterimg &#8220;:&#8221; &#8220;,&#8221; PosterimgonvideOfinish &#8220;:&#8221; &#8220;,&#8221; Logoshow &#8220;:&#8221; S\u00ed &#8220;,&#8221; Logopath &#8220;:&#8221; Https: \/\/jazzineurope.mfm Media.nl \/wp-Content \/uploads \/2018 \/08  \/jie-logo-new-white-fininal-video-player.png &#8220;,&#8221; logoPosition &#8220;:&#8221; inferior-izquierda &#8220;,&#8221; logoclickable &#8220;:&#8221; s\u00ed &#8220;,&#8221; logogotolink &#8220;:&#8221; https: \/  \/Jazzineurope.mfmmedia.nl\/2018\/07\/bill-evans-an-insight-into-a-genius\/&#8221;oLowskipad&#8221;:True,&#8221;Advertisementtitle&#8221;:&#8221;Advertisement \u00ed anuncio &#8220;,&#8221; SkipAdText &#8220;:&#8221; Puedes omitir este anuncio en &#8220;,&#8221; playbtntooltiptxt &#8220;:&#8221; play &#8220;,&#8221; pauseBtTtooltiptxt &#8220;:&#8221; pausa &#8220;,&#8221; rewindBtTtoolTiptxt &#8220;:&#8221; Rewind &#8220;,&#8221; DownloadVideObtToolTiptxt &#8220;:&#8221; Descargar video &#8220;,&#8221; QualityBtNoPedToolTiptxt &#8220;:&#8221; Close Configuraci\u00f3n &#8220;,&#8221; QualityBtnClosedToolTiptxt &#8220;:&#8221; Configuraci\u00f3n &#8220;,&#8221; MuteBtnTtoolTiptxt &#8220;:&#8221; Mute &#8220;,&#8221; UnMuteBtnToolTiptxt &#8220;:&#8221; Unmute &#8220;,&#8221; FullScreenBtnToolTiptxt &#8220;:&#8221; FullScreen &#8220;,&#8221; ExitfullScreenBtnToLTipTxt &#8220;:&#8221; EXIT info &#8220;,&#8221; incredBtTtoolTiptxt &#8220;:&#8221; InSching &#8220;,&#8221; ShareBtTtoolTiptxt &#8220;:&#8221; Share &#8220;,&#8221; VolumetoolTiptxt &#8220;:&#8221; Volume, &#8220;PlayBtnCledTtoolTiptxt&#8221;: &#8220;Mostrar lista de reproducci\u00f3n&#8221;, &#8220;PlayListBtNoPenedToolTiptxt&#8221;: &#8220;Ocultar ListList&#8221;, &#8220;FacebookBtnTxtxt&#8221;: &#8220;Compartir&#8221; Compartir compartir &#8220;Compartir compartir&#8221; Facebook &#8220;,&#8221; TwitterBtnToolTiptxt &#8220;:&#8221; Compartir en Twitter &#8220;,&#8221; GooglePlusBtnToolTiptxt &#8220;:&#8221; Compartir en Google+&#8221;,&#8221; LastBtnToolTiptxt &#8220;:&#8221; Vaya al \u00faltimo video &#8220;,&#8221; FirstBtTtoolTiptxt &#8220;:&#8221; Vaya a First Video &#8220;,&#8221; NextBtnToolTiptxt &#8220;:&#8221; Play Next Video &#8220;,&#8221; Anteriorbtntooltiptxt: &#8220;Play Arior Video &#8220;,&#8221; ShuffleBtnonToolTiptxt &#8220;:&#8221; Shuffle on &#8220;,&#8221; ShuffleBtnofftooltiptxt &#8220;:&#8221; Shuffle Off &#8220;,&#8221; NowPlayingTooltiptxt &#8220;:&#8221; Now Playing &#8220;,&#8221; InScedWindowTitle1 &#8220;:&#8221; Compartir este reproductor: &#8220;,&#8221; InScuDwindowTitle2 &#8220;:&#8221; Embedido en su video en su sitio: &#8220;,&#8221; EmbedWindowtitle3: Player: &#8220;,&#8221; LightBox &#8220;: False,&#8221; LightBoxAutoPlay &#8220;: False,&#8221; LightBoxThumbnail &#8220;:&#8221; &#8220;,&#8221; LightBoxThumbnailWidth &#8220;: 400,&#8221; LightBoxThumbnailHeight &#8220;: 220,&#8221; LightboxClOSeOutsideclick &#8220;: True,&#8221; Onfinish: &#8220;Play Next Video &#8220;,&#8221; Autoplay &#8220;: False,&#8221; LoadRandomVideoonStart &#8220;:&#8221; No &#8220;,&#8221; Shuffle &#8220;:&#8221; No &#8220;,&#8221; Lista de reproducci\u00f3n &#8220;:&#8221; Off &#8220;,&#8221; PlayBehaviouronpageload &#8220;:&#8221; Se abri\u00f3 (predeterminado) &#8220;,&#8221; PlaylistScrollType &#8220;:&#8221; Light &#8220;,&#8221; PReloadSelfHosted &#8220;:&#8221; Ninguno &#8220;,&#8221; HidEvideOsource &#8220;: True,&#8221; ShowallControls &#8220;: True,&#8221; RightClickMenu &#8220;: True,&#8221; Autohidecontrols &#8220;: 2,&#8221; Hideco ntrolsonmouseout &#8220;:&#8221; no &#8220;,&#8221; NowplayingText &#8220;:&#8221; s\u00ed &#8220;,&#8221; infoShow &#8220;:&#8221; s\u00ed &#8220;,&#8221; shareshow &#8220;:&#8221; no &#8220;,&#8221; Facebookshow &#8220;:&#8221; s\u00ed &#8220;,&#8221; twittershow &#8220;:&#8221; s\u00ed &#8220;,&#8221; mailshow &#8220;:&#8221; s\u00ed &#8220;,&#8221; FacebookSharename &#8220;:&#8221; Bill &#8220;Bill&#8221; Evans: una visi\u00f3n de un genio &#8220;,&#8221; FacebookSharelink &#8220;:&#8221; https: \/\/jazzineurope.mfmmedia.nl \/2018 \/07 \/bill-evans-an-insight-en-a-Genius \/&#8221;,&#8221; FacebookSharedescription &#8220;:&#8221; Copenhagen Rehearsal Video 1966. &#8220;&#8221; &#8220;FacebookSharepicture&#8221;: &#8220;https: \/\/jazzineurope.mfmmedia.nl \/wp-content \/uploads \/2018 \/07  \/bill_evans_featured-new.jpg&#8221;, &#8220;TwitterText&#8221;: &#8220;Bill evans-una visi\u00f3n de A Genio. &#8220;,&#8221; TwitterLink &#8220;:&#8221; https: \/\/jazzineurope.mfmmedia.nl \/2018 \/07 \/bill-evans-an-insight-en-a-Genius \/&#8221;,&#8221; Twitterhashtags &#8220;:&#8221;#billevans #Jazzineurope &#8220;,&#8221; Twittervia &#8220;:&#8221; Jazzineu &#8220;,&#8221; GooglePlus &#8220;:&#8221; Https: \/\/jazzineurope.mfmmedia.nl \/2018 \/07 \/bill-evans-an-insight-into-a-Genius \/&#8221;,&#8221; InSciitado Show &#8220;:&#8221; No &#8220;,&#8221; InScEDCodesrc &#8220;:&#8221; &#8220;,&#8221; InScEDCodew &#8220;: 746,&#8221; IncodeCodeh &#8220;: 420,&#8221; InScuSharElink &#8220;:&#8221; Https: \/\/jazzineurope.mfmmedia.nl \/&#8221;,&#8221; YouTubecontrols &#8220;:&#8221; Custom Custom controls&#8221;,&#8221;youtubeSkin&#8221;:&#8221;light&#8221;,&#8221;youtubeColor&#8221;:&#8221;red&#8221;,&#8221;youtubeQuality&#8221;:&#8221;default&#8221;,&#8221;youtubeShowRelatedVideos&#8221;:&#8221;No&#8221;,&#8221;vimeoColor&#8221;:&#8221;00adef&#8221;,&#8221;showGlobalPrerollAds&#8221;:false,&#8221;globalPrerollAds&#8221;:&#8221;url1;url2;url3;url4;u RL5 &#8220;,&#8221; GlobalPrerolladsSkipTimer &#8220;: 5,&#8221; GlobalPreolladsGotolink &#8220;:&#8221; http: \/\/codeCanyon.net \/&#8221;,&#8221; videotipo &#8220;: &#8220;YouTube&#8221;, &#8220;RootFolder&#8221;: &#8220;https: \/\/jazzineurope.mfmmedia.nl \/wp-content \/plugins \/elite-video-player \/&#8221;}<\/div>\n<\/div>\n<p>El repertorio sirve bien al \u00e1lbum. Aunque puede no superar los l\u00edmites de la innovaci\u00f3n, el conjunto de est\u00e1ndares cuidadosamente seleccionado se alinean perfectamente con el tono conmemorativo del concierto y el sonido de Van Rooyen. Estas son piezas destinadas a evocar recuerdos, historias y conexiones emocionales, en lugar de sorprender o sorprender. En este contexto, la familiaridad del repertorio es una fortaleza.<\/p>\n<p>Edgar van Asselt, la figura pianista y central del proyecto, demuestra una gran sensibilidad en todo el \u00e1lbum. Su juego apoya y mejora constantemente las contribuciones de Van Rooyen sin competir por la atenci\u00f3n. Esta colaboraci\u00f3n se siente como una asociaci\u00f3n musical genuina basada en la escucha y el respeto en lugar de la jerarqu\u00eda impuesta.<\/p>\n<p>El \u00e1lbum, parte de la serie de conciertos &#8220;You&#8217;re in the Army Now&#8221; que conmemora 75 a\u00f1os de libertad en los Pa\u00edses Bajos, tiene un significado hist\u00f3rico tranquilo. Reconoce a los m\u00fasicos de jazz cuyas experiencias formativas fueron moldeadas por su tiempo en el ej\u00e9rcito, destacando la disciplina y la camarader\u00eda que influy\u00f3 en sus carreras. Sin embargo, la m\u00fasica en s\u00ed nunca se siente cargada por estos antecedentes. En cambio, ofrece una experiencia tranquilizadora y accesible, enfatizando la conexi\u00f3n y la tradici\u00f3n compartida sobre la grandiosidad.<\/p>\n<p>Para los fan\u00e1ticos de ACK Van Rooyen, &#8220;Song For Lost Friends&#8221; ser\u00e1 esencial escuchar. Documenta uno de los cap\u00edtulos finales de un m\u00fasico que ha consolidado firmemente su lugar en la historia del jazz holandesa y europea. Su legado se extiende mucho m\u00e1s all\u00e1 de sus colaboraciones y grabaciones, tocando a generaciones de m\u00fasicos a trav\u00e9s de su ense\u00f1anza y ejemplo. Este \u00e1lbum no solo honra su memoria, sino que ofrece una experiencia auditiva rica y c\u00e1lida que captura su arte en un entorno en vivo y espont\u00e1neo.<\/p>\n<p><img loading=\"lazy\" decoding=\"async\" class=\"aligncenter size-large wp-image-62936\" src=\"https:\/\/web.consaguirre.com.ar\/noticias\/wp-content\/uploads\/2025\/09\/1758645844_314_Resena-de-CD-Edgar-van-Asselt-y-ack-van-Rooyen.jpg\" alt=\"\" width=\"1024\" height=\"576\"  ><\/p>\n<p>En resumen, &#8220;Song For Lost Friends&#8221; es un buen ejemplo del poder duradero del jazz simple y honesto que se reproduce con autenticidad. Muy recomendable para aquellos que aprecian la discreta elegancia y la profundidad emocional del estilo de juego de ACK Van Rooyen.<\/p>\n<p>Una nota final en el cierre: cada una de las canciones del \u00e1lbum se ha documentado en video y est\u00e1 disponible en el canal de YouTube de Edgar Van Asselts. Esto agrega una dimensi\u00f3n adicional para aquellos de nosotros que estamos activados visualmente.<\/p>\n<p><strong>P\u00f3ngase en fila:<\/strong><\/p>\n<p>Edgar van Asselt, piano | Ack Van Rooyen, Flugelhorn | Erik Robaard, bajo | Wim Kegel, bater\u00eda<\/p>\n<p><strong>Listado de pistas:<\/strong><\/p>\n<p>1. El toque de tus labios | 2. Hace alg\u00fan tiempo | 3. Sonr\u00ede \/ mi ideal | 4. Canci\u00f3n para amigos perdidos | 5. Solo amigos | 6. Tome el &#8216;A-Train | 7. Mi \u00fanico amor | 8. C Jam Blues | 9. Perdido<\/p>\n<p>Fecha de lanzamiento: 11 de julio de 2025<br \/>\nFormato: transmisi\u00f3n<br \/>\nLable: registros OPM<\/p>\n<p><img loading=\"lazy\" decoding=\"async\" class=\"aligncenter size-full wp-image-36519\" src=\"https:\/\/web.consaguirre.com.ar\/noticias\/wp-content\/uploads\/2024\/08\/Resena-de-CD-Stephen-Henderson-Tales-of-the-Skald.png\" alt=\"\" width=\"527\" height=\"77\"  ><\/p>\n<p><img loading=\"lazy\" decoding=\"async\" class=\"aligncenter wp-image-62547 size-large\" src=\"https:\/\/web.consaguirre.com.ar\/noticias\/wp-content\/uploads\/2025\/09\/Revision-de-CD-Ineza-Ibuka.png\" rel=\"prettyPhoto\" alt=\"\" width=\"1024\" height=\"379\"  ><\/p>\n<div class=\"post-pagination\"><\/div>\n<div class=\"clearfix\"><\/div>\n<\/p><\/div>\n<p><script async src=\"https:\/\/platform.twitter.com\/widgets.js\" charset=\"utf-8\"><\/script><\/p>\n","protected":false},"excerpt":{"rendered":"<p>Song for Lost Friends es un tributo conmovedor y discreto a una de las voces de jazz m\u00e1s apreciadas de los Pa\u00edses Bajos, ACK Van<\/p>\n","protected":false},"author":1,"featured_media":3817,"comment_status":"closed","ping_status":"","sticky":false,"template":"","format":"standard","meta":{"footnotes":""},"categories":[4],"tags":[3240,1490,3239,460,3238,154,2428,6,3241,576],"class_list":["post-3816","post","type-post","status-publish","format-standard","has-post-thumbnail","hentry","category-critica","tag-ack","tag-amigos","tag-asselt","tag-cancion","tag-edgar","tag-para","tag-perdidos","tag-resena","tag-rooyen","tag-van","generate-columns","tablet-grid-50","mobile-grid-100","grid-parent","grid-50"],"yoast_head":"<!-- This site is optimized with the Yoast SEO plugin v23.3 - https:\/\/yoast.com\/wordpress\/plugins\/seo\/ -->\n<title>Rese\u00f1a de CD: Edgar van Asselt y ack van Rooyen, canci\u00f3n para amigos perdidos<\/title>\n<meta name=\"robots\" content=\"index, follow, max-snippet:-1, max-image-preview:large, max-video-preview:-1\" \/>\n<link rel=\"canonical\" href=\"https:\/\/web.consaguirre.com.ar\/noticias\/resena-de-cd-edgar-van-asselt-y-ack-van-rooyen-cancion-para-amigos-perdidos\/\" \/>\n<meta property=\"og:locale\" content=\"es_ES\" \/>\n<meta property=\"og:type\" content=\"article\" \/>\n<meta property=\"og:title\" content=\"Rese\u00f1a de CD: Edgar van Asselt y ack van Rooyen, canci\u00f3n para amigos perdidos\" \/>\n<meta property=\"og:description\" content=\"Song for Lost Friends es un tributo conmovedor y discreto a una de las voces de jazz m\u00e1s apreciadas de los Pa\u00edses Bajos, ACK Van\" \/>\n<meta property=\"og:url\" content=\"https:\/\/web.consaguirre.com.ar\/noticias\/resena-de-cd-edgar-van-asselt-y-ack-van-rooyen-cancion-para-amigos-perdidos\/\" \/>\n<meta property=\"og:site_name\" content=\"Conservatorio de M\u00fasica Juli\u00e1n Aguirre\" \/>\n<meta property=\"article:published_time\" content=\"2025-09-23T16:44:05+00:00\" \/>\n<meta property=\"og:image\" content=\"https:\/\/web.consaguirre.com.ar\/noticias\/wp-content\/uploads\/2025\/09\/Resena-de-CD-Edgar-van-Asselt-y-ack-van-Rooyen.jpg\" \/>\n\t<meta property=\"og:image:width\" content=\"300\" \/>\n\t<meta property=\"og:image:height\" content=\"300\" \/>\n\t<meta property=\"og:image:type\" content=\"image\/jpeg\" \/>\n<meta name=\"author\" content=\"Javier Figueroa\" \/>\n<meta name=\"twitter:card\" content=\"summary_large_image\" \/>\n<meta name=\"twitter:label1\" content=\"Escrito por\" \/>\n\t<meta name=\"twitter:data1\" content=\"Javier Figueroa\" \/>\n\t<meta name=\"twitter:label2\" content=\"Tiempo de lectura\" \/>\n\t<meta name=\"twitter:data2\" content=\"6 minutos\" \/>\n<script type=\"application\/ld+json\" class=\"yoast-schema-graph\">{\"@context\":\"https:\/\/schema.org\",\"@graph\":[{\"@type\":\"Article\",\"@id\":\"https:\/\/web.consaguirre.com.ar\/noticias\/resena-de-cd-edgar-van-asselt-y-ack-van-rooyen-cancion-para-amigos-perdidos\/#article\",\"isPartOf\":{\"@id\":\"https:\/\/web.consaguirre.com.ar\/noticias\/resena-de-cd-edgar-van-asselt-y-ack-van-rooyen-cancion-para-amigos-perdidos\/\"},\"author\":{\"name\":\"Javier Figueroa\",\"@id\":\"https:\/\/web.consaguirre.com.ar\/noticias\/#\/schema\/person\/6558b0cfedee7ddc5425602b237d5722\"},\"headline\":\"Rese\u00f1a de CD: Edgar van Asselt y ack van Rooyen, canci\u00f3n para amigos perdidos\",\"datePublished\":\"2025-09-23T16:44:05+00:00\",\"dateModified\":\"2025-09-23T16:44:05+00:00\",\"mainEntityOfPage\":{\"@id\":\"https:\/\/web.consaguirre.com.ar\/noticias\/resena-de-cd-edgar-van-asselt-y-ack-van-rooyen-cancion-para-amigos-perdidos\/\"},\"wordCount\":1268,\"publisher\":{\"@id\":\"https:\/\/web.consaguirre.com.ar\/noticias\/#organization\"},\"image\":{\"@id\":\"https:\/\/web.consaguirre.com.ar\/noticias\/resena-de-cd-edgar-van-asselt-y-ack-van-rooyen-cancion-para-amigos-perdidos\/#primaryimage\"},\"thumbnailUrl\":\"https:\/\/web.consaguirre.com.ar\/noticias\/wp-content\/uploads\/2025\/09\/Resena-de-CD-Edgar-van-Asselt-y-ack-van-Rooyen.jpg\",\"keywords\":[\"ack\",\"amigos\",\"Asselt\",\"canci\u00f3n\",\"Edgar\",\"para\",\"perdidos\",\"Rese\u00f1a\",\"Rooyen\",\"Van\"],\"articleSection\":[\"Cr\u00edtica\"],\"inLanguage\":\"es-AR\"},{\"@type\":\"WebPage\",\"@id\":\"https:\/\/web.consaguirre.com.ar\/noticias\/resena-de-cd-edgar-van-asselt-y-ack-van-rooyen-cancion-para-amigos-perdidos\/\",\"url\":\"https:\/\/web.consaguirre.com.ar\/noticias\/resena-de-cd-edgar-van-asselt-y-ack-van-rooyen-cancion-para-amigos-perdidos\/\",\"name\":\"Rese\u00f1a de CD: Edgar van Asselt y ack van Rooyen, canci\u00f3n para amigos perdidos\",\"isPartOf\":{\"@id\":\"https:\/\/web.consaguirre.com.ar\/noticias\/#website\"},\"primaryImageOfPage\":{\"@id\":\"https:\/\/web.consaguirre.com.ar\/noticias\/resena-de-cd-edgar-van-asselt-y-ack-van-rooyen-cancion-para-amigos-perdidos\/#primaryimage\"},\"image\":{\"@id\":\"https:\/\/web.consaguirre.com.ar\/noticias\/resena-de-cd-edgar-van-asselt-y-ack-van-rooyen-cancion-para-amigos-perdidos\/#primaryimage\"},\"thumbnailUrl\":\"https:\/\/web.consaguirre.com.ar\/noticias\/wp-content\/uploads\/2025\/09\/Resena-de-CD-Edgar-van-Asselt-y-ack-van-Rooyen.jpg\",\"datePublished\":\"2025-09-23T16:44:05+00:00\",\"dateModified\":\"2025-09-23T16:44:05+00:00\",\"breadcrumb\":{\"@id\":\"https:\/\/web.consaguirre.com.ar\/noticias\/resena-de-cd-edgar-van-asselt-y-ack-van-rooyen-cancion-para-amigos-perdidos\/#breadcrumb\"},\"inLanguage\":\"es-AR\",\"potentialAction\":[{\"@type\":\"ReadAction\",\"target\":[\"https:\/\/web.consaguirre.com.ar\/noticias\/resena-de-cd-edgar-van-asselt-y-ack-van-rooyen-cancion-para-amigos-perdidos\/\"]}]},{\"@type\":\"ImageObject\",\"inLanguage\":\"es-AR\",\"@id\":\"https:\/\/web.consaguirre.com.ar\/noticias\/resena-de-cd-edgar-van-asselt-y-ack-van-rooyen-cancion-para-amigos-perdidos\/#primaryimage\",\"url\":\"https:\/\/web.consaguirre.com.ar\/noticias\/wp-content\/uploads\/2025\/09\/Resena-de-CD-Edgar-van-Asselt-y-ack-van-Rooyen.jpg\",\"contentUrl\":\"https:\/\/web.consaguirre.com.ar\/noticias\/wp-content\/uploads\/2025\/09\/Resena-de-CD-Edgar-van-Asselt-y-ack-van-Rooyen.jpg\",\"width\":300,\"height\":300,\"caption\":\"Rese\u00f1a de CD: Edgar van Asselt y ack van Rooyen, canci\u00f3n para amigos perdidos\"},{\"@type\":\"BreadcrumbList\",\"@id\":\"https:\/\/web.consaguirre.com.ar\/noticias\/resena-de-cd-edgar-van-asselt-y-ack-van-rooyen-cancion-para-amigos-perdidos\/#breadcrumb\",\"itemListElement\":[{\"@type\":\"ListItem\",\"position\":1,\"name\":\"Inicio\",\"item\":\"https:\/\/web.consaguirre.com.ar\/noticias\/\"},{\"@type\":\"ListItem\",\"position\":2,\"name\":\"Rese\u00f1a de CD: Edgar van Asselt y ack van Rooyen, canci\u00f3n para amigos perdidos\"}]},{\"@type\":\"WebSite\",\"@id\":\"https:\/\/web.consaguirre.com.ar\/noticias\/#website\",\"url\":\"https:\/\/web.consaguirre.com.ar\/noticias\/\",\"name\":\"Conservatorio de M\u00fasica Juli\u00e1n Aguirre\",\"description\":\"\",\"publisher\":{\"@id\":\"https:\/\/web.consaguirre.com.ar\/noticias\/#organization\"},\"potentialAction\":[{\"@type\":\"SearchAction\",\"target\":{\"@type\":\"EntryPoint\",\"urlTemplate\":\"https:\/\/web.consaguirre.com.ar\/noticias\/?s={search_term_string}\"},\"query-input\":\"required name=search_term_string\"}],\"inLanguage\":\"es-AR\"},{\"@type\":\"Organization\",\"@id\":\"https:\/\/web.consaguirre.com.ar\/noticias\/#organization\",\"name\":\"Conservatorio de M\u00fasica Juli\u00e1n Aguirre\",\"url\":\"https:\/\/web.consaguirre.com.ar\/noticias\/\",\"logo\":{\"@type\":\"ImageObject\",\"inLanguage\":\"es-AR\",\"@id\":\"https:\/\/web.consaguirre.com.ar\/noticias\/#\/schema\/logo\/image\/\",\"url\":\"https:\/\/web.consaguirre.com.ar\/noticias\/wp-content\/uploads\/2024\/08\/Banner-Aguirre-23.jpg\",\"contentUrl\":\"https:\/\/web.consaguirre.com.ar\/noticias\/wp-content\/uploads\/2024\/08\/Banner-Aguirre-23.jpg\",\"width\":1192,\"height\":600,\"caption\":\"Conservatorio de M\u00fasica Juli\u00e1n Aguirre\"},\"image\":{\"@id\":\"https:\/\/web.consaguirre.com.ar\/noticias\/#\/schema\/logo\/image\/\"}},{\"@type\":\"Person\",\"@id\":\"https:\/\/web.consaguirre.com.ar\/noticias\/#\/schema\/person\/6558b0cfedee7ddc5425602b237d5722\",\"name\":\"Javier Figueroa\",\"image\":{\"@type\":\"ImageObject\",\"inLanguage\":\"es-AR\",\"@id\":\"https:\/\/web.consaguirre.com.ar\/noticias\/#\/schema\/person\/image\/\",\"url\":\"https:\/\/web.consaguirre.com.ar\/noticias\/wp-content\/uploads\/2024\/08\/Consaguirre-scaled.jpg\",\"contentUrl\":\"https:\/\/web.consaguirre.com.ar\/noticias\/wp-content\/uploads\/2024\/08\/Consaguirre-scaled.jpg\",\"caption\":\"Javier Figueroa\"},\"description\":\"Me llamo Javier Figueroa y soy redactor para el sitio oficial del Conservatorio de M\u00fasica Juli\u00e1n Aguirre en Buenos Aires, consaguirre.com. Apasionado por la m\u00fasica y la escritura, me esfuerzo por destacar los talentos y eventos de nuestra prestigiosa instituci\u00f3n. Mi trayectoria se nutre de una profunda admiraci\u00f3n por los artistas, haciendo de cada art\u00edculo una celebraci\u00f3n de la creatividad y la cultura musical.\",\"sameAs\":[\"https:\/\/web.consaguirre.com.ar\/noticias\"]}]}<\/script>\n<!-- \/ Yoast SEO plugin. -->","yoast_head_json":{"title":"Rese\u00f1a de CD: Edgar van Asselt y ack van Rooyen, canci\u00f3n para amigos perdidos","robots":{"index":"index","follow":"follow","max-snippet":"max-snippet:-1","max-image-preview":"max-image-preview:large","max-video-preview":"max-video-preview:-1"},"canonical":"https:\/\/web.consaguirre.com.ar\/noticias\/resena-de-cd-edgar-van-asselt-y-ack-van-rooyen-cancion-para-amigos-perdidos\/","og_locale":"es_ES","og_type":"article","og_title":"Rese\u00f1a de CD: Edgar van Asselt y ack van Rooyen, canci\u00f3n para amigos perdidos","og_description":"Song for Lost Friends es un tributo conmovedor y discreto a una de las voces de jazz m\u00e1s apreciadas de los Pa\u00edses Bajos, ACK Van","og_url":"https:\/\/web.consaguirre.com.ar\/noticias\/resena-de-cd-edgar-van-asselt-y-ack-van-rooyen-cancion-para-amigos-perdidos\/","og_site_name":"Conservatorio de M\u00fasica Juli\u00e1n Aguirre","article_published_time":"2025-09-23T16:44:05+00:00","og_image":[{"width":300,"height":300,"url":"https:\/\/web.consaguirre.com.ar\/noticias\/wp-content\/uploads\/2025\/09\/Resena-de-CD-Edgar-van-Asselt-y-ack-van-Rooyen.jpg","type":"image\/jpeg"}],"author":"Javier Figueroa","twitter_card":"summary_large_image","twitter_misc":{"Escrito por":"Javier Figueroa","Tiempo de lectura":"6 minutos"},"schema":{"@context":"https:\/\/schema.org","@graph":[{"@type":"Article","@id":"https:\/\/web.consaguirre.com.ar\/noticias\/resena-de-cd-edgar-van-asselt-y-ack-van-rooyen-cancion-para-amigos-perdidos\/#article","isPartOf":{"@id":"https:\/\/web.consaguirre.com.ar\/noticias\/resena-de-cd-edgar-van-asselt-y-ack-van-rooyen-cancion-para-amigos-perdidos\/"},"author":{"name":"Javier Figueroa","@id":"https:\/\/web.consaguirre.com.ar\/noticias\/#\/schema\/person\/6558b0cfedee7ddc5425602b237d5722"},"headline":"Rese\u00f1a de CD: Edgar van Asselt y ack van Rooyen, canci\u00f3n para amigos perdidos","datePublished":"2025-09-23T16:44:05+00:00","dateModified":"2025-09-23T16:44:05+00:00","mainEntityOfPage":{"@id":"https:\/\/web.consaguirre.com.ar\/noticias\/resena-de-cd-edgar-van-asselt-y-ack-van-rooyen-cancion-para-amigos-perdidos\/"},"wordCount":1268,"publisher":{"@id":"https:\/\/web.consaguirre.com.ar\/noticias\/#organization"},"image":{"@id":"https:\/\/web.consaguirre.com.ar\/noticias\/resena-de-cd-edgar-van-asselt-y-ack-van-rooyen-cancion-para-amigos-perdidos\/#primaryimage"},"thumbnailUrl":"https:\/\/web.consaguirre.com.ar\/noticias\/wp-content\/uploads\/2025\/09\/Resena-de-CD-Edgar-van-Asselt-y-ack-van-Rooyen.jpg","keywords":["ack","amigos","Asselt","canci\u00f3n","Edgar","para","perdidos","Rese\u00f1a","Rooyen","Van"],"articleSection":["Cr\u00edtica"],"inLanguage":"es-AR"},{"@type":"WebPage","@id":"https:\/\/web.consaguirre.com.ar\/noticias\/resena-de-cd-edgar-van-asselt-y-ack-van-rooyen-cancion-para-amigos-perdidos\/","url":"https:\/\/web.consaguirre.com.ar\/noticias\/resena-de-cd-edgar-van-asselt-y-ack-van-rooyen-cancion-para-amigos-perdidos\/","name":"Rese\u00f1a de CD: Edgar van Asselt y ack van Rooyen, canci\u00f3n para amigos perdidos","isPartOf":{"@id":"https:\/\/web.consaguirre.com.ar\/noticias\/#website"},"primaryImageOfPage":{"@id":"https:\/\/web.consaguirre.com.ar\/noticias\/resena-de-cd-edgar-van-asselt-y-ack-van-rooyen-cancion-para-amigos-perdidos\/#primaryimage"},"image":{"@id":"https:\/\/web.consaguirre.com.ar\/noticias\/resena-de-cd-edgar-van-asselt-y-ack-van-rooyen-cancion-para-amigos-perdidos\/#primaryimage"},"thumbnailUrl":"https:\/\/web.consaguirre.com.ar\/noticias\/wp-content\/uploads\/2025\/09\/Resena-de-CD-Edgar-van-Asselt-y-ack-van-Rooyen.jpg","datePublished":"2025-09-23T16:44:05+00:00","dateModified":"2025-09-23T16:44:05+00:00","breadcrumb":{"@id":"https:\/\/web.consaguirre.com.ar\/noticias\/resena-de-cd-edgar-van-asselt-y-ack-van-rooyen-cancion-para-amigos-perdidos\/#breadcrumb"},"inLanguage":"es-AR","potentialAction":[{"@type":"ReadAction","target":["https:\/\/web.consaguirre.com.ar\/noticias\/resena-de-cd-edgar-van-asselt-y-ack-van-rooyen-cancion-para-amigos-perdidos\/"]}]},{"@type":"ImageObject","inLanguage":"es-AR","@id":"https:\/\/web.consaguirre.com.ar\/noticias\/resena-de-cd-edgar-van-asselt-y-ack-van-rooyen-cancion-para-amigos-perdidos\/#primaryimage","url":"https:\/\/web.consaguirre.com.ar\/noticias\/wp-content\/uploads\/2025\/09\/Resena-de-CD-Edgar-van-Asselt-y-ack-van-Rooyen.jpg","contentUrl":"https:\/\/web.consaguirre.com.ar\/noticias\/wp-content\/uploads\/2025\/09\/Resena-de-CD-Edgar-van-Asselt-y-ack-van-Rooyen.jpg","width":300,"height":300,"caption":"Rese\u00f1a de CD: Edgar van Asselt y ack van Rooyen, canci\u00f3n para amigos perdidos"},{"@type":"BreadcrumbList","@id":"https:\/\/web.consaguirre.com.ar\/noticias\/resena-de-cd-edgar-van-asselt-y-ack-van-rooyen-cancion-para-amigos-perdidos\/#breadcrumb","itemListElement":[{"@type":"ListItem","position":1,"name":"Inicio","item":"https:\/\/web.consaguirre.com.ar\/noticias\/"},{"@type":"ListItem","position":2,"name":"Rese\u00f1a de CD: Edgar van Asselt y ack van Rooyen, canci\u00f3n para amigos perdidos"}]},{"@type":"WebSite","@id":"https:\/\/web.consaguirre.com.ar\/noticias\/#website","url":"https:\/\/web.consaguirre.com.ar\/noticias\/","name":"Conservatorio de M\u00fasica Juli\u00e1n Aguirre","description":"","publisher":{"@id":"https:\/\/web.consaguirre.com.ar\/noticias\/#organization"},"potentialAction":[{"@type":"SearchAction","target":{"@type":"EntryPoint","urlTemplate":"https:\/\/web.consaguirre.com.ar\/noticias\/?s={search_term_string}"},"query-input":"required name=search_term_string"}],"inLanguage":"es-AR"},{"@type":"Organization","@id":"https:\/\/web.consaguirre.com.ar\/noticias\/#organization","name":"Conservatorio de M\u00fasica Juli\u00e1n Aguirre","url":"https:\/\/web.consaguirre.com.ar\/noticias\/","logo":{"@type":"ImageObject","inLanguage":"es-AR","@id":"https:\/\/web.consaguirre.com.ar\/noticias\/#\/schema\/logo\/image\/","url":"https:\/\/web.consaguirre.com.ar\/noticias\/wp-content\/uploads\/2024\/08\/Banner-Aguirre-23.jpg","contentUrl":"https:\/\/web.consaguirre.com.ar\/noticias\/wp-content\/uploads\/2024\/08\/Banner-Aguirre-23.jpg","width":1192,"height":600,"caption":"Conservatorio de M\u00fasica Juli\u00e1n Aguirre"},"image":{"@id":"https:\/\/web.consaguirre.com.ar\/noticias\/#\/schema\/logo\/image\/"}},{"@type":"Person","@id":"https:\/\/web.consaguirre.com.ar\/noticias\/#\/schema\/person\/6558b0cfedee7ddc5425602b237d5722","name":"Javier Figueroa","image":{"@type":"ImageObject","inLanguage":"es-AR","@id":"https:\/\/web.consaguirre.com.ar\/noticias\/#\/schema\/person\/image\/","url":"https:\/\/web.consaguirre.com.ar\/noticias\/wp-content\/uploads\/2024\/08\/Consaguirre-scaled.jpg","contentUrl":"https:\/\/web.consaguirre.com.ar\/noticias\/wp-content\/uploads\/2024\/08\/Consaguirre-scaled.jpg","caption":"Javier Figueroa"},"description":"Me llamo Javier Figueroa y soy redactor para el sitio oficial del Conservatorio de M\u00fasica Juli\u00e1n Aguirre en Buenos Aires, consaguirre.com. Apasionado por la m\u00fasica y la escritura, me esfuerzo por destacar los talentos y eventos de nuestra prestigiosa instituci\u00f3n. Mi trayectoria se nutre de una profunda admiraci\u00f3n por los artistas, haciendo de cada art\u00edculo una celebraci\u00f3n de la creatividad y la cultura musical.","sameAs":["https:\/\/web.consaguirre.com.ar\/noticias"]}]}},"_links":{"self":[{"href":"https:\/\/web.consaguirre.com.ar\/noticias\/wp-json\/wp\/v2\/posts\/3816"}],"collection":[{"href":"https:\/\/web.consaguirre.com.ar\/noticias\/wp-json\/wp\/v2\/posts"}],"about":[{"href":"https:\/\/web.consaguirre.com.ar\/noticias\/wp-json\/wp\/v2\/types\/post"}],"author":[{"embeddable":true,"href":"https:\/\/web.consaguirre.com.ar\/noticias\/wp-json\/wp\/v2\/users\/1"}],"replies":[{"embeddable":true,"href":"https:\/\/web.consaguirre.com.ar\/noticias\/wp-json\/wp\/v2\/comments?post=3816"}],"version-history":[{"count":1,"href":"https:\/\/web.consaguirre.com.ar\/noticias\/wp-json\/wp\/v2\/posts\/3816\/revisions"}],"predecessor-version":[{"id":3818,"href":"https:\/\/web.consaguirre.com.ar\/noticias\/wp-json\/wp\/v2\/posts\/3816\/revisions\/3818"}],"wp:featuredmedia":[{"embeddable":true,"href":"https:\/\/web.consaguirre.com.ar\/noticias\/wp-json\/wp\/v2\/media\/3817"}],"wp:attachment":[{"href":"https:\/\/web.consaguirre.com.ar\/noticias\/wp-json\/wp\/v2\/media?parent=3816"}],"wp:term":[{"taxonomy":"category","embeddable":true,"href":"https:\/\/web.consaguirre.com.ar\/noticias\/wp-json\/wp\/v2\/categories?post=3816"},{"taxonomy":"post_tag","embeddable":true,"href":"https:\/\/web.consaguirre.com.ar\/noticias\/wp-json\/wp\/v2\/tags?post=3816"}],"curies":[{"name":"wp","href":"https:\/\/api.w.org\/{rel}","templated":true}]}}