{"id":3813,"date":"2025-09-23T11:43:11","date_gmt":"2025-09-23T14:43:11","guid":{"rendered":"https:\/\/web.consaguirre.com.ar\/noticias\/lagrimas-por-miedos-celebran-40-anos-de-canciones-de-la-gran-silla\/"},"modified":"2025-09-23T11:43:14","modified_gmt":"2025-09-23T14:43:14","slug":"lagrimas-por-miedos-celebran-40-anos-de-canciones-de-la-gran-silla","status":"publish","type":"post","link":"https:\/\/web.consaguirre.com.ar\/noticias\/lagrimas-por-miedos-celebran-40-anos-de-canciones-de-la-gran-silla\/","title":{"rendered":"L\u00e1grimas por miedos celebran 40 a\u00f1os de &#8216;canciones de la gran silla&#8217;"},"content":{"rendered":"<p>L\u00e1grimas por miedos &#8216; <em>Canciones de la silla grande<\/em> est\u00e1 celebrando su 40 aniversario. Una gama de ediciones ampliadas sobre vinilo, transmisi\u00f3n y CD llegan el 14 de noviembre a trav\u00e9s de UMR Records y est\u00e1n disponibles para pre-pedido ahora.<\/p>\n<p>L\u00e1grimas para el segundo r\u00e9cord de miedos, <em>Canciones de la silla grande<\/em>se lanz\u00f3 originalmente el 25 de febrero de 1985. Luego encabez\u00f3 las listas de los Estados Unidos y produjo cinco singles exitosos: &#8220;Madres Talk&#8221;, &#8220;Shout&#8221;, &#8220;Todos quieren gobernar el mundo&#8221;, &#8220;Head Over Heels&#8221; y &#8220;I Believe&#8221;.<\/p>\n<div class=\"uD-YT-container\"><img decoding=\"async\" src=\"https:\/\/web.consaguirre.com.ar\/noticias\/wp-content\/uploads\/2025\/09\/1758638591_371_Lagrimas-por-miedos-celebran-40-anos-de-canciones-de-la.jpg\" alt=\"Video de YouTube\"><br \/>Haga clic para cargar video<\/div>\n<p>Un vinilo rojo transparente de 2LP de edici\u00f3n limitada presenta las obras de arte y las pistas originales no utilizadas que no se pueden estar disponibles en vinilo, incluido &#8220;Shout (Alternative Mix)&#8221;, &#8220;The Working Hour (Piano Version)&#8221;, &#8220;Todos quieren gobernar el mundo (versi\u00f3n \u00fanica alternativa)&#8221;, &#8220;Madres hablan (mezcla temprana)&#8221;, &#8220;Broken (Demos),&#8221; y &#8220;Escuchar (Limpie Intro)&#8221;. La lista de canciones original del \u00e1lbum multiplatino se presenta en su totalidad en un vinilo transparente de botella de Coca-Cola de 1 LP de edici\u00f3n limitada y un disco limitado de 1 imagen LP. Un conjunto 3CD Deluxe presenta el \u00e1lbum original y los lados B. El disco dos se titula &#8220;Canciones editadas de la silla grande&#8221;, mientras que el disco 3 es &#8220;Songs Remixed Songs From The Big Chair&#8221;.<\/p>\n<p><em>Canciones de la silla grande<\/em> fue el seguimiento del debut de 1983 de la banda <em>El da\u00f1o<\/em>que produjo himnos como &#8220;Mad World&#8221;, &#8220;Change&#8221; y &#8220;Pale Shelter&#8221;.<\/p>\n<p>1989 <em>Semillas de amor<\/em> fue la \u00faltima colaboraci\u00f3n entre Roland Orzabal (voz, guitarra, teclados) y Curt Smith (voz, bajo, teclados) hasta 2004&#8217;s <em>Todo el mundo ama un final feliz<\/em>. Lanzaron una colecci\u00f3n &#8220;Best of&#8221; en 2017, <em>Gobernar el mundo<\/em>y en 2022 regres\u00f3 con su primer \u00e1lbum de estudio en 17 a\u00f1os, <em>El punto de inflexi\u00f3n<\/em>. En octubre de 2024, l\u00e1grimas por miedos liberados <em>Canciones para un planeta nervioso<\/em>con dieciocho pistas en vivo grabadas en el anfiteatro Firstbank en Franklin, Tennessee, el 11 de julio de 2023, una de las fechas en su gira World World.<\/p>\n<p><b>Compre las l\u00e1grimas para los miedos <em>Canciones de la silla grande<\/em> Ediciones de aniversario en vinilo o CD ahora.<\/b><\/p>\n","protected":false},"excerpt":{"rendered":"<p>L\u00e1grimas por miedos &#8216; Canciones de la silla grande est\u00e1 celebrando su 40 aniversario. Una gama de ediciones ampliadas sobre vinilo, transmisi\u00f3n y CD llegan<\/p>\n","protected":false},"author":1,"featured_media":3814,"comment_status":"closed","ping_status":"","sticky":false,"template":"","format":"standard","meta":{"footnotes":""},"categories":[50],"tags":[115,287,714,1102,3235,3236,96,3237],"class_list":["post-3813","post","type-post","status-publish","format-standard","has-post-thumbnail","hentry","category-el-ultimo","tag-anos","tag-canciones","tag-celebran","tag-gran","tag-lagrimas","tag-miedos","tag-por","tag-silla","generate-columns","tablet-grid-50","mobile-grid-100","grid-parent","grid-50"],"yoast_head":"<!-- This site is optimized with the Yoast SEO plugin v23.3 - https:\/\/yoast.com\/wordpress\/plugins\/seo\/ -->\n<title>L\u00e1grimas por miedos celebran 40 a\u00f1os de &#039;canciones de la gran silla&#039;<\/title>\n<meta name=\"robots\" content=\"index, follow, max-snippet:-1, max-image-preview:large, max-video-preview:-1\" \/>\n<link rel=\"canonical\" href=\"https:\/\/web.consaguirre.com.ar\/noticias\/lagrimas-por-miedos-celebran-40-anos-de-canciones-de-la-gran-silla\/\" \/>\n<meta property=\"og:locale\" content=\"es_ES\" \/>\n<meta property=\"og:type\" content=\"article\" \/>\n<meta property=\"og:title\" content=\"L\u00e1grimas por miedos celebran 40 a\u00f1os de &#039;canciones de la gran silla&#039;\" \/>\n<meta property=\"og:description\" content=\"L\u00e1grimas por miedos &#8216; Canciones de la silla grande est\u00e1 celebrando su 40 aniversario. Una gama de ediciones ampliadas sobre vinilo, transmisi\u00f3n y CD llegan\" \/>\n<meta property=\"og:url\" content=\"https:\/\/web.consaguirre.com.ar\/noticias\/lagrimas-por-miedos-celebran-40-anos-de-canciones-de-la-gran-silla\/\" \/>\n<meta property=\"og:site_name\" content=\"Conservatorio de M\u00fasica Juli\u00e1n Aguirre\" \/>\n<meta property=\"article:published_time\" content=\"2025-09-23T14:43:11+00:00\" \/>\n<meta property=\"article:modified_time\" content=\"2025-09-23T14:43:14+00:00\" \/>\n<meta property=\"og:image\" content=\"https:\/\/web.consaguirre.com.ar\/noticias\/wp-content\/uploads\/2025\/09\/Lagrimas-por-miedos-celebran-40-anos-de-canciones-de-la.jpg\" \/>\n\t<meta property=\"og:image:width\" content=\"1280\" \/>\n\t<meta property=\"og:image:height\" content=\"1280\" \/>\n\t<meta property=\"og:image:type\" content=\"image\/jpeg\" \/>\n<meta name=\"author\" content=\"Javier Figueroa\" \/>\n<meta name=\"twitter:card\" content=\"summary_large_image\" \/>\n<meta name=\"twitter:label1\" content=\"Escrito por\" \/>\n\t<meta name=\"twitter:data1\" content=\"Javier Figueroa\" \/>\n\t<meta name=\"twitter:label2\" content=\"Tiempo de lectura\" \/>\n\t<meta name=\"twitter:data2\" content=\"2 minutos\" \/>\n<script type=\"application\/ld+json\" class=\"yoast-schema-graph\">{\"@context\":\"https:\/\/schema.org\",\"@graph\":[{\"@type\":\"Article\",\"@id\":\"https:\/\/web.consaguirre.com.ar\/noticias\/lagrimas-por-miedos-celebran-40-anos-de-canciones-de-la-gran-silla\/#article\",\"isPartOf\":{\"@id\":\"https:\/\/web.consaguirre.com.ar\/noticias\/lagrimas-por-miedos-celebran-40-anos-de-canciones-de-la-gran-silla\/\"},\"author\":{\"name\":\"Javier Figueroa\",\"@id\":\"https:\/\/web.consaguirre.com.ar\/noticias\/#\/schema\/person\/6558b0cfedee7ddc5425602b237d5722\"},\"headline\":\"L\u00e1grimas por miedos celebran 40 a\u00f1os de &#8216;canciones de la gran silla&#8217;\",\"datePublished\":\"2025-09-23T14:43:11+00:00\",\"dateModified\":\"2025-09-23T14:43:14+00:00\",\"mainEntityOfPage\":{\"@id\":\"https:\/\/web.consaguirre.com.ar\/noticias\/lagrimas-por-miedos-celebran-40-anos-de-canciones-de-la-gran-silla\/\"},\"wordCount\":371,\"publisher\":{\"@id\":\"https:\/\/web.consaguirre.com.ar\/noticias\/#organization\"},\"image\":{\"@id\":\"https:\/\/web.consaguirre.com.ar\/noticias\/lagrimas-por-miedos-celebran-40-anos-de-canciones-de-la-gran-silla\/#primaryimage\"},\"thumbnailUrl\":\"https:\/\/web.consaguirre.com.ar\/noticias\/wp-content\/uploads\/2025\/09\/Lagrimas-por-miedos-celebran-40-anos-de-canciones-de-la.jpg\",\"keywords\":[\"a\u00f1os\",\"canciones\",\"celebran\",\"Gran\",\"L\u00e1grimas\",\"miedos\",\"por\",\"silla\"],\"articleSection\":[\"El \u00faltimo\"],\"inLanguage\":\"es-AR\"},{\"@type\":\"WebPage\",\"@id\":\"https:\/\/web.consaguirre.com.ar\/noticias\/lagrimas-por-miedos-celebran-40-anos-de-canciones-de-la-gran-silla\/\",\"url\":\"https:\/\/web.consaguirre.com.ar\/noticias\/lagrimas-por-miedos-celebran-40-anos-de-canciones-de-la-gran-silla\/\",\"name\":\"L\u00e1grimas por miedos celebran 40 a\u00f1os de 'canciones de la gran silla'\",\"isPartOf\":{\"@id\":\"https:\/\/web.consaguirre.com.ar\/noticias\/#website\"},\"primaryImageOfPage\":{\"@id\":\"https:\/\/web.consaguirre.com.ar\/noticias\/lagrimas-por-miedos-celebran-40-anos-de-canciones-de-la-gran-silla\/#primaryimage\"},\"image\":{\"@id\":\"https:\/\/web.consaguirre.com.ar\/noticias\/lagrimas-por-miedos-celebran-40-anos-de-canciones-de-la-gran-silla\/#primaryimage\"},\"thumbnailUrl\":\"https:\/\/web.consaguirre.com.ar\/noticias\/wp-content\/uploads\/2025\/09\/Lagrimas-por-miedos-celebran-40-anos-de-canciones-de-la.jpg\",\"datePublished\":\"2025-09-23T14:43:11+00:00\",\"dateModified\":\"2025-09-23T14:43:14+00:00\",\"breadcrumb\":{\"@id\":\"https:\/\/web.consaguirre.com.ar\/noticias\/lagrimas-por-miedos-celebran-40-anos-de-canciones-de-la-gran-silla\/#breadcrumb\"},\"inLanguage\":\"es-AR\",\"potentialAction\":[{\"@type\":\"ReadAction\",\"target\":[\"https:\/\/web.consaguirre.com.ar\/noticias\/lagrimas-por-miedos-celebran-40-anos-de-canciones-de-la-gran-silla\/\"]}]},{\"@type\":\"ImageObject\",\"inLanguage\":\"es-AR\",\"@id\":\"https:\/\/web.consaguirre.com.ar\/noticias\/lagrimas-por-miedos-celebran-40-anos-de-canciones-de-la-gran-silla\/#primaryimage\",\"url\":\"https:\/\/web.consaguirre.com.ar\/noticias\/wp-content\/uploads\/2025\/09\/Lagrimas-por-miedos-celebran-40-anos-de-canciones-de-la.jpg\",\"contentUrl\":\"https:\/\/web.consaguirre.com.ar\/noticias\/wp-content\/uploads\/2025\/09\/Lagrimas-por-miedos-celebran-40-anos-de-canciones-de-la.jpg\",\"width\":1280,\"height\":1280,\"caption\":\"L\u00e1grimas por miedos celebran 40 a\u00f1os de 'canciones de la gran silla'\"},{\"@type\":\"BreadcrumbList\",\"@id\":\"https:\/\/web.consaguirre.com.ar\/noticias\/lagrimas-por-miedos-celebran-40-anos-de-canciones-de-la-gran-silla\/#breadcrumb\",\"itemListElement\":[{\"@type\":\"ListItem\",\"position\":1,\"name\":\"Inicio\",\"item\":\"https:\/\/web.consaguirre.com.ar\/noticias\/\"},{\"@type\":\"ListItem\",\"position\":2,\"name\":\"L\u00e1grimas por miedos celebran 40 a\u00f1os de &#8216;canciones de la gran silla&#8217;\"}]},{\"@type\":\"WebSite\",\"@id\":\"https:\/\/web.consaguirre.com.ar\/noticias\/#website\",\"url\":\"https:\/\/web.consaguirre.com.ar\/noticias\/\",\"name\":\"Conservatorio de M\u00fasica Juli\u00e1n Aguirre\",\"description\":\"\",\"publisher\":{\"@id\":\"https:\/\/web.consaguirre.com.ar\/noticias\/#organization\"},\"potentialAction\":[{\"@type\":\"SearchAction\",\"target\":{\"@type\":\"EntryPoint\",\"urlTemplate\":\"https:\/\/web.consaguirre.com.ar\/noticias\/?s={search_term_string}\"},\"query-input\":\"required name=search_term_string\"}],\"inLanguage\":\"es-AR\"},{\"@type\":\"Organization\",\"@id\":\"https:\/\/web.consaguirre.com.ar\/noticias\/#organization\",\"name\":\"Conservatorio de M\u00fasica Juli\u00e1n Aguirre\",\"url\":\"https:\/\/web.consaguirre.com.ar\/noticias\/\",\"logo\":{\"@type\":\"ImageObject\",\"inLanguage\":\"es-AR\",\"@id\":\"https:\/\/web.consaguirre.com.ar\/noticias\/#\/schema\/logo\/image\/\",\"url\":\"https:\/\/web.consaguirre.com.ar\/noticias\/wp-content\/uploads\/2024\/08\/Banner-Aguirre-23.jpg\",\"contentUrl\":\"https:\/\/web.consaguirre.com.ar\/noticias\/wp-content\/uploads\/2024\/08\/Banner-Aguirre-23.jpg\",\"width\":1192,\"height\":600,\"caption\":\"Conservatorio de M\u00fasica Juli\u00e1n Aguirre\"},\"image\":{\"@id\":\"https:\/\/web.consaguirre.com.ar\/noticias\/#\/schema\/logo\/image\/\"}},{\"@type\":\"Person\",\"@id\":\"https:\/\/web.consaguirre.com.ar\/noticias\/#\/schema\/person\/6558b0cfedee7ddc5425602b237d5722\",\"name\":\"Javier Figueroa\",\"image\":{\"@type\":\"ImageObject\",\"inLanguage\":\"es-AR\",\"@id\":\"https:\/\/web.consaguirre.com.ar\/noticias\/#\/schema\/person\/image\/\",\"url\":\"https:\/\/web.consaguirre.com.ar\/noticias\/wp-content\/uploads\/2024\/08\/Consaguirre-scaled.jpg\",\"contentUrl\":\"https:\/\/web.consaguirre.com.ar\/noticias\/wp-content\/uploads\/2024\/08\/Consaguirre-scaled.jpg\",\"caption\":\"Javier Figueroa\"},\"description\":\"Me llamo Javier Figueroa y soy redactor para el sitio oficial del Conservatorio de M\u00fasica Juli\u00e1n Aguirre en Buenos Aires, consaguirre.com. Apasionado por la m\u00fasica y la escritura, me esfuerzo por destacar los talentos y eventos de nuestra prestigiosa instituci\u00f3n. Mi trayectoria se nutre de una profunda admiraci\u00f3n por los artistas, haciendo de cada art\u00edculo una celebraci\u00f3n de la creatividad y la cultura musical.\",\"sameAs\":[\"https:\/\/web.consaguirre.com.ar\/noticias\"]}]}<\/script>\n<!-- \/ Yoast SEO plugin. -->","yoast_head_json":{"title":"L\u00e1grimas por miedos celebran 40 a\u00f1os de 'canciones de la gran silla'","robots":{"index":"index","follow":"follow","max-snippet":"max-snippet:-1","max-image-preview":"max-image-preview:large","max-video-preview":"max-video-preview:-1"},"canonical":"https:\/\/web.consaguirre.com.ar\/noticias\/lagrimas-por-miedos-celebran-40-anos-de-canciones-de-la-gran-silla\/","og_locale":"es_ES","og_type":"article","og_title":"L\u00e1grimas por miedos celebran 40 a\u00f1os de 'canciones de la gran silla'","og_description":"L\u00e1grimas por miedos &#8216; Canciones de la silla grande est\u00e1 celebrando su 40 aniversario. Una gama de ediciones ampliadas sobre vinilo, transmisi\u00f3n y CD llegan","og_url":"https:\/\/web.consaguirre.com.ar\/noticias\/lagrimas-por-miedos-celebran-40-anos-de-canciones-de-la-gran-silla\/","og_site_name":"Conservatorio de M\u00fasica Juli\u00e1n Aguirre","article_published_time":"2025-09-23T14:43:11+00:00","article_modified_time":"2025-09-23T14:43:14+00:00","og_image":[{"width":1280,"height":1280,"url":"https:\/\/web.consaguirre.com.ar\/noticias\/wp-content\/uploads\/2025\/09\/Lagrimas-por-miedos-celebran-40-anos-de-canciones-de-la.jpg","type":"image\/jpeg"}],"author":"Javier Figueroa","twitter_card":"summary_large_image","twitter_misc":{"Escrito por":"Javier Figueroa","Tiempo de lectura":"2 minutos"},"schema":{"@context":"https:\/\/schema.org","@graph":[{"@type":"Article","@id":"https:\/\/web.consaguirre.com.ar\/noticias\/lagrimas-por-miedos-celebran-40-anos-de-canciones-de-la-gran-silla\/#article","isPartOf":{"@id":"https:\/\/web.consaguirre.com.ar\/noticias\/lagrimas-por-miedos-celebran-40-anos-de-canciones-de-la-gran-silla\/"},"author":{"name":"Javier Figueroa","@id":"https:\/\/web.consaguirre.com.ar\/noticias\/#\/schema\/person\/6558b0cfedee7ddc5425602b237d5722"},"headline":"L\u00e1grimas por miedos celebran 40 a\u00f1os de &#8216;canciones de la gran silla&#8217;","datePublished":"2025-09-23T14:43:11+00:00","dateModified":"2025-09-23T14:43:14+00:00","mainEntityOfPage":{"@id":"https:\/\/web.consaguirre.com.ar\/noticias\/lagrimas-por-miedos-celebran-40-anos-de-canciones-de-la-gran-silla\/"},"wordCount":371,"publisher":{"@id":"https:\/\/web.consaguirre.com.ar\/noticias\/#organization"},"image":{"@id":"https:\/\/web.consaguirre.com.ar\/noticias\/lagrimas-por-miedos-celebran-40-anos-de-canciones-de-la-gran-silla\/#primaryimage"},"thumbnailUrl":"https:\/\/web.consaguirre.com.ar\/noticias\/wp-content\/uploads\/2025\/09\/Lagrimas-por-miedos-celebran-40-anos-de-canciones-de-la.jpg","keywords":["a\u00f1os","canciones","celebran","Gran","L\u00e1grimas","miedos","por","silla"],"articleSection":["El \u00faltimo"],"inLanguage":"es-AR"},{"@type":"WebPage","@id":"https:\/\/web.consaguirre.com.ar\/noticias\/lagrimas-por-miedos-celebran-40-anos-de-canciones-de-la-gran-silla\/","url":"https:\/\/web.consaguirre.com.ar\/noticias\/lagrimas-por-miedos-celebran-40-anos-de-canciones-de-la-gran-silla\/","name":"L\u00e1grimas por miedos celebran 40 a\u00f1os de 'canciones de la gran silla'","isPartOf":{"@id":"https:\/\/web.consaguirre.com.ar\/noticias\/#website"},"primaryImageOfPage":{"@id":"https:\/\/web.consaguirre.com.ar\/noticias\/lagrimas-por-miedos-celebran-40-anos-de-canciones-de-la-gran-silla\/#primaryimage"},"image":{"@id":"https:\/\/web.consaguirre.com.ar\/noticias\/lagrimas-por-miedos-celebran-40-anos-de-canciones-de-la-gran-silla\/#primaryimage"},"thumbnailUrl":"https:\/\/web.consaguirre.com.ar\/noticias\/wp-content\/uploads\/2025\/09\/Lagrimas-por-miedos-celebran-40-anos-de-canciones-de-la.jpg","datePublished":"2025-09-23T14:43:11+00:00","dateModified":"2025-09-23T14:43:14+00:00","breadcrumb":{"@id":"https:\/\/web.consaguirre.com.ar\/noticias\/lagrimas-por-miedos-celebran-40-anos-de-canciones-de-la-gran-silla\/#breadcrumb"},"inLanguage":"es-AR","potentialAction":[{"@type":"ReadAction","target":["https:\/\/web.consaguirre.com.ar\/noticias\/lagrimas-por-miedos-celebran-40-anos-de-canciones-de-la-gran-silla\/"]}]},{"@type":"ImageObject","inLanguage":"es-AR","@id":"https:\/\/web.consaguirre.com.ar\/noticias\/lagrimas-por-miedos-celebran-40-anos-de-canciones-de-la-gran-silla\/#primaryimage","url":"https:\/\/web.consaguirre.com.ar\/noticias\/wp-content\/uploads\/2025\/09\/Lagrimas-por-miedos-celebran-40-anos-de-canciones-de-la.jpg","contentUrl":"https:\/\/web.consaguirre.com.ar\/noticias\/wp-content\/uploads\/2025\/09\/Lagrimas-por-miedos-celebran-40-anos-de-canciones-de-la.jpg","width":1280,"height":1280,"caption":"L\u00e1grimas por miedos celebran 40 a\u00f1os de 'canciones de la gran silla'"},{"@type":"BreadcrumbList","@id":"https:\/\/web.consaguirre.com.ar\/noticias\/lagrimas-por-miedos-celebran-40-anos-de-canciones-de-la-gran-silla\/#breadcrumb","itemListElement":[{"@type":"ListItem","position":1,"name":"Inicio","item":"https:\/\/web.consaguirre.com.ar\/noticias\/"},{"@type":"ListItem","position":2,"name":"L\u00e1grimas por miedos celebran 40 a\u00f1os de &#8216;canciones de la gran silla&#8217;"}]},{"@type":"WebSite","@id":"https:\/\/web.consaguirre.com.ar\/noticias\/#website","url":"https:\/\/web.consaguirre.com.ar\/noticias\/","name":"Conservatorio de M\u00fasica Juli\u00e1n Aguirre","description":"","publisher":{"@id":"https:\/\/web.consaguirre.com.ar\/noticias\/#organization"},"potentialAction":[{"@type":"SearchAction","target":{"@type":"EntryPoint","urlTemplate":"https:\/\/web.consaguirre.com.ar\/noticias\/?s={search_term_string}"},"query-input":"required name=search_term_string"}],"inLanguage":"es-AR"},{"@type":"Organization","@id":"https:\/\/web.consaguirre.com.ar\/noticias\/#organization","name":"Conservatorio de M\u00fasica Juli\u00e1n Aguirre","url":"https:\/\/web.consaguirre.com.ar\/noticias\/","logo":{"@type":"ImageObject","inLanguage":"es-AR","@id":"https:\/\/web.consaguirre.com.ar\/noticias\/#\/schema\/logo\/image\/","url":"https:\/\/web.consaguirre.com.ar\/noticias\/wp-content\/uploads\/2024\/08\/Banner-Aguirre-23.jpg","contentUrl":"https:\/\/web.consaguirre.com.ar\/noticias\/wp-content\/uploads\/2024\/08\/Banner-Aguirre-23.jpg","width":1192,"height":600,"caption":"Conservatorio de M\u00fasica Juli\u00e1n Aguirre"},"image":{"@id":"https:\/\/web.consaguirre.com.ar\/noticias\/#\/schema\/logo\/image\/"}},{"@type":"Person","@id":"https:\/\/web.consaguirre.com.ar\/noticias\/#\/schema\/person\/6558b0cfedee7ddc5425602b237d5722","name":"Javier Figueroa","image":{"@type":"ImageObject","inLanguage":"es-AR","@id":"https:\/\/web.consaguirre.com.ar\/noticias\/#\/schema\/person\/image\/","url":"https:\/\/web.consaguirre.com.ar\/noticias\/wp-content\/uploads\/2024\/08\/Consaguirre-scaled.jpg","contentUrl":"https:\/\/web.consaguirre.com.ar\/noticias\/wp-content\/uploads\/2024\/08\/Consaguirre-scaled.jpg","caption":"Javier Figueroa"},"description":"Me llamo Javier Figueroa y soy redactor para el sitio oficial del Conservatorio de M\u00fasica Juli\u00e1n Aguirre en Buenos Aires, consaguirre.com. Apasionado por la m\u00fasica y la escritura, me esfuerzo por destacar los talentos y eventos de nuestra prestigiosa instituci\u00f3n. Mi trayectoria se nutre de una profunda admiraci\u00f3n por los artistas, haciendo de cada art\u00edculo una celebraci\u00f3n de la creatividad y la cultura musical.","sameAs":["https:\/\/web.consaguirre.com.ar\/noticias"]}]}},"_links":{"self":[{"href":"https:\/\/web.consaguirre.com.ar\/noticias\/wp-json\/wp\/v2\/posts\/3813"}],"collection":[{"href":"https:\/\/web.consaguirre.com.ar\/noticias\/wp-json\/wp\/v2\/posts"}],"about":[{"href":"https:\/\/web.consaguirre.com.ar\/noticias\/wp-json\/wp\/v2\/types\/post"}],"author":[{"embeddable":true,"href":"https:\/\/web.consaguirre.com.ar\/noticias\/wp-json\/wp\/v2\/users\/1"}],"replies":[{"embeddable":true,"href":"https:\/\/web.consaguirre.com.ar\/noticias\/wp-json\/wp\/v2\/comments?post=3813"}],"version-history":[{"count":1,"href":"https:\/\/web.consaguirre.com.ar\/noticias\/wp-json\/wp\/v2\/posts\/3813\/revisions"}],"predecessor-version":[{"id":3815,"href":"https:\/\/web.consaguirre.com.ar\/noticias\/wp-json\/wp\/v2\/posts\/3813\/revisions\/3815"}],"wp:featuredmedia":[{"embeddable":true,"href":"https:\/\/web.consaguirre.com.ar\/noticias\/wp-json\/wp\/v2\/media\/3814"}],"wp:attachment":[{"href":"https:\/\/web.consaguirre.com.ar\/noticias\/wp-json\/wp\/v2\/media?parent=3813"}],"wp:term":[{"taxonomy":"category","embeddable":true,"href":"https:\/\/web.consaguirre.com.ar\/noticias\/wp-json\/wp\/v2\/categories?post=3813"},{"taxonomy":"post_tag","embeddable":true,"href":"https:\/\/web.consaguirre.com.ar\/noticias\/wp-json\/wp\/v2\/tags?post=3813"}],"curies":[{"name":"wp","href":"https:\/\/api.w.org\/{rel}","templated":true}]}}