{"id":3810,"date":"2025-09-23T10:47:15","date_gmt":"2025-09-23T13:47:15","guid":{"rendered":"https:\/\/web.consaguirre.com.ar\/noticias\/revision-del-cd-franz-von-chossy-mirror-9\/"},"modified":"2025-09-23T10:47:15","modified_gmt":"2025-09-23T13:47:15","slug":"revision-del-cd-franz-von-chossy-mirror-9","status":"publish","type":"post","link":"https:\/\/web.consaguirre.com.ar\/noticias\/revision-del-cd-franz-von-chossy-mirror-9\/","title":{"rendered":"Revisi\u00f3n del CD: Franz von Chossy, Mirror 9"},"content":{"rendered":"<div class=\"entry\" itemprop=\"text\">\n<p><em><strong>El \u00faltimo lanzamiento de Franz von Chossy, Mirror 9, para su lanzamiento el pr\u00f3ximo viernes ofrece una suite ambiciosa y reflexiva de nueve partes, ofreciendo al oyente una reflexi\u00f3n musical de varias capas sobre la diversidad de la personalidad humana. <\/strong><\/em><\/p>\n<p>El \u00e1lbum, inspirado en los nueve arquetipos del Eneagrama, las composiciones de Von Chossy tienen como objetivo capturar los contornos emocionales y psicol\u00f3gicos de cada tipo, tejiendo su crecimiento, luchas y anhelos en un viaje musical continuo que es profundamente intelectual y emocionalmente resonante.<\/p>\n<p>La calidad sonora del \u00e1lbum es inmediatamente convincente, distinguida por la claridad de sus texturas y un equilibrio notable dentro del conjunto. Una de las caracter\u00edsticas m\u00e1s llamativas es la forma en que la alineaci\u00f3n (piano, saxof\u00f3n, viol\u00edn, guitarra, violonchelo, bajo y bater\u00eda) se funciona completamente integrada, nunca forzada o ornamental. Los jugadores de cuerdas George Dumitriu (viol\u00edn\/guitarra) y Saartje Van Camp (violonchelo) no simplemente decoran los arreglos; En cambio, las cuerdas adquieren responsabilidades r\u00edtmicas, arm\u00f3nicas y mel\u00f3dicas que son esenciales para el sonido del grupo. Particularmente notable es la exploraci\u00f3n del violonchelo y la potencia r\u00edtmica del viol\u00edn, elevando la interacci\u00f3n del conjunto y apoyando el flujo narrativo de la suite.<\/p>\n<p>A lo largo de *Mirror 9 *, Von Chossy demuestra un enfoque sofisticado para la organizaci\u00f3n que mantiene al oyente comprometido con voces inventivas y, a veces, opciones sorprendentes en color instrumental. La escritura es consistentemente interesante: designada con detalles, contraste y momentos de verdadero lirismo. El baterista Jamie Peet y el bajista Tijs Klaassen proporcionan una base flexible y reactiva que nunca abruma pero permite cambios din\u00e1micos tanto dentro de los movimientos individuales como en toda la suite. Mientras tanto, la interacci\u00f3n entre el saxofonista Jos\u00e9 Soares y la secci\u00f3n de cuerdas producen combinaciones t\u00edmbricas que rara vez se escuchan en conjuntos de jazz, movi\u00e9ndose fluidamente entre los roles del conjunto y las declaraciones individuales.<\/p>\n<div class=\"Elite_video_player\" id=\"453\">\n<div id=\"elite_options\" style=\"display:none;\">{&#8220;id&#8221;: 453, &#8220;InstanceName&#8221;: &#8220;Franz von Chossy&#8221;, &#8220;Videos&#8221;: ({&#8220;Videotype&#8221;: &#8220;YouTube&#8221;, &#8220;T\u00edtulo&#8221;: &#8220;Franz von Chossy Group &#8211; Mirror 9&#8221;, &#8220;Descripci\u00f3n&#8221;: &#8220;Mirror 9 &#8211; Trailer de \u00e1lbum&#8221;, &#8220;Informaci\u00f3n&#8221;: &#8220;Mirror 9 &#8211; Album 9 &#8211; Album Trailer &#8220;,&#8221; Thumbimg &#8220;:&#8221; https: \/\/jazzineurope.mfmmedia.nl \/wp-content \/uploads \/2018 \/10 \/jie-magazine-winter-2018-t N-150&#215;150.jpg &#8220;,&#8221; YouTubeId &#8220;:&#8221; djuicd_zs-0 &#8220;,&#8221; prerollad &#8220;:&#8221; no &#8220;,&#8221; prerollgotolink &#8220;:&#8221; http: \/\/bit.ly \/2svu1ba &#8220;,&#8221; preroll_mp &#8221; 4 &#8220;:&#8221; https: \/\/jazzineurope.mfmmedia.nl \/wp-content \/uploads \/2018 \/10  \/Jazz-in-europe-magazine-winter-2018-promo.m P4 &#8220;,&#8221; Prerollskiptimer &#8220;:&#8221; 10 &#8220;,&#8221; Midrollad &#8220;:&#8221; No &#8220;,&#8221; Midrollad_displayTime &#8220;:&#8221; Midrollad_displaytime &#8220;,&#8221; MidrollGotolink &#8220;:&#8221; Mi DrollGotolink &#8220;,&#8221; MidRoll_mp4 &#8220;:&#8221; MidRoll_mp4 &#8220;,&#8221; MidRollSkipTimer &#8220;:&#8221; MidrollSkipTimer &#8220;,&#8221; Postrollad &#8220;:&#8221; No &#8220;,&#8221; Postrollgotoli nk &#8220;:&#8221; postrollgotolink &#8220;,&#8221; postroll_mp4 &#8220;:&#8221; postroll_mp4 &#8220;,&#8221; postrollskiptimer &#8220;:&#8221; postrollskiptimer &#8220;,&#8221; popupadshow &#8220;:&#8221; no &#8220;,&#8221; p opupimg &#8220;:&#8221; https: \/\/jazzineurope.mfmmedia.nl \/wp-content \/uploads \/2013 \/01  \/Jazz-Republic-Radio-Leaderboard.jpg &#8220;, &#8220;PopUpadStarttime&#8221;: &#8220;12&#8221;, &#8220;Popupadendtime&#8221;: &#8220;20&#8221;, &#8220;PopUpadGotolink&#8221;: &#8220;https: \/\/twitter.com \/jazzineu&#8221;}), &#8220;Enviar&#8221;: &#8220;Guardar Cambios &#8220;,&#8221; Instancetheme &#8220;:&#8221; Light &#8220;,&#8221; PlayerLayout &#8220;:&#8221; FitTocontainer &#8220;,&#8221; VideOplayerWidth &#8220;: 1006,&#8221; VideOplayerHeight &#8220;: 420,&#8221; VideoRatio &#8220;: 1.777777777777778,&#8221; VideAtiostretch &#8220;: False,&#8221; VideOplayersHadow &#8220;:&#8221; Effect3 &#8220;,&#8221; ColorAccent &#8220;:&#8221;#FF9100 &#8220;,&#8221; Posterimg &#8220;:&#8221; &#8220;,&#8221; PosterimgonvideOfinish &#8220;:&#8221; &#8220;,&#8221; Logoshow &#8220;:&#8221; S\u00ed &#8220;,&#8221; Logopath &#8220;:&#8221; Https: \/\/jazzineurope.mfm Media.nl \/wp-Content \/uploads \/2018 \/08  \/jie-logo-new-white-fininal-video-player.png &#8220;,&#8221; logoPosition &#8220;:&#8221; inferior-izquierda &#8220;,&#8221; logoclickable &#8220;:&#8221; s\u00ed &#8220;,&#8221; logogotolink &#8220;:&#8221; https: \/  \/Jazzineurope.mfmmedia.nl\/2018\/07\/bill-evans-an-insight-into-a-genius\/&#8221;oLowskipad&#8221;:True,&#8221;Advertisementtitle&#8221;:&#8221;Advertisement \u00ed anuncio &#8220;,&#8221; SkipAdText &#8220;:&#8221; Puedes omitir este anuncio en &#8220;,&#8221; playbtntooltiptxt &#8220;:&#8221; play &#8220;,&#8221; pauseBtTtooltiptxt &#8220;:&#8221; pausa &#8220;,&#8221; rewindBtTtoolTiptxt &#8220;:&#8221; Rewind &#8220;,&#8221; DownloadVideObtToolTiptxt &#8220;:&#8221; Descargar video &#8220;,&#8221; QualityBtNoPedToolTiptxt &#8220;:&#8221; Close Configuraci\u00f3n &#8220;,&#8221; QualityBtnClosedToolTiptxt &#8220;:&#8221; Configuraci\u00f3n &#8220;,&#8221; MuteBtnTtoolTiptxt &#8220;:&#8221; Mute &#8220;,&#8221; UnMuteBtnToolTiptxt &#8220;:&#8221; Unmute &#8220;,&#8221; FullScreenBtnToolTiptxt &#8220;:&#8221; FullScreen &#8220;,&#8221; ExitfullScreenBtnToLTipTxt &#8220;:&#8221; EXIT info &#8220;,&#8221; incredBtTtoolTiptxt &#8220;:&#8221; InSching &#8220;,&#8221; ShareBtTtoolTiptxt &#8220;:&#8221; Share &#8220;,&#8221; VolumetoolTiptxt &#8220;:&#8221; Volume, &#8220;PlayBtnCledTtoolTiptxt&#8221;: &#8220;Mostrar lista de reproducci\u00f3n&#8221;, &#8220;PlayListBtNoPenedToolTiptxt&#8221;: &#8220;Ocultar ListList&#8221;, &#8220;FacebookBtnTxtxt&#8221;: &#8220;Compartir&#8221; Compartir compartir &#8220;Compartir compartir&#8221; Facebook &#8220;,&#8221; TwitterBtnToolTiptxt &#8220;:&#8221; Compartir en Twitter &#8220;,&#8221; GooglePlusBtnToolTiptxt &#8220;:&#8221; Compartir en Google+&#8221;,&#8221; LastBtnToolTiptxt &#8220;:&#8221; Vaya al \u00faltimo video &#8220;,&#8221; FirstBtTtoolTiptxt &#8220;:&#8221; Vaya a First Video &#8220;,&#8221; NextBtnToolTiptxt &#8220;:&#8221; Play Next Video &#8220;,&#8221; Anteriorbtntooltiptxt: &#8220;Play Arior Video &#8220;,&#8221; ShuffleBtnonToolTiptxt &#8220;:&#8221; Shuffle on &#8220;,&#8221; ShuffleBtnofftooltiptxt &#8220;:&#8221; Shuffle Off &#8220;,&#8221; NowPlayingTooltiptxt &#8220;:&#8221; Now Playing &#8220;,&#8221; InScedWindowTitle1 &#8220;:&#8221; Compartir este reproductor: &#8220;,&#8221; InScuDwindowTitle2 &#8220;:&#8221; Embedido en su video en su sitio: &#8220;,&#8221; EmbedWindowtitle3: Player: &#8220;,&#8221; LightBox &#8220;: False,&#8221; LightBoxAutoPlay &#8220;: False,&#8221; LightBoxThumbnail &#8220;:&#8221; &#8220;,&#8221; LightBoxThumbnailWidth &#8220;: 400,&#8221; LightBoxThumbnailHeight &#8220;: 220,&#8221; LightboxClOSeOutsideclick &#8220;: True,&#8221; Onfinish: &#8220;Play Next Video &#8220;,&#8221; Autoplay &#8220;: False,&#8221; LoadRandomVideoonStart &#8220;:&#8221; No &#8220;,&#8221; Shuffle &#8220;:&#8221; No &#8220;,&#8221; Lista de reproducci\u00f3n &#8220;:&#8221; Off &#8220;,&#8221; PlayBehaviouronpageload &#8220;:&#8221; Se abri\u00f3 (predeterminado) &#8220;,&#8221; PlaylistScrollType &#8220;:&#8221; Light &#8220;,&#8221; PReloadSelfHosted &#8220;:&#8221; Ninguno &#8220;,&#8221; HidEvideOsource &#8220;: True,&#8221; ShowallControls &#8220;: True,&#8221; RightClickMenu &#8220;: True,&#8221; Autohidecontrols &#8220;: 2,&#8221; Hideco ntrolsonmouseout &#8220;:&#8221; no &#8220;,&#8221; NowplayingText &#8220;:&#8221; s\u00ed &#8220;,&#8221; infoShow &#8220;:&#8221; s\u00ed &#8220;,&#8221; shareshow &#8220;:&#8221; no &#8220;,&#8221; Facebookshow &#8220;:&#8221; s\u00ed &#8220;,&#8221; twittershow &#8220;:&#8221; s\u00ed &#8220;,&#8221; mailshow &#8220;:&#8221; s\u00ed &#8220;,&#8221; FacebookSharename &#8220;:&#8221; Bill &#8220;Bill&#8221; Evans: una visi\u00f3n de un genio &#8220;,&#8221; FacebookSharelink &#8220;:&#8221; https: \/\/jazzineurope.mfmmedia.nl \/2018 \/07 \/bill-evans-an-insight-en-a-Genius \/&#8221;,&#8221; FacebookSharedescription &#8220;:&#8221; Copenhagen Rehearsal Video 1966. &#8220;&#8221; &#8220;FacebookSharepicture&#8221;: &#8220;https: \/\/jazzineurope.mfmmedia.nl \/wp-content \/uploads \/2018 \/07  \/bill_evans_featured-new.jpg&#8221;, &#8220;TwitterText&#8221;: &#8220;Bill evans-una visi\u00f3n de A Genio. &#8220;,&#8221; TwitterLink &#8220;:&#8221; https: \/\/jazzineurope.mfmmedia.nl \/2018 \/07 \/bill-evans-an-insight-en-a-Genius \/&#8221;,&#8221; Twitterhashtags &#8220;:&#8221;#billevans #Jazzineurope &#8220;,&#8221; Twittervia &#8220;:&#8221; Jazzineu &#8220;,&#8221; GooglePlus &#8220;:&#8221; Https: \/\/jazzineurope.mfmmedia.nl \/2018 \/07 \/bill-evans-an-insight-into-a-Genius \/&#8221;,&#8221; InSciitado Show &#8220;:&#8221; No &#8220;,&#8221; InScEDCodesrc &#8220;:&#8221; &#8220;,&#8221; InScEDCodew &#8220;: 746,&#8221; IncodeCodeh &#8220;: 420,&#8221; InScuSharElink &#8220;:&#8221; Https: \/\/jazzineurope.mfmmedia.nl \/&#8221;,&#8221; YouTubecontrols &#8220;:&#8221; Custom Custom controls&#8221;,&#8221;youtubeSkin&#8221;:&#8221;light&#8221;,&#8221;youtubeColor&#8221;:&#8221;red&#8221;,&#8221;youtubeQuality&#8221;:&#8221;default&#8221;,&#8221;youtubeShowRelatedVideos&#8221;:&#8221;No&#8221;,&#8221;vimeoColor&#8221;:&#8221;00adef&#8221;,&#8221;showGlobalPrerollAds&#8221;:false,&#8221;globalPrerollAds&#8221;:&#8221;url1;url2;url3;url4;u RL5 &#8220;,&#8221; GlobalPrerolladsSkipTimer &#8220;: 5,&#8221; GlobalPreolladsGotolink &#8220;:&#8221; http: \/\/codeCanyon.net \/&#8221;,&#8221; videotipo &#8220;: &#8220;YouTube&#8221;, &#8220;RootFolder&#8221;: &#8220;https: \/\/jazzineurope.mfmmedia.nl \/wp-content \/plugins \/elite-video-player \/&#8221;}<\/div>\n<\/div>\n<p>El conjunto, que representa a cinco nacionalidades europeas y arraigada en la escena de jazz de Amsterdam, aporta la musicalidad de mente abierta al proyecto, acerc\u00e1ndose a la suite de Von Chossy con sensibilidad que desaf\u00eda el g\u00e9nero y una gran sensibilidad. El resultado es la m\u00fasica que invita a autodescubrimiento: los listones tienen el desaf\u00edo de reconocer no solo las personalidades reflejadas en cada movimiento sino tambi\u00e9n la humanidad y la empat\u00eda compartidas en el n\u00facleo conceptual del \u00e1lbum.<\/p>\n<p>* Mirror 9* es ese \u00e1lbum raro que tiene \u00e9xito tanto en el concepto como en la ejecuci\u00f3n. Los arreglos nunca caen en la rutina, el juego del conjunto es matizado y expresivo, y la visi\u00f3n art\u00edstica de Von Chossy resuena en cada detalle. Muy recomendable para aquellos que aprecian la escritura en capas, la excelente calidad sonora y la complejidad gratificante de un grupo que realmente trabajan como uno.<\/p>\n<p><strong>P\u00f3ngase en fila:<\/strong><\/p>\n<p>Franz von Chossy, piano | Jos\u00e9 Soares. Saxof\u00f3n | George Dumitriu, viol\u00edn, guitarra | Saartje Van Camp, violonchelo | Tijs Klaassen, bajo | Jamie Peet, bater\u00eda<\/p>\n<p><strong>Listado de pistas:<\/strong><\/p>\n<p>1. Pr\u00f3logo | 2. El individualista | 3. El triunfador | 4. El observador | 5. El leal | 6. El donante | 7. El jefe | 8. El idealista | 9. El optimista | 10. El pacificador | 11. Ep\u00edlogo<\/p>\n<p>Fecha de lanzamiento: 26 de septiembre de 2025<br \/>\nFormato: CD | Transmisi\u00f3n<br \/>\nEtiqueta: Zennez Records<\/p>\n<p><img loading=\"lazy\" decoding=\"async\" class=\"aligncenter size-full wp-image-36519\" src=\"https:\/\/web.consaguirre.com.ar\/noticias\/wp-content\/uploads\/2024\/08\/Resena-de-CD-Stephen-Henderson-Tales-of-the-Skald.png\" alt=\"\" width=\"527\" height=\"77\"  ><\/p>\n<p><img loading=\"lazy\" decoding=\"async\" class=\"aligncenter wp-image-62547 size-large\" src=\"https:\/\/web.consaguirre.com.ar\/noticias\/wp-content\/uploads\/2025\/09\/Revision-de-CD-Ineza-Ibuka.png\" rel=\"prettyPhoto\" alt=\"\" width=\"1024\" height=\"379\"  ><\/p>\n<div class=\"post-pagination\"><\/div>\n<div class=\"clearfix\"><\/div>\n<\/p><\/div>\n<p><script async src=\"https:\/\/platform.twitter.com\/widgets.js\" charset=\"utf-8\"><\/script><\/p>\n","protected":false},"excerpt":{"rendered":"<p>El \u00faltimo lanzamiento de Franz von Chossy, Mirror 9, para su lanzamiento el pr\u00f3ximo viernes ofrece una suite ambiciosa y reflexiva de nueve partes, ofreciendo<\/p>\n","protected":false},"author":1,"featured_media":3811,"comment_status":"closed","ping_status":"","sticky":false,"template":"","format":"standard","meta":{"footnotes":""},"categories":[4],"tags":[3233,10,3232,3234,3150,2914],"class_list":["post-3810","post","type-post","status-publish","format-standard","has-post-thumbnail","hentry","category-critica","tag-chossy","tag-del","tag-franz","tag-mirror","tag-revision","tag-von","generate-columns","tablet-grid-50","mobile-grid-100","grid-parent","grid-50"],"yoast_head":"<!-- This site is optimized with the Yoast SEO plugin v23.3 - https:\/\/yoast.com\/wordpress\/plugins\/seo\/ -->\n<title>Revisi\u00f3n del CD: Franz von Chossy, Mirror 9<\/title>\n<meta name=\"robots\" content=\"index, follow, max-snippet:-1, max-image-preview:large, max-video-preview:-1\" \/>\n<link rel=\"canonical\" href=\"https:\/\/web.consaguirre.com.ar\/noticias\/revision-del-cd-franz-von-chossy-mirror-9\/\" \/>\n<meta property=\"og:locale\" content=\"es_ES\" \/>\n<meta property=\"og:type\" content=\"article\" \/>\n<meta property=\"og:title\" content=\"Revisi\u00f3n del CD: Franz von Chossy, Mirror 9\" \/>\n<meta property=\"og:description\" content=\"El \u00faltimo lanzamiento de Franz von Chossy, Mirror 9, para su lanzamiento el pr\u00f3ximo viernes ofrece una suite ambiciosa y reflexiva de nueve partes, ofreciendo\" \/>\n<meta property=\"og:url\" content=\"https:\/\/web.consaguirre.com.ar\/noticias\/revision-del-cd-franz-von-chossy-mirror-9\/\" \/>\n<meta property=\"og:site_name\" content=\"Conservatorio de M\u00fasica Juli\u00e1n Aguirre\" \/>\n<meta property=\"article:published_time\" content=\"2025-09-23T13:47:15+00:00\" \/>\n<meta property=\"og:image\" content=\"https:\/\/web.consaguirre.com.ar\/noticias\/wp-content\/uploads\/2025\/09\/Revision-del-CD-Franz-von-Chossy-Mirror-9.jpg\" \/>\n\t<meta property=\"og:image:width\" content=\"300\" \/>\n\t<meta property=\"og:image:height\" content=\"300\" \/>\n\t<meta property=\"og:image:type\" content=\"image\/jpeg\" \/>\n<meta name=\"author\" content=\"Javier Figueroa\" \/>\n<meta name=\"twitter:card\" content=\"summary_large_image\" \/>\n<meta name=\"twitter:label1\" content=\"Escrito por\" \/>\n\t<meta name=\"twitter:data1\" content=\"Javier Figueroa\" \/>\n\t<meta name=\"twitter:label2\" content=\"Tiempo de lectura\" \/>\n\t<meta name=\"twitter:data2\" content=\"5 minutos\" \/>\n<script type=\"application\/ld+json\" class=\"yoast-schema-graph\">{\"@context\":\"https:\/\/schema.org\",\"@graph\":[{\"@type\":\"Article\",\"@id\":\"https:\/\/web.consaguirre.com.ar\/noticias\/revision-del-cd-franz-von-chossy-mirror-9\/#article\",\"isPartOf\":{\"@id\":\"https:\/\/web.consaguirre.com.ar\/noticias\/revision-del-cd-franz-von-chossy-mirror-9\/\"},\"author\":{\"name\":\"Javier Figueroa\",\"@id\":\"https:\/\/web.consaguirre.com.ar\/noticias\/#\/schema\/person\/6558b0cfedee7ddc5425602b237d5722\"},\"headline\":\"Revisi\u00f3n del CD: Franz von Chossy, Mirror 9\",\"datePublished\":\"2025-09-23T13:47:15+00:00\",\"dateModified\":\"2025-09-23T13:47:15+00:00\",\"mainEntityOfPage\":{\"@id\":\"https:\/\/web.consaguirre.com.ar\/noticias\/revision-del-cd-franz-von-chossy-mirror-9\/\"},\"wordCount\":984,\"publisher\":{\"@id\":\"https:\/\/web.consaguirre.com.ar\/noticias\/#organization\"},\"image\":{\"@id\":\"https:\/\/web.consaguirre.com.ar\/noticias\/revision-del-cd-franz-von-chossy-mirror-9\/#primaryimage\"},\"thumbnailUrl\":\"https:\/\/web.consaguirre.com.ar\/noticias\/wp-content\/uploads\/2025\/09\/Revision-del-CD-Franz-von-Chossy-Mirror-9.jpg\",\"keywords\":[\"Chossy\",\"del\",\"Franz\",\"Mirror\",\"Revisi\u00f3n\",\"von\"],\"articleSection\":[\"Cr\u00edtica\"],\"inLanguage\":\"es-AR\"},{\"@type\":\"WebPage\",\"@id\":\"https:\/\/web.consaguirre.com.ar\/noticias\/revision-del-cd-franz-von-chossy-mirror-9\/\",\"url\":\"https:\/\/web.consaguirre.com.ar\/noticias\/revision-del-cd-franz-von-chossy-mirror-9\/\",\"name\":\"Revisi\u00f3n del CD: Franz von Chossy, Mirror 9\",\"isPartOf\":{\"@id\":\"https:\/\/web.consaguirre.com.ar\/noticias\/#website\"},\"primaryImageOfPage\":{\"@id\":\"https:\/\/web.consaguirre.com.ar\/noticias\/revision-del-cd-franz-von-chossy-mirror-9\/#primaryimage\"},\"image\":{\"@id\":\"https:\/\/web.consaguirre.com.ar\/noticias\/revision-del-cd-franz-von-chossy-mirror-9\/#primaryimage\"},\"thumbnailUrl\":\"https:\/\/web.consaguirre.com.ar\/noticias\/wp-content\/uploads\/2025\/09\/Revision-del-CD-Franz-von-Chossy-Mirror-9.jpg\",\"datePublished\":\"2025-09-23T13:47:15+00:00\",\"dateModified\":\"2025-09-23T13:47:15+00:00\",\"breadcrumb\":{\"@id\":\"https:\/\/web.consaguirre.com.ar\/noticias\/revision-del-cd-franz-von-chossy-mirror-9\/#breadcrumb\"},\"inLanguage\":\"es-AR\",\"potentialAction\":[{\"@type\":\"ReadAction\",\"target\":[\"https:\/\/web.consaguirre.com.ar\/noticias\/revision-del-cd-franz-von-chossy-mirror-9\/\"]}]},{\"@type\":\"ImageObject\",\"inLanguage\":\"es-AR\",\"@id\":\"https:\/\/web.consaguirre.com.ar\/noticias\/revision-del-cd-franz-von-chossy-mirror-9\/#primaryimage\",\"url\":\"https:\/\/web.consaguirre.com.ar\/noticias\/wp-content\/uploads\/2025\/09\/Revision-del-CD-Franz-von-Chossy-Mirror-9.jpg\",\"contentUrl\":\"https:\/\/web.consaguirre.com.ar\/noticias\/wp-content\/uploads\/2025\/09\/Revision-del-CD-Franz-von-Chossy-Mirror-9.jpg\",\"width\":300,\"height\":300,\"caption\":\"Revisi\u00f3n del CD: Franz von Chossy, Mirror 9\"},{\"@type\":\"BreadcrumbList\",\"@id\":\"https:\/\/web.consaguirre.com.ar\/noticias\/revision-del-cd-franz-von-chossy-mirror-9\/#breadcrumb\",\"itemListElement\":[{\"@type\":\"ListItem\",\"position\":1,\"name\":\"Inicio\",\"item\":\"https:\/\/web.consaguirre.com.ar\/noticias\/\"},{\"@type\":\"ListItem\",\"position\":2,\"name\":\"Revisi\u00f3n del CD: Franz von Chossy, Mirror 9\"}]},{\"@type\":\"WebSite\",\"@id\":\"https:\/\/web.consaguirre.com.ar\/noticias\/#website\",\"url\":\"https:\/\/web.consaguirre.com.ar\/noticias\/\",\"name\":\"Conservatorio de M\u00fasica Juli\u00e1n Aguirre\",\"description\":\"\",\"publisher\":{\"@id\":\"https:\/\/web.consaguirre.com.ar\/noticias\/#organization\"},\"potentialAction\":[{\"@type\":\"SearchAction\",\"target\":{\"@type\":\"EntryPoint\",\"urlTemplate\":\"https:\/\/web.consaguirre.com.ar\/noticias\/?s={search_term_string}\"},\"query-input\":\"required name=search_term_string\"}],\"inLanguage\":\"es-AR\"},{\"@type\":\"Organization\",\"@id\":\"https:\/\/web.consaguirre.com.ar\/noticias\/#organization\",\"name\":\"Conservatorio de M\u00fasica Juli\u00e1n Aguirre\",\"url\":\"https:\/\/web.consaguirre.com.ar\/noticias\/\",\"logo\":{\"@type\":\"ImageObject\",\"inLanguage\":\"es-AR\",\"@id\":\"https:\/\/web.consaguirre.com.ar\/noticias\/#\/schema\/logo\/image\/\",\"url\":\"https:\/\/web.consaguirre.com.ar\/noticias\/wp-content\/uploads\/2024\/08\/Banner-Aguirre-23.jpg\",\"contentUrl\":\"https:\/\/web.consaguirre.com.ar\/noticias\/wp-content\/uploads\/2024\/08\/Banner-Aguirre-23.jpg\",\"width\":1192,\"height\":600,\"caption\":\"Conservatorio de M\u00fasica Juli\u00e1n Aguirre\"},\"image\":{\"@id\":\"https:\/\/web.consaguirre.com.ar\/noticias\/#\/schema\/logo\/image\/\"}},{\"@type\":\"Person\",\"@id\":\"https:\/\/web.consaguirre.com.ar\/noticias\/#\/schema\/person\/6558b0cfedee7ddc5425602b237d5722\",\"name\":\"Javier Figueroa\",\"image\":{\"@type\":\"ImageObject\",\"inLanguage\":\"es-AR\",\"@id\":\"https:\/\/web.consaguirre.com.ar\/noticias\/#\/schema\/person\/image\/\",\"url\":\"https:\/\/web.consaguirre.com.ar\/noticias\/wp-content\/uploads\/2024\/08\/Consaguirre-scaled.jpg\",\"contentUrl\":\"https:\/\/web.consaguirre.com.ar\/noticias\/wp-content\/uploads\/2024\/08\/Consaguirre-scaled.jpg\",\"caption\":\"Javier Figueroa\"},\"description\":\"Me llamo Javier Figueroa y soy redactor para el sitio oficial del Conservatorio de M\u00fasica Juli\u00e1n Aguirre en Buenos Aires, consaguirre.com. Apasionado por la m\u00fasica y la escritura, me esfuerzo por destacar los talentos y eventos de nuestra prestigiosa instituci\u00f3n. Mi trayectoria se nutre de una profunda admiraci\u00f3n por los artistas, haciendo de cada art\u00edculo una celebraci\u00f3n de la creatividad y la cultura musical.\",\"sameAs\":[\"https:\/\/web.consaguirre.com.ar\/noticias\"]}]}<\/script>\n<!-- \/ Yoast SEO plugin. -->","yoast_head_json":{"title":"Revisi\u00f3n del CD: Franz von Chossy, Mirror 9","robots":{"index":"index","follow":"follow","max-snippet":"max-snippet:-1","max-image-preview":"max-image-preview:large","max-video-preview":"max-video-preview:-1"},"canonical":"https:\/\/web.consaguirre.com.ar\/noticias\/revision-del-cd-franz-von-chossy-mirror-9\/","og_locale":"es_ES","og_type":"article","og_title":"Revisi\u00f3n del CD: Franz von Chossy, Mirror 9","og_description":"El \u00faltimo lanzamiento de Franz von Chossy, Mirror 9, para su lanzamiento el pr\u00f3ximo viernes ofrece una suite ambiciosa y reflexiva de nueve partes, ofreciendo","og_url":"https:\/\/web.consaguirre.com.ar\/noticias\/revision-del-cd-franz-von-chossy-mirror-9\/","og_site_name":"Conservatorio de M\u00fasica Juli\u00e1n Aguirre","article_published_time":"2025-09-23T13:47:15+00:00","og_image":[{"width":300,"height":300,"url":"https:\/\/web.consaguirre.com.ar\/noticias\/wp-content\/uploads\/2025\/09\/Revision-del-CD-Franz-von-Chossy-Mirror-9.jpg","type":"image\/jpeg"}],"author":"Javier Figueroa","twitter_card":"summary_large_image","twitter_misc":{"Escrito por":"Javier Figueroa","Tiempo de lectura":"5 minutos"},"schema":{"@context":"https:\/\/schema.org","@graph":[{"@type":"Article","@id":"https:\/\/web.consaguirre.com.ar\/noticias\/revision-del-cd-franz-von-chossy-mirror-9\/#article","isPartOf":{"@id":"https:\/\/web.consaguirre.com.ar\/noticias\/revision-del-cd-franz-von-chossy-mirror-9\/"},"author":{"name":"Javier Figueroa","@id":"https:\/\/web.consaguirre.com.ar\/noticias\/#\/schema\/person\/6558b0cfedee7ddc5425602b237d5722"},"headline":"Revisi\u00f3n del CD: Franz von Chossy, Mirror 9","datePublished":"2025-09-23T13:47:15+00:00","dateModified":"2025-09-23T13:47:15+00:00","mainEntityOfPage":{"@id":"https:\/\/web.consaguirre.com.ar\/noticias\/revision-del-cd-franz-von-chossy-mirror-9\/"},"wordCount":984,"publisher":{"@id":"https:\/\/web.consaguirre.com.ar\/noticias\/#organization"},"image":{"@id":"https:\/\/web.consaguirre.com.ar\/noticias\/revision-del-cd-franz-von-chossy-mirror-9\/#primaryimage"},"thumbnailUrl":"https:\/\/web.consaguirre.com.ar\/noticias\/wp-content\/uploads\/2025\/09\/Revision-del-CD-Franz-von-Chossy-Mirror-9.jpg","keywords":["Chossy","del","Franz","Mirror","Revisi\u00f3n","von"],"articleSection":["Cr\u00edtica"],"inLanguage":"es-AR"},{"@type":"WebPage","@id":"https:\/\/web.consaguirre.com.ar\/noticias\/revision-del-cd-franz-von-chossy-mirror-9\/","url":"https:\/\/web.consaguirre.com.ar\/noticias\/revision-del-cd-franz-von-chossy-mirror-9\/","name":"Revisi\u00f3n del CD: Franz von Chossy, Mirror 9","isPartOf":{"@id":"https:\/\/web.consaguirre.com.ar\/noticias\/#website"},"primaryImageOfPage":{"@id":"https:\/\/web.consaguirre.com.ar\/noticias\/revision-del-cd-franz-von-chossy-mirror-9\/#primaryimage"},"image":{"@id":"https:\/\/web.consaguirre.com.ar\/noticias\/revision-del-cd-franz-von-chossy-mirror-9\/#primaryimage"},"thumbnailUrl":"https:\/\/web.consaguirre.com.ar\/noticias\/wp-content\/uploads\/2025\/09\/Revision-del-CD-Franz-von-Chossy-Mirror-9.jpg","datePublished":"2025-09-23T13:47:15+00:00","dateModified":"2025-09-23T13:47:15+00:00","breadcrumb":{"@id":"https:\/\/web.consaguirre.com.ar\/noticias\/revision-del-cd-franz-von-chossy-mirror-9\/#breadcrumb"},"inLanguage":"es-AR","potentialAction":[{"@type":"ReadAction","target":["https:\/\/web.consaguirre.com.ar\/noticias\/revision-del-cd-franz-von-chossy-mirror-9\/"]}]},{"@type":"ImageObject","inLanguage":"es-AR","@id":"https:\/\/web.consaguirre.com.ar\/noticias\/revision-del-cd-franz-von-chossy-mirror-9\/#primaryimage","url":"https:\/\/web.consaguirre.com.ar\/noticias\/wp-content\/uploads\/2025\/09\/Revision-del-CD-Franz-von-Chossy-Mirror-9.jpg","contentUrl":"https:\/\/web.consaguirre.com.ar\/noticias\/wp-content\/uploads\/2025\/09\/Revision-del-CD-Franz-von-Chossy-Mirror-9.jpg","width":300,"height":300,"caption":"Revisi\u00f3n del CD: Franz von Chossy, Mirror 9"},{"@type":"BreadcrumbList","@id":"https:\/\/web.consaguirre.com.ar\/noticias\/revision-del-cd-franz-von-chossy-mirror-9\/#breadcrumb","itemListElement":[{"@type":"ListItem","position":1,"name":"Inicio","item":"https:\/\/web.consaguirre.com.ar\/noticias\/"},{"@type":"ListItem","position":2,"name":"Revisi\u00f3n del CD: Franz von Chossy, Mirror 9"}]},{"@type":"WebSite","@id":"https:\/\/web.consaguirre.com.ar\/noticias\/#website","url":"https:\/\/web.consaguirre.com.ar\/noticias\/","name":"Conservatorio de M\u00fasica Juli\u00e1n Aguirre","description":"","publisher":{"@id":"https:\/\/web.consaguirre.com.ar\/noticias\/#organization"},"potentialAction":[{"@type":"SearchAction","target":{"@type":"EntryPoint","urlTemplate":"https:\/\/web.consaguirre.com.ar\/noticias\/?s={search_term_string}"},"query-input":"required name=search_term_string"}],"inLanguage":"es-AR"},{"@type":"Organization","@id":"https:\/\/web.consaguirre.com.ar\/noticias\/#organization","name":"Conservatorio de M\u00fasica Juli\u00e1n Aguirre","url":"https:\/\/web.consaguirre.com.ar\/noticias\/","logo":{"@type":"ImageObject","inLanguage":"es-AR","@id":"https:\/\/web.consaguirre.com.ar\/noticias\/#\/schema\/logo\/image\/","url":"https:\/\/web.consaguirre.com.ar\/noticias\/wp-content\/uploads\/2024\/08\/Banner-Aguirre-23.jpg","contentUrl":"https:\/\/web.consaguirre.com.ar\/noticias\/wp-content\/uploads\/2024\/08\/Banner-Aguirre-23.jpg","width":1192,"height":600,"caption":"Conservatorio de M\u00fasica Juli\u00e1n Aguirre"},"image":{"@id":"https:\/\/web.consaguirre.com.ar\/noticias\/#\/schema\/logo\/image\/"}},{"@type":"Person","@id":"https:\/\/web.consaguirre.com.ar\/noticias\/#\/schema\/person\/6558b0cfedee7ddc5425602b237d5722","name":"Javier Figueroa","image":{"@type":"ImageObject","inLanguage":"es-AR","@id":"https:\/\/web.consaguirre.com.ar\/noticias\/#\/schema\/person\/image\/","url":"https:\/\/web.consaguirre.com.ar\/noticias\/wp-content\/uploads\/2024\/08\/Consaguirre-scaled.jpg","contentUrl":"https:\/\/web.consaguirre.com.ar\/noticias\/wp-content\/uploads\/2024\/08\/Consaguirre-scaled.jpg","caption":"Javier Figueroa"},"description":"Me llamo Javier Figueroa y soy redactor para el sitio oficial del Conservatorio de M\u00fasica Juli\u00e1n Aguirre en Buenos Aires, consaguirre.com. Apasionado por la m\u00fasica y la escritura, me esfuerzo por destacar los talentos y eventos de nuestra prestigiosa instituci\u00f3n. Mi trayectoria se nutre de una profunda admiraci\u00f3n por los artistas, haciendo de cada art\u00edculo una celebraci\u00f3n de la creatividad y la cultura musical.","sameAs":["https:\/\/web.consaguirre.com.ar\/noticias"]}]}},"_links":{"self":[{"href":"https:\/\/web.consaguirre.com.ar\/noticias\/wp-json\/wp\/v2\/posts\/3810"}],"collection":[{"href":"https:\/\/web.consaguirre.com.ar\/noticias\/wp-json\/wp\/v2\/posts"}],"about":[{"href":"https:\/\/web.consaguirre.com.ar\/noticias\/wp-json\/wp\/v2\/types\/post"}],"author":[{"embeddable":true,"href":"https:\/\/web.consaguirre.com.ar\/noticias\/wp-json\/wp\/v2\/users\/1"}],"replies":[{"embeddable":true,"href":"https:\/\/web.consaguirre.com.ar\/noticias\/wp-json\/wp\/v2\/comments?post=3810"}],"version-history":[{"count":1,"href":"https:\/\/web.consaguirre.com.ar\/noticias\/wp-json\/wp\/v2\/posts\/3810\/revisions"}],"predecessor-version":[{"id":3812,"href":"https:\/\/web.consaguirre.com.ar\/noticias\/wp-json\/wp\/v2\/posts\/3810\/revisions\/3812"}],"wp:featuredmedia":[{"embeddable":true,"href":"https:\/\/web.consaguirre.com.ar\/noticias\/wp-json\/wp\/v2\/media\/3811"}],"wp:attachment":[{"href":"https:\/\/web.consaguirre.com.ar\/noticias\/wp-json\/wp\/v2\/media?parent=3810"}],"wp:term":[{"taxonomy":"category","embeddable":true,"href":"https:\/\/web.consaguirre.com.ar\/noticias\/wp-json\/wp\/v2\/categories?post=3810"},{"taxonomy":"post_tag","embeddable":true,"href":"https:\/\/web.consaguirre.com.ar\/noticias\/wp-json\/wp\/v2\/tags?post=3810"}],"curies":[{"name":"wp","href":"https:\/\/api.w.org\/{rel}","templated":true}]}}