{"id":3786,"date":"2025-09-19T02:40:03","date_gmt":"2025-09-19T05:40:03","guid":{"rendered":"https:\/\/web.consaguirre.com.ar\/noticias\/el-sabor-de-joan-osborne-se-reedito-para-el-30-aniversario\/"},"modified":"2025-09-19T02:40:04","modified_gmt":"2025-09-19T05:40:04","slug":"el-sabor-de-joan-osborne-se-reedito-para-el-30-aniversario","status":"publish","type":"post","link":"https:\/\/web.consaguirre.com.ar\/noticias\/el-sabor-de-joan-osborne-se-reedito-para-el-30-aniversario\/","title":{"rendered":"El &#8216;sabor&#8217; de Joan Osborne se reedit\u00f3 para el 30 aniversario"},"content":{"rendered":"<p>Han pasado 30 a\u00f1os desde el lanzamiento del \u00e1lbum debut de Joan Osborne <em>Saborear<\/em>. Para celebrar el aniversario de hitos, el CD del cantante ser\u00e1 remasterizado y relanzado.<\/p>\n<p>Originalmente lanzado en marzo de 1995, el \u00e1lbum destaca la fusi\u00f3n de folk, rock y pop contempor\u00e1neas de Osborne, y obtuvo una nominaci\u00f3n al Grammy para el \u00e1lbum del a\u00f1o. Es mejor conocido por su sencillo principal, &#8220;Uno de nosotros&#8221;. El \u00e9xito de la firma del cantante alcanz\u00f3 su punto m\u00e1ximo en el n\u00famero 4 en el Billboard Hot 100 e super\u00f3 las listas internacionales en Australia, Canad\u00e1, Suecia y B\u00e9lgica. Obtuvo tres nominaciones al Grammy para Song of the Year, Record of the Year y la mejor actuaci\u00f3n vocal pop femenina. La canci\u00f3n, que reflexiona si Dios podr\u00eda ser un ser humano, se us\u00f3 m\u00e1s tarde como la canci\u00f3n principal de la serie de fantas\u00eda de los a\u00f1os 00 00s <em>Joan de Arcadia<\/em>.<\/p>\n<div class=\"uD-YT-container\"><img decoding=\"async\" src=\"https:\/\/web.consaguirre.com.ar\/noticias\/wp-content\/uploads\/2025\/09\/1758260403_881_El-sabor-de-Joan-Osborne-se-reedito-para-el-30.jpg\" alt=\"Video de YouTube\"><br \/>Haga clic para cargar video<\/div>\n<p><em>Saborear<\/em> Tambi\u00e9n presenta canciones como &#8220;Man in the Long Black Coat&#8221;, una versi\u00f3n de la canci\u00f3n de Bob Dylan de 1989 <em>Oh misericordia<\/em> \u00e1lbum; &#8220;Santa Teresa&#8221;, que obtuvo una nominaci\u00f3n al Grammy a la mejor actuaci\u00f3n vocal de rock femenino; &#8220;Hand Man Right Man&#8221;; y &#8220;Lumina&#8221;, que apareci\u00f3 en el primer episodio de The HBO&#8217;s <em>Los sopranos<\/em> en 1999 y CBS &#8216; <em>La buena esposa<\/em> en 2013.<\/p>\n<p>&#8220;He tenido otros artistas y otros m\u00fasicos que se me acercaron y me dijeron que fue un verdadero r\u00e9cord de piedra de toque para ellos. Pero creo que tal vez en mi experiencia es m\u00e1s un legado emocional, porque tengo personas que se me acercan regularmente cuando estoy en el camino o incluso en un c\u00f3ctel o algo as\u00ed&#8221;, dijo Osborne anteriormente sobre el legado del \u00e1lbum. &#8220;La gente aparecer\u00e1 y destacar\u00e1n una canci\u00f3n en particular y dir\u00e1n lo que esa canci\u00f3n realmente signific\u00f3 para ellos en sus vidas. He tenido personas que crec\u00edan gay en un peque\u00f1o pueblo en Idaho se acercan a m\u00ed y lloraron sobre c\u00f3mo el disco realmente le salv\u00f3 la vida. C\u00f3mo sab\u00edan que hab\u00eda otra forma de verse a s\u00ed mismos que no sea la forma en que su comunidad pensaba sobre ellos&#8221;.<\/p>\n<p>Osborne ha lanzado desde entonces doce \u00e1lbumes siguientes <em>Saborear<\/em>incluyendo 2017&#8217;s <em>Canciones de Bob Dylan<\/em> \u00e1lbum tributo y 2023 <em>Nadie te posee<\/em>. En julio, el cantante se uni\u00f3 a su compa\u00f1era cantante y compositora de los 90 Lisa Loeb para la celebraci\u00f3n anual de artes de verano de la Universidad Estatal de los Apalaches, &#8220;Un verano de los Apalaches&#8221;. El concierto fue celebrado de los 30 aniversarios de los dos Osborne. <em>Saborear<\/em> y Loeb&#8217;s <em>Cruz<\/em> \u00e1lbumes.<\/p>\n<p>Ordene la edici\u00f3n del 30 aniversario de Joan Osborne&#8217;s <em>Saborear<\/em> en vinilo o CD ahora.<\/p>\n","protected":false},"excerpt":{"rendered":"<p>Han pasado 30 a\u00f1os desde el lanzamiento del \u00e1lbum debut de Joan Osborne Saborear. Para celebrar el aniversario de hitos, el CD del cantante ser\u00e1<\/p>\n","protected":false},"author":1,"featured_media":3787,"comment_status":"closed","ping_status":"","sticky":false,"template":"","format":"standard","meta":{"footnotes":""},"categories":[50],"tags":[98,1712,3219,154,3220,110],"class_list":["post-3786","post","type-post","status-publish","format-standard","has-post-thumbnail","hentry","category-el-ultimo","tag-aniversario","tag-joan","tag-osborne","tag-para","tag-reedito","tag-sabor","generate-columns","tablet-grid-50","mobile-grid-100","grid-parent","grid-50"],"yoast_head":"<!-- This site is optimized with the Yoast SEO plugin v23.3 - https:\/\/yoast.com\/wordpress\/plugins\/seo\/ -->\n<title>El &#039;sabor&#039; de Joan Osborne se reedit\u00f3 para el 30 aniversario<\/title>\n<meta name=\"robots\" content=\"index, follow, max-snippet:-1, max-image-preview:large, max-video-preview:-1\" \/>\n<link rel=\"canonical\" href=\"https:\/\/web.consaguirre.com.ar\/noticias\/el-sabor-de-joan-osborne-se-reedito-para-el-30-aniversario\/\" \/>\n<meta property=\"og:locale\" content=\"es_ES\" \/>\n<meta property=\"og:type\" content=\"article\" \/>\n<meta property=\"og:title\" content=\"El &#039;sabor&#039; de Joan Osborne se reedit\u00f3 para el 30 aniversario\" \/>\n<meta property=\"og:description\" content=\"Han pasado 30 a\u00f1os desde el lanzamiento del \u00e1lbum debut de Joan Osborne Saborear. Para celebrar el aniversario de hitos, el CD del cantante ser\u00e1\" \/>\n<meta property=\"og:url\" content=\"https:\/\/web.consaguirre.com.ar\/noticias\/el-sabor-de-joan-osborne-se-reedito-para-el-30-aniversario\/\" \/>\n<meta property=\"og:site_name\" content=\"Conservatorio de M\u00fasica Juli\u00e1n Aguirre\" \/>\n<meta property=\"article:published_time\" content=\"2025-09-19T05:40:03+00:00\" \/>\n<meta property=\"article:modified_time\" content=\"2025-09-19T05:40:04+00:00\" \/>\n<meta property=\"og:image\" content=\"https:\/\/web.consaguirre.com.ar\/noticias\/wp-content\/uploads\/2025\/09\/El-sabor-de-Joan-Osborne-se-reedito-para-el-30.jpg\" \/>\n\t<meta property=\"og:image:width\" content=\"1440\" \/>\n\t<meta property=\"og:image:height\" content=\"864\" \/>\n\t<meta property=\"og:image:type\" content=\"image\/jpeg\" \/>\n<meta name=\"author\" content=\"Javier Figueroa\" \/>\n<meta name=\"twitter:card\" content=\"summary_large_image\" \/>\n<meta name=\"twitter:label1\" content=\"Escrito por\" \/>\n\t<meta name=\"twitter:data1\" content=\"Javier Figueroa\" \/>\n\t<meta name=\"twitter:label2\" content=\"Tiempo de lectura\" \/>\n\t<meta name=\"twitter:data2\" content=\"2 minutos\" \/>\n<script type=\"application\/ld+json\" class=\"yoast-schema-graph\">{\"@context\":\"https:\/\/schema.org\",\"@graph\":[{\"@type\":\"Article\",\"@id\":\"https:\/\/web.consaguirre.com.ar\/noticias\/el-sabor-de-joan-osborne-se-reedito-para-el-30-aniversario\/#article\",\"isPartOf\":{\"@id\":\"https:\/\/web.consaguirre.com.ar\/noticias\/el-sabor-de-joan-osborne-se-reedito-para-el-30-aniversario\/\"},\"author\":{\"name\":\"Javier Figueroa\",\"@id\":\"https:\/\/web.consaguirre.com.ar\/noticias\/#\/schema\/person\/6558b0cfedee7ddc5425602b237d5722\"},\"headline\":\"El &#8216;sabor&#8217; de Joan Osborne se reedit\u00f3 para el 30 aniversario\",\"datePublished\":\"2025-09-19T05:40:03+00:00\",\"dateModified\":\"2025-09-19T05:40:04+00:00\",\"mainEntityOfPage\":{\"@id\":\"https:\/\/web.consaguirre.com.ar\/noticias\/el-sabor-de-joan-osborne-se-reedito-para-el-30-aniversario\/\"},\"wordCount\":490,\"publisher\":{\"@id\":\"https:\/\/web.consaguirre.com.ar\/noticias\/#organization\"},\"image\":{\"@id\":\"https:\/\/web.consaguirre.com.ar\/noticias\/el-sabor-de-joan-osborne-se-reedito-para-el-30-aniversario\/#primaryimage\"},\"thumbnailUrl\":\"https:\/\/web.consaguirre.com.ar\/noticias\/wp-content\/uploads\/2025\/09\/El-sabor-de-Joan-Osborne-se-reedito-para-el-30.jpg\",\"keywords\":[\"aniversario\",\"Joan\",\"Osborne\",\"para\",\"reedit\u00f3\",\"Sabor\"],\"articleSection\":[\"El \u00faltimo\"],\"inLanguage\":\"es-AR\"},{\"@type\":\"WebPage\",\"@id\":\"https:\/\/web.consaguirre.com.ar\/noticias\/el-sabor-de-joan-osborne-se-reedito-para-el-30-aniversario\/\",\"url\":\"https:\/\/web.consaguirre.com.ar\/noticias\/el-sabor-de-joan-osborne-se-reedito-para-el-30-aniversario\/\",\"name\":\"El 'sabor' de Joan Osborne se reedit\u00f3 para el 30 aniversario\",\"isPartOf\":{\"@id\":\"https:\/\/web.consaguirre.com.ar\/noticias\/#website\"},\"primaryImageOfPage\":{\"@id\":\"https:\/\/web.consaguirre.com.ar\/noticias\/el-sabor-de-joan-osborne-se-reedito-para-el-30-aniversario\/#primaryimage\"},\"image\":{\"@id\":\"https:\/\/web.consaguirre.com.ar\/noticias\/el-sabor-de-joan-osborne-se-reedito-para-el-30-aniversario\/#primaryimage\"},\"thumbnailUrl\":\"https:\/\/web.consaguirre.com.ar\/noticias\/wp-content\/uploads\/2025\/09\/El-sabor-de-Joan-Osborne-se-reedito-para-el-30.jpg\",\"datePublished\":\"2025-09-19T05:40:03+00:00\",\"dateModified\":\"2025-09-19T05:40:04+00:00\",\"breadcrumb\":{\"@id\":\"https:\/\/web.consaguirre.com.ar\/noticias\/el-sabor-de-joan-osborne-se-reedito-para-el-30-aniversario\/#breadcrumb\"},\"inLanguage\":\"es-AR\",\"potentialAction\":[{\"@type\":\"ReadAction\",\"target\":[\"https:\/\/web.consaguirre.com.ar\/noticias\/el-sabor-de-joan-osborne-se-reedito-para-el-30-aniversario\/\"]}]},{\"@type\":\"ImageObject\",\"inLanguage\":\"es-AR\",\"@id\":\"https:\/\/web.consaguirre.com.ar\/noticias\/el-sabor-de-joan-osborne-se-reedito-para-el-30-aniversario\/#primaryimage\",\"url\":\"https:\/\/web.consaguirre.com.ar\/noticias\/wp-content\/uploads\/2025\/09\/El-sabor-de-Joan-Osborne-se-reedito-para-el-30.jpg\",\"contentUrl\":\"https:\/\/web.consaguirre.com.ar\/noticias\/wp-content\/uploads\/2025\/09\/El-sabor-de-Joan-Osborne-se-reedito-para-el-30.jpg\",\"width\":1440,\"height\":864,\"caption\":\"El 'sabor' de Joan Osborne se reedit\u00f3 para el 30 aniversario\"},{\"@type\":\"BreadcrumbList\",\"@id\":\"https:\/\/web.consaguirre.com.ar\/noticias\/el-sabor-de-joan-osborne-se-reedito-para-el-30-aniversario\/#breadcrumb\",\"itemListElement\":[{\"@type\":\"ListItem\",\"position\":1,\"name\":\"Inicio\",\"item\":\"https:\/\/web.consaguirre.com.ar\/noticias\/\"},{\"@type\":\"ListItem\",\"position\":2,\"name\":\"El &#8216;sabor&#8217; de Joan Osborne se reedit\u00f3 para el 30 aniversario\"}]},{\"@type\":\"WebSite\",\"@id\":\"https:\/\/web.consaguirre.com.ar\/noticias\/#website\",\"url\":\"https:\/\/web.consaguirre.com.ar\/noticias\/\",\"name\":\"Conservatorio de M\u00fasica Juli\u00e1n Aguirre\",\"description\":\"\",\"publisher\":{\"@id\":\"https:\/\/web.consaguirre.com.ar\/noticias\/#organization\"},\"potentialAction\":[{\"@type\":\"SearchAction\",\"target\":{\"@type\":\"EntryPoint\",\"urlTemplate\":\"https:\/\/web.consaguirre.com.ar\/noticias\/?s={search_term_string}\"},\"query-input\":\"required name=search_term_string\"}],\"inLanguage\":\"es-AR\"},{\"@type\":\"Organization\",\"@id\":\"https:\/\/web.consaguirre.com.ar\/noticias\/#organization\",\"name\":\"Conservatorio de M\u00fasica Juli\u00e1n Aguirre\",\"url\":\"https:\/\/web.consaguirre.com.ar\/noticias\/\",\"logo\":{\"@type\":\"ImageObject\",\"inLanguage\":\"es-AR\",\"@id\":\"https:\/\/web.consaguirre.com.ar\/noticias\/#\/schema\/logo\/image\/\",\"url\":\"https:\/\/web.consaguirre.com.ar\/noticias\/wp-content\/uploads\/2024\/08\/Banner-Aguirre-23.jpg\",\"contentUrl\":\"https:\/\/web.consaguirre.com.ar\/noticias\/wp-content\/uploads\/2024\/08\/Banner-Aguirre-23.jpg\",\"width\":1192,\"height\":600,\"caption\":\"Conservatorio de M\u00fasica Juli\u00e1n Aguirre\"},\"image\":{\"@id\":\"https:\/\/web.consaguirre.com.ar\/noticias\/#\/schema\/logo\/image\/\"}},{\"@type\":\"Person\",\"@id\":\"https:\/\/web.consaguirre.com.ar\/noticias\/#\/schema\/person\/6558b0cfedee7ddc5425602b237d5722\",\"name\":\"Javier Figueroa\",\"image\":{\"@type\":\"ImageObject\",\"inLanguage\":\"es-AR\",\"@id\":\"https:\/\/web.consaguirre.com.ar\/noticias\/#\/schema\/person\/image\/\",\"url\":\"https:\/\/web.consaguirre.com.ar\/noticias\/wp-content\/uploads\/2024\/08\/Consaguirre-scaled.jpg\",\"contentUrl\":\"https:\/\/web.consaguirre.com.ar\/noticias\/wp-content\/uploads\/2024\/08\/Consaguirre-scaled.jpg\",\"caption\":\"Javier Figueroa\"},\"description\":\"Me llamo Javier Figueroa y soy redactor para el sitio oficial del Conservatorio de M\u00fasica Juli\u00e1n Aguirre en Buenos Aires, consaguirre.com. Apasionado por la m\u00fasica y la escritura, me esfuerzo por destacar los talentos y eventos de nuestra prestigiosa instituci\u00f3n. Mi trayectoria se nutre de una profunda admiraci\u00f3n por los artistas, haciendo de cada art\u00edculo una celebraci\u00f3n de la creatividad y la cultura musical.\",\"sameAs\":[\"https:\/\/web.consaguirre.com.ar\/noticias\"]}]}<\/script>\n<!-- \/ Yoast SEO plugin. -->","yoast_head_json":{"title":"El 'sabor' de Joan Osborne se reedit\u00f3 para el 30 aniversario","robots":{"index":"index","follow":"follow","max-snippet":"max-snippet:-1","max-image-preview":"max-image-preview:large","max-video-preview":"max-video-preview:-1"},"canonical":"https:\/\/web.consaguirre.com.ar\/noticias\/el-sabor-de-joan-osborne-se-reedito-para-el-30-aniversario\/","og_locale":"es_ES","og_type":"article","og_title":"El 'sabor' de Joan Osborne se reedit\u00f3 para el 30 aniversario","og_description":"Han pasado 30 a\u00f1os desde el lanzamiento del \u00e1lbum debut de Joan Osborne Saborear. Para celebrar el aniversario de hitos, el CD del cantante ser\u00e1","og_url":"https:\/\/web.consaguirre.com.ar\/noticias\/el-sabor-de-joan-osborne-se-reedito-para-el-30-aniversario\/","og_site_name":"Conservatorio de M\u00fasica Juli\u00e1n Aguirre","article_published_time":"2025-09-19T05:40:03+00:00","article_modified_time":"2025-09-19T05:40:04+00:00","og_image":[{"width":1440,"height":864,"url":"https:\/\/web.consaguirre.com.ar\/noticias\/wp-content\/uploads\/2025\/09\/El-sabor-de-Joan-Osborne-se-reedito-para-el-30.jpg","type":"image\/jpeg"}],"author":"Javier Figueroa","twitter_card":"summary_large_image","twitter_misc":{"Escrito por":"Javier Figueroa","Tiempo de lectura":"2 minutos"},"schema":{"@context":"https:\/\/schema.org","@graph":[{"@type":"Article","@id":"https:\/\/web.consaguirre.com.ar\/noticias\/el-sabor-de-joan-osborne-se-reedito-para-el-30-aniversario\/#article","isPartOf":{"@id":"https:\/\/web.consaguirre.com.ar\/noticias\/el-sabor-de-joan-osborne-se-reedito-para-el-30-aniversario\/"},"author":{"name":"Javier Figueroa","@id":"https:\/\/web.consaguirre.com.ar\/noticias\/#\/schema\/person\/6558b0cfedee7ddc5425602b237d5722"},"headline":"El &#8216;sabor&#8217; de Joan Osborne se reedit\u00f3 para el 30 aniversario","datePublished":"2025-09-19T05:40:03+00:00","dateModified":"2025-09-19T05:40:04+00:00","mainEntityOfPage":{"@id":"https:\/\/web.consaguirre.com.ar\/noticias\/el-sabor-de-joan-osborne-se-reedito-para-el-30-aniversario\/"},"wordCount":490,"publisher":{"@id":"https:\/\/web.consaguirre.com.ar\/noticias\/#organization"},"image":{"@id":"https:\/\/web.consaguirre.com.ar\/noticias\/el-sabor-de-joan-osborne-se-reedito-para-el-30-aniversario\/#primaryimage"},"thumbnailUrl":"https:\/\/web.consaguirre.com.ar\/noticias\/wp-content\/uploads\/2025\/09\/El-sabor-de-Joan-Osborne-se-reedito-para-el-30.jpg","keywords":["aniversario","Joan","Osborne","para","reedit\u00f3","Sabor"],"articleSection":["El \u00faltimo"],"inLanguage":"es-AR"},{"@type":"WebPage","@id":"https:\/\/web.consaguirre.com.ar\/noticias\/el-sabor-de-joan-osborne-se-reedito-para-el-30-aniversario\/","url":"https:\/\/web.consaguirre.com.ar\/noticias\/el-sabor-de-joan-osborne-se-reedito-para-el-30-aniversario\/","name":"El 'sabor' de Joan Osborne se reedit\u00f3 para el 30 aniversario","isPartOf":{"@id":"https:\/\/web.consaguirre.com.ar\/noticias\/#website"},"primaryImageOfPage":{"@id":"https:\/\/web.consaguirre.com.ar\/noticias\/el-sabor-de-joan-osborne-se-reedito-para-el-30-aniversario\/#primaryimage"},"image":{"@id":"https:\/\/web.consaguirre.com.ar\/noticias\/el-sabor-de-joan-osborne-se-reedito-para-el-30-aniversario\/#primaryimage"},"thumbnailUrl":"https:\/\/web.consaguirre.com.ar\/noticias\/wp-content\/uploads\/2025\/09\/El-sabor-de-Joan-Osborne-se-reedito-para-el-30.jpg","datePublished":"2025-09-19T05:40:03+00:00","dateModified":"2025-09-19T05:40:04+00:00","breadcrumb":{"@id":"https:\/\/web.consaguirre.com.ar\/noticias\/el-sabor-de-joan-osborne-se-reedito-para-el-30-aniversario\/#breadcrumb"},"inLanguage":"es-AR","potentialAction":[{"@type":"ReadAction","target":["https:\/\/web.consaguirre.com.ar\/noticias\/el-sabor-de-joan-osborne-se-reedito-para-el-30-aniversario\/"]}]},{"@type":"ImageObject","inLanguage":"es-AR","@id":"https:\/\/web.consaguirre.com.ar\/noticias\/el-sabor-de-joan-osborne-se-reedito-para-el-30-aniversario\/#primaryimage","url":"https:\/\/web.consaguirre.com.ar\/noticias\/wp-content\/uploads\/2025\/09\/El-sabor-de-Joan-Osborne-se-reedito-para-el-30.jpg","contentUrl":"https:\/\/web.consaguirre.com.ar\/noticias\/wp-content\/uploads\/2025\/09\/El-sabor-de-Joan-Osborne-se-reedito-para-el-30.jpg","width":1440,"height":864,"caption":"El 'sabor' de Joan Osborne se reedit\u00f3 para el 30 aniversario"},{"@type":"BreadcrumbList","@id":"https:\/\/web.consaguirre.com.ar\/noticias\/el-sabor-de-joan-osborne-se-reedito-para-el-30-aniversario\/#breadcrumb","itemListElement":[{"@type":"ListItem","position":1,"name":"Inicio","item":"https:\/\/web.consaguirre.com.ar\/noticias\/"},{"@type":"ListItem","position":2,"name":"El &#8216;sabor&#8217; de Joan Osborne se reedit\u00f3 para el 30 aniversario"}]},{"@type":"WebSite","@id":"https:\/\/web.consaguirre.com.ar\/noticias\/#website","url":"https:\/\/web.consaguirre.com.ar\/noticias\/","name":"Conservatorio de M\u00fasica Juli\u00e1n Aguirre","description":"","publisher":{"@id":"https:\/\/web.consaguirre.com.ar\/noticias\/#organization"},"potentialAction":[{"@type":"SearchAction","target":{"@type":"EntryPoint","urlTemplate":"https:\/\/web.consaguirre.com.ar\/noticias\/?s={search_term_string}"},"query-input":"required name=search_term_string"}],"inLanguage":"es-AR"},{"@type":"Organization","@id":"https:\/\/web.consaguirre.com.ar\/noticias\/#organization","name":"Conservatorio de M\u00fasica Juli\u00e1n Aguirre","url":"https:\/\/web.consaguirre.com.ar\/noticias\/","logo":{"@type":"ImageObject","inLanguage":"es-AR","@id":"https:\/\/web.consaguirre.com.ar\/noticias\/#\/schema\/logo\/image\/","url":"https:\/\/web.consaguirre.com.ar\/noticias\/wp-content\/uploads\/2024\/08\/Banner-Aguirre-23.jpg","contentUrl":"https:\/\/web.consaguirre.com.ar\/noticias\/wp-content\/uploads\/2024\/08\/Banner-Aguirre-23.jpg","width":1192,"height":600,"caption":"Conservatorio de M\u00fasica Juli\u00e1n Aguirre"},"image":{"@id":"https:\/\/web.consaguirre.com.ar\/noticias\/#\/schema\/logo\/image\/"}},{"@type":"Person","@id":"https:\/\/web.consaguirre.com.ar\/noticias\/#\/schema\/person\/6558b0cfedee7ddc5425602b237d5722","name":"Javier Figueroa","image":{"@type":"ImageObject","inLanguage":"es-AR","@id":"https:\/\/web.consaguirre.com.ar\/noticias\/#\/schema\/person\/image\/","url":"https:\/\/web.consaguirre.com.ar\/noticias\/wp-content\/uploads\/2024\/08\/Consaguirre-scaled.jpg","contentUrl":"https:\/\/web.consaguirre.com.ar\/noticias\/wp-content\/uploads\/2024\/08\/Consaguirre-scaled.jpg","caption":"Javier Figueroa"},"description":"Me llamo Javier Figueroa y soy redactor para el sitio oficial del Conservatorio de M\u00fasica Juli\u00e1n Aguirre en Buenos Aires, consaguirre.com. Apasionado por la m\u00fasica y la escritura, me esfuerzo por destacar los talentos y eventos de nuestra prestigiosa instituci\u00f3n. Mi trayectoria se nutre de una profunda admiraci\u00f3n por los artistas, haciendo de cada art\u00edculo una celebraci\u00f3n de la creatividad y la cultura musical.","sameAs":["https:\/\/web.consaguirre.com.ar\/noticias"]}]}},"_links":{"self":[{"href":"https:\/\/web.consaguirre.com.ar\/noticias\/wp-json\/wp\/v2\/posts\/3786"}],"collection":[{"href":"https:\/\/web.consaguirre.com.ar\/noticias\/wp-json\/wp\/v2\/posts"}],"about":[{"href":"https:\/\/web.consaguirre.com.ar\/noticias\/wp-json\/wp\/v2\/types\/post"}],"author":[{"embeddable":true,"href":"https:\/\/web.consaguirre.com.ar\/noticias\/wp-json\/wp\/v2\/users\/1"}],"replies":[{"embeddable":true,"href":"https:\/\/web.consaguirre.com.ar\/noticias\/wp-json\/wp\/v2\/comments?post=3786"}],"version-history":[{"count":1,"href":"https:\/\/web.consaguirre.com.ar\/noticias\/wp-json\/wp\/v2\/posts\/3786\/revisions"}],"predecessor-version":[{"id":3788,"href":"https:\/\/web.consaguirre.com.ar\/noticias\/wp-json\/wp\/v2\/posts\/3786\/revisions\/3788"}],"wp:featuredmedia":[{"embeddable":true,"href":"https:\/\/web.consaguirre.com.ar\/noticias\/wp-json\/wp\/v2\/media\/3787"}],"wp:attachment":[{"href":"https:\/\/web.consaguirre.com.ar\/noticias\/wp-json\/wp\/v2\/media?parent=3786"}],"wp:term":[{"taxonomy":"category","embeddable":true,"href":"https:\/\/web.consaguirre.com.ar\/noticias\/wp-json\/wp\/v2\/categories?post=3786"},{"taxonomy":"post_tag","embeddable":true,"href":"https:\/\/web.consaguirre.com.ar\/noticias\/wp-json\/wp\/v2\/tags?post=3786"}],"curies":[{"name":"wp","href":"https:\/\/api.w.org\/{rel}","templated":true}]}}