{"id":3765,"date":"2025-09-18T13:39:01","date_gmt":"2025-09-18T16:39:01","guid":{"rendered":"https:\/\/web.consaguirre.com.ar\/noticias\/revision-de-cd-cloudmakers-trio-una-gota-de-esperanza-en-el-oceano-de-la-incertidumbre\/"},"modified":"2025-09-18T13:39:01","modified_gmt":"2025-09-18T16:39:01","slug":"revision-de-cd-cloudmakers-trio-una-gota-de-esperanza-en-el-oceano-de-la-incertidumbre","status":"publish","type":"post","link":"https:\/\/web.consaguirre.com.ar\/noticias\/revision-de-cd-cloudmakers-trio-una-gota-de-esperanza-en-el-oceano-de-la-incertidumbre\/","title":{"rendered":"Revisi\u00f3n de CD: Cloudmakers Trio, una gota de esperanza en el oc\u00e9ano de la incertidumbre"},"content":{"rendered":"<div class=\"entry\" itemprop=\"text\">\n<p><em><strong>Quince a\u00f1os despu\u00e9s de su formaci\u00f3n, el tr\u00edo de fabricantes de nubes dan un paso decisivo con &#8220;una ca\u00edda de esperanza en el oc\u00e9ano de la incertidumbre&#8221;. El grupo que consiste en Jim Hart (Vibraphone), Michael Janisch (bajo) y Dave Smith (Drums) ha operado durante mucho tiempo en la intersecci\u00f3n del jazz contempor\u00e1neo, la improvisaci\u00f3n europea y las tradiciones r\u00edtmicas globales. Con la adici\u00f3n del pianista Leo Genovese en esta grabaci\u00f3n, el conjunto expande su alcance s\u00f3nico, adoptando nuevas texturas y nuevas posibilidades de composici\u00f3n. El \u00e1lbum, grabado en Abbey Road Studio 3 con el ingeniero Sam Okell, comprende doce piezas originales que reflejan la evoluci\u00f3n continua del grupo y la voluntad de explorar.<\/strong><\/em><\/p>\n<p>La decisi\u00f3n de agregar Genovese al pliegue marca un momento significativo para los fabricantes de nubes. Hart originalmente concibi\u00f3 el tr\u00edo como una respuesta al cl\u00e1sico formato de tr\u00edo de piano, buscando el espacio que ofrece una alineaci\u00f3n dirigida por vibr\u00e1fona. Sin embargo, a medida que avanzaron los a\u00f1os, el atractivo de la profundidad arm\u00f3nica del piano y la reputaci\u00f3n de Genovese como un m\u00fasico vers\u00e1til y aventurero se volvi\u00f3 imposible de ignorar. El cuarteto resultante no es simplemente un tr\u00edo m\u00e1s uno; Es un conjunto reinventado, con la interacci\u00f3n entre el piano y el vibr\u00e1fono que forma un eje central alrededor del cual se gira la m\u00fasica.<\/p>\n<p>A lo largo del \u00e1lbum, Hart y Genovese demuestran una asociaci\u00f3n fluida, intercambiando l\u00edneas mel\u00f3dicas y apoyando las improvisaciones de los dem\u00e1s. En &#8220;Verdadero al mismo tiempo&#8221;, ambos m\u00fasicos se extienden, navegando por metros cambiantes y armon\u00edas en capas. La combinaci\u00f3n de percusi\u00f3n y piano de mazo produce un paisaje sonoro brillante y multidimensional, a veces denso y en otros espaciosos.<\/p>\n<p>Janisch y Smith proporcionan una secci\u00f3n de ritmo que es a la base y el\u00e1stica. Su colaboraci\u00f3n de larga data es evidente en la forma en que se mueven juntos a trav\u00e9s de un terreno r\u00edtmico complejo. Janisch alterna entre los bajos ac\u00fasticos y el\u00e9ctricos, dando forma al sonido del conjunto de abajo hacia arriba. Sus l\u00edneas son de apoyo y mel\u00f3dico, con frecuencia entran en primer plano durante las transiciones y solos. La bater\u00eda de Smith combina precisi\u00f3n con la voluntad de interrumpir las expectativas. Se mueve a la perfecci\u00f3n de pinceladas sutiles a retrocesos asertivos, anclando la m\u00fasica al tiempo que la impulsa hacia adelante.<\/p>\n<p>La escritura de Hart para este \u00e1lbum refleja un equilibrio entre la estructura intrincada y la libertad de improvisaci\u00f3n. La canci\u00f3n de apertura, &#8220;Winds of Change&#8221;, establece el tono con una forma inspirada en el informe meteorol\u00f3gico y coloreada por las florituras cl\u00e1sicas de Genovese. La pieza evoca las mareas cambiantes de la infancia de Hart en la costa de Cornualles, combinando el lirismo con complejidad r\u00edtmica. &#8220;Voodoo Grave&#8221; se basa en una figura r\u00edtmica del Caribe que se muta en una baraja de Nueva Orleans, que ilustra las instalaciones del grupo con surcos interculturales.<\/p>\n<p>&#8220;The Silver Lining&#8221; se basa en las ra\u00edces de jazz americanas de Janisch, presentando un pulso oscilante que se ve peri\u00f3dicamente por modulaciones m\u00e9tricas y desplazamientos r\u00edtmicos. &#8220;Where There a Will&#8221; presenta texturas electr\u00f3nicas (sintetizadores, graves el\u00e9ctricos y vibr\u00e1fono preparado) que demuestra el inter\u00e9s del grupo en los sonidos contempor\u00e1neos y las t\u00e9cnicas de producci\u00f3n. El resultado es una pista que hace referencia a las sensibilidades pop mientras se mantiene la sofisticaci\u00f3n r\u00edtmica, especialmente trabajando en una firma de 11\/8 de tiempo.<\/p>\n<div class=\"Elite_video_player\" id=\"444\">\n<div id=\"elite_options\" style=\"display:none;\">{&#8220;id&#8221;: 444, &#8220;InstanceName&#8221;: &#8220;Cloudmakers Trio&#8221;, &#8220;Videos&#8221;: ({&#8220;Videotipo&#8221;: &#8220;YouTube&#8221;, &#8220;T\u00edtulo&#8221;: &#8220;Cloudmakers Trio con Leo Genovese&#8221;, &#8220;Descripci\u00f3n&#8221;: &#8220;Una ca\u00edda de esperanza en el oc\u00e9ano de la incertidumbre&#8221;, &#8220;Informaci\u00f3n&#8221;: &#8220;Una ca\u00edda de la esperanza en el oc\u00e9ano de Incertidumbre &#8220;,&#8221; Thumbimg &#8220;:&#8221; https: \/\/jazzineurope.mfmmedia.nl \/wp-content \/uploads \/2018 \/10 \/jie-magazine-winter-20 18-TN-150X150.JPG &#8220;,&#8221; YouTubeId &#8220;:&#8221; tdlz_dbfq1o &#8220;,&#8221; prerollad &#8220;:&#8221; no &#8220;,&#8221; prerollgotolink &#8220;:&#8221; http: \/\/bit.ly \/2svu1ba &#8220;,&#8221; preeroll _mp4 &#8220;:&#8221; https: \/\/jazzineurope.mfmmedia.nl \/wp-content \/uploads \/2018 \/10 \/jazz-in-europe-magazine-winter-2018-prom O.MP4 &#8220;,&#8221; PrerollskipTimer &#8220;:&#8221; 10 &#8220;,&#8221; Midrollad &#8220;:&#8221; No &#8220;,&#8221; Midrollad_displayTime &#8220;:&#8221; Midrollad_displaytime &#8220;,&#8221; MidrollGotolink &#8220;:&#8221;: &#8221; MidrollGotolink &#8220;,&#8221; Midroll_mp4 &#8220;:&#8221; Midroll_mp4 &#8220;,&#8221; MidrollSkipTimer &#8220;:&#8221; MidrollSkipTimer &#8220;,&#8221; Postrollad &#8220;:&#8221; No &#8220;,&#8221; PostROTGOTO Enlace &#8220;:&#8221; postrollgotolink &#8220;,&#8221; postroll_mp4 &#8220;:&#8221; postroll_mp4 &#8220;,&#8221; postrollskiptimer &#8220;:&#8221; postrollskiptimer &#8220;,&#8221; popupadshow &#8220;:&#8221; no &#8220;,&#8221;, &#8220;,&#8221; popupimg &#8220;:&#8221; https: \/\/jazzineurope.mfmmedia.nl \/wp-content \/uploads \/2013 \/01  \/jazz-republic-radio-leaderboard.jpg &#8221; , &#8220;PopupadStartTime&#8221;: &#8220;12&#8221;, &#8220;Popupadendtime&#8221;: &#8220;20&#8221;, &#8220;PopupadGotolink&#8221;: &#8220;https: \/\/twitter.com \/jazzineu&#8221;}), &#8220;Enviar&#8221;: &#8220;Guardar Cambios &#8220;,&#8221; Instancetheme &#8220;:&#8221; Light &#8220;,&#8221; PlayerLayout &#8220;:&#8221; FitTocontainer &#8220;,&#8221; VideOplayerWidth &#8220;: 1006,&#8221; VideOplayerHeight &#8220;: 420,&#8221; VideoRatio &#8220;: 1.777777777777778,&#8221; VideAtiostretch &#8220;: False,&#8221; VideOplayersHadow &#8220;:&#8221; Effect3 &#8220;,&#8221; ColorAccent &#8220;:&#8221;#FF9100 &#8220;,&#8221; Posterimg &#8220;:&#8221; &#8220;,&#8221; PosterimgonvideOfinish &#8220;:&#8221; &#8220;,&#8221; Logoshow &#8220;:&#8221; S\u00ed &#8220;,&#8221; Logopath &#8220;:&#8221; Https: \/\/jazzineurope.mfm Media.nl \/wp-Content \/uploads \/2018 \/08  \/jie-logo-new-white-fininal-video-player.png &#8220;,&#8221; logoPosition &#8220;:&#8221; inferior-izquierda &#8220;,&#8221; logoclickable &#8220;:&#8221; s\u00ed &#8220;,&#8221; logogotolink &#8220;:&#8221; https: \/  \/Jazzineurope.mfmmedia.nl\/2018\/07\/bill-evans-an-insight-into-a-genius\/&#8221;oLowskipad&#8221;:True,&#8221;Advertisementtitle&#8221;:&#8221;Advertisement \u00ed anuncio &#8220;,&#8221; SkipAdText &#8220;:&#8221; Puedes omitir este anuncio en &#8220;,&#8221; playbtntooltiptxt &#8220;:&#8221; play &#8220;,&#8221; pauseBtTtooltiptxt &#8220;:&#8221; pausa &#8220;,&#8221; rewindBtTtoolTiptxt &#8220;:&#8221; Rewind &#8220;,&#8221; DownloadVideObtToolTiptxt &#8220;:&#8221; Descargar video &#8220;,&#8221; QualityBtNoPedToolTiptxt &#8220;:&#8221; Close Configuraci\u00f3n &#8220;,&#8221; QualityBtnClosedToolTiptxt &#8220;:&#8221; Configuraci\u00f3n &#8220;,&#8221; MuteBtnTtoolTiptxt &#8220;:&#8221; Mute &#8220;,&#8221; UnMuteBtnToolTiptxt &#8220;:&#8221; Unmute &#8220;,&#8221; FullScreenBtnToolTiptxt &#8220;:&#8221; FullScreen &#8220;,&#8221; ExitfullScreenBtnToLTipTxt &#8220;:&#8221; EXIT info &#8220;,&#8221; incredBtTtoolTiptxt &#8220;:&#8221; InSching &#8220;,&#8221; ShareBtTtoolTiptxt &#8220;:&#8221; Share &#8220;,&#8221; VolumetoolTiptxt &#8220;:&#8221; Volume, &#8220;PlayBtnCledTtoolTiptxt&#8221;: &#8220;Mostrar lista de reproducci\u00f3n&#8221;, &#8220;PlayListBtNoPenedToolTiptxt&#8221;: &#8220;Ocultar ListList&#8221;, &#8220;FacebookBtnTxtxt&#8221;: &#8220;Compartir&#8221; Compartir compartir &#8220;Compartir compartir&#8221; Facebook &#8220;,&#8221; TwitterBtnToolTiptxt &#8220;:&#8221; Compartir en Twitter &#8220;,&#8221; GooglePlusBtnToolTiptxt &#8220;:&#8221; Compartir en Google+&#8221;,&#8221; LastBtnToolTiptxt &#8220;:&#8221; Vaya al \u00faltimo video &#8220;,&#8221; FirstBtTtoolTiptxt &#8220;:&#8221; Vaya a First Video &#8220;,&#8221; NextBtnToolTiptxt &#8220;:&#8221; Play Next Video &#8220;,&#8221; Anteriorbtntooltiptxt: &#8220;Play Arior Video &#8220;,&#8221; ShuffleBtnonToolTiptxt &#8220;:&#8221; Shuffle on &#8220;,&#8221; ShuffleBtnofftooltiptxt &#8220;:&#8221; Shuffle Off &#8220;,&#8221; NowPlayingTooltiptxt &#8220;:&#8221; Now Playing &#8220;,&#8221; InScedWindowTitle1 &#8220;:&#8221; Compartir este reproductor: &#8220;,&#8221; InScuDwindowTitle2 &#8220;:&#8221; Embedido en su video en su sitio: &#8220;,&#8221; EmbedWindowtitle3: Player: &#8220;,&#8221; LightBox &#8220;: False,&#8221; LightBoxAutoPlay &#8220;: False,&#8221; LightBoxThumbnail &#8220;:&#8221; &#8220;,&#8221; LightBoxThumbnailWidth &#8220;: 400,&#8221; LightBoxThumbnailHeight &#8220;: 220,&#8221; LightboxClOSeOutsideclick &#8220;: True,&#8221; Onfinish: &#8220;Play Next Video &#8220;,&#8221; Autoplay &#8220;: False,&#8221; LoadRandomVideoonStart &#8220;:&#8221; No &#8220;,&#8221; Shuffle &#8220;:&#8221; No &#8220;,&#8221; Lista de reproducci\u00f3n &#8220;:&#8221; Off &#8220;,&#8221; PlayBehaviouronpageload &#8220;:&#8221; Se abri\u00f3 (predeterminado) &#8220;,&#8221; PlaylistScrollType &#8220;:&#8221; Light &#8220;,&#8221; PReloadSelfHosted &#8220;:&#8221; Ninguno &#8220;,&#8221; HidEvideOsource &#8220;: True,&#8221; ShowallControls &#8220;: True,&#8221; RightClickMenu &#8220;: True,&#8221; Autohidecontrols &#8220;: 2,&#8221; Hideco ntrolsonmouseout &#8220;:&#8221; no &#8220;,&#8221; NowplayingText &#8220;:&#8221; s\u00ed &#8220;,&#8221; infoShow &#8220;:&#8221; s\u00ed &#8220;,&#8221; shareshow &#8220;:&#8221; no &#8220;,&#8221; Facebookshow &#8220;:&#8221; s\u00ed &#8220;,&#8221; twittershow &#8220;:&#8221; s\u00ed &#8220;,&#8221; mailshow &#8220;:&#8221; s\u00ed &#8220;,&#8221; FacebookSharename &#8220;:&#8221; Bill &#8220;Bill&#8221; Evans: una visi\u00f3n de un genio &#8220;,&#8221; FacebookSharelink &#8220;:&#8221; https: \/\/jazzineurope.mfmmedia.nl \/2018 \/07 \/bill-evans-an-insight-en-a-Genius \/&#8221;,&#8221; FacebookSharedescription &#8220;:&#8221; Copenhagen Rehearsal Video 1966. &#8220;&#8221; &#8220;FacebookSharepicture&#8221;: &#8220;https: \/\/jazzineurope.mfmmedia.nl \/wp-content \/uploads \/2018 \/07  \/bill_evans_featured-new.jpg&#8221;, &#8220;TwitterText&#8221;: &#8220;Bill evans-una visi\u00f3n de A Genio. &#8220;,&#8221; TwitterLink &#8220;:&#8221; https: \/\/jazzineurope.mfmmedia.nl \/2018 \/07 \/bill-evans-an-insight-en-a-Genius \/&#8221;,&#8221; Twitterhashtags &#8220;:&#8221;#billevans #Jazzineurope &#8220;,&#8221; Twittervia &#8220;:&#8221; Jazzineu &#8220;,&#8221; GooglePlus &#8220;:&#8221; Https: \/\/jazzineurope.mfmmedia.nl \/2018 \/07 \/bill-evans-an-insight-into-a-Genius \/&#8221;,&#8221; InSciitado Show &#8220;:&#8221; No &#8220;,&#8221; InScEDCodesrc &#8220;:&#8221; &#8220;,&#8221; InScEDCodew &#8220;: 746,&#8221; IncodeCodeh &#8220;: 420,&#8221; InScuSharElink &#8220;:&#8221; Https: \/\/jazzineurope.mfmmedia.nl \/&#8221;,&#8221; YouTubecontrols &#8220;:&#8221; Custom Custom controls&#8221;,&#8221;youtubeSkin&#8221;:&#8221;light&#8221;,&#8221;youtubeColor&#8221;:&#8221;red&#8221;,&#8221;youtubeQuality&#8221;:&#8221;default&#8221;,&#8221;youtubeShowRelatedVideos&#8221;:&#8221;No&#8221;,&#8221;vimeoColor&#8221;:&#8221;00adef&#8221;,&#8221;showGlobalPrerollAds&#8221;:false,&#8221;globalPrerollAds&#8221;:&#8221;url1;url2;url3;url4;u RL5 &#8220;,&#8221; GlobalPrerolladsSkipTimer &#8220;: 5,&#8221; GlobalPreolladsGotolink &#8220;:&#8221; http: \/\/codeCanyon.net \/&#8221;,&#8221; videotipo &#8220;: &#8220;YouTube&#8221;, &#8220;RootFolder&#8221;: &#8220;https: \/\/jazzineurope.mfmmedia.nl \/wp-content \/plugins \/elite-video-player \/&#8221;}<\/div>\n<\/div>\n<p>Las baladas como &#8220;muy difunto&#8221; ofrecen momentos de reflexi\u00f3n y moderaci\u00f3n. Dedicado a Wayne Shorter, la pieza presenta el vibr\u00e1fono de Hart en un modo l\u00edrico, casi eleg\u00edaco, apoyado por las armon\u00edas discretas de Genovese. El \u00e1lbum se cierra con &#8220;New Beginings&#8221;, una pieza que hace referencia a la nueva energ\u00eda tra\u00edda por la participaci\u00f3n de Genovese. Aqu\u00ed, el cuarteto adopta una sensaci\u00f3n m\u00e1s directa y oscilante, se\u00f1alando tanto la continuidad como la renovaci\u00f3n.<\/p>\n<p>El t\u00edtulo del \u00e1lbum, *una gota de esperanza en el Oc\u00e9ano de la Incertidumbre *, encapsula la respuesta del grupo a la turbulencia del momento presente. Las notas del revestimiento de Hart enfatizan el papel de los artistas en ofrecer energ\u00eda positiva, por modesta, en tiempos desafiantes. Este ethos se refleja en el equilibrio de la m\u00fasica de complejidad y accesibilidad. Las composiciones a menudo son intrincadas, con medidores cambiantes y armon\u00edas en capas, pero el estado de \u00e1nimo general es de optimismo e impulso hacia adelante.<\/p>\n<p>Los valores de producci\u00f3n son altos en todo momento. La ingenier\u00eda de Okell en Abbey Road captura los matices de cada instrumento, lo que permite que brille la interacci\u00f3n del conjunto. El sonido es abierto y detallado, dando espacio tanto para la expresi\u00f3n individual como para el di\u00e1logo colectivo.<\/p>\n<p>Una caracter\u00edstica definitoria de esta grabaci\u00f3n es la disposici\u00f3n del grupo para adoptar la incertidumbre y el riesgo. El cuarteto frecuentemente se mueve entre secciones bien arregladas y episodios de improvisaci\u00f3n abierta. El enfoque de Genovese, marcado tanto por la instalaci\u00f3n t\u00e9cnica como por una sensaci\u00f3n de libertad, se agrupan la visi\u00f3n compositiva de Hart. La qu\u00edmica entre los cuatro m\u00fasicos es evidente en su capacidad de respuesta entre s\u00ed, ya sea en el contexto de piezas basadas en el surco o exploraciones m\u00e1s abstractas.<\/p>\n<p>El \u00e1lbum incluye varios momentos en los que el formato de tr\u00edo est\u00e1 en primer plano, como en &#8220;Faithyfly&#8221; y &#8220;Before and After&#8221;, proporcionando contraste y destacando las ra\u00edces del grupo. Estas pistas sirven como recordatorios de la identidad original del conjunto, incluso cuando la alineaci\u00f3n ampliada empuja a un nuevo territorio.<\/p>\n<p>Una ca\u00edda de esperanza en el oc\u00e9ano de incertidumbre* muestra una banda en transici\u00f3n, combinando lo familiarizado con lo inesperado. La adici\u00f3n de Leo Genovese ampl\u00eda la paleta de los Cloudmakers, lo que resulta en un conjunto de m\u00fasica que var\u00eda en el estado de \u00e1nimo y la textura, pero unificada por un compromiso con la exploraci\u00f3n creativa. El t\u00edtulo del \u00e1lbum habla de su esp\u00edritu: un gesto de optimismo y conexi\u00f3n en tiempos inciertos, articulado a trav\u00e9s de un lenguaje que es complejo y atractivo. El Cuarteto de Cloudmakers demuestra que, incluso despu\u00e9s de quince a\u00f1os, todav\u00eda hay mucho que descubrir en la intersecci\u00f3n de la composici\u00f3n, la improvisaci\u00f3n y la imaginaci\u00f3n colectiva.<\/p>\n<p><strong>Listado de pistas:<\/strong><\/p>\n<p>1. Vientos de cambio | 2. Voodoo Grave | 3. De vuelta del borde | 4. Antes y despu\u00e9s | 5. El forro plateado | 6. Verdadero al mismo tiempo | 7. fielmente | 8. Donde hay un testamento | 9. Correcci\u00f3n r\u00e1pida | 10. Distado | 11. Un oc\u00e9ano de gotas | 12. Nuevos comienzos<\/p>\n<p><strong>P\u00f3ngase en fila:<\/strong><\/p>\n<p>Jim Hart &#8211; Vibraphone and Compositions | Leo Genovese &#8211; Piano y Synthesizador de Profeta Secuencial 6 | Michael Janisch &#8211; bajos el\u00e9ctricos y dobles | Dave Smith &#8211; bater\u00eda y percusi\u00f3n<\/p>\n<p>Fecha de lanzamiento: 5 de abril de 2025<br \/>\nFormato: CD | LP | Transmisi\u00f3n<br \/>\nEtiqueta: Whirlwind Recordings<\/p>\n<div class=\"post-pagination\"><\/div>\n<div class=\"clearfix\"><\/div>\n<\/p><\/div>\n<p><script async src=\"https:\/\/platform.twitter.com\/widgets.js\" charset=\"utf-8\"><\/script><\/p>\n","protected":false},"excerpt":{"rendered":"<p>Quince a\u00f1os despu\u00e9s de su formaci\u00f3n, el tr\u00edo de fabricantes de nubes dan un paso decisivo con &#8220;una ca\u00edda de esperanza en el oc\u00e9ano de<\/p>\n","protected":false},"author":1,"featured_media":3766,"comment_status":"closed","ping_status":"","sticky":false,"template":"","format":"standard","meta":{"footnotes":""},"categories":[4],"tags":[3203,3205,3204,3207,3206,3150,2765,191],"class_list":["post-3765","post","type-post","status-publish","format-standard","has-post-thumbnail","hentry","category-critica","tag-cloudmakers","tag-esperanza","tag-gota","tag-incertidumbre","tag-oceano","tag-revision","tag-trio","tag-una","generate-columns","tablet-grid-50","mobile-grid-100","grid-parent","grid-50"],"yoast_head":"<!-- This site is optimized with the Yoast SEO plugin v23.3 - https:\/\/yoast.com\/wordpress\/plugins\/seo\/ -->\n<title>Revisi\u00f3n de CD: Cloudmakers Trio, una gota de esperanza en el oc\u00e9ano de la incertidumbre<\/title>\n<meta name=\"robots\" content=\"index, follow, max-snippet:-1, max-image-preview:large, max-video-preview:-1\" \/>\n<link rel=\"canonical\" href=\"https:\/\/web.consaguirre.com.ar\/noticias\/revision-de-cd-cloudmakers-trio-una-gota-de-esperanza-en-el-oceano-de-la-incertidumbre\/\" \/>\n<meta property=\"og:locale\" content=\"es_ES\" \/>\n<meta property=\"og:type\" content=\"article\" \/>\n<meta property=\"og:title\" content=\"Revisi\u00f3n de CD: Cloudmakers Trio, una gota de esperanza en el oc\u00e9ano de la incertidumbre\" \/>\n<meta property=\"og:description\" content=\"Quince a\u00f1os despu\u00e9s de su formaci\u00f3n, el tr\u00edo de fabricantes de nubes dan un paso decisivo con &#8220;una ca\u00edda de esperanza en el oc\u00e9ano de\" \/>\n<meta property=\"og:url\" content=\"https:\/\/web.consaguirre.com.ar\/noticias\/revision-de-cd-cloudmakers-trio-una-gota-de-esperanza-en-el-oceano-de-la-incertidumbre\/\" \/>\n<meta property=\"og:site_name\" content=\"Conservatorio de M\u00fasica Juli\u00e1n Aguirre\" \/>\n<meta property=\"article:published_time\" content=\"2025-09-18T16:39:01+00:00\" \/>\n<meta property=\"og:image\" content=\"https:\/\/web.consaguirre.com.ar\/noticias\/wp-content\/uploads\/2025\/09\/Revision-de-CD-Cloudmakers-Trio-una-gota-de-esperanza-en.jpg\" \/>\n\t<meta property=\"og:image:width\" content=\"300\" \/>\n\t<meta property=\"og:image:height\" content=\"300\" \/>\n\t<meta property=\"og:image:type\" content=\"image\/jpeg\" \/>\n<meta name=\"author\" content=\"Javier Figueroa\" \/>\n<meta name=\"twitter:card\" content=\"summary_large_image\" \/>\n<meta name=\"twitter:label1\" content=\"Escrito por\" \/>\n\t<meta name=\"twitter:data1\" content=\"Javier Figueroa\" \/>\n\t<meta name=\"twitter:label2\" content=\"Tiempo de lectura\" \/>\n\t<meta name=\"twitter:data2\" content=\"8 minutos\" \/>\n<script type=\"application\/ld+json\" class=\"yoast-schema-graph\">{\"@context\":\"https:\/\/schema.org\",\"@graph\":[{\"@type\":\"Article\",\"@id\":\"https:\/\/web.consaguirre.com.ar\/noticias\/revision-de-cd-cloudmakers-trio-una-gota-de-esperanza-en-el-oceano-de-la-incertidumbre\/#article\",\"isPartOf\":{\"@id\":\"https:\/\/web.consaguirre.com.ar\/noticias\/revision-de-cd-cloudmakers-trio-una-gota-de-esperanza-en-el-oceano-de-la-incertidumbre\/\"},\"author\":{\"name\":\"Javier Figueroa\",\"@id\":\"https:\/\/web.consaguirre.com.ar\/noticias\/#\/schema\/person\/6558b0cfedee7ddc5425602b237d5722\"},\"headline\":\"Revisi\u00f3n de CD: Cloudmakers Trio, una gota de esperanza en el oc\u00e9ano de la incertidumbre\",\"datePublished\":\"2025-09-18T16:39:01+00:00\",\"dateModified\":\"2025-09-18T16:39:01+00:00\",\"mainEntityOfPage\":{\"@id\":\"https:\/\/web.consaguirre.com.ar\/noticias\/revision-de-cd-cloudmakers-trio-una-gota-de-esperanza-en-el-oceano-de-la-incertidumbre\/\"},\"wordCount\":1685,\"publisher\":{\"@id\":\"https:\/\/web.consaguirre.com.ar\/noticias\/#organization\"},\"image\":{\"@id\":\"https:\/\/web.consaguirre.com.ar\/noticias\/revision-de-cd-cloudmakers-trio-una-gota-de-esperanza-en-el-oceano-de-la-incertidumbre\/#primaryimage\"},\"thumbnailUrl\":\"https:\/\/web.consaguirre.com.ar\/noticias\/wp-content\/uploads\/2025\/09\/Revision-de-CD-Cloudmakers-Trio-una-gota-de-esperanza-en.jpg\",\"keywords\":[\"Cloudmakers\",\"esperanza\",\"gota\",\"incertidumbre\",\"oc\u00e9ano\",\"Revisi\u00f3n\",\"tr\u00edo\",\"una\"],\"articleSection\":[\"Cr\u00edtica\"],\"inLanguage\":\"es-AR\"},{\"@type\":\"WebPage\",\"@id\":\"https:\/\/web.consaguirre.com.ar\/noticias\/revision-de-cd-cloudmakers-trio-una-gota-de-esperanza-en-el-oceano-de-la-incertidumbre\/\",\"url\":\"https:\/\/web.consaguirre.com.ar\/noticias\/revision-de-cd-cloudmakers-trio-una-gota-de-esperanza-en-el-oceano-de-la-incertidumbre\/\",\"name\":\"Revisi\u00f3n de CD: Cloudmakers Trio, una gota de esperanza en el oc\u00e9ano de la incertidumbre\",\"isPartOf\":{\"@id\":\"https:\/\/web.consaguirre.com.ar\/noticias\/#website\"},\"primaryImageOfPage\":{\"@id\":\"https:\/\/web.consaguirre.com.ar\/noticias\/revision-de-cd-cloudmakers-trio-una-gota-de-esperanza-en-el-oceano-de-la-incertidumbre\/#primaryimage\"},\"image\":{\"@id\":\"https:\/\/web.consaguirre.com.ar\/noticias\/revision-de-cd-cloudmakers-trio-una-gota-de-esperanza-en-el-oceano-de-la-incertidumbre\/#primaryimage\"},\"thumbnailUrl\":\"https:\/\/web.consaguirre.com.ar\/noticias\/wp-content\/uploads\/2025\/09\/Revision-de-CD-Cloudmakers-Trio-una-gota-de-esperanza-en.jpg\",\"datePublished\":\"2025-09-18T16:39:01+00:00\",\"dateModified\":\"2025-09-18T16:39:01+00:00\",\"breadcrumb\":{\"@id\":\"https:\/\/web.consaguirre.com.ar\/noticias\/revision-de-cd-cloudmakers-trio-una-gota-de-esperanza-en-el-oceano-de-la-incertidumbre\/#breadcrumb\"},\"inLanguage\":\"es-AR\",\"potentialAction\":[{\"@type\":\"ReadAction\",\"target\":[\"https:\/\/web.consaguirre.com.ar\/noticias\/revision-de-cd-cloudmakers-trio-una-gota-de-esperanza-en-el-oceano-de-la-incertidumbre\/\"]}]},{\"@type\":\"ImageObject\",\"inLanguage\":\"es-AR\",\"@id\":\"https:\/\/web.consaguirre.com.ar\/noticias\/revision-de-cd-cloudmakers-trio-una-gota-de-esperanza-en-el-oceano-de-la-incertidumbre\/#primaryimage\",\"url\":\"https:\/\/web.consaguirre.com.ar\/noticias\/wp-content\/uploads\/2025\/09\/Revision-de-CD-Cloudmakers-Trio-una-gota-de-esperanza-en.jpg\",\"contentUrl\":\"https:\/\/web.consaguirre.com.ar\/noticias\/wp-content\/uploads\/2025\/09\/Revision-de-CD-Cloudmakers-Trio-una-gota-de-esperanza-en.jpg\",\"width\":300,\"height\":300,\"caption\":\"Revisi\u00f3n de CD: Cloudmakers Trio, una gota de esperanza en el oc\u00e9ano de la incertidumbre\"},{\"@type\":\"BreadcrumbList\",\"@id\":\"https:\/\/web.consaguirre.com.ar\/noticias\/revision-de-cd-cloudmakers-trio-una-gota-de-esperanza-en-el-oceano-de-la-incertidumbre\/#breadcrumb\",\"itemListElement\":[{\"@type\":\"ListItem\",\"position\":1,\"name\":\"Inicio\",\"item\":\"https:\/\/web.consaguirre.com.ar\/noticias\/\"},{\"@type\":\"ListItem\",\"position\":2,\"name\":\"Revisi\u00f3n de CD: Cloudmakers Trio, una gota de esperanza en el oc\u00e9ano de la incertidumbre\"}]},{\"@type\":\"WebSite\",\"@id\":\"https:\/\/web.consaguirre.com.ar\/noticias\/#website\",\"url\":\"https:\/\/web.consaguirre.com.ar\/noticias\/\",\"name\":\"Conservatorio de M\u00fasica Juli\u00e1n Aguirre\",\"description\":\"\",\"publisher\":{\"@id\":\"https:\/\/web.consaguirre.com.ar\/noticias\/#organization\"},\"potentialAction\":[{\"@type\":\"SearchAction\",\"target\":{\"@type\":\"EntryPoint\",\"urlTemplate\":\"https:\/\/web.consaguirre.com.ar\/noticias\/?s={search_term_string}\"},\"query-input\":\"required name=search_term_string\"}],\"inLanguage\":\"es-AR\"},{\"@type\":\"Organization\",\"@id\":\"https:\/\/web.consaguirre.com.ar\/noticias\/#organization\",\"name\":\"Conservatorio de M\u00fasica Juli\u00e1n Aguirre\",\"url\":\"https:\/\/web.consaguirre.com.ar\/noticias\/\",\"logo\":{\"@type\":\"ImageObject\",\"inLanguage\":\"es-AR\",\"@id\":\"https:\/\/web.consaguirre.com.ar\/noticias\/#\/schema\/logo\/image\/\",\"url\":\"https:\/\/web.consaguirre.com.ar\/noticias\/wp-content\/uploads\/2024\/08\/Banner-Aguirre-23.jpg\",\"contentUrl\":\"https:\/\/web.consaguirre.com.ar\/noticias\/wp-content\/uploads\/2024\/08\/Banner-Aguirre-23.jpg\",\"width\":1192,\"height\":600,\"caption\":\"Conservatorio de M\u00fasica Juli\u00e1n Aguirre\"},\"image\":{\"@id\":\"https:\/\/web.consaguirre.com.ar\/noticias\/#\/schema\/logo\/image\/\"}},{\"@type\":\"Person\",\"@id\":\"https:\/\/web.consaguirre.com.ar\/noticias\/#\/schema\/person\/6558b0cfedee7ddc5425602b237d5722\",\"name\":\"Javier Figueroa\",\"image\":{\"@type\":\"ImageObject\",\"inLanguage\":\"es-AR\",\"@id\":\"https:\/\/web.consaguirre.com.ar\/noticias\/#\/schema\/person\/image\/\",\"url\":\"https:\/\/web.consaguirre.com.ar\/noticias\/wp-content\/uploads\/2024\/08\/Consaguirre-scaled.jpg\",\"contentUrl\":\"https:\/\/web.consaguirre.com.ar\/noticias\/wp-content\/uploads\/2024\/08\/Consaguirre-scaled.jpg\",\"caption\":\"Javier Figueroa\"},\"description\":\"Me llamo Javier Figueroa y soy redactor para el sitio oficial del Conservatorio de M\u00fasica Juli\u00e1n Aguirre en Buenos Aires, consaguirre.com. Apasionado por la m\u00fasica y la escritura, me esfuerzo por destacar los talentos y eventos de nuestra prestigiosa instituci\u00f3n. Mi trayectoria se nutre de una profunda admiraci\u00f3n por los artistas, haciendo de cada art\u00edculo una celebraci\u00f3n de la creatividad y la cultura musical.\",\"sameAs\":[\"https:\/\/web.consaguirre.com.ar\/noticias\"]}]}<\/script>\n<!-- \/ Yoast SEO plugin. -->","yoast_head_json":{"title":"Revisi\u00f3n de CD: Cloudmakers Trio, una gota de esperanza en el oc\u00e9ano de la incertidumbre","robots":{"index":"index","follow":"follow","max-snippet":"max-snippet:-1","max-image-preview":"max-image-preview:large","max-video-preview":"max-video-preview:-1"},"canonical":"https:\/\/web.consaguirre.com.ar\/noticias\/revision-de-cd-cloudmakers-trio-una-gota-de-esperanza-en-el-oceano-de-la-incertidumbre\/","og_locale":"es_ES","og_type":"article","og_title":"Revisi\u00f3n de CD: Cloudmakers Trio, una gota de esperanza en el oc\u00e9ano de la incertidumbre","og_description":"Quince a\u00f1os despu\u00e9s de su formaci\u00f3n, el tr\u00edo de fabricantes de nubes dan un paso decisivo con &#8220;una ca\u00edda de esperanza en el oc\u00e9ano de","og_url":"https:\/\/web.consaguirre.com.ar\/noticias\/revision-de-cd-cloudmakers-trio-una-gota-de-esperanza-en-el-oceano-de-la-incertidumbre\/","og_site_name":"Conservatorio de M\u00fasica Juli\u00e1n Aguirre","article_published_time":"2025-09-18T16:39:01+00:00","og_image":[{"width":300,"height":300,"url":"https:\/\/web.consaguirre.com.ar\/noticias\/wp-content\/uploads\/2025\/09\/Revision-de-CD-Cloudmakers-Trio-una-gota-de-esperanza-en.jpg","type":"image\/jpeg"}],"author":"Javier Figueroa","twitter_card":"summary_large_image","twitter_misc":{"Escrito por":"Javier Figueroa","Tiempo de lectura":"8 minutos"},"schema":{"@context":"https:\/\/schema.org","@graph":[{"@type":"Article","@id":"https:\/\/web.consaguirre.com.ar\/noticias\/revision-de-cd-cloudmakers-trio-una-gota-de-esperanza-en-el-oceano-de-la-incertidumbre\/#article","isPartOf":{"@id":"https:\/\/web.consaguirre.com.ar\/noticias\/revision-de-cd-cloudmakers-trio-una-gota-de-esperanza-en-el-oceano-de-la-incertidumbre\/"},"author":{"name":"Javier Figueroa","@id":"https:\/\/web.consaguirre.com.ar\/noticias\/#\/schema\/person\/6558b0cfedee7ddc5425602b237d5722"},"headline":"Revisi\u00f3n de CD: Cloudmakers Trio, una gota de esperanza en el oc\u00e9ano de la incertidumbre","datePublished":"2025-09-18T16:39:01+00:00","dateModified":"2025-09-18T16:39:01+00:00","mainEntityOfPage":{"@id":"https:\/\/web.consaguirre.com.ar\/noticias\/revision-de-cd-cloudmakers-trio-una-gota-de-esperanza-en-el-oceano-de-la-incertidumbre\/"},"wordCount":1685,"publisher":{"@id":"https:\/\/web.consaguirre.com.ar\/noticias\/#organization"},"image":{"@id":"https:\/\/web.consaguirre.com.ar\/noticias\/revision-de-cd-cloudmakers-trio-una-gota-de-esperanza-en-el-oceano-de-la-incertidumbre\/#primaryimage"},"thumbnailUrl":"https:\/\/web.consaguirre.com.ar\/noticias\/wp-content\/uploads\/2025\/09\/Revision-de-CD-Cloudmakers-Trio-una-gota-de-esperanza-en.jpg","keywords":["Cloudmakers","esperanza","gota","incertidumbre","oc\u00e9ano","Revisi\u00f3n","tr\u00edo","una"],"articleSection":["Cr\u00edtica"],"inLanguage":"es-AR"},{"@type":"WebPage","@id":"https:\/\/web.consaguirre.com.ar\/noticias\/revision-de-cd-cloudmakers-trio-una-gota-de-esperanza-en-el-oceano-de-la-incertidumbre\/","url":"https:\/\/web.consaguirre.com.ar\/noticias\/revision-de-cd-cloudmakers-trio-una-gota-de-esperanza-en-el-oceano-de-la-incertidumbre\/","name":"Revisi\u00f3n de CD: Cloudmakers Trio, una gota de esperanza en el oc\u00e9ano de la incertidumbre","isPartOf":{"@id":"https:\/\/web.consaguirre.com.ar\/noticias\/#website"},"primaryImageOfPage":{"@id":"https:\/\/web.consaguirre.com.ar\/noticias\/revision-de-cd-cloudmakers-trio-una-gota-de-esperanza-en-el-oceano-de-la-incertidumbre\/#primaryimage"},"image":{"@id":"https:\/\/web.consaguirre.com.ar\/noticias\/revision-de-cd-cloudmakers-trio-una-gota-de-esperanza-en-el-oceano-de-la-incertidumbre\/#primaryimage"},"thumbnailUrl":"https:\/\/web.consaguirre.com.ar\/noticias\/wp-content\/uploads\/2025\/09\/Revision-de-CD-Cloudmakers-Trio-una-gota-de-esperanza-en.jpg","datePublished":"2025-09-18T16:39:01+00:00","dateModified":"2025-09-18T16:39:01+00:00","breadcrumb":{"@id":"https:\/\/web.consaguirre.com.ar\/noticias\/revision-de-cd-cloudmakers-trio-una-gota-de-esperanza-en-el-oceano-de-la-incertidumbre\/#breadcrumb"},"inLanguage":"es-AR","potentialAction":[{"@type":"ReadAction","target":["https:\/\/web.consaguirre.com.ar\/noticias\/revision-de-cd-cloudmakers-trio-una-gota-de-esperanza-en-el-oceano-de-la-incertidumbre\/"]}]},{"@type":"ImageObject","inLanguage":"es-AR","@id":"https:\/\/web.consaguirre.com.ar\/noticias\/revision-de-cd-cloudmakers-trio-una-gota-de-esperanza-en-el-oceano-de-la-incertidumbre\/#primaryimage","url":"https:\/\/web.consaguirre.com.ar\/noticias\/wp-content\/uploads\/2025\/09\/Revision-de-CD-Cloudmakers-Trio-una-gota-de-esperanza-en.jpg","contentUrl":"https:\/\/web.consaguirre.com.ar\/noticias\/wp-content\/uploads\/2025\/09\/Revision-de-CD-Cloudmakers-Trio-una-gota-de-esperanza-en.jpg","width":300,"height":300,"caption":"Revisi\u00f3n de CD: Cloudmakers Trio, una gota de esperanza en el oc\u00e9ano de la incertidumbre"},{"@type":"BreadcrumbList","@id":"https:\/\/web.consaguirre.com.ar\/noticias\/revision-de-cd-cloudmakers-trio-una-gota-de-esperanza-en-el-oceano-de-la-incertidumbre\/#breadcrumb","itemListElement":[{"@type":"ListItem","position":1,"name":"Inicio","item":"https:\/\/web.consaguirre.com.ar\/noticias\/"},{"@type":"ListItem","position":2,"name":"Revisi\u00f3n de CD: Cloudmakers Trio, una gota de esperanza en el oc\u00e9ano de la incertidumbre"}]},{"@type":"WebSite","@id":"https:\/\/web.consaguirre.com.ar\/noticias\/#website","url":"https:\/\/web.consaguirre.com.ar\/noticias\/","name":"Conservatorio de M\u00fasica Juli\u00e1n Aguirre","description":"","publisher":{"@id":"https:\/\/web.consaguirre.com.ar\/noticias\/#organization"},"potentialAction":[{"@type":"SearchAction","target":{"@type":"EntryPoint","urlTemplate":"https:\/\/web.consaguirre.com.ar\/noticias\/?s={search_term_string}"},"query-input":"required name=search_term_string"}],"inLanguage":"es-AR"},{"@type":"Organization","@id":"https:\/\/web.consaguirre.com.ar\/noticias\/#organization","name":"Conservatorio de M\u00fasica Juli\u00e1n Aguirre","url":"https:\/\/web.consaguirre.com.ar\/noticias\/","logo":{"@type":"ImageObject","inLanguage":"es-AR","@id":"https:\/\/web.consaguirre.com.ar\/noticias\/#\/schema\/logo\/image\/","url":"https:\/\/web.consaguirre.com.ar\/noticias\/wp-content\/uploads\/2024\/08\/Banner-Aguirre-23.jpg","contentUrl":"https:\/\/web.consaguirre.com.ar\/noticias\/wp-content\/uploads\/2024\/08\/Banner-Aguirre-23.jpg","width":1192,"height":600,"caption":"Conservatorio de M\u00fasica Juli\u00e1n Aguirre"},"image":{"@id":"https:\/\/web.consaguirre.com.ar\/noticias\/#\/schema\/logo\/image\/"}},{"@type":"Person","@id":"https:\/\/web.consaguirre.com.ar\/noticias\/#\/schema\/person\/6558b0cfedee7ddc5425602b237d5722","name":"Javier Figueroa","image":{"@type":"ImageObject","inLanguage":"es-AR","@id":"https:\/\/web.consaguirre.com.ar\/noticias\/#\/schema\/person\/image\/","url":"https:\/\/web.consaguirre.com.ar\/noticias\/wp-content\/uploads\/2024\/08\/Consaguirre-scaled.jpg","contentUrl":"https:\/\/web.consaguirre.com.ar\/noticias\/wp-content\/uploads\/2024\/08\/Consaguirre-scaled.jpg","caption":"Javier Figueroa"},"description":"Me llamo Javier Figueroa y soy redactor para el sitio oficial del Conservatorio de M\u00fasica Juli\u00e1n Aguirre en Buenos Aires, consaguirre.com. Apasionado por la m\u00fasica y la escritura, me esfuerzo por destacar los talentos y eventos de nuestra prestigiosa instituci\u00f3n. Mi trayectoria se nutre de una profunda admiraci\u00f3n por los artistas, haciendo de cada art\u00edculo una celebraci\u00f3n de la creatividad y la cultura musical.","sameAs":["https:\/\/web.consaguirre.com.ar\/noticias"]}]}},"_links":{"self":[{"href":"https:\/\/web.consaguirre.com.ar\/noticias\/wp-json\/wp\/v2\/posts\/3765"}],"collection":[{"href":"https:\/\/web.consaguirre.com.ar\/noticias\/wp-json\/wp\/v2\/posts"}],"about":[{"href":"https:\/\/web.consaguirre.com.ar\/noticias\/wp-json\/wp\/v2\/types\/post"}],"author":[{"embeddable":true,"href":"https:\/\/web.consaguirre.com.ar\/noticias\/wp-json\/wp\/v2\/users\/1"}],"replies":[{"embeddable":true,"href":"https:\/\/web.consaguirre.com.ar\/noticias\/wp-json\/wp\/v2\/comments?post=3765"}],"version-history":[{"count":1,"href":"https:\/\/web.consaguirre.com.ar\/noticias\/wp-json\/wp\/v2\/posts\/3765\/revisions"}],"predecessor-version":[{"id":3767,"href":"https:\/\/web.consaguirre.com.ar\/noticias\/wp-json\/wp\/v2\/posts\/3765\/revisions\/3767"}],"wp:featuredmedia":[{"embeddable":true,"href":"https:\/\/web.consaguirre.com.ar\/noticias\/wp-json\/wp\/v2\/media\/3766"}],"wp:attachment":[{"href":"https:\/\/web.consaguirre.com.ar\/noticias\/wp-json\/wp\/v2\/media?parent=3765"}],"wp:term":[{"taxonomy":"category","embeddable":true,"href":"https:\/\/web.consaguirre.com.ar\/noticias\/wp-json\/wp\/v2\/categories?post=3765"},{"taxonomy":"post_tag","embeddable":true,"href":"https:\/\/web.consaguirre.com.ar\/noticias\/wp-json\/wp\/v2\/tags?post=3765"}],"curies":[{"name":"wp","href":"https:\/\/api.w.org\/{rel}","templated":true}]}}