{"id":3759,"date":"2025-09-18T10:38:37","date_gmt":"2025-09-18T13:38:37","guid":{"rendered":"https:\/\/web.consaguirre.com.ar\/noticias\/revision-de-cd-joe-sanders-parallels\/"},"modified":"2025-09-18T10:38:37","modified_gmt":"2025-09-18T13:38:37","slug":"revision-de-cd-joe-sanders-parallels","status":"publish","type":"post","link":"https:\/\/web.consaguirre.com.ar\/noticias\/revision-de-cd-joe-sanders-parallels\/","title":{"rendered":"Revisi\u00f3n de CD: Joe Sanders, Parallels"},"content":{"rendered":"<div class=\"entry\" itemprop=\"text\">\n<p><em><strong>&#8220;Parallels&#8221; de Joe Sanders, su tercero como l\u00edder, es un \u00e1lbum que busca capturar la complejidad y amplitud del viaje musical del bajista hasta ahora. Lanzado en Whirlwind Recordings, el proyecto se divide entre las grabaciones en vivo del Jazz En T\u00eate Festival en Francia y una selecci\u00f3n de pistas de estudio, algunas de las cuales presentan colaboradores invitados, mientras que otros est\u00e1n construidos solo por Sanders. Esta estructura dual no es solo un dispositivo formal, sino tambi\u00e9n un reflejo de la preocupaci\u00f3n central del \u00e1lbum: la coexistencia de diferentes identidades musicales, experiencias y procesos.<\/strong><\/em><\/p>\n<p>La primera mitad del \u00e1lbum se basa en un set en vivo con el cuarteto de trabajo de Sanders: Logan Richardson (saxof\u00f3n alto), Seamus Blake (saxof\u00f3n tenor) y Gregory Hutchinson (bater\u00eda). El entorno en vivo es inmediatamente evidente en la interacci\u00f3n del grupo. &#8220;Dualidades&#8221; abre el disco con una sensaci\u00f3n de urgencia y cohesi\u00f3n, los cuernos se tejen alrededor de las l\u00edneas de bajo de Sanders mientras la bater\u00eda de Hutchinson empuja y tira del tempo. La comunicaci\u00f3n del grupo es atenta y receptiva, y cada miembro contribuye a la forma en evoluci\u00f3n de la m\u00fasica.<\/p>\n<p>&#8220;J&#8217;ai&#8221; se destaca por su impulso r\u00edtmico y la calidad de conversaci\u00f3n de las improvisaciones. Sanders y Hutchinson demuestran una fuerte asociaci\u00f3n r\u00edtmica, manteniendo un surco que es flexible y asertivo. Los saxofonistas intercambian ideas con claridad, sus solos marcados por un sentido de direcci\u00f3n en lugar de exceso. Las pistas en vivo se benefician de la presencia de una audiencia, que parece energizar a los artistas y fomentar la toma de riesgos. El resultado es un conjunto de actuaciones que se sienten inmediatas y no forzadas, con un enfoque colectivo que a veces es m\u00e1s dif\u00edcil de lograr en el estudio.<\/p>\n<p>La segunda mitad del \u00e1lbum cambia al estudio, donde Sanders explora un conjunto diferente de posibilidades. Aqu\u00ed, la m\u00fasica se vuelve m\u00e1s variada en textura y estado de \u00e1nimo. La canci\u00f3n principal, &#8220;Parallels&#8221;, es una pieza en solitario para el bajo doble, destacando la instalaci\u00f3n t\u00e9cnica de Sanders y la sensibilidad mel\u00f3dica. La ausencia de otros instrumentos llama la atenci\u00f3n sobre los matices de su interpretaci\u00f3n, desde la articulaci\u00f3n de notas individuales hasta la configuraci\u00f3n de frases.<\/p>\n<p>&#8220;Amalfi&#8221; presenta a los m\u00fasicos invitados Jure Pukl (saxof\u00f3n tenor) y Taylor Eigsti (teclados), trayendo una atm\u00f3sfera m\u00e1s ligera y l\u00edrica. La composici\u00f3n es menos estrechamente herida que el material vivo, con una calidad abierta, casi pastoral. &#8220;Orangleu&#8221; y &#8220;The Rise and Fall of Pipokuhn&#8221; est\u00e1n m\u00faltiples de seguimiento por Sanders, quien coloca bajo, teclados y percusi\u00f3n para crear mundos de sonido intrincados y aut\u00f3nomos. Estas pistas incorporan influencias de Funk, R&#038;B y m\u00fasica electr\u00f3nica, que demuestran el inter\u00e9s de Sanders en los g\u00e9neros m\u00e1s all\u00e1 del jazz.<\/p>\n<p>&#8220;La Vie Sur La Terre&#8221; es notable por su inclusi\u00f3n del hijo peque\u00f1o de Sanders en Melodica, un gesto que introduce una nota personal y juguetona. La suave melod\u00eda y el arreglo m\u00ednimo de la canci\u00f3n proporcionan un contraste con los momentos m\u00e1s intensos en otras partes del \u00e1lbum. Esta disposici\u00f3n a incluir la familia y la vulnerabilidad en primer plano es un tema recurrente en el trabajo reciente de Sanders.<\/p>\n<p>Las composiciones de Sanders en &#8220;paralelos&#8221; est\u00e1n marcadas por un equilibrio entre la estructura y la apertura. Las pistas en vivo se basan en ideas claras mel\u00f3dicas y r\u00edtmicas, pero dejan un amplio espacio para la improvisaci\u00f3n. Las piezas del estudio, aunque m\u00e1s arregladas, a\u00fan permiten momentos de espontaneidad, particularmente en la interacci\u00f3n entre Sanders y sus invitados. En todo momento, el toque de bajo de Sanders es central, no solo como un ancla r\u00edtmica sino como una voz mel\u00f3dica y arm\u00f3nica.<\/p>\n<p><img loading=\"lazy\" decoding=\"async\" class=\"aligncenter wp-image-62647 size-large\" src=\"https:\/\/web.consaguirre.com.ar\/noticias\/wp-content\/uploads\/2025\/06\/1751060405_624_Joe-Sanders-Parallel-Paths-and-finding-his-unique-voice.jpg\" alt=\"\" width=\"1024\" height=\"576\"  ><\/p>\n<p>El t\u00edtulo y la estructura del \u00e1lbum reflejan la intenci\u00f3n de Sanders de presentar diferentes aspectos de su identidad musical. La yuxtaposici\u00f3n de las grabaciones en vivo y de estudio, actuaciones grupales y esfuerzos en solitario refleja la multiplicidad de influencias y experiencias que informan su trabajo. En lugar de buscar unificar estos elementos en un solo estilo, Sanders les permite coexistir, invitando a los oyentes a considerar las conexiones y contrastes entre ellos.<\/p>\n<p>Los &#8220;paralelos&#8221; se pueden escuchar como un documento del desarrollo art\u00edstico en curso de Sanders. El \u00e1lbum no intenta proporcionar respuestas definitivas o establecerse en una est\u00e9tica fija. En cambio, presenta una serie de situaciones musicales: algunas colectivas, algunas solitarias; Algunos en\u00e9rgicos, algunos introspectivos e invitan al oyente a interactuar con ellos en sus propios t\u00e9rminos.<\/p>\n<p>La diversidad del material puede sorprender a algunos como ecl\u00e9cticos, pero se basa en la presencia constante de Sanders como bajista, compositor y productor. Su disposici\u00f3n a experimentar con diferentes formatos e incluir elementos personales, como la contribuci\u00f3n de su hijo, sugiere un m\u00fasico interesado en el crecimiento y en la representaci\u00f3n honesta de su experiencia.<\/p>\n<p>En conclusi\u00f3n, &#8220;Parallels&#8221; es un \u00e1lbum que resiste la categorizaci\u00f3n f\u00e1cil. Al combinar grabaciones en vivo y de estudio, interacci\u00f3n grupal y trabajo en solitario, Sanders ofrece una imagen multifac\u00e9tica de su mundo musical. Los contrastes del \u00e1lbum son deliberados y significativos, lo que refleja las realidades de un m\u00fasico de jazz contempor\u00e1neo que navega por m\u00faltiples contextos e influencias. Los oyentes encontrar\u00e1n momentos de intensidad, lirismo y experimentaci\u00f3n, todos anclados por la voz distintiva de Sanders en el bajo. El \u00e1lbum se destaca como una exploraci\u00f3n reflexiva de las intersecciones, los paralelos, entre diferentes modos de hacer m\u00fasica.<\/p>\n<p><strong>Listado de pistas:<\/strong><\/p>\n<p>1. Dualidades | 2. Gran&#8217;ma | 3. J&#8217;ai | 4. La Vie Sur La Terre | 5. Paralelismos | 6. Amalfi | 7. Alineado | 8. El ascenso y la ca\u00edda de Pipokuhn | 9. OrangeBleu | 10. DH<\/p>\n<p><strong>P\u00f3ngase en fila:<\/strong><\/p>\n<p>Joe Sanders: bajo doble, bajo el\u00e9ctrico, tambores, piano, voz, programaci\u00f3n | Logan Richardson-Saxof\u00f3n Alto (1-4) | Seamus Blake-Saxof\u00f3n tenor (1-4) | Taylor Eigsti &#8211; piano y teclados (10) | Greg Hutchinson-Drums (1-4) | Jure Pukl &#8211; Saxof\u00f3n tenor (6) | Eliot\u00e9 Sanders &#8211; Melodica (4)<\/p>\n<p>Fecha de lanzamiento: 11 de octubre de 2024<br \/>\nFormato: CD | LP | Transmisi\u00f3n<br \/>\nEtiqueta: Whirlwind Recordings<\/p>\n<p><img loading=\"lazy\" decoding=\"async\" class=\"size-medium wp-image-36519 aligncenter\" src=\"https:\/\/web.consaguirre.com.ar\/noticias\/wp-content\/uploads\/2024\/08\/1724715697_68_Resena-de-CD-Hyeonseon-Baek-Longing.png\" alt=\"\" width=\"300\" height=\"43\"  ><\/p>\n<p><img loading=\"lazy\" decoding=\"async\" class=\"aligncenter wp-image-62430 size-full\" src=\"https:\/\/web.consaguirre.com.ar\/noticias\/wp-content\/uploads\/2025\/06\/1751060405_83_Joe-Sanders-Parallel-Paths-and-finding-his-unique-voice.jpg\" rel=\"prettyPhoto\" alt=\"\" width=\"1080\" height=\"262\"  ><\/p>\n<div class=\"post-pagination\"><\/div>\n<div class=\"clearfix\"><\/div>\n<\/p><\/div>\n","protected":false},"excerpt":{"rendered":"<p>&#8220;Parallels&#8221; de Joe Sanders, su tercero como l\u00edder, es un \u00e1lbum que busca capturar la complejidad y amplitud del viaje musical del bajista hasta ahora.<\/p>\n","protected":false},"author":1,"featured_media":3760,"comment_status":"closed","ping_status":"","sticky":false,"template":"","format":"standard","meta":{"footnotes":""},"categories":[4],"tags":[831,3199,3150,1994],"class_list":["post-3759","post","type-post","status-publish","format-standard","has-post-thumbnail","hentry","category-critica","tag-joe","tag-parallels","tag-revision","tag-sanders","generate-columns","tablet-grid-50","mobile-grid-100","grid-parent","grid-50"],"yoast_head":"<!-- This site is optimized with the Yoast SEO plugin v23.3 - https:\/\/yoast.com\/wordpress\/plugins\/seo\/ -->\n<title>Revisi\u00f3n de CD: Joe Sanders, Parallels<\/title>\n<meta name=\"robots\" content=\"index, follow, max-snippet:-1, max-image-preview:large, max-video-preview:-1\" \/>\n<link rel=\"canonical\" href=\"https:\/\/web.consaguirre.com.ar\/noticias\/revision-de-cd-joe-sanders-parallels\/\" \/>\n<meta property=\"og:locale\" content=\"es_ES\" \/>\n<meta property=\"og:type\" content=\"article\" \/>\n<meta property=\"og:title\" content=\"Revisi\u00f3n de CD: Joe Sanders, Parallels\" \/>\n<meta property=\"og:description\" content=\"&#8220;Parallels&#8221; de Joe Sanders, su tercero como l\u00edder, es un \u00e1lbum que busca capturar la complejidad y amplitud del viaje musical del bajista hasta ahora.\" \/>\n<meta property=\"og:url\" content=\"https:\/\/web.consaguirre.com.ar\/noticias\/revision-de-cd-joe-sanders-parallels\/\" \/>\n<meta property=\"og:site_name\" content=\"Conservatorio de M\u00fasica Juli\u00e1n Aguirre\" \/>\n<meta property=\"article:published_time\" content=\"2025-09-18T13:38:37+00:00\" \/>\n<meta property=\"og:image\" content=\"https:\/\/web.consaguirre.com.ar\/noticias\/wp-content\/uploads\/2025\/09\/Revision-de-CD-Joe-Sanders-Parallels.png\" \/>\n\t<meta property=\"og:image:width\" content=\"298\" \/>\n\t<meta property=\"og:image:height\" content=\"300\" \/>\n\t<meta property=\"og:image:type\" content=\"image\/png\" \/>\n<meta name=\"author\" content=\"Javier Figueroa\" \/>\n<meta name=\"twitter:card\" content=\"summary_large_image\" \/>\n<meta name=\"twitter:label1\" content=\"Escrito por\" \/>\n\t<meta name=\"twitter:data1\" content=\"Javier Figueroa\" \/>\n\t<meta name=\"twitter:label2\" content=\"Tiempo de lectura\" \/>\n\t<meta name=\"twitter:data2\" content=\"5 minutos\" \/>\n<script type=\"application\/ld+json\" class=\"yoast-schema-graph\">{\"@context\":\"https:\/\/schema.org\",\"@graph\":[{\"@type\":\"Article\",\"@id\":\"https:\/\/web.consaguirre.com.ar\/noticias\/revision-de-cd-joe-sanders-parallels\/#article\",\"isPartOf\":{\"@id\":\"https:\/\/web.consaguirre.com.ar\/noticias\/revision-de-cd-joe-sanders-parallels\/\"},\"author\":{\"name\":\"Javier Figueroa\",\"@id\":\"https:\/\/web.consaguirre.com.ar\/noticias\/#\/schema\/person\/6558b0cfedee7ddc5425602b237d5722\"},\"headline\":\"Revisi\u00f3n de CD: Joe Sanders, Parallels\",\"datePublished\":\"2025-09-18T13:38:37+00:00\",\"dateModified\":\"2025-09-18T13:38:37+00:00\",\"mainEntityOfPage\":{\"@id\":\"https:\/\/web.consaguirre.com.ar\/noticias\/revision-de-cd-joe-sanders-parallels\/\"},\"wordCount\":1080,\"publisher\":{\"@id\":\"https:\/\/web.consaguirre.com.ar\/noticias\/#organization\"},\"image\":{\"@id\":\"https:\/\/web.consaguirre.com.ar\/noticias\/revision-de-cd-joe-sanders-parallels\/#primaryimage\"},\"thumbnailUrl\":\"https:\/\/web.consaguirre.com.ar\/noticias\/wp-content\/uploads\/2025\/09\/Revision-de-CD-Joe-Sanders-Parallels.png\",\"keywords\":[\"Joe\",\"Parallels\",\"Revisi\u00f3n\",\"Sanders\"],\"articleSection\":[\"Cr\u00edtica\"],\"inLanguage\":\"es-AR\"},{\"@type\":\"WebPage\",\"@id\":\"https:\/\/web.consaguirre.com.ar\/noticias\/revision-de-cd-joe-sanders-parallels\/\",\"url\":\"https:\/\/web.consaguirre.com.ar\/noticias\/revision-de-cd-joe-sanders-parallels\/\",\"name\":\"Revisi\u00f3n de CD: Joe Sanders, Parallels\",\"isPartOf\":{\"@id\":\"https:\/\/web.consaguirre.com.ar\/noticias\/#website\"},\"primaryImageOfPage\":{\"@id\":\"https:\/\/web.consaguirre.com.ar\/noticias\/revision-de-cd-joe-sanders-parallels\/#primaryimage\"},\"image\":{\"@id\":\"https:\/\/web.consaguirre.com.ar\/noticias\/revision-de-cd-joe-sanders-parallels\/#primaryimage\"},\"thumbnailUrl\":\"https:\/\/web.consaguirre.com.ar\/noticias\/wp-content\/uploads\/2025\/09\/Revision-de-CD-Joe-Sanders-Parallels.png\",\"datePublished\":\"2025-09-18T13:38:37+00:00\",\"dateModified\":\"2025-09-18T13:38:37+00:00\",\"breadcrumb\":{\"@id\":\"https:\/\/web.consaguirre.com.ar\/noticias\/revision-de-cd-joe-sanders-parallels\/#breadcrumb\"},\"inLanguage\":\"es-AR\",\"potentialAction\":[{\"@type\":\"ReadAction\",\"target\":[\"https:\/\/web.consaguirre.com.ar\/noticias\/revision-de-cd-joe-sanders-parallels\/\"]}]},{\"@type\":\"ImageObject\",\"inLanguage\":\"es-AR\",\"@id\":\"https:\/\/web.consaguirre.com.ar\/noticias\/revision-de-cd-joe-sanders-parallels\/#primaryimage\",\"url\":\"https:\/\/web.consaguirre.com.ar\/noticias\/wp-content\/uploads\/2025\/09\/Revision-de-CD-Joe-Sanders-Parallels.png\",\"contentUrl\":\"https:\/\/web.consaguirre.com.ar\/noticias\/wp-content\/uploads\/2025\/09\/Revision-de-CD-Joe-Sanders-Parallels.png\",\"width\":298,\"height\":300,\"caption\":\"Revisi\u00f3n de CD: Joe Sanders, Parallels\"},{\"@type\":\"BreadcrumbList\",\"@id\":\"https:\/\/web.consaguirre.com.ar\/noticias\/revision-de-cd-joe-sanders-parallels\/#breadcrumb\",\"itemListElement\":[{\"@type\":\"ListItem\",\"position\":1,\"name\":\"Inicio\",\"item\":\"https:\/\/web.consaguirre.com.ar\/noticias\/\"},{\"@type\":\"ListItem\",\"position\":2,\"name\":\"Revisi\u00f3n de CD: Joe Sanders, Parallels\"}]},{\"@type\":\"WebSite\",\"@id\":\"https:\/\/web.consaguirre.com.ar\/noticias\/#website\",\"url\":\"https:\/\/web.consaguirre.com.ar\/noticias\/\",\"name\":\"Conservatorio de M\u00fasica Juli\u00e1n Aguirre\",\"description\":\"\",\"publisher\":{\"@id\":\"https:\/\/web.consaguirre.com.ar\/noticias\/#organization\"},\"potentialAction\":[{\"@type\":\"SearchAction\",\"target\":{\"@type\":\"EntryPoint\",\"urlTemplate\":\"https:\/\/web.consaguirre.com.ar\/noticias\/?s={search_term_string}\"},\"query-input\":\"required name=search_term_string\"}],\"inLanguage\":\"es-AR\"},{\"@type\":\"Organization\",\"@id\":\"https:\/\/web.consaguirre.com.ar\/noticias\/#organization\",\"name\":\"Conservatorio de M\u00fasica Juli\u00e1n Aguirre\",\"url\":\"https:\/\/web.consaguirre.com.ar\/noticias\/\",\"logo\":{\"@type\":\"ImageObject\",\"inLanguage\":\"es-AR\",\"@id\":\"https:\/\/web.consaguirre.com.ar\/noticias\/#\/schema\/logo\/image\/\",\"url\":\"https:\/\/web.consaguirre.com.ar\/noticias\/wp-content\/uploads\/2024\/08\/Banner-Aguirre-23.jpg\",\"contentUrl\":\"https:\/\/web.consaguirre.com.ar\/noticias\/wp-content\/uploads\/2024\/08\/Banner-Aguirre-23.jpg\",\"width\":1192,\"height\":600,\"caption\":\"Conservatorio de M\u00fasica Juli\u00e1n Aguirre\"},\"image\":{\"@id\":\"https:\/\/web.consaguirre.com.ar\/noticias\/#\/schema\/logo\/image\/\"}},{\"@type\":\"Person\",\"@id\":\"https:\/\/web.consaguirre.com.ar\/noticias\/#\/schema\/person\/6558b0cfedee7ddc5425602b237d5722\",\"name\":\"Javier Figueroa\",\"image\":{\"@type\":\"ImageObject\",\"inLanguage\":\"es-AR\",\"@id\":\"https:\/\/web.consaguirre.com.ar\/noticias\/#\/schema\/person\/image\/\",\"url\":\"https:\/\/web.consaguirre.com.ar\/noticias\/wp-content\/uploads\/2024\/08\/Consaguirre-scaled.jpg\",\"contentUrl\":\"https:\/\/web.consaguirre.com.ar\/noticias\/wp-content\/uploads\/2024\/08\/Consaguirre-scaled.jpg\",\"caption\":\"Javier Figueroa\"},\"description\":\"Me llamo Javier Figueroa y soy redactor para el sitio oficial del Conservatorio de M\u00fasica Juli\u00e1n Aguirre en Buenos Aires, consaguirre.com. Apasionado por la m\u00fasica y la escritura, me esfuerzo por destacar los talentos y eventos de nuestra prestigiosa instituci\u00f3n. Mi trayectoria se nutre de una profunda admiraci\u00f3n por los artistas, haciendo de cada art\u00edculo una celebraci\u00f3n de la creatividad y la cultura musical.\",\"sameAs\":[\"https:\/\/web.consaguirre.com.ar\/noticias\"]}]}<\/script>\n<!-- \/ Yoast SEO plugin. -->","yoast_head_json":{"title":"Revisi\u00f3n de CD: Joe Sanders, Parallels","robots":{"index":"index","follow":"follow","max-snippet":"max-snippet:-1","max-image-preview":"max-image-preview:large","max-video-preview":"max-video-preview:-1"},"canonical":"https:\/\/web.consaguirre.com.ar\/noticias\/revision-de-cd-joe-sanders-parallels\/","og_locale":"es_ES","og_type":"article","og_title":"Revisi\u00f3n de CD: Joe Sanders, Parallels","og_description":"&#8220;Parallels&#8221; de Joe Sanders, su tercero como l\u00edder, es un \u00e1lbum que busca capturar la complejidad y amplitud del viaje musical del bajista hasta ahora.","og_url":"https:\/\/web.consaguirre.com.ar\/noticias\/revision-de-cd-joe-sanders-parallels\/","og_site_name":"Conservatorio de M\u00fasica Juli\u00e1n Aguirre","article_published_time":"2025-09-18T13:38:37+00:00","og_image":[{"width":298,"height":300,"url":"https:\/\/web.consaguirre.com.ar\/noticias\/wp-content\/uploads\/2025\/09\/Revision-de-CD-Joe-Sanders-Parallels.png","type":"image\/png"}],"author":"Javier Figueroa","twitter_card":"summary_large_image","twitter_misc":{"Escrito por":"Javier Figueroa","Tiempo de lectura":"5 minutos"},"schema":{"@context":"https:\/\/schema.org","@graph":[{"@type":"Article","@id":"https:\/\/web.consaguirre.com.ar\/noticias\/revision-de-cd-joe-sanders-parallels\/#article","isPartOf":{"@id":"https:\/\/web.consaguirre.com.ar\/noticias\/revision-de-cd-joe-sanders-parallels\/"},"author":{"name":"Javier Figueroa","@id":"https:\/\/web.consaguirre.com.ar\/noticias\/#\/schema\/person\/6558b0cfedee7ddc5425602b237d5722"},"headline":"Revisi\u00f3n de CD: Joe Sanders, Parallels","datePublished":"2025-09-18T13:38:37+00:00","dateModified":"2025-09-18T13:38:37+00:00","mainEntityOfPage":{"@id":"https:\/\/web.consaguirre.com.ar\/noticias\/revision-de-cd-joe-sanders-parallels\/"},"wordCount":1080,"publisher":{"@id":"https:\/\/web.consaguirre.com.ar\/noticias\/#organization"},"image":{"@id":"https:\/\/web.consaguirre.com.ar\/noticias\/revision-de-cd-joe-sanders-parallels\/#primaryimage"},"thumbnailUrl":"https:\/\/web.consaguirre.com.ar\/noticias\/wp-content\/uploads\/2025\/09\/Revision-de-CD-Joe-Sanders-Parallels.png","keywords":["Joe","Parallels","Revisi\u00f3n","Sanders"],"articleSection":["Cr\u00edtica"],"inLanguage":"es-AR"},{"@type":"WebPage","@id":"https:\/\/web.consaguirre.com.ar\/noticias\/revision-de-cd-joe-sanders-parallels\/","url":"https:\/\/web.consaguirre.com.ar\/noticias\/revision-de-cd-joe-sanders-parallels\/","name":"Revisi\u00f3n de CD: Joe Sanders, Parallels","isPartOf":{"@id":"https:\/\/web.consaguirre.com.ar\/noticias\/#website"},"primaryImageOfPage":{"@id":"https:\/\/web.consaguirre.com.ar\/noticias\/revision-de-cd-joe-sanders-parallels\/#primaryimage"},"image":{"@id":"https:\/\/web.consaguirre.com.ar\/noticias\/revision-de-cd-joe-sanders-parallels\/#primaryimage"},"thumbnailUrl":"https:\/\/web.consaguirre.com.ar\/noticias\/wp-content\/uploads\/2025\/09\/Revision-de-CD-Joe-Sanders-Parallels.png","datePublished":"2025-09-18T13:38:37+00:00","dateModified":"2025-09-18T13:38:37+00:00","breadcrumb":{"@id":"https:\/\/web.consaguirre.com.ar\/noticias\/revision-de-cd-joe-sanders-parallels\/#breadcrumb"},"inLanguage":"es-AR","potentialAction":[{"@type":"ReadAction","target":["https:\/\/web.consaguirre.com.ar\/noticias\/revision-de-cd-joe-sanders-parallels\/"]}]},{"@type":"ImageObject","inLanguage":"es-AR","@id":"https:\/\/web.consaguirre.com.ar\/noticias\/revision-de-cd-joe-sanders-parallels\/#primaryimage","url":"https:\/\/web.consaguirre.com.ar\/noticias\/wp-content\/uploads\/2025\/09\/Revision-de-CD-Joe-Sanders-Parallels.png","contentUrl":"https:\/\/web.consaguirre.com.ar\/noticias\/wp-content\/uploads\/2025\/09\/Revision-de-CD-Joe-Sanders-Parallels.png","width":298,"height":300,"caption":"Revisi\u00f3n de CD: Joe Sanders, Parallels"},{"@type":"BreadcrumbList","@id":"https:\/\/web.consaguirre.com.ar\/noticias\/revision-de-cd-joe-sanders-parallels\/#breadcrumb","itemListElement":[{"@type":"ListItem","position":1,"name":"Inicio","item":"https:\/\/web.consaguirre.com.ar\/noticias\/"},{"@type":"ListItem","position":2,"name":"Revisi\u00f3n de CD: Joe Sanders, Parallels"}]},{"@type":"WebSite","@id":"https:\/\/web.consaguirre.com.ar\/noticias\/#website","url":"https:\/\/web.consaguirre.com.ar\/noticias\/","name":"Conservatorio de M\u00fasica Juli\u00e1n Aguirre","description":"","publisher":{"@id":"https:\/\/web.consaguirre.com.ar\/noticias\/#organization"},"potentialAction":[{"@type":"SearchAction","target":{"@type":"EntryPoint","urlTemplate":"https:\/\/web.consaguirre.com.ar\/noticias\/?s={search_term_string}"},"query-input":"required name=search_term_string"}],"inLanguage":"es-AR"},{"@type":"Organization","@id":"https:\/\/web.consaguirre.com.ar\/noticias\/#organization","name":"Conservatorio de M\u00fasica Juli\u00e1n Aguirre","url":"https:\/\/web.consaguirre.com.ar\/noticias\/","logo":{"@type":"ImageObject","inLanguage":"es-AR","@id":"https:\/\/web.consaguirre.com.ar\/noticias\/#\/schema\/logo\/image\/","url":"https:\/\/web.consaguirre.com.ar\/noticias\/wp-content\/uploads\/2024\/08\/Banner-Aguirre-23.jpg","contentUrl":"https:\/\/web.consaguirre.com.ar\/noticias\/wp-content\/uploads\/2024\/08\/Banner-Aguirre-23.jpg","width":1192,"height":600,"caption":"Conservatorio de M\u00fasica Juli\u00e1n Aguirre"},"image":{"@id":"https:\/\/web.consaguirre.com.ar\/noticias\/#\/schema\/logo\/image\/"}},{"@type":"Person","@id":"https:\/\/web.consaguirre.com.ar\/noticias\/#\/schema\/person\/6558b0cfedee7ddc5425602b237d5722","name":"Javier Figueroa","image":{"@type":"ImageObject","inLanguage":"es-AR","@id":"https:\/\/web.consaguirre.com.ar\/noticias\/#\/schema\/person\/image\/","url":"https:\/\/web.consaguirre.com.ar\/noticias\/wp-content\/uploads\/2024\/08\/Consaguirre-scaled.jpg","contentUrl":"https:\/\/web.consaguirre.com.ar\/noticias\/wp-content\/uploads\/2024\/08\/Consaguirre-scaled.jpg","caption":"Javier Figueroa"},"description":"Me llamo Javier Figueroa y soy redactor para el sitio oficial del Conservatorio de M\u00fasica Juli\u00e1n Aguirre en Buenos Aires, consaguirre.com. Apasionado por la m\u00fasica y la escritura, me esfuerzo por destacar los talentos y eventos de nuestra prestigiosa instituci\u00f3n. Mi trayectoria se nutre de una profunda admiraci\u00f3n por los artistas, haciendo de cada art\u00edculo una celebraci\u00f3n de la creatividad y la cultura musical.","sameAs":["https:\/\/web.consaguirre.com.ar\/noticias"]}]}},"_links":{"self":[{"href":"https:\/\/web.consaguirre.com.ar\/noticias\/wp-json\/wp\/v2\/posts\/3759"}],"collection":[{"href":"https:\/\/web.consaguirre.com.ar\/noticias\/wp-json\/wp\/v2\/posts"}],"about":[{"href":"https:\/\/web.consaguirre.com.ar\/noticias\/wp-json\/wp\/v2\/types\/post"}],"author":[{"embeddable":true,"href":"https:\/\/web.consaguirre.com.ar\/noticias\/wp-json\/wp\/v2\/users\/1"}],"replies":[{"embeddable":true,"href":"https:\/\/web.consaguirre.com.ar\/noticias\/wp-json\/wp\/v2\/comments?post=3759"}],"version-history":[{"count":1,"href":"https:\/\/web.consaguirre.com.ar\/noticias\/wp-json\/wp\/v2\/posts\/3759\/revisions"}],"predecessor-version":[{"id":3761,"href":"https:\/\/web.consaguirre.com.ar\/noticias\/wp-json\/wp\/v2\/posts\/3759\/revisions\/3761"}],"wp:featuredmedia":[{"embeddable":true,"href":"https:\/\/web.consaguirre.com.ar\/noticias\/wp-json\/wp\/v2\/media\/3760"}],"wp:attachment":[{"href":"https:\/\/web.consaguirre.com.ar\/noticias\/wp-json\/wp\/v2\/media?parent=3759"}],"wp:term":[{"taxonomy":"category","embeddable":true,"href":"https:\/\/web.consaguirre.com.ar\/noticias\/wp-json\/wp\/v2\/categories?post=3759"},{"taxonomy":"post_tag","embeddable":true,"href":"https:\/\/web.consaguirre.com.ar\/noticias\/wp-json\/wp\/v2\/tags?post=3759"}],"curies":[{"name":"wp","href":"https:\/\/api.w.org\/{rel}","templated":true}]}}