{"id":3750,"date":"2025-09-17T23:39:03","date_gmt":"2025-09-18T02:39:03","guid":{"rendered":"https:\/\/web.consaguirre.com.ar\/noticias\/paul-mccartney-lanzara-un-vinilo-de-7-pulgadas-de-maravillosa-navidad-para-las-vacaciones\/"},"modified":"2025-09-17T23:39:05","modified_gmt":"2025-09-18T02:39:05","slug":"paul-mccartney-lanzara-un-vinilo-de-7-pulgadas-de-maravillosa-navidad-para-las-vacaciones","status":"publish","type":"post","link":"https:\/\/web.consaguirre.com.ar\/noticias\/paul-mccartney-lanzara-un-vinilo-de-7-pulgadas-de-maravillosa-navidad-para-las-vacaciones\/","title":{"rendered":"Paul McCartney lanzar\u00e1 un vinilo de 7 pulgadas de &#8216;Maravillosa Navidad&#8217; para las vacaciones"},"content":{"rendered":"<p>Al acercarse r\u00e1pidamente a la temporada navide\u00f1a de este a\u00f1o, Paul McCartney ha anunciado una nueva edici\u00f3n de vinilo de 7 pulgadas de sus \u00e9xitos estacionales &#8220;Maravilloso Navidad&#8221; y &#8220;Rudolph the Red Nose Reggae&#8221;. En este noviembre, la reedici\u00f3n viene en un color amarillo canario de edici\u00f3n especial.<\/p>\n<p>Grabado durante las sesiones en solitario para el \u00e1lbum de McCartney <em>McCartney II<\/em>&#8220;Wonderful Wonderfing ChristMime&#8221; se lanz\u00f3 como sencillo en noviembre de 1979, y luego apareci\u00f3 en el \u00e1lbum de estudio final de su banda Wings Wings <em>Volver al huevo<\/em>. En ese momento, marc\u00f3 su primer lanzamiento en solitario en m\u00e1s de ocho a\u00f1os, luego de &#8220;Eat at Home&#8221; de 1971. A lo largo de las d\u00e9cadas, ha sido cubierto por una amplia gama de artistas contempor\u00e1neos, incluidos Kylie Minogue, Diana Ross, Kelly Rowland, Mac DeMarco, Hilary Duff y The Ready Set.<\/p>\n<div class=\"uD-YT-container\"><img decoding=\"async\" src=\"https:\/\/web.consaguirre.com.ar\/noticias\/wp-content\/uploads\/2025\/09\/1758163143_268_Paul-McCartney-lanzara-un-vinilo-de-7-pulgadas-de-Maravillosa.jpg\" alt=\"Video de YouTube\"><br \/>Haga clic para cargar video<\/div>\n<p>Al igual que &#8220;Wonderful KISTMASTime&#8221;, &#8220;Rudolph el reggae de nariz roja&#8221; tambi\u00e9n apareci\u00f3 como un lado B en <em>Volver al huevo<\/em>. Fiel a su t\u00edtulo, la canci\u00f3n es una versi\u00f3n inflexionada de Dub del cl\u00e1sico Carol popularizado en 1949 por Gene Autry. Grabado en mayo de 1975, present\u00f3 a McCartney en piano, clavec\u00edn el\u00e9ctrico, bajo y bater\u00eda, as\u00ed como a Bob Loveday en Violin.<\/p>\n<p>El nuevo lanzamiento de ambas pistas es parte de la serie de reedici\u00f3n de vinilo de vacaciones de UME, que comenz\u00f3 en 2024. En los \u00faltimos dos a\u00f1os, Ume ha lanzado un grupo selecto de \u00e9xitos navide\u00f1os en vinilo de color de 7 &#8220;individual. Corre &#8220;y&#8221; Feliz Navidad &#8220;Baby&#8221;; Burt Ives &#8220;A Holly Jolly Christmas&#8221; y &#8220;Rudolph the Red-nariz reno&#8221;; y &#8220;Rockin &#8216;alrededor del \u00e1rbol de Navidad&#8221; de Brenda Lee y &#8220;Papa Noel&#8221;.<\/p>\n<p>Ordene la &#8220;maravillosa Navidad&#8221; de Paul McCartney en Vinyl Now.<\/p>\n","protected":false},"excerpt":{"rendered":"<p>Al acercarse r\u00e1pidamente a la temporada navide\u00f1a de este a\u00f1o, Paul McCartney ha anunciado una nueva edici\u00f3n de vinilo de 7 pulgadas de sus \u00e9xitos<\/p>\n","protected":false},"author":1,"featured_media":3751,"comment_status":"closed","ping_status":"","sticky":false,"template":"","format":"standard","meta":{"footnotes":""},"categories":[50],"tags":[350,18,3195,424,671,154,423,1165,1162,87],"class_list":["post-3750","post","type-post","status-publish","format-standard","has-post-thumbnail","hentry","category-el-ultimo","tag-lanzara","tag-las","tag-maravillosa","tag-mccartney","tag-navidad","tag-para","tag-paul","tag-pulgadas","tag-vacaciones","tag-vinilo","generate-columns","tablet-grid-50","mobile-grid-100","grid-parent","grid-50"],"yoast_head":"<!-- This site is optimized with the Yoast SEO plugin v23.3 - https:\/\/yoast.com\/wordpress\/plugins\/seo\/ -->\n<title>Paul McCartney lanzar\u00e1 un vinilo de 7 pulgadas de &#039;Maravillosa Navidad&#039; para las vacaciones<\/title>\n<meta name=\"robots\" content=\"index, follow, max-snippet:-1, max-image-preview:large, max-video-preview:-1\" \/>\n<link rel=\"canonical\" href=\"https:\/\/web.consaguirre.com.ar\/noticias\/paul-mccartney-lanzara-un-vinilo-de-7-pulgadas-de-maravillosa-navidad-para-las-vacaciones\/\" \/>\n<meta property=\"og:locale\" content=\"es_ES\" \/>\n<meta property=\"og:type\" content=\"article\" \/>\n<meta property=\"og:title\" content=\"Paul McCartney lanzar\u00e1 un vinilo de 7 pulgadas de &#039;Maravillosa Navidad&#039; para las vacaciones\" \/>\n<meta property=\"og:description\" content=\"Al acercarse r\u00e1pidamente a la temporada navide\u00f1a de este a\u00f1o, Paul McCartney ha anunciado una nueva edici\u00f3n de vinilo de 7 pulgadas de sus \u00e9xitos\" \/>\n<meta property=\"og:url\" content=\"https:\/\/web.consaguirre.com.ar\/noticias\/paul-mccartney-lanzara-un-vinilo-de-7-pulgadas-de-maravillosa-navidad-para-las-vacaciones\/\" \/>\n<meta property=\"og:site_name\" content=\"Conservatorio de M\u00fasica Juli\u00e1n Aguirre\" \/>\n<meta property=\"article:published_time\" content=\"2025-09-18T02:39:03+00:00\" \/>\n<meta property=\"article:modified_time\" content=\"2025-09-18T02:39:05+00:00\" \/>\n<meta property=\"og:image\" content=\"https:\/\/web.consaguirre.com.ar\/noticias\/wp-content\/uploads\/2025\/09\/Paul-McCartney-lanzara-un-vinilo-de-7-pulgadas-de-Maravillosa.jpg\" \/>\n\t<meta property=\"og:image:width\" content=\"1440\" \/>\n\t<meta property=\"og:image:height\" content=\"864\" \/>\n\t<meta property=\"og:image:type\" content=\"image\/jpeg\" \/>\n<meta name=\"author\" content=\"Javier Figueroa\" \/>\n<meta name=\"twitter:card\" content=\"summary_large_image\" \/>\n<meta name=\"twitter:label1\" content=\"Escrito por\" \/>\n\t<meta name=\"twitter:data1\" content=\"Javier Figueroa\" \/>\n\t<meta name=\"twitter:label2\" content=\"Tiempo de lectura\" \/>\n\t<meta name=\"twitter:data2\" content=\"2 minutos\" \/>\n<script type=\"application\/ld+json\" class=\"yoast-schema-graph\">{\"@context\":\"https:\/\/schema.org\",\"@graph\":[{\"@type\":\"Article\",\"@id\":\"https:\/\/web.consaguirre.com.ar\/noticias\/paul-mccartney-lanzara-un-vinilo-de-7-pulgadas-de-maravillosa-navidad-para-las-vacaciones\/#article\",\"isPartOf\":{\"@id\":\"https:\/\/web.consaguirre.com.ar\/noticias\/paul-mccartney-lanzara-un-vinilo-de-7-pulgadas-de-maravillosa-navidad-para-las-vacaciones\/\"},\"author\":{\"name\":\"Javier Figueroa\",\"@id\":\"https:\/\/web.consaguirre.com.ar\/noticias\/#\/schema\/person\/6558b0cfedee7ddc5425602b237d5722\"},\"headline\":\"Paul McCartney lanzar\u00e1 un vinilo de 7 pulgadas de &#8216;Maravillosa Navidad&#8217; para las vacaciones\",\"datePublished\":\"2025-09-18T02:39:03+00:00\",\"dateModified\":\"2025-09-18T02:39:05+00:00\",\"mainEntityOfPage\":{\"@id\":\"https:\/\/web.consaguirre.com.ar\/noticias\/paul-mccartney-lanzara-un-vinilo-de-7-pulgadas-de-maravillosa-navidad-para-las-vacaciones\/\"},\"wordCount\":320,\"publisher\":{\"@id\":\"https:\/\/web.consaguirre.com.ar\/noticias\/#organization\"},\"image\":{\"@id\":\"https:\/\/web.consaguirre.com.ar\/noticias\/paul-mccartney-lanzara-un-vinilo-de-7-pulgadas-de-maravillosa-navidad-para-las-vacaciones\/#primaryimage\"},\"thumbnailUrl\":\"https:\/\/web.consaguirre.com.ar\/noticias\/wp-content\/uploads\/2025\/09\/Paul-McCartney-lanzara-un-vinilo-de-7-pulgadas-de-Maravillosa.jpg\",\"keywords\":[\"lanzar\u00e1\",\"las\",\"Maravillosa\",\"McCartney\",\"Navidad\",\"para\",\"Paul\",\"pulgadas\",\"vacaciones\",\"vinilo\"],\"articleSection\":[\"El \u00faltimo\"],\"inLanguage\":\"es-AR\"},{\"@type\":\"WebPage\",\"@id\":\"https:\/\/web.consaguirre.com.ar\/noticias\/paul-mccartney-lanzara-un-vinilo-de-7-pulgadas-de-maravillosa-navidad-para-las-vacaciones\/\",\"url\":\"https:\/\/web.consaguirre.com.ar\/noticias\/paul-mccartney-lanzara-un-vinilo-de-7-pulgadas-de-maravillosa-navidad-para-las-vacaciones\/\",\"name\":\"Paul McCartney lanzar\u00e1 un vinilo de 7 pulgadas de 'Maravillosa Navidad' para las vacaciones\",\"isPartOf\":{\"@id\":\"https:\/\/web.consaguirre.com.ar\/noticias\/#website\"},\"primaryImageOfPage\":{\"@id\":\"https:\/\/web.consaguirre.com.ar\/noticias\/paul-mccartney-lanzara-un-vinilo-de-7-pulgadas-de-maravillosa-navidad-para-las-vacaciones\/#primaryimage\"},\"image\":{\"@id\":\"https:\/\/web.consaguirre.com.ar\/noticias\/paul-mccartney-lanzara-un-vinilo-de-7-pulgadas-de-maravillosa-navidad-para-las-vacaciones\/#primaryimage\"},\"thumbnailUrl\":\"https:\/\/web.consaguirre.com.ar\/noticias\/wp-content\/uploads\/2025\/09\/Paul-McCartney-lanzara-un-vinilo-de-7-pulgadas-de-Maravillosa.jpg\",\"datePublished\":\"2025-09-18T02:39:03+00:00\",\"dateModified\":\"2025-09-18T02:39:05+00:00\",\"breadcrumb\":{\"@id\":\"https:\/\/web.consaguirre.com.ar\/noticias\/paul-mccartney-lanzara-un-vinilo-de-7-pulgadas-de-maravillosa-navidad-para-las-vacaciones\/#breadcrumb\"},\"inLanguage\":\"es-AR\",\"potentialAction\":[{\"@type\":\"ReadAction\",\"target\":[\"https:\/\/web.consaguirre.com.ar\/noticias\/paul-mccartney-lanzara-un-vinilo-de-7-pulgadas-de-maravillosa-navidad-para-las-vacaciones\/\"]}]},{\"@type\":\"ImageObject\",\"inLanguage\":\"es-AR\",\"@id\":\"https:\/\/web.consaguirre.com.ar\/noticias\/paul-mccartney-lanzara-un-vinilo-de-7-pulgadas-de-maravillosa-navidad-para-las-vacaciones\/#primaryimage\",\"url\":\"https:\/\/web.consaguirre.com.ar\/noticias\/wp-content\/uploads\/2025\/09\/Paul-McCartney-lanzara-un-vinilo-de-7-pulgadas-de-Maravillosa.jpg\",\"contentUrl\":\"https:\/\/web.consaguirre.com.ar\/noticias\/wp-content\/uploads\/2025\/09\/Paul-McCartney-lanzara-un-vinilo-de-7-pulgadas-de-Maravillosa.jpg\",\"width\":1440,\"height\":864,\"caption\":\"Paul McCartney lanzar\u00e1 un vinilo de 7 pulgadas de 'Maravillosa Navidad' para las vacaciones\"},{\"@type\":\"BreadcrumbList\",\"@id\":\"https:\/\/web.consaguirre.com.ar\/noticias\/paul-mccartney-lanzara-un-vinilo-de-7-pulgadas-de-maravillosa-navidad-para-las-vacaciones\/#breadcrumb\",\"itemListElement\":[{\"@type\":\"ListItem\",\"position\":1,\"name\":\"Inicio\",\"item\":\"https:\/\/web.consaguirre.com.ar\/noticias\/\"},{\"@type\":\"ListItem\",\"position\":2,\"name\":\"Paul McCartney lanzar\u00e1 un vinilo de 7 pulgadas de &#8216;Maravillosa Navidad&#8217; para las vacaciones\"}]},{\"@type\":\"WebSite\",\"@id\":\"https:\/\/web.consaguirre.com.ar\/noticias\/#website\",\"url\":\"https:\/\/web.consaguirre.com.ar\/noticias\/\",\"name\":\"Conservatorio de M\u00fasica Juli\u00e1n Aguirre\",\"description\":\"\",\"publisher\":{\"@id\":\"https:\/\/web.consaguirre.com.ar\/noticias\/#organization\"},\"potentialAction\":[{\"@type\":\"SearchAction\",\"target\":{\"@type\":\"EntryPoint\",\"urlTemplate\":\"https:\/\/web.consaguirre.com.ar\/noticias\/?s={search_term_string}\"},\"query-input\":\"required name=search_term_string\"}],\"inLanguage\":\"es-AR\"},{\"@type\":\"Organization\",\"@id\":\"https:\/\/web.consaguirre.com.ar\/noticias\/#organization\",\"name\":\"Conservatorio de M\u00fasica Juli\u00e1n Aguirre\",\"url\":\"https:\/\/web.consaguirre.com.ar\/noticias\/\",\"logo\":{\"@type\":\"ImageObject\",\"inLanguage\":\"es-AR\",\"@id\":\"https:\/\/web.consaguirre.com.ar\/noticias\/#\/schema\/logo\/image\/\",\"url\":\"https:\/\/web.consaguirre.com.ar\/noticias\/wp-content\/uploads\/2024\/08\/Banner-Aguirre-23.jpg\",\"contentUrl\":\"https:\/\/web.consaguirre.com.ar\/noticias\/wp-content\/uploads\/2024\/08\/Banner-Aguirre-23.jpg\",\"width\":1192,\"height\":600,\"caption\":\"Conservatorio de M\u00fasica Juli\u00e1n Aguirre\"},\"image\":{\"@id\":\"https:\/\/web.consaguirre.com.ar\/noticias\/#\/schema\/logo\/image\/\"}},{\"@type\":\"Person\",\"@id\":\"https:\/\/web.consaguirre.com.ar\/noticias\/#\/schema\/person\/6558b0cfedee7ddc5425602b237d5722\",\"name\":\"Javier Figueroa\",\"image\":{\"@type\":\"ImageObject\",\"inLanguage\":\"es-AR\",\"@id\":\"https:\/\/web.consaguirre.com.ar\/noticias\/#\/schema\/person\/image\/\",\"url\":\"https:\/\/web.consaguirre.com.ar\/noticias\/wp-content\/uploads\/2024\/08\/Consaguirre-scaled.jpg\",\"contentUrl\":\"https:\/\/web.consaguirre.com.ar\/noticias\/wp-content\/uploads\/2024\/08\/Consaguirre-scaled.jpg\",\"caption\":\"Javier Figueroa\"},\"description\":\"Me llamo Javier Figueroa y soy redactor para el sitio oficial del Conservatorio de M\u00fasica Juli\u00e1n Aguirre en Buenos Aires, consaguirre.com. Apasionado por la m\u00fasica y la escritura, me esfuerzo por destacar los talentos y eventos de nuestra prestigiosa instituci\u00f3n. Mi trayectoria se nutre de una profunda admiraci\u00f3n por los artistas, haciendo de cada art\u00edculo una celebraci\u00f3n de la creatividad y la cultura musical.\",\"sameAs\":[\"https:\/\/web.consaguirre.com.ar\/noticias\"]}]}<\/script>\n<!-- \/ Yoast SEO plugin. -->","yoast_head_json":{"title":"Paul McCartney lanzar\u00e1 un vinilo de 7 pulgadas de 'Maravillosa Navidad' para las vacaciones","robots":{"index":"index","follow":"follow","max-snippet":"max-snippet:-1","max-image-preview":"max-image-preview:large","max-video-preview":"max-video-preview:-1"},"canonical":"https:\/\/web.consaguirre.com.ar\/noticias\/paul-mccartney-lanzara-un-vinilo-de-7-pulgadas-de-maravillosa-navidad-para-las-vacaciones\/","og_locale":"es_ES","og_type":"article","og_title":"Paul McCartney lanzar\u00e1 un vinilo de 7 pulgadas de 'Maravillosa Navidad' para las vacaciones","og_description":"Al acercarse r\u00e1pidamente a la temporada navide\u00f1a de este a\u00f1o, Paul McCartney ha anunciado una nueva edici\u00f3n de vinilo de 7 pulgadas de sus \u00e9xitos","og_url":"https:\/\/web.consaguirre.com.ar\/noticias\/paul-mccartney-lanzara-un-vinilo-de-7-pulgadas-de-maravillosa-navidad-para-las-vacaciones\/","og_site_name":"Conservatorio de M\u00fasica Juli\u00e1n Aguirre","article_published_time":"2025-09-18T02:39:03+00:00","article_modified_time":"2025-09-18T02:39:05+00:00","og_image":[{"width":1440,"height":864,"url":"https:\/\/web.consaguirre.com.ar\/noticias\/wp-content\/uploads\/2025\/09\/Paul-McCartney-lanzara-un-vinilo-de-7-pulgadas-de-Maravillosa.jpg","type":"image\/jpeg"}],"author":"Javier Figueroa","twitter_card":"summary_large_image","twitter_misc":{"Escrito por":"Javier Figueroa","Tiempo de lectura":"2 minutos"},"schema":{"@context":"https:\/\/schema.org","@graph":[{"@type":"Article","@id":"https:\/\/web.consaguirre.com.ar\/noticias\/paul-mccartney-lanzara-un-vinilo-de-7-pulgadas-de-maravillosa-navidad-para-las-vacaciones\/#article","isPartOf":{"@id":"https:\/\/web.consaguirre.com.ar\/noticias\/paul-mccartney-lanzara-un-vinilo-de-7-pulgadas-de-maravillosa-navidad-para-las-vacaciones\/"},"author":{"name":"Javier Figueroa","@id":"https:\/\/web.consaguirre.com.ar\/noticias\/#\/schema\/person\/6558b0cfedee7ddc5425602b237d5722"},"headline":"Paul McCartney lanzar\u00e1 un vinilo de 7 pulgadas de &#8216;Maravillosa Navidad&#8217; para las vacaciones","datePublished":"2025-09-18T02:39:03+00:00","dateModified":"2025-09-18T02:39:05+00:00","mainEntityOfPage":{"@id":"https:\/\/web.consaguirre.com.ar\/noticias\/paul-mccartney-lanzara-un-vinilo-de-7-pulgadas-de-maravillosa-navidad-para-las-vacaciones\/"},"wordCount":320,"publisher":{"@id":"https:\/\/web.consaguirre.com.ar\/noticias\/#organization"},"image":{"@id":"https:\/\/web.consaguirre.com.ar\/noticias\/paul-mccartney-lanzara-un-vinilo-de-7-pulgadas-de-maravillosa-navidad-para-las-vacaciones\/#primaryimage"},"thumbnailUrl":"https:\/\/web.consaguirre.com.ar\/noticias\/wp-content\/uploads\/2025\/09\/Paul-McCartney-lanzara-un-vinilo-de-7-pulgadas-de-Maravillosa.jpg","keywords":["lanzar\u00e1","las","Maravillosa","McCartney","Navidad","para","Paul","pulgadas","vacaciones","vinilo"],"articleSection":["El \u00faltimo"],"inLanguage":"es-AR"},{"@type":"WebPage","@id":"https:\/\/web.consaguirre.com.ar\/noticias\/paul-mccartney-lanzara-un-vinilo-de-7-pulgadas-de-maravillosa-navidad-para-las-vacaciones\/","url":"https:\/\/web.consaguirre.com.ar\/noticias\/paul-mccartney-lanzara-un-vinilo-de-7-pulgadas-de-maravillosa-navidad-para-las-vacaciones\/","name":"Paul McCartney lanzar\u00e1 un vinilo de 7 pulgadas de 'Maravillosa Navidad' para las vacaciones","isPartOf":{"@id":"https:\/\/web.consaguirre.com.ar\/noticias\/#website"},"primaryImageOfPage":{"@id":"https:\/\/web.consaguirre.com.ar\/noticias\/paul-mccartney-lanzara-un-vinilo-de-7-pulgadas-de-maravillosa-navidad-para-las-vacaciones\/#primaryimage"},"image":{"@id":"https:\/\/web.consaguirre.com.ar\/noticias\/paul-mccartney-lanzara-un-vinilo-de-7-pulgadas-de-maravillosa-navidad-para-las-vacaciones\/#primaryimage"},"thumbnailUrl":"https:\/\/web.consaguirre.com.ar\/noticias\/wp-content\/uploads\/2025\/09\/Paul-McCartney-lanzara-un-vinilo-de-7-pulgadas-de-Maravillosa.jpg","datePublished":"2025-09-18T02:39:03+00:00","dateModified":"2025-09-18T02:39:05+00:00","breadcrumb":{"@id":"https:\/\/web.consaguirre.com.ar\/noticias\/paul-mccartney-lanzara-un-vinilo-de-7-pulgadas-de-maravillosa-navidad-para-las-vacaciones\/#breadcrumb"},"inLanguage":"es-AR","potentialAction":[{"@type":"ReadAction","target":["https:\/\/web.consaguirre.com.ar\/noticias\/paul-mccartney-lanzara-un-vinilo-de-7-pulgadas-de-maravillosa-navidad-para-las-vacaciones\/"]}]},{"@type":"ImageObject","inLanguage":"es-AR","@id":"https:\/\/web.consaguirre.com.ar\/noticias\/paul-mccartney-lanzara-un-vinilo-de-7-pulgadas-de-maravillosa-navidad-para-las-vacaciones\/#primaryimage","url":"https:\/\/web.consaguirre.com.ar\/noticias\/wp-content\/uploads\/2025\/09\/Paul-McCartney-lanzara-un-vinilo-de-7-pulgadas-de-Maravillosa.jpg","contentUrl":"https:\/\/web.consaguirre.com.ar\/noticias\/wp-content\/uploads\/2025\/09\/Paul-McCartney-lanzara-un-vinilo-de-7-pulgadas-de-Maravillosa.jpg","width":1440,"height":864,"caption":"Paul McCartney lanzar\u00e1 un vinilo de 7 pulgadas de 'Maravillosa Navidad' para las vacaciones"},{"@type":"BreadcrumbList","@id":"https:\/\/web.consaguirre.com.ar\/noticias\/paul-mccartney-lanzara-un-vinilo-de-7-pulgadas-de-maravillosa-navidad-para-las-vacaciones\/#breadcrumb","itemListElement":[{"@type":"ListItem","position":1,"name":"Inicio","item":"https:\/\/web.consaguirre.com.ar\/noticias\/"},{"@type":"ListItem","position":2,"name":"Paul McCartney lanzar\u00e1 un vinilo de 7 pulgadas de &#8216;Maravillosa Navidad&#8217; para las vacaciones"}]},{"@type":"WebSite","@id":"https:\/\/web.consaguirre.com.ar\/noticias\/#website","url":"https:\/\/web.consaguirre.com.ar\/noticias\/","name":"Conservatorio de M\u00fasica Juli\u00e1n Aguirre","description":"","publisher":{"@id":"https:\/\/web.consaguirre.com.ar\/noticias\/#organization"},"potentialAction":[{"@type":"SearchAction","target":{"@type":"EntryPoint","urlTemplate":"https:\/\/web.consaguirre.com.ar\/noticias\/?s={search_term_string}"},"query-input":"required name=search_term_string"}],"inLanguage":"es-AR"},{"@type":"Organization","@id":"https:\/\/web.consaguirre.com.ar\/noticias\/#organization","name":"Conservatorio de M\u00fasica Juli\u00e1n Aguirre","url":"https:\/\/web.consaguirre.com.ar\/noticias\/","logo":{"@type":"ImageObject","inLanguage":"es-AR","@id":"https:\/\/web.consaguirre.com.ar\/noticias\/#\/schema\/logo\/image\/","url":"https:\/\/web.consaguirre.com.ar\/noticias\/wp-content\/uploads\/2024\/08\/Banner-Aguirre-23.jpg","contentUrl":"https:\/\/web.consaguirre.com.ar\/noticias\/wp-content\/uploads\/2024\/08\/Banner-Aguirre-23.jpg","width":1192,"height":600,"caption":"Conservatorio de M\u00fasica Juli\u00e1n Aguirre"},"image":{"@id":"https:\/\/web.consaguirre.com.ar\/noticias\/#\/schema\/logo\/image\/"}},{"@type":"Person","@id":"https:\/\/web.consaguirre.com.ar\/noticias\/#\/schema\/person\/6558b0cfedee7ddc5425602b237d5722","name":"Javier Figueroa","image":{"@type":"ImageObject","inLanguage":"es-AR","@id":"https:\/\/web.consaguirre.com.ar\/noticias\/#\/schema\/person\/image\/","url":"https:\/\/web.consaguirre.com.ar\/noticias\/wp-content\/uploads\/2024\/08\/Consaguirre-scaled.jpg","contentUrl":"https:\/\/web.consaguirre.com.ar\/noticias\/wp-content\/uploads\/2024\/08\/Consaguirre-scaled.jpg","caption":"Javier Figueroa"},"description":"Me llamo Javier Figueroa y soy redactor para el sitio oficial del Conservatorio de M\u00fasica Juli\u00e1n Aguirre en Buenos Aires, consaguirre.com. Apasionado por la m\u00fasica y la escritura, me esfuerzo por destacar los talentos y eventos de nuestra prestigiosa instituci\u00f3n. Mi trayectoria se nutre de una profunda admiraci\u00f3n por los artistas, haciendo de cada art\u00edculo una celebraci\u00f3n de la creatividad y la cultura musical.","sameAs":["https:\/\/web.consaguirre.com.ar\/noticias"]}]}},"_links":{"self":[{"href":"https:\/\/web.consaguirre.com.ar\/noticias\/wp-json\/wp\/v2\/posts\/3750"}],"collection":[{"href":"https:\/\/web.consaguirre.com.ar\/noticias\/wp-json\/wp\/v2\/posts"}],"about":[{"href":"https:\/\/web.consaguirre.com.ar\/noticias\/wp-json\/wp\/v2\/types\/post"}],"author":[{"embeddable":true,"href":"https:\/\/web.consaguirre.com.ar\/noticias\/wp-json\/wp\/v2\/users\/1"}],"replies":[{"embeddable":true,"href":"https:\/\/web.consaguirre.com.ar\/noticias\/wp-json\/wp\/v2\/comments?post=3750"}],"version-history":[{"count":1,"href":"https:\/\/web.consaguirre.com.ar\/noticias\/wp-json\/wp\/v2\/posts\/3750\/revisions"}],"predecessor-version":[{"id":3752,"href":"https:\/\/web.consaguirre.com.ar\/noticias\/wp-json\/wp\/v2\/posts\/3750\/revisions\/3752"}],"wp:featuredmedia":[{"embeddable":true,"href":"https:\/\/web.consaguirre.com.ar\/noticias\/wp-json\/wp\/v2\/media\/3751"}],"wp:attachment":[{"href":"https:\/\/web.consaguirre.com.ar\/noticias\/wp-json\/wp\/v2\/media?parent=3750"}],"wp:term":[{"taxonomy":"category","embeddable":true,"href":"https:\/\/web.consaguirre.com.ar\/noticias\/wp-json\/wp\/v2\/categories?post=3750"},{"taxonomy":"post_tag","embeddable":true,"href":"https:\/\/web.consaguirre.com.ar\/noticias\/wp-json\/wp\/v2\/tags?post=3750"}],"curies":[{"name":"wp","href":"https:\/\/api.w.org\/{rel}","templated":true}]}}