{"id":3735,"date":"2025-09-17T08:39:45","date_gmt":"2025-09-17T11:39:45","guid":{"rendered":"https:\/\/web.consaguirre.com.ar\/noticias\/feliz-navidad-la-guerra-ha-terminado-se-une-a-la-alineacion-de-7-pulgadas-de-vacaciones-de-holiday-ume\/"},"modified":"2025-09-17T08:39:47","modified_gmt":"2025-09-17T11:39:47","slug":"feliz-navidad-la-guerra-ha-terminado-se-une-a-la-alineacion-de-7-pulgadas-de-vacaciones-de-holiday-ume","status":"publish","type":"post","link":"https:\/\/web.consaguirre.com.ar\/noticias\/feliz-navidad-la-guerra-ha-terminado-se-une-a-la-alineacion-de-7-pulgadas-de-vacaciones-de-holiday-ume\/","title":{"rendered":"&#8216;Feliz Navidad (la guerra ha terminado)&#8217; se une a la alineaci\u00f3n de 7 pulgadas de vacaciones de Holiday Ume"},"content":{"rendered":"<p>Desde que surgi\u00f3 por primera vez en 1971, &#8220;Happy Xmas (War Is Over)&#8221;, lanzado por John Lennon y Yoko Ono, bajo la bandera de Plastic Ono Band, con la ayuda del Coro de la Comunidad de Harlem, ha sido ampliamente anunciado como una de las canciones navide\u00f1as m\u00e1s poderosas de la historia. Se reconocer\u00e1 nuevamente como tal esta temporada con su inclusi\u00f3n en la serie de 7 pulgadas navide\u00f1as de UME que destaca las mejores pistas de Yuletide de todos los tiempos.<\/p>\n<p>Aunque se duplic\u00f3 como una canci\u00f3n de protesta que hablaba contra la Guerra de Vietnam, la &#8220;Happy Xmas (War Is Over) producida por Phil Spector ha sufrido como un est\u00e1ndar de vacaciones atemporal. M\u00e1s de medio siglo despu\u00e9s de su lanzamiento original, la canci\u00f3n es un accesorio de listas de reproducci\u00f3n de Navidad, lo que lo convierte en un ajuste perfecto para la serie. El single estar\u00e1 respaldado por su lado B original &#8220;Listen, The Snow Is Falling&#8221;, que Ono ha llamado la primera canci\u00f3n pop que escribi\u00f3.<\/p>\n<div class=\"uD-YT-container\"><img decoding=\"async\" src=\"https:\/\/web.consaguirre.com.ar\/noticias\/wp-content\/uploads\/2025\/09\/1758109185_347_Feliz-Navidad-la-guerra-ha-terminado-se-une-a-la.jpg\" alt=\"Video de YouTube\"><br \/>Haga clic para cargar video<\/div>\n<p>\u201c\u201cHappy Xmas (War Is Over)\u201d b\/w \u201cListen, The Snow Is Falling\u201d joins an auspicious lineup of Christmas classics to be added to the UMe holiday slate this year. Other tunes getting the collectible 7-inch treatment include Bing Crosby&#8217;s \u201cWhite Christmas,\u201d Bobby Helms&#8217; \u201cJingle Bell Rock,\u201d Dean Martin&#8217;s \u201cLet It Snow, Let It Snow, Let It Snow\u201d b\/w \u201cRudolph, The Red-Nosed Los renos &#8220;,&#8221; Santa Claus de Jackson 5 est\u00e1 llegando a la ciudad &#8220;, y, por supuesto, el viejo compa\u00f1ero de banda de los Beatles de Lennon, Paul McCartney,&#8221; Wonderful ChristMastime &#8220;.<\/p>\n<p>Cada disco de edici\u00f3n limitada se presionar\u00e1 en un vinilo en color y se empaquetar\u00e1 en una manga coleccionable que es ideal para exhibir durante las vacaciones. Y para aquellos que buscan infundir sus colecciones con una riqueza de vinilo de Navidad vintage esta temporada, muchas de las 7 pulgadas de este a\u00f1o y la \u00faltima se empaquetar\u00e1n como una caja en un caso de transporte conmemorativo que se asemeja a un regalo magn\u00edficamente envuelto.<\/p>\n<p><b>Ordene la feliz Navidad (la guerra ha terminado) de 7 pulgadas ahora.<\/b><\/p>\n","protected":false},"excerpt":{"rendered":"<p>Desde que surgi\u00f3 por primera vez en 1971, &#8220;Happy Xmas (War Is Over)&#8221;, lanzado por John Lennon y Yoko Ono, bajo la bandera de Plastic<\/p>\n","protected":false},"author":1,"featured_media":3736,"comment_status":"closed","ping_status":"","sticky":false,"template":"","format":"standard","meta":{"footnotes":""},"categories":[50],"tags":[3187,670,3185,133,671,1165,3186,705,455,1162],"class_list":["post-3735","post","type-post","status-publish","format-standard","has-post-thumbnail","hentry","category-el-ultimo","tag-alineacion","tag-feliz","tag-guerra","tag-holiday","tag-navidad","tag-pulgadas","tag-terminado","tag-ume","tag-une","tag-vacaciones","generate-columns","tablet-grid-50","mobile-grid-100","grid-parent","grid-50"],"yoast_head":"<!-- This site is optimized with the Yoast SEO plugin v23.3 - https:\/\/yoast.com\/wordpress\/plugins\/seo\/ -->\n<title>&#039;Feliz Navidad (la guerra ha terminado)&#039; se une a la alineaci\u00f3n de 7 pulgadas de vacaciones de Holiday Ume<\/title>\n<meta name=\"robots\" content=\"index, follow, max-snippet:-1, max-image-preview:large, max-video-preview:-1\" \/>\n<link rel=\"canonical\" href=\"https:\/\/web.consaguirre.com.ar\/noticias\/feliz-navidad-la-guerra-ha-terminado-se-une-a-la-alineacion-de-7-pulgadas-de-vacaciones-de-holiday-ume\/\" \/>\n<meta property=\"og:locale\" content=\"es_ES\" \/>\n<meta property=\"og:type\" content=\"article\" \/>\n<meta property=\"og:title\" content=\"&#039;Feliz Navidad (la guerra ha terminado)&#039; se une a la alineaci\u00f3n de 7 pulgadas de vacaciones de Holiday Ume\" \/>\n<meta property=\"og:description\" content=\"Desde que surgi\u00f3 por primera vez en 1971, &#8220;Happy Xmas (War Is Over)&#8221;, lanzado por John Lennon y Yoko Ono, bajo la bandera de Plastic\" \/>\n<meta property=\"og:url\" content=\"https:\/\/web.consaguirre.com.ar\/noticias\/feliz-navidad-la-guerra-ha-terminado-se-une-a-la-alineacion-de-7-pulgadas-de-vacaciones-de-holiday-ume\/\" \/>\n<meta property=\"og:site_name\" content=\"Conservatorio de M\u00fasica Juli\u00e1n Aguirre\" \/>\n<meta property=\"article:published_time\" content=\"2025-09-17T11:39:45+00:00\" \/>\n<meta property=\"article:modified_time\" content=\"2025-09-17T11:39:47+00:00\" \/>\n<meta property=\"og:image\" content=\"https:\/\/web.consaguirre.com.ar\/noticias\/wp-content\/uploads\/2025\/09\/Feliz-Navidad-la-guerra-ha-terminado-se-une-a-la.jpg\" \/>\n\t<meta property=\"og:image:width\" content=\"1280\" \/>\n\t<meta property=\"og:image:height\" content=\"1280\" \/>\n\t<meta property=\"og:image:type\" content=\"image\/jpeg\" \/>\n<meta name=\"author\" content=\"Javier Figueroa\" \/>\n<meta name=\"twitter:card\" content=\"summary_large_image\" \/>\n<meta name=\"twitter:label1\" content=\"Escrito por\" \/>\n\t<meta name=\"twitter:data1\" content=\"Javier Figueroa\" \/>\n\t<meta name=\"twitter:label2\" content=\"Tiempo de lectura\" \/>\n\t<meta name=\"twitter:data2\" content=\"2 minutos\" \/>\n<script type=\"application\/ld+json\" class=\"yoast-schema-graph\">{\"@context\":\"https:\/\/schema.org\",\"@graph\":[{\"@type\":\"Article\",\"@id\":\"https:\/\/web.consaguirre.com.ar\/noticias\/feliz-navidad-la-guerra-ha-terminado-se-une-a-la-alineacion-de-7-pulgadas-de-vacaciones-de-holiday-ume\/#article\",\"isPartOf\":{\"@id\":\"https:\/\/web.consaguirre.com.ar\/noticias\/feliz-navidad-la-guerra-ha-terminado-se-une-a-la-alineacion-de-7-pulgadas-de-vacaciones-de-holiday-ume\/\"},\"author\":{\"name\":\"Javier Figueroa\",\"@id\":\"https:\/\/web.consaguirre.com.ar\/noticias\/#\/schema\/person\/6558b0cfedee7ddc5425602b237d5722\"},\"headline\":\"&#8216;Feliz Navidad (la guerra ha terminado)&#8217; se une a la alineaci\u00f3n de 7 pulgadas de vacaciones de Holiday Ume\",\"datePublished\":\"2025-09-17T11:39:45+00:00\",\"dateModified\":\"2025-09-17T11:39:47+00:00\",\"mainEntityOfPage\":{\"@id\":\"https:\/\/web.consaguirre.com.ar\/noticias\/feliz-navidad-la-guerra-ha-terminado-se-une-a-la-alineacion-de-7-pulgadas-de-vacaciones-de-holiday-ume\/\"},\"wordCount\":385,\"publisher\":{\"@id\":\"https:\/\/web.consaguirre.com.ar\/noticias\/#organization\"},\"image\":{\"@id\":\"https:\/\/web.consaguirre.com.ar\/noticias\/feliz-navidad-la-guerra-ha-terminado-se-une-a-la-alineacion-de-7-pulgadas-de-vacaciones-de-holiday-ume\/#primaryimage\"},\"thumbnailUrl\":\"https:\/\/web.consaguirre.com.ar\/noticias\/wp-content\/uploads\/2025\/09\/Feliz-Navidad-la-guerra-ha-terminado-se-une-a-la.jpg\",\"keywords\":[\"alineaci\u00f3n\",\"feliz\",\"guerra\",\"Holiday\",\"Navidad\",\"pulgadas\",\"terminado\",\"UMe\",\"une\",\"vacaciones\"],\"articleSection\":[\"El \u00faltimo\"],\"inLanguage\":\"es-AR\"},{\"@type\":\"WebPage\",\"@id\":\"https:\/\/web.consaguirre.com.ar\/noticias\/feliz-navidad-la-guerra-ha-terminado-se-une-a-la-alineacion-de-7-pulgadas-de-vacaciones-de-holiday-ume\/\",\"url\":\"https:\/\/web.consaguirre.com.ar\/noticias\/feliz-navidad-la-guerra-ha-terminado-se-une-a-la-alineacion-de-7-pulgadas-de-vacaciones-de-holiday-ume\/\",\"name\":\"'Feliz Navidad (la guerra ha terminado)' se une a la alineaci\u00f3n de 7 pulgadas de vacaciones de Holiday Ume\",\"isPartOf\":{\"@id\":\"https:\/\/web.consaguirre.com.ar\/noticias\/#website\"},\"primaryImageOfPage\":{\"@id\":\"https:\/\/web.consaguirre.com.ar\/noticias\/feliz-navidad-la-guerra-ha-terminado-se-une-a-la-alineacion-de-7-pulgadas-de-vacaciones-de-holiday-ume\/#primaryimage\"},\"image\":{\"@id\":\"https:\/\/web.consaguirre.com.ar\/noticias\/feliz-navidad-la-guerra-ha-terminado-se-une-a-la-alineacion-de-7-pulgadas-de-vacaciones-de-holiday-ume\/#primaryimage\"},\"thumbnailUrl\":\"https:\/\/web.consaguirre.com.ar\/noticias\/wp-content\/uploads\/2025\/09\/Feliz-Navidad-la-guerra-ha-terminado-se-une-a-la.jpg\",\"datePublished\":\"2025-09-17T11:39:45+00:00\",\"dateModified\":\"2025-09-17T11:39:47+00:00\",\"breadcrumb\":{\"@id\":\"https:\/\/web.consaguirre.com.ar\/noticias\/feliz-navidad-la-guerra-ha-terminado-se-une-a-la-alineacion-de-7-pulgadas-de-vacaciones-de-holiday-ume\/#breadcrumb\"},\"inLanguage\":\"es-AR\",\"potentialAction\":[{\"@type\":\"ReadAction\",\"target\":[\"https:\/\/web.consaguirre.com.ar\/noticias\/feliz-navidad-la-guerra-ha-terminado-se-une-a-la-alineacion-de-7-pulgadas-de-vacaciones-de-holiday-ume\/\"]}]},{\"@type\":\"ImageObject\",\"inLanguage\":\"es-AR\",\"@id\":\"https:\/\/web.consaguirre.com.ar\/noticias\/feliz-navidad-la-guerra-ha-terminado-se-une-a-la-alineacion-de-7-pulgadas-de-vacaciones-de-holiday-ume\/#primaryimage\",\"url\":\"https:\/\/web.consaguirre.com.ar\/noticias\/wp-content\/uploads\/2025\/09\/Feliz-Navidad-la-guerra-ha-terminado-se-une-a-la.jpg\",\"contentUrl\":\"https:\/\/web.consaguirre.com.ar\/noticias\/wp-content\/uploads\/2025\/09\/Feliz-Navidad-la-guerra-ha-terminado-se-une-a-la.jpg\",\"width\":1280,\"height\":1280,\"caption\":\"'Feliz Navidad (la guerra ha terminado)' se une a la alineaci\u00f3n de 7 pulgadas de vacaciones de Holiday Ume\"},{\"@type\":\"BreadcrumbList\",\"@id\":\"https:\/\/web.consaguirre.com.ar\/noticias\/feliz-navidad-la-guerra-ha-terminado-se-une-a-la-alineacion-de-7-pulgadas-de-vacaciones-de-holiday-ume\/#breadcrumb\",\"itemListElement\":[{\"@type\":\"ListItem\",\"position\":1,\"name\":\"Inicio\",\"item\":\"https:\/\/web.consaguirre.com.ar\/noticias\/\"},{\"@type\":\"ListItem\",\"position\":2,\"name\":\"&#8216;Feliz Navidad (la guerra ha terminado)&#8217; se une a la alineaci\u00f3n de 7 pulgadas de vacaciones de Holiday Ume\"}]},{\"@type\":\"WebSite\",\"@id\":\"https:\/\/web.consaguirre.com.ar\/noticias\/#website\",\"url\":\"https:\/\/web.consaguirre.com.ar\/noticias\/\",\"name\":\"Conservatorio de M\u00fasica Juli\u00e1n Aguirre\",\"description\":\"\",\"publisher\":{\"@id\":\"https:\/\/web.consaguirre.com.ar\/noticias\/#organization\"},\"potentialAction\":[{\"@type\":\"SearchAction\",\"target\":{\"@type\":\"EntryPoint\",\"urlTemplate\":\"https:\/\/web.consaguirre.com.ar\/noticias\/?s={search_term_string}\"},\"query-input\":\"required name=search_term_string\"}],\"inLanguage\":\"es-AR\"},{\"@type\":\"Organization\",\"@id\":\"https:\/\/web.consaguirre.com.ar\/noticias\/#organization\",\"name\":\"Conservatorio de M\u00fasica Juli\u00e1n Aguirre\",\"url\":\"https:\/\/web.consaguirre.com.ar\/noticias\/\",\"logo\":{\"@type\":\"ImageObject\",\"inLanguage\":\"es-AR\",\"@id\":\"https:\/\/web.consaguirre.com.ar\/noticias\/#\/schema\/logo\/image\/\",\"url\":\"https:\/\/web.consaguirre.com.ar\/noticias\/wp-content\/uploads\/2024\/08\/Banner-Aguirre-23.jpg\",\"contentUrl\":\"https:\/\/web.consaguirre.com.ar\/noticias\/wp-content\/uploads\/2024\/08\/Banner-Aguirre-23.jpg\",\"width\":1192,\"height\":600,\"caption\":\"Conservatorio de M\u00fasica Juli\u00e1n Aguirre\"},\"image\":{\"@id\":\"https:\/\/web.consaguirre.com.ar\/noticias\/#\/schema\/logo\/image\/\"}},{\"@type\":\"Person\",\"@id\":\"https:\/\/web.consaguirre.com.ar\/noticias\/#\/schema\/person\/6558b0cfedee7ddc5425602b237d5722\",\"name\":\"Javier Figueroa\",\"image\":{\"@type\":\"ImageObject\",\"inLanguage\":\"es-AR\",\"@id\":\"https:\/\/web.consaguirre.com.ar\/noticias\/#\/schema\/person\/image\/\",\"url\":\"https:\/\/web.consaguirre.com.ar\/noticias\/wp-content\/uploads\/2024\/08\/Consaguirre-scaled.jpg\",\"contentUrl\":\"https:\/\/web.consaguirre.com.ar\/noticias\/wp-content\/uploads\/2024\/08\/Consaguirre-scaled.jpg\",\"caption\":\"Javier Figueroa\"},\"description\":\"Me llamo Javier Figueroa y soy redactor para el sitio oficial del Conservatorio de M\u00fasica Juli\u00e1n Aguirre en Buenos Aires, consaguirre.com. Apasionado por la m\u00fasica y la escritura, me esfuerzo por destacar los talentos y eventos de nuestra prestigiosa instituci\u00f3n. Mi trayectoria se nutre de una profunda admiraci\u00f3n por los artistas, haciendo de cada art\u00edculo una celebraci\u00f3n de la creatividad y la cultura musical.\",\"sameAs\":[\"https:\/\/web.consaguirre.com.ar\/noticias\"]}]}<\/script>\n<!-- \/ Yoast SEO plugin. -->","yoast_head_json":{"title":"'Feliz Navidad (la guerra ha terminado)' se une a la alineaci\u00f3n de 7 pulgadas de vacaciones de Holiday Ume","robots":{"index":"index","follow":"follow","max-snippet":"max-snippet:-1","max-image-preview":"max-image-preview:large","max-video-preview":"max-video-preview:-1"},"canonical":"https:\/\/web.consaguirre.com.ar\/noticias\/feliz-navidad-la-guerra-ha-terminado-se-une-a-la-alineacion-de-7-pulgadas-de-vacaciones-de-holiday-ume\/","og_locale":"es_ES","og_type":"article","og_title":"'Feliz Navidad (la guerra ha terminado)' se une a la alineaci\u00f3n de 7 pulgadas de vacaciones de Holiday Ume","og_description":"Desde que surgi\u00f3 por primera vez en 1971, &#8220;Happy Xmas (War Is Over)&#8221;, lanzado por John Lennon y Yoko Ono, bajo la bandera de Plastic","og_url":"https:\/\/web.consaguirre.com.ar\/noticias\/feliz-navidad-la-guerra-ha-terminado-se-une-a-la-alineacion-de-7-pulgadas-de-vacaciones-de-holiday-ume\/","og_site_name":"Conservatorio de M\u00fasica Juli\u00e1n Aguirre","article_published_time":"2025-09-17T11:39:45+00:00","article_modified_time":"2025-09-17T11:39:47+00:00","og_image":[{"width":1280,"height":1280,"url":"https:\/\/web.consaguirre.com.ar\/noticias\/wp-content\/uploads\/2025\/09\/Feliz-Navidad-la-guerra-ha-terminado-se-une-a-la.jpg","type":"image\/jpeg"}],"author":"Javier Figueroa","twitter_card":"summary_large_image","twitter_misc":{"Escrito por":"Javier Figueroa","Tiempo de lectura":"2 minutos"},"schema":{"@context":"https:\/\/schema.org","@graph":[{"@type":"Article","@id":"https:\/\/web.consaguirre.com.ar\/noticias\/feliz-navidad-la-guerra-ha-terminado-se-une-a-la-alineacion-de-7-pulgadas-de-vacaciones-de-holiday-ume\/#article","isPartOf":{"@id":"https:\/\/web.consaguirre.com.ar\/noticias\/feliz-navidad-la-guerra-ha-terminado-se-une-a-la-alineacion-de-7-pulgadas-de-vacaciones-de-holiday-ume\/"},"author":{"name":"Javier Figueroa","@id":"https:\/\/web.consaguirre.com.ar\/noticias\/#\/schema\/person\/6558b0cfedee7ddc5425602b237d5722"},"headline":"&#8216;Feliz Navidad (la guerra ha terminado)&#8217; se une a la alineaci\u00f3n de 7 pulgadas de vacaciones de Holiday Ume","datePublished":"2025-09-17T11:39:45+00:00","dateModified":"2025-09-17T11:39:47+00:00","mainEntityOfPage":{"@id":"https:\/\/web.consaguirre.com.ar\/noticias\/feliz-navidad-la-guerra-ha-terminado-se-une-a-la-alineacion-de-7-pulgadas-de-vacaciones-de-holiday-ume\/"},"wordCount":385,"publisher":{"@id":"https:\/\/web.consaguirre.com.ar\/noticias\/#organization"},"image":{"@id":"https:\/\/web.consaguirre.com.ar\/noticias\/feliz-navidad-la-guerra-ha-terminado-se-une-a-la-alineacion-de-7-pulgadas-de-vacaciones-de-holiday-ume\/#primaryimage"},"thumbnailUrl":"https:\/\/web.consaguirre.com.ar\/noticias\/wp-content\/uploads\/2025\/09\/Feliz-Navidad-la-guerra-ha-terminado-se-une-a-la.jpg","keywords":["alineaci\u00f3n","feliz","guerra","Holiday","Navidad","pulgadas","terminado","UMe","une","vacaciones"],"articleSection":["El \u00faltimo"],"inLanguage":"es-AR"},{"@type":"WebPage","@id":"https:\/\/web.consaguirre.com.ar\/noticias\/feliz-navidad-la-guerra-ha-terminado-se-une-a-la-alineacion-de-7-pulgadas-de-vacaciones-de-holiday-ume\/","url":"https:\/\/web.consaguirre.com.ar\/noticias\/feliz-navidad-la-guerra-ha-terminado-se-une-a-la-alineacion-de-7-pulgadas-de-vacaciones-de-holiday-ume\/","name":"'Feliz Navidad (la guerra ha terminado)' se une a la alineaci\u00f3n de 7 pulgadas de vacaciones de Holiday Ume","isPartOf":{"@id":"https:\/\/web.consaguirre.com.ar\/noticias\/#website"},"primaryImageOfPage":{"@id":"https:\/\/web.consaguirre.com.ar\/noticias\/feliz-navidad-la-guerra-ha-terminado-se-une-a-la-alineacion-de-7-pulgadas-de-vacaciones-de-holiday-ume\/#primaryimage"},"image":{"@id":"https:\/\/web.consaguirre.com.ar\/noticias\/feliz-navidad-la-guerra-ha-terminado-se-une-a-la-alineacion-de-7-pulgadas-de-vacaciones-de-holiday-ume\/#primaryimage"},"thumbnailUrl":"https:\/\/web.consaguirre.com.ar\/noticias\/wp-content\/uploads\/2025\/09\/Feliz-Navidad-la-guerra-ha-terminado-se-une-a-la.jpg","datePublished":"2025-09-17T11:39:45+00:00","dateModified":"2025-09-17T11:39:47+00:00","breadcrumb":{"@id":"https:\/\/web.consaguirre.com.ar\/noticias\/feliz-navidad-la-guerra-ha-terminado-se-une-a-la-alineacion-de-7-pulgadas-de-vacaciones-de-holiday-ume\/#breadcrumb"},"inLanguage":"es-AR","potentialAction":[{"@type":"ReadAction","target":["https:\/\/web.consaguirre.com.ar\/noticias\/feliz-navidad-la-guerra-ha-terminado-se-une-a-la-alineacion-de-7-pulgadas-de-vacaciones-de-holiday-ume\/"]}]},{"@type":"ImageObject","inLanguage":"es-AR","@id":"https:\/\/web.consaguirre.com.ar\/noticias\/feliz-navidad-la-guerra-ha-terminado-se-une-a-la-alineacion-de-7-pulgadas-de-vacaciones-de-holiday-ume\/#primaryimage","url":"https:\/\/web.consaguirre.com.ar\/noticias\/wp-content\/uploads\/2025\/09\/Feliz-Navidad-la-guerra-ha-terminado-se-une-a-la.jpg","contentUrl":"https:\/\/web.consaguirre.com.ar\/noticias\/wp-content\/uploads\/2025\/09\/Feliz-Navidad-la-guerra-ha-terminado-se-une-a-la.jpg","width":1280,"height":1280,"caption":"'Feliz Navidad (la guerra ha terminado)' se une a la alineaci\u00f3n de 7 pulgadas de vacaciones de Holiday Ume"},{"@type":"BreadcrumbList","@id":"https:\/\/web.consaguirre.com.ar\/noticias\/feliz-navidad-la-guerra-ha-terminado-se-une-a-la-alineacion-de-7-pulgadas-de-vacaciones-de-holiday-ume\/#breadcrumb","itemListElement":[{"@type":"ListItem","position":1,"name":"Inicio","item":"https:\/\/web.consaguirre.com.ar\/noticias\/"},{"@type":"ListItem","position":2,"name":"&#8216;Feliz Navidad (la guerra ha terminado)&#8217; se une a la alineaci\u00f3n de 7 pulgadas de vacaciones de Holiday Ume"}]},{"@type":"WebSite","@id":"https:\/\/web.consaguirre.com.ar\/noticias\/#website","url":"https:\/\/web.consaguirre.com.ar\/noticias\/","name":"Conservatorio de M\u00fasica Juli\u00e1n Aguirre","description":"","publisher":{"@id":"https:\/\/web.consaguirre.com.ar\/noticias\/#organization"},"potentialAction":[{"@type":"SearchAction","target":{"@type":"EntryPoint","urlTemplate":"https:\/\/web.consaguirre.com.ar\/noticias\/?s={search_term_string}"},"query-input":"required name=search_term_string"}],"inLanguage":"es-AR"},{"@type":"Organization","@id":"https:\/\/web.consaguirre.com.ar\/noticias\/#organization","name":"Conservatorio de M\u00fasica Juli\u00e1n Aguirre","url":"https:\/\/web.consaguirre.com.ar\/noticias\/","logo":{"@type":"ImageObject","inLanguage":"es-AR","@id":"https:\/\/web.consaguirre.com.ar\/noticias\/#\/schema\/logo\/image\/","url":"https:\/\/web.consaguirre.com.ar\/noticias\/wp-content\/uploads\/2024\/08\/Banner-Aguirre-23.jpg","contentUrl":"https:\/\/web.consaguirre.com.ar\/noticias\/wp-content\/uploads\/2024\/08\/Banner-Aguirre-23.jpg","width":1192,"height":600,"caption":"Conservatorio de M\u00fasica Juli\u00e1n Aguirre"},"image":{"@id":"https:\/\/web.consaguirre.com.ar\/noticias\/#\/schema\/logo\/image\/"}},{"@type":"Person","@id":"https:\/\/web.consaguirre.com.ar\/noticias\/#\/schema\/person\/6558b0cfedee7ddc5425602b237d5722","name":"Javier Figueroa","image":{"@type":"ImageObject","inLanguage":"es-AR","@id":"https:\/\/web.consaguirre.com.ar\/noticias\/#\/schema\/person\/image\/","url":"https:\/\/web.consaguirre.com.ar\/noticias\/wp-content\/uploads\/2024\/08\/Consaguirre-scaled.jpg","contentUrl":"https:\/\/web.consaguirre.com.ar\/noticias\/wp-content\/uploads\/2024\/08\/Consaguirre-scaled.jpg","caption":"Javier Figueroa"},"description":"Me llamo Javier Figueroa y soy redactor para el sitio oficial del Conservatorio de M\u00fasica Juli\u00e1n Aguirre en Buenos Aires, consaguirre.com. Apasionado por la m\u00fasica y la escritura, me esfuerzo por destacar los talentos y eventos de nuestra prestigiosa instituci\u00f3n. Mi trayectoria se nutre de una profunda admiraci\u00f3n por los artistas, haciendo de cada art\u00edculo una celebraci\u00f3n de la creatividad y la cultura musical.","sameAs":["https:\/\/web.consaguirre.com.ar\/noticias"]}]}},"_links":{"self":[{"href":"https:\/\/web.consaguirre.com.ar\/noticias\/wp-json\/wp\/v2\/posts\/3735"}],"collection":[{"href":"https:\/\/web.consaguirre.com.ar\/noticias\/wp-json\/wp\/v2\/posts"}],"about":[{"href":"https:\/\/web.consaguirre.com.ar\/noticias\/wp-json\/wp\/v2\/types\/post"}],"author":[{"embeddable":true,"href":"https:\/\/web.consaguirre.com.ar\/noticias\/wp-json\/wp\/v2\/users\/1"}],"replies":[{"embeddable":true,"href":"https:\/\/web.consaguirre.com.ar\/noticias\/wp-json\/wp\/v2\/comments?post=3735"}],"version-history":[{"count":1,"href":"https:\/\/web.consaguirre.com.ar\/noticias\/wp-json\/wp\/v2\/posts\/3735\/revisions"}],"predecessor-version":[{"id":3737,"href":"https:\/\/web.consaguirre.com.ar\/noticias\/wp-json\/wp\/v2\/posts\/3735\/revisions\/3737"}],"wp:featuredmedia":[{"embeddable":true,"href":"https:\/\/web.consaguirre.com.ar\/noticias\/wp-json\/wp\/v2\/media\/3736"}],"wp:attachment":[{"href":"https:\/\/web.consaguirre.com.ar\/noticias\/wp-json\/wp\/v2\/media?parent=3735"}],"wp:term":[{"taxonomy":"category","embeddable":true,"href":"https:\/\/web.consaguirre.com.ar\/noticias\/wp-json\/wp\/v2\/categories?post=3735"},{"taxonomy":"post_tag","embeddable":true,"href":"https:\/\/web.consaguirre.com.ar\/noticias\/wp-json\/wp\/v2\/tags?post=3735"}],"curies":[{"name":"wp","href":"https:\/\/api.w.org\/{rel}","templated":true}]}}