{"id":3717,"date":"2025-09-16T14:39:11","date_gmt":"2025-09-16T17:39:11","guid":{"rendered":"https:\/\/web.consaguirre.com.ar\/noticias\/celebre-las-vacaciones-con-estilo-con-una-caja-de-transporte-de-vinilo-de-7-pulgadas\/"},"modified":"2025-09-16T14:39:12","modified_gmt":"2025-09-16T17:39:12","slug":"celebre-las-vacaciones-con-estilo-con-una-caja-de-transporte-de-vinilo-de-7-pulgadas","status":"publish","type":"post","link":"https:\/\/web.consaguirre.com.ar\/noticias\/celebre-las-vacaciones-con-estilo-con-una-caja-de-transporte-de-vinilo-de-7-pulgadas\/","title":{"rendered":"Celebre las vacaciones con estilo con una caja de transporte de vinilo de 7 pulgadas"},"content":{"rendered":"<p>\u00bfPuedes pensar en un mejor regalo navide\u00f1o para el fan\u00e1tico de la m\u00fasica que lo tiene todo? Los solteros de vinilo navide\u00f1os de 7 pulgadas 2024 y 2025 de 7 pulgadas se recolectan en una elegante funda de transporte de rayas de menta, completa con un mango y un pestillo. El conjunto de casos de transporte estar\u00e1 disponible el 31 de octubre.<\/p>\n<p>Cada 7 pulgadas presenta un cl\u00e1sico \u00e9xito festivo en el lado A y un favorito festivo en el lado B. Los singles individuales llegan en una variedad de vinilo de colores de 7 &#8220;de color coordinaci\u00f3n con las obras de arte de la portada en tonos tem\u00e1ticos como Blancanieves, Red de manzana, Evergreen, Canary Yellow y Ice Blue.<\/p>\n<p>Las ofertas de este a\u00f1o incluyen: &#8220;Christmas White&#8221; de Bing Crosby, &#8220;Jingle Bell Rock&#8221; de Bobby Helms, &#8220;Let It Snow, Let It Snow, Let It Snow&#8221; de Dean Martin, &#8220;Maravillosa ChristMastime&#8221; de Paul McCartney y &#8220;Santa Claus de Santa Claus&#8221;.<\/p>\n<p>Estas canciones de Evergreen Holiday Evergreen se unen a cl\u00e1sicos del a\u00f1o pasado como &#8220;Little Nick&#8221; de los Beach Boys, &#8220;Rockin &#8216;Around The Christmas Tree&#8221; de Brenda Lee, &#8220;A Holly Jolly Jolly Christmas&#8221; de Burl Ives, &#8220;Christmas&#8221; de Chuck Berry, &#8220;Run RuDolph Run&#8221;, el &#8220;Jugry Kings&#8221; de Elton John &#8220;,&#8221;, Jerosa &#8220;de Elton John, de Elton John,&#8221;, y Ning &#8220;,&#8221;, &#8220;,&#8221;, &#8220;,&#8221;, &#8220;. Navidad para ti). &#8220;<\/p>\n<p>El caso de transporte se une a una variedad de diferentes lanzamientos con temas de vacaciones ya anunciados este a\u00f1o, incluida la de Connie Francis. <em>Navidad en mi coraz\u00f3n<\/em>, <em>Navidad de Ella Fitzgerald<\/em>y Stephan Moccio&#8217;s <em>Poemas de invierno<\/em>.<\/p>\n<p>Ordene el caso de transporte de vacaciones de 7 pulgadas ahora.<\/p>\n","protected":false},"excerpt":{"rendered":"<p>\u00bfPuedes pensar en un mejor regalo navide\u00f1o para el fan\u00e1tico de la m\u00fasica que lo tiene todo? Los solteros de vinilo navide\u00f1os de 7 pulgadas<\/p>\n","protected":false},"author":1,"featured_media":3718,"comment_status":"closed","ping_status":"","sticky":false,"template":"","format":"standard","meta":{"footnotes":""},"categories":[50],"tags":[1198,1150,32,3179,18,1165,3180,191,1162,87],"class_list":["post-3717","post","type-post","status-publish","format-standard","has-post-thumbnail","hentry","category-el-ultimo","tag-caja","tag-celebre","tag-con","tag-estilo","tag-las","tag-pulgadas","tag-transporte","tag-una","tag-vacaciones","tag-vinilo","generate-columns","tablet-grid-50","mobile-grid-100","grid-parent","grid-50"],"yoast_head":"<!-- This site is optimized with the Yoast SEO plugin v23.3 - https:\/\/yoast.com\/wordpress\/plugins\/seo\/ -->\n<title>Celebre las vacaciones con estilo con una caja de transporte de vinilo de 7 pulgadas<\/title>\n<meta name=\"robots\" content=\"index, follow, max-snippet:-1, max-image-preview:large, max-video-preview:-1\" \/>\n<link rel=\"canonical\" href=\"https:\/\/web.consaguirre.com.ar\/noticias\/celebre-las-vacaciones-con-estilo-con-una-caja-de-transporte-de-vinilo-de-7-pulgadas\/\" \/>\n<meta property=\"og:locale\" content=\"es_ES\" \/>\n<meta property=\"og:type\" content=\"article\" \/>\n<meta property=\"og:title\" content=\"Celebre las vacaciones con estilo con una caja de transporte de vinilo de 7 pulgadas\" \/>\n<meta property=\"og:description\" content=\"\u00bfPuedes pensar en un mejor regalo navide\u00f1o para el fan\u00e1tico de la m\u00fasica que lo tiene todo? Los solteros de vinilo navide\u00f1os de 7 pulgadas\" \/>\n<meta property=\"og:url\" content=\"https:\/\/web.consaguirre.com.ar\/noticias\/celebre-las-vacaciones-con-estilo-con-una-caja-de-transporte-de-vinilo-de-7-pulgadas\/\" \/>\n<meta property=\"og:site_name\" content=\"Conservatorio de M\u00fasica Juli\u00e1n Aguirre\" \/>\n<meta property=\"article:published_time\" content=\"2025-09-16T17:39:11+00:00\" \/>\n<meta property=\"article:modified_time\" content=\"2025-09-16T17:39:12+00:00\" \/>\n<meta property=\"og:image\" content=\"https:\/\/web.consaguirre.com.ar\/noticias\/wp-content\/uploads\/2025\/09\/Celebre-las-vacaciones-con-estilo-con-una-caja-de-transporte.jpg\" \/>\n\t<meta property=\"og:image:width\" content=\"800\" \/>\n\t<meta property=\"og:image:height\" content=\"800\" \/>\n\t<meta property=\"og:image:type\" content=\"image\/jpeg\" \/>\n<meta name=\"author\" content=\"Javier Figueroa\" \/>\n<meta name=\"twitter:card\" content=\"summary_large_image\" \/>\n<meta name=\"twitter:label1\" content=\"Escrito por\" \/>\n\t<meta name=\"twitter:data1\" content=\"Javier Figueroa\" \/>\n\t<meta name=\"twitter:label2\" content=\"Tiempo de lectura\" \/>\n\t<meta name=\"twitter:data2\" content=\"1 minuto\" \/>\n<script type=\"application\/ld+json\" class=\"yoast-schema-graph\">{\"@context\":\"https:\/\/schema.org\",\"@graph\":[{\"@type\":\"Article\",\"@id\":\"https:\/\/web.consaguirre.com.ar\/noticias\/celebre-las-vacaciones-con-estilo-con-una-caja-de-transporte-de-vinilo-de-7-pulgadas\/#article\",\"isPartOf\":{\"@id\":\"https:\/\/web.consaguirre.com.ar\/noticias\/celebre-las-vacaciones-con-estilo-con-una-caja-de-transporte-de-vinilo-de-7-pulgadas\/\"},\"author\":{\"name\":\"Javier Figueroa\",\"@id\":\"https:\/\/web.consaguirre.com.ar\/noticias\/#\/schema\/person\/6558b0cfedee7ddc5425602b237d5722\"},\"headline\":\"Celebre las vacaciones con estilo con una caja de transporte de vinilo de 7 pulgadas\",\"datePublished\":\"2025-09-16T17:39:11+00:00\",\"dateModified\":\"2025-09-16T17:39:12+00:00\",\"mainEntityOfPage\":{\"@id\":\"https:\/\/web.consaguirre.com.ar\/noticias\/celebre-las-vacaciones-con-estilo-con-una-caja-de-transporte-de-vinilo-de-7-pulgadas\/\"},\"wordCount\":289,\"publisher\":{\"@id\":\"https:\/\/web.consaguirre.com.ar\/noticias\/#organization\"},\"image\":{\"@id\":\"https:\/\/web.consaguirre.com.ar\/noticias\/celebre-las-vacaciones-con-estilo-con-una-caja-de-transporte-de-vinilo-de-7-pulgadas\/#primaryimage\"},\"thumbnailUrl\":\"https:\/\/web.consaguirre.com.ar\/noticias\/wp-content\/uploads\/2025\/09\/Celebre-las-vacaciones-con-estilo-con-una-caja-de-transporte.jpg\",\"keywords\":[\"caja\",\"c\u00e9lebre\",\"con\",\"estilo\",\"las\",\"pulgadas\",\"transporte\",\"una\",\"vacaciones\",\"vinilo\"],\"articleSection\":[\"El \u00faltimo\"],\"inLanguage\":\"es-AR\"},{\"@type\":\"WebPage\",\"@id\":\"https:\/\/web.consaguirre.com.ar\/noticias\/celebre-las-vacaciones-con-estilo-con-una-caja-de-transporte-de-vinilo-de-7-pulgadas\/\",\"url\":\"https:\/\/web.consaguirre.com.ar\/noticias\/celebre-las-vacaciones-con-estilo-con-una-caja-de-transporte-de-vinilo-de-7-pulgadas\/\",\"name\":\"Celebre las vacaciones con estilo con una caja de transporte de vinilo de 7 pulgadas\",\"isPartOf\":{\"@id\":\"https:\/\/web.consaguirre.com.ar\/noticias\/#website\"},\"primaryImageOfPage\":{\"@id\":\"https:\/\/web.consaguirre.com.ar\/noticias\/celebre-las-vacaciones-con-estilo-con-una-caja-de-transporte-de-vinilo-de-7-pulgadas\/#primaryimage\"},\"image\":{\"@id\":\"https:\/\/web.consaguirre.com.ar\/noticias\/celebre-las-vacaciones-con-estilo-con-una-caja-de-transporte-de-vinilo-de-7-pulgadas\/#primaryimage\"},\"thumbnailUrl\":\"https:\/\/web.consaguirre.com.ar\/noticias\/wp-content\/uploads\/2025\/09\/Celebre-las-vacaciones-con-estilo-con-una-caja-de-transporte.jpg\",\"datePublished\":\"2025-09-16T17:39:11+00:00\",\"dateModified\":\"2025-09-16T17:39:12+00:00\",\"breadcrumb\":{\"@id\":\"https:\/\/web.consaguirre.com.ar\/noticias\/celebre-las-vacaciones-con-estilo-con-una-caja-de-transporte-de-vinilo-de-7-pulgadas\/#breadcrumb\"},\"inLanguage\":\"es-AR\",\"potentialAction\":[{\"@type\":\"ReadAction\",\"target\":[\"https:\/\/web.consaguirre.com.ar\/noticias\/celebre-las-vacaciones-con-estilo-con-una-caja-de-transporte-de-vinilo-de-7-pulgadas\/\"]}]},{\"@type\":\"ImageObject\",\"inLanguage\":\"es-AR\",\"@id\":\"https:\/\/web.consaguirre.com.ar\/noticias\/celebre-las-vacaciones-con-estilo-con-una-caja-de-transporte-de-vinilo-de-7-pulgadas\/#primaryimage\",\"url\":\"https:\/\/web.consaguirre.com.ar\/noticias\/wp-content\/uploads\/2025\/09\/Celebre-las-vacaciones-con-estilo-con-una-caja-de-transporte.jpg\",\"contentUrl\":\"https:\/\/web.consaguirre.com.ar\/noticias\/wp-content\/uploads\/2025\/09\/Celebre-las-vacaciones-con-estilo-con-una-caja-de-transporte.jpg\",\"width\":800,\"height\":800,\"caption\":\"Celebre las vacaciones con estilo con una caja de transporte de vinilo de 7 pulgadas\"},{\"@type\":\"BreadcrumbList\",\"@id\":\"https:\/\/web.consaguirre.com.ar\/noticias\/celebre-las-vacaciones-con-estilo-con-una-caja-de-transporte-de-vinilo-de-7-pulgadas\/#breadcrumb\",\"itemListElement\":[{\"@type\":\"ListItem\",\"position\":1,\"name\":\"Inicio\",\"item\":\"https:\/\/web.consaguirre.com.ar\/noticias\/\"},{\"@type\":\"ListItem\",\"position\":2,\"name\":\"Celebre las vacaciones con estilo con una caja de transporte de vinilo de 7 pulgadas\"}]},{\"@type\":\"WebSite\",\"@id\":\"https:\/\/web.consaguirre.com.ar\/noticias\/#website\",\"url\":\"https:\/\/web.consaguirre.com.ar\/noticias\/\",\"name\":\"Conservatorio de M\u00fasica Juli\u00e1n Aguirre\",\"description\":\"\",\"publisher\":{\"@id\":\"https:\/\/web.consaguirre.com.ar\/noticias\/#organization\"},\"potentialAction\":[{\"@type\":\"SearchAction\",\"target\":{\"@type\":\"EntryPoint\",\"urlTemplate\":\"https:\/\/web.consaguirre.com.ar\/noticias\/?s={search_term_string}\"},\"query-input\":\"required name=search_term_string\"}],\"inLanguage\":\"es-AR\"},{\"@type\":\"Organization\",\"@id\":\"https:\/\/web.consaguirre.com.ar\/noticias\/#organization\",\"name\":\"Conservatorio de M\u00fasica Juli\u00e1n Aguirre\",\"url\":\"https:\/\/web.consaguirre.com.ar\/noticias\/\",\"logo\":{\"@type\":\"ImageObject\",\"inLanguage\":\"es-AR\",\"@id\":\"https:\/\/web.consaguirre.com.ar\/noticias\/#\/schema\/logo\/image\/\",\"url\":\"https:\/\/web.consaguirre.com.ar\/noticias\/wp-content\/uploads\/2024\/08\/Banner-Aguirre-23.jpg\",\"contentUrl\":\"https:\/\/web.consaguirre.com.ar\/noticias\/wp-content\/uploads\/2024\/08\/Banner-Aguirre-23.jpg\",\"width\":1192,\"height\":600,\"caption\":\"Conservatorio de M\u00fasica Juli\u00e1n Aguirre\"},\"image\":{\"@id\":\"https:\/\/web.consaguirre.com.ar\/noticias\/#\/schema\/logo\/image\/\"}},{\"@type\":\"Person\",\"@id\":\"https:\/\/web.consaguirre.com.ar\/noticias\/#\/schema\/person\/6558b0cfedee7ddc5425602b237d5722\",\"name\":\"Javier Figueroa\",\"image\":{\"@type\":\"ImageObject\",\"inLanguage\":\"es-AR\",\"@id\":\"https:\/\/web.consaguirre.com.ar\/noticias\/#\/schema\/person\/image\/\",\"url\":\"https:\/\/web.consaguirre.com.ar\/noticias\/wp-content\/uploads\/2024\/08\/Consaguirre-scaled.jpg\",\"contentUrl\":\"https:\/\/web.consaguirre.com.ar\/noticias\/wp-content\/uploads\/2024\/08\/Consaguirre-scaled.jpg\",\"caption\":\"Javier Figueroa\"},\"description\":\"Me llamo Javier Figueroa y soy redactor para el sitio oficial del Conservatorio de M\u00fasica Juli\u00e1n Aguirre en Buenos Aires, consaguirre.com. Apasionado por la m\u00fasica y la escritura, me esfuerzo por destacar los talentos y eventos de nuestra prestigiosa instituci\u00f3n. Mi trayectoria se nutre de una profunda admiraci\u00f3n por los artistas, haciendo de cada art\u00edculo una celebraci\u00f3n de la creatividad y la cultura musical.\",\"sameAs\":[\"https:\/\/web.consaguirre.com.ar\/noticias\"]}]}<\/script>\n<!-- \/ Yoast SEO plugin. -->","yoast_head_json":{"title":"Celebre las vacaciones con estilo con una caja de transporte de vinilo de 7 pulgadas","robots":{"index":"index","follow":"follow","max-snippet":"max-snippet:-1","max-image-preview":"max-image-preview:large","max-video-preview":"max-video-preview:-1"},"canonical":"https:\/\/web.consaguirre.com.ar\/noticias\/celebre-las-vacaciones-con-estilo-con-una-caja-de-transporte-de-vinilo-de-7-pulgadas\/","og_locale":"es_ES","og_type":"article","og_title":"Celebre las vacaciones con estilo con una caja de transporte de vinilo de 7 pulgadas","og_description":"\u00bfPuedes pensar en un mejor regalo navide\u00f1o para el fan\u00e1tico de la m\u00fasica que lo tiene todo? Los solteros de vinilo navide\u00f1os de 7 pulgadas","og_url":"https:\/\/web.consaguirre.com.ar\/noticias\/celebre-las-vacaciones-con-estilo-con-una-caja-de-transporte-de-vinilo-de-7-pulgadas\/","og_site_name":"Conservatorio de M\u00fasica Juli\u00e1n Aguirre","article_published_time":"2025-09-16T17:39:11+00:00","article_modified_time":"2025-09-16T17:39:12+00:00","og_image":[{"width":800,"height":800,"url":"https:\/\/web.consaguirre.com.ar\/noticias\/wp-content\/uploads\/2025\/09\/Celebre-las-vacaciones-con-estilo-con-una-caja-de-transporte.jpg","type":"image\/jpeg"}],"author":"Javier Figueroa","twitter_card":"summary_large_image","twitter_misc":{"Escrito por":"Javier Figueroa","Tiempo de lectura":"1 minuto"},"schema":{"@context":"https:\/\/schema.org","@graph":[{"@type":"Article","@id":"https:\/\/web.consaguirre.com.ar\/noticias\/celebre-las-vacaciones-con-estilo-con-una-caja-de-transporte-de-vinilo-de-7-pulgadas\/#article","isPartOf":{"@id":"https:\/\/web.consaguirre.com.ar\/noticias\/celebre-las-vacaciones-con-estilo-con-una-caja-de-transporte-de-vinilo-de-7-pulgadas\/"},"author":{"name":"Javier Figueroa","@id":"https:\/\/web.consaguirre.com.ar\/noticias\/#\/schema\/person\/6558b0cfedee7ddc5425602b237d5722"},"headline":"Celebre las vacaciones con estilo con una caja de transporte de vinilo de 7 pulgadas","datePublished":"2025-09-16T17:39:11+00:00","dateModified":"2025-09-16T17:39:12+00:00","mainEntityOfPage":{"@id":"https:\/\/web.consaguirre.com.ar\/noticias\/celebre-las-vacaciones-con-estilo-con-una-caja-de-transporte-de-vinilo-de-7-pulgadas\/"},"wordCount":289,"publisher":{"@id":"https:\/\/web.consaguirre.com.ar\/noticias\/#organization"},"image":{"@id":"https:\/\/web.consaguirre.com.ar\/noticias\/celebre-las-vacaciones-con-estilo-con-una-caja-de-transporte-de-vinilo-de-7-pulgadas\/#primaryimage"},"thumbnailUrl":"https:\/\/web.consaguirre.com.ar\/noticias\/wp-content\/uploads\/2025\/09\/Celebre-las-vacaciones-con-estilo-con-una-caja-de-transporte.jpg","keywords":["caja","c\u00e9lebre","con","estilo","las","pulgadas","transporte","una","vacaciones","vinilo"],"articleSection":["El \u00faltimo"],"inLanguage":"es-AR"},{"@type":"WebPage","@id":"https:\/\/web.consaguirre.com.ar\/noticias\/celebre-las-vacaciones-con-estilo-con-una-caja-de-transporte-de-vinilo-de-7-pulgadas\/","url":"https:\/\/web.consaguirre.com.ar\/noticias\/celebre-las-vacaciones-con-estilo-con-una-caja-de-transporte-de-vinilo-de-7-pulgadas\/","name":"Celebre las vacaciones con estilo con una caja de transporte de vinilo de 7 pulgadas","isPartOf":{"@id":"https:\/\/web.consaguirre.com.ar\/noticias\/#website"},"primaryImageOfPage":{"@id":"https:\/\/web.consaguirre.com.ar\/noticias\/celebre-las-vacaciones-con-estilo-con-una-caja-de-transporte-de-vinilo-de-7-pulgadas\/#primaryimage"},"image":{"@id":"https:\/\/web.consaguirre.com.ar\/noticias\/celebre-las-vacaciones-con-estilo-con-una-caja-de-transporte-de-vinilo-de-7-pulgadas\/#primaryimage"},"thumbnailUrl":"https:\/\/web.consaguirre.com.ar\/noticias\/wp-content\/uploads\/2025\/09\/Celebre-las-vacaciones-con-estilo-con-una-caja-de-transporte.jpg","datePublished":"2025-09-16T17:39:11+00:00","dateModified":"2025-09-16T17:39:12+00:00","breadcrumb":{"@id":"https:\/\/web.consaguirre.com.ar\/noticias\/celebre-las-vacaciones-con-estilo-con-una-caja-de-transporte-de-vinilo-de-7-pulgadas\/#breadcrumb"},"inLanguage":"es-AR","potentialAction":[{"@type":"ReadAction","target":["https:\/\/web.consaguirre.com.ar\/noticias\/celebre-las-vacaciones-con-estilo-con-una-caja-de-transporte-de-vinilo-de-7-pulgadas\/"]}]},{"@type":"ImageObject","inLanguage":"es-AR","@id":"https:\/\/web.consaguirre.com.ar\/noticias\/celebre-las-vacaciones-con-estilo-con-una-caja-de-transporte-de-vinilo-de-7-pulgadas\/#primaryimage","url":"https:\/\/web.consaguirre.com.ar\/noticias\/wp-content\/uploads\/2025\/09\/Celebre-las-vacaciones-con-estilo-con-una-caja-de-transporte.jpg","contentUrl":"https:\/\/web.consaguirre.com.ar\/noticias\/wp-content\/uploads\/2025\/09\/Celebre-las-vacaciones-con-estilo-con-una-caja-de-transporte.jpg","width":800,"height":800,"caption":"Celebre las vacaciones con estilo con una caja de transporte de vinilo de 7 pulgadas"},{"@type":"BreadcrumbList","@id":"https:\/\/web.consaguirre.com.ar\/noticias\/celebre-las-vacaciones-con-estilo-con-una-caja-de-transporte-de-vinilo-de-7-pulgadas\/#breadcrumb","itemListElement":[{"@type":"ListItem","position":1,"name":"Inicio","item":"https:\/\/web.consaguirre.com.ar\/noticias\/"},{"@type":"ListItem","position":2,"name":"Celebre las vacaciones con estilo con una caja de transporte de vinilo de 7 pulgadas"}]},{"@type":"WebSite","@id":"https:\/\/web.consaguirre.com.ar\/noticias\/#website","url":"https:\/\/web.consaguirre.com.ar\/noticias\/","name":"Conservatorio de M\u00fasica Juli\u00e1n Aguirre","description":"","publisher":{"@id":"https:\/\/web.consaguirre.com.ar\/noticias\/#organization"},"potentialAction":[{"@type":"SearchAction","target":{"@type":"EntryPoint","urlTemplate":"https:\/\/web.consaguirre.com.ar\/noticias\/?s={search_term_string}"},"query-input":"required name=search_term_string"}],"inLanguage":"es-AR"},{"@type":"Organization","@id":"https:\/\/web.consaguirre.com.ar\/noticias\/#organization","name":"Conservatorio de M\u00fasica Juli\u00e1n Aguirre","url":"https:\/\/web.consaguirre.com.ar\/noticias\/","logo":{"@type":"ImageObject","inLanguage":"es-AR","@id":"https:\/\/web.consaguirre.com.ar\/noticias\/#\/schema\/logo\/image\/","url":"https:\/\/web.consaguirre.com.ar\/noticias\/wp-content\/uploads\/2024\/08\/Banner-Aguirre-23.jpg","contentUrl":"https:\/\/web.consaguirre.com.ar\/noticias\/wp-content\/uploads\/2024\/08\/Banner-Aguirre-23.jpg","width":1192,"height":600,"caption":"Conservatorio de M\u00fasica Juli\u00e1n Aguirre"},"image":{"@id":"https:\/\/web.consaguirre.com.ar\/noticias\/#\/schema\/logo\/image\/"}},{"@type":"Person","@id":"https:\/\/web.consaguirre.com.ar\/noticias\/#\/schema\/person\/6558b0cfedee7ddc5425602b237d5722","name":"Javier Figueroa","image":{"@type":"ImageObject","inLanguage":"es-AR","@id":"https:\/\/web.consaguirre.com.ar\/noticias\/#\/schema\/person\/image\/","url":"https:\/\/web.consaguirre.com.ar\/noticias\/wp-content\/uploads\/2024\/08\/Consaguirre-scaled.jpg","contentUrl":"https:\/\/web.consaguirre.com.ar\/noticias\/wp-content\/uploads\/2024\/08\/Consaguirre-scaled.jpg","caption":"Javier Figueroa"},"description":"Me llamo Javier Figueroa y soy redactor para el sitio oficial del Conservatorio de M\u00fasica Juli\u00e1n Aguirre en Buenos Aires, consaguirre.com. Apasionado por la m\u00fasica y la escritura, me esfuerzo por destacar los talentos y eventos de nuestra prestigiosa instituci\u00f3n. Mi trayectoria se nutre de una profunda admiraci\u00f3n por los artistas, haciendo de cada art\u00edculo una celebraci\u00f3n de la creatividad y la cultura musical.","sameAs":["https:\/\/web.consaguirre.com.ar\/noticias"]}]}},"_links":{"self":[{"href":"https:\/\/web.consaguirre.com.ar\/noticias\/wp-json\/wp\/v2\/posts\/3717"}],"collection":[{"href":"https:\/\/web.consaguirre.com.ar\/noticias\/wp-json\/wp\/v2\/posts"}],"about":[{"href":"https:\/\/web.consaguirre.com.ar\/noticias\/wp-json\/wp\/v2\/types\/post"}],"author":[{"embeddable":true,"href":"https:\/\/web.consaguirre.com.ar\/noticias\/wp-json\/wp\/v2\/users\/1"}],"replies":[{"embeddable":true,"href":"https:\/\/web.consaguirre.com.ar\/noticias\/wp-json\/wp\/v2\/comments?post=3717"}],"version-history":[{"count":1,"href":"https:\/\/web.consaguirre.com.ar\/noticias\/wp-json\/wp\/v2\/posts\/3717\/revisions"}],"predecessor-version":[{"id":3719,"href":"https:\/\/web.consaguirre.com.ar\/noticias\/wp-json\/wp\/v2\/posts\/3717\/revisions\/3719"}],"wp:featuredmedia":[{"embeddable":true,"href":"https:\/\/web.consaguirre.com.ar\/noticias\/wp-json\/wp\/v2\/media\/3718"}],"wp:attachment":[{"href":"https:\/\/web.consaguirre.com.ar\/noticias\/wp-json\/wp\/v2\/media?parent=3717"}],"wp:term":[{"taxonomy":"category","embeddable":true,"href":"https:\/\/web.consaguirre.com.ar\/noticias\/wp-json\/wp\/v2\/categories?post=3717"},{"taxonomy":"post_tag","embeddable":true,"href":"https:\/\/web.consaguirre.com.ar\/noticias\/wp-json\/wp\/v2\/tags?post=3717"}],"curies":[{"name":"wp","href":"https:\/\/api.w.org\/{rel}","templated":true}]}}