{"id":371,"date":"2024-09-01T16:43:13","date_gmt":"2024-09-01T19:43:13","guid":{"rendered":"https:\/\/web.consaguirre.com.ar\/noticias\/christmas-spirit-de-donna-summer-se-reedita-en-vinilo\/"},"modified":"2024-09-08T16:27:49","modified_gmt":"2024-09-08T19:27:49","slug":"christmas-spirit-de-donna-summer-se-reedita-en-vinilo","status":"publish","type":"post","link":"https:\/\/web.consaguirre.com.ar\/noticias\/christmas-spirit-de-donna-summer-se-reedita-en-vinilo\/","title":{"rendered":"&#8216;Christmas Spirit&#8217; de Donna Summer se reedita en vinilo"},"content":{"rendered":"<p><strong>Donna Verano<\/strong>El \u00fanico r\u00e9cord de vacaciones de <em>Esp\u00edritu navide\u00f1o<\/em>se reeditar\u00e1 en vinilo por primera vez en 30 a\u00f1os. Los 10 temas del \u00e1lbum incluyen versiones de Summer de villancicos tradicionales como \u201cWhite Christmas\u201d y \u201cO Holy Night\u201d, as\u00ed como una versi\u00f3n de \u201cBreath of Heaven\u201d de Amy Grant. Tambi\u00e9n se incluyen tres temas originales de la Reina de la M\u00fasica Disco: \u201cChristmas Is Here\u201d, \u201cChristmas Spirit\u201d y \u201cLamb of God\u201d. <em>Esp\u00edritu navide\u00f1o<\/em> ya est\u00e1 disponible en una versi\u00f3n impresa en vinilo LP negro est\u00e1ndar y se enviar\u00e1 en octubre.<\/p>\n<p><em>Esp\u00edritu navide\u00f1o<\/em> se lanz\u00f3 originalmente el 4 de octubre de 1994 a trav\u00e9s de PolyGram y Mercury Records. El \u00e1lbum fue producido por Michael Omartian, quien hab\u00eda trabajado previamente con Summer en 1983. <strong><em>Ella trabaja duro por el dinero<\/em><\/strong>  y 1984 <em>Coches sin garras<\/em>.<\/p>\n<div class=\"uD-YT-container\"><img decoding=\"async\" src=\"https:\/\/web.consaguirre.com.ar\/noticias\/wp-content\/uploads\/2024\/09\/1725219793_822_Christmas-Spirit-de-Donna-Summer-se-reedita-en-vinilo.jpg\" alt=\"V\u00eddeo de YouTube\"><\/p>\n<\/div>\n<p>A principios de este a\u00f1o, \u201cI Feel Love\u201d de Summer fue incluida en el Sal\u00f3n de la Fama de los Grammy. Al mismo tiempo, Summer recibi\u00f3 p\u00f3stumamente el premio a la trayectoria de la Academia de la grabaci\u00f3n junto con Laurie Anderson, las hermanas Clark, Gladys Knight, NWA y Tammy Wynette.<\/p>\n<p>En marzo, Late Summer comparti\u00f3 un nuevo EP titulado <em>De cualquier manera<\/em>Lanzado en concordancia con el D\u00eda Internacional de la Mujer, el EP incluye \u201cAny Way At All\u201d, un popurr\u00ed de \u201cDim All The Lights\u201d, \u201cHot Stuff\u201d, \u201cBad Girls\u201d y \u201cLast Dance\u201d, y una edici\u00f3n de radio de Masters at Work 86th Street de \u201cI Feel Love\u201d. Ese mismo mes se lanz\u00f3 un nuevo EP. <strong>Incluye cuatro remezclas del \u00e9xito de 1983 &#8220;She Works Hard for the Money&#8221;<\/strong> por DJ John Michael Peloton.<\/p>\n<p>En 2023, la hija de Summer, Brooklyn Sudano, y el cineasta ganador del Oscar Roger Ross Williams codirigieron <strong>un documental sobre el artista, titulado <em>Me encanta amarte, Donna Summer<\/em><\/strong>Sudano reflexion\u00f3 sobre el legado de su madre en torno al estreno de la pel\u00edcula y dijo: \u201cCreo que para m\u00ed fue realmente comprender cu\u00e1n intensa era para ella su fama y cu\u00e1nto le cost\u00f3 equilibrarla con la maternidad y la identidad&#8230; La cantidad de aprecio, la cantidad de gracia, la cantidad de respeto que tengo por ella ahora es incre\u00edble, y va m\u00e1s all\u00e1\u201d.<\/p>\n<p><strong>Ordene el de Donna Summer <em>Esp\u00edritu navide\u00f1o<\/em> ahora.<\/strong><\/p>\n","protected":false},"excerpt":{"rendered":"<p>Donna VeranoEl \u00fanico r\u00e9cord de vacaciones de Esp\u00edritu navide\u00f1ose reeditar\u00e1 en vinilo por primera vez en 30 a\u00f1os. Los 10 temas del \u00e1lbum incluyen versiones<\/p>\n","protected":false},"author":1,"featured_media":372,"comment_status":"closed","ping_status":"open","sticky":false,"template":"","format":"standard","meta":{"footnotes":""},"categories":[50],"tags":[83,378,95,377,379,87],"class_list":["post-371","post","type-post","status-publish","format-standard","has-post-thumbnail","hentry","category-el-ultimo","tag-christmas","tag-donna","tag-reedita","tag-spirit","tag-summer","tag-vinilo","generate-columns","tablet-grid-50","mobile-grid-100","grid-parent","grid-50"],"yoast_head":"<!-- This site is optimized with the Yoast SEO plugin v23.3 - https:\/\/yoast.com\/wordpress\/plugins\/seo\/ -->\n<title>&#039;Christmas Spirit&#039; de Donna Summer se reedita en vinilo<\/title>\n<meta name=\"robots\" content=\"index, follow, max-snippet:-1, max-image-preview:large, max-video-preview:-1\" \/>\n<link rel=\"canonical\" href=\"https:\/\/web.consaguirre.com.ar\/noticias\/christmas-spirit-de-donna-summer-se-reedita-en-vinilo\/\" \/>\n<meta property=\"og:locale\" content=\"es_ES\" \/>\n<meta property=\"og:type\" content=\"article\" \/>\n<meta property=\"og:title\" content=\"&#039;Christmas Spirit&#039; de Donna Summer se reedita en vinilo\" \/>\n<meta property=\"og:description\" content=\"Donna VeranoEl \u00fanico r\u00e9cord de vacaciones de Esp\u00edritu navide\u00f1ose reeditar\u00e1 en vinilo por primera vez en 30 a\u00f1os. Los 10 temas del \u00e1lbum incluyen versiones\" \/>\n<meta property=\"og:url\" content=\"https:\/\/web.consaguirre.com.ar\/noticias\/christmas-spirit-de-donna-summer-se-reedita-en-vinilo\/\" \/>\n<meta property=\"og:site_name\" content=\"Conservatorio de M\u00fasica Juli\u00e1n Aguirre\" \/>\n<meta property=\"article:published_time\" content=\"2024-09-01T19:43:13+00:00\" \/>\n<meta property=\"article:modified_time\" content=\"2024-09-08T19:27:49+00:00\" \/>\n<meta property=\"og:image\" content=\"https:\/\/web.consaguirre.com.ar\/noticias\/wp-content\/uploads\/2024\/09\/Christmas-Spirit-de-Donna-Summer-se-reedita-en-vinilo.jpg\" \/>\n\t<meta property=\"og:image:width\" content=\"1280\" \/>\n\t<meta property=\"og:image:height\" content=\"1280\" \/>\n\t<meta property=\"og:image:type\" content=\"image\/jpeg\" \/>\n<meta name=\"author\" content=\"Javier Figueroa\" \/>\n<meta name=\"twitter:card\" content=\"summary_large_image\" \/>\n<meta name=\"twitter:label1\" content=\"Escrito por\" \/>\n\t<meta name=\"twitter:data1\" content=\"Javier Figueroa\" \/>\n\t<meta name=\"twitter:label2\" content=\"Tiempo de lectura\" \/>\n\t<meta name=\"twitter:data2\" content=\"2 minutos\" \/>\n<script type=\"application\/ld+json\" class=\"yoast-schema-graph\">{\"@context\":\"https:\/\/schema.org\",\"@graph\":[{\"@type\":\"Article\",\"@id\":\"https:\/\/web.consaguirre.com.ar\/noticias\/christmas-spirit-de-donna-summer-se-reedita-en-vinilo\/#article\",\"isPartOf\":{\"@id\":\"https:\/\/web.consaguirre.com.ar\/noticias\/christmas-spirit-de-donna-summer-se-reedita-en-vinilo\/\"},\"author\":{\"name\":\"Javier Figueroa\",\"@id\":\"https:\/\/web.consaguirre.com.ar\/noticias\/#\/schema\/person\/6558b0cfedee7ddc5425602b237d5722\"},\"headline\":\"&#8216;Christmas Spirit&#8217; de Donna Summer se reedita en vinilo\",\"datePublished\":\"2024-09-01T19:43:13+00:00\",\"dateModified\":\"2024-09-08T19:27:49+00:00\",\"mainEntityOfPage\":{\"@id\":\"https:\/\/web.consaguirre.com.ar\/noticias\/christmas-spirit-de-donna-summer-se-reedita-en-vinilo\/\"},\"wordCount\":398,\"publisher\":{\"@id\":\"https:\/\/web.consaguirre.com.ar\/noticias\/#organization\"},\"image\":{\"@id\":\"https:\/\/web.consaguirre.com.ar\/noticias\/christmas-spirit-de-donna-summer-se-reedita-en-vinilo\/#primaryimage\"},\"thumbnailUrl\":\"https:\/\/web.consaguirre.com.ar\/noticias\/wp-content\/uploads\/2024\/09\/Christmas-Spirit-de-Donna-Summer-se-reedita-en-vinilo.jpg\",\"keywords\":[\"Christmas\",\"Donna\",\"reedita\",\"Spirit\",\"Summer\",\"vinilo\"],\"articleSection\":[\"El \u00faltimo\"],\"inLanguage\":\"es-AR\"},{\"@type\":\"WebPage\",\"@id\":\"https:\/\/web.consaguirre.com.ar\/noticias\/christmas-spirit-de-donna-summer-se-reedita-en-vinilo\/\",\"url\":\"https:\/\/web.consaguirre.com.ar\/noticias\/christmas-spirit-de-donna-summer-se-reedita-en-vinilo\/\",\"name\":\"'Christmas Spirit' de Donna Summer se reedita en vinilo\",\"isPartOf\":{\"@id\":\"https:\/\/web.consaguirre.com.ar\/noticias\/#website\"},\"primaryImageOfPage\":{\"@id\":\"https:\/\/web.consaguirre.com.ar\/noticias\/christmas-spirit-de-donna-summer-se-reedita-en-vinilo\/#primaryimage\"},\"image\":{\"@id\":\"https:\/\/web.consaguirre.com.ar\/noticias\/christmas-spirit-de-donna-summer-se-reedita-en-vinilo\/#primaryimage\"},\"thumbnailUrl\":\"https:\/\/web.consaguirre.com.ar\/noticias\/wp-content\/uploads\/2024\/09\/Christmas-Spirit-de-Donna-Summer-se-reedita-en-vinilo.jpg\",\"datePublished\":\"2024-09-01T19:43:13+00:00\",\"dateModified\":\"2024-09-08T19:27:49+00:00\",\"breadcrumb\":{\"@id\":\"https:\/\/web.consaguirre.com.ar\/noticias\/christmas-spirit-de-donna-summer-se-reedita-en-vinilo\/#breadcrumb\"},\"inLanguage\":\"es-AR\",\"potentialAction\":[{\"@type\":\"ReadAction\",\"target\":[\"https:\/\/web.consaguirre.com.ar\/noticias\/christmas-spirit-de-donna-summer-se-reedita-en-vinilo\/\"]}]},{\"@type\":\"ImageObject\",\"inLanguage\":\"es-AR\",\"@id\":\"https:\/\/web.consaguirre.com.ar\/noticias\/christmas-spirit-de-donna-summer-se-reedita-en-vinilo\/#primaryimage\",\"url\":\"https:\/\/web.consaguirre.com.ar\/noticias\/wp-content\/uploads\/2024\/09\/Christmas-Spirit-de-Donna-Summer-se-reedita-en-vinilo.jpg\",\"contentUrl\":\"https:\/\/web.consaguirre.com.ar\/noticias\/wp-content\/uploads\/2024\/09\/Christmas-Spirit-de-Donna-Summer-se-reedita-en-vinilo.jpg\",\"width\":1280,\"height\":1280,\"caption\":\"'Christmas Spirit' de Donna Summer se reedita en vinilo\"},{\"@type\":\"BreadcrumbList\",\"@id\":\"https:\/\/web.consaguirre.com.ar\/noticias\/christmas-spirit-de-donna-summer-se-reedita-en-vinilo\/#breadcrumb\",\"itemListElement\":[{\"@type\":\"ListItem\",\"position\":1,\"name\":\"Inicio\",\"item\":\"https:\/\/web.consaguirre.com.ar\/noticias\/\"},{\"@type\":\"ListItem\",\"position\":2,\"name\":\"&#8216;Christmas Spirit&#8217; de Donna Summer se reedita en vinilo\"}]},{\"@type\":\"WebSite\",\"@id\":\"https:\/\/web.consaguirre.com.ar\/noticias\/#website\",\"url\":\"https:\/\/web.consaguirre.com.ar\/noticias\/\",\"name\":\"Conservatorio de M\u00fasica Juli\u00e1n Aguirre\",\"description\":\"\",\"publisher\":{\"@id\":\"https:\/\/web.consaguirre.com.ar\/noticias\/#organization\"},\"potentialAction\":[{\"@type\":\"SearchAction\",\"target\":{\"@type\":\"EntryPoint\",\"urlTemplate\":\"https:\/\/web.consaguirre.com.ar\/noticias\/?s={search_term_string}\"},\"query-input\":\"required name=search_term_string\"}],\"inLanguage\":\"es-AR\"},{\"@type\":\"Organization\",\"@id\":\"https:\/\/web.consaguirre.com.ar\/noticias\/#organization\",\"name\":\"Conservatorio de M\u00fasica Juli\u00e1n Aguirre\",\"url\":\"https:\/\/web.consaguirre.com.ar\/noticias\/\",\"logo\":{\"@type\":\"ImageObject\",\"inLanguage\":\"es-AR\",\"@id\":\"https:\/\/web.consaguirre.com.ar\/noticias\/#\/schema\/logo\/image\/\",\"url\":\"https:\/\/web.consaguirre.com.ar\/noticias\/wp-content\/uploads\/2024\/08\/Banner-Aguirre-23.jpg\",\"contentUrl\":\"https:\/\/web.consaguirre.com.ar\/noticias\/wp-content\/uploads\/2024\/08\/Banner-Aguirre-23.jpg\",\"width\":1192,\"height\":600,\"caption\":\"Conservatorio de M\u00fasica Juli\u00e1n Aguirre\"},\"image\":{\"@id\":\"https:\/\/web.consaguirre.com.ar\/noticias\/#\/schema\/logo\/image\/\"}},{\"@type\":\"Person\",\"@id\":\"https:\/\/web.consaguirre.com.ar\/noticias\/#\/schema\/person\/6558b0cfedee7ddc5425602b237d5722\",\"name\":\"Javier Figueroa\",\"image\":{\"@type\":\"ImageObject\",\"inLanguage\":\"es-AR\",\"@id\":\"https:\/\/web.consaguirre.com.ar\/noticias\/#\/schema\/person\/image\/\",\"url\":\"https:\/\/web.consaguirre.com.ar\/noticias\/wp-content\/uploads\/2024\/08\/Consaguirre-scaled.jpg\",\"contentUrl\":\"https:\/\/web.consaguirre.com.ar\/noticias\/wp-content\/uploads\/2024\/08\/Consaguirre-scaled.jpg\",\"caption\":\"Javier Figueroa\"},\"description\":\"Me llamo Javier Figueroa y soy redactor para el sitio oficial del Conservatorio de M\u00fasica Juli\u00e1n Aguirre en Buenos Aires, consaguirre.com. Apasionado por la m\u00fasica y la escritura, me esfuerzo por destacar los talentos y eventos de nuestra prestigiosa instituci\u00f3n. Mi trayectoria se nutre de una profunda admiraci\u00f3n por los artistas, haciendo de cada art\u00edculo una celebraci\u00f3n de la creatividad y la cultura musical.\",\"sameAs\":[\"https:\/\/web.consaguirre.com.ar\/noticias\"]}]}<\/script>\n<!-- \/ Yoast SEO plugin. -->","yoast_head_json":{"title":"'Christmas Spirit' de Donna Summer se reedita en vinilo","robots":{"index":"index","follow":"follow","max-snippet":"max-snippet:-1","max-image-preview":"max-image-preview:large","max-video-preview":"max-video-preview:-1"},"canonical":"https:\/\/web.consaguirre.com.ar\/noticias\/christmas-spirit-de-donna-summer-se-reedita-en-vinilo\/","og_locale":"es_ES","og_type":"article","og_title":"'Christmas Spirit' de Donna Summer se reedita en vinilo","og_description":"Donna VeranoEl \u00fanico r\u00e9cord de vacaciones de Esp\u00edritu navide\u00f1ose reeditar\u00e1 en vinilo por primera vez en 30 a\u00f1os. Los 10 temas del \u00e1lbum incluyen versiones","og_url":"https:\/\/web.consaguirre.com.ar\/noticias\/christmas-spirit-de-donna-summer-se-reedita-en-vinilo\/","og_site_name":"Conservatorio de M\u00fasica Juli\u00e1n Aguirre","article_published_time":"2024-09-01T19:43:13+00:00","article_modified_time":"2024-09-08T19:27:49+00:00","og_image":[{"width":1280,"height":1280,"url":"https:\/\/web.consaguirre.com.ar\/noticias\/wp-content\/uploads\/2024\/09\/Christmas-Spirit-de-Donna-Summer-se-reedita-en-vinilo.jpg","type":"image\/jpeg"}],"author":"Javier Figueroa","twitter_card":"summary_large_image","twitter_misc":{"Escrito por":"Javier Figueroa","Tiempo de lectura":"2 minutos"},"schema":{"@context":"https:\/\/schema.org","@graph":[{"@type":"Article","@id":"https:\/\/web.consaguirre.com.ar\/noticias\/christmas-spirit-de-donna-summer-se-reedita-en-vinilo\/#article","isPartOf":{"@id":"https:\/\/web.consaguirre.com.ar\/noticias\/christmas-spirit-de-donna-summer-se-reedita-en-vinilo\/"},"author":{"name":"Javier Figueroa","@id":"https:\/\/web.consaguirre.com.ar\/noticias\/#\/schema\/person\/6558b0cfedee7ddc5425602b237d5722"},"headline":"&#8216;Christmas Spirit&#8217; de Donna Summer se reedita en vinilo","datePublished":"2024-09-01T19:43:13+00:00","dateModified":"2024-09-08T19:27:49+00:00","mainEntityOfPage":{"@id":"https:\/\/web.consaguirre.com.ar\/noticias\/christmas-spirit-de-donna-summer-se-reedita-en-vinilo\/"},"wordCount":398,"publisher":{"@id":"https:\/\/web.consaguirre.com.ar\/noticias\/#organization"},"image":{"@id":"https:\/\/web.consaguirre.com.ar\/noticias\/christmas-spirit-de-donna-summer-se-reedita-en-vinilo\/#primaryimage"},"thumbnailUrl":"https:\/\/web.consaguirre.com.ar\/noticias\/wp-content\/uploads\/2024\/09\/Christmas-Spirit-de-Donna-Summer-se-reedita-en-vinilo.jpg","keywords":["Christmas","Donna","reedita","Spirit","Summer","vinilo"],"articleSection":["El \u00faltimo"],"inLanguage":"es-AR"},{"@type":"WebPage","@id":"https:\/\/web.consaguirre.com.ar\/noticias\/christmas-spirit-de-donna-summer-se-reedita-en-vinilo\/","url":"https:\/\/web.consaguirre.com.ar\/noticias\/christmas-spirit-de-donna-summer-se-reedita-en-vinilo\/","name":"'Christmas Spirit' de Donna Summer se reedita en vinilo","isPartOf":{"@id":"https:\/\/web.consaguirre.com.ar\/noticias\/#website"},"primaryImageOfPage":{"@id":"https:\/\/web.consaguirre.com.ar\/noticias\/christmas-spirit-de-donna-summer-se-reedita-en-vinilo\/#primaryimage"},"image":{"@id":"https:\/\/web.consaguirre.com.ar\/noticias\/christmas-spirit-de-donna-summer-se-reedita-en-vinilo\/#primaryimage"},"thumbnailUrl":"https:\/\/web.consaguirre.com.ar\/noticias\/wp-content\/uploads\/2024\/09\/Christmas-Spirit-de-Donna-Summer-se-reedita-en-vinilo.jpg","datePublished":"2024-09-01T19:43:13+00:00","dateModified":"2024-09-08T19:27:49+00:00","breadcrumb":{"@id":"https:\/\/web.consaguirre.com.ar\/noticias\/christmas-spirit-de-donna-summer-se-reedita-en-vinilo\/#breadcrumb"},"inLanguage":"es-AR","potentialAction":[{"@type":"ReadAction","target":["https:\/\/web.consaguirre.com.ar\/noticias\/christmas-spirit-de-donna-summer-se-reedita-en-vinilo\/"]}]},{"@type":"ImageObject","inLanguage":"es-AR","@id":"https:\/\/web.consaguirre.com.ar\/noticias\/christmas-spirit-de-donna-summer-se-reedita-en-vinilo\/#primaryimage","url":"https:\/\/web.consaguirre.com.ar\/noticias\/wp-content\/uploads\/2024\/09\/Christmas-Spirit-de-Donna-Summer-se-reedita-en-vinilo.jpg","contentUrl":"https:\/\/web.consaguirre.com.ar\/noticias\/wp-content\/uploads\/2024\/09\/Christmas-Spirit-de-Donna-Summer-se-reedita-en-vinilo.jpg","width":1280,"height":1280,"caption":"'Christmas Spirit' de Donna Summer se reedita en vinilo"},{"@type":"BreadcrumbList","@id":"https:\/\/web.consaguirre.com.ar\/noticias\/christmas-spirit-de-donna-summer-se-reedita-en-vinilo\/#breadcrumb","itemListElement":[{"@type":"ListItem","position":1,"name":"Inicio","item":"https:\/\/web.consaguirre.com.ar\/noticias\/"},{"@type":"ListItem","position":2,"name":"&#8216;Christmas Spirit&#8217; de Donna Summer se reedita en vinilo"}]},{"@type":"WebSite","@id":"https:\/\/web.consaguirre.com.ar\/noticias\/#website","url":"https:\/\/web.consaguirre.com.ar\/noticias\/","name":"Conservatorio de M\u00fasica Juli\u00e1n Aguirre","description":"","publisher":{"@id":"https:\/\/web.consaguirre.com.ar\/noticias\/#organization"},"potentialAction":[{"@type":"SearchAction","target":{"@type":"EntryPoint","urlTemplate":"https:\/\/web.consaguirre.com.ar\/noticias\/?s={search_term_string}"},"query-input":"required name=search_term_string"}],"inLanguage":"es-AR"},{"@type":"Organization","@id":"https:\/\/web.consaguirre.com.ar\/noticias\/#organization","name":"Conservatorio de M\u00fasica Juli\u00e1n Aguirre","url":"https:\/\/web.consaguirre.com.ar\/noticias\/","logo":{"@type":"ImageObject","inLanguage":"es-AR","@id":"https:\/\/web.consaguirre.com.ar\/noticias\/#\/schema\/logo\/image\/","url":"https:\/\/web.consaguirre.com.ar\/noticias\/wp-content\/uploads\/2024\/08\/Banner-Aguirre-23.jpg","contentUrl":"https:\/\/web.consaguirre.com.ar\/noticias\/wp-content\/uploads\/2024\/08\/Banner-Aguirre-23.jpg","width":1192,"height":600,"caption":"Conservatorio de M\u00fasica Juli\u00e1n Aguirre"},"image":{"@id":"https:\/\/web.consaguirre.com.ar\/noticias\/#\/schema\/logo\/image\/"}},{"@type":"Person","@id":"https:\/\/web.consaguirre.com.ar\/noticias\/#\/schema\/person\/6558b0cfedee7ddc5425602b237d5722","name":"Javier Figueroa","image":{"@type":"ImageObject","inLanguage":"es-AR","@id":"https:\/\/web.consaguirre.com.ar\/noticias\/#\/schema\/person\/image\/","url":"https:\/\/web.consaguirre.com.ar\/noticias\/wp-content\/uploads\/2024\/08\/Consaguirre-scaled.jpg","contentUrl":"https:\/\/web.consaguirre.com.ar\/noticias\/wp-content\/uploads\/2024\/08\/Consaguirre-scaled.jpg","caption":"Javier Figueroa"},"description":"Me llamo Javier Figueroa y soy redactor para el sitio oficial del Conservatorio de M\u00fasica Juli\u00e1n Aguirre en Buenos Aires, consaguirre.com. Apasionado por la m\u00fasica y la escritura, me esfuerzo por destacar los talentos y eventos de nuestra prestigiosa instituci\u00f3n. Mi trayectoria se nutre de una profunda admiraci\u00f3n por los artistas, haciendo de cada art\u00edculo una celebraci\u00f3n de la creatividad y la cultura musical.","sameAs":["https:\/\/web.consaguirre.com.ar\/noticias"]}]}},"_links":{"self":[{"href":"https:\/\/web.consaguirre.com.ar\/noticias\/wp-json\/wp\/v2\/posts\/371"}],"collection":[{"href":"https:\/\/web.consaguirre.com.ar\/noticias\/wp-json\/wp\/v2\/posts"}],"about":[{"href":"https:\/\/web.consaguirre.com.ar\/noticias\/wp-json\/wp\/v2\/types\/post"}],"author":[{"embeddable":true,"href":"https:\/\/web.consaguirre.com.ar\/noticias\/wp-json\/wp\/v2\/users\/1"}],"replies":[{"embeddable":true,"href":"https:\/\/web.consaguirre.com.ar\/noticias\/wp-json\/wp\/v2\/comments?post=371"}],"version-history":[{"count":1,"href":"https:\/\/web.consaguirre.com.ar\/noticias\/wp-json\/wp\/v2\/posts\/371\/revisions"}],"predecessor-version":[{"id":373,"href":"https:\/\/web.consaguirre.com.ar\/noticias\/wp-json\/wp\/v2\/posts\/371\/revisions\/373"}],"wp:featuredmedia":[{"embeddable":true,"href":"https:\/\/web.consaguirre.com.ar\/noticias\/wp-json\/wp\/v2\/media\/372"}],"wp:attachment":[{"href":"https:\/\/web.consaguirre.com.ar\/noticias\/wp-json\/wp\/v2\/media?parent=371"}],"wp:term":[{"taxonomy":"category","embeddable":true,"href":"https:\/\/web.consaguirre.com.ar\/noticias\/wp-json\/wp\/v2\/categories?post=371"},{"taxonomy":"post_tag","embeddable":true,"href":"https:\/\/web.consaguirre.com.ar\/noticias\/wp-json\/wp\/v2\/tags?post=371"}],"curies":[{"name":"wp","href":"https:\/\/api.w.org\/{rel}","templated":true}]}}