{"id":3708,"date":"2025-09-15T20:38:10","date_gmt":"2025-09-15T23:38:10","guid":{"rendered":"https:\/\/web.consaguirre.com.ar\/noticias\/la-ambiciosa-focus-de-stan-getz-se-une-a-la-serie-de-boveda-de-verve\/"},"modified":"2025-09-15T20:38:11","modified_gmt":"2025-09-15T23:38:11","slug":"la-ambiciosa-focus-de-stan-getz-se-une-a-la-serie-de-boveda-de-verve","status":"publish","type":"post","link":"https:\/\/web.consaguirre.com.ar\/noticias\/la-ambiciosa-focus-de-stan-getz-se-une-a-la-serie-de-boveda-de-verve\/","title":{"rendered":"La ambiciosa &#8216;Focus&#8217; de Stan Getz se une a la serie de b\u00f3veda de Verve"},"content":{"rendered":"<p><em>Enfocar<\/em>lanzado originalmente en 1961 en Verve Records, se erige como una entrada singular en la discograf\u00eda de Saxofonista Stan Getz: una suite de jazz de c\u00e1mara compuesta y organizada por Eddie Sauter, con Getz como su \u00fanico improvisador. El \u00e1lbum se volver\u00e1 a emitir en vinilo de 180 gramos de an\u00e1logo el 14 de noviembre de 2025, como parte de la serie Verve Vault.<\/p>\n<p>Grabado en julio de 1961 en Webster Hall en la ciudad de Nueva York, <em>Enfocar<\/em> Los parejas del expresivo saxof\u00f3n tenor de Getz con una orquesta de cuerda realizada por Hershy Kay. La suite de siete movimientos de Sauter, originalmente imaginada para el violinista Jascha Heifetz, se desarrolla en paisajes arm\u00f3nicos en capas y texturas orquestales. Las partes de Getz fueron completamente improvisadas, capturadas en vivo en tomas individuales sin m\u00fasica escrita, ya que navegaba por marcos precompuestos con invenci\u00f3n mel\u00f3dica y claridad emocional.<\/p>\n<p>El \u00e1lbum representa una verdadera colaboraci\u00f3n entre Sauter y Getz, y una desviaci\u00f3n radical de las convenciones de los \u00e1lbumes de Jazz &#8220;With Strings&#8221; de la \u00e9poca. Las listas de Sauter enfatizan la escritura contrapuntal, la complejidad r\u00edtmica y la ambig\u00fcedad arm\u00f3nica, mientras que Getz, sin editar y no realizada en el sentido tradicional, teje una l\u00ednea l\u00edrica e instintiva en todo momento. El resultado sigue siendo uno de los proyectos m\u00e1s originales y art\u00edsticamente atrevidos en el legado grabado de Getz.<\/p>\n<p>La serie Verve Vault presenta reediciones de vinilo de 180 gramos de \u00e1lbumes esenciales de los \u00e1lbumes esenciales de The Verve, Impulse!, Mercurio y cat\u00e1logos asociados. Masado por Ryan K. Smith de las cintas anal\u00f3gicas originales y presionada en Optimal, cada lanzamiento combina fidelidad de audio excepcional con una atenci\u00f3n meticulosa al detalle, desde el dominio hasta la reproducci\u00f3n de la chaqueta. La serie destaca tanto los t\u00edtulos ic\u00f3nicos como las gemas pasadas por alto desde la d\u00e9cada de 1950 hasta la d\u00e9cada de 1970.<\/p>\n<p>Los lanzamientos anteriores incluyen <em>Sonny al lado<\/em> por Dizzy Gillespie y <em>El compositor de Desafinado juega<\/em> por Antonio Carlos Jobim, ambos lanzados el 10 de octubre de 2025.<\/p>\n<p><b>Compre la serie Verve Vault Now.<\/b><\/p>\n","protected":false},"excerpt":{"rendered":"<p>Enfocarlanzado originalmente en 1961 en Verve Records, se erige como una entrada singular en la discograf\u00eda de Saxofonista Stan Getz: una suite de jazz de<\/p>\n","protected":false},"author":1,"featured_media":3709,"comment_status":"closed","ping_status":"","sticky":false,"template":"","format":"standard","meta":{"footnotes":""},"categories":[50],"tags":[3174,3061,3175,3117,220,3116,455,1182],"class_list":["post-3708","post","type-post","status-publish","format-standard","has-post-thumbnail","hentry","category-el-ultimo","tag-ambiciosa","tag-boveda","tag-focus","tag-getz","tag-serie","tag-stan","tag-une","tag-verve","generate-columns","tablet-grid-50","mobile-grid-100","grid-parent","grid-50"],"yoast_head":"<!-- This site is optimized with the Yoast SEO plugin v23.3 - https:\/\/yoast.com\/wordpress\/plugins\/seo\/ -->\n<title>La ambiciosa &#039;Focus&#039; de Stan Getz se une a la serie de b\u00f3veda de Verve<\/title>\n<meta name=\"robots\" content=\"index, follow, max-snippet:-1, max-image-preview:large, max-video-preview:-1\" \/>\n<link rel=\"canonical\" href=\"https:\/\/web.consaguirre.com.ar\/noticias\/la-ambiciosa-focus-de-stan-getz-se-une-a-la-serie-de-boveda-de-verve\/\" \/>\n<meta property=\"og:locale\" content=\"es_ES\" \/>\n<meta property=\"og:type\" content=\"article\" \/>\n<meta property=\"og:title\" content=\"La ambiciosa &#039;Focus&#039; de Stan Getz se une a la serie de b\u00f3veda de Verve\" \/>\n<meta property=\"og:description\" content=\"Enfocarlanzado originalmente en 1961 en Verve Records, se erige como una entrada singular en la discograf\u00eda de Saxofonista Stan Getz: una suite de jazz de\" \/>\n<meta property=\"og:url\" content=\"https:\/\/web.consaguirre.com.ar\/noticias\/la-ambiciosa-focus-de-stan-getz-se-une-a-la-serie-de-boveda-de-verve\/\" \/>\n<meta property=\"og:site_name\" content=\"Conservatorio de M\u00fasica Juli\u00e1n Aguirre\" \/>\n<meta property=\"article:published_time\" content=\"2025-09-15T23:38:10+00:00\" \/>\n<meta property=\"article:modified_time\" content=\"2025-09-15T23:38:11+00:00\" \/>\n<meta property=\"og:image\" content=\"https:\/\/web.consaguirre.com.ar\/noticias\/wp-content\/uploads\/2025\/09\/La-ambiciosa-Focus-de-Stan-Getz-se-une-a-la.jpg\" \/>\n\t<meta property=\"og:image:width\" content=\"1440\" \/>\n\t<meta property=\"og:image:height\" content=\"864\" \/>\n\t<meta property=\"og:image:type\" content=\"image\/jpeg\" \/>\n<meta name=\"author\" content=\"Javier Figueroa\" \/>\n<meta name=\"twitter:card\" content=\"summary_large_image\" \/>\n<meta name=\"twitter:label1\" content=\"Escrito por\" \/>\n\t<meta name=\"twitter:data1\" content=\"Javier Figueroa\" \/>\n\t<meta name=\"twitter:label2\" content=\"Tiempo de lectura\" \/>\n\t<meta name=\"twitter:data2\" content=\"2 minutos\" \/>\n<script type=\"application\/ld+json\" class=\"yoast-schema-graph\">{\"@context\":\"https:\/\/schema.org\",\"@graph\":[{\"@type\":\"Article\",\"@id\":\"https:\/\/web.consaguirre.com.ar\/noticias\/la-ambiciosa-focus-de-stan-getz-se-une-a-la-serie-de-boveda-de-verve\/#article\",\"isPartOf\":{\"@id\":\"https:\/\/web.consaguirre.com.ar\/noticias\/la-ambiciosa-focus-de-stan-getz-se-une-a-la-serie-de-boveda-de-verve\/\"},\"author\":{\"name\":\"Javier Figueroa\",\"@id\":\"https:\/\/web.consaguirre.com.ar\/noticias\/#\/schema\/person\/6558b0cfedee7ddc5425602b237d5722\"},\"headline\":\"La ambiciosa &#8216;Focus&#8217; de Stan Getz se une a la serie de b\u00f3veda de Verve\",\"datePublished\":\"2025-09-15T23:38:10+00:00\",\"dateModified\":\"2025-09-15T23:38:11+00:00\",\"mainEntityOfPage\":{\"@id\":\"https:\/\/web.consaguirre.com.ar\/noticias\/la-ambiciosa-focus-de-stan-getz-se-une-a-la-serie-de-boveda-de-verve\/\"},\"wordCount\":380,\"publisher\":{\"@id\":\"https:\/\/web.consaguirre.com.ar\/noticias\/#organization\"},\"image\":{\"@id\":\"https:\/\/web.consaguirre.com.ar\/noticias\/la-ambiciosa-focus-de-stan-getz-se-une-a-la-serie-de-boveda-de-verve\/#primaryimage\"},\"thumbnailUrl\":\"https:\/\/web.consaguirre.com.ar\/noticias\/wp-content\/uploads\/2025\/09\/La-ambiciosa-Focus-de-Stan-Getz-se-une-a-la.jpg\",\"keywords\":[\"ambiciosa\",\"b\u00f3veda\",\"Focus\",\"Getz\",\"serie\",\"Stan\",\"une\",\"Verve\"],\"articleSection\":[\"El \u00faltimo\"],\"inLanguage\":\"es-AR\"},{\"@type\":\"WebPage\",\"@id\":\"https:\/\/web.consaguirre.com.ar\/noticias\/la-ambiciosa-focus-de-stan-getz-se-une-a-la-serie-de-boveda-de-verve\/\",\"url\":\"https:\/\/web.consaguirre.com.ar\/noticias\/la-ambiciosa-focus-de-stan-getz-se-une-a-la-serie-de-boveda-de-verve\/\",\"name\":\"La ambiciosa 'Focus' de Stan Getz se une a la serie de b\u00f3veda de Verve\",\"isPartOf\":{\"@id\":\"https:\/\/web.consaguirre.com.ar\/noticias\/#website\"},\"primaryImageOfPage\":{\"@id\":\"https:\/\/web.consaguirre.com.ar\/noticias\/la-ambiciosa-focus-de-stan-getz-se-une-a-la-serie-de-boveda-de-verve\/#primaryimage\"},\"image\":{\"@id\":\"https:\/\/web.consaguirre.com.ar\/noticias\/la-ambiciosa-focus-de-stan-getz-se-une-a-la-serie-de-boveda-de-verve\/#primaryimage\"},\"thumbnailUrl\":\"https:\/\/web.consaguirre.com.ar\/noticias\/wp-content\/uploads\/2025\/09\/La-ambiciosa-Focus-de-Stan-Getz-se-une-a-la.jpg\",\"datePublished\":\"2025-09-15T23:38:10+00:00\",\"dateModified\":\"2025-09-15T23:38:11+00:00\",\"breadcrumb\":{\"@id\":\"https:\/\/web.consaguirre.com.ar\/noticias\/la-ambiciosa-focus-de-stan-getz-se-une-a-la-serie-de-boveda-de-verve\/#breadcrumb\"},\"inLanguage\":\"es-AR\",\"potentialAction\":[{\"@type\":\"ReadAction\",\"target\":[\"https:\/\/web.consaguirre.com.ar\/noticias\/la-ambiciosa-focus-de-stan-getz-se-une-a-la-serie-de-boveda-de-verve\/\"]}]},{\"@type\":\"ImageObject\",\"inLanguage\":\"es-AR\",\"@id\":\"https:\/\/web.consaguirre.com.ar\/noticias\/la-ambiciosa-focus-de-stan-getz-se-une-a-la-serie-de-boveda-de-verve\/#primaryimage\",\"url\":\"https:\/\/web.consaguirre.com.ar\/noticias\/wp-content\/uploads\/2025\/09\/La-ambiciosa-Focus-de-Stan-Getz-se-une-a-la.jpg\",\"contentUrl\":\"https:\/\/web.consaguirre.com.ar\/noticias\/wp-content\/uploads\/2025\/09\/La-ambiciosa-Focus-de-Stan-Getz-se-une-a-la.jpg\",\"width\":1440,\"height\":864,\"caption\":\"La ambiciosa 'Focus' de Stan Getz se une a la serie de b\u00f3veda de Verve\"},{\"@type\":\"BreadcrumbList\",\"@id\":\"https:\/\/web.consaguirre.com.ar\/noticias\/la-ambiciosa-focus-de-stan-getz-se-une-a-la-serie-de-boveda-de-verve\/#breadcrumb\",\"itemListElement\":[{\"@type\":\"ListItem\",\"position\":1,\"name\":\"Inicio\",\"item\":\"https:\/\/web.consaguirre.com.ar\/noticias\/\"},{\"@type\":\"ListItem\",\"position\":2,\"name\":\"La ambiciosa &#8216;Focus&#8217; de Stan Getz se une a la serie de b\u00f3veda de Verve\"}]},{\"@type\":\"WebSite\",\"@id\":\"https:\/\/web.consaguirre.com.ar\/noticias\/#website\",\"url\":\"https:\/\/web.consaguirre.com.ar\/noticias\/\",\"name\":\"Conservatorio de M\u00fasica Juli\u00e1n Aguirre\",\"description\":\"\",\"publisher\":{\"@id\":\"https:\/\/web.consaguirre.com.ar\/noticias\/#organization\"},\"potentialAction\":[{\"@type\":\"SearchAction\",\"target\":{\"@type\":\"EntryPoint\",\"urlTemplate\":\"https:\/\/web.consaguirre.com.ar\/noticias\/?s={search_term_string}\"},\"query-input\":\"required name=search_term_string\"}],\"inLanguage\":\"es-AR\"},{\"@type\":\"Organization\",\"@id\":\"https:\/\/web.consaguirre.com.ar\/noticias\/#organization\",\"name\":\"Conservatorio de M\u00fasica Juli\u00e1n Aguirre\",\"url\":\"https:\/\/web.consaguirre.com.ar\/noticias\/\",\"logo\":{\"@type\":\"ImageObject\",\"inLanguage\":\"es-AR\",\"@id\":\"https:\/\/web.consaguirre.com.ar\/noticias\/#\/schema\/logo\/image\/\",\"url\":\"https:\/\/web.consaguirre.com.ar\/noticias\/wp-content\/uploads\/2024\/08\/Banner-Aguirre-23.jpg\",\"contentUrl\":\"https:\/\/web.consaguirre.com.ar\/noticias\/wp-content\/uploads\/2024\/08\/Banner-Aguirre-23.jpg\",\"width\":1192,\"height\":600,\"caption\":\"Conservatorio de M\u00fasica Juli\u00e1n Aguirre\"},\"image\":{\"@id\":\"https:\/\/web.consaguirre.com.ar\/noticias\/#\/schema\/logo\/image\/\"}},{\"@type\":\"Person\",\"@id\":\"https:\/\/web.consaguirre.com.ar\/noticias\/#\/schema\/person\/6558b0cfedee7ddc5425602b237d5722\",\"name\":\"Javier Figueroa\",\"image\":{\"@type\":\"ImageObject\",\"inLanguage\":\"es-AR\",\"@id\":\"https:\/\/web.consaguirre.com.ar\/noticias\/#\/schema\/person\/image\/\",\"url\":\"https:\/\/web.consaguirre.com.ar\/noticias\/wp-content\/uploads\/2024\/08\/Consaguirre-scaled.jpg\",\"contentUrl\":\"https:\/\/web.consaguirre.com.ar\/noticias\/wp-content\/uploads\/2024\/08\/Consaguirre-scaled.jpg\",\"caption\":\"Javier Figueroa\"},\"description\":\"Me llamo Javier Figueroa y soy redactor para el sitio oficial del Conservatorio de M\u00fasica Juli\u00e1n Aguirre en Buenos Aires, consaguirre.com. Apasionado por la m\u00fasica y la escritura, me esfuerzo por destacar los talentos y eventos de nuestra prestigiosa instituci\u00f3n. Mi trayectoria se nutre de una profunda admiraci\u00f3n por los artistas, haciendo de cada art\u00edculo una celebraci\u00f3n de la creatividad y la cultura musical.\",\"sameAs\":[\"https:\/\/web.consaguirre.com.ar\/noticias\"]}]}<\/script>\n<!-- \/ Yoast SEO plugin. -->","yoast_head_json":{"title":"La ambiciosa 'Focus' de Stan Getz se une a la serie de b\u00f3veda de Verve","robots":{"index":"index","follow":"follow","max-snippet":"max-snippet:-1","max-image-preview":"max-image-preview:large","max-video-preview":"max-video-preview:-1"},"canonical":"https:\/\/web.consaguirre.com.ar\/noticias\/la-ambiciosa-focus-de-stan-getz-se-une-a-la-serie-de-boveda-de-verve\/","og_locale":"es_ES","og_type":"article","og_title":"La ambiciosa 'Focus' de Stan Getz se une a la serie de b\u00f3veda de Verve","og_description":"Enfocarlanzado originalmente en 1961 en Verve Records, se erige como una entrada singular en la discograf\u00eda de Saxofonista Stan Getz: una suite de jazz de","og_url":"https:\/\/web.consaguirre.com.ar\/noticias\/la-ambiciosa-focus-de-stan-getz-se-une-a-la-serie-de-boveda-de-verve\/","og_site_name":"Conservatorio de M\u00fasica Juli\u00e1n Aguirre","article_published_time":"2025-09-15T23:38:10+00:00","article_modified_time":"2025-09-15T23:38:11+00:00","og_image":[{"width":1440,"height":864,"url":"https:\/\/web.consaguirre.com.ar\/noticias\/wp-content\/uploads\/2025\/09\/La-ambiciosa-Focus-de-Stan-Getz-se-une-a-la.jpg","type":"image\/jpeg"}],"author":"Javier Figueroa","twitter_card":"summary_large_image","twitter_misc":{"Escrito por":"Javier Figueroa","Tiempo de lectura":"2 minutos"},"schema":{"@context":"https:\/\/schema.org","@graph":[{"@type":"Article","@id":"https:\/\/web.consaguirre.com.ar\/noticias\/la-ambiciosa-focus-de-stan-getz-se-une-a-la-serie-de-boveda-de-verve\/#article","isPartOf":{"@id":"https:\/\/web.consaguirre.com.ar\/noticias\/la-ambiciosa-focus-de-stan-getz-se-une-a-la-serie-de-boveda-de-verve\/"},"author":{"name":"Javier Figueroa","@id":"https:\/\/web.consaguirre.com.ar\/noticias\/#\/schema\/person\/6558b0cfedee7ddc5425602b237d5722"},"headline":"La ambiciosa &#8216;Focus&#8217; de Stan Getz se une a la serie de b\u00f3veda de Verve","datePublished":"2025-09-15T23:38:10+00:00","dateModified":"2025-09-15T23:38:11+00:00","mainEntityOfPage":{"@id":"https:\/\/web.consaguirre.com.ar\/noticias\/la-ambiciosa-focus-de-stan-getz-se-une-a-la-serie-de-boveda-de-verve\/"},"wordCount":380,"publisher":{"@id":"https:\/\/web.consaguirre.com.ar\/noticias\/#organization"},"image":{"@id":"https:\/\/web.consaguirre.com.ar\/noticias\/la-ambiciosa-focus-de-stan-getz-se-une-a-la-serie-de-boveda-de-verve\/#primaryimage"},"thumbnailUrl":"https:\/\/web.consaguirre.com.ar\/noticias\/wp-content\/uploads\/2025\/09\/La-ambiciosa-Focus-de-Stan-Getz-se-une-a-la.jpg","keywords":["ambiciosa","b\u00f3veda","Focus","Getz","serie","Stan","une","Verve"],"articleSection":["El \u00faltimo"],"inLanguage":"es-AR"},{"@type":"WebPage","@id":"https:\/\/web.consaguirre.com.ar\/noticias\/la-ambiciosa-focus-de-stan-getz-se-une-a-la-serie-de-boveda-de-verve\/","url":"https:\/\/web.consaguirre.com.ar\/noticias\/la-ambiciosa-focus-de-stan-getz-se-une-a-la-serie-de-boveda-de-verve\/","name":"La ambiciosa 'Focus' de Stan Getz se une a la serie de b\u00f3veda de Verve","isPartOf":{"@id":"https:\/\/web.consaguirre.com.ar\/noticias\/#website"},"primaryImageOfPage":{"@id":"https:\/\/web.consaguirre.com.ar\/noticias\/la-ambiciosa-focus-de-stan-getz-se-une-a-la-serie-de-boveda-de-verve\/#primaryimage"},"image":{"@id":"https:\/\/web.consaguirre.com.ar\/noticias\/la-ambiciosa-focus-de-stan-getz-se-une-a-la-serie-de-boveda-de-verve\/#primaryimage"},"thumbnailUrl":"https:\/\/web.consaguirre.com.ar\/noticias\/wp-content\/uploads\/2025\/09\/La-ambiciosa-Focus-de-Stan-Getz-se-une-a-la.jpg","datePublished":"2025-09-15T23:38:10+00:00","dateModified":"2025-09-15T23:38:11+00:00","breadcrumb":{"@id":"https:\/\/web.consaguirre.com.ar\/noticias\/la-ambiciosa-focus-de-stan-getz-se-une-a-la-serie-de-boveda-de-verve\/#breadcrumb"},"inLanguage":"es-AR","potentialAction":[{"@type":"ReadAction","target":["https:\/\/web.consaguirre.com.ar\/noticias\/la-ambiciosa-focus-de-stan-getz-se-une-a-la-serie-de-boveda-de-verve\/"]}]},{"@type":"ImageObject","inLanguage":"es-AR","@id":"https:\/\/web.consaguirre.com.ar\/noticias\/la-ambiciosa-focus-de-stan-getz-se-une-a-la-serie-de-boveda-de-verve\/#primaryimage","url":"https:\/\/web.consaguirre.com.ar\/noticias\/wp-content\/uploads\/2025\/09\/La-ambiciosa-Focus-de-Stan-Getz-se-une-a-la.jpg","contentUrl":"https:\/\/web.consaguirre.com.ar\/noticias\/wp-content\/uploads\/2025\/09\/La-ambiciosa-Focus-de-Stan-Getz-se-une-a-la.jpg","width":1440,"height":864,"caption":"La ambiciosa 'Focus' de Stan Getz se une a la serie de b\u00f3veda de Verve"},{"@type":"BreadcrumbList","@id":"https:\/\/web.consaguirre.com.ar\/noticias\/la-ambiciosa-focus-de-stan-getz-se-une-a-la-serie-de-boveda-de-verve\/#breadcrumb","itemListElement":[{"@type":"ListItem","position":1,"name":"Inicio","item":"https:\/\/web.consaguirre.com.ar\/noticias\/"},{"@type":"ListItem","position":2,"name":"La ambiciosa &#8216;Focus&#8217; de Stan Getz se une a la serie de b\u00f3veda de Verve"}]},{"@type":"WebSite","@id":"https:\/\/web.consaguirre.com.ar\/noticias\/#website","url":"https:\/\/web.consaguirre.com.ar\/noticias\/","name":"Conservatorio de M\u00fasica Juli\u00e1n Aguirre","description":"","publisher":{"@id":"https:\/\/web.consaguirre.com.ar\/noticias\/#organization"},"potentialAction":[{"@type":"SearchAction","target":{"@type":"EntryPoint","urlTemplate":"https:\/\/web.consaguirre.com.ar\/noticias\/?s={search_term_string}"},"query-input":"required name=search_term_string"}],"inLanguage":"es-AR"},{"@type":"Organization","@id":"https:\/\/web.consaguirre.com.ar\/noticias\/#organization","name":"Conservatorio de M\u00fasica Juli\u00e1n Aguirre","url":"https:\/\/web.consaguirre.com.ar\/noticias\/","logo":{"@type":"ImageObject","inLanguage":"es-AR","@id":"https:\/\/web.consaguirre.com.ar\/noticias\/#\/schema\/logo\/image\/","url":"https:\/\/web.consaguirre.com.ar\/noticias\/wp-content\/uploads\/2024\/08\/Banner-Aguirre-23.jpg","contentUrl":"https:\/\/web.consaguirre.com.ar\/noticias\/wp-content\/uploads\/2024\/08\/Banner-Aguirre-23.jpg","width":1192,"height":600,"caption":"Conservatorio de M\u00fasica Juli\u00e1n Aguirre"},"image":{"@id":"https:\/\/web.consaguirre.com.ar\/noticias\/#\/schema\/logo\/image\/"}},{"@type":"Person","@id":"https:\/\/web.consaguirre.com.ar\/noticias\/#\/schema\/person\/6558b0cfedee7ddc5425602b237d5722","name":"Javier Figueroa","image":{"@type":"ImageObject","inLanguage":"es-AR","@id":"https:\/\/web.consaguirre.com.ar\/noticias\/#\/schema\/person\/image\/","url":"https:\/\/web.consaguirre.com.ar\/noticias\/wp-content\/uploads\/2024\/08\/Consaguirre-scaled.jpg","contentUrl":"https:\/\/web.consaguirre.com.ar\/noticias\/wp-content\/uploads\/2024\/08\/Consaguirre-scaled.jpg","caption":"Javier Figueroa"},"description":"Me llamo Javier Figueroa y soy redactor para el sitio oficial del Conservatorio de M\u00fasica Juli\u00e1n Aguirre en Buenos Aires, consaguirre.com. Apasionado por la m\u00fasica y la escritura, me esfuerzo por destacar los talentos y eventos de nuestra prestigiosa instituci\u00f3n. Mi trayectoria se nutre de una profunda admiraci\u00f3n por los artistas, haciendo de cada art\u00edculo una celebraci\u00f3n de la creatividad y la cultura musical.","sameAs":["https:\/\/web.consaguirre.com.ar\/noticias"]}]}},"_links":{"self":[{"href":"https:\/\/web.consaguirre.com.ar\/noticias\/wp-json\/wp\/v2\/posts\/3708"}],"collection":[{"href":"https:\/\/web.consaguirre.com.ar\/noticias\/wp-json\/wp\/v2\/posts"}],"about":[{"href":"https:\/\/web.consaguirre.com.ar\/noticias\/wp-json\/wp\/v2\/types\/post"}],"author":[{"embeddable":true,"href":"https:\/\/web.consaguirre.com.ar\/noticias\/wp-json\/wp\/v2\/users\/1"}],"replies":[{"embeddable":true,"href":"https:\/\/web.consaguirre.com.ar\/noticias\/wp-json\/wp\/v2\/comments?post=3708"}],"version-history":[{"count":1,"href":"https:\/\/web.consaguirre.com.ar\/noticias\/wp-json\/wp\/v2\/posts\/3708\/revisions"}],"predecessor-version":[{"id":3710,"href":"https:\/\/web.consaguirre.com.ar\/noticias\/wp-json\/wp\/v2\/posts\/3708\/revisions\/3710"}],"wp:featuredmedia":[{"embeddable":true,"href":"https:\/\/web.consaguirre.com.ar\/noticias\/wp-json\/wp\/v2\/media\/3709"}],"wp:attachment":[{"href":"https:\/\/web.consaguirre.com.ar\/noticias\/wp-json\/wp\/v2\/media?parent=3708"}],"wp:term":[{"taxonomy":"category","embeddable":true,"href":"https:\/\/web.consaguirre.com.ar\/noticias\/wp-json\/wp\/v2\/categories?post=3708"},{"taxonomy":"post_tag","embeddable":true,"href":"https:\/\/web.consaguirre.com.ar\/noticias\/wp-json\/wp\/v2\/tags?post=3708"}],"curies":[{"name":"wp","href":"https:\/\/api.w.org\/{rel}","templated":true}]}}