{"id":3705,"date":"2025-09-15T17:38:34","date_gmt":"2025-09-15T20:38:34","guid":{"rendered":"https:\/\/web.consaguirre.com.ar\/noticias\/jimmy-wes-el-duo-dinamico-reeditado-como-parte-de-verve-vault\/"},"modified":"2025-09-15T17:38:35","modified_gmt":"2025-09-15T20:38:35","slug":"jimmy-wes-el-duo-dinamico-reeditado-como-parte-de-verve-vault","status":"publish","type":"post","link":"https:\/\/web.consaguirre.com.ar\/noticias\/jimmy-wes-el-duo-dinamico-reeditado-como-parte-de-verve-vault\/","title":{"rendered":"&#8216;Jimmy &#038; Wes (el d\u00fao din\u00e1mico)&#8217; reeditado como parte de Verve Vault"},"content":{"rendered":"<p><em>Jimmy &#038; Wes (el d\u00fao din\u00e1mico)<\/em>lanzado originalmente en 1966 en Verve Records, captura la \u00fanica colaboraci\u00f3n de estudio de larga duraci\u00f3n entre el organista de Hammond B3 Jimmy Smith y el guitarrista Wes Montgomery. El \u00e1lbum se volver\u00e1 a emitir en vinilo All-Analog 180 Gram el 14 de noviembre de 2025, como parte de la serie Verve Vault recientemente lanzada.<\/p>\n<p>Producido por Creed Taylor y organizado por Oliver Nelson, <em>Jimmy y Wes<\/em> Reuni\u00f3 a dos de las voces m\u00e1s distintivas de Jazz en un amplio entorno de big band. Grabado durante tres d\u00edas en septiembre de 1966 en el Estudio de Cliffs Englewood de Rudy Van Gelder, las sesiones presentaban un conjunto pesado de lat\u00f3n y ca\u00f1a y una secci\u00f3n de ritmo de primer nivel con el baterista Grady Tate y el bajista Richard Davis. Las l\u00edneas de guitarra mel\u00f3dica de Montgomery y los ardientes ritmos de \u00f3rganos de Smith encuentran un entorno vibrante en los arreglos apretados y contundentes de Nelson, ricos en color arm\u00f3nico y impulso r\u00edtmico.<\/p>\n<p>El programa combina originales y est\u00e1ndares, incluida la blues de Smith &#8220;James and Wes&#8221; y un reinventado &#8220;beb\u00e9, hace fr\u00edo afuera&#8221; transformado en un vampiro a fuego lento y de menor clave. Las orquestaciones de Nelson dan al \u00e1lbum Cinematic Brown sin sacrificar la interacci\u00f3n entre sus estrellas. El resultado es una reuni\u00f3n rara de dos gigantes de jazz, capturados durante un per\u00edodo de amplio \u00e9xito popular, con la presencia adicional de uno de los arregladores m\u00e1s exitosos de la \u00e9poca.<\/p>\n<p>La serie Verve Vault presenta reediciones de vinilo de 180 gramos de \u00e1lbumes esenciales de los \u00e1lbumes esenciales de The Verve, Impulse!, Mercurio y cat\u00e1logos asociados. Masado por Ryan K. Smith de las cintas anal\u00f3gicas originales y presionada en Optimal, cada lanzamiento combina fidelidad de audio excepcional con una atenci\u00f3n meticulosa al detalle, desde el dominio hasta la reproducci\u00f3n de la chaqueta. La serie destaca tanto los t\u00edtulos ic\u00f3nicos como las gemas pasadas por alto desde la d\u00e9cada de 1950 hasta la d\u00e9cada de 1970. Los lanzamientos anteriores incluyen <em>Sonny al lado<\/em> por Dizzy Gillespie y <em>El compositor de Desafinado juega<\/em> por Antonio Carlos Jobim, ambos lanzados el 10 de octubre de 2025.<\/p>\n<p><b>Compre la serie Verve Vault Now.<\/b><\/p>\n","protected":false},"excerpt":{"rendered":"<p>Jimmy &#038; Wes (el d\u00fao din\u00e1mico)lanzado originalmente en 1966 en Verve Records, captura la \u00fanica colaboraci\u00f3n de estudio de larga duraci\u00f3n entre el organista de<\/p>\n","protected":false},"author":1,"featured_media":3706,"comment_status":"closed","ping_status":"","sticky":false,"template":"","format":"standard","meta":{"footnotes":""},"categories":[50],"tags":[331,3172,3171,566,875,3173,718,1182,3170],"class_list":["post-3705","post","type-post","status-publish","format-standard","has-post-thumbnail","hentry","category-el-ultimo","tag-como","tag-dinamico","tag-duo","tag-jimmy","tag-parte","tag-reeditado","tag-vault","tag-verve","tag-wes","generate-columns","tablet-grid-50","mobile-grid-100","grid-parent","grid-50"],"yoast_head":"<!-- This site is optimized with the Yoast SEO plugin v23.3 - https:\/\/yoast.com\/wordpress\/plugins\/seo\/ -->\n<title>&#039;Jimmy &amp; Wes (el d\u00fao din\u00e1mico)&#039; reeditado como parte de Verve Vault<\/title>\n<meta name=\"robots\" content=\"index, follow, max-snippet:-1, max-image-preview:large, max-video-preview:-1\" \/>\n<link rel=\"canonical\" href=\"https:\/\/web.consaguirre.com.ar\/noticias\/jimmy-wes-el-duo-dinamico-reeditado-como-parte-de-verve-vault\/\" \/>\n<meta property=\"og:locale\" content=\"es_ES\" \/>\n<meta property=\"og:type\" content=\"article\" \/>\n<meta property=\"og:title\" content=\"&#039;Jimmy &amp; Wes (el d\u00fao din\u00e1mico)&#039; reeditado como parte de Verve Vault\" \/>\n<meta property=\"og:description\" content=\"Jimmy &#038; Wes (el d\u00fao din\u00e1mico)lanzado originalmente en 1966 en Verve Records, captura la \u00fanica colaboraci\u00f3n de estudio de larga duraci\u00f3n entre el organista de\" \/>\n<meta property=\"og:url\" content=\"https:\/\/web.consaguirre.com.ar\/noticias\/jimmy-wes-el-duo-dinamico-reeditado-como-parte-de-verve-vault\/\" \/>\n<meta property=\"og:site_name\" content=\"Conservatorio de M\u00fasica Juli\u00e1n Aguirre\" \/>\n<meta property=\"article:published_time\" content=\"2025-09-15T20:38:34+00:00\" \/>\n<meta property=\"article:modified_time\" content=\"2025-09-15T20:38:35+00:00\" \/>\n<meta property=\"og:image\" content=\"https:\/\/web.consaguirre.com.ar\/noticias\/wp-content\/uploads\/2025\/09\/Jimmy-Wes-el-duo-dinamico-reeditado-como-parte-de.jpg\" \/>\n\t<meta property=\"og:image:width\" content=\"1440\" \/>\n\t<meta property=\"og:image:height\" content=\"864\" \/>\n\t<meta property=\"og:image:type\" content=\"image\/jpeg\" \/>\n<meta name=\"author\" content=\"Javier Figueroa\" \/>\n<meta name=\"twitter:card\" content=\"summary_large_image\" \/>\n<meta name=\"twitter:label1\" content=\"Escrito por\" \/>\n\t<meta name=\"twitter:data1\" content=\"Javier Figueroa\" \/>\n\t<meta name=\"twitter:label2\" content=\"Tiempo de lectura\" \/>\n\t<meta name=\"twitter:data2\" content=\"2 minutos\" \/>\n<script type=\"application\/ld+json\" class=\"yoast-schema-graph\">{\"@context\":\"https:\/\/schema.org\",\"@graph\":[{\"@type\":\"Article\",\"@id\":\"https:\/\/web.consaguirre.com.ar\/noticias\/jimmy-wes-el-duo-dinamico-reeditado-como-parte-de-verve-vault\/#article\",\"isPartOf\":{\"@id\":\"https:\/\/web.consaguirre.com.ar\/noticias\/jimmy-wes-el-duo-dinamico-reeditado-como-parte-de-verve-vault\/\"},\"author\":{\"name\":\"Javier Figueroa\",\"@id\":\"https:\/\/web.consaguirre.com.ar\/noticias\/#\/schema\/person\/6558b0cfedee7ddc5425602b237d5722\"},\"headline\":\"&#8216;Jimmy &#038; Wes (el d\u00fao din\u00e1mico)&#8217; reeditado como parte de Verve Vault\",\"datePublished\":\"2025-09-15T20:38:34+00:00\",\"dateModified\":\"2025-09-15T20:38:35+00:00\",\"mainEntityOfPage\":{\"@id\":\"https:\/\/web.consaguirre.com.ar\/noticias\/jimmy-wes-el-duo-dinamico-reeditado-como-parte-de-verve-vault\/\"},\"wordCount\":399,\"publisher\":{\"@id\":\"https:\/\/web.consaguirre.com.ar\/noticias\/#organization\"},\"image\":{\"@id\":\"https:\/\/web.consaguirre.com.ar\/noticias\/jimmy-wes-el-duo-dinamico-reeditado-como-parte-de-verve-vault\/#primaryimage\"},\"thumbnailUrl\":\"https:\/\/web.consaguirre.com.ar\/noticias\/wp-content\/uploads\/2025\/09\/Jimmy-Wes-el-duo-dinamico-reeditado-como-parte-de.jpg\",\"keywords\":[\"como\",\"din\u00e1mico\",\"d\u00fao\",\"Jimmy\",\"parte\",\"reeditado\",\"Vault\",\"Verve\",\"Wes\"],\"articleSection\":[\"El \u00faltimo\"],\"inLanguage\":\"es-AR\"},{\"@type\":\"WebPage\",\"@id\":\"https:\/\/web.consaguirre.com.ar\/noticias\/jimmy-wes-el-duo-dinamico-reeditado-como-parte-de-verve-vault\/\",\"url\":\"https:\/\/web.consaguirre.com.ar\/noticias\/jimmy-wes-el-duo-dinamico-reeditado-como-parte-de-verve-vault\/\",\"name\":\"'Jimmy & Wes (el d\u00fao din\u00e1mico)' reeditado como parte de Verve Vault\",\"isPartOf\":{\"@id\":\"https:\/\/web.consaguirre.com.ar\/noticias\/#website\"},\"primaryImageOfPage\":{\"@id\":\"https:\/\/web.consaguirre.com.ar\/noticias\/jimmy-wes-el-duo-dinamico-reeditado-como-parte-de-verve-vault\/#primaryimage\"},\"image\":{\"@id\":\"https:\/\/web.consaguirre.com.ar\/noticias\/jimmy-wes-el-duo-dinamico-reeditado-como-parte-de-verve-vault\/#primaryimage\"},\"thumbnailUrl\":\"https:\/\/web.consaguirre.com.ar\/noticias\/wp-content\/uploads\/2025\/09\/Jimmy-Wes-el-duo-dinamico-reeditado-como-parte-de.jpg\",\"datePublished\":\"2025-09-15T20:38:34+00:00\",\"dateModified\":\"2025-09-15T20:38:35+00:00\",\"breadcrumb\":{\"@id\":\"https:\/\/web.consaguirre.com.ar\/noticias\/jimmy-wes-el-duo-dinamico-reeditado-como-parte-de-verve-vault\/#breadcrumb\"},\"inLanguage\":\"es-AR\",\"potentialAction\":[{\"@type\":\"ReadAction\",\"target\":[\"https:\/\/web.consaguirre.com.ar\/noticias\/jimmy-wes-el-duo-dinamico-reeditado-como-parte-de-verve-vault\/\"]}]},{\"@type\":\"ImageObject\",\"inLanguage\":\"es-AR\",\"@id\":\"https:\/\/web.consaguirre.com.ar\/noticias\/jimmy-wes-el-duo-dinamico-reeditado-como-parte-de-verve-vault\/#primaryimage\",\"url\":\"https:\/\/web.consaguirre.com.ar\/noticias\/wp-content\/uploads\/2025\/09\/Jimmy-Wes-el-duo-dinamico-reeditado-como-parte-de.jpg\",\"contentUrl\":\"https:\/\/web.consaguirre.com.ar\/noticias\/wp-content\/uploads\/2025\/09\/Jimmy-Wes-el-duo-dinamico-reeditado-como-parte-de.jpg\",\"width\":1440,\"height\":864,\"caption\":\"'Jimmy & Wes (el d\u00fao din\u00e1mico)' reeditado como parte de Verve Vault\"},{\"@type\":\"BreadcrumbList\",\"@id\":\"https:\/\/web.consaguirre.com.ar\/noticias\/jimmy-wes-el-duo-dinamico-reeditado-como-parte-de-verve-vault\/#breadcrumb\",\"itemListElement\":[{\"@type\":\"ListItem\",\"position\":1,\"name\":\"Inicio\",\"item\":\"https:\/\/web.consaguirre.com.ar\/noticias\/\"},{\"@type\":\"ListItem\",\"position\":2,\"name\":\"&#8216;Jimmy &#038; Wes (el d\u00fao din\u00e1mico)&#8217; reeditado como parte de Verve Vault\"}]},{\"@type\":\"WebSite\",\"@id\":\"https:\/\/web.consaguirre.com.ar\/noticias\/#website\",\"url\":\"https:\/\/web.consaguirre.com.ar\/noticias\/\",\"name\":\"Conservatorio de M\u00fasica Juli\u00e1n Aguirre\",\"description\":\"\",\"publisher\":{\"@id\":\"https:\/\/web.consaguirre.com.ar\/noticias\/#organization\"},\"potentialAction\":[{\"@type\":\"SearchAction\",\"target\":{\"@type\":\"EntryPoint\",\"urlTemplate\":\"https:\/\/web.consaguirre.com.ar\/noticias\/?s={search_term_string}\"},\"query-input\":\"required name=search_term_string\"}],\"inLanguage\":\"es-AR\"},{\"@type\":\"Organization\",\"@id\":\"https:\/\/web.consaguirre.com.ar\/noticias\/#organization\",\"name\":\"Conservatorio de M\u00fasica Juli\u00e1n Aguirre\",\"url\":\"https:\/\/web.consaguirre.com.ar\/noticias\/\",\"logo\":{\"@type\":\"ImageObject\",\"inLanguage\":\"es-AR\",\"@id\":\"https:\/\/web.consaguirre.com.ar\/noticias\/#\/schema\/logo\/image\/\",\"url\":\"https:\/\/web.consaguirre.com.ar\/noticias\/wp-content\/uploads\/2024\/08\/Banner-Aguirre-23.jpg\",\"contentUrl\":\"https:\/\/web.consaguirre.com.ar\/noticias\/wp-content\/uploads\/2024\/08\/Banner-Aguirre-23.jpg\",\"width\":1192,\"height\":600,\"caption\":\"Conservatorio de M\u00fasica Juli\u00e1n Aguirre\"},\"image\":{\"@id\":\"https:\/\/web.consaguirre.com.ar\/noticias\/#\/schema\/logo\/image\/\"}},{\"@type\":\"Person\",\"@id\":\"https:\/\/web.consaguirre.com.ar\/noticias\/#\/schema\/person\/6558b0cfedee7ddc5425602b237d5722\",\"name\":\"Javier Figueroa\",\"image\":{\"@type\":\"ImageObject\",\"inLanguage\":\"es-AR\",\"@id\":\"https:\/\/web.consaguirre.com.ar\/noticias\/#\/schema\/person\/image\/\",\"url\":\"https:\/\/web.consaguirre.com.ar\/noticias\/wp-content\/uploads\/2024\/08\/Consaguirre-scaled.jpg\",\"contentUrl\":\"https:\/\/web.consaguirre.com.ar\/noticias\/wp-content\/uploads\/2024\/08\/Consaguirre-scaled.jpg\",\"caption\":\"Javier Figueroa\"},\"description\":\"Me llamo Javier Figueroa y soy redactor para el sitio oficial del Conservatorio de M\u00fasica Juli\u00e1n Aguirre en Buenos Aires, consaguirre.com. Apasionado por la m\u00fasica y la escritura, me esfuerzo por destacar los talentos y eventos de nuestra prestigiosa instituci\u00f3n. Mi trayectoria se nutre de una profunda admiraci\u00f3n por los artistas, haciendo de cada art\u00edculo una celebraci\u00f3n de la creatividad y la cultura musical.\",\"sameAs\":[\"https:\/\/web.consaguirre.com.ar\/noticias\"]}]}<\/script>\n<!-- \/ Yoast SEO plugin. -->","yoast_head_json":{"title":"'Jimmy & Wes (el d\u00fao din\u00e1mico)' reeditado como parte de Verve Vault","robots":{"index":"index","follow":"follow","max-snippet":"max-snippet:-1","max-image-preview":"max-image-preview:large","max-video-preview":"max-video-preview:-1"},"canonical":"https:\/\/web.consaguirre.com.ar\/noticias\/jimmy-wes-el-duo-dinamico-reeditado-como-parte-de-verve-vault\/","og_locale":"es_ES","og_type":"article","og_title":"'Jimmy & Wes (el d\u00fao din\u00e1mico)' reeditado como parte de Verve Vault","og_description":"Jimmy &#038; Wes (el d\u00fao din\u00e1mico)lanzado originalmente en 1966 en Verve Records, captura la \u00fanica colaboraci\u00f3n de estudio de larga duraci\u00f3n entre el organista de","og_url":"https:\/\/web.consaguirre.com.ar\/noticias\/jimmy-wes-el-duo-dinamico-reeditado-como-parte-de-verve-vault\/","og_site_name":"Conservatorio de M\u00fasica Juli\u00e1n Aguirre","article_published_time":"2025-09-15T20:38:34+00:00","article_modified_time":"2025-09-15T20:38:35+00:00","og_image":[{"width":1440,"height":864,"url":"https:\/\/web.consaguirre.com.ar\/noticias\/wp-content\/uploads\/2025\/09\/Jimmy-Wes-el-duo-dinamico-reeditado-como-parte-de.jpg","type":"image\/jpeg"}],"author":"Javier Figueroa","twitter_card":"summary_large_image","twitter_misc":{"Escrito por":"Javier Figueroa","Tiempo de lectura":"2 minutos"},"schema":{"@context":"https:\/\/schema.org","@graph":[{"@type":"Article","@id":"https:\/\/web.consaguirre.com.ar\/noticias\/jimmy-wes-el-duo-dinamico-reeditado-como-parte-de-verve-vault\/#article","isPartOf":{"@id":"https:\/\/web.consaguirre.com.ar\/noticias\/jimmy-wes-el-duo-dinamico-reeditado-como-parte-de-verve-vault\/"},"author":{"name":"Javier Figueroa","@id":"https:\/\/web.consaguirre.com.ar\/noticias\/#\/schema\/person\/6558b0cfedee7ddc5425602b237d5722"},"headline":"&#8216;Jimmy &#038; Wes (el d\u00fao din\u00e1mico)&#8217; reeditado como parte de Verve Vault","datePublished":"2025-09-15T20:38:34+00:00","dateModified":"2025-09-15T20:38:35+00:00","mainEntityOfPage":{"@id":"https:\/\/web.consaguirre.com.ar\/noticias\/jimmy-wes-el-duo-dinamico-reeditado-como-parte-de-verve-vault\/"},"wordCount":399,"publisher":{"@id":"https:\/\/web.consaguirre.com.ar\/noticias\/#organization"},"image":{"@id":"https:\/\/web.consaguirre.com.ar\/noticias\/jimmy-wes-el-duo-dinamico-reeditado-como-parte-de-verve-vault\/#primaryimage"},"thumbnailUrl":"https:\/\/web.consaguirre.com.ar\/noticias\/wp-content\/uploads\/2025\/09\/Jimmy-Wes-el-duo-dinamico-reeditado-como-parte-de.jpg","keywords":["como","din\u00e1mico","d\u00fao","Jimmy","parte","reeditado","Vault","Verve","Wes"],"articleSection":["El \u00faltimo"],"inLanguage":"es-AR"},{"@type":"WebPage","@id":"https:\/\/web.consaguirre.com.ar\/noticias\/jimmy-wes-el-duo-dinamico-reeditado-como-parte-de-verve-vault\/","url":"https:\/\/web.consaguirre.com.ar\/noticias\/jimmy-wes-el-duo-dinamico-reeditado-como-parte-de-verve-vault\/","name":"'Jimmy & Wes (el d\u00fao din\u00e1mico)' reeditado como parte de Verve Vault","isPartOf":{"@id":"https:\/\/web.consaguirre.com.ar\/noticias\/#website"},"primaryImageOfPage":{"@id":"https:\/\/web.consaguirre.com.ar\/noticias\/jimmy-wes-el-duo-dinamico-reeditado-como-parte-de-verve-vault\/#primaryimage"},"image":{"@id":"https:\/\/web.consaguirre.com.ar\/noticias\/jimmy-wes-el-duo-dinamico-reeditado-como-parte-de-verve-vault\/#primaryimage"},"thumbnailUrl":"https:\/\/web.consaguirre.com.ar\/noticias\/wp-content\/uploads\/2025\/09\/Jimmy-Wes-el-duo-dinamico-reeditado-como-parte-de.jpg","datePublished":"2025-09-15T20:38:34+00:00","dateModified":"2025-09-15T20:38:35+00:00","breadcrumb":{"@id":"https:\/\/web.consaguirre.com.ar\/noticias\/jimmy-wes-el-duo-dinamico-reeditado-como-parte-de-verve-vault\/#breadcrumb"},"inLanguage":"es-AR","potentialAction":[{"@type":"ReadAction","target":["https:\/\/web.consaguirre.com.ar\/noticias\/jimmy-wes-el-duo-dinamico-reeditado-como-parte-de-verve-vault\/"]}]},{"@type":"ImageObject","inLanguage":"es-AR","@id":"https:\/\/web.consaguirre.com.ar\/noticias\/jimmy-wes-el-duo-dinamico-reeditado-como-parte-de-verve-vault\/#primaryimage","url":"https:\/\/web.consaguirre.com.ar\/noticias\/wp-content\/uploads\/2025\/09\/Jimmy-Wes-el-duo-dinamico-reeditado-como-parte-de.jpg","contentUrl":"https:\/\/web.consaguirre.com.ar\/noticias\/wp-content\/uploads\/2025\/09\/Jimmy-Wes-el-duo-dinamico-reeditado-como-parte-de.jpg","width":1440,"height":864,"caption":"'Jimmy & Wes (el d\u00fao din\u00e1mico)' reeditado como parte de Verve Vault"},{"@type":"BreadcrumbList","@id":"https:\/\/web.consaguirre.com.ar\/noticias\/jimmy-wes-el-duo-dinamico-reeditado-como-parte-de-verve-vault\/#breadcrumb","itemListElement":[{"@type":"ListItem","position":1,"name":"Inicio","item":"https:\/\/web.consaguirre.com.ar\/noticias\/"},{"@type":"ListItem","position":2,"name":"&#8216;Jimmy &#038; Wes (el d\u00fao din\u00e1mico)&#8217; reeditado como parte de Verve Vault"}]},{"@type":"WebSite","@id":"https:\/\/web.consaguirre.com.ar\/noticias\/#website","url":"https:\/\/web.consaguirre.com.ar\/noticias\/","name":"Conservatorio de M\u00fasica Juli\u00e1n Aguirre","description":"","publisher":{"@id":"https:\/\/web.consaguirre.com.ar\/noticias\/#organization"},"potentialAction":[{"@type":"SearchAction","target":{"@type":"EntryPoint","urlTemplate":"https:\/\/web.consaguirre.com.ar\/noticias\/?s={search_term_string}"},"query-input":"required name=search_term_string"}],"inLanguage":"es-AR"},{"@type":"Organization","@id":"https:\/\/web.consaguirre.com.ar\/noticias\/#organization","name":"Conservatorio de M\u00fasica Juli\u00e1n Aguirre","url":"https:\/\/web.consaguirre.com.ar\/noticias\/","logo":{"@type":"ImageObject","inLanguage":"es-AR","@id":"https:\/\/web.consaguirre.com.ar\/noticias\/#\/schema\/logo\/image\/","url":"https:\/\/web.consaguirre.com.ar\/noticias\/wp-content\/uploads\/2024\/08\/Banner-Aguirre-23.jpg","contentUrl":"https:\/\/web.consaguirre.com.ar\/noticias\/wp-content\/uploads\/2024\/08\/Banner-Aguirre-23.jpg","width":1192,"height":600,"caption":"Conservatorio de M\u00fasica Juli\u00e1n Aguirre"},"image":{"@id":"https:\/\/web.consaguirre.com.ar\/noticias\/#\/schema\/logo\/image\/"}},{"@type":"Person","@id":"https:\/\/web.consaguirre.com.ar\/noticias\/#\/schema\/person\/6558b0cfedee7ddc5425602b237d5722","name":"Javier Figueroa","image":{"@type":"ImageObject","inLanguage":"es-AR","@id":"https:\/\/web.consaguirre.com.ar\/noticias\/#\/schema\/person\/image\/","url":"https:\/\/web.consaguirre.com.ar\/noticias\/wp-content\/uploads\/2024\/08\/Consaguirre-scaled.jpg","contentUrl":"https:\/\/web.consaguirre.com.ar\/noticias\/wp-content\/uploads\/2024\/08\/Consaguirre-scaled.jpg","caption":"Javier Figueroa"},"description":"Me llamo Javier Figueroa y soy redactor para el sitio oficial del Conservatorio de M\u00fasica Juli\u00e1n Aguirre en Buenos Aires, consaguirre.com. Apasionado por la m\u00fasica y la escritura, me esfuerzo por destacar los talentos y eventos de nuestra prestigiosa instituci\u00f3n. Mi trayectoria se nutre de una profunda admiraci\u00f3n por los artistas, haciendo de cada art\u00edculo una celebraci\u00f3n de la creatividad y la cultura musical.","sameAs":["https:\/\/web.consaguirre.com.ar\/noticias"]}]}},"_links":{"self":[{"href":"https:\/\/web.consaguirre.com.ar\/noticias\/wp-json\/wp\/v2\/posts\/3705"}],"collection":[{"href":"https:\/\/web.consaguirre.com.ar\/noticias\/wp-json\/wp\/v2\/posts"}],"about":[{"href":"https:\/\/web.consaguirre.com.ar\/noticias\/wp-json\/wp\/v2\/types\/post"}],"author":[{"embeddable":true,"href":"https:\/\/web.consaguirre.com.ar\/noticias\/wp-json\/wp\/v2\/users\/1"}],"replies":[{"embeddable":true,"href":"https:\/\/web.consaguirre.com.ar\/noticias\/wp-json\/wp\/v2\/comments?post=3705"}],"version-history":[{"count":1,"href":"https:\/\/web.consaguirre.com.ar\/noticias\/wp-json\/wp\/v2\/posts\/3705\/revisions"}],"predecessor-version":[{"id":3707,"href":"https:\/\/web.consaguirre.com.ar\/noticias\/wp-json\/wp\/v2\/posts\/3705\/revisions\/3707"}],"wp:featuredmedia":[{"embeddable":true,"href":"https:\/\/web.consaguirre.com.ar\/noticias\/wp-json\/wp\/v2\/media\/3706"}],"wp:attachment":[{"href":"https:\/\/web.consaguirre.com.ar\/noticias\/wp-json\/wp\/v2\/media?parent=3705"}],"wp:term":[{"taxonomy":"category","embeddable":true,"href":"https:\/\/web.consaguirre.com.ar\/noticias\/wp-json\/wp\/v2\/categories?post=3705"},{"taxonomy":"post_tag","embeddable":true,"href":"https:\/\/web.consaguirre.com.ar\/noticias\/wp-json\/wp\/v2\/tags?post=3705"}],"curies":[{"name":"wp","href":"https:\/\/api.w.org\/{rel}","templated":true}]}}