{"id":3702,"date":"2025-09-15T14:41:10","date_gmt":"2025-09-15T17:41:10","guid":{"rendered":"https:\/\/web.consaguirre.com.ar\/noticias\/andrea-bocelli-titulares-grace-for-the-world-concert\/"},"modified":"2025-09-15T14:41:11","modified_gmt":"2025-09-15T17:41:11","slug":"andrea-bocelli-titulares-grace-for-the-world-concert","status":"publish","type":"post","link":"https:\/\/web.consaguirre.com.ar\/noticias\/andrea-bocelli-titulares-grace-for-the-world-concert\/","title":{"rendered":"Andrea Bocelli titulares Grace for the World Concert"},"content":{"rendered":"<p>Andrea Bocelli ha realizado recientemente un par de conciertos hist\u00f3ricos.<\/p>\n<p>El s\u00e1bado 6 de septiembre, Bocelli y su hijo Matteo realizaron un d\u00fao de &#8220;Dolce \u00e8 Sentire&#8221; para el nuevo Papa Leo XIV en la celebraci\u00f3n de la inauguraci\u00f3n de la aldea Laudato Si &#8216;, un espacio especial dedicado a &#8220;Educaci\u00f3n, Ecolog\u00eda y Fraternidad&#8221;.<\/p>\n<p>El s\u00e1bado 13 de septiembre, Bocelli actu\u00f3 nuevamente para el Papa en el Vaticano para marcar el cierre de la reuni\u00f3n del Tercer Mundo sobre Fraternidad Humana y la celebraci\u00f3n del a\u00f1o del Jubileo 2025. Co-dirigido por Pharrell Williams y Andrea Bocelli, el evento fue el primer concierto p\u00fablico en la Plaza de San Pedro del Vaticano.<\/p>\n<p>Bocelli y Karol G interpretaron su canci\u00f3n &#8220;Vivo Por Ella&#8221; por primera vez. Otros artistas incluyeron a Pharrell con el coro del gospel de las voces del fuego, John Legend, Jennifer Hudson, Clipse, Teddy Swims, Jelly Roll, Ang\u00e9lique Kidjo y m\u00e1s.<\/p>\n<p>Tambi\u00e9n hubo un espect\u00e1culo a\u00e9reo de drones y luces de Nova Sky, con im\u00e1genes inspiradas en la Capilla Sixtina. Los drones dibujaron im\u00e1genes del difunto papa Francisco, la Virgen Mar\u00eda, las palomas y la creaci\u00f3n de Michelangelo de Ad\u00e1n en el cielo nocturno de la Bas\u00edlica de San Pedro. El concierto se transmiti\u00f3 en vivo a nivel mundial en Disney+, Hulu y ABC News Live.<\/p>\n<p>Williams ofreci\u00f3 comentarios de apertura antes del concierto hist\u00f3rico: &#8220;Quiero agradecer sinceramente a Su Santidad al Papa Leo (XIV) por abrir las puertas a este lugar sagrado para todos nosotros, y recordarnos que la verdadera compasi\u00f3n y la gracia comienzan con la fraternidad, verse como hermanos y hermanas, y compa\u00f1eros humanos&#8221;.<\/p>\n<p>&#8220;Esta es una oportunidad para que las personas galvanicen y reconozcan su fuerza en los n\u00fameros. Todav\u00eda no hemos hecho eso como especie, todav\u00eda no nos hemos preguntado a nosotros mismos por el bien de la humanidad, mucho m\u00e1s all\u00e1 de los alcance y las constricciones de diferentes religiones, podemos tomarnos de la mano por un momento y ver la luz que tenemos&#8221;.<\/p>\n<p><b>Compre la m\u00fasica de Andrea Bocelli en vinilo o CD ahora.<\/b><\/p>\n","protected":false},"excerpt":{"rendered":"<p>Andrea Bocelli ha realizado recientemente un par de conciertos hist\u00f3ricos. El s\u00e1bado 6 de septiembre, Bocelli y su hijo Matteo realizaron un d\u00fao de &#8220;Dolce<\/p>\n","protected":false},"author":1,"featured_media":3703,"comment_status":"closed","ping_status":"","sticky":false,"template":"","format":"standard","meta":{"footnotes":""},"categories":[50],"tags":[636,637,2032,3086,1971,84],"class_list":["post-3702","post","type-post","status-publish","format-standard","has-post-thumbnail","hentry","category-el-ultimo","tag-andrea","tag-bocelli","tag-concert","tag-grace","tag-titulares","tag-world","generate-columns","tablet-grid-50","mobile-grid-100","grid-parent","grid-50"],"yoast_head":"<!-- This site is optimized with the Yoast SEO plugin v23.3 - https:\/\/yoast.com\/wordpress\/plugins\/seo\/ -->\n<title>Andrea Bocelli titulares Grace for the World Concert<\/title>\n<meta name=\"robots\" content=\"index, follow, max-snippet:-1, max-image-preview:large, max-video-preview:-1\" \/>\n<link rel=\"canonical\" href=\"https:\/\/web.consaguirre.com.ar\/noticias\/andrea-bocelli-titulares-grace-for-the-world-concert\/\" \/>\n<meta property=\"og:locale\" content=\"es_ES\" \/>\n<meta property=\"og:type\" content=\"article\" \/>\n<meta property=\"og:title\" content=\"Andrea Bocelli titulares Grace for the World Concert\" \/>\n<meta property=\"og:description\" content=\"Andrea Bocelli ha realizado recientemente un par de conciertos hist\u00f3ricos. El s\u00e1bado 6 de septiembre, Bocelli y su hijo Matteo realizaron un d\u00fao de &#8220;Dolce\" \/>\n<meta property=\"og:url\" content=\"https:\/\/web.consaguirre.com.ar\/noticias\/andrea-bocelli-titulares-grace-for-the-world-concert\/\" \/>\n<meta property=\"og:site_name\" content=\"Conservatorio de M\u00fasica Juli\u00e1n Aguirre\" \/>\n<meta property=\"article:published_time\" content=\"2025-09-15T17:41:10+00:00\" \/>\n<meta property=\"article:modified_time\" content=\"2025-09-15T17:41:11+00:00\" \/>\n<meta property=\"og:image\" content=\"https:\/\/web.consaguirre.com.ar\/noticias\/wp-content\/uploads\/2025\/09\/Andrea-Bocelli-titulares-Grace-for-the-World-Concert.jpg\" \/>\n\t<meta property=\"og:image:width\" content=\"1440\" \/>\n\t<meta property=\"og:image:height\" content=\"864\" \/>\n\t<meta property=\"og:image:type\" content=\"image\/jpeg\" \/>\n<meta name=\"author\" content=\"Javier Figueroa\" \/>\n<meta name=\"twitter:card\" content=\"summary_large_image\" \/>\n<meta name=\"twitter:label1\" content=\"Escrito por\" \/>\n\t<meta name=\"twitter:data1\" content=\"Javier Figueroa\" \/>\n\t<meta name=\"twitter:label2\" content=\"Tiempo de lectura\" \/>\n\t<meta name=\"twitter:data2\" content=\"2 minutos\" \/>\n<script type=\"application\/ld+json\" class=\"yoast-schema-graph\">{\"@context\":\"https:\/\/schema.org\",\"@graph\":[{\"@type\":\"Article\",\"@id\":\"https:\/\/web.consaguirre.com.ar\/noticias\/andrea-bocelli-titulares-grace-for-the-world-concert\/#article\",\"isPartOf\":{\"@id\":\"https:\/\/web.consaguirre.com.ar\/noticias\/andrea-bocelli-titulares-grace-for-the-world-concert\/\"},\"author\":{\"name\":\"Javier Figueroa\",\"@id\":\"https:\/\/web.consaguirre.com.ar\/noticias\/#\/schema\/person\/6558b0cfedee7ddc5425602b237d5722\"},\"headline\":\"Andrea Bocelli titulares Grace for the World Concert\",\"datePublished\":\"2025-09-15T17:41:10+00:00\",\"dateModified\":\"2025-09-15T17:41:11+00:00\",\"mainEntityOfPage\":{\"@id\":\"https:\/\/web.consaguirre.com.ar\/noticias\/andrea-bocelli-titulares-grace-for-the-world-concert\/\"},\"wordCount\":377,\"publisher\":{\"@id\":\"https:\/\/web.consaguirre.com.ar\/noticias\/#organization\"},\"image\":{\"@id\":\"https:\/\/web.consaguirre.com.ar\/noticias\/andrea-bocelli-titulares-grace-for-the-world-concert\/#primaryimage\"},\"thumbnailUrl\":\"https:\/\/web.consaguirre.com.ar\/noticias\/wp-content\/uploads\/2025\/09\/Andrea-Bocelli-titulares-Grace-for-the-World-Concert.jpg\",\"keywords\":[\"Andrea\",\"Bocelli\",\"Concert\",\"Grace\",\"titulares\",\"World\"],\"articleSection\":[\"El \u00faltimo\"],\"inLanguage\":\"es-AR\"},{\"@type\":\"WebPage\",\"@id\":\"https:\/\/web.consaguirre.com.ar\/noticias\/andrea-bocelli-titulares-grace-for-the-world-concert\/\",\"url\":\"https:\/\/web.consaguirre.com.ar\/noticias\/andrea-bocelli-titulares-grace-for-the-world-concert\/\",\"name\":\"Andrea Bocelli titulares Grace for the World Concert\",\"isPartOf\":{\"@id\":\"https:\/\/web.consaguirre.com.ar\/noticias\/#website\"},\"primaryImageOfPage\":{\"@id\":\"https:\/\/web.consaguirre.com.ar\/noticias\/andrea-bocelli-titulares-grace-for-the-world-concert\/#primaryimage\"},\"image\":{\"@id\":\"https:\/\/web.consaguirre.com.ar\/noticias\/andrea-bocelli-titulares-grace-for-the-world-concert\/#primaryimage\"},\"thumbnailUrl\":\"https:\/\/web.consaguirre.com.ar\/noticias\/wp-content\/uploads\/2025\/09\/Andrea-Bocelli-titulares-Grace-for-the-World-Concert.jpg\",\"datePublished\":\"2025-09-15T17:41:10+00:00\",\"dateModified\":\"2025-09-15T17:41:11+00:00\",\"breadcrumb\":{\"@id\":\"https:\/\/web.consaguirre.com.ar\/noticias\/andrea-bocelli-titulares-grace-for-the-world-concert\/#breadcrumb\"},\"inLanguage\":\"es-AR\",\"potentialAction\":[{\"@type\":\"ReadAction\",\"target\":[\"https:\/\/web.consaguirre.com.ar\/noticias\/andrea-bocelli-titulares-grace-for-the-world-concert\/\"]}]},{\"@type\":\"ImageObject\",\"inLanguage\":\"es-AR\",\"@id\":\"https:\/\/web.consaguirre.com.ar\/noticias\/andrea-bocelli-titulares-grace-for-the-world-concert\/#primaryimage\",\"url\":\"https:\/\/web.consaguirre.com.ar\/noticias\/wp-content\/uploads\/2025\/09\/Andrea-Bocelli-titulares-Grace-for-the-World-Concert.jpg\",\"contentUrl\":\"https:\/\/web.consaguirre.com.ar\/noticias\/wp-content\/uploads\/2025\/09\/Andrea-Bocelli-titulares-Grace-for-the-World-Concert.jpg\",\"width\":1440,\"height\":864,\"caption\":\"Andrea Bocelli titulares Grace for the World Concert\"},{\"@type\":\"BreadcrumbList\",\"@id\":\"https:\/\/web.consaguirre.com.ar\/noticias\/andrea-bocelli-titulares-grace-for-the-world-concert\/#breadcrumb\",\"itemListElement\":[{\"@type\":\"ListItem\",\"position\":1,\"name\":\"Inicio\",\"item\":\"https:\/\/web.consaguirre.com.ar\/noticias\/\"},{\"@type\":\"ListItem\",\"position\":2,\"name\":\"Andrea Bocelli titulares Grace for the World Concert\"}]},{\"@type\":\"WebSite\",\"@id\":\"https:\/\/web.consaguirre.com.ar\/noticias\/#website\",\"url\":\"https:\/\/web.consaguirre.com.ar\/noticias\/\",\"name\":\"Conservatorio de M\u00fasica Juli\u00e1n Aguirre\",\"description\":\"\",\"publisher\":{\"@id\":\"https:\/\/web.consaguirre.com.ar\/noticias\/#organization\"},\"potentialAction\":[{\"@type\":\"SearchAction\",\"target\":{\"@type\":\"EntryPoint\",\"urlTemplate\":\"https:\/\/web.consaguirre.com.ar\/noticias\/?s={search_term_string}\"},\"query-input\":\"required name=search_term_string\"}],\"inLanguage\":\"es-AR\"},{\"@type\":\"Organization\",\"@id\":\"https:\/\/web.consaguirre.com.ar\/noticias\/#organization\",\"name\":\"Conservatorio de M\u00fasica Juli\u00e1n Aguirre\",\"url\":\"https:\/\/web.consaguirre.com.ar\/noticias\/\",\"logo\":{\"@type\":\"ImageObject\",\"inLanguage\":\"es-AR\",\"@id\":\"https:\/\/web.consaguirre.com.ar\/noticias\/#\/schema\/logo\/image\/\",\"url\":\"https:\/\/web.consaguirre.com.ar\/noticias\/wp-content\/uploads\/2024\/08\/Banner-Aguirre-23.jpg\",\"contentUrl\":\"https:\/\/web.consaguirre.com.ar\/noticias\/wp-content\/uploads\/2024\/08\/Banner-Aguirre-23.jpg\",\"width\":1192,\"height\":600,\"caption\":\"Conservatorio de M\u00fasica Juli\u00e1n Aguirre\"},\"image\":{\"@id\":\"https:\/\/web.consaguirre.com.ar\/noticias\/#\/schema\/logo\/image\/\"}},{\"@type\":\"Person\",\"@id\":\"https:\/\/web.consaguirre.com.ar\/noticias\/#\/schema\/person\/6558b0cfedee7ddc5425602b237d5722\",\"name\":\"Javier Figueroa\",\"image\":{\"@type\":\"ImageObject\",\"inLanguage\":\"es-AR\",\"@id\":\"https:\/\/web.consaguirre.com.ar\/noticias\/#\/schema\/person\/image\/\",\"url\":\"https:\/\/web.consaguirre.com.ar\/noticias\/wp-content\/uploads\/2024\/08\/Consaguirre-scaled.jpg\",\"contentUrl\":\"https:\/\/web.consaguirre.com.ar\/noticias\/wp-content\/uploads\/2024\/08\/Consaguirre-scaled.jpg\",\"caption\":\"Javier Figueroa\"},\"description\":\"Me llamo Javier Figueroa y soy redactor para el sitio oficial del Conservatorio de M\u00fasica Juli\u00e1n Aguirre en Buenos Aires, consaguirre.com. Apasionado por la m\u00fasica y la escritura, me esfuerzo por destacar los talentos y eventos de nuestra prestigiosa instituci\u00f3n. Mi trayectoria se nutre de una profunda admiraci\u00f3n por los artistas, haciendo de cada art\u00edculo una celebraci\u00f3n de la creatividad y la cultura musical.\",\"sameAs\":[\"https:\/\/web.consaguirre.com.ar\/noticias\"]}]}<\/script>\n<!-- \/ Yoast SEO plugin. -->","yoast_head_json":{"title":"Andrea Bocelli titulares Grace for the World Concert","robots":{"index":"index","follow":"follow","max-snippet":"max-snippet:-1","max-image-preview":"max-image-preview:large","max-video-preview":"max-video-preview:-1"},"canonical":"https:\/\/web.consaguirre.com.ar\/noticias\/andrea-bocelli-titulares-grace-for-the-world-concert\/","og_locale":"es_ES","og_type":"article","og_title":"Andrea Bocelli titulares Grace for the World Concert","og_description":"Andrea Bocelli ha realizado recientemente un par de conciertos hist\u00f3ricos. El s\u00e1bado 6 de septiembre, Bocelli y su hijo Matteo realizaron un d\u00fao de &#8220;Dolce","og_url":"https:\/\/web.consaguirre.com.ar\/noticias\/andrea-bocelli-titulares-grace-for-the-world-concert\/","og_site_name":"Conservatorio de M\u00fasica Juli\u00e1n Aguirre","article_published_time":"2025-09-15T17:41:10+00:00","article_modified_time":"2025-09-15T17:41:11+00:00","og_image":[{"width":1440,"height":864,"url":"https:\/\/web.consaguirre.com.ar\/noticias\/wp-content\/uploads\/2025\/09\/Andrea-Bocelli-titulares-Grace-for-the-World-Concert.jpg","type":"image\/jpeg"}],"author":"Javier Figueroa","twitter_card":"summary_large_image","twitter_misc":{"Escrito por":"Javier Figueroa","Tiempo de lectura":"2 minutos"},"schema":{"@context":"https:\/\/schema.org","@graph":[{"@type":"Article","@id":"https:\/\/web.consaguirre.com.ar\/noticias\/andrea-bocelli-titulares-grace-for-the-world-concert\/#article","isPartOf":{"@id":"https:\/\/web.consaguirre.com.ar\/noticias\/andrea-bocelli-titulares-grace-for-the-world-concert\/"},"author":{"name":"Javier Figueroa","@id":"https:\/\/web.consaguirre.com.ar\/noticias\/#\/schema\/person\/6558b0cfedee7ddc5425602b237d5722"},"headline":"Andrea Bocelli titulares Grace for the World Concert","datePublished":"2025-09-15T17:41:10+00:00","dateModified":"2025-09-15T17:41:11+00:00","mainEntityOfPage":{"@id":"https:\/\/web.consaguirre.com.ar\/noticias\/andrea-bocelli-titulares-grace-for-the-world-concert\/"},"wordCount":377,"publisher":{"@id":"https:\/\/web.consaguirre.com.ar\/noticias\/#organization"},"image":{"@id":"https:\/\/web.consaguirre.com.ar\/noticias\/andrea-bocelli-titulares-grace-for-the-world-concert\/#primaryimage"},"thumbnailUrl":"https:\/\/web.consaguirre.com.ar\/noticias\/wp-content\/uploads\/2025\/09\/Andrea-Bocelli-titulares-Grace-for-the-World-Concert.jpg","keywords":["Andrea","Bocelli","Concert","Grace","titulares","World"],"articleSection":["El \u00faltimo"],"inLanguage":"es-AR"},{"@type":"WebPage","@id":"https:\/\/web.consaguirre.com.ar\/noticias\/andrea-bocelli-titulares-grace-for-the-world-concert\/","url":"https:\/\/web.consaguirre.com.ar\/noticias\/andrea-bocelli-titulares-grace-for-the-world-concert\/","name":"Andrea Bocelli titulares Grace for the World Concert","isPartOf":{"@id":"https:\/\/web.consaguirre.com.ar\/noticias\/#website"},"primaryImageOfPage":{"@id":"https:\/\/web.consaguirre.com.ar\/noticias\/andrea-bocelli-titulares-grace-for-the-world-concert\/#primaryimage"},"image":{"@id":"https:\/\/web.consaguirre.com.ar\/noticias\/andrea-bocelli-titulares-grace-for-the-world-concert\/#primaryimage"},"thumbnailUrl":"https:\/\/web.consaguirre.com.ar\/noticias\/wp-content\/uploads\/2025\/09\/Andrea-Bocelli-titulares-Grace-for-the-World-Concert.jpg","datePublished":"2025-09-15T17:41:10+00:00","dateModified":"2025-09-15T17:41:11+00:00","breadcrumb":{"@id":"https:\/\/web.consaguirre.com.ar\/noticias\/andrea-bocelli-titulares-grace-for-the-world-concert\/#breadcrumb"},"inLanguage":"es-AR","potentialAction":[{"@type":"ReadAction","target":["https:\/\/web.consaguirre.com.ar\/noticias\/andrea-bocelli-titulares-grace-for-the-world-concert\/"]}]},{"@type":"ImageObject","inLanguage":"es-AR","@id":"https:\/\/web.consaguirre.com.ar\/noticias\/andrea-bocelli-titulares-grace-for-the-world-concert\/#primaryimage","url":"https:\/\/web.consaguirre.com.ar\/noticias\/wp-content\/uploads\/2025\/09\/Andrea-Bocelli-titulares-Grace-for-the-World-Concert.jpg","contentUrl":"https:\/\/web.consaguirre.com.ar\/noticias\/wp-content\/uploads\/2025\/09\/Andrea-Bocelli-titulares-Grace-for-the-World-Concert.jpg","width":1440,"height":864,"caption":"Andrea Bocelli titulares Grace for the World Concert"},{"@type":"BreadcrumbList","@id":"https:\/\/web.consaguirre.com.ar\/noticias\/andrea-bocelli-titulares-grace-for-the-world-concert\/#breadcrumb","itemListElement":[{"@type":"ListItem","position":1,"name":"Inicio","item":"https:\/\/web.consaguirre.com.ar\/noticias\/"},{"@type":"ListItem","position":2,"name":"Andrea Bocelli titulares Grace for the World Concert"}]},{"@type":"WebSite","@id":"https:\/\/web.consaguirre.com.ar\/noticias\/#website","url":"https:\/\/web.consaguirre.com.ar\/noticias\/","name":"Conservatorio de M\u00fasica Juli\u00e1n Aguirre","description":"","publisher":{"@id":"https:\/\/web.consaguirre.com.ar\/noticias\/#organization"},"potentialAction":[{"@type":"SearchAction","target":{"@type":"EntryPoint","urlTemplate":"https:\/\/web.consaguirre.com.ar\/noticias\/?s={search_term_string}"},"query-input":"required name=search_term_string"}],"inLanguage":"es-AR"},{"@type":"Organization","@id":"https:\/\/web.consaguirre.com.ar\/noticias\/#organization","name":"Conservatorio de M\u00fasica Juli\u00e1n Aguirre","url":"https:\/\/web.consaguirre.com.ar\/noticias\/","logo":{"@type":"ImageObject","inLanguage":"es-AR","@id":"https:\/\/web.consaguirre.com.ar\/noticias\/#\/schema\/logo\/image\/","url":"https:\/\/web.consaguirre.com.ar\/noticias\/wp-content\/uploads\/2024\/08\/Banner-Aguirre-23.jpg","contentUrl":"https:\/\/web.consaguirre.com.ar\/noticias\/wp-content\/uploads\/2024\/08\/Banner-Aguirre-23.jpg","width":1192,"height":600,"caption":"Conservatorio de M\u00fasica Juli\u00e1n Aguirre"},"image":{"@id":"https:\/\/web.consaguirre.com.ar\/noticias\/#\/schema\/logo\/image\/"}},{"@type":"Person","@id":"https:\/\/web.consaguirre.com.ar\/noticias\/#\/schema\/person\/6558b0cfedee7ddc5425602b237d5722","name":"Javier Figueroa","image":{"@type":"ImageObject","inLanguage":"es-AR","@id":"https:\/\/web.consaguirre.com.ar\/noticias\/#\/schema\/person\/image\/","url":"https:\/\/web.consaguirre.com.ar\/noticias\/wp-content\/uploads\/2024\/08\/Consaguirre-scaled.jpg","contentUrl":"https:\/\/web.consaguirre.com.ar\/noticias\/wp-content\/uploads\/2024\/08\/Consaguirre-scaled.jpg","caption":"Javier Figueroa"},"description":"Me llamo Javier Figueroa y soy redactor para el sitio oficial del Conservatorio de M\u00fasica Juli\u00e1n Aguirre en Buenos Aires, consaguirre.com. Apasionado por la m\u00fasica y la escritura, me esfuerzo por destacar los talentos y eventos de nuestra prestigiosa instituci\u00f3n. Mi trayectoria se nutre de una profunda admiraci\u00f3n por los artistas, haciendo de cada art\u00edculo una celebraci\u00f3n de la creatividad y la cultura musical.","sameAs":["https:\/\/web.consaguirre.com.ar\/noticias"]}]}},"_links":{"self":[{"href":"https:\/\/web.consaguirre.com.ar\/noticias\/wp-json\/wp\/v2\/posts\/3702"}],"collection":[{"href":"https:\/\/web.consaguirre.com.ar\/noticias\/wp-json\/wp\/v2\/posts"}],"about":[{"href":"https:\/\/web.consaguirre.com.ar\/noticias\/wp-json\/wp\/v2\/types\/post"}],"author":[{"embeddable":true,"href":"https:\/\/web.consaguirre.com.ar\/noticias\/wp-json\/wp\/v2\/users\/1"}],"replies":[{"embeddable":true,"href":"https:\/\/web.consaguirre.com.ar\/noticias\/wp-json\/wp\/v2\/comments?post=3702"}],"version-history":[{"count":1,"href":"https:\/\/web.consaguirre.com.ar\/noticias\/wp-json\/wp\/v2\/posts\/3702\/revisions"}],"predecessor-version":[{"id":3704,"href":"https:\/\/web.consaguirre.com.ar\/noticias\/wp-json\/wp\/v2\/posts\/3702\/revisions\/3704"}],"wp:featuredmedia":[{"embeddable":true,"href":"https:\/\/web.consaguirre.com.ar\/noticias\/wp-json\/wp\/v2\/media\/3703"}],"wp:attachment":[{"href":"https:\/\/web.consaguirre.com.ar\/noticias\/wp-json\/wp\/v2\/media?parent=3702"}],"wp:term":[{"taxonomy":"category","embeddable":true,"href":"https:\/\/web.consaguirre.com.ar\/noticias\/wp-json\/wp\/v2\/categories?post=3702"},{"taxonomy":"post_tag","embeddable":true,"href":"https:\/\/web.consaguirre.com.ar\/noticias\/wp-json\/wp\/v2\/tags?post=3702"}],"curies":[{"name":"wp","href":"https:\/\/api.w.org\/{rel}","templated":true}]}}