{"id":3686,"date":"2025-09-12T14:38:07","date_gmt":"2025-09-12T17:38:07","guid":{"rendered":"https:\/\/web.consaguirre.com.ar\/noticias\/lenny-kravitz-anuncia-la-edicion-de-lujo-del-30-aniversario-de-circus\/"},"modified":"2025-09-12T14:38:09","modified_gmt":"2025-09-12T17:38:09","slug":"lenny-kravitz-anuncia-la-edicion-de-lujo-del-30-aniversario-de-circus","status":"publish","type":"post","link":"https:\/\/web.consaguirre.com.ar\/noticias\/lenny-kravitz-anuncia-la-edicion-de-lujo-del-30-aniversario-de-circus\/","title":{"rendered":"Lenny Kravitz anuncia la edici\u00f3n de lujo del 30 aniversario de &#8216;Circus&#8217;"},"content":{"rendered":"<p>El artista ganador del Grammy Lenny Kravitz celebra el 30 aniversario de su cuarto \u00e1lbum de estudio <em>Circo<\/em> con una nueva edici\u00f3n digital de lujo del registro hist\u00f3rico.<\/p>\n<p>PARA LA PARA LA SEGUICI\u00d3N El 19 de septiembre de 2025, a trav\u00e9s de Virgin Records\/UME, la edici\u00f3n expandida presenta 13 pistas de bonificaci\u00f3n previamente disponibles, desde grabaciones ac\u00fasticas raras hasta material de estudio buscado. Entre los nuevos aspectos m\u00e1s destacados en la lista de canciones se encuentran una versi\u00f3n ac\u00fastica de la canci\u00f3n principal &#8220;Circus&#8221; y las grabaciones en vivo de los cl\u00e1sicos de Kravitz como &#8220;Are You Gon You Go My Way&#8221;, &#8220;Let Love Rule&#8221; y &#8220;Always on the Run&#8221;.<\/p>\n<p>La colecci\u00f3n tambi\u00e9n incluye tres pistas de bonificaci\u00f3n de estudio: &#8220;Otra vida&#8221;, &#8220;Confused&#8221; y &#8220;Is Yo, \u00bferes t\u00fa?&#8221;, Que anteriormente solo estaban disponibles en un EP de 10 pulgadas de edici\u00f3n limitada y una presi\u00f3n de vinilo 2018. Ninguna de las tres pistas ha aparecido en las plataformas de transmisi\u00f3n hasta ahora.<\/p>\n<div class=\"uD-YT-container\"><img decoding=\"async\" src=\"https:\/\/web.consaguirre.com.ar\/noticias\/wp-content\/uploads\/2025\/09\/1757698687_636_Lenny-Kravitz-anuncia-la-edicion-de-lujo-del-30-aniversario.jpg\" alt=\"Video de YouTube\"><br \/>Haga clic para cargar video<\/div>\n<p>Lanzado originalmente el 12 de septiembre de 1995, <em>Circo<\/em> Marc\u00f3 un hito profesional para Kravitz, convirti\u00e9ndose en su primer \u00e1lbum Top 10 en los Estados Unidos cuando alcanz\u00f3 su punto m\u00e1ximo en el n\u00famero 10 en el Billboard 200. Impulsado por los singles &#8220;Rock and Roll Is Dead&#8221;, &#8220;Tunnel Vision&#8221; y &#8220;Can&#8217;t Get You Off My Mind&#8221;, el \u00e1lbum finalmente obtuvo la certificaci\u00f3n de oro del RIAA. Desde entonces, el \u00e1lbum ha obtenido cientos de millones de transmisiones en todas las plataformas, lo que lo convierte en uno de los discos m\u00e1s populares en su cat\u00e1logo.<\/p>\n<p><em>Circo<\/em> Mezclado funk de otro mundo, poderosos arreglos de rock y m\u00fasica de alma espiritual inmersa en psicodelia, creando lo que Kravitz describi\u00f3 como m\u00fasica influenciada por sus experiencias de vida en expansi\u00f3n durante ese per\u00edodo. Escribi\u00f3, produjo e interpret\u00f3 la mayor\u00eda de los instrumentos escuchados en la colecci\u00f3n de 11 pistas, grabando el \u00e1lbum en una variedad de lugares, incluidos Bahamas, Francia y Hoboken, Nueva Jersey.<\/p>\n<p>&#8220;<em>Circo<\/em> fue un momento crucial e incre\u00edblemente din\u00e1mico en mi vida &#8220;, reflexion\u00f3 Kravitz en una declaraci\u00f3n.&#8221; Mis experiencias se expandieron en tantas direcciones que influyeron directamente en la m\u00fasica &#8220;.<\/p>\n<p>El lanzamiento sigue a la reciente residencia de cinco noches de Kravitz en el lugar de Las Vegas Dolby Live en Park MGM, que anteriormente dirigi\u00f3 en 2024. Todav\u00eda tiene varias fechas de turismo m\u00e1s en fila este a\u00f1o, incluidos espect\u00e1culos en SEA.Hear.<\/p>\n<p>Pre-Save la versi\u00f3n digital de lujo de Lenny Kravitz&#8217;s <em>Circo<\/em> ahora.<\/p>\n","protected":false},"excerpt":{"rendered":"<p>El artista ganador del Grammy Lenny Kravitz celebra el 30 aniversario de su cuarto \u00e1lbum de estudio Circo con una nueva edici\u00f3n digital de lujo<\/p>\n","protected":false},"author":1,"featured_media":3687,"comment_status":"closed","ping_status":"","sticky":false,"template":"","format":"standard","meta":{"footnotes":""},"categories":[50],"tags":[98,56,3158,10,160,397,396,298],"class_list":["post-3686","post","type-post","status-publish","format-standard","has-post-thumbnail","hentry","category-el-ultimo","tag-aniversario","tag-anuncia","tag-circus","tag-del","tag-edicion","tag-kravitz","tag-lenny","tag-lujo","generate-columns","tablet-grid-50","mobile-grid-100","grid-parent","grid-50"],"yoast_head":"<!-- This site is optimized with the Yoast SEO plugin v23.3 - https:\/\/yoast.com\/wordpress\/plugins\/seo\/ -->\n<title>Lenny Kravitz anuncia la edici\u00f3n de lujo del 30 aniversario de &#039;Circus&#039;<\/title>\n<meta name=\"robots\" content=\"index, follow, max-snippet:-1, max-image-preview:large, max-video-preview:-1\" \/>\n<link rel=\"canonical\" href=\"https:\/\/web.consaguirre.com.ar\/noticias\/lenny-kravitz-anuncia-la-edicion-de-lujo-del-30-aniversario-de-circus\/\" \/>\n<meta property=\"og:locale\" content=\"es_ES\" \/>\n<meta property=\"og:type\" content=\"article\" \/>\n<meta property=\"og:title\" content=\"Lenny Kravitz anuncia la edici\u00f3n de lujo del 30 aniversario de &#039;Circus&#039;\" \/>\n<meta property=\"og:description\" content=\"El artista ganador del Grammy Lenny Kravitz celebra el 30 aniversario de su cuarto \u00e1lbum de estudio Circo con una nueva edici\u00f3n digital de lujo\" \/>\n<meta property=\"og:url\" content=\"https:\/\/web.consaguirre.com.ar\/noticias\/lenny-kravitz-anuncia-la-edicion-de-lujo-del-30-aniversario-de-circus\/\" \/>\n<meta property=\"og:site_name\" content=\"Conservatorio de M\u00fasica Juli\u00e1n Aguirre\" \/>\n<meta property=\"article:published_time\" content=\"2025-09-12T17:38:07+00:00\" \/>\n<meta property=\"article:modified_time\" content=\"2025-09-12T17:38:09+00:00\" \/>\n<meta property=\"og:image\" content=\"https:\/\/web.consaguirre.com.ar\/noticias\/wp-content\/uploads\/2025\/09\/Lenny-Kravitz-anuncia-la-edicion-de-lujo-del-30-aniversario.jpg\" \/>\n\t<meta property=\"og:image:width\" content=\"1280\" \/>\n\t<meta property=\"og:image:height\" content=\"1280\" \/>\n\t<meta property=\"og:image:type\" content=\"image\/jpeg\" \/>\n<meta name=\"author\" content=\"Javier Figueroa\" \/>\n<meta name=\"twitter:card\" content=\"summary_large_image\" \/>\n<meta name=\"twitter:label1\" content=\"Escrito por\" \/>\n\t<meta name=\"twitter:data1\" content=\"Javier Figueroa\" \/>\n\t<meta name=\"twitter:label2\" content=\"Tiempo de lectura\" \/>\n\t<meta name=\"twitter:data2\" content=\"2 minutos\" \/>\n<script type=\"application\/ld+json\" class=\"yoast-schema-graph\">{\"@context\":\"https:\/\/schema.org\",\"@graph\":[{\"@type\":\"Article\",\"@id\":\"https:\/\/web.consaguirre.com.ar\/noticias\/lenny-kravitz-anuncia-la-edicion-de-lujo-del-30-aniversario-de-circus\/#article\",\"isPartOf\":{\"@id\":\"https:\/\/web.consaguirre.com.ar\/noticias\/lenny-kravitz-anuncia-la-edicion-de-lujo-del-30-aniversario-de-circus\/\"},\"author\":{\"name\":\"Javier Figueroa\",\"@id\":\"https:\/\/web.consaguirre.com.ar\/noticias\/#\/schema\/person\/6558b0cfedee7ddc5425602b237d5722\"},\"headline\":\"Lenny Kravitz anuncia la edici\u00f3n de lujo del 30 aniversario de &#8216;Circus&#8217;\",\"datePublished\":\"2025-09-12T17:38:07+00:00\",\"dateModified\":\"2025-09-12T17:38:09+00:00\",\"mainEntityOfPage\":{\"@id\":\"https:\/\/web.consaguirre.com.ar\/noticias\/lenny-kravitz-anuncia-la-edicion-de-lujo-del-30-aniversario-de-circus\/\"},\"wordCount\":455,\"publisher\":{\"@id\":\"https:\/\/web.consaguirre.com.ar\/noticias\/#organization\"},\"image\":{\"@id\":\"https:\/\/web.consaguirre.com.ar\/noticias\/lenny-kravitz-anuncia-la-edicion-de-lujo-del-30-aniversario-de-circus\/#primaryimage\"},\"thumbnailUrl\":\"https:\/\/web.consaguirre.com.ar\/noticias\/wp-content\/uploads\/2025\/09\/Lenny-Kravitz-anuncia-la-edicion-de-lujo-del-30-aniversario.jpg\",\"keywords\":[\"aniversario\",\"anuncia\",\"Circus\",\"del\",\"edici\u00f3n\",\"Kravitz\",\"Lenny\",\"lujo\"],\"articleSection\":[\"El \u00faltimo\"],\"inLanguage\":\"es-AR\"},{\"@type\":\"WebPage\",\"@id\":\"https:\/\/web.consaguirre.com.ar\/noticias\/lenny-kravitz-anuncia-la-edicion-de-lujo-del-30-aniversario-de-circus\/\",\"url\":\"https:\/\/web.consaguirre.com.ar\/noticias\/lenny-kravitz-anuncia-la-edicion-de-lujo-del-30-aniversario-de-circus\/\",\"name\":\"Lenny Kravitz anuncia la edici\u00f3n de lujo del 30 aniversario de 'Circus'\",\"isPartOf\":{\"@id\":\"https:\/\/web.consaguirre.com.ar\/noticias\/#website\"},\"primaryImageOfPage\":{\"@id\":\"https:\/\/web.consaguirre.com.ar\/noticias\/lenny-kravitz-anuncia-la-edicion-de-lujo-del-30-aniversario-de-circus\/#primaryimage\"},\"image\":{\"@id\":\"https:\/\/web.consaguirre.com.ar\/noticias\/lenny-kravitz-anuncia-la-edicion-de-lujo-del-30-aniversario-de-circus\/#primaryimage\"},\"thumbnailUrl\":\"https:\/\/web.consaguirre.com.ar\/noticias\/wp-content\/uploads\/2025\/09\/Lenny-Kravitz-anuncia-la-edicion-de-lujo-del-30-aniversario.jpg\",\"datePublished\":\"2025-09-12T17:38:07+00:00\",\"dateModified\":\"2025-09-12T17:38:09+00:00\",\"breadcrumb\":{\"@id\":\"https:\/\/web.consaguirre.com.ar\/noticias\/lenny-kravitz-anuncia-la-edicion-de-lujo-del-30-aniversario-de-circus\/#breadcrumb\"},\"inLanguage\":\"es-AR\",\"potentialAction\":[{\"@type\":\"ReadAction\",\"target\":[\"https:\/\/web.consaguirre.com.ar\/noticias\/lenny-kravitz-anuncia-la-edicion-de-lujo-del-30-aniversario-de-circus\/\"]}]},{\"@type\":\"ImageObject\",\"inLanguage\":\"es-AR\",\"@id\":\"https:\/\/web.consaguirre.com.ar\/noticias\/lenny-kravitz-anuncia-la-edicion-de-lujo-del-30-aniversario-de-circus\/#primaryimage\",\"url\":\"https:\/\/web.consaguirre.com.ar\/noticias\/wp-content\/uploads\/2025\/09\/Lenny-Kravitz-anuncia-la-edicion-de-lujo-del-30-aniversario.jpg\",\"contentUrl\":\"https:\/\/web.consaguirre.com.ar\/noticias\/wp-content\/uploads\/2025\/09\/Lenny-Kravitz-anuncia-la-edicion-de-lujo-del-30-aniversario.jpg\",\"width\":1280,\"height\":1280,\"caption\":\"Lenny Kravitz anuncia la edici\u00f3n de lujo del 30 aniversario de 'Circus'\"},{\"@type\":\"BreadcrumbList\",\"@id\":\"https:\/\/web.consaguirre.com.ar\/noticias\/lenny-kravitz-anuncia-la-edicion-de-lujo-del-30-aniversario-de-circus\/#breadcrumb\",\"itemListElement\":[{\"@type\":\"ListItem\",\"position\":1,\"name\":\"Inicio\",\"item\":\"https:\/\/web.consaguirre.com.ar\/noticias\/\"},{\"@type\":\"ListItem\",\"position\":2,\"name\":\"Lenny Kravitz anuncia la edici\u00f3n de lujo del 30 aniversario de &#8216;Circus&#8217;\"}]},{\"@type\":\"WebSite\",\"@id\":\"https:\/\/web.consaguirre.com.ar\/noticias\/#website\",\"url\":\"https:\/\/web.consaguirre.com.ar\/noticias\/\",\"name\":\"Conservatorio de M\u00fasica Juli\u00e1n Aguirre\",\"description\":\"\",\"publisher\":{\"@id\":\"https:\/\/web.consaguirre.com.ar\/noticias\/#organization\"},\"potentialAction\":[{\"@type\":\"SearchAction\",\"target\":{\"@type\":\"EntryPoint\",\"urlTemplate\":\"https:\/\/web.consaguirre.com.ar\/noticias\/?s={search_term_string}\"},\"query-input\":\"required name=search_term_string\"}],\"inLanguage\":\"es-AR\"},{\"@type\":\"Organization\",\"@id\":\"https:\/\/web.consaguirre.com.ar\/noticias\/#organization\",\"name\":\"Conservatorio de M\u00fasica Juli\u00e1n Aguirre\",\"url\":\"https:\/\/web.consaguirre.com.ar\/noticias\/\",\"logo\":{\"@type\":\"ImageObject\",\"inLanguage\":\"es-AR\",\"@id\":\"https:\/\/web.consaguirre.com.ar\/noticias\/#\/schema\/logo\/image\/\",\"url\":\"https:\/\/web.consaguirre.com.ar\/noticias\/wp-content\/uploads\/2024\/08\/Banner-Aguirre-23.jpg\",\"contentUrl\":\"https:\/\/web.consaguirre.com.ar\/noticias\/wp-content\/uploads\/2024\/08\/Banner-Aguirre-23.jpg\",\"width\":1192,\"height\":600,\"caption\":\"Conservatorio de M\u00fasica Juli\u00e1n Aguirre\"},\"image\":{\"@id\":\"https:\/\/web.consaguirre.com.ar\/noticias\/#\/schema\/logo\/image\/\"}},{\"@type\":\"Person\",\"@id\":\"https:\/\/web.consaguirre.com.ar\/noticias\/#\/schema\/person\/6558b0cfedee7ddc5425602b237d5722\",\"name\":\"Javier Figueroa\",\"image\":{\"@type\":\"ImageObject\",\"inLanguage\":\"es-AR\",\"@id\":\"https:\/\/web.consaguirre.com.ar\/noticias\/#\/schema\/person\/image\/\",\"url\":\"https:\/\/web.consaguirre.com.ar\/noticias\/wp-content\/uploads\/2024\/08\/Consaguirre-scaled.jpg\",\"contentUrl\":\"https:\/\/web.consaguirre.com.ar\/noticias\/wp-content\/uploads\/2024\/08\/Consaguirre-scaled.jpg\",\"caption\":\"Javier Figueroa\"},\"description\":\"Me llamo Javier Figueroa y soy redactor para el sitio oficial del Conservatorio de M\u00fasica Juli\u00e1n Aguirre en Buenos Aires, consaguirre.com. Apasionado por la m\u00fasica y la escritura, me esfuerzo por destacar los talentos y eventos de nuestra prestigiosa instituci\u00f3n. Mi trayectoria se nutre de una profunda admiraci\u00f3n por los artistas, haciendo de cada art\u00edculo una celebraci\u00f3n de la creatividad y la cultura musical.\",\"sameAs\":[\"https:\/\/web.consaguirre.com.ar\/noticias\"]}]}<\/script>\n<!-- \/ Yoast SEO plugin. -->","yoast_head_json":{"title":"Lenny Kravitz anuncia la edici\u00f3n de lujo del 30 aniversario de 'Circus'","robots":{"index":"index","follow":"follow","max-snippet":"max-snippet:-1","max-image-preview":"max-image-preview:large","max-video-preview":"max-video-preview:-1"},"canonical":"https:\/\/web.consaguirre.com.ar\/noticias\/lenny-kravitz-anuncia-la-edicion-de-lujo-del-30-aniversario-de-circus\/","og_locale":"es_ES","og_type":"article","og_title":"Lenny Kravitz anuncia la edici\u00f3n de lujo del 30 aniversario de 'Circus'","og_description":"El artista ganador del Grammy Lenny Kravitz celebra el 30 aniversario de su cuarto \u00e1lbum de estudio Circo con una nueva edici\u00f3n digital de lujo","og_url":"https:\/\/web.consaguirre.com.ar\/noticias\/lenny-kravitz-anuncia-la-edicion-de-lujo-del-30-aniversario-de-circus\/","og_site_name":"Conservatorio de M\u00fasica Juli\u00e1n Aguirre","article_published_time":"2025-09-12T17:38:07+00:00","article_modified_time":"2025-09-12T17:38:09+00:00","og_image":[{"width":1280,"height":1280,"url":"https:\/\/web.consaguirre.com.ar\/noticias\/wp-content\/uploads\/2025\/09\/Lenny-Kravitz-anuncia-la-edicion-de-lujo-del-30-aniversario.jpg","type":"image\/jpeg"}],"author":"Javier Figueroa","twitter_card":"summary_large_image","twitter_misc":{"Escrito por":"Javier Figueroa","Tiempo de lectura":"2 minutos"},"schema":{"@context":"https:\/\/schema.org","@graph":[{"@type":"Article","@id":"https:\/\/web.consaguirre.com.ar\/noticias\/lenny-kravitz-anuncia-la-edicion-de-lujo-del-30-aniversario-de-circus\/#article","isPartOf":{"@id":"https:\/\/web.consaguirre.com.ar\/noticias\/lenny-kravitz-anuncia-la-edicion-de-lujo-del-30-aniversario-de-circus\/"},"author":{"name":"Javier Figueroa","@id":"https:\/\/web.consaguirre.com.ar\/noticias\/#\/schema\/person\/6558b0cfedee7ddc5425602b237d5722"},"headline":"Lenny Kravitz anuncia la edici\u00f3n de lujo del 30 aniversario de &#8216;Circus&#8217;","datePublished":"2025-09-12T17:38:07+00:00","dateModified":"2025-09-12T17:38:09+00:00","mainEntityOfPage":{"@id":"https:\/\/web.consaguirre.com.ar\/noticias\/lenny-kravitz-anuncia-la-edicion-de-lujo-del-30-aniversario-de-circus\/"},"wordCount":455,"publisher":{"@id":"https:\/\/web.consaguirre.com.ar\/noticias\/#organization"},"image":{"@id":"https:\/\/web.consaguirre.com.ar\/noticias\/lenny-kravitz-anuncia-la-edicion-de-lujo-del-30-aniversario-de-circus\/#primaryimage"},"thumbnailUrl":"https:\/\/web.consaguirre.com.ar\/noticias\/wp-content\/uploads\/2025\/09\/Lenny-Kravitz-anuncia-la-edicion-de-lujo-del-30-aniversario.jpg","keywords":["aniversario","anuncia","Circus","del","edici\u00f3n","Kravitz","Lenny","lujo"],"articleSection":["El \u00faltimo"],"inLanguage":"es-AR"},{"@type":"WebPage","@id":"https:\/\/web.consaguirre.com.ar\/noticias\/lenny-kravitz-anuncia-la-edicion-de-lujo-del-30-aniversario-de-circus\/","url":"https:\/\/web.consaguirre.com.ar\/noticias\/lenny-kravitz-anuncia-la-edicion-de-lujo-del-30-aniversario-de-circus\/","name":"Lenny Kravitz anuncia la edici\u00f3n de lujo del 30 aniversario de 'Circus'","isPartOf":{"@id":"https:\/\/web.consaguirre.com.ar\/noticias\/#website"},"primaryImageOfPage":{"@id":"https:\/\/web.consaguirre.com.ar\/noticias\/lenny-kravitz-anuncia-la-edicion-de-lujo-del-30-aniversario-de-circus\/#primaryimage"},"image":{"@id":"https:\/\/web.consaguirre.com.ar\/noticias\/lenny-kravitz-anuncia-la-edicion-de-lujo-del-30-aniversario-de-circus\/#primaryimage"},"thumbnailUrl":"https:\/\/web.consaguirre.com.ar\/noticias\/wp-content\/uploads\/2025\/09\/Lenny-Kravitz-anuncia-la-edicion-de-lujo-del-30-aniversario.jpg","datePublished":"2025-09-12T17:38:07+00:00","dateModified":"2025-09-12T17:38:09+00:00","breadcrumb":{"@id":"https:\/\/web.consaguirre.com.ar\/noticias\/lenny-kravitz-anuncia-la-edicion-de-lujo-del-30-aniversario-de-circus\/#breadcrumb"},"inLanguage":"es-AR","potentialAction":[{"@type":"ReadAction","target":["https:\/\/web.consaguirre.com.ar\/noticias\/lenny-kravitz-anuncia-la-edicion-de-lujo-del-30-aniversario-de-circus\/"]}]},{"@type":"ImageObject","inLanguage":"es-AR","@id":"https:\/\/web.consaguirre.com.ar\/noticias\/lenny-kravitz-anuncia-la-edicion-de-lujo-del-30-aniversario-de-circus\/#primaryimage","url":"https:\/\/web.consaguirre.com.ar\/noticias\/wp-content\/uploads\/2025\/09\/Lenny-Kravitz-anuncia-la-edicion-de-lujo-del-30-aniversario.jpg","contentUrl":"https:\/\/web.consaguirre.com.ar\/noticias\/wp-content\/uploads\/2025\/09\/Lenny-Kravitz-anuncia-la-edicion-de-lujo-del-30-aniversario.jpg","width":1280,"height":1280,"caption":"Lenny Kravitz anuncia la edici\u00f3n de lujo del 30 aniversario de 'Circus'"},{"@type":"BreadcrumbList","@id":"https:\/\/web.consaguirre.com.ar\/noticias\/lenny-kravitz-anuncia-la-edicion-de-lujo-del-30-aniversario-de-circus\/#breadcrumb","itemListElement":[{"@type":"ListItem","position":1,"name":"Inicio","item":"https:\/\/web.consaguirre.com.ar\/noticias\/"},{"@type":"ListItem","position":2,"name":"Lenny Kravitz anuncia la edici\u00f3n de lujo del 30 aniversario de &#8216;Circus&#8217;"}]},{"@type":"WebSite","@id":"https:\/\/web.consaguirre.com.ar\/noticias\/#website","url":"https:\/\/web.consaguirre.com.ar\/noticias\/","name":"Conservatorio de M\u00fasica Juli\u00e1n Aguirre","description":"","publisher":{"@id":"https:\/\/web.consaguirre.com.ar\/noticias\/#organization"},"potentialAction":[{"@type":"SearchAction","target":{"@type":"EntryPoint","urlTemplate":"https:\/\/web.consaguirre.com.ar\/noticias\/?s={search_term_string}"},"query-input":"required name=search_term_string"}],"inLanguage":"es-AR"},{"@type":"Organization","@id":"https:\/\/web.consaguirre.com.ar\/noticias\/#organization","name":"Conservatorio de M\u00fasica Juli\u00e1n Aguirre","url":"https:\/\/web.consaguirre.com.ar\/noticias\/","logo":{"@type":"ImageObject","inLanguage":"es-AR","@id":"https:\/\/web.consaguirre.com.ar\/noticias\/#\/schema\/logo\/image\/","url":"https:\/\/web.consaguirre.com.ar\/noticias\/wp-content\/uploads\/2024\/08\/Banner-Aguirre-23.jpg","contentUrl":"https:\/\/web.consaguirre.com.ar\/noticias\/wp-content\/uploads\/2024\/08\/Banner-Aguirre-23.jpg","width":1192,"height":600,"caption":"Conservatorio de M\u00fasica Juli\u00e1n Aguirre"},"image":{"@id":"https:\/\/web.consaguirre.com.ar\/noticias\/#\/schema\/logo\/image\/"}},{"@type":"Person","@id":"https:\/\/web.consaguirre.com.ar\/noticias\/#\/schema\/person\/6558b0cfedee7ddc5425602b237d5722","name":"Javier Figueroa","image":{"@type":"ImageObject","inLanguage":"es-AR","@id":"https:\/\/web.consaguirre.com.ar\/noticias\/#\/schema\/person\/image\/","url":"https:\/\/web.consaguirre.com.ar\/noticias\/wp-content\/uploads\/2024\/08\/Consaguirre-scaled.jpg","contentUrl":"https:\/\/web.consaguirre.com.ar\/noticias\/wp-content\/uploads\/2024\/08\/Consaguirre-scaled.jpg","caption":"Javier Figueroa"},"description":"Me llamo Javier Figueroa y soy redactor para el sitio oficial del Conservatorio de M\u00fasica Juli\u00e1n Aguirre en Buenos Aires, consaguirre.com. Apasionado por la m\u00fasica y la escritura, me esfuerzo por destacar los talentos y eventos de nuestra prestigiosa instituci\u00f3n. Mi trayectoria se nutre de una profunda admiraci\u00f3n por los artistas, haciendo de cada art\u00edculo una celebraci\u00f3n de la creatividad y la cultura musical.","sameAs":["https:\/\/web.consaguirre.com.ar\/noticias"]}]}},"_links":{"self":[{"href":"https:\/\/web.consaguirre.com.ar\/noticias\/wp-json\/wp\/v2\/posts\/3686"}],"collection":[{"href":"https:\/\/web.consaguirre.com.ar\/noticias\/wp-json\/wp\/v2\/posts"}],"about":[{"href":"https:\/\/web.consaguirre.com.ar\/noticias\/wp-json\/wp\/v2\/types\/post"}],"author":[{"embeddable":true,"href":"https:\/\/web.consaguirre.com.ar\/noticias\/wp-json\/wp\/v2\/users\/1"}],"replies":[{"embeddable":true,"href":"https:\/\/web.consaguirre.com.ar\/noticias\/wp-json\/wp\/v2\/comments?post=3686"}],"version-history":[{"count":1,"href":"https:\/\/web.consaguirre.com.ar\/noticias\/wp-json\/wp\/v2\/posts\/3686\/revisions"}],"predecessor-version":[{"id":3688,"href":"https:\/\/web.consaguirre.com.ar\/noticias\/wp-json\/wp\/v2\/posts\/3686\/revisions\/3688"}],"wp:featuredmedia":[{"embeddable":true,"href":"https:\/\/web.consaguirre.com.ar\/noticias\/wp-json\/wp\/v2\/media\/3687"}],"wp:attachment":[{"href":"https:\/\/web.consaguirre.com.ar\/noticias\/wp-json\/wp\/v2\/media?parent=3686"}],"wp:term":[{"taxonomy":"category","embeddable":true,"href":"https:\/\/web.consaguirre.com.ar\/noticias\/wp-json\/wp\/v2\/categories?post=3686"},{"taxonomy":"post_tag","embeddable":true,"href":"https:\/\/web.consaguirre.com.ar\/noticias\/wp-json\/wp\/v2\/tags?post=3686"}],"curies":[{"name":"wp","href":"https:\/\/api.w.org\/{rel}","templated":true}]}}