{"id":3683,"date":"2025-09-12T13:40:34","date_gmt":"2025-09-12T16:40:34","guid":{"rendered":"https:\/\/web.consaguirre.com.ar\/noticias\/revision-de-cd-ineza-ibuka\/"},"modified":"2025-09-12T13:40:34","modified_gmt":"2025-09-12T16:40:34","slug":"revision-de-cd-ineza-ibuka","status":"publish","type":"post","link":"https:\/\/web.consaguirre.com.ar\/noticias\/revision-de-cd-ineza-ibuka\/","title":{"rendered":"Revisi\u00f3n de CD: Ineza, Ibuka"},"content":{"rendered":"<div class=\"entry\" itemprop=\"text\">\n<p><em><strong>&#8220;Ibuka&#8221; de Ineza Kerschkamp es como abrir una ventana en un g\u00e9nero a veces nublado por la tradici\u00f3n e imitaci\u00f3n. Para los seguidores regulares del circuito de jazz del Reino Unido, Ineza ha sido una presencia prometedora durante alg\u00fan tiempo, pero este primer \u00e1lbum de larga duraci\u00f3n contribuye en gran medida a justificar la atenci\u00f3n que se ha atra\u00eddo constantemente. Lo que es m\u00e1s bienvenido de inmediato sobre &#8220;Ibuka&#8221;, y algo que todav\u00eda es demasiado raro, es que aqu\u00ed hay un vocalista de jazz que se lanza con un conjunto de material original, en lugar del desfile de est\u00e1ndares muy usados.<\/strong><\/em><\/p>\n<p>El t\u00edtulo del \u00e1lbum, &#8220;Ibuka&#8221; (Kinyarwanda para &#8220;Remember&#8221;) se\u00f1ala sus ra\u00edces autobiogr\u00e1ficas. Como mucho sobre el arte de Iniza, deriva su fuerza de su experiencia vivida, no de afectaci\u00f3n. El hilo biogr\u00e1fico es imperdible en todo momento: nacido en Ruanda pero criado en B\u00e9lgica por su madre adoptiva despu\u00e9s de la agitaci\u00f3n de 1994, la v\u00eda de Ineza se une a una p\u00e9rdida, migraci\u00f3n y, en \u00faltima instancia, autoinvenci\u00f3n a trav\u00e9s del jazz.<\/p>\n<p>Pero no es solo el tema lo que suena cierto. Desde el principio, lo que distingue a Ineza es la sensibilidad mel\u00f3dica. Las canciones son altamente accesibles, abundan los anzuelos memorables y las fuertes l\u00edneas l\u00edricas, pero estas son compensadas consistentemente por la complejidad compositiva que nunca llama la atenci\u00f3n sobre s\u00ed misma. Los fan\u00e1ticos familiarizados con el modernismo arm\u00f3nico de Gretchen Parlato o la composici\u00f3n narrativa de Becca Stevens reconocer\u00e1n algo de parentesco, pero lo que trae &#8220;Ibuka&#8221; no es obligado e inconsciente.<\/p>\n<p>Desde la primera escucha, &#8220;Ibuka&#8221; se destaca en virtud del contenido tanto como el rendimiento. Aqu\u00ed, las ocho pistas son originales, una haza\u00f1a a\u00fan inusual para un debut vocal de jazz contempor\u00e1neo y se defienden contra el repertorio a menudo can\u00f3nico del g\u00e9nero. Cada canci\u00f3n aborda una faceta de la experiencia, la memoria, la identidad, la pertenencia de Ineza de Ineza, pero lo hace en el lenguaje y la melod\u00eda que se niega a caducar en el sentimentalismo. Esto es especialmente evidente en destacados como &#8220;Silence&#8221;, una pista marcada por su influencia neo-soul y su sensaci\u00f3n r\u00edtmica contempor\u00e1nea. Aqu\u00ed, un gancho l\u00edrico que estar\u00eda en casa en el trabajo de Jill Scott est\u00e1 enmarcado por la armon\u00eda de jazz moderna matizada y la interacci\u00f3n de grupo apretado.<\/p>\n<p>&#8220;Silencio&#8221; surge como un claro punto destacado. Es una pieza accesible y conmovedora, pero a pesar de su suavidad, hay una resoluci\u00f3n emocional cuestionada y una artesan\u00eda mel\u00f3dica. Las letras se resisten al clich\u00e9, que refleja una inquietud que se resuelve solo en parte por el di\u00e1logo instrumental. El solo del saxofonista Michael Lack es particularmente efectivo aqu\u00ed, haci\u00e9ndose eco de la l\u00ednea vocal y luego en espiral en un nuevo territorio, una se\u00f1al de la forma en que la improvisaci\u00f3n se escribe en el ADN del disco en lugar de agregar.<\/p>\n<div class=\"Elite_video_player\" id=\"447\">\n<div id=\"elite_options\" style=\"display:none;\">{&#8220;id&#8221;: 447, &#8220;InstanceName&#8221;: &#8220;Ineza&#8221;, &#8220;Videos&#8221;: ({&#8220;videotipo&#8221;: &#8220;YouTube&#8221;, &#8220;T\u00edtulo&#8221;: &#8220;Ineza &#8211; Silence&#8221;, &#8220;Descripci\u00f3n&#8221;: &#8220;Del \u00e1lbum Ibuka&#8221;, &#8220;Info&#8221;: &#8220;del \u00e1lbum&#8221;: &#8220;del \u00e1lbum&#8221;: &#8220;del \u00e1lbum:&#8221; del \u00e1lbum Ibuka &#8220;,&#8221; Thumbimg &#8220;:&#8221; https: \/\/jazzineurope.mfmmedia.nl \/wp-content \/uploads \/2018 \/10 \/jie-magazine-winter-2018-tn -150&#215;150.jpg &#8220;,&#8221; YouTubeId &#8220;:&#8221; 6bcbqxiJq5i &#8220;,&#8221; prerollad &#8220;:&#8221; no &#8220;,&#8221; prerollgotolink &#8220;:&#8221; http: \/\/bit.ly \/2svu1ba &#8220;,&#8221; preroll_mp4 &#8220;:&#8221; https: \/\/jazzineurope.mfmmedia.nl \/wp-content \/uploads \/2018 \/10  \/jazz-in-europe-magazine-winter-2018-promo.mp 4 &#8220;,&#8221; Prerollskiptimer &#8220;:&#8221; 10 &#8220;,&#8221; Midrollad &#8220;:&#8221; No &#8220;,&#8221; Midrollad_displayTime &#8220;:&#8221; Midrollad_displaytime &#8220;,&#8221; MidrollGotolink &#8220;:&#8221; Mid Mid RollGotolink &#8220;,&#8221; MidRoll_mp4 &#8220;:&#8221; Midroll_mp4 &#8220;,&#8221; MidrollSkipTimer &#8220;:&#8221; MidrollSkipTimer &#8220;,&#8221; Postrollad &#8220;:&#8221; No &#8220;,&#8221; Postrollgotoli nk &#8220;:&#8221; postrollgotolink &#8220;,&#8221; postroll_mp4 &#8220;:&#8221; postroll_mp4 &#8220;,&#8221; postrollskiptimer &#8220;:&#8221; postrollskiptimer &#8220;,&#8221; popupadshow &#8220;:&#8221; no &#8220;,&#8221; p opupimg &#8220;:&#8221; https: \/\/jazzineurope.mfmmedia.nl \/wp-content \/uploads \/2013 \/01  \/Jazz-Republic-Radio-Leaderboard.jpg &#8220;, &#8220;PopUpadStarttime&#8221;: &#8220;12&#8221;, &#8220;Popupadendtime&#8221;: &#8220;20&#8221;, &#8220;PopUpadGotolink&#8221;: &#8220;https: \/\/twitter.com \/jazzineu&#8221;}), &#8220;Enviar&#8221;: &#8220;Guardar Cambios &#8220;,&#8221; Instancetheme &#8220;:&#8221; Light &#8220;,&#8221; PlayerLayout &#8220;:&#8221; FitTocontainer &#8220;,&#8221; VideOplayerWidth &#8220;: 1006,&#8221; VideOplayerHeight &#8220;: 420,&#8221; VideoRatio &#8220;: 1.777777777777778,&#8221; VideAtiostretch &#8220;: False,&#8221; VideOplayersHadow &#8220;:&#8221; Effect3 &#8220;,&#8221; ColorAccent &#8220;:&#8221;#FF9100 &#8220;,&#8221; Posterimg &#8220;:&#8221; &#8220;,&#8221; PosterimgonvideOfinish &#8220;:&#8221; &#8220;,&#8221; Logoshow &#8220;:&#8221; S\u00ed &#8220;,&#8221; Logopath &#8220;:&#8221; Https: \/\/jazzineurope.mfm Media.nl \/wp-Content \/uploads \/2018 \/08  \/jie-logo-new-white-fininal-video-player.png &#8220;,&#8221; logoPosition &#8220;:&#8221; inferior-izquierda &#8220;,&#8221; logoclickable &#8220;:&#8221; s\u00ed &#8220;,&#8221; logogotolink &#8220;:&#8221; https: \/  \/Jazzineurope.mfmmedia.nl\/2018\/07\/bill-evans-an-insight-into-a-genius\/&#8221;oLowskipad&#8221;:True,&#8221;Advertisementtitle&#8221;:&#8221;Advertisement \u00ed anuncio &#8220;,&#8221; SkipAdText &#8220;:&#8221; Puedes omitir este anuncio en &#8220;,&#8221; playbtntooltiptxt &#8220;:&#8221; play &#8220;,&#8221; pauseBtTtooltiptxt &#8220;:&#8221; pausa &#8220;,&#8221; rewindBtTtoolTiptxt &#8220;:&#8221; Rewind &#8220;,&#8221; DownloadVideObtToolTiptxt &#8220;:&#8221; Descargar video &#8220;,&#8221; QualityBtNoPedToolTiptxt &#8220;:&#8221; Close Configuraci\u00f3n &#8220;,&#8221; QualityBtnClosedToolTiptxt &#8220;:&#8221; Configuraci\u00f3n &#8220;,&#8221; MuteBtnTtoolTiptxt &#8220;:&#8221; Mute &#8220;,&#8221; UnMuteBtnToolTiptxt &#8220;:&#8221; Unmute &#8220;,&#8221; FullScreenBtnToolTiptxt &#8220;:&#8221; FullScreen &#8220;,&#8221; ExitfullScreenBtnToLTipTxt &#8220;:&#8221; EXIT info &#8220;,&#8221; incredBtTtoolTiptxt &#8220;:&#8221; InSching &#8220;,&#8221; ShareBtTtoolTiptxt &#8220;:&#8221; Share &#8220;,&#8221; VolumetoolTiptxt &#8220;:&#8221; Volume, &#8220;PlayBtnCledTtoolTiptxt&#8221;: &#8220;Mostrar lista de reproducci\u00f3n&#8221;, &#8220;PlayListBtNoPenedToolTiptxt&#8221;: &#8220;Ocultar ListList&#8221;, &#8220;FacebookBtnTxtxt&#8221;: &#8220;Compartir&#8221; Compartir compartir &#8220;Compartir compartir&#8221; Facebook &#8220;,&#8221; TwitterBtnToolTiptxt &#8220;:&#8221; Compartir en Twitter &#8220;,&#8221; GooglePlusBtnToolTiptxt &#8220;:&#8221; Compartir en Google+&#8221;,&#8221; LastBtnToolTiptxt &#8220;:&#8221; Vaya al \u00faltimo video &#8220;,&#8221; FirstBtTtoolTiptxt &#8220;:&#8221; Vaya a First Video &#8220;,&#8221; NextBtnToolTiptxt &#8220;:&#8221; Play Next Video &#8220;,&#8221; Anteriorbtntooltiptxt: &#8220;Play Arior Video &#8220;,&#8221; ShuffleBtnonToolTiptxt &#8220;:&#8221; Shuffle on &#8220;,&#8221; ShuffleBtnofftooltiptxt &#8220;:&#8221; Shuffle Off &#8220;,&#8221; NowPlayingTooltiptxt &#8220;:&#8221; Now Playing &#8220;,&#8221; InScedWindowTitle1 &#8220;:&#8221; Compartir este reproductor: &#8220;,&#8221; InScuDwindowTitle2 &#8220;:&#8221; Embedido en su video en su sitio: &#8220;,&#8221; EmbedWindowtitle3: Player: &#8220;,&#8221; LightBox &#8220;: False,&#8221; LightBoxAutoPlay &#8220;: False,&#8221; LightBoxThumbnail &#8220;:&#8221; &#8220;,&#8221; LightBoxThumbnailWidth &#8220;: 400,&#8221; LightBoxThumbnailHeight &#8220;: 220,&#8221; LightboxClOSeOutsideclick &#8220;: True,&#8221; Onfinish: &#8220;Play Next Video &#8220;,&#8221; Autoplay &#8220;: False,&#8221; LoadRandomVideoonStart &#8220;:&#8221; No &#8220;,&#8221; Shuffle &#8220;:&#8221; No &#8220;,&#8221; Lista de reproducci\u00f3n &#8220;:&#8221; Off &#8220;,&#8221; PlayBehaviouronpageload &#8220;:&#8221; Se abri\u00f3 (predeterminado) &#8220;,&#8221; PlaylistScrollType &#8220;:&#8221; Light &#8220;,&#8221; PReloadSelfHosted &#8220;:&#8221; Ninguno &#8220;,&#8221; HidEvideOsource &#8220;: True,&#8221; ShowallControls &#8220;: True,&#8221; RightClickMenu &#8220;: True,&#8221; Autohidecontrols &#8220;: 2,&#8221; Hideco ntrolsonmouseout &#8220;:&#8221; no &#8220;,&#8221; NowplayingText &#8220;:&#8221; s\u00ed &#8220;,&#8221; infoShow &#8220;:&#8221; s\u00ed &#8220;,&#8221; shareshow &#8220;:&#8221; no &#8220;,&#8221; Facebookshow &#8220;:&#8221; s\u00ed &#8220;,&#8221; twittershow &#8220;:&#8221; s\u00ed &#8220;,&#8221; mailshow &#8220;:&#8221; s\u00ed &#8220;,&#8221; FacebookSharename &#8220;:&#8221; Bill &#8220;Bill&#8221; Evans: una visi\u00f3n de un genio &#8220;,&#8221; FacebookSharelink &#8220;:&#8221; https: \/\/jazzineurope.mfmmedia.nl \/2018 \/07 \/bill-evans-an-insight-en-a-Genius \/&#8221;,&#8221; FacebookSharedescription &#8220;:&#8221; Copenhagen Rehearsal Video 1966. &#8220;&#8221; &#8220;FacebookSharepicture&#8221;: &#8220;https: \/\/jazzineurope.mfmmedia.nl \/wp-content \/uploads \/2018 \/07  \/bill_evans_featured-new.jpg&#8221;, &#8220;TwitterText&#8221;: &#8220;Bill evans-una visi\u00f3n de A Genio. &#8220;,&#8221; TwitterLink &#8220;:&#8221; https: \/\/jazzineurope.mfmmedia.nl \/2018 \/07 \/bill-evans-an-insight-en-a-Genius \/&#8221;,&#8221; Twitterhashtags &#8220;:&#8221;#billevans #Jazzineurope &#8220;,&#8221; Twittervia &#8220;:&#8221; Jazzineu &#8220;,&#8221; GooglePlus &#8220;:&#8221; Https: \/\/jazzineurope.mfmmedia.nl \/2018 \/07 \/bill-evans-an-insight-into-a-Genius \/&#8221;,&#8221; InSciitado Show &#8220;:&#8221; No &#8220;,&#8221; InScEDCodesrc &#8220;:&#8221; &#8220;,&#8221; InScEDCodew &#8220;: 746,&#8221; IncodeCodeh &#8220;: 420,&#8221; InScuSharElink &#8220;:&#8221; Https: \/\/jazzineurope.mfmmedia.nl \/&#8221;,&#8221; YouTubecontrols &#8220;:&#8221; Custom Custom controls&#8221;,&#8221;youtubeSkin&#8221;:&#8221;light&#8221;,&#8221;youtubeColor&#8221;:&#8221;red&#8221;,&#8221;youtubeQuality&#8221;:&#8221;default&#8221;,&#8221;youtubeShowRelatedVideos&#8221;:&#8221;No&#8221;,&#8221;vimeoColor&#8221;:&#8221;00adef&#8221;,&#8221;showGlobalPrerollAds&#8221;:false,&#8221;globalPrerollAds&#8221;:&#8221;url1;url2;url3;url4;u RL5 &#8220;,&#8221; GlobalPrerolladsSkipTimer &#8220;: 5,&#8221; GlobalPreolladsGotolink &#8220;:&#8221; http: \/\/codeCanyon.net \/&#8221;,&#8221; videotipo &#8220;: &#8220;YouTube&#8221;, &#8220;RootFolder&#8221;: &#8220;https: \/\/jazzineurope.mfmmedia.nl \/wp-content \/plugins \/elite-video-player \/&#8221;}<\/div>\n<\/div>\n<p>&#8220;Walking Away&#8221; es otro ancla, notable no solo por su sensaci\u00f3n contempor\u00e1nea sino por las formas en que el sentido de l\u00ednea y fraseo de Ineza dan forma a la direcci\u00f3n de la banda. Hay una verdadera sinergia entre el vocalista y el grupo; En lugar del acompa\u00f1amiento simplemente siguiendo al cantante, cada jugador es un participante activo en la narraci\u00f3n de historias. Michael Falta nuevamente se destaca, su saxof\u00f3n proporciona contrapunto y comentarios.<\/p>\n<p>Un momento contrastante viene con &#8220;Song For My Mother&#8221;, que se dirige m\u00e1s firmemente en la tradici\u00f3n de la balada de jazz. Aqu\u00ed, la entrega de Ineza es sorprendentemente directa, la letra simple pero efectiva, y el solo de piano de Rob Brockway es un recordatorio de las credenciales de la banda: arm\u00f3nicamente rica, r\u00edtmicamente equilibrada, de apoyo sin ser llamativo.<\/p>\n<p>&#8220;Ibuka&#8221; es, en todos los sentidos, un disco de banda. Las voces de Ineza son delanteras y centrales, pero la contribuci\u00f3n del grupo forma una parte crucial de la identidad del \u00e1lbum. La interacci\u00f3n entre la voz y el saxof\u00f3n, especialmente, ofrece a las pistas una calidad de conversaci\u00f3n que a veces recuerda la cl\u00e1sica colaboraci\u00f3n de Nancy Wilson\/Cannonball Adderley, pero actualizada para un contexto moderno.<\/p>\n<p>A lo largo del disco, existe la sensaci\u00f3n de que cada m\u00fasico no solo apoya al l\u00edder sino que est\u00e1 habitando completamente el material. Los Sonics est\u00e1n limpios sin ser cl\u00ednicos: suficiente aire en la producci\u00f3n para una interacci\u00f3n sutil, con una calidez que recuerda a las grabaciones de jazz de la habitaci\u00f3n peque\u00f1a.<\/p>\n<p><img loading=\"lazy\" decoding=\"async\" class=\"aligncenter size-large wp-image-62851\" src=\"https:\/\/web.consaguirre.com.ar\/noticias\/wp-content\/uploads\/2025\/09\/1757695234_978_Revision-de-CD-Ineza-Ibuka.jpg\" alt=\"\" width=\"1024\" height=\"683\"  ><\/p>\n<p>Quiz\u00e1s lo que la mayor\u00eda de los sencillos de Ineza es su capacidad para caminar una l\u00ednea entre accesibilidad y ambici\u00f3n. Los coros son memorables (silencio &#8220;y&#8221; crecen &#8220;especialmente), pero las bases arm\u00f3nicas y r\u00edtmicas evitan el f\u00f3rmula. Las canciones pueden comenzar con una frase que se aplica a los o\u00eddos, pero se desarrollan en territorio desconocido o puertas abiertas para declaraciones de improvisaci\u00f3n. Es esta cualidad la que sugiere que Ineza tiene el potencial de convertirse en una influencia formativa en el jazz vocal en el futuro.<\/p>\n<p>Temas de identidad y superaci\u00f3n de p\u00e9rdidas durante todo el \u00e1lbum, lo que le dan no solo cohesi\u00f3n sino tambi\u00e9n el lastre emocional. La canci\u00f3n de cierre del \u00e1lbum &#8220;Kwibuka&#8221;, escrita para la conmemoraci\u00f3n del genocidio de 2024, muestra la disposici\u00f3n de Ineza para comprometerse con un terreno hist\u00f3rico dif\u00edcil sin acceder a la grandiosidad o el melodrama. Hay una dignidad constante y restringida en la actuaci\u00f3n que la marca de tantas piezas de &#8220;tributo&#8221; en el repertorio de jazz.<\/p>\n<p>Personal, uno de los placeres subyacentes del \u00e1lbum es simplemente encontrar a un vocalista tan comprometido con la visi\u00f3n personal, que ni trafica en nostalgia ni se aleja de las profundas ra\u00edces musicales. Para los oyentes que quieren jazz vocal que sea a la vez altamente musical y genuinamente fresco, &#8220;Ibuka&#8221; ofrece una sustancia real. Es alentador, incluso estimulante, escuchar a una artista tan temprano en su carrera que ya est\u00e1 marcando un camino distinto.<\/p>\n<p>Despu\u00e9s de haber escuchado por primera vez a Ineza en Jazzahead hace dos a\u00f1os, estoy encantado de ver la promesa de esa actuaci\u00f3n pasada Bear Fruit y madurar en esta grabaci\u00f3n haciendo un argumento fuerte para seguir su trabajo futuro de cerca. &#8220;Ibuka&#8221; no es un ejercicio de ortodoxia de jazz ni un crossover de g\u00e9nero calculado. En cambio, es un disco que trata la composici\u00f3n de canciones, la improvisaci\u00f3n y la narraci\u00f3n de cuentos como aspectos complementarios de una tradici\u00f3n, una tradici\u00f3n que, a pesar de todas sus ra\u00edces, sigue evolucionando.<\/p>\n<p>Quiz\u00e1s la mejor recomendaci\u00f3n es esta: &#8220;Ibuka&#8221; es el debut de un vocalista compositor que, creo firmemente, ser\u00e1 parte de una generaci\u00f3n que ayudar\u00e1 a dar forma al pr\u00f3ximo cap\u00edtulo de Jazz. Es un \u00e1lbum que merece una escucha repetida y revela nuevas profundidades cada vez. En un a\u00f1o lleno de nuevos lanzamientos, &#8220;Ibuka&#8221; es un \u00e1lbum para quedarse, discutir y regresar. Muy recomendable.<\/p>\n<p><strong>Listado de pistas:<\/strong><\/p>\n<p>1. Otra vez | 2. Despertar hambriento | 3. Silencio | 4. Canci\u00f3n para mi madre | 5. Crecer | 6. Almaldando | 7. El jard\u00edn | 8. Kwibuka<\/p>\n<p><strong>P\u00f3ngase en fila:<\/strong><\/p>\n<p>INEZA KERSCHKAMP &#8211; Voces, composiciones | Michael Lack &#8211; Saxof\u00f3n | Rob Brockway &#8211; Piano | Ben Crane &#8211; Doble bajo | Kuba Miazga &#8211; bater\u00eda<\/p>\n<p><strong>Fecha de lanzamiento<\/strong>: 12 de septiembre de 2025<br \/>\n<strong>Formato:<\/strong> CD | Vinilo | Transmisi\u00f3n<br \/>\n<strong>Etiqueta:<\/strong> Liberaci\u00f3n<\/p>\n<p><em><strong>Nota del editor:<\/strong> Est\u00e9 atento a una entrevista con Ineza en la pr\u00f3xima edici\u00f3n de la revista Jazz in Europe.<\/em><\/p>\n<p><img loading=\"lazy\" decoding=\"async\" class=\"aligncenter size-full wp-image-36519\" src=\"https:\/\/web.consaguirre.com.ar\/noticias\/wp-content\/uploads\/2024\/08\/Resena-de-CD-Stephen-Henderson-Tales-of-the-Skald.png\" alt=\"\" width=\"527\" height=\"77\"  ><\/p>\n<p><img loading=\"lazy\" decoding=\"async\" class=\"aligncenter wp-image-62547 size-large\" src=\"https:\/\/web.consaguirre.com.ar\/noticias\/wp-content\/uploads\/2025\/09\/Revision-de-CD-Ineza-Ibuka.png\" rel=\"prettyPhoto\" alt=\"\" width=\"1024\" height=\"379\"  ><\/p>\n<div class=\"post-pagination\"><\/div>\n<div class=\"clearfix\"><\/div>\n<\/p><\/div>\n<p><script async src=\"https:\/\/platform.twitter.com\/widgets.js\" charset=\"utf-8\"><\/script><\/p>\n","protected":false},"excerpt":{"rendered":"<p>&#8220;Ibuka&#8221; de Ineza Kerschkamp es como abrir una ventana en un g\u00e9nero a veces nublado por la tradici\u00f3n e imitaci\u00f3n. Para los seguidores regulares del<\/p>\n","protected":false},"author":1,"featured_media":3684,"comment_status":"closed","ping_status":"","sticky":false,"template":"","format":"standard","meta":{"footnotes":""},"categories":[4],"tags":[3157,3156,3150],"class_list":["post-3683","post","type-post","status-publish","format-standard","has-post-thumbnail","hentry","category-critica","tag-ibuka","tag-ineza","tag-revision","generate-columns","tablet-grid-50","mobile-grid-100","grid-parent","grid-50"],"yoast_head":"<!-- This site is optimized with the Yoast SEO plugin v23.3 - https:\/\/yoast.com\/wordpress\/plugins\/seo\/ -->\n<title>Revisi\u00f3n de CD: Ineza, Ibuka<\/title>\n<meta name=\"robots\" content=\"index, follow, max-snippet:-1, max-image-preview:large, max-video-preview:-1\" \/>\n<link rel=\"canonical\" href=\"https:\/\/web.consaguirre.com.ar\/noticias\/revision-de-cd-ineza-ibuka\/\" \/>\n<meta property=\"og:locale\" content=\"es_ES\" \/>\n<meta property=\"og:type\" content=\"article\" \/>\n<meta property=\"og:title\" content=\"Revisi\u00f3n de CD: Ineza, Ibuka\" \/>\n<meta property=\"og:description\" content=\"&#8220;Ibuka&#8221; de Ineza Kerschkamp es como abrir una ventana en un g\u00e9nero a veces nublado por la tradici\u00f3n e imitaci\u00f3n. Para los seguidores regulares del\" \/>\n<meta property=\"og:url\" content=\"https:\/\/web.consaguirre.com.ar\/noticias\/revision-de-cd-ineza-ibuka\/\" \/>\n<meta property=\"og:site_name\" content=\"Conservatorio de M\u00fasica Juli\u00e1n Aguirre\" \/>\n<meta property=\"article:published_time\" content=\"2025-09-12T16:40:34+00:00\" \/>\n<meta property=\"og:image\" content=\"https:\/\/web.consaguirre.com.ar\/noticias\/wp-content\/uploads\/2025\/09\/Revision-de-CD-Ineza-Ibuka.jpg\" \/>\n\t<meta property=\"og:image:width\" content=\"360\" \/>\n\t<meta property=\"og:image:height\" content=\"360\" \/>\n\t<meta property=\"og:image:type\" content=\"image\/jpeg\" \/>\n<meta name=\"author\" content=\"Javier Figueroa\" \/>\n<meta name=\"twitter:card\" content=\"summary_large_image\" \/>\n<meta name=\"twitter:label1\" content=\"Escrito por\" \/>\n\t<meta name=\"twitter:data1\" content=\"Javier Figueroa\" \/>\n\t<meta name=\"twitter:label2\" content=\"Tiempo de lectura\" \/>\n\t<meta name=\"twitter:data2\" content=\"9 minutos\" \/>\n<script type=\"application\/ld+json\" class=\"yoast-schema-graph\">{\"@context\":\"https:\/\/schema.org\",\"@graph\":[{\"@type\":\"Article\",\"@id\":\"https:\/\/web.consaguirre.com.ar\/noticias\/revision-de-cd-ineza-ibuka\/#article\",\"isPartOf\":{\"@id\":\"https:\/\/web.consaguirre.com.ar\/noticias\/revision-de-cd-ineza-ibuka\/\"},\"author\":{\"name\":\"Javier Figueroa\",\"@id\":\"https:\/\/web.consaguirre.com.ar\/noticias\/#\/schema\/person\/6558b0cfedee7ddc5425602b237d5722\"},\"headline\":\"Revisi\u00f3n de CD: Ineza, Ibuka\",\"datePublished\":\"2025-09-12T16:40:34+00:00\",\"dateModified\":\"2025-09-12T16:40:34+00:00\",\"mainEntityOfPage\":{\"@id\":\"https:\/\/web.consaguirre.com.ar\/noticias\/revision-de-cd-ineza-ibuka\/\"},\"wordCount\":1750,\"publisher\":{\"@id\":\"https:\/\/web.consaguirre.com.ar\/noticias\/#organization\"},\"image\":{\"@id\":\"https:\/\/web.consaguirre.com.ar\/noticias\/revision-de-cd-ineza-ibuka\/#primaryimage\"},\"thumbnailUrl\":\"https:\/\/web.consaguirre.com.ar\/noticias\/wp-content\/uploads\/2025\/09\/Revision-de-CD-Ineza-Ibuka.jpg\",\"keywords\":[\"Ibuka\",\"Ineza\",\"Revisi\u00f3n\"],\"articleSection\":[\"Cr\u00edtica\"],\"inLanguage\":\"es-AR\"},{\"@type\":\"WebPage\",\"@id\":\"https:\/\/web.consaguirre.com.ar\/noticias\/revision-de-cd-ineza-ibuka\/\",\"url\":\"https:\/\/web.consaguirre.com.ar\/noticias\/revision-de-cd-ineza-ibuka\/\",\"name\":\"Revisi\u00f3n de CD: Ineza, Ibuka\",\"isPartOf\":{\"@id\":\"https:\/\/web.consaguirre.com.ar\/noticias\/#website\"},\"primaryImageOfPage\":{\"@id\":\"https:\/\/web.consaguirre.com.ar\/noticias\/revision-de-cd-ineza-ibuka\/#primaryimage\"},\"image\":{\"@id\":\"https:\/\/web.consaguirre.com.ar\/noticias\/revision-de-cd-ineza-ibuka\/#primaryimage\"},\"thumbnailUrl\":\"https:\/\/web.consaguirre.com.ar\/noticias\/wp-content\/uploads\/2025\/09\/Revision-de-CD-Ineza-Ibuka.jpg\",\"datePublished\":\"2025-09-12T16:40:34+00:00\",\"dateModified\":\"2025-09-12T16:40:34+00:00\",\"breadcrumb\":{\"@id\":\"https:\/\/web.consaguirre.com.ar\/noticias\/revision-de-cd-ineza-ibuka\/#breadcrumb\"},\"inLanguage\":\"es-AR\",\"potentialAction\":[{\"@type\":\"ReadAction\",\"target\":[\"https:\/\/web.consaguirre.com.ar\/noticias\/revision-de-cd-ineza-ibuka\/\"]}]},{\"@type\":\"ImageObject\",\"inLanguage\":\"es-AR\",\"@id\":\"https:\/\/web.consaguirre.com.ar\/noticias\/revision-de-cd-ineza-ibuka\/#primaryimage\",\"url\":\"https:\/\/web.consaguirre.com.ar\/noticias\/wp-content\/uploads\/2025\/09\/Revision-de-CD-Ineza-Ibuka.jpg\",\"contentUrl\":\"https:\/\/web.consaguirre.com.ar\/noticias\/wp-content\/uploads\/2025\/09\/Revision-de-CD-Ineza-Ibuka.jpg\",\"width\":360,\"height\":360,\"caption\":\"Revisi\u00f3n de CD: Ineza, Ibuka\"},{\"@type\":\"BreadcrumbList\",\"@id\":\"https:\/\/web.consaguirre.com.ar\/noticias\/revision-de-cd-ineza-ibuka\/#breadcrumb\",\"itemListElement\":[{\"@type\":\"ListItem\",\"position\":1,\"name\":\"Inicio\",\"item\":\"https:\/\/web.consaguirre.com.ar\/noticias\/\"},{\"@type\":\"ListItem\",\"position\":2,\"name\":\"Revisi\u00f3n de CD: Ineza, Ibuka\"}]},{\"@type\":\"WebSite\",\"@id\":\"https:\/\/web.consaguirre.com.ar\/noticias\/#website\",\"url\":\"https:\/\/web.consaguirre.com.ar\/noticias\/\",\"name\":\"Conservatorio de M\u00fasica Juli\u00e1n Aguirre\",\"description\":\"\",\"publisher\":{\"@id\":\"https:\/\/web.consaguirre.com.ar\/noticias\/#organization\"},\"potentialAction\":[{\"@type\":\"SearchAction\",\"target\":{\"@type\":\"EntryPoint\",\"urlTemplate\":\"https:\/\/web.consaguirre.com.ar\/noticias\/?s={search_term_string}\"},\"query-input\":\"required name=search_term_string\"}],\"inLanguage\":\"es-AR\"},{\"@type\":\"Organization\",\"@id\":\"https:\/\/web.consaguirre.com.ar\/noticias\/#organization\",\"name\":\"Conservatorio de M\u00fasica Juli\u00e1n Aguirre\",\"url\":\"https:\/\/web.consaguirre.com.ar\/noticias\/\",\"logo\":{\"@type\":\"ImageObject\",\"inLanguage\":\"es-AR\",\"@id\":\"https:\/\/web.consaguirre.com.ar\/noticias\/#\/schema\/logo\/image\/\",\"url\":\"https:\/\/web.consaguirre.com.ar\/noticias\/wp-content\/uploads\/2024\/08\/Banner-Aguirre-23.jpg\",\"contentUrl\":\"https:\/\/web.consaguirre.com.ar\/noticias\/wp-content\/uploads\/2024\/08\/Banner-Aguirre-23.jpg\",\"width\":1192,\"height\":600,\"caption\":\"Conservatorio de M\u00fasica Juli\u00e1n Aguirre\"},\"image\":{\"@id\":\"https:\/\/web.consaguirre.com.ar\/noticias\/#\/schema\/logo\/image\/\"}},{\"@type\":\"Person\",\"@id\":\"https:\/\/web.consaguirre.com.ar\/noticias\/#\/schema\/person\/6558b0cfedee7ddc5425602b237d5722\",\"name\":\"Javier Figueroa\",\"image\":{\"@type\":\"ImageObject\",\"inLanguage\":\"es-AR\",\"@id\":\"https:\/\/web.consaguirre.com.ar\/noticias\/#\/schema\/person\/image\/\",\"url\":\"https:\/\/web.consaguirre.com.ar\/noticias\/wp-content\/uploads\/2024\/08\/Consaguirre-scaled.jpg\",\"contentUrl\":\"https:\/\/web.consaguirre.com.ar\/noticias\/wp-content\/uploads\/2024\/08\/Consaguirre-scaled.jpg\",\"caption\":\"Javier Figueroa\"},\"description\":\"Me llamo Javier Figueroa y soy redactor para el sitio oficial del Conservatorio de M\u00fasica Juli\u00e1n Aguirre en Buenos Aires, consaguirre.com. Apasionado por la m\u00fasica y la escritura, me esfuerzo por destacar los talentos y eventos de nuestra prestigiosa instituci\u00f3n. Mi trayectoria se nutre de una profunda admiraci\u00f3n por los artistas, haciendo de cada art\u00edculo una celebraci\u00f3n de la creatividad y la cultura musical.\",\"sameAs\":[\"https:\/\/web.consaguirre.com.ar\/noticias\"]}]}<\/script>\n<!-- \/ Yoast SEO plugin. -->","yoast_head_json":{"title":"Revisi\u00f3n de CD: Ineza, Ibuka","robots":{"index":"index","follow":"follow","max-snippet":"max-snippet:-1","max-image-preview":"max-image-preview:large","max-video-preview":"max-video-preview:-1"},"canonical":"https:\/\/web.consaguirre.com.ar\/noticias\/revision-de-cd-ineza-ibuka\/","og_locale":"es_ES","og_type":"article","og_title":"Revisi\u00f3n de CD: Ineza, Ibuka","og_description":"&#8220;Ibuka&#8221; de Ineza Kerschkamp es como abrir una ventana en un g\u00e9nero a veces nublado por la tradici\u00f3n e imitaci\u00f3n. Para los seguidores regulares del","og_url":"https:\/\/web.consaguirre.com.ar\/noticias\/revision-de-cd-ineza-ibuka\/","og_site_name":"Conservatorio de M\u00fasica Juli\u00e1n Aguirre","article_published_time":"2025-09-12T16:40:34+00:00","og_image":[{"width":360,"height":360,"url":"https:\/\/web.consaguirre.com.ar\/noticias\/wp-content\/uploads\/2025\/09\/Revision-de-CD-Ineza-Ibuka.jpg","type":"image\/jpeg"}],"author":"Javier Figueroa","twitter_card":"summary_large_image","twitter_misc":{"Escrito por":"Javier Figueroa","Tiempo de lectura":"9 minutos"},"schema":{"@context":"https:\/\/schema.org","@graph":[{"@type":"Article","@id":"https:\/\/web.consaguirre.com.ar\/noticias\/revision-de-cd-ineza-ibuka\/#article","isPartOf":{"@id":"https:\/\/web.consaguirre.com.ar\/noticias\/revision-de-cd-ineza-ibuka\/"},"author":{"name":"Javier Figueroa","@id":"https:\/\/web.consaguirre.com.ar\/noticias\/#\/schema\/person\/6558b0cfedee7ddc5425602b237d5722"},"headline":"Revisi\u00f3n de CD: Ineza, Ibuka","datePublished":"2025-09-12T16:40:34+00:00","dateModified":"2025-09-12T16:40:34+00:00","mainEntityOfPage":{"@id":"https:\/\/web.consaguirre.com.ar\/noticias\/revision-de-cd-ineza-ibuka\/"},"wordCount":1750,"publisher":{"@id":"https:\/\/web.consaguirre.com.ar\/noticias\/#organization"},"image":{"@id":"https:\/\/web.consaguirre.com.ar\/noticias\/revision-de-cd-ineza-ibuka\/#primaryimage"},"thumbnailUrl":"https:\/\/web.consaguirre.com.ar\/noticias\/wp-content\/uploads\/2025\/09\/Revision-de-CD-Ineza-Ibuka.jpg","keywords":["Ibuka","Ineza","Revisi\u00f3n"],"articleSection":["Cr\u00edtica"],"inLanguage":"es-AR"},{"@type":"WebPage","@id":"https:\/\/web.consaguirre.com.ar\/noticias\/revision-de-cd-ineza-ibuka\/","url":"https:\/\/web.consaguirre.com.ar\/noticias\/revision-de-cd-ineza-ibuka\/","name":"Revisi\u00f3n de CD: Ineza, Ibuka","isPartOf":{"@id":"https:\/\/web.consaguirre.com.ar\/noticias\/#website"},"primaryImageOfPage":{"@id":"https:\/\/web.consaguirre.com.ar\/noticias\/revision-de-cd-ineza-ibuka\/#primaryimage"},"image":{"@id":"https:\/\/web.consaguirre.com.ar\/noticias\/revision-de-cd-ineza-ibuka\/#primaryimage"},"thumbnailUrl":"https:\/\/web.consaguirre.com.ar\/noticias\/wp-content\/uploads\/2025\/09\/Revision-de-CD-Ineza-Ibuka.jpg","datePublished":"2025-09-12T16:40:34+00:00","dateModified":"2025-09-12T16:40:34+00:00","breadcrumb":{"@id":"https:\/\/web.consaguirre.com.ar\/noticias\/revision-de-cd-ineza-ibuka\/#breadcrumb"},"inLanguage":"es-AR","potentialAction":[{"@type":"ReadAction","target":["https:\/\/web.consaguirre.com.ar\/noticias\/revision-de-cd-ineza-ibuka\/"]}]},{"@type":"ImageObject","inLanguage":"es-AR","@id":"https:\/\/web.consaguirre.com.ar\/noticias\/revision-de-cd-ineza-ibuka\/#primaryimage","url":"https:\/\/web.consaguirre.com.ar\/noticias\/wp-content\/uploads\/2025\/09\/Revision-de-CD-Ineza-Ibuka.jpg","contentUrl":"https:\/\/web.consaguirre.com.ar\/noticias\/wp-content\/uploads\/2025\/09\/Revision-de-CD-Ineza-Ibuka.jpg","width":360,"height":360,"caption":"Revisi\u00f3n de CD: Ineza, Ibuka"},{"@type":"BreadcrumbList","@id":"https:\/\/web.consaguirre.com.ar\/noticias\/revision-de-cd-ineza-ibuka\/#breadcrumb","itemListElement":[{"@type":"ListItem","position":1,"name":"Inicio","item":"https:\/\/web.consaguirre.com.ar\/noticias\/"},{"@type":"ListItem","position":2,"name":"Revisi\u00f3n de CD: Ineza, Ibuka"}]},{"@type":"WebSite","@id":"https:\/\/web.consaguirre.com.ar\/noticias\/#website","url":"https:\/\/web.consaguirre.com.ar\/noticias\/","name":"Conservatorio de M\u00fasica Juli\u00e1n Aguirre","description":"","publisher":{"@id":"https:\/\/web.consaguirre.com.ar\/noticias\/#organization"},"potentialAction":[{"@type":"SearchAction","target":{"@type":"EntryPoint","urlTemplate":"https:\/\/web.consaguirre.com.ar\/noticias\/?s={search_term_string}"},"query-input":"required name=search_term_string"}],"inLanguage":"es-AR"},{"@type":"Organization","@id":"https:\/\/web.consaguirre.com.ar\/noticias\/#organization","name":"Conservatorio de M\u00fasica Juli\u00e1n Aguirre","url":"https:\/\/web.consaguirre.com.ar\/noticias\/","logo":{"@type":"ImageObject","inLanguage":"es-AR","@id":"https:\/\/web.consaguirre.com.ar\/noticias\/#\/schema\/logo\/image\/","url":"https:\/\/web.consaguirre.com.ar\/noticias\/wp-content\/uploads\/2024\/08\/Banner-Aguirre-23.jpg","contentUrl":"https:\/\/web.consaguirre.com.ar\/noticias\/wp-content\/uploads\/2024\/08\/Banner-Aguirre-23.jpg","width":1192,"height":600,"caption":"Conservatorio de M\u00fasica Juli\u00e1n Aguirre"},"image":{"@id":"https:\/\/web.consaguirre.com.ar\/noticias\/#\/schema\/logo\/image\/"}},{"@type":"Person","@id":"https:\/\/web.consaguirre.com.ar\/noticias\/#\/schema\/person\/6558b0cfedee7ddc5425602b237d5722","name":"Javier Figueroa","image":{"@type":"ImageObject","inLanguage":"es-AR","@id":"https:\/\/web.consaguirre.com.ar\/noticias\/#\/schema\/person\/image\/","url":"https:\/\/web.consaguirre.com.ar\/noticias\/wp-content\/uploads\/2024\/08\/Consaguirre-scaled.jpg","contentUrl":"https:\/\/web.consaguirre.com.ar\/noticias\/wp-content\/uploads\/2024\/08\/Consaguirre-scaled.jpg","caption":"Javier Figueroa"},"description":"Me llamo Javier Figueroa y soy redactor para el sitio oficial del Conservatorio de M\u00fasica Juli\u00e1n Aguirre en Buenos Aires, consaguirre.com. Apasionado por la m\u00fasica y la escritura, me esfuerzo por destacar los talentos y eventos de nuestra prestigiosa instituci\u00f3n. Mi trayectoria se nutre de una profunda admiraci\u00f3n por los artistas, haciendo de cada art\u00edculo una celebraci\u00f3n de la creatividad y la cultura musical.","sameAs":["https:\/\/web.consaguirre.com.ar\/noticias"]}]}},"_links":{"self":[{"href":"https:\/\/web.consaguirre.com.ar\/noticias\/wp-json\/wp\/v2\/posts\/3683"}],"collection":[{"href":"https:\/\/web.consaguirre.com.ar\/noticias\/wp-json\/wp\/v2\/posts"}],"about":[{"href":"https:\/\/web.consaguirre.com.ar\/noticias\/wp-json\/wp\/v2\/types\/post"}],"author":[{"embeddable":true,"href":"https:\/\/web.consaguirre.com.ar\/noticias\/wp-json\/wp\/v2\/users\/1"}],"replies":[{"embeddable":true,"href":"https:\/\/web.consaguirre.com.ar\/noticias\/wp-json\/wp\/v2\/comments?post=3683"}],"version-history":[{"count":1,"href":"https:\/\/web.consaguirre.com.ar\/noticias\/wp-json\/wp\/v2\/posts\/3683\/revisions"}],"predecessor-version":[{"id":3685,"href":"https:\/\/web.consaguirre.com.ar\/noticias\/wp-json\/wp\/v2\/posts\/3683\/revisions\/3685"}],"wp:featuredmedia":[{"embeddable":true,"href":"https:\/\/web.consaguirre.com.ar\/noticias\/wp-json\/wp\/v2\/media\/3684"}],"wp:attachment":[{"href":"https:\/\/web.consaguirre.com.ar\/noticias\/wp-json\/wp\/v2\/media?parent=3683"}],"wp:term":[{"taxonomy":"category","embeddable":true,"href":"https:\/\/web.consaguirre.com.ar\/noticias\/wp-json\/wp\/v2\/categories?post=3683"},{"taxonomy":"post_tag","embeddable":true,"href":"https:\/\/web.consaguirre.com.ar\/noticias\/wp-json\/wp\/v2\/tags?post=3683"}],"curies":[{"name":"wp","href":"https:\/\/api.w.org\/{rel}","templated":true}]}}