{"id":3680,"date":"2025-09-12T11:40:19","date_gmt":"2025-09-12T14:40:19","guid":{"rendered":"https:\/\/web.consaguirre.com.ar\/noticias\/the-black-crowes-anuncia-la-reedicion-de-amorica\/"},"modified":"2025-09-12T11:40:21","modified_gmt":"2025-09-12T14:40:21","slug":"the-black-crowes-anuncia-la-reedicion-de-amorica","status":"publish","type":"post","link":"https:\/\/web.consaguirre.com.ar\/noticias\/the-black-crowes-anuncia-la-reedicion-de-amorica\/","title":{"rendered":"The Black Crowes anuncia la reedici\u00f3n de &#8216;Amorica&#8217;"},"content":{"rendered":"<p>Los crowes negros est\u00e1n listos para llevarte a\u00fan m\u00e1s profundamente <em>Am\u00f3rica<\/em>. Atlanta Rock Legends ha anunciado una extensa reedici\u00f3n de su \u00e1lbum de 1994 con extensas pistas de bonificaci\u00f3n, incluida una gran cantidad de material in\u00e9dito.<\/p>\n<p><em>Am\u00f3rica<\/em> sali\u00f3 de las sesiones para <em>Alto<\/em>un \u00e1lbum que la banda finalmente desech\u00f3, aunque el material finalmente se recogi\u00f3 en la compilaci\u00f3n <em>Los crowes perdidos<\/em>. Varias canciones de <em>Alto<\/em> se dirigi\u00f3 a la <em>Am\u00f3rica<\/em> Lista de canciones en forma regrabada, incluidos los 10 mejores golpes de rock &#8220;A Conspiracy&#8221;, &#8220;High Head Blues&#8221; y &#8220;Wiser Time&#8221;.<\/p>\n<p>La versi\u00f3n principal del <em>Am\u00f3rica<\/em> Reedic es el conjunto de cajas Super Deluxe, disponible en formatos 5LP y 3CD. Ambos formatos incluyen un nuevo remaster del \u00e1lbum de estudio original y la lista completa de material de bonificaci\u00f3n, encabezado por <em>El m\u00e1s alto<\/em>una colecci\u00f3n de nuevas mezclas del <em>Alto<\/em> Sesiones, incluidas tres canciones in\u00e9ditas. La edici\u00f3n Super Deluxe tambi\u00e9n incluye las mezclas de Marie Levau, con siete grabaciones in\u00e9ditas, y <em>Vivir<\/em> 10 &#8220;, con cuatro grabaciones que nunca se han escuchado fuera de una transmisi\u00f3n de radio local.<\/p>\n<p>El conjunto de caja Super Deluxe de 5 lp se presiona sobre un vinilo negro de 180 g en una funda r\u00edgida. El paquete incluye un slipmat y un sobre debilitado con un p\u00f3ster de 20 \u2033 x30 \u201d, una etiqueta de parachoques y un fanzine especial. Adem\u00e1s de la reedici\u00f3n de s\u00faper lujo, los fan\u00e1ticos de los cuervos pueden obtener versiones de 2 lp del <em>Am\u00f3rica<\/em> remaster en vinilo negro o transparente, as\u00ed como una edici\u00f3n 1CD de la reedici\u00f3n.<\/p>\n<p>En un momento en que la explosi\u00f3n del grunge hab\u00eda transformado el paisaje musical, <em>Am\u00f3rica<\/em> era la afirmaci\u00f3n de los Crowes de que segu\u00edan siendo una de las bandas de rock m\u00e1s formidables del mundo, independientemente de las tendencias cambiantes. En conjunto con el nuevo set de caja, los hermanos Chris y Rich Robinson, la fuerza impulsora creativa de los Crowes, llevaron a cabo una nueva conversaci\u00f3n de una hora reflexionada sobre las pruebas y tribulaciones que llevaron a <em>Am\u00f3rica<\/em>as\u00ed como la famosa &#8220;fiesta de hongos&#8221; al final de las sesiones de grabaci\u00f3n que inspiraron las im\u00e1genes del \u00e1lbum.<\/p>\n<p><b>Ordenar los crowes negros <em>Am\u00f3rica<\/em> en vinilo o CD ahora.<\/b><\/p>\n","protected":false},"excerpt":{"rendered":"<p>Los crowes negros est\u00e1n listos para llevarte a\u00fan m\u00e1s profundamente Am\u00f3rica. Atlanta Rock Legends ha anunciado una extensa reedici\u00f3n de su \u00e1lbum de 1994 con<\/p>\n","protected":false},"author":1,"featured_media":3681,"comment_status":"closed","ping_status":"","sticky":false,"template":"","format":"standard","meta":{"footnotes":""},"categories":[50],"tags":[3155,56,414,3154,117],"class_list":["post-3680","post","type-post","status-publish","format-standard","has-post-thumbnail","hentry","category-el-ultimo","tag-amorica","tag-anuncia","tag-black","tag-crowes","tag-reedicion","generate-columns","tablet-grid-50","mobile-grid-100","grid-parent","grid-50"],"yoast_head":"<!-- This site is optimized with the Yoast SEO plugin v23.3 - https:\/\/yoast.com\/wordpress\/plugins\/seo\/ -->\n<title>The Black Crowes anuncia la reedici\u00f3n de &#039;Amorica&#039;<\/title>\n<meta name=\"robots\" content=\"index, follow, max-snippet:-1, max-image-preview:large, max-video-preview:-1\" \/>\n<link rel=\"canonical\" href=\"https:\/\/web.consaguirre.com.ar\/noticias\/the-black-crowes-anuncia-la-reedicion-de-amorica\/\" \/>\n<meta property=\"og:locale\" content=\"es_ES\" \/>\n<meta property=\"og:type\" content=\"article\" \/>\n<meta property=\"og:title\" content=\"The Black Crowes anuncia la reedici\u00f3n de &#039;Amorica&#039;\" \/>\n<meta property=\"og:description\" content=\"Los crowes negros est\u00e1n listos para llevarte a\u00fan m\u00e1s profundamente Am\u00f3rica. Atlanta Rock Legends ha anunciado una extensa reedici\u00f3n de su \u00e1lbum de 1994 con\" \/>\n<meta property=\"og:url\" content=\"https:\/\/web.consaguirre.com.ar\/noticias\/the-black-crowes-anuncia-la-reedicion-de-amorica\/\" \/>\n<meta property=\"og:site_name\" content=\"Conservatorio de M\u00fasica Juli\u00e1n Aguirre\" \/>\n<meta property=\"article:published_time\" content=\"2025-09-12T14:40:19+00:00\" \/>\n<meta property=\"article:modified_time\" content=\"2025-09-12T14:40:21+00:00\" \/>\n<meta property=\"og:image\" content=\"https:\/\/web.consaguirre.com.ar\/noticias\/wp-content\/uploads\/2025\/09\/The-Black-Crowes-anuncia-la-reedicion-de-Amorica.jpg\" \/>\n\t<meta property=\"og:image:width\" content=\"1280\" \/>\n\t<meta property=\"og:image:height\" content=\"1280\" \/>\n\t<meta property=\"og:image:type\" content=\"image\/jpeg\" \/>\n<meta name=\"author\" content=\"Javier Figueroa\" \/>\n<meta name=\"twitter:card\" content=\"summary_large_image\" \/>\n<meta name=\"twitter:label1\" content=\"Escrito por\" \/>\n\t<meta name=\"twitter:data1\" content=\"Javier Figueroa\" \/>\n\t<meta name=\"twitter:label2\" content=\"Tiempo de lectura\" \/>\n\t<meta name=\"twitter:data2\" content=\"2 minutos\" \/>\n<script type=\"application\/ld+json\" class=\"yoast-schema-graph\">{\"@context\":\"https:\/\/schema.org\",\"@graph\":[{\"@type\":\"Article\",\"@id\":\"https:\/\/web.consaguirre.com.ar\/noticias\/the-black-crowes-anuncia-la-reedicion-de-amorica\/#article\",\"isPartOf\":{\"@id\":\"https:\/\/web.consaguirre.com.ar\/noticias\/the-black-crowes-anuncia-la-reedicion-de-amorica\/\"},\"author\":{\"name\":\"Javier Figueroa\",\"@id\":\"https:\/\/web.consaguirre.com.ar\/noticias\/#\/schema\/person\/6558b0cfedee7ddc5425602b237d5722\"},\"headline\":\"The Black Crowes anuncia la reedici\u00f3n de &#8216;Amorica&#8217;\",\"datePublished\":\"2025-09-12T14:40:19+00:00\",\"dateModified\":\"2025-09-12T14:40:21+00:00\",\"mainEntityOfPage\":{\"@id\":\"https:\/\/web.consaguirre.com.ar\/noticias\/the-black-crowes-anuncia-la-reedicion-de-amorica\/\"},\"wordCount\":408,\"publisher\":{\"@id\":\"https:\/\/web.consaguirre.com.ar\/noticias\/#organization\"},\"image\":{\"@id\":\"https:\/\/web.consaguirre.com.ar\/noticias\/the-black-crowes-anuncia-la-reedicion-de-amorica\/#primaryimage\"},\"thumbnailUrl\":\"https:\/\/web.consaguirre.com.ar\/noticias\/wp-content\/uploads\/2025\/09\/The-Black-Crowes-anuncia-la-reedicion-de-Amorica.jpg\",\"keywords\":[\"Amorica\",\"anuncia\",\"Black\",\"Crowes\",\"reedici\u00f3n\"],\"articleSection\":[\"El \u00faltimo\"],\"inLanguage\":\"es-AR\"},{\"@type\":\"WebPage\",\"@id\":\"https:\/\/web.consaguirre.com.ar\/noticias\/the-black-crowes-anuncia-la-reedicion-de-amorica\/\",\"url\":\"https:\/\/web.consaguirre.com.ar\/noticias\/the-black-crowes-anuncia-la-reedicion-de-amorica\/\",\"name\":\"The Black Crowes anuncia la reedici\u00f3n de 'Amorica'\",\"isPartOf\":{\"@id\":\"https:\/\/web.consaguirre.com.ar\/noticias\/#website\"},\"primaryImageOfPage\":{\"@id\":\"https:\/\/web.consaguirre.com.ar\/noticias\/the-black-crowes-anuncia-la-reedicion-de-amorica\/#primaryimage\"},\"image\":{\"@id\":\"https:\/\/web.consaguirre.com.ar\/noticias\/the-black-crowes-anuncia-la-reedicion-de-amorica\/#primaryimage\"},\"thumbnailUrl\":\"https:\/\/web.consaguirre.com.ar\/noticias\/wp-content\/uploads\/2025\/09\/The-Black-Crowes-anuncia-la-reedicion-de-Amorica.jpg\",\"datePublished\":\"2025-09-12T14:40:19+00:00\",\"dateModified\":\"2025-09-12T14:40:21+00:00\",\"breadcrumb\":{\"@id\":\"https:\/\/web.consaguirre.com.ar\/noticias\/the-black-crowes-anuncia-la-reedicion-de-amorica\/#breadcrumb\"},\"inLanguage\":\"es-AR\",\"potentialAction\":[{\"@type\":\"ReadAction\",\"target\":[\"https:\/\/web.consaguirre.com.ar\/noticias\/the-black-crowes-anuncia-la-reedicion-de-amorica\/\"]}]},{\"@type\":\"ImageObject\",\"inLanguage\":\"es-AR\",\"@id\":\"https:\/\/web.consaguirre.com.ar\/noticias\/the-black-crowes-anuncia-la-reedicion-de-amorica\/#primaryimage\",\"url\":\"https:\/\/web.consaguirre.com.ar\/noticias\/wp-content\/uploads\/2025\/09\/The-Black-Crowes-anuncia-la-reedicion-de-Amorica.jpg\",\"contentUrl\":\"https:\/\/web.consaguirre.com.ar\/noticias\/wp-content\/uploads\/2025\/09\/The-Black-Crowes-anuncia-la-reedicion-de-Amorica.jpg\",\"width\":1280,\"height\":1280,\"caption\":\"The Black Crowes anuncia la reedici\u00f3n de 'Amorica'\"},{\"@type\":\"BreadcrumbList\",\"@id\":\"https:\/\/web.consaguirre.com.ar\/noticias\/the-black-crowes-anuncia-la-reedicion-de-amorica\/#breadcrumb\",\"itemListElement\":[{\"@type\":\"ListItem\",\"position\":1,\"name\":\"Inicio\",\"item\":\"https:\/\/web.consaguirre.com.ar\/noticias\/\"},{\"@type\":\"ListItem\",\"position\":2,\"name\":\"The Black Crowes anuncia la reedici\u00f3n de &#8216;Amorica&#8217;\"}]},{\"@type\":\"WebSite\",\"@id\":\"https:\/\/web.consaguirre.com.ar\/noticias\/#website\",\"url\":\"https:\/\/web.consaguirre.com.ar\/noticias\/\",\"name\":\"Conservatorio de M\u00fasica Juli\u00e1n Aguirre\",\"description\":\"\",\"publisher\":{\"@id\":\"https:\/\/web.consaguirre.com.ar\/noticias\/#organization\"},\"potentialAction\":[{\"@type\":\"SearchAction\",\"target\":{\"@type\":\"EntryPoint\",\"urlTemplate\":\"https:\/\/web.consaguirre.com.ar\/noticias\/?s={search_term_string}\"},\"query-input\":\"required name=search_term_string\"}],\"inLanguage\":\"es-AR\"},{\"@type\":\"Organization\",\"@id\":\"https:\/\/web.consaguirre.com.ar\/noticias\/#organization\",\"name\":\"Conservatorio de M\u00fasica Juli\u00e1n Aguirre\",\"url\":\"https:\/\/web.consaguirre.com.ar\/noticias\/\",\"logo\":{\"@type\":\"ImageObject\",\"inLanguage\":\"es-AR\",\"@id\":\"https:\/\/web.consaguirre.com.ar\/noticias\/#\/schema\/logo\/image\/\",\"url\":\"https:\/\/web.consaguirre.com.ar\/noticias\/wp-content\/uploads\/2024\/08\/Banner-Aguirre-23.jpg\",\"contentUrl\":\"https:\/\/web.consaguirre.com.ar\/noticias\/wp-content\/uploads\/2024\/08\/Banner-Aguirre-23.jpg\",\"width\":1192,\"height\":600,\"caption\":\"Conservatorio de M\u00fasica Juli\u00e1n Aguirre\"},\"image\":{\"@id\":\"https:\/\/web.consaguirre.com.ar\/noticias\/#\/schema\/logo\/image\/\"}},{\"@type\":\"Person\",\"@id\":\"https:\/\/web.consaguirre.com.ar\/noticias\/#\/schema\/person\/6558b0cfedee7ddc5425602b237d5722\",\"name\":\"Javier Figueroa\",\"image\":{\"@type\":\"ImageObject\",\"inLanguage\":\"es-AR\",\"@id\":\"https:\/\/web.consaguirre.com.ar\/noticias\/#\/schema\/person\/image\/\",\"url\":\"https:\/\/web.consaguirre.com.ar\/noticias\/wp-content\/uploads\/2024\/08\/Consaguirre-scaled.jpg\",\"contentUrl\":\"https:\/\/web.consaguirre.com.ar\/noticias\/wp-content\/uploads\/2024\/08\/Consaguirre-scaled.jpg\",\"caption\":\"Javier Figueroa\"},\"description\":\"Me llamo Javier Figueroa y soy redactor para el sitio oficial del Conservatorio de M\u00fasica Juli\u00e1n Aguirre en Buenos Aires, consaguirre.com. Apasionado por la m\u00fasica y la escritura, me esfuerzo por destacar los talentos y eventos de nuestra prestigiosa instituci\u00f3n. Mi trayectoria se nutre de una profunda admiraci\u00f3n por los artistas, haciendo de cada art\u00edculo una celebraci\u00f3n de la creatividad y la cultura musical.\",\"sameAs\":[\"https:\/\/web.consaguirre.com.ar\/noticias\"]}]}<\/script>\n<!-- \/ Yoast SEO plugin. -->","yoast_head_json":{"title":"The Black Crowes anuncia la reedici\u00f3n de 'Amorica'","robots":{"index":"index","follow":"follow","max-snippet":"max-snippet:-1","max-image-preview":"max-image-preview:large","max-video-preview":"max-video-preview:-1"},"canonical":"https:\/\/web.consaguirre.com.ar\/noticias\/the-black-crowes-anuncia-la-reedicion-de-amorica\/","og_locale":"es_ES","og_type":"article","og_title":"The Black Crowes anuncia la reedici\u00f3n de 'Amorica'","og_description":"Los crowes negros est\u00e1n listos para llevarte a\u00fan m\u00e1s profundamente Am\u00f3rica. Atlanta Rock Legends ha anunciado una extensa reedici\u00f3n de su \u00e1lbum de 1994 con","og_url":"https:\/\/web.consaguirre.com.ar\/noticias\/the-black-crowes-anuncia-la-reedicion-de-amorica\/","og_site_name":"Conservatorio de M\u00fasica Juli\u00e1n Aguirre","article_published_time":"2025-09-12T14:40:19+00:00","article_modified_time":"2025-09-12T14:40:21+00:00","og_image":[{"width":1280,"height":1280,"url":"https:\/\/web.consaguirre.com.ar\/noticias\/wp-content\/uploads\/2025\/09\/The-Black-Crowes-anuncia-la-reedicion-de-Amorica.jpg","type":"image\/jpeg"}],"author":"Javier Figueroa","twitter_card":"summary_large_image","twitter_misc":{"Escrito por":"Javier Figueroa","Tiempo de lectura":"2 minutos"},"schema":{"@context":"https:\/\/schema.org","@graph":[{"@type":"Article","@id":"https:\/\/web.consaguirre.com.ar\/noticias\/the-black-crowes-anuncia-la-reedicion-de-amorica\/#article","isPartOf":{"@id":"https:\/\/web.consaguirre.com.ar\/noticias\/the-black-crowes-anuncia-la-reedicion-de-amorica\/"},"author":{"name":"Javier Figueroa","@id":"https:\/\/web.consaguirre.com.ar\/noticias\/#\/schema\/person\/6558b0cfedee7ddc5425602b237d5722"},"headline":"The Black Crowes anuncia la reedici\u00f3n de &#8216;Amorica&#8217;","datePublished":"2025-09-12T14:40:19+00:00","dateModified":"2025-09-12T14:40:21+00:00","mainEntityOfPage":{"@id":"https:\/\/web.consaguirre.com.ar\/noticias\/the-black-crowes-anuncia-la-reedicion-de-amorica\/"},"wordCount":408,"publisher":{"@id":"https:\/\/web.consaguirre.com.ar\/noticias\/#organization"},"image":{"@id":"https:\/\/web.consaguirre.com.ar\/noticias\/the-black-crowes-anuncia-la-reedicion-de-amorica\/#primaryimage"},"thumbnailUrl":"https:\/\/web.consaguirre.com.ar\/noticias\/wp-content\/uploads\/2025\/09\/The-Black-Crowes-anuncia-la-reedicion-de-Amorica.jpg","keywords":["Amorica","anuncia","Black","Crowes","reedici\u00f3n"],"articleSection":["El \u00faltimo"],"inLanguage":"es-AR"},{"@type":"WebPage","@id":"https:\/\/web.consaguirre.com.ar\/noticias\/the-black-crowes-anuncia-la-reedicion-de-amorica\/","url":"https:\/\/web.consaguirre.com.ar\/noticias\/the-black-crowes-anuncia-la-reedicion-de-amorica\/","name":"The Black Crowes anuncia la reedici\u00f3n de 'Amorica'","isPartOf":{"@id":"https:\/\/web.consaguirre.com.ar\/noticias\/#website"},"primaryImageOfPage":{"@id":"https:\/\/web.consaguirre.com.ar\/noticias\/the-black-crowes-anuncia-la-reedicion-de-amorica\/#primaryimage"},"image":{"@id":"https:\/\/web.consaguirre.com.ar\/noticias\/the-black-crowes-anuncia-la-reedicion-de-amorica\/#primaryimage"},"thumbnailUrl":"https:\/\/web.consaguirre.com.ar\/noticias\/wp-content\/uploads\/2025\/09\/The-Black-Crowes-anuncia-la-reedicion-de-Amorica.jpg","datePublished":"2025-09-12T14:40:19+00:00","dateModified":"2025-09-12T14:40:21+00:00","breadcrumb":{"@id":"https:\/\/web.consaguirre.com.ar\/noticias\/the-black-crowes-anuncia-la-reedicion-de-amorica\/#breadcrumb"},"inLanguage":"es-AR","potentialAction":[{"@type":"ReadAction","target":["https:\/\/web.consaguirre.com.ar\/noticias\/the-black-crowes-anuncia-la-reedicion-de-amorica\/"]}]},{"@type":"ImageObject","inLanguage":"es-AR","@id":"https:\/\/web.consaguirre.com.ar\/noticias\/the-black-crowes-anuncia-la-reedicion-de-amorica\/#primaryimage","url":"https:\/\/web.consaguirre.com.ar\/noticias\/wp-content\/uploads\/2025\/09\/The-Black-Crowes-anuncia-la-reedicion-de-Amorica.jpg","contentUrl":"https:\/\/web.consaguirre.com.ar\/noticias\/wp-content\/uploads\/2025\/09\/The-Black-Crowes-anuncia-la-reedicion-de-Amorica.jpg","width":1280,"height":1280,"caption":"The Black Crowes anuncia la reedici\u00f3n de 'Amorica'"},{"@type":"BreadcrumbList","@id":"https:\/\/web.consaguirre.com.ar\/noticias\/the-black-crowes-anuncia-la-reedicion-de-amorica\/#breadcrumb","itemListElement":[{"@type":"ListItem","position":1,"name":"Inicio","item":"https:\/\/web.consaguirre.com.ar\/noticias\/"},{"@type":"ListItem","position":2,"name":"The Black Crowes anuncia la reedici\u00f3n de &#8216;Amorica&#8217;"}]},{"@type":"WebSite","@id":"https:\/\/web.consaguirre.com.ar\/noticias\/#website","url":"https:\/\/web.consaguirre.com.ar\/noticias\/","name":"Conservatorio de M\u00fasica Juli\u00e1n Aguirre","description":"","publisher":{"@id":"https:\/\/web.consaguirre.com.ar\/noticias\/#organization"},"potentialAction":[{"@type":"SearchAction","target":{"@type":"EntryPoint","urlTemplate":"https:\/\/web.consaguirre.com.ar\/noticias\/?s={search_term_string}"},"query-input":"required name=search_term_string"}],"inLanguage":"es-AR"},{"@type":"Organization","@id":"https:\/\/web.consaguirre.com.ar\/noticias\/#organization","name":"Conservatorio de M\u00fasica Juli\u00e1n Aguirre","url":"https:\/\/web.consaguirre.com.ar\/noticias\/","logo":{"@type":"ImageObject","inLanguage":"es-AR","@id":"https:\/\/web.consaguirre.com.ar\/noticias\/#\/schema\/logo\/image\/","url":"https:\/\/web.consaguirre.com.ar\/noticias\/wp-content\/uploads\/2024\/08\/Banner-Aguirre-23.jpg","contentUrl":"https:\/\/web.consaguirre.com.ar\/noticias\/wp-content\/uploads\/2024\/08\/Banner-Aguirre-23.jpg","width":1192,"height":600,"caption":"Conservatorio de M\u00fasica Juli\u00e1n Aguirre"},"image":{"@id":"https:\/\/web.consaguirre.com.ar\/noticias\/#\/schema\/logo\/image\/"}},{"@type":"Person","@id":"https:\/\/web.consaguirre.com.ar\/noticias\/#\/schema\/person\/6558b0cfedee7ddc5425602b237d5722","name":"Javier Figueroa","image":{"@type":"ImageObject","inLanguage":"es-AR","@id":"https:\/\/web.consaguirre.com.ar\/noticias\/#\/schema\/person\/image\/","url":"https:\/\/web.consaguirre.com.ar\/noticias\/wp-content\/uploads\/2024\/08\/Consaguirre-scaled.jpg","contentUrl":"https:\/\/web.consaguirre.com.ar\/noticias\/wp-content\/uploads\/2024\/08\/Consaguirre-scaled.jpg","caption":"Javier Figueroa"},"description":"Me llamo Javier Figueroa y soy redactor para el sitio oficial del Conservatorio de M\u00fasica Juli\u00e1n Aguirre en Buenos Aires, consaguirre.com. Apasionado por la m\u00fasica y la escritura, me esfuerzo por destacar los talentos y eventos de nuestra prestigiosa instituci\u00f3n. Mi trayectoria se nutre de una profunda admiraci\u00f3n por los artistas, haciendo de cada art\u00edculo una celebraci\u00f3n de la creatividad y la cultura musical.","sameAs":["https:\/\/web.consaguirre.com.ar\/noticias"]}]}},"_links":{"self":[{"href":"https:\/\/web.consaguirre.com.ar\/noticias\/wp-json\/wp\/v2\/posts\/3680"}],"collection":[{"href":"https:\/\/web.consaguirre.com.ar\/noticias\/wp-json\/wp\/v2\/posts"}],"about":[{"href":"https:\/\/web.consaguirre.com.ar\/noticias\/wp-json\/wp\/v2\/types\/post"}],"author":[{"embeddable":true,"href":"https:\/\/web.consaguirre.com.ar\/noticias\/wp-json\/wp\/v2\/users\/1"}],"replies":[{"embeddable":true,"href":"https:\/\/web.consaguirre.com.ar\/noticias\/wp-json\/wp\/v2\/comments?post=3680"}],"version-history":[{"count":1,"href":"https:\/\/web.consaguirre.com.ar\/noticias\/wp-json\/wp\/v2\/posts\/3680\/revisions"}],"predecessor-version":[{"id":3682,"href":"https:\/\/web.consaguirre.com.ar\/noticias\/wp-json\/wp\/v2\/posts\/3680\/revisions\/3682"}],"wp:featuredmedia":[{"embeddable":true,"href":"https:\/\/web.consaguirre.com.ar\/noticias\/wp-json\/wp\/v2\/media\/3681"}],"wp:attachment":[{"href":"https:\/\/web.consaguirre.com.ar\/noticias\/wp-json\/wp\/v2\/media?parent=3680"}],"wp:term":[{"taxonomy":"category","embeddable":true,"href":"https:\/\/web.consaguirre.com.ar\/noticias\/wp-json\/wp\/v2\/categories?post=3680"},{"taxonomy":"post_tag","embeddable":true,"href":"https:\/\/web.consaguirre.com.ar\/noticias\/wp-json\/wp\/v2\/tags?post=3680"}],"curies":[{"name":"wp","href":"https:\/\/api.w.org\/{rel}","templated":true}]}}