{"id":3647,"date":"2025-09-08T20:38:09","date_gmt":"2025-09-08T23:38:09","guid":{"rendered":"https:\/\/web.consaguirre.com.ar\/noticias\/lady-gaga-gana-grande-mariah-carey-honra-en-mtv-vmas\/"},"modified":"2025-09-08T20:38:10","modified_gmt":"2025-09-08T23:38:10","slug":"lady-gaga-gana-grande-mariah-carey-honra-en-mtv-vmas","status":"publish","type":"post","link":"https:\/\/web.consaguirre.com.ar\/noticias\/lady-gaga-gana-grande-mariah-carey-honra-en-mtv-vmas\/","title":{"rendered":"Lady Gaga gana grande, Mariah Carey honra en MTV VMA&#8217;s"},"content":{"rendered":"<p>Lady Gaga fue la gran ganadora de la noche en los 2025 MTV Video Music Awards, que tuvo lugar el domingo por la noche, 7 de septiembre, en el UBS Arena de Long Island. Gaga obtuvo las asombrosas 12 nominaciones y se llev\u00f3 cuatro trofeos de personas lunares. Ariana Grande y Sabrina Carpenter tambi\u00e9n fueron grandes ganadores. Mariah Carey recibi\u00f3 el Premio Video Vanguard. Organizado por LL Cool J, la ceremonia de premiaci\u00f3n se emiti\u00f3 en vivo en CBS por primera vez.<\/p>\n<p>Gaga obtuvo una gran cantidad de sus nominaciones gracias a su colaboraci\u00f3n de Bruno Mars, &#8220;Die With a Smile&#8221;, que se llev\u00f3 a casa la mejor colaboraci\u00f3n. Gaga tambi\u00e9n gan\u00f3 Artista del A\u00f1o, mientras que el video de Gaga&#8217;s <em>Violencia<\/em> El single &#8220;Abracadabra&#8221; gan\u00f3 la mejor direcci\u00f3n. Las actuaciones previamente grabadas de Gaga de &#8220;Abracadra&#8221; y &#8220;The Dead Dance&#8221; aparecieron en el espect\u00e1culo.<\/p>\n<div class=\"uD-YT-container\"><img decoding=\"async\" src=\"https:\/\/web.consaguirre.com.ar\/noticias\/wp-content\/uploads\/2025\/09\/1757374689_585_Lady-Gaga-gana-grande-Mariah-Carey-honra-en-MTV-VMAs.jpg\" alt=\"Video de YouTube\"><br \/>Haga clic para cargar video<\/div>\n<p>Carey realiz\u00f3 una mezcla de carrera que inclu\u00eda &#8220;Sugar Sweet&#8221;, &#8220;Fantasy&#8221;, &#8220;Heartbreaker&#8221;, &#8220;Obsessed&#8221;, &#8220;Es as\u00ed&#8221; y &#8220;pertenecemos juntos&#8221;. Marc\u00f3 su primera actuaci\u00f3n en los Premios desde 2005. Adem\u00e1s de su premio Video Vanguard, Carey tambi\u00e9n gan\u00f3 su primer VMA por Best R&#038;B por &#8220;Tipo Dangerous&#8221;.<\/p>\n<p>Ariana Grande se llev\u00f3 a casa tres trofeos para su cortometraje &#8220;Brighter Days Aheet&#8221;, incluyendo Video of the Year, Best Pop y Best Long Form Video.<\/p>\n<p>Sabrina Carpenter tambi\u00e9n recibi\u00f3 tres trofeos despu\u00e9s de ganar ocho nominaciones. Se llev\u00f3 a casa los premios al Mejor Artista Pop, el Mejor \u00e1lbum para Short N &#8216;Sweet y los mejores efectos visuales para &#8220;Manchild&#8221; de su \u00e1lbum recientemente lanzado Man&#8217;s Best Friend. Carpenter gan\u00f3 su primer VMA el a\u00f1o pasado para &#8220;Espresso&#8221;, que realiz\u00f3 el a\u00f1o pasado. Este a\u00f1o, ella entreg\u00f3 &#8220;l\u00e1grimas&#8221; junto con bailarines y drag queens mostrando mensajes de solidaridad trans.<\/p>\n<p>Kendrick Lamar recibi\u00f3 10 nominaciones en gran parte por su \u00e9xito ganador del Grammy &#8220;No como nosotros&#8221;. El video de la canci\u00f3n gan\u00f3 la mejor cinematograf\u00eda. Billie Eilish recibi\u00f3 seis nominaciones y gan\u00f3 el video por buen premio por &#8220;Guess&#8221;, su colaboraci\u00f3n con Charli XCX.<\/p>\n<p>Busta Rhymes gan\u00f3 el premio MTV VMA Rock The Bells Visionario, mientras que Ricky Martin recibi\u00f3 el Premio Latin Icon.<\/p>\n<p>Compre la mejor m\u00fasica pop en vinilo ahora.<\/p>\n","protected":false},"excerpt":{"rendered":"<p>Lady Gaga fue la gran ganadora de la noche en los 2025 MTV Video Music Awards, que tuvo lugar el domingo por la noche, 7<\/p>\n","protected":false},"author":1,"featured_media":3648,"comment_status":"closed","ping_status":"","sticky":false,"template":"","format":"standard","meta":{"footnotes":""},"categories":[50],"tags":[2312,1051,1967,159,2376,573,2311,308,309],"class_list":["post-3647","post","type-post","status-publish","format-standard","has-post-thumbnail","hentry","category-el-ultimo","tag-carey","tag-gaga","tag-gana","tag-grande","tag-honra","tag-lady","tag-mariah","tag-mtv","tag-vmas","generate-columns","tablet-grid-50","mobile-grid-100","grid-parent","grid-50"],"yoast_head":"<!-- This site is optimized with the Yoast SEO plugin v23.3 - https:\/\/yoast.com\/wordpress\/plugins\/seo\/ -->\n<title>Lady Gaga gana grande, Mariah Carey honra en MTV VMA&#039;s<\/title>\n<meta name=\"robots\" content=\"index, follow, max-snippet:-1, max-image-preview:large, max-video-preview:-1\" \/>\n<link rel=\"canonical\" href=\"https:\/\/web.consaguirre.com.ar\/noticias\/lady-gaga-gana-grande-mariah-carey-honra-en-mtv-vmas\/\" \/>\n<meta property=\"og:locale\" content=\"es_ES\" \/>\n<meta property=\"og:type\" content=\"article\" \/>\n<meta property=\"og:title\" content=\"Lady Gaga gana grande, Mariah Carey honra en MTV VMA&#039;s\" \/>\n<meta property=\"og:description\" content=\"Lady Gaga fue la gran ganadora de la noche en los 2025 MTV Video Music Awards, que tuvo lugar el domingo por la noche, 7\" \/>\n<meta property=\"og:url\" content=\"https:\/\/web.consaguirre.com.ar\/noticias\/lady-gaga-gana-grande-mariah-carey-honra-en-mtv-vmas\/\" \/>\n<meta property=\"og:site_name\" content=\"Conservatorio de M\u00fasica Juli\u00e1n Aguirre\" \/>\n<meta property=\"article:published_time\" content=\"2025-09-08T23:38:09+00:00\" \/>\n<meta property=\"article:modified_time\" content=\"2025-09-08T23:38:10+00:00\" \/>\n<meta property=\"og:image\" content=\"https:\/\/web.consaguirre.com.ar\/noticias\/wp-content\/uploads\/2025\/09\/Lady-Gaga-gana-grande-Mariah-Carey-honra-en-MTV-VMAs.jpg\" \/>\n\t<meta property=\"og:image:width\" content=\"1440\" \/>\n\t<meta property=\"og:image:height\" content=\"864\" \/>\n\t<meta property=\"og:image:type\" content=\"image\/jpeg\" \/>\n<meta name=\"author\" content=\"Javier Figueroa\" \/>\n<meta name=\"twitter:card\" content=\"summary_large_image\" \/>\n<meta name=\"twitter:label1\" content=\"Escrito por\" \/>\n\t<meta name=\"twitter:data1\" content=\"Javier Figueroa\" \/>\n\t<meta name=\"twitter:label2\" content=\"Tiempo de lectura\" \/>\n\t<meta name=\"twitter:data2\" content=\"2 minutos\" \/>\n<script type=\"application\/ld+json\" class=\"yoast-schema-graph\">{\"@context\":\"https:\/\/schema.org\",\"@graph\":[{\"@type\":\"Article\",\"@id\":\"https:\/\/web.consaguirre.com.ar\/noticias\/lady-gaga-gana-grande-mariah-carey-honra-en-mtv-vmas\/#article\",\"isPartOf\":{\"@id\":\"https:\/\/web.consaguirre.com.ar\/noticias\/lady-gaga-gana-grande-mariah-carey-honra-en-mtv-vmas\/\"},\"author\":{\"name\":\"Javier Figueroa\",\"@id\":\"https:\/\/web.consaguirre.com.ar\/noticias\/#\/schema\/person\/6558b0cfedee7ddc5425602b237d5722\"},\"headline\":\"Lady Gaga gana grande, Mariah Carey honra en MTV VMA&#8217;s\",\"datePublished\":\"2025-09-08T23:38:09+00:00\",\"dateModified\":\"2025-09-08T23:38:10+00:00\",\"mainEntityOfPage\":{\"@id\":\"https:\/\/web.consaguirre.com.ar\/noticias\/lady-gaga-gana-grande-mariah-carey-honra-en-mtv-vmas\/\"},\"wordCount\":399,\"publisher\":{\"@id\":\"https:\/\/web.consaguirre.com.ar\/noticias\/#organization\"},\"image\":{\"@id\":\"https:\/\/web.consaguirre.com.ar\/noticias\/lady-gaga-gana-grande-mariah-carey-honra-en-mtv-vmas\/#primaryimage\"},\"thumbnailUrl\":\"https:\/\/web.consaguirre.com.ar\/noticias\/wp-content\/uploads\/2025\/09\/Lady-Gaga-gana-grande-Mariah-Carey-honra-en-MTV-VMAs.jpg\",\"keywords\":[\"Carey\",\"Gaga\",\"gana\",\"Grande\",\"honra\",\"Lady\",\"Mariah\",\"MTV\",\"VMAs\"],\"articleSection\":[\"El \u00faltimo\"],\"inLanguage\":\"es-AR\"},{\"@type\":\"WebPage\",\"@id\":\"https:\/\/web.consaguirre.com.ar\/noticias\/lady-gaga-gana-grande-mariah-carey-honra-en-mtv-vmas\/\",\"url\":\"https:\/\/web.consaguirre.com.ar\/noticias\/lady-gaga-gana-grande-mariah-carey-honra-en-mtv-vmas\/\",\"name\":\"Lady Gaga gana grande, Mariah Carey honra en MTV VMA's\",\"isPartOf\":{\"@id\":\"https:\/\/web.consaguirre.com.ar\/noticias\/#website\"},\"primaryImageOfPage\":{\"@id\":\"https:\/\/web.consaguirre.com.ar\/noticias\/lady-gaga-gana-grande-mariah-carey-honra-en-mtv-vmas\/#primaryimage\"},\"image\":{\"@id\":\"https:\/\/web.consaguirre.com.ar\/noticias\/lady-gaga-gana-grande-mariah-carey-honra-en-mtv-vmas\/#primaryimage\"},\"thumbnailUrl\":\"https:\/\/web.consaguirre.com.ar\/noticias\/wp-content\/uploads\/2025\/09\/Lady-Gaga-gana-grande-Mariah-Carey-honra-en-MTV-VMAs.jpg\",\"datePublished\":\"2025-09-08T23:38:09+00:00\",\"dateModified\":\"2025-09-08T23:38:10+00:00\",\"breadcrumb\":{\"@id\":\"https:\/\/web.consaguirre.com.ar\/noticias\/lady-gaga-gana-grande-mariah-carey-honra-en-mtv-vmas\/#breadcrumb\"},\"inLanguage\":\"es-AR\",\"potentialAction\":[{\"@type\":\"ReadAction\",\"target\":[\"https:\/\/web.consaguirre.com.ar\/noticias\/lady-gaga-gana-grande-mariah-carey-honra-en-mtv-vmas\/\"]}]},{\"@type\":\"ImageObject\",\"inLanguage\":\"es-AR\",\"@id\":\"https:\/\/web.consaguirre.com.ar\/noticias\/lady-gaga-gana-grande-mariah-carey-honra-en-mtv-vmas\/#primaryimage\",\"url\":\"https:\/\/web.consaguirre.com.ar\/noticias\/wp-content\/uploads\/2025\/09\/Lady-Gaga-gana-grande-Mariah-Carey-honra-en-MTV-VMAs.jpg\",\"contentUrl\":\"https:\/\/web.consaguirre.com.ar\/noticias\/wp-content\/uploads\/2025\/09\/Lady-Gaga-gana-grande-Mariah-Carey-honra-en-MTV-VMAs.jpg\",\"width\":1440,\"height\":864,\"caption\":\"Lady Gaga gana grande, Mariah Carey honra en MTV VMA's\"},{\"@type\":\"BreadcrumbList\",\"@id\":\"https:\/\/web.consaguirre.com.ar\/noticias\/lady-gaga-gana-grande-mariah-carey-honra-en-mtv-vmas\/#breadcrumb\",\"itemListElement\":[{\"@type\":\"ListItem\",\"position\":1,\"name\":\"Inicio\",\"item\":\"https:\/\/web.consaguirre.com.ar\/noticias\/\"},{\"@type\":\"ListItem\",\"position\":2,\"name\":\"Lady Gaga gana grande, Mariah Carey honra en MTV VMA&#8217;s\"}]},{\"@type\":\"WebSite\",\"@id\":\"https:\/\/web.consaguirre.com.ar\/noticias\/#website\",\"url\":\"https:\/\/web.consaguirre.com.ar\/noticias\/\",\"name\":\"Conservatorio de M\u00fasica Juli\u00e1n Aguirre\",\"description\":\"\",\"publisher\":{\"@id\":\"https:\/\/web.consaguirre.com.ar\/noticias\/#organization\"},\"potentialAction\":[{\"@type\":\"SearchAction\",\"target\":{\"@type\":\"EntryPoint\",\"urlTemplate\":\"https:\/\/web.consaguirre.com.ar\/noticias\/?s={search_term_string}\"},\"query-input\":\"required name=search_term_string\"}],\"inLanguage\":\"es-AR\"},{\"@type\":\"Organization\",\"@id\":\"https:\/\/web.consaguirre.com.ar\/noticias\/#organization\",\"name\":\"Conservatorio de M\u00fasica Juli\u00e1n Aguirre\",\"url\":\"https:\/\/web.consaguirre.com.ar\/noticias\/\",\"logo\":{\"@type\":\"ImageObject\",\"inLanguage\":\"es-AR\",\"@id\":\"https:\/\/web.consaguirre.com.ar\/noticias\/#\/schema\/logo\/image\/\",\"url\":\"https:\/\/web.consaguirre.com.ar\/noticias\/wp-content\/uploads\/2024\/08\/Banner-Aguirre-23.jpg\",\"contentUrl\":\"https:\/\/web.consaguirre.com.ar\/noticias\/wp-content\/uploads\/2024\/08\/Banner-Aguirre-23.jpg\",\"width\":1192,\"height\":600,\"caption\":\"Conservatorio de M\u00fasica Juli\u00e1n Aguirre\"},\"image\":{\"@id\":\"https:\/\/web.consaguirre.com.ar\/noticias\/#\/schema\/logo\/image\/\"}},{\"@type\":\"Person\",\"@id\":\"https:\/\/web.consaguirre.com.ar\/noticias\/#\/schema\/person\/6558b0cfedee7ddc5425602b237d5722\",\"name\":\"Javier Figueroa\",\"image\":{\"@type\":\"ImageObject\",\"inLanguage\":\"es-AR\",\"@id\":\"https:\/\/web.consaguirre.com.ar\/noticias\/#\/schema\/person\/image\/\",\"url\":\"https:\/\/web.consaguirre.com.ar\/noticias\/wp-content\/uploads\/2024\/08\/Consaguirre-scaled.jpg\",\"contentUrl\":\"https:\/\/web.consaguirre.com.ar\/noticias\/wp-content\/uploads\/2024\/08\/Consaguirre-scaled.jpg\",\"caption\":\"Javier Figueroa\"},\"description\":\"Me llamo Javier Figueroa y soy redactor para el sitio oficial del Conservatorio de M\u00fasica Juli\u00e1n Aguirre en Buenos Aires, consaguirre.com. Apasionado por la m\u00fasica y la escritura, me esfuerzo por destacar los talentos y eventos de nuestra prestigiosa instituci\u00f3n. Mi trayectoria se nutre de una profunda admiraci\u00f3n por los artistas, haciendo de cada art\u00edculo una celebraci\u00f3n de la creatividad y la cultura musical.\",\"sameAs\":[\"https:\/\/web.consaguirre.com.ar\/noticias\"]}]}<\/script>\n<!-- \/ Yoast SEO plugin. -->","yoast_head_json":{"title":"Lady Gaga gana grande, Mariah Carey honra en MTV VMA's","robots":{"index":"index","follow":"follow","max-snippet":"max-snippet:-1","max-image-preview":"max-image-preview:large","max-video-preview":"max-video-preview:-1"},"canonical":"https:\/\/web.consaguirre.com.ar\/noticias\/lady-gaga-gana-grande-mariah-carey-honra-en-mtv-vmas\/","og_locale":"es_ES","og_type":"article","og_title":"Lady Gaga gana grande, Mariah Carey honra en MTV VMA's","og_description":"Lady Gaga fue la gran ganadora de la noche en los 2025 MTV Video Music Awards, que tuvo lugar el domingo por la noche, 7","og_url":"https:\/\/web.consaguirre.com.ar\/noticias\/lady-gaga-gana-grande-mariah-carey-honra-en-mtv-vmas\/","og_site_name":"Conservatorio de M\u00fasica Juli\u00e1n Aguirre","article_published_time":"2025-09-08T23:38:09+00:00","article_modified_time":"2025-09-08T23:38:10+00:00","og_image":[{"width":1440,"height":864,"url":"https:\/\/web.consaguirre.com.ar\/noticias\/wp-content\/uploads\/2025\/09\/Lady-Gaga-gana-grande-Mariah-Carey-honra-en-MTV-VMAs.jpg","type":"image\/jpeg"}],"author":"Javier Figueroa","twitter_card":"summary_large_image","twitter_misc":{"Escrito por":"Javier Figueroa","Tiempo de lectura":"2 minutos"},"schema":{"@context":"https:\/\/schema.org","@graph":[{"@type":"Article","@id":"https:\/\/web.consaguirre.com.ar\/noticias\/lady-gaga-gana-grande-mariah-carey-honra-en-mtv-vmas\/#article","isPartOf":{"@id":"https:\/\/web.consaguirre.com.ar\/noticias\/lady-gaga-gana-grande-mariah-carey-honra-en-mtv-vmas\/"},"author":{"name":"Javier Figueroa","@id":"https:\/\/web.consaguirre.com.ar\/noticias\/#\/schema\/person\/6558b0cfedee7ddc5425602b237d5722"},"headline":"Lady Gaga gana grande, Mariah Carey honra en MTV VMA&#8217;s","datePublished":"2025-09-08T23:38:09+00:00","dateModified":"2025-09-08T23:38:10+00:00","mainEntityOfPage":{"@id":"https:\/\/web.consaguirre.com.ar\/noticias\/lady-gaga-gana-grande-mariah-carey-honra-en-mtv-vmas\/"},"wordCount":399,"publisher":{"@id":"https:\/\/web.consaguirre.com.ar\/noticias\/#organization"},"image":{"@id":"https:\/\/web.consaguirre.com.ar\/noticias\/lady-gaga-gana-grande-mariah-carey-honra-en-mtv-vmas\/#primaryimage"},"thumbnailUrl":"https:\/\/web.consaguirre.com.ar\/noticias\/wp-content\/uploads\/2025\/09\/Lady-Gaga-gana-grande-Mariah-Carey-honra-en-MTV-VMAs.jpg","keywords":["Carey","Gaga","gana","Grande","honra","Lady","Mariah","MTV","VMAs"],"articleSection":["El \u00faltimo"],"inLanguage":"es-AR"},{"@type":"WebPage","@id":"https:\/\/web.consaguirre.com.ar\/noticias\/lady-gaga-gana-grande-mariah-carey-honra-en-mtv-vmas\/","url":"https:\/\/web.consaguirre.com.ar\/noticias\/lady-gaga-gana-grande-mariah-carey-honra-en-mtv-vmas\/","name":"Lady Gaga gana grande, Mariah Carey honra en MTV VMA's","isPartOf":{"@id":"https:\/\/web.consaguirre.com.ar\/noticias\/#website"},"primaryImageOfPage":{"@id":"https:\/\/web.consaguirre.com.ar\/noticias\/lady-gaga-gana-grande-mariah-carey-honra-en-mtv-vmas\/#primaryimage"},"image":{"@id":"https:\/\/web.consaguirre.com.ar\/noticias\/lady-gaga-gana-grande-mariah-carey-honra-en-mtv-vmas\/#primaryimage"},"thumbnailUrl":"https:\/\/web.consaguirre.com.ar\/noticias\/wp-content\/uploads\/2025\/09\/Lady-Gaga-gana-grande-Mariah-Carey-honra-en-MTV-VMAs.jpg","datePublished":"2025-09-08T23:38:09+00:00","dateModified":"2025-09-08T23:38:10+00:00","breadcrumb":{"@id":"https:\/\/web.consaguirre.com.ar\/noticias\/lady-gaga-gana-grande-mariah-carey-honra-en-mtv-vmas\/#breadcrumb"},"inLanguage":"es-AR","potentialAction":[{"@type":"ReadAction","target":["https:\/\/web.consaguirre.com.ar\/noticias\/lady-gaga-gana-grande-mariah-carey-honra-en-mtv-vmas\/"]}]},{"@type":"ImageObject","inLanguage":"es-AR","@id":"https:\/\/web.consaguirre.com.ar\/noticias\/lady-gaga-gana-grande-mariah-carey-honra-en-mtv-vmas\/#primaryimage","url":"https:\/\/web.consaguirre.com.ar\/noticias\/wp-content\/uploads\/2025\/09\/Lady-Gaga-gana-grande-Mariah-Carey-honra-en-MTV-VMAs.jpg","contentUrl":"https:\/\/web.consaguirre.com.ar\/noticias\/wp-content\/uploads\/2025\/09\/Lady-Gaga-gana-grande-Mariah-Carey-honra-en-MTV-VMAs.jpg","width":1440,"height":864,"caption":"Lady Gaga gana grande, Mariah Carey honra en MTV VMA's"},{"@type":"BreadcrumbList","@id":"https:\/\/web.consaguirre.com.ar\/noticias\/lady-gaga-gana-grande-mariah-carey-honra-en-mtv-vmas\/#breadcrumb","itemListElement":[{"@type":"ListItem","position":1,"name":"Inicio","item":"https:\/\/web.consaguirre.com.ar\/noticias\/"},{"@type":"ListItem","position":2,"name":"Lady Gaga gana grande, Mariah Carey honra en MTV VMA&#8217;s"}]},{"@type":"WebSite","@id":"https:\/\/web.consaguirre.com.ar\/noticias\/#website","url":"https:\/\/web.consaguirre.com.ar\/noticias\/","name":"Conservatorio de M\u00fasica Juli\u00e1n Aguirre","description":"","publisher":{"@id":"https:\/\/web.consaguirre.com.ar\/noticias\/#organization"},"potentialAction":[{"@type":"SearchAction","target":{"@type":"EntryPoint","urlTemplate":"https:\/\/web.consaguirre.com.ar\/noticias\/?s={search_term_string}"},"query-input":"required name=search_term_string"}],"inLanguage":"es-AR"},{"@type":"Organization","@id":"https:\/\/web.consaguirre.com.ar\/noticias\/#organization","name":"Conservatorio de M\u00fasica Juli\u00e1n Aguirre","url":"https:\/\/web.consaguirre.com.ar\/noticias\/","logo":{"@type":"ImageObject","inLanguage":"es-AR","@id":"https:\/\/web.consaguirre.com.ar\/noticias\/#\/schema\/logo\/image\/","url":"https:\/\/web.consaguirre.com.ar\/noticias\/wp-content\/uploads\/2024\/08\/Banner-Aguirre-23.jpg","contentUrl":"https:\/\/web.consaguirre.com.ar\/noticias\/wp-content\/uploads\/2024\/08\/Banner-Aguirre-23.jpg","width":1192,"height":600,"caption":"Conservatorio de M\u00fasica Juli\u00e1n Aguirre"},"image":{"@id":"https:\/\/web.consaguirre.com.ar\/noticias\/#\/schema\/logo\/image\/"}},{"@type":"Person","@id":"https:\/\/web.consaguirre.com.ar\/noticias\/#\/schema\/person\/6558b0cfedee7ddc5425602b237d5722","name":"Javier Figueroa","image":{"@type":"ImageObject","inLanguage":"es-AR","@id":"https:\/\/web.consaguirre.com.ar\/noticias\/#\/schema\/person\/image\/","url":"https:\/\/web.consaguirre.com.ar\/noticias\/wp-content\/uploads\/2024\/08\/Consaguirre-scaled.jpg","contentUrl":"https:\/\/web.consaguirre.com.ar\/noticias\/wp-content\/uploads\/2024\/08\/Consaguirre-scaled.jpg","caption":"Javier Figueroa"},"description":"Me llamo Javier Figueroa y soy redactor para el sitio oficial del Conservatorio de M\u00fasica Juli\u00e1n Aguirre en Buenos Aires, consaguirre.com. Apasionado por la m\u00fasica y la escritura, me esfuerzo por destacar los talentos y eventos de nuestra prestigiosa instituci\u00f3n. Mi trayectoria se nutre de una profunda admiraci\u00f3n por los artistas, haciendo de cada art\u00edculo una celebraci\u00f3n de la creatividad y la cultura musical.","sameAs":["https:\/\/web.consaguirre.com.ar\/noticias"]}]}},"_links":{"self":[{"href":"https:\/\/web.consaguirre.com.ar\/noticias\/wp-json\/wp\/v2\/posts\/3647"}],"collection":[{"href":"https:\/\/web.consaguirre.com.ar\/noticias\/wp-json\/wp\/v2\/posts"}],"about":[{"href":"https:\/\/web.consaguirre.com.ar\/noticias\/wp-json\/wp\/v2\/types\/post"}],"author":[{"embeddable":true,"href":"https:\/\/web.consaguirre.com.ar\/noticias\/wp-json\/wp\/v2\/users\/1"}],"replies":[{"embeddable":true,"href":"https:\/\/web.consaguirre.com.ar\/noticias\/wp-json\/wp\/v2\/comments?post=3647"}],"version-history":[{"count":1,"href":"https:\/\/web.consaguirre.com.ar\/noticias\/wp-json\/wp\/v2\/posts\/3647\/revisions"}],"predecessor-version":[{"id":3649,"href":"https:\/\/web.consaguirre.com.ar\/noticias\/wp-json\/wp\/v2\/posts\/3647\/revisions\/3649"}],"wp:featuredmedia":[{"embeddable":true,"href":"https:\/\/web.consaguirre.com.ar\/noticias\/wp-json\/wp\/v2\/media\/3648"}],"wp:attachment":[{"href":"https:\/\/web.consaguirre.com.ar\/noticias\/wp-json\/wp\/v2\/media?parent=3647"}],"wp:term":[{"taxonomy":"category","embeddable":true,"href":"https:\/\/web.consaguirre.com.ar\/noticias\/wp-json\/wp\/v2\/categories?post=3647"},{"taxonomy":"post_tag","embeddable":true,"href":"https:\/\/web.consaguirre.com.ar\/noticias\/wp-json\/wp\/v2\/tags?post=3647"}],"curies":[{"name":"wp","href":"https:\/\/api.w.org\/{rel}","templated":true}]}}