{"id":3638,"date":"2025-09-06T05:39:15","date_gmt":"2025-09-06T08:39:15","guid":{"rendered":"https:\/\/web.consaguirre.com.ar\/noticias\/persiar-para-lanzar-el-rey-de-los-tenores-de-ben-webster-en-vinilo-remasterizado\/"},"modified":"2025-09-06T05:39:16","modified_gmt":"2025-09-06T08:39:16","slug":"persiar-para-lanzar-el-rey-de-los-tenores-de-ben-webster-en-vinilo-remasterizado","status":"publish","type":"post","link":"https:\/\/web.consaguirre.com.ar\/noticias\/persiar-para-lanzar-el-rey-de-los-tenores-de-ben-webster-en-vinilo-remasterizado\/","title":{"rendered":"Persiar para lanzar el &#8220;rey de los tenores&#8221; de Ben Webster en vinilo remasterizado"},"content":{"rendered":"<p>Verve contin\u00faa su serie ac\u00fastica con la pr\u00f3xima reedici\u00f3n de vinilo del r\u00e9cord de saxofonista Ben Webster de 1957 <em>Rey de los tenores<\/em>. Como todos los \u00e1lbumes de la serie, <em>Rey de los tenores<\/em> se remasteriz\u00f3 de las cintas anal\u00f3gicas originales y se presion\u00f3 en vinilo de 180 gramos en el paquete de puerta de lujo.<\/p>\n<p>Originalmente lanzado como <em>El arte consumado de Ben Webster<\/em> Para el sello de Norgran en 1954, el t\u00edtulo del disco se cambi\u00f3 a <em>Rey de los tenores<\/em> Cuando se volvi\u00f3 a emitir en el sello recientemente acu\u00f1ado Verve Records en 1957. El \u00e1lbum presenta la composici\u00f3n original de Webster &#8220;Bounce Blues&#8221; junto con los est\u00e1ndares de jazz, incluidos &#8220;Don&#8217;t Get Thround Mother&#8221; de Duke Ellington &#8220;y&#8221; Cotton Tail &#8220;. A lo largo de la d\u00e9cada de 1930, Webster jug\u00f3 en las orquestas de los principales nombres como Benny Carter, Cab Calloway y el propio Ellington, aunque los dos a menudo se encontraron en desacuerdo y Webster dej\u00f3 su orquesta despu\u00e9s de tres a\u00f1os.<\/p>\n<p>Verve fue el lanzador de la lanzamiento del \u00e9xito en solitario de Webster, que continu\u00f3 durante las d\u00e9cadas de 1950 y 1960. Durante su tiempo all\u00ed, produjo los \u00e1lbumes <em>Soulville<\/em>, <em>Coleman Hawkins se encuentra con Ben Webster<\/em>, <em>Gerry Mulligan conoce a Ben Webster<\/em>, <em>El alma de Ben Webster<\/em>y m\u00e1s. A principios de este a\u00f1o, los sonidos ac\u00fasticos reeditados de 1959 <em>Ben Webster y asociados<\/em>que fue el \u00faltimo proyecto del fundador Norman Granz con Verve.<\/p>\n<p>Lanzado por primera vez en 2020, la serie Acoustic Sounds produce prensas de grado audi\u00f3filo de \u00e1lbumes de jazz ic\u00f3nicos a lo largo de la historia. La serie incluye LP de leyendas como Ella Fitzgerald, Louis Armstrong, Peggy Lee, Sonny Rollins, Mel Torme, Stan Getz, Oscar Peterson, John Lee Hooker, Lightnin &#8216;Hopkins y m\u00e1s.<\/p>\n<p>Cuando se lanz\u00f3 la serie, Bruce Resnikoff, presidente y CEO de UME, comparti\u00f3: &#8220;Verve y Ume tienen uno de los cat\u00e1logos de jazz m\u00e1s ricos jam\u00e1s grabados y nuestro objetivo es dar a los amantes del vinilo y el jazz los mejores versiones posibles de \u00e1lbumes cl\u00e1sicos.<\/p>\n<p><b>Compre la serie Verve ac\u00fastica de sonidos ahora.<\/b><\/p>\n","protected":false},"excerpt":{"rendered":"<p>Verve contin\u00faa su serie ac\u00fastica con la pr\u00f3xima reedici\u00f3n de vinilo del r\u00e9cord de saxofonista Ben Webster de 1957 Rey de los tenores. Como todos<\/p>\n","protected":false},"author":1,"featured_media":3639,"comment_status":"closed","ping_status":"","sticky":false,"template":"","format":"standard","meta":{"footnotes":""},"categories":[50],"tags":[1693,1604,180,154,3124,478,1817,3125,87,2172],"class_list":["post-3638","post","type-post","status-publish","format-standard","has-post-thumbnail","hentry","category-el-ultimo","tag-ben","tag-lanzar","tag-los","tag-para","tag-persiar","tag-remasterizado","tag-rey","tag-tenores","tag-vinilo","tag-webster","generate-columns","tablet-grid-50","mobile-grid-100","grid-parent","grid-50"],"yoast_head":"<!-- This site is optimized with the Yoast SEO plugin v23.3 - https:\/\/yoast.com\/wordpress\/plugins\/seo\/ -->\n<title>Persiar para lanzar el &quot;rey de los tenores&quot; de Ben Webster en vinilo remasterizado<\/title>\n<meta name=\"robots\" content=\"index, follow, max-snippet:-1, max-image-preview:large, max-video-preview:-1\" \/>\n<link rel=\"canonical\" href=\"https:\/\/web.consaguirre.com.ar\/noticias\/persiar-para-lanzar-el-rey-de-los-tenores-de-ben-webster-en-vinilo-remasterizado\/\" \/>\n<meta property=\"og:locale\" content=\"es_ES\" \/>\n<meta property=\"og:type\" content=\"article\" \/>\n<meta property=\"og:title\" content=\"Persiar para lanzar el &quot;rey de los tenores&quot; de Ben Webster en vinilo remasterizado\" \/>\n<meta property=\"og:description\" content=\"Verve contin\u00faa su serie ac\u00fastica con la pr\u00f3xima reedici\u00f3n de vinilo del r\u00e9cord de saxofonista Ben Webster de 1957 Rey de los tenores. Como todos\" \/>\n<meta property=\"og:url\" content=\"https:\/\/web.consaguirre.com.ar\/noticias\/persiar-para-lanzar-el-rey-de-los-tenores-de-ben-webster-en-vinilo-remasterizado\/\" \/>\n<meta property=\"og:site_name\" content=\"Conservatorio de M\u00fasica Juli\u00e1n Aguirre\" \/>\n<meta property=\"article:published_time\" content=\"2025-09-06T08:39:15+00:00\" \/>\n<meta property=\"article:modified_time\" content=\"2025-09-06T08:39:16+00:00\" \/>\n<meta property=\"og:image\" content=\"https:\/\/web.consaguirre.com.ar\/noticias\/wp-content\/uploads\/2025\/09\/Persiar-para-lanzar-el-rey-de-los-tenores-de-Ben.jpg\" \/>\n\t<meta property=\"og:image:width\" content=\"1440\" \/>\n\t<meta property=\"og:image:height\" content=\"864\" \/>\n\t<meta property=\"og:image:type\" content=\"image\/jpeg\" \/>\n<meta name=\"author\" content=\"Javier Figueroa\" \/>\n<meta name=\"twitter:card\" content=\"summary_large_image\" \/>\n<meta name=\"twitter:label1\" content=\"Escrito por\" \/>\n\t<meta name=\"twitter:data1\" content=\"Javier Figueroa\" \/>\n\t<meta name=\"twitter:label2\" content=\"Tiempo de lectura\" \/>\n\t<meta name=\"twitter:data2\" content=\"2 minutos\" \/>\n<script type=\"application\/ld+json\" class=\"yoast-schema-graph\">{\"@context\":\"https:\/\/schema.org\",\"@graph\":[{\"@type\":\"Article\",\"@id\":\"https:\/\/web.consaguirre.com.ar\/noticias\/persiar-para-lanzar-el-rey-de-los-tenores-de-ben-webster-en-vinilo-remasterizado\/#article\",\"isPartOf\":{\"@id\":\"https:\/\/web.consaguirre.com.ar\/noticias\/persiar-para-lanzar-el-rey-de-los-tenores-de-ben-webster-en-vinilo-remasterizado\/\"},\"author\":{\"name\":\"Javier Figueroa\",\"@id\":\"https:\/\/web.consaguirre.com.ar\/noticias\/#\/schema\/person\/6558b0cfedee7ddc5425602b237d5722\"},\"headline\":\"Persiar para lanzar el &#8220;rey de los tenores&#8221; de Ben Webster en vinilo remasterizado\",\"datePublished\":\"2025-09-06T08:39:15+00:00\",\"dateModified\":\"2025-09-06T08:39:16+00:00\",\"mainEntityOfPage\":{\"@id\":\"https:\/\/web.consaguirre.com.ar\/noticias\/persiar-para-lanzar-el-rey-de-los-tenores-de-ben-webster-en-vinilo-remasterizado\/\"},\"wordCount\":382,\"publisher\":{\"@id\":\"https:\/\/web.consaguirre.com.ar\/noticias\/#organization\"},\"image\":{\"@id\":\"https:\/\/web.consaguirre.com.ar\/noticias\/persiar-para-lanzar-el-rey-de-los-tenores-de-ben-webster-en-vinilo-remasterizado\/#primaryimage\"},\"thumbnailUrl\":\"https:\/\/web.consaguirre.com.ar\/noticias\/wp-content\/uploads\/2025\/09\/Persiar-para-lanzar-el-rey-de-los-tenores-de-Ben.jpg\",\"keywords\":[\"Ben\",\"lanzar\",\"los\",\"para\",\"Persiar\",\"remasterizado\",\"Rey\",\"tenores\",\"vinilo\",\"Webster\"],\"articleSection\":[\"El \u00faltimo\"],\"inLanguage\":\"es-AR\"},{\"@type\":\"WebPage\",\"@id\":\"https:\/\/web.consaguirre.com.ar\/noticias\/persiar-para-lanzar-el-rey-de-los-tenores-de-ben-webster-en-vinilo-remasterizado\/\",\"url\":\"https:\/\/web.consaguirre.com.ar\/noticias\/persiar-para-lanzar-el-rey-de-los-tenores-de-ben-webster-en-vinilo-remasterizado\/\",\"name\":\"Persiar para lanzar el \\\"rey de los tenores\\\" de Ben Webster en vinilo remasterizado\",\"isPartOf\":{\"@id\":\"https:\/\/web.consaguirre.com.ar\/noticias\/#website\"},\"primaryImageOfPage\":{\"@id\":\"https:\/\/web.consaguirre.com.ar\/noticias\/persiar-para-lanzar-el-rey-de-los-tenores-de-ben-webster-en-vinilo-remasterizado\/#primaryimage\"},\"image\":{\"@id\":\"https:\/\/web.consaguirre.com.ar\/noticias\/persiar-para-lanzar-el-rey-de-los-tenores-de-ben-webster-en-vinilo-remasterizado\/#primaryimage\"},\"thumbnailUrl\":\"https:\/\/web.consaguirre.com.ar\/noticias\/wp-content\/uploads\/2025\/09\/Persiar-para-lanzar-el-rey-de-los-tenores-de-Ben.jpg\",\"datePublished\":\"2025-09-06T08:39:15+00:00\",\"dateModified\":\"2025-09-06T08:39:16+00:00\",\"breadcrumb\":{\"@id\":\"https:\/\/web.consaguirre.com.ar\/noticias\/persiar-para-lanzar-el-rey-de-los-tenores-de-ben-webster-en-vinilo-remasterizado\/#breadcrumb\"},\"inLanguage\":\"es-AR\",\"potentialAction\":[{\"@type\":\"ReadAction\",\"target\":[\"https:\/\/web.consaguirre.com.ar\/noticias\/persiar-para-lanzar-el-rey-de-los-tenores-de-ben-webster-en-vinilo-remasterizado\/\"]}]},{\"@type\":\"ImageObject\",\"inLanguage\":\"es-AR\",\"@id\":\"https:\/\/web.consaguirre.com.ar\/noticias\/persiar-para-lanzar-el-rey-de-los-tenores-de-ben-webster-en-vinilo-remasterizado\/#primaryimage\",\"url\":\"https:\/\/web.consaguirre.com.ar\/noticias\/wp-content\/uploads\/2025\/09\/Persiar-para-lanzar-el-rey-de-los-tenores-de-Ben.jpg\",\"contentUrl\":\"https:\/\/web.consaguirre.com.ar\/noticias\/wp-content\/uploads\/2025\/09\/Persiar-para-lanzar-el-rey-de-los-tenores-de-Ben.jpg\",\"width\":1440,\"height\":864,\"caption\":\"Persiar para lanzar el \\\"rey de los tenores\\\" de Ben Webster en vinilo remasterizado\"},{\"@type\":\"BreadcrumbList\",\"@id\":\"https:\/\/web.consaguirre.com.ar\/noticias\/persiar-para-lanzar-el-rey-de-los-tenores-de-ben-webster-en-vinilo-remasterizado\/#breadcrumb\",\"itemListElement\":[{\"@type\":\"ListItem\",\"position\":1,\"name\":\"Inicio\",\"item\":\"https:\/\/web.consaguirre.com.ar\/noticias\/\"},{\"@type\":\"ListItem\",\"position\":2,\"name\":\"Persiar para lanzar el &#8220;rey de los tenores&#8221; de Ben Webster en vinilo remasterizado\"}]},{\"@type\":\"WebSite\",\"@id\":\"https:\/\/web.consaguirre.com.ar\/noticias\/#website\",\"url\":\"https:\/\/web.consaguirre.com.ar\/noticias\/\",\"name\":\"Conservatorio de M\u00fasica Juli\u00e1n Aguirre\",\"description\":\"\",\"publisher\":{\"@id\":\"https:\/\/web.consaguirre.com.ar\/noticias\/#organization\"},\"potentialAction\":[{\"@type\":\"SearchAction\",\"target\":{\"@type\":\"EntryPoint\",\"urlTemplate\":\"https:\/\/web.consaguirre.com.ar\/noticias\/?s={search_term_string}\"},\"query-input\":\"required name=search_term_string\"}],\"inLanguage\":\"es-AR\"},{\"@type\":\"Organization\",\"@id\":\"https:\/\/web.consaguirre.com.ar\/noticias\/#organization\",\"name\":\"Conservatorio de M\u00fasica Juli\u00e1n Aguirre\",\"url\":\"https:\/\/web.consaguirre.com.ar\/noticias\/\",\"logo\":{\"@type\":\"ImageObject\",\"inLanguage\":\"es-AR\",\"@id\":\"https:\/\/web.consaguirre.com.ar\/noticias\/#\/schema\/logo\/image\/\",\"url\":\"https:\/\/web.consaguirre.com.ar\/noticias\/wp-content\/uploads\/2024\/08\/Banner-Aguirre-23.jpg\",\"contentUrl\":\"https:\/\/web.consaguirre.com.ar\/noticias\/wp-content\/uploads\/2024\/08\/Banner-Aguirre-23.jpg\",\"width\":1192,\"height\":600,\"caption\":\"Conservatorio de M\u00fasica Juli\u00e1n Aguirre\"},\"image\":{\"@id\":\"https:\/\/web.consaguirre.com.ar\/noticias\/#\/schema\/logo\/image\/\"}},{\"@type\":\"Person\",\"@id\":\"https:\/\/web.consaguirre.com.ar\/noticias\/#\/schema\/person\/6558b0cfedee7ddc5425602b237d5722\",\"name\":\"Javier Figueroa\",\"image\":{\"@type\":\"ImageObject\",\"inLanguage\":\"es-AR\",\"@id\":\"https:\/\/web.consaguirre.com.ar\/noticias\/#\/schema\/person\/image\/\",\"url\":\"https:\/\/web.consaguirre.com.ar\/noticias\/wp-content\/uploads\/2024\/08\/Consaguirre-scaled.jpg\",\"contentUrl\":\"https:\/\/web.consaguirre.com.ar\/noticias\/wp-content\/uploads\/2024\/08\/Consaguirre-scaled.jpg\",\"caption\":\"Javier Figueroa\"},\"description\":\"Me llamo Javier Figueroa y soy redactor para el sitio oficial del Conservatorio de M\u00fasica Juli\u00e1n Aguirre en Buenos Aires, consaguirre.com. Apasionado por la m\u00fasica y la escritura, me esfuerzo por destacar los talentos y eventos de nuestra prestigiosa instituci\u00f3n. Mi trayectoria se nutre de una profunda admiraci\u00f3n por los artistas, haciendo de cada art\u00edculo una celebraci\u00f3n de la creatividad y la cultura musical.\",\"sameAs\":[\"https:\/\/web.consaguirre.com.ar\/noticias\"]}]}<\/script>\n<!-- \/ Yoast SEO plugin. -->","yoast_head_json":{"title":"Persiar para lanzar el \"rey de los tenores\" de Ben Webster en vinilo remasterizado","robots":{"index":"index","follow":"follow","max-snippet":"max-snippet:-1","max-image-preview":"max-image-preview:large","max-video-preview":"max-video-preview:-1"},"canonical":"https:\/\/web.consaguirre.com.ar\/noticias\/persiar-para-lanzar-el-rey-de-los-tenores-de-ben-webster-en-vinilo-remasterizado\/","og_locale":"es_ES","og_type":"article","og_title":"Persiar para lanzar el \"rey de los tenores\" de Ben Webster en vinilo remasterizado","og_description":"Verve contin\u00faa su serie ac\u00fastica con la pr\u00f3xima reedici\u00f3n de vinilo del r\u00e9cord de saxofonista Ben Webster de 1957 Rey de los tenores. Como todos","og_url":"https:\/\/web.consaguirre.com.ar\/noticias\/persiar-para-lanzar-el-rey-de-los-tenores-de-ben-webster-en-vinilo-remasterizado\/","og_site_name":"Conservatorio de M\u00fasica Juli\u00e1n Aguirre","article_published_time":"2025-09-06T08:39:15+00:00","article_modified_time":"2025-09-06T08:39:16+00:00","og_image":[{"width":1440,"height":864,"url":"https:\/\/web.consaguirre.com.ar\/noticias\/wp-content\/uploads\/2025\/09\/Persiar-para-lanzar-el-rey-de-los-tenores-de-Ben.jpg","type":"image\/jpeg"}],"author":"Javier Figueroa","twitter_card":"summary_large_image","twitter_misc":{"Escrito por":"Javier Figueroa","Tiempo de lectura":"2 minutos"},"schema":{"@context":"https:\/\/schema.org","@graph":[{"@type":"Article","@id":"https:\/\/web.consaguirre.com.ar\/noticias\/persiar-para-lanzar-el-rey-de-los-tenores-de-ben-webster-en-vinilo-remasterizado\/#article","isPartOf":{"@id":"https:\/\/web.consaguirre.com.ar\/noticias\/persiar-para-lanzar-el-rey-de-los-tenores-de-ben-webster-en-vinilo-remasterizado\/"},"author":{"name":"Javier Figueroa","@id":"https:\/\/web.consaguirre.com.ar\/noticias\/#\/schema\/person\/6558b0cfedee7ddc5425602b237d5722"},"headline":"Persiar para lanzar el &#8220;rey de los tenores&#8221; de Ben Webster en vinilo remasterizado","datePublished":"2025-09-06T08:39:15+00:00","dateModified":"2025-09-06T08:39:16+00:00","mainEntityOfPage":{"@id":"https:\/\/web.consaguirre.com.ar\/noticias\/persiar-para-lanzar-el-rey-de-los-tenores-de-ben-webster-en-vinilo-remasterizado\/"},"wordCount":382,"publisher":{"@id":"https:\/\/web.consaguirre.com.ar\/noticias\/#organization"},"image":{"@id":"https:\/\/web.consaguirre.com.ar\/noticias\/persiar-para-lanzar-el-rey-de-los-tenores-de-ben-webster-en-vinilo-remasterizado\/#primaryimage"},"thumbnailUrl":"https:\/\/web.consaguirre.com.ar\/noticias\/wp-content\/uploads\/2025\/09\/Persiar-para-lanzar-el-rey-de-los-tenores-de-Ben.jpg","keywords":["Ben","lanzar","los","para","Persiar","remasterizado","Rey","tenores","vinilo","Webster"],"articleSection":["El \u00faltimo"],"inLanguage":"es-AR"},{"@type":"WebPage","@id":"https:\/\/web.consaguirre.com.ar\/noticias\/persiar-para-lanzar-el-rey-de-los-tenores-de-ben-webster-en-vinilo-remasterizado\/","url":"https:\/\/web.consaguirre.com.ar\/noticias\/persiar-para-lanzar-el-rey-de-los-tenores-de-ben-webster-en-vinilo-remasterizado\/","name":"Persiar para lanzar el \"rey de los tenores\" de Ben Webster en vinilo remasterizado","isPartOf":{"@id":"https:\/\/web.consaguirre.com.ar\/noticias\/#website"},"primaryImageOfPage":{"@id":"https:\/\/web.consaguirre.com.ar\/noticias\/persiar-para-lanzar-el-rey-de-los-tenores-de-ben-webster-en-vinilo-remasterizado\/#primaryimage"},"image":{"@id":"https:\/\/web.consaguirre.com.ar\/noticias\/persiar-para-lanzar-el-rey-de-los-tenores-de-ben-webster-en-vinilo-remasterizado\/#primaryimage"},"thumbnailUrl":"https:\/\/web.consaguirre.com.ar\/noticias\/wp-content\/uploads\/2025\/09\/Persiar-para-lanzar-el-rey-de-los-tenores-de-Ben.jpg","datePublished":"2025-09-06T08:39:15+00:00","dateModified":"2025-09-06T08:39:16+00:00","breadcrumb":{"@id":"https:\/\/web.consaguirre.com.ar\/noticias\/persiar-para-lanzar-el-rey-de-los-tenores-de-ben-webster-en-vinilo-remasterizado\/#breadcrumb"},"inLanguage":"es-AR","potentialAction":[{"@type":"ReadAction","target":["https:\/\/web.consaguirre.com.ar\/noticias\/persiar-para-lanzar-el-rey-de-los-tenores-de-ben-webster-en-vinilo-remasterizado\/"]}]},{"@type":"ImageObject","inLanguage":"es-AR","@id":"https:\/\/web.consaguirre.com.ar\/noticias\/persiar-para-lanzar-el-rey-de-los-tenores-de-ben-webster-en-vinilo-remasterizado\/#primaryimage","url":"https:\/\/web.consaguirre.com.ar\/noticias\/wp-content\/uploads\/2025\/09\/Persiar-para-lanzar-el-rey-de-los-tenores-de-Ben.jpg","contentUrl":"https:\/\/web.consaguirre.com.ar\/noticias\/wp-content\/uploads\/2025\/09\/Persiar-para-lanzar-el-rey-de-los-tenores-de-Ben.jpg","width":1440,"height":864,"caption":"Persiar para lanzar el \"rey de los tenores\" de Ben Webster en vinilo remasterizado"},{"@type":"BreadcrumbList","@id":"https:\/\/web.consaguirre.com.ar\/noticias\/persiar-para-lanzar-el-rey-de-los-tenores-de-ben-webster-en-vinilo-remasterizado\/#breadcrumb","itemListElement":[{"@type":"ListItem","position":1,"name":"Inicio","item":"https:\/\/web.consaguirre.com.ar\/noticias\/"},{"@type":"ListItem","position":2,"name":"Persiar para lanzar el &#8220;rey de los tenores&#8221; de Ben Webster en vinilo remasterizado"}]},{"@type":"WebSite","@id":"https:\/\/web.consaguirre.com.ar\/noticias\/#website","url":"https:\/\/web.consaguirre.com.ar\/noticias\/","name":"Conservatorio de M\u00fasica Juli\u00e1n Aguirre","description":"","publisher":{"@id":"https:\/\/web.consaguirre.com.ar\/noticias\/#organization"},"potentialAction":[{"@type":"SearchAction","target":{"@type":"EntryPoint","urlTemplate":"https:\/\/web.consaguirre.com.ar\/noticias\/?s={search_term_string}"},"query-input":"required name=search_term_string"}],"inLanguage":"es-AR"},{"@type":"Organization","@id":"https:\/\/web.consaguirre.com.ar\/noticias\/#organization","name":"Conservatorio de M\u00fasica Juli\u00e1n Aguirre","url":"https:\/\/web.consaguirre.com.ar\/noticias\/","logo":{"@type":"ImageObject","inLanguage":"es-AR","@id":"https:\/\/web.consaguirre.com.ar\/noticias\/#\/schema\/logo\/image\/","url":"https:\/\/web.consaguirre.com.ar\/noticias\/wp-content\/uploads\/2024\/08\/Banner-Aguirre-23.jpg","contentUrl":"https:\/\/web.consaguirre.com.ar\/noticias\/wp-content\/uploads\/2024\/08\/Banner-Aguirre-23.jpg","width":1192,"height":600,"caption":"Conservatorio de M\u00fasica Juli\u00e1n Aguirre"},"image":{"@id":"https:\/\/web.consaguirre.com.ar\/noticias\/#\/schema\/logo\/image\/"}},{"@type":"Person","@id":"https:\/\/web.consaguirre.com.ar\/noticias\/#\/schema\/person\/6558b0cfedee7ddc5425602b237d5722","name":"Javier Figueroa","image":{"@type":"ImageObject","inLanguage":"es-AR","@id":"https:\/\/web.consaguirre.com.ar\/noticias\/#\/schema\/person\/image\/","url":"https:\/\/web.consaguirre.com.ar\/noticias\/wp-content\/uploads\/2024\/08\/Consaguirre-scaled.jpg","contentUrl":"https:\/\/web.consaguirre.com.ar\/noticias\/wp-content\/uploads\/2024\/08\/Consaguirre-scaled.jpg","caption":"Javier Figueroa"},"description":"Me llamo Javier Figueroa y soy redactor para el sitio oficial del Conservatorio de M\u00fasica Juli\u00e1n Aguirre en Buenos Aires, consaguirre.com. Apasionado por la m\u00fasica y la escritura, me esfuerzo por destacar los talentos y eventos de nuestra prestigiosa instituci\u00f3n. Mi trayectoria se nutre de una profunda admiraci\u00f3n por los artistas, haciendo de cada art\u00edculo una celebraci\u00f3n de la creatividad y la cultura musical.","sameAs":["https:\/\/web.consaguirre.com.ar\/noticias"]}]}},"_links":{"self":[{"href":"https:\/\/web.consaguirre.com.ar\/noticias\/wp-json\/wp\/v2\/posts\/3638"}],"collection":[{"href":"https:\/\/web.consaguirre.com.ar\/noticias\/wp-json\/wp\/v2\/posts"}],"about":[{"href":"https:\/\/web.consaguirre.com.ar\/noticias\/wp-json\/wp\/v2\/types\/post"}],"author":[{"embeddable":true,"href":"https:\/\/web.consaguirre.com.ar\/noticias\/wp-json\/wp\/v2\/users\/1"}],"replies":[{"embeddable":true,"href":"https:\/\/web.consaguirre.com.ar\/noticias\/wp-json\/wp\/v2\/comments?post=3638"}],"version-history":[{"count":1,"href":"https:\/\/web.consaguirre.com.ar\/noticias\/wp-json\/wp\/v2\/posts\/3638\/revisions"}],"predecessor-version":[{"id":3640,"href":"https:\/\/web.consaguirre.com.ar\/noticias\/wp-json\/wp\/v2\/posts\/3638\/revisions\/3640"}],"wp:featuredmedia":[{"embeddable":true,"href":"https:\/\/web.consaguirre.com.ar\/noticias\/wp-json\/wp\/v2\/media\/3639"}],"wp:attachment":[{"href":"https:\/\/web.consaguirre.com.ar\/noticias\/wp-json\/wp\/v2\/media?parent=3638"}],"wp:term":[{"taxonomy":"category","embeddable":true,"href":"https:\/\/web.consaguirre.com.ar\/noticias\/wp-json\/wp\/v2\/categories?post=3638"},{"taxonomy":"post_tag","embeddable":true,"href":"https:\/\/web.consaguirre.com.ar\/noticias\/wp-json\/wp\/v2\/tags?post=3638"}],"curies":[{"name":"wp","href":"https:\/\/api.w.org\/{rel}","templated":true}]}}