{"id":3611,"date":"2025-09-04T11:38:49","date_gmt":"2025-09-04T14:38:49","guid":{"rendered":"https:\/\/web.consaguirre.com.ar\/noticias\/elton-john-celebra-50-anos-de-capitan-fantastico-y-the-brown-dirt-cowboy\/"},"modified":"2025-09-04T11:38:51","modified_gmt":"2025-09-04T14:38:51","slug":"elton-john-celebra-50-anos-de-capitan-fantastico-y-the-brown-dirt-cowboy","status":"publish","type":"post","link":"https:\/\/web.consaguirre.com.ar\/noticias\/elton-john-celebra-50-anos-de-capitan-fantastico-y-the-brown-dirt-cowboy\/","title":{"rendered":"Elton John celebra 50 a\u00f1os de &#8216;Capit\u00e1n Fant\u00e1stico y The Brown Dirt Cowboy&#8217;"},"content":{"rendered":"<p>Elton John celebrar\u00e1 50 a\u00f1os de su noveno \u00e1lbum de estudio, <em>Capit\u00e1n Fant\u00e1stico y el vaquero de tierra marr\u00f3n<\/em>con una reedici\u00f3n de lujo, que se lanzar\u00e1 el 24 de octubre.<\/p>\n<p>La nueva edici\u00f3n de aniversario estar\u00e1 disponible en m\u00faltiples formatos, incluidos 2LP, 2CD y digitalmente. Adem\u00e1s, <em>En vivo en Midsummer Music, Wembley Stadium 1975<\/em>se lanzar\u00e1 en vinilo por primera vez.<\/p>\n<p>Las versiones 2LP y 2CD contienen el \u00e1lbum original, Demoss in\u00e9ditos de la sesi\u00f3n in\u00e9dita y las actuaciones del Capit\u00e1n Fant\u00e1stica Live 2005. Los folletos de estas ediciones incluyen un \u00e1lbum de recortes reci\u00e9n compilado, notas de manga y las entradas de diario de 1974 nunca antes vistas de Elton, la \u00faltima de las cuales es exclusiva del conjunto de 2 lp.<\/p>\n<p>Lanzado originalmente en mayo de 1975, <em>Capit\u00e1n Fant\u00e1stico y el vaquero de tierra marr\u00f3n<\/em> es el noveno \u00e1lbum de estudio de Elton John, que incluye el legendario sencillo &#8220;Someone Saved My Life Tonight&#8221;.<\/p>\n<p>El \u00e1lbum cuenta la historia cronol\u00f3gica de los primeros a\u00f1os de Elton (Capit\u00e1n Fant\u00e1stico) y sus carreras musicales de su compa\u00f1ero de composici\u00f3n Bernie Taupin (The Brown Dirt Cowboy) en Londres mientras luchaban por abrirse paso.<\/p>\n<div class=\"uD-YT-container\"><img decoding=\"async\" src=\"https:\/\/web.consaguirre.com.ar\/noticias\/wp-content\/uploads\/2025\/09\/1756996729_951_Elton-John-celebra-50-anos-de-Capitan-Fantastico-y-The.jpg\" alt=\"Video de YouTube\"><br \/>Haga clic para cargar video<\/div>\n<p>Con respecto al \u00e1lbum, Elton ten\u00eda esto que dec\u00eda: \u201cCapit\u00e1n Fant\u00e1stico y el Cowboy de Dirt Brown fue el primer \u00e1lbum que hab\u00eda hecho que era autobiogr\u00e1fico, y era la primera vez que fuimos al estudio con todas las canciones ya escritas. Lo ensayamos como una banda, luego fuimos y lo cort\u00f3 m\u00e1s o menos en vivo. La banda fue la banda y que puedes escucharlo en el disco. Brillante, y la atm\u00f3sfera en Caribou fue perfecta.<\/p>\n<p>De hecho, el \u00e1lbum se convirti\u00f3 en el primero en la historia en debutar en el n\u00famero 1 en el Billboard 200 de EE. UU. Y el primero en ser certificado de oro tras su lanzamiento debido a la cantidad de pedidos anticipados. Vendi\u00f3 1,4 millones de copias en sus primeros cuatro d\u00edas y permaneci\u00f3 en la parte superior de la tabla durante siete semanas.<\/p>\n<p>Parte del \u00e9xito del \u00e1lbum se debe a la ic\u00f3nica \u00e1lbum Artwork de Alan Aldridge, que es uno de los dise\u00f1os m\u00e1s reconocibles de la d\u00e9cada. Coloc\u00f3 a Elton en el centro de un fantasioso paisaje imaginario, escapando de su lluvia burbuja suburbana y montando su piano a trav\u00e9s de las muchas distracciones del estrellato pop. En el fondo, es un \u00e1lbum sobre el parentesco inquebrantable que compartieron sus escritores, llenos de intensas canciones de amor plat\u00f3nicas entre los mejores amigos.<\/p>\n<p><b>Compra para Elton John&#8217;s <em>Capit\u00e1n Fant\u00e1stico y el vaquero de tierra marr\u00f3n<\/em> en vinilo o CD ahora.<\/b><\/p>\n","protected":false},"excerpt":{"rendered":"<p>Elton John celebrar\u00e1 50 a\u00f1os de su noveno \u00e1lbum de estudio, Capit\u00e1n Fant\u00e1stico y el vaquero de tierra marr\u00f3ncon una reedici\u00f3n de lujo, que se<\/p>\n","protected":false},"author":1,"featured_media":3612,"comment_status":"closed","ping_status":"","sticky":false,"template":"","format":"standard","meta":{"footnotes":""},"categories":[50],"tags":[115,813,3104,114,3106,2215,824,3105,91],"class_list":["post-3611","post","type-post","status-publish","format-standard","has-post-thumbnail","hentry","category-el-ultimo","tag-anos","tag-brown","tag-capitan","tag-celebra","tag-cowboy","tag-dirt","tag-elton","tag-fantastico","tag-john","generate-columns","tablet-grid-50","mobile-grid-100","grid-parent","grid-50"],"yoast_head":"<!-- This site is optimized with the Yoast SEO plugin v23.3 - https:\/\/yoast.com\/wordpress\/plugins\/seo\/ -->\n<title>Elton John celebra 50 a\u00f1os de &#039;Capit\u00e1n Fant\u00e1stico y The Brown Dirt Cowboy&#039;<\/title>\n<meta name=\"robots\" content=\"index, follow, max-snippet:-1, max-image-preview:large, max-video-preview:-1\" \/>\n<link rel=\"canonical\" href=\"https:\/\/web.consaguirre.com.ar\/noticias\/elton-john-celebra-50-anos-de-capitan-fantastico-y-the-brown-dirt-cowboy\/\" \/>\n<meta property=\"og:locale\" content=\"es_ES\" \/>\n<meta property=\"og:type\" content=\"article\" \/>\n<meta property=\"og:title\" content=\"Elton John celebra 50 a\u00f1os de &#039;Capit\u00e1n Fant\u00e1stico y The Brown Dirt Cowboy&#039;\" \/>\n<meta property=\"og:description\" content=\"Elton John celebrar\u00e1 50 a\u00f1os de su noveno \u00e1lbum de estudio, Capit\u00e1n Fant\u00e1stico y el vaquero de tierra marr\u00f3ncon una reedici\u00f3n de lujo, que se\" \/>\n<meta property=\"og:url\" content=\"https:\/\/web.consaguirre.com.ar\/noticias\/elton-john-celebra-50-anos-de-capitan-fantastico-y-the-brown-dirt-cowboy\/\" \/>\n<meta property=\"og:site_name\" content=\"Conservatorio de M\u00fasica Juli\u00e1n Aguirre\" \/>\n<meta property=\"article:published_time\" content=\"2025-09-04T14:38:49+00:00\" \/>\n<meta property=\"article:modified_time\" content=\"2025-09-04T14:38:51+00:00\" \/>\n<meta property=\"og:image\" content=\"https:\/\/web.consaguirre.com.ar\/noticias\/wp-content\/uploads\/2025\/09\/Elton-John-celebra-50-anos-de-Capitan-Fantastico-y-The.jpg\" \/>\n\t<meta property=\"og:image:width\" content=\"1280\" \/>\n\t<meta property=\"og:image:height\" content=\"1280\" \/>\n\t<meta property=\"og:image:type\" content=\"image\/jpeg\" \/>\n<meta name=\"author\" content=\"Javier Figueroa\" \/>\n<meta name=\"twitter:card\" content=\"summary_large_image\" \/>\n<meta name=\"twitter:label1\" content=\"Escrito por\" \/>\n\t<meta name=\"twitter:data1\" content=\"Javier Figueroa\" \/>\n\t<meta name=\"twitter:label2\" content=\"Tiempo de lectura\" \/>\n\t<meta name=\"twitter:data2\" content=\"2 minutos\" \/>\n<script type=\"application\/ld+json\" class=\"yoast-schema-graph\">{\"@context\":\"https:\/\/schema.org\",\"@graph\":[{\"@type\":\"Article\",\"@id\":\"https:\/\/web.consaguirre.com.ar\/noticias\/elton-john-celebra-50-anos-de-capitan-fantastico-y-the-brown-dirt-cowboy\/#article\",\"isPartOf\":{\"@id\":\"https:\/\/web.consaguirre.com.ar\/noticias\/elton-john-celebra-50-anos-de-capitan-fantastico-y-the-brown-dirt-cowboy\/\"},\"author\":{\"name\":\"Javier Figueroa\",\"@id\":\"https:\/\/web.consaguirre.com.ar\/noticias\/#\/schema\/person\/6558b0cfedee7ddc5425602b237d5722\"},\"headline\":\"Elton John celebra 50 a\u00f1os de &#8216;Capit\u00e1n Fant\u00e1stico y The Brown Dirt Cowboy&#8217;\",\"datePublished\":\"2025-09-04T14:38:49+00:00\",\"dateModified\":\"2025-09-04T14:38:51+00:00\",\"mainEntityOfPage\":{\"@id\":\"https:\/\/web.consaguirre.com.ar\/noticias\/elton-john-celebra-50-anos-de-capitan-fantastico-y-the-brown-dirt-cowboy\/\"},\"wordCount\":485,\"publisher\":{\"@id\":\"https:\/\/web.consaguirre.com.ar\/noticias\/#organization\"},\"image\":{\"@id\":\"https:\/\/web.consaguirre.com.ar\/noticias\/elton-john-celebra-50-anos-de-capitan-fantastico-y-the-brown-dirt-cowboy\/#primaryimage\"},\"thumbnailUrl\":\"https:\/\/web.consaguirre.com.ar\/noticias\/wp-content\/uploads\/2025\/09\/Elton-John-celebra-50-anos-de-Capitan-Fantastico-y-The.jpg\",\"keywords\":[\"a\u00f1os\",\"Brown\",\"Capit\u00e1n\",\"celebra\",\"Cowboy\",\"Dirt\",\"Elton\",\"Fant\u00e1stico\",\"John\"],\"articleSection\":[\"El \u00faltimo\"],\"inLanguage\":\"es-AR\"},{\"@type\":\"WebPage\",\"@id\":\"https:\/\/web.consaguirre.com.ar\/noticias\/elton-john-celebra-50-anos-de-capitan-fantastico-y-the-brown-dirt-cowboy\/\",\"url\":\"https:\/\/web.consaguirre.com.ar\/noticias\/elton-john-celebra-50-anos-de-capitan-fantastico-y-the-brown-dirt-cowboy\/\",\"name\":\"Elton John celebra 50 a\u00f1os de 'Capit\u00e1n Fant\u00e1stico y The Brown Dirt Cowboy'\",\"isPartOf\":{\"@id\":\"https:\/\/web.consaguirre.com.ar\/noticias\/#website\"},\"primaryImageOfPage\":{\"@id\":\"https:\/\/web.consaguirre.com.ar\/noticias\/elton-john-celebra-50-anos-de-capitan-fantastico-y-the-brown-dirt-cowboy\/#primaryimage\"},\"image\":{\"@id\":\"https:\/\/web.consaguirre.com.ar\/noticias\/elton-john-celebra-50-anos-de-capitan-fantastico-y-the-brown-dirt-cowboy\/#primaryimage\"},\"thumbnailUrl\":\"https:\/\/web.consaguirre.com.ar\/noticias\/wp-content\/uploads\/2025\/09\/Elton-John-celebra-50-anos-de-Capitan-Fantastico-y-The.jpg\",\"datePublished\":\"2025-09-04T14:38:49+00:00\",\"dateModified\":\"2025-09-04T14:38:51+00:00\",\"breadcrumb\":{\"@id\":\"https:\/\/web.consaguirre.com.ar\/noticias\/elton-john-celebra-50-anos-de-capitan-fantastico-y-the-brown-dirt-cowboy\/#breadcrumb\"},\"inLanguage\":\"es-AR\",\"potentialAction\":[{\"@type\":\"ReadAction\",\"target\":[\"https:\/\/web.consaguirre.com.ar\/noticias\/elton-john-celebra-50-anos-de-capitan-fantastico-y-the-brown-dirt-cowboy\/\"]}]},{\"@type\":\"ImageObject\",\"inLanguage\":\"es-AR\",\"@id\":\"https:\/\/web.consaguirre.com.ar\/noticias\/elton-john-celebra-50-anos-de-capitan-fantastico-y-the-brown-dirt-cowboy\/#primaryimage\",\"url\":\"https:\/\/web.consaguirre.com.ar\/noticias\/wp-content\/uploads\/2025\/09\/Elton-John-celebra-50-anos-de-Capitan-Fantastico-y-The.jpg\",\"contentUrl\":\"https:\/\/web.consaguirre.com.ar\/noticias\/wp-content\/uploads\/2025\/09\/Elton-John-celebra-50-anos-de-Capitan-Fantastico-y-The.jpg\",\"width\":1280,\"height\":1280,\"caption\":\"Elton John celebra 50 a\u00f1os de 'Capit\u00e1n Fant\u00e1stico y The Brown Dirt Cowboy'\"},{\"@type\":\"BreadcrumbList\",\"@id\":\"https:\/\/web.consaguirre.com.ar\/noticias\/elton-john-celebra-50-anos-de-capitan-fantastico-y-the-brown-dirt-cowboy\/#breadcrumb\",\"itemListElement\":[{\"@type\":\"ListItem\",\"position\":1,\"name\":\"Inicio\",\"item\":\"https:\/\/web.consaguirre.com.ar\/noticias\/\"},{\"@type\":\"ListItem\",\"position\":2,\"name\":\"Elton John celebra 50 a\u00f1os de &#8216;Capit\u00e1n Fant\u00e1stico y The Brown Dirt Cowboy&#8217;\"}]},{\"@type\":\"WebSite\",\"@id\":\"https:\/\/web.consaguirre.com.ar\/noticias\/#website\",\"url\":\"https:\/\/web.consaguirre.com.ar\/noticias\/\",\"name\":\"Conservatorio de M\u00fasica Juli\u00e1n Aguirre\",\"description\":\"\",\"publisher\":{\"@id\":\"https:\/\/web.consaguirre.com.ar\/noticias\/#organization\"},\"potentialAction\":[{\"@type\":\"SearchAction\",\"target\":{\"@type\":\"EntryPoint\",\"urlTemplate\":\"https:\/\/web.consaguirre.com.ar\/noticias\/?s={search_term_string}\"},\"query-input\":\"required name=search_term_string\"}],\"inLanguage\":\"es-AR\"},{\"@type\":\"Organization\",\"@id\":\"https:\/\/web.consaguirre.com.ar\/noticias\/#organization\",\"name\":\"Conservatorio de M\u00fasica Juli\u00e1n Aguirre\",\"url\":\"https:\/\/web.consaguirre.com.ar\/noticias\/\",\"logo\":{\"@type\":\"ImageObject\",\"inLanguage\":\"es-AR\",\"@id\":\"https:\/\/web.consaguirre.com.ar\/noticias\/#\/schema\/logo\/image\/\",\"url\":\"https:\/\/web.consaguirre.com.ar\/noticias\/wp-content\/uploads\/2024\/08\/Banner-Aguirre-23.jpg\",\"contentUrl\":\"https:\/\/web.consaguirre.com.ar\/noticias\/wp-content\/uploads\/2024\/08\/Banner-Aguirre-23.jpg\",\"width\":1192,\"height\":600,\"caption\":\"Conservatorio de M\u00fasica Juli\u00e1n Aguirre\"},\"image\":{\"@id\":\"https:\/\/web.consaguirre.com.ar\/noticias\/#\/schema\/logo\/image\/\"}},{\"@type\":\"Person\",\"@id\":\"https:\/\/web.consaguirre.com.ar\/noticias\/#\/schema\/person\/6558b0cfedee7ddc5425602b237d5722\",\"name\":\"Javier Figueroa\",\"image\":{\"@type\":\"ImageObject\",\"inLanguage\":\"es-AR\",\"@id\":\"https:\/\/web.consaguirre.com.ar\/noticias\/#\/schema\/person\/image\/\",\"url\":\"https:\/\/web.consaguirre.com.ar\/noticias\/wp-content\/uploads\/2024\/08\/Consaguirre-scaled.jpg\",\"contentUrl\":\"https:\/\/web.consaguirre.com.ar\/noticias\/wp-content\/uploads\/2024\/08\/Consaguirre-scaled.jpg\",\"caption\":\"Javier Figueroa\"},\"description\":\"Me llamo Javier Figueroa y soy redactor para el sitio oficial del Conservatorio de M\u00fasica Juli\u00e1n Aguirre en Buenos Aires, consaguirre.com. Apasionado por la m\u00fasica y la escritura, me esfuerzo por destacar los talentos y eventos de nuestra prestigiosa instituci\u00f3n. Mi trayectoria se nutre de una profunda admiraci\u00f3n por los artistas, haciendo de cada art\u00edculo una celebraci\u00f3n de la creatividad y la cultura musical.\",\"sameAs\":[\"https:\/\/web.consaguirre.com.ar\/noticias\"]}]}<\/script>\n<!-- \/ Yoast SEO plugin. -->","yoast_head_json":{"title":"Elton John celebra 50 a\u00f1os de 'Capit\u00e1n Fant\u00e1stico y The Brown Dirt Cowboy'","robots":{"index":"index","follow":"follow","max-snippet":"max-snippet:-1","max-image-preview":"max-image-preview:large","max-video-preview":"max-video-preview:-1"},"canonical":"https:\/\/web.consaguirre.com.ar\/noticias\/elton-john-celebra-50-anos-de-capitan-fantastico-y-the-brown-dirt-cowboy\/","og_locale":"es_ES","og_type":"article","og_title":"Elton John celebra 50 a\u00f1os de 'Capit\u00e1n Fant\u00e1stico y The Brown Dirt Cowboy'","og_description":"Elton John celebrar\u00e1 50 a\u00f1os de su noveno \u00e1lbum de estudio, Capit\u00e1n Fant\u00e1stico y el vaquero de tierra marr\u00f3ncon una reedici\u00f3n de lujo, que se","og_url":"https:\/\/web.consaguirre.com.ar\/noticias\/elton-john-celebra-50-anos-de-capitan-fantastico-y-the-brown-dirt-cowboy\/","og_site_name":"Conservatorio de M\u00fasica Juli\u00e1n Aguirre","article_published_time":"2025-09-04T14:38:49+00:00","article_modified_time":"2025-09-04T14:38:51+00:00","og_image":[{"width":1280,"height":1280,"url":"https:\/\/web.consaguirre.com.ar\/noticias\/wp-content\/uploads\/2025\/09\/Elton-John-celebra-50-anos-de-Capitan-Fantastico-y-The.jpg","type":"image\/jpeg"}],"author":"Javier Figueroa","twitter_card":"summary_large_image","twitter_misc":{"Escrito por":"Javier Figueroa","Tiempo de lectura":"2 minutos"},"schema":{"@context":"https:\/\/schema.org","@graph":[{"@type":"Article","@id":"https:\/\/web.consaguirre.com.ar\/noticias\/elton-john-celebra-50-anos-de-capitan-fantastico-y-the-brown-dirt-cowboy\/#article","isPartOf":{"@id":"https:\/\/web.consaguirre.com.ar\/noticias\/elton-john-celebra-50-anos-de-capitan-fantastico-y-the-brown-dirt-cowboy\/"},"author":{"name":"Javier Figueroa","@id":"https:\/\/web.consaguirre.com.ar\/noticias\/#\/schema\/person\/6558b0cfedee7ddc5425602b237d5722"},"headline":"Elton John celebra 50 a\u00f1os de &#8216;Capit\u00e1n Fant\u00e1stico y The Brown Dirt Cowboy&#8217;","datePublished":"2025-09-04T14:38:49+00:00","dateModified":"2025-09-04T14:38:51+00:00","mainEntityOfPage":{"@id":"https:\/\/web.consaguirre.com.ar\/noticias\/elton-john-celebra-50-anos-de-capitan-fantastico-y-the-brown-dirt-cowboy\/"},"wordCount":485,"publisher":{"@id":"https:\/\/web.consaguirre.com.ar\/noticias\/#organization"},"image":{"@id":"https:\/\/web.consaguirre.com.ar\/noticias\/elton-john-celebra-50-anos-de-capitan-fantastico-y-the-brown-dirt-cowboy\/#primaryimage"},"thumbnailUrl":"https:\/\/web.consaguirre.com.ar\/noticias\/wp-content\/uploads\/2025\/09\/Elton-John-celebra-50-anos-de-Capitan-Fantastico-y-The.jpg","keywords":["a\u00f1os","Brown","Capit\u00e1n","celebra","Cowboy","Dirt","Elton","Fant\u00e1stico","John"],"articleSection":["El \u00faltimo"],"inLanguage":"es-AR"},{"@type":"WebPage","@id":"https:\/\/web.consaguirre.com.ar\/noticias\/elton-john-celebra-50-anos-de-capitan-fantastico-y-the-brown-dirt-cowboy\/","url":"https:\/\/web.consaguirre.com.ar\/noticias\/elton-john-celebra-50-anos-de-capitan-fantastico-y-the-brown-dirt-cowboy\/","name":"Elton John celebra 50 a\u00f1os de 'Capit\u00e1n Fant\u00e1stico y The Brown Dirt Cowboy'","isPartOf":{"@id":"https:\/\/web.consaguirre.com.ar\/noticias\/#website"},"primaryImageOfPage":{"@id":"https:\/\/web.consaguirre.com.ar\/noticias\/elton-john-celebra-50-anos-de-capitan-fantastico-y-the-brown-dirt-cowboy\/#primaryimage"},"image":{"@id":"https:\/\/web.consaguirre.com.ar\/noticias\/elton-john-celebra-50-anos-de-capitan-fantastico-y-the-brown-dirt-cowboy\/#primaryimage"},"thumbnailUrl":"https:\/\/web.consaguirre.com.ar\/noticias\/wp-content\/uploads\/2025\/09\/Elton-John-celebra-50-anos-de-Capitan-Fantastico-y-The.jpg","datePublished":"2025-09-04T14:38:49+00:00","dateModified":"2025-09-04T14:38:51+00:00","breadcrumb":{"@id":"https:\/\/web.consaguirre.com.ar\/noticias\/elton-john-celebra-50-anos-de-capitan-fantastico-y-the-brown-dirt-cowboy\/#breadcrumb"},"inLanguage":"es-AR","potentialAction":[{"@type":"ReadAction","target":["https:\/\/web.consaguirre.com.ar\/noticias\/elton-john-celebra-50-anos-de-capitan-fantastico-y-the-brown-dirt-cowboy\/"]}]},{"@type":"ImageObject","inLanguage":"es-AR","@id":"https:\/\/web.consaguirre.com.ar\/noticias\/elton-john-celebra-50-anos-de-capitan-fantastico-y-the-brown-dirt-cowboy\/#primaryimage","url":"https:\/\/web.consaguirre.com.ar\/noticias\/wp-content\/uploads\/2025\/09\/Elton-John-celebra-50-anos-de-Capitan-Fantastico-y-The.jpg","contentUrl":"https:\/\/web.consaguirre.com.ar\/noticias\/wp-content\/uploads\/2025\/09\/Elton-John-celebra-50-anos-de-Capitan-Fantastico-y-The.jpg","width":1280,"height":1280,"caption":"Elton John celebra 50 a\u00f1os de 'Capit\u00e1n Fant\u00e1stico y The Brown Dirt Cowboy'"},{"@type":"BreadcrumbList","@id":"https:\/\/web.consaguirre.com.ar\/noticias\/elton-john-celebra-50-anos-de-capitan-fantastico-y-the-brown-dirt-cowboy\/#breadcrumb","itemListElement":[{"@type":"ListItem","position":1,"name":"Inicio","item":"https:\/\/web.consaguirre.com.ar\/noticias\/"},{"@type":"ListItem","position":2,"name":"Elton John celebra 50 a\u00f1os de &#8216;Capit\u00e1n Fant\u00e1stico y The Brown Dirt Cowboy&#8217;"}]},{"@type":"WebSite","@id":"https:\/\/web.consaguirre.com.ar\/noticias\/#website","url":"https:\/\/web.consaguirre.com.ar\/noticias\/","name":"Conservatorio de M\u00fasica Juli\u00e1n Aguirre","description":"","publisher":{"@id":"https:\/\/web.consaguirre.com.ar\/noticias\/#organization"},"potentialAction":[{"@type":"SearchAction","target":{"@type":"EntryPoint","urlTemplate":"https:\/\/web.consaguirre.com.ar\/noticias\/?s={search_term_string}"},"query-input":"required name=search_term_string"}],"inLanguage":"es-AR"},{"@type":"Organization","@id":"https:\/\/web.consaguirre.com.ar\/noticias\/#organization","name":"Conservatorio de M\u00fasica Juli\u00e1n Aguirre","url":"https:\/\/web.consaguirre.com.ar\/noticias\/","logo":{"@type":"ImageObject","inLanguage":"es-AR","@id":"https:\/\/web.consaguirre.com.ar\/noticias\/#\/schema\/logo\/image\/","url":"https:\/\/web.consaguirre.com.ar\/noticias\/wp-content\/uploads\/2024\/08\/Banner-Aguirre-23.jpg","contentUrl":"https:\/\/web.consaguirre.com.ar\/noticias\/wp-content\/uploads\/2024\/08\/Banner-Aguirre-23.jpg","width":1192,"height":600,"caption":"Conservatorio de M\u00fasica Juli\u00e1n Aguirre"},"image":{"@id":"https:\/\/web.consaguirre.com.ar\/noticias\/#\/schema\/logo\/image\/"}},{"@type":"Person","@id":"https:\/\/web.consaguirre.com.ar\/noticias\/#\/schema\/person\/6558b0cfedee7ddc5425602b237d5722","name":"Javier Figueroa","image":{"@type":"ImageObject","inLanguage":"es-AR","@id":"https:\/\/web.consaguirre.com.ar\/noticias\/#\/schema\/person\/image\/","url":"https:\/\/web.consaguirre.com.ar\/noticias\/wp-content\/uploads\/2024\/08\/Consaguirre-scaled.jpg","contentUrl":"https:\/\/web.consaguirre.com.ar\/noticias\/wp-content\/uploads\/2024\/08\/Consaguirre-scaled.jpg","caption":"Javier Figueroa"},"description":"Me llamo Javier Figueroa y soy redactor para el sitio oficial del Conservatorio de M\u00fasica Juli\u00e1n Aguirre en Buenos Aires, consaguirre.com. Apasionado por la m\u00fasica y la escritura, me esfuerzo por destacar los talentos y eventos de nuestra prestigiosa instituci\u00f3n. Mi trayectoria se nutre de una profunda admiraci\u00f3n por los artistas, haciendo de cada art\u00edculo una celebraci\u00f3n de la creatividad y la cultura musical.","sameAs":["https:\/\/web.consaguirre.com.ar\/noticias"]}]}},"_links":{"self":[{"href":"https:\/\/web.consaguirre.com.ar\/noticias\/wp-json\/wp\/v2\/posts\/3611"}],"collection":[{"href":"https:\/\/web.consaguirre.com.ar\/noticias\/wp-json\/wp\/v2\/posts"}],"about":[{"href":"https:\/\/web.consaguirre.com.ar\/noticias\/wp-json\/wp\/v2\/types\/post"}],"author":[{"embeddable":true,"href":"https:\/\/web.consaguirre.com.ar\/noticias\/wp-json\/wp\/v2\/users\/1"}],"replies":[{"embeddable":true,"href":"https:\/\/web.consaguirre.com.ar\/noticias\/wp-json\/wp\/v2\/comments?post=3611"}],"version-history":[{"count":1,"href":"https:\/\/web.consaguirre.com.ar\/noticias\/wp-json\/wp\/v2\/posts\/3611\/revisions"}],"predecessor-version":[{"id":3613,"href":"https:\/\/web.consaguirre.com.ar\/noticias\/wp-json\/wp\/v2\/posts\/3611\/revisions\/3613"}],"wp:featuredmedia":[{"embeddable":true,"href":"https:\/\/web.consaguirre.com.ar\/noticias\/wp-json\/wp\/v2\/media\/3612"}],"wp:attachment":[{"href":"https:\/\/web.consaguirre.com.ar\/noticias\/wp-json\/wp\/v2\/media?parent=3611"}],"wp:term":[{"taxonomy":"category","embeddable":true,"href":"https:\/\/web.consaguirre.com.ar\/noticias\/wp-json\/wp\/v2\/categories?post=3611"},{"taxonomy":"post_tag","embeddable":true,"href":"https:\/\/web.consaguirre.com.ar\/noticias\/wp-json\/wp\/v2\/tags?post=3611"}],"curies":[{"name":"wp","href":"https:\/\/api.w.org\/{rel}","templated":true}]}}