{"id":3602,"date":"2025-09-02T14:39:51","date_gmt":"2025-09-02T17:39:51","guid":{"rendered":"https:\/\/web.consaguirre.com.ar\/noticias\/def-leppard-anuncia-el-reino-unido-y-europa-tour\/"},"modified":"2025-09-02T14:39:53","modified_gmt":"2025-09-02T17:39:53","slug":"def-leppard-anuncia-el-reino-unido-y-europa-tour","status":"publish","type":"post","link":"https:\/\/web.consaguirre.com.ar\/noticias\/def-leppard-anuncia-el-reino-unido-y-europa-tour\/","title":{"rendered":"Def Leppard anuncia el Reino Unido y Europa Tour"},"content":{"rendered":"<p>Con el verano terminando, Def Leppard ya est\u00e1 haciendo planes para rockear el pr\u00f3ximo. El Sal\u00f3n de la Fama del Rock &#038; Roll ha anunciado una racha de fechas de gira en el Reino Unido y Europa para el verano de 2026 con el apoyo de otros bateadores pesados \u200b\u200bExtreme.<\/p>\n<p>Los viajes de la banda comienzan el 13 de junio en R\u00e4ttvik, Suecia, con paradas en Helsinki, Zurich y Dortmund para seguir en el continente. Desde all\u00ed se ir\u00e1n a su Reino Unido natal para conciertos en Glasgow, su ciudad natal de Sheffield, Londres, Birmingham y Manchester. La gira concluye con visitas al Wacken Open Air Festival de Alemania el 30 de julio y un espect\u00e1culo principal en Dubai el 2 de agosto.<\/p>\n<p>Los miembros del club de conciertos de la Brigada Rock de Def Leppard obtendr\u00e1n el primer crack en boletos y paquetes VIP con una preventa de brigada de rock a partir del martes 2 de septiembre a las 10 am hora local. Las ventas de entradas generales comienzan este viernes 5 de septiembre. La membres\u00eda de la brigada de rock est\u00e1 disponible para su compra en el sitio web de Def Leppard Deflepard.com.<\/p>\n<p>La gira de verano seguir\u00e1 la residencia de invierno de Def Leppard en el Caesars Palace en Las Vegas. La banda tocar\u00e1 12 espect\u00e1culos en el legendario Teatro Colosseum de Vegas Locale durante todo el mes de febrero, tocando semanalmente los martes, jueves y s\u00e1bados por la noche.<\/p>\n<p>M\u00e1s inmineramente, Def Leppard tiene dos fechas vivas restantes de 2025 en los libros. Este domingo 7 de septiembre jugar\u00e1n Radio 2 en el parque en Hylands Park en Chelmsford, Reino Unido. Y el 11 de octubre, la banda encabezar\u00e1 Hard Rock Live en Gary, Indiana.<\/p>\n<p>Def Leppard es una de las bandas de rock m\u00e1s exitosas y aclamadas del mundo. Al deleite al p\u00fablico con una mezcla electrizante de heavy metal, pop y glam rock, el grupo ha vendido m\u00e1s de 100 millones de discos en todo el mundo y es una de las cinco bandas de rock en la historia con dos \u00e1lbumes certificados por diamantes, lo que significa m\u00e1s de 10 millones de copias vendidas solo en los Estados Unidos: 1983&#8217;s&#8217;s. <em>Piroman\u00eda<\/em> y 1987 <em>Histeria<\/em>. Fueron incluidos en el Sal\u00f3n de la Fama del Rock &#038; Roll en 2019.<\/p>\n<p><b>Compre la m\u00fasica de Def Leppard en vinilo o CD ahora.<\/b><\/p>\n","protected":false},"excerpt":{"rendered":"<p>Con el verano terminando, Def Leppard ya est\u00e1 haciendo planes para rockear el pr\u00f3ximo. El Sal\u00f3n de la Fama del Rock &#038; Roll ha anunciado<\/p>\n","protected":false},"author":1,"featured_media":3603,"comment_status":"closed","ping_status":"","sticky":false,"template":"","format":"standard","meta":{"footnotes":""},"categories":[50],"tags":[56,122,1853,123,1193,1760,1194],"class_list":["post-3602","post","type-post","status-publish","format-standard","has-post-thumbnail","hentry","category-el-ultimo","tag-anuncia","tag-def","tag-europa","tag-leppard","tag-reino","tag-tour","tag-unido","generate-columns","tablet-grid-50","mobile-grid-100","grid-parent","grid-50"],"yoast_head":"<!-- This site is optimized with the Yoast SEO plugin v23.3 - https:\/\/yoast.com\/wordpress\/plugins\/seo\/ -->\n<title>Def Leppard anuncia el Reino Unido y Europa Tour<\/title>\n<meta name=\"robots\" content=\"index, follow, max-snippet:-1, max-image-preview:large, max-video-preview:-1\" \/>\n<link rel=\"canonical\" href=\"https:\/\/web.consaguirre.com.ar\/noticias\/def-leppard-anuncia-el-reino-unido-y-europa-tour\/\" \/>\n<meta property=\"og:locale\" content=\"es_ES\" \/>\n<meta property=\"og:type\" content=\"article\" \/>\n<meta property=\"og:title\" content=\"Def Leppard anuncia el Reino Unido y Europa Tour\" \/>\n<meta property=\"og:description\" content=\"Con el verano terminando, Def Leppard ya est\u00e1 haciendo planes para rockear el pr\u00f3ximo. El Sal\u00f3n de la Fama del Rock &#038; Roll ha anunciado\" \/>\n<meta property=\"og:url\" content=\"https:\/\/web.consaguirre.com.ar\/noticias\/def-leppard-anuncia-el-reino-unido-y-europa-tour\/\" \/>\n<meta property=\"og:site_name\" content=\"Conservatorio de M\u00fasica Juli\u00e1n Aguirre\" \/>\n<meta property=\"article:published_time\" content=\"2025-09-02T17:39:51+00:00\" \/>\n<meta property=\"article:modified_time\" content=\"2025-09-02T17:39:53+00:00\" \/>\n<meta property=\"og:image\" content=\"https:\/\/web.consaguirre.com.ar\/noticias\/wp-content\/uploads\/2025\/09\/Def-Leppard-anuncia-el-Reino-Unido-y-Europa-Tour.jpg\" \/>\n\t<meta property=\"og:image:width\" content=\"1440\" \/>\n\t<meta property=\"og:image:height\" content=\"864\" \/>\n\t<meta property=\"og:image:type\" content=\"image\/jpeg\" \/>\n<meta name=\"author\" content=\"Javier Figueroa\" \/>\n<meta name=\"twitter:card\" content=\"summary_large_image\" \/>\n<meta name=\"twitter:label1\" content=\"Escrito por\" \/>\n\t<meta name=\"twitter:data1\" content=\"Javier Figueroa\" \/>\n\t<meta name=\"twitter:label2\" content=\"Tiempo de lectura\" \/>\n\t<meta name=\"twitter:data2\" content=\"2 minutos\" \/>\n<script type=\"application\/ld+json\" class=\"yoast-schema-graph\">{\"@context\":\"https:\/\/schema.org\",\"@graph\":[{\"@type\":\"Article\",\"@id\":\"https:\/\/web.consaguirre.com.ar\/noticias\/def-leppard-anuncia-el-reino-unido-y-europa-tour\/#article\",\"isPartOf\":{\"@id\":\"https:\/\/web.consaguirre.com.ar\/noticias\/def-leppard-anuncia-el-reino-unido-y-europa-tour\/\"},\"author\":{\"name\":\"Javier Figueroa\",\"@id\":\"https:\/\/web.consaguirre.com.ar\/noticias\/#\/schema\/person\/6558b0cfedee7ddc5425602b237d5722\"},\"headline\":\"Def Leppard anuncia el Reino Unido y Europa Tour\",\"datePublished\":\"2025-09-02T17:39:51+00:00\",\"dateModified\":\"2025-09-02T17:39:53+00:00\",\"mainEntityOfPage\":{\"@id\":\"https:\/\/web.consaguirre.com.ar\/noticias\/def-leppard-anuncia-el-reino-unido-y-europa-tour\/\"},\"wordCount\":408,\"publisher\":{\"@id\":\"https:\/\/web.consaguirre.com.ar\/noticias\/#organization\"},\"image\":{\"@id\":\"https:\/\/web.consaguirre.com.ar\/noticias\/def-leppard-anuncia-el-reino-unido-y-europa-tour\/#primaryimage\"},\"thumbnailUrl\":\"https:\/\/web.consaguirre.com.ar\/noticias\/wp-content\/uploads\/2025\/09\/Def-Leppard-anuncia-el-Reino-Unido-y-Europa-Tour.jpg\",\"keywords\":[\"anuncia\",\"Def\",\"Europa\",\"Leppard\",\"Reino\",\"Tour\",\"Unido\"],\"articleSection\":[\"El \u00faltimo\"],\"inLanguage\":\"es-AR\"},{\"@type\":\"WebPage\",\"@id\":\"https:\/\/web.consaguirre.com.ar\/noticias\/def-leppard-anuncia-el-reino-unido-y-europa-tour\/\",\"url\":\"https:\/\/web.consaguirre.com.ar\/noticias\/def-leppard-anuncia-el-reino-unido-y-europa-tour\/\",\"name\":\"Def Leppard anuncia el Reino Unido y Europa Tour\",\"isPartOf\":{\"@id\":\"https:\/\/web.consaguirre.com.ar\/noticias\/#website\"},\"primaryImageOfPage\":{\"@id\":\"https:\/\/web.consaguirre.com.ar\/noticias\/def-leppard-anuncia-el-reino-unido-y-europa-tour\/#primaryimage\"},\"image\":{\"@id\":\"https:\/\/web.consaguirre.com.ar\/noticias\/def-leppard-anuncia-el-reino-unido-y-europa-tour\/#primaryimage\"},\"thumbnailUrl\":\"https:\/\/web.consaguirre.com.ar\/noticias\/wp-content\/uploads\/2025\/09\/Def-Leppard-anuncia-el-Reino-Unido-y-Europa-Tour.jpg\",\"datePublished\":\"2025-09-02T17:39:51+00:00\",\"dateModified\":\"2025-09-02T17:39:53+00:00\",\"breadcrumb\":{\"@id\":\"https:\/\/web.consaguirre.com.ar\/noticias\/def-leppard-anuncia-el-reino-unido-y-europa-tour\/#breadcrumb\"},\"inLanguage\":\"es-AR\",\"potentialAction\":[{\"@type\":\"ReadAction\",\"target\":[\"https:\/\/web.consaguirre.com.ar\/noticias\/def-leppard-anuncia-el-reino-unido-y-europa-tour\/\"]}]},{\"@type\":\"ImageObject\",\"inLanguage\":\"es-AR\",\"@id\":\"https:\/\/web.consaguirre.com.ar\/noticias\/def-leppard-anuncia-el-reino-unido-y-europa-tour\/#primaryimage\",\"url\":\"https:\/\/web.consaguirre.com.ar\/noticias\/wp-content\/uploads\/2025\/09\/Def-Leppard-anuncia-el-Reino-Unido-y-Europa-Tour.jpg\",\"contentUrl\":\"https:\/\/web.consaguirre.com.ar\/noticias\/wp-content\/uploads\/2025\/09\/Def-Leppard-anuncia-el-Reino-Unido-y-Europa-Tour.jpg\",\"width\":1440,\"height\":864,\"caption\":\"Def Leppard anuncia el Reino Unido y Europa Tour\"},{\"@type\":\"BreadcrumbList\",\"@id\":\"https:\/\/web.consaguirre.com.ar\/noticias\/def-leppard-anuncia-el-reino-unido-y-europa-tour\/#breadcrumb\",\"itemListElement\":[{\"@type\":\"ListItem\",\"position\":1,\"name\":\"Inicio\",\"item\":\"https:\/\/web.consaguirre.com.ar\/noticias\/\"},{\"@type\":\"ListItem\",\"position\":2,\"name\":\"Def Leppard anuncia el Reino Unido y Europa Tour\"}]},{\"@type\":\"WebSite\",\"@id\":\"https:\/\/web.consaguirre.com.ar\/noticias\/#website\",\"url\":\"https:\/\/web.consaguirre.com.ar\/noticias\/\",\"name\":\"Conservatorio de M\u00fasica Juli\u00e1n Aguirre\",\"description\":\"\",\"publisher\":{\"@id\":\"https:\/\/web.consaguirre.com.ar\/noticias\/#organization\"},\"potentialAction\":[{\"@type\":\"SearchAction\",\"target\":{\"@type\":\"EntryPoint\",\"urlTemplate\":\"https:\/\/web.consaguirre.com.ar\/noticias\/?s={search_term_string}\"},\"query-input\":\"required name=search_term_string\"}],\"inLanguage\":\"es-AR\"},{\"@type\":\"Organization\",\"@id\":\"https:\/\/web.consaguirre.com.ar\/noticias\/#organization\",\"name\":\"Conservatorio de M\u00fasica Juli\u00e1n Aguirre\",\"url\":\"https:\/\/web.consaguirre.com.ar\/noticias\/\",\"logo\":{\"@type\":\"ImageObject\",\"inLanguage\":\"es-AR\",\"@id\":\"https:\/\/web.consaguirre.com.ar\/noticias\/#\/schema\/logo\/image\/\",\"url\":\"https:\/\/web.consaguirre.com.ar\/noticias\/wp-content\/uploads\/2024\/08\/Banner-Aguirre-23.jpg\",\"contentUrl\":\"https:\/\/web.consaguirre.com.ar\/noticias\/wp-content\/uploads\/2024\/08\/Banner-Aguirre-23.jpg\",\"width\":1192,\"height\":600,\"caption\":\"Conservatorio de M\u00fasica Juli\u00e1n Aguirre\"},\"image\":{\"@id\":\"https:\/\/web.consaguirre.com.ar\/noticias\/#\/schema\/logo\/image\/\"}},{\"@type\":\"Person\",\"@id\":\"https:\/\/web.consaguirre.com.ar\/noticias\/#\/schema\/person\/6558b0cfedee7ddc5425602b237d5722\",\"name\":\"Javier Figueroa\",\"image\":{\"@type\":\"ImageObject\",\"inLanguage\":\"es-AR\",\"@id\":\"https:\/\/web.consaguirre.com.ar\/noticias\/#\/schema\/person\/image\/\",\"url\":\"https:\/\/web.consaguirre.com.ar\/noticias\/wp-content\/uploads\/2024\/08\/Consaguirre-scaled.jpg\",\"contentUrl\":\"https:\/\/web.consaguirre.com.ar\/noticias\/wp-content\/uploads\/2024\/08\/Consaguirre-scaled.jpg\",\"caption\":\"Javier Figueroa\"},\"description\":\"Me llamo Javier Figueroa y soy redactor para el sitio oficial del Conservatorio de M\u00fasica Juli\u00e1n Aguirre en Buenos Aires, consaguirre.com. Apasionado por la m\u00fasica y la escritura, me esfuerzo por destacar los talentos y eventos de nuestra prestigiosa instituci\u00f3n. Mi trayectoria se nutre de una profunda admiraci\u00f3n por los artistas, haciendo de cada art\u00edculo una celebraci\u00f3n de la creatividad y la cultura musical.\",\"sameAs\":[\"https:\/\/web.consaguirre.com.ar\/noticias\"]}]}<\/script>\n<!-- \/ Yoast SEO plugin. -->","yoast_head_json":{"title":"Def Leppard anuncia el Reino Unido y Europa Tour","robots":{"index":"index","follow":"follow","max-snippet":"max-snippet:-1","max-image-preview":"max-image-preview:large","max-video-preview":"max-video-preview:-1"},"canonical":"https:\/\/web.consaguirre.com.ar\/noticias\/def-leppard-anuncia-el-reino-unido-y-europa-tour\/","og_locale":"es_ES","og_type":"article","og_title":"Def Leppard anuncia el Reino Unido y Europa Tour","og_description":"Con el verano terminando, Def Leppard ya est\u00e1 haciendo planes para rockear el pr\u00f3ximo. El Sal\u00f3n de la Fama del Rock &#038; Roll ha anunciado","og_url":"https:\/\/web.consaguirre.com.ar\/noticias\/def-leppard-anuncia-el-reino-unido-y-europa-tour\/","og_site_name":"Conservatorio de M\u00fasica Juli\u00e1n Aguirre","article_published_time":"2025-09-02T17:39:51+00:00","article_modified_time":"2025-09-02T17:39:53+00:00","og_image":[{"width":1440,"height":864,"url":"https:\/\/web.consaguirre.com.ar\/noticias\/wp-content\/uploads\/2025\/09\/Def-Leppard-anuncia-el-Reino-Unido-y-Europa-Tour.jpg","type":"image\/jpeg"}],"author":"Javier Figueroa","twitter_card":"summary_large_image","twitter_misc":{"Escrito por":"Javier Figueroa","Tiempo de lectura":"2 minutos"},"schema":{"@context":"https:\/\/schema.org","@graph":[{"@type":"Article","@id":"https:\/\/web.consaguirre.com.ar\/noticias\/def-leppard-anuncia-el-reino-unido-y-europa-tour\/#article","isPartOf":{"@id":"https:\/\/web.consaguirre.com.ar\/noticias\/def-leppard-anuncia-el-reino-unido-y-europa-tour\/"},"author":{"name":"Javier Figueroa","@id":"https:\/\/web.consaguirre.com.ar\/noticias\/#\/schema\/person\/6558b0cfedee7ddc5425602b237d5722"},"headline":"Def Leppard anuncia el Reino Unido y Europa Tour","datePublished":"2025-09-02T17:39:51+00:00","dateModified":"2025-09-02T17:39:53+00:00","mainEntityOfPage":{"@id":"https:\/\/web.consaguirre.com.ar\/noticias\/def-leppard-anuncia-el-reino-unido-y-europa-tour\/"},"wordCount":408,"publisher":{"@id":"https:\/\/web.consaguirre.com.ar\/noticias\/#organization"},"image":{"@id":"https:\/\/web.consaguirre.com.ar\/noticias\/def-leppard-anuncia-el-reino-unido-y-europa-tour\/#primaryimage"},"thumbnailUrl":"https:\/\/web.consaguirre.com.ar\/noticias\/wp-content\/uploads\/2025\/09\/Def-Leppard-anuncia-el-Reino-Unido-y-Europa-Tour.jpg","keywords":["anuncia","Def","Europa","Leppard","Reino","Tour","Unido"],"articleSection":["El \u00faltimo"],"inLanguage":"es-AR"},{"@type":"WebPage","@id":"https:\/\/web.consaguirre.com.ar\/noticias\/def-leppard-anuncia-el-reino-unido-y-europa-tour\/","url":"https:\/\/web.consaguirre.com.ar\/noticias\/def-leppard-anuncia-el-reino-unido-y-europa-tour\/","name":"Def Leppard anuncia el Reino Unido y Europa Tour","isPartOf":{"@id":"https:\/\/web.consaguirre.com.ar\/noticias\/#website"},"primaryImageOfPage":{"@id":"https:\/\/web.consaguirre.com.ar\/noticias\/def-leppard-anuncia-el-reino-unido-y-europa-tour\/#primaryimage"},"image":{"@id":"https:\/\/web.consaguirre.com.ar\/noticias\/def-leppard-anuncia-el-reino-unido-y-europa-tour\/#primaryimage"},"thumbnailUrl":"https:\/\/web.consaguirre.com.ar\/noticias\/wp-content\/uploads\/2025\/09\/Def-Leppard-anuncia-el-Reino-Unido-y-Europa-Tour.jpg","datePublished":"2025-09-02T17:39:51+00:00","dateModified":"2025-09-02T17:39:53+00:00","breadcrumb":{"@id":"https:\/\/web.consaguirre.com.ar\/noticias\/def-leppard-anuncia-el-reino-unido-y-europa-tour\/#breadcrumb"},"inLanguage":"es-AR","potentialAction":[{"@type":"ReadAction","target":["https:\/\/web.consaguirre.com.ar\/noticias\/def-leppard-anuncia-el-reino-unido-y-europa-tour\/"]}]},{"@type":"ImageObject","inLanguage":"es-AR","@id":"https:\/\/web.consaguirre.com.ar\/noticias\/def-leppard-anuncia-el-reino-unido-y-europa-tour\/#primaryimage","url":"https:\/\/web.consaguirre.com.ar\/noticias\/wp-content\/uploads\/2025\/09\/Def-Leppard-anuncia-el-Reino-Unido-y-Europa-Tour.jpg","contentUrl":"https:\/\/web.consaguirre.com.ar\/noticias\/wp-content\/uploads\/2025\/09\/Def-Leppard-anuncia-el-Reino-Unido-y-Europa-Tour.jpg","width":1440,"height":864,"caption":"Def Leppard anuncia el Reino Unido y Europa Tour"},{"@type":"BreadcrumbList","@id":"https:\/\/web.consaguirre.com.ar\/noticias\/def-leppard-anuncia-el-reino-unido-y-europa-tour\/#breadcrumb","itemListElement":[{"@type":"ListItem","position":1,"name":"Inicio","item":"https:\/\/web.consaguirre.com.ar\/noticias\/"},{"@type":"ListItem","position":2,"name":"Def Leppard anuncia el Reino Unido y Europa Tour"}]},{"@type":"WebSite","@id":"https:\/\/web.consaguirre.com.ar\/noticias\/#website","url":"https:\/\/web.consaguirre.com.ar\/noticias\/","name":"Conservatorio de M\u00fasica Juli\u00e1n Aguirre","description":"","publisher":{"@id":"https:\/\/web.consaguirre.com.ar\/noticias\/#organization"},"potentialAction":[{"@type":"SearchAction","target":{"@type":"EntryPoint","urlTemplate":"https:\/\/web.consaguirre.com.ar\/noticias\/?s={search_term_string}"},"query-input":"required name=search_term_string"}],"inLanguage":"es-AR"},{"@type":"Organization","@id":"https:\/\/web.consaguirre.com.ar\/noticias\/#organization","name":"Conservatorio de M\u00fasica Juli\u00e1n Aguirre","url":"https:\/\/web.consaguirre.com.ar\/noticias\/","logo":{"@type":"ImageObject","inLanguage":"es-AR","@id":"https:\/\/web.consaguirre.com.ar\/noticias\/#\/schema\/logo\/image\/","url":"https:\/\/web.consaguirre.com.ar\/noticias\/wp-content\/uploads\/2024\/08\/Banner-Aguirre-23.jpg","contentUrl":"https:\/\/web.consaguirre.com.ar\/noticias\/wp-content\/uploads\/2024\/08\/Banner-Aguirre-23.jpg","width":1192,"height":600,"caption":"Conservatorio de M\u00fasica Juli\u00e1n Aguirre"},"image":{"@id":"https:\/\/web.consaguirre.com.ar\/noticias\/#\/schema\/logo\/image\/"}},{"@type":"Person","@id":"https:\/\/web.consaguirre.com.ar\/noticias\/#\/schema\/person\/6558b0cfedee7ddc5425602b237d5722","name":"Javier Figueroa","image":{"@type":"ImageObject","inLanguage":"es-AR","@id":"https:\/\/web.consaguirre.com.ar\/noticias\/#\/schema\/person\/image\/","url":"https:\/\/web.consaguirre.com.ar\/noticias\/wp-content\/uploads\/2024\/08\/Consaguirre-scaled.jpg","contentUrl":"https:\/\/web.consaguirre.com.ar\/noticias\/wp-content\/uploads\/2024\/08\/Consaguirre-scaled.jpg","caption":"Javier Figueroa"},"description":"Me llamo Javier Figueroa y soy redactor para el sitio oficial del Conservatorio de M\u00fasica Juli\u00e1n Aguirre en Buenos Aires, consaguirre.com. Apasionado por la m\u00fasica y la escritura, me esfuerzo por destacar los talentos y eventos de nuestra prestigiosa instituci\u00f3n. Mi trayectoria se nutre de una profunda admiraci\u00f3n por los artistas, haciendo de cada art\u00edculo una celebraci\u00f3n de la creatividad y la cultura musical.","sameAs":["https:\/\/web.consaguirre.com.ar\/noticias"]}]}},"_links":{"self":[{"href":"https:\/\/web.consaguirre.com.ar\/noticias\/wp-json\/wp\/v2\/posts\/3602"}],"collection":[{"href":"https:\/\/web.consaguirre.com.ar\/noticias\/wp-json\/wp\/v2\/posts"}],"about":[{"href":"https:\/\/web.consaguirre.com.ar\/noticias\/wp-json\/wp\/v2\/types\/post"}],"author":[{"embeddable":true,"href":"https:\/\/web.consaguirre.com.ar\/noticias\/wp-json\/wp\/v2\/users\/1"}],"replies":[{"embeddable":true,"href":"https:\/\/web.consaguirre.com.ar\/noticias\/wp-json\/wp\/v2\/comments?post=3602"}],"version-history":[{"count":1,"href":"https:\/\/web.consaguirre.com.ar\/noticias\/wp-json\/wp\/v2\/posts\/3602\/revisions"}],"predecessor-version":[{"id":3604,"href":"https:\/\/web.consaguirre.com.ar\/noticias\/wp-json\/wp\/v2\/posts\/3602\/revisions\/3604"}],"wp:featuredmedia":[{"embeddable":true,"href":"https:\/\/web.consaguirre.com.ar\/noticias\/wp-json\/wp\/v2\/media\/3603"}],"wp:attachment":[{"href":"https:\/\/web.consaguirre.com.ar\/noticias\/wp-json\/wp\/v2\/media?parent=3602"}],"wp:term":[{"taxonomy":"category","embeddable":true,"href":"https:\/\/web.consaguirre.com.ar\/noticias\/wp-json\/wp\/v2\/categories?post=3602"},{"taxonomy":"post_tag","embeddable":true,"href":"https:\/\/web.consaguirre.com.ar\/noticias\/wp-json\/wp\/v2\/tags?post=3602"}],"curies":[{"name":"wp","href":"https:\/\/api.w.org\/{rel}","templated":true}]}}