{"id":3575,"date":"2025-08-29T05:38:36","date_gmt":"2025-08-29T08:38:36","guid":{"rendered":"https:\/\/web.consaguirre.com.ar\/noticias\/margaritaville-anuncia-el-segundo-dia-anual-de-jimmy-buffett\/"},"modified":"2025-08-29T05:38:37","modified_gmt":"2025-08-29T08:38:37","slug":"margaritaville-anuncia-el-segundo-dia-anual-de-jimmy-buffett","status":"publish","type":"post","link":"https:\/\/web.consaguirre.com.ar\/noticias\/margaritaville-anuncia-el-segundo-dia-anual-de-jimmy-buffett\/","title":{"rendered":"Margaritaville anuncia el segundo d\u00eda anual de Jimmy Buffett"},"content":{"rendered":"<p>El segundo d\u00eda anual de Jimmy Buffett est\u00e1 a punto de comenzar. A partir del 29 de agosto y continuando durante todo el fin de semana del D\u00eda del Trabajo, los restaurantes de Margaritaville, resorts, hoteles, comunidades y cruceros en todo el mundo celebrar\u00e1n el legado del difunto cantante y compositor con activaciones del consumidor, paquetes de habitaciones, promociones de bebidas y un d\u00eda de servicio con innumerables formas de retribuir.<\/p>\n<p>Las festividades beneficiar\u00e1n a una variedad de organizaciones, incluido Singing for Change, la organizaci\u00f3n sin fines de lucro, Buffett fundada en 1995. El canto para el cambio apoya a las organizaciones inclusivas y de base dise\u00f1adas para inspirar el crecimiento personal, la integraci\u00f3n comunitaria y la acci\u00f3n colectiva. El objetivo declarado de la Fundaci\u00f3n es ayudar a las personas y las comunidades a ser m\u00e1s inteligentes, m\u00e1s seguros, m\u00e1s fuertes, m\u00e1s saludables y completos.<\/p>\n<p>&#8220;Nuestro d\u00eda de servicio es un reflejo de la creencia de Jimmy en vivir la vida con prop\u00f3sito, alegr\u00eda y generosidad&#8221;, dijo Tamara Baldanza-Dekker de Margaritaville. &#8220;Desde limpiezas de playa hasta conciertos beneficiosos, cada propiedad de Margaritaville est\u00e1 teniendo un impacto positivo en su propia comunidad, mientras celebra colectivamente el esp\u00edritu que Jimmy trajo al mundo. Invitamos a nuestros invitados a unirse a nosotros, ya sea en una ubicaci\u00f3n de Margaritaville o pag\u00e1ndolo a su manera, independientemente de su latitud&#8221;.<\/p>\n<p>Cada propiedad de Margaritaville est\u00e1 organizando su propio evento \u00fanico del D\u00eda Jimmy Buffett. El Margaritaville Hotel San Diego Gaslamp organizar\u00e1 un concierto ben\u00e9fico que apoya a la Fundaci\u00f3n de M\u00fasica de San Diego en sus 5 en punto en alg\u00fan lugar de la azotea, con bandas locales, una subasta silenciosa con tem\u00e1tica de viajes y m\u00e1s. El cincuenta por ciento de los ingresos por alimentos y bebidas se donar\u00e1 a la causa. Mientras tanto, el Fort Myers Beach Resort est\u00e1 apoyando la conexi\u00f3n del autismo con un &#8220;carnaval de diversi\u00f3n&#8221; con juegos, actividades y manualidades sensoriales, junto con especiales de bebidas conmemorativas que benefician a la causa.<\/p>\n<p>Varios esfuerzos de limpieza ser\u00e1n parte de la iniciativa. Adem\u00e1s de apoyar al Joe DiMaggio Children&#8217;s Hospital con su Beach Bash anual, los miembros del equipo de Margaritaville Hollywood Beach Resort encabezar\u00e1n una limpieza de playa y una promoci\u00f3n de &#8220;c\u00f3cteles para una causa&#8221;. Margaritaville Resort Lake Tahoe est\u00e1 reforzando los esfuerzos de Keep Tahoe Blue al participar en una limpieza comunitaria y financiar la organizaci\u00f3n sin fines de lucro con donaciones de $ 10 de cada reserva elegible como parte del paquete &#8220;Keep the Party&#8221;.<\/p>\n<p>Margaritaville at Sea Islander encabezar\u00e1 una limpieza de la playa de Costa Maya que apoya a Menos Pl\u00e1sstico es Fant\u00e1stico, mientras que Margaritaville at Sea Paradise est\u00e1 trabajando con la Academia Mar\u00edtima de Palm Beach, invitando a los estudiantes a bordo de recorrer el barco, conocer al Capit\u00e1n y aprender sobre la industria mar\u00edtima. De vuelta en tierra en Margaritaville Resort Gatlinburg, los miembros del equipo apoyar\u00e1n la Sociedad Humana del Condado de Sevier con turnos de voluntarios en el Refugio de Animales, mientras que los invitados ser\u00e1n invitados a donar suministros para mascotas y apoyar sus propios refugios locales.<\/p>\n<p>A ra\u00edz de la muerte de Buffett en 2023, recientemente se han vuelto a emitir grandes franjas de su cat\u00e1logo en vinilo. Todo el a\u00f1o pasado, las nuevas oleadas de reediciones de Buffett se lavaron en tierra, llevando los queridos lanzamientos de regreso al formato por primera vez en d\u00e9cadas y varios lanzamientos de los 90 en vinilo por primera vez.<\/p>\n<p><b>Compre la m\u00fasica de Jimmy Buffett en vinilo o CD ahora.<\/b><\/p>\n","protected":false},"excerpt":{"rendered":"<p>El segundo d\u00eda anual de Jimmy Buffett est\u00e1 a punto de comenzar. A partir del 29 de agosto y continuando durante todo el fin de<\/p>\n","protected":false},"author":1,"featured_media":3576,"comment_status":"closed","ping_status":"","sticky":false,"template":"","format":"standard","meta":{"footnotes":""},"categories":[50],"tags":[2528,56,3088,921,566,3087,981],"class_list":["post-3575","post","type-post","status-publish","format-standard","has-post-thumbnail","hentry","category-el-ultimo","tag-anual","tag-anuncia","tag-buffett","tag-dia","tag-jimmy","tag-margaritaville","tag-segundo","generate-columns","tablet-grid-50","mobile-grid-100","grid-parent","grid-50"],"yoast_head":"<!-- This site is optimized with the Yoast SEO plugin v23.3 - https:\/\/yoast.com\/wordpress\/plugins\/seo\/ -->\n<title>Margaritaville anuncia el segundo d\u00eda anual de Jimmy Buffett<\/title>\n<meta name=\"robots\" content=\"index, follow, max-snippet:-1, max-image-preview:large, max-video-preview:-1\" \/>\n<link rel=\"canonical\" href=\"https:\/\/web.consaguirre.com.ar\/noticias\/margaritaville-anuncia-el-segundo-dia-anual-de-jimmy-buffett\/\" \/>\n<meta property=\"og:locale\" content=\"es_ES\" \/>\n<meta property=\"og:type\" content=\"article\" \/>\n<meta property=\"og:title\" content=\"Margaritaville anuncia el segundo d\u00eda anual de Jimmy Buffett\" \/>\n<meta property=\"og:description\" content=\"El segundo d\u00eda anual de Jimmy Buffett est\u00e1 a punto de comenzar. A partir del 29 de agosto y continuando durante todo el fin de\" \/>\n<meta property=\"og:url\" content=\"https:\/\/web.consaguirre.com.ar\/noticias\/margaritaville-anuncia-el-segundo-dia-anual-de-jimmy-buffett\/\" \/>\n<meta property=\"og:site_name\" content=\"Conservatorio de M\u00fasica Juli\u00e1n Aguirre\" \/>\n<meta property=\"article:published_time\" content=\"2025-08-29T08:38:36+00:00\" \/>\n<meta property=\"article:modified_time\" content=\"2025-08-29T08:38:37+00:00\" \/>\n<meta property=\"og:image\" content=\"https:\/\/web.consaguirre.com.ar\/noticias\/wp-content\/uploads\/2025\/08\/Margaritaville-anuncia-el-segundo-dia-anual-de-Jimmy-Buffett.jpg\" \/>\n\t<meta property=\"og:image:width\" content=\"1440\" \/>\n\t<meta property=\"og:image:height\" content=\"864\" \/>\n\t<meta property=\"og:image:type\" content=\"image\/jpeg\" \/>\n<meta name=\"author\" content=\"Javier Figueroa\" \/>\n<meta name=\"twitter:card\" content=\"summary_large_image\" \/>\n<meta name=\"twitter:label1\" content=\"Escrito por\" \/>\n\t<meta name=\"twitter:data1\" content=\"Javier Figueroa\" \/>\n\t<meta name=\"twitter:label2\" content=\"Tiempo de lectura\" \/>\n\t<meta name=\"twitter:data2\" content=\"3 minutos\" \/>\n<script type=\"application\/ld+json\" class=\"yoast-schema-graph\">{\"@context\":\"https:\/\/schema.org\",\"@graph\":[{\"@type\":\"Article\",\"@id\":\"https:\/\/web.consaguirre.com.ar\/noticias\/margaritaville-anuncia-el-segundo-dia-anual-de-jimmy-buffett\/#article\",\"isPartOf\":{\"@id\":\"https:\/\/web.consaguirre.com.ar\/noticias\/margaritaville-anuncia-el-segundo-dia-anual-de-jimmy-buffett\/\"},\"author\":{\"name\":\"Javier Figueroa\",\"@id\":\"https:\/\/web.consaguirre.com.ar\/noticias\/#\/schema\/person\/6558b0cfedee7ddc5425602b237d5722\"},\"headline\":\"Margaritaville anuncia el segundo d\u00eda anual de Jimmy Buffett\",\"datePublished\":\"2025-08-29T08:38:36+00:00\",\"dateModified\":\"2025-08-29T08:38:37+00:00\",\"mainEntityOfPage\":{\"@id\":\"https:\/\/web.consaguirre.com.ar\/noticias\/margaritaville-anuncia-el-segundo-dia-anual-de-jimmy-buffett\/\"},\"wordCount\":642,\"publisher\":{\"@id\":\"https:\/\/web.consaguirre.com.ar\/noticias\/#organization\"},\"image\":{\"@id\":\"https:\/\/web.consaguirre.com.ar\/noticias\/margaritaville-anuncia-el-segundo-dia-anual-de-jimmy-buffett\/#primaryimage\"},\"thumbnailUrl\":\"https:\/\/web.consaguirre.com.ar\/noticias\/wp-content\/uploads\/2025\/08\/Margaritaville-anuncia-el-segundo-dia-anual-de-Jimmy-Buffett.jpg\",\"keywords\":[\"anual\",\"anuncia\",\"Buffett\",\"d\u00eda\",\"Jimmy\",\"Margaritaville\",\"segundo\"],\"articleSection\":[\"El \u00faltimo\"],\"inLanguage\":\"es-AR\"},{\"@type\":\"WebPage\",\"@id\":\"https:\/\/web.consaguirre.com.ar\/noticias\/margaritaville-anuncia-el-segundo-dia-anual-de-jimmy-buffett\/\",\"url\":\"https:\/\/web.consaguirre.com.ar\/noticias\/margaritaville-anuncia-el-segundo-dia-anual-de-jimmy-buffett\/\",\"name\":\"Margaritaville anuncia el segundo d\u00eda anual de Jimmy Buffett\",\"isPartOf\":{\"@id\":\"https:\/\/web.consaguirre.com.ar\/noticias\/#website\"},\"primaryImageOfPage\":{\"@id\":\"https:\/\/web.consaguirre.com.ar\/noticias\/margaritaville-anuncia-el-segundo-dia-anual-de-jimmy-buffett\/#primaryimage\"},\"image\":{\"@id\":\"https:\/\/web.consaguirre.com.ar\/noticias\/margaritaville-anuncia-el-segundo-dia-anual-de-jimmy-buffett\/#primaryimage\"},\"thumbnailUrl\":\"https:\/\/web.consaguirre.com.ar\/noticias\/wp-content\/uploads\/2025\/08\/Margaritaville-anuncia-el-segundo-dia-anual-de-Jimmy-Buffett.jpg\",\"datePublished\":\"2025-08-29T08:38:36+00:00\",\"dateModified\":\"2025-08-29T08:38:37+00:00\",\"breadcrumb\":{\"@id\":\"https:\/\/web.consaguirre.com.ar\/noticias\/margaritaville-anuncia-el-segundo-dia-anual-de-jimmy-buffett\/#breadcrumb\"},\"inLanguage\":\"es-AR\",\"potentialAction\":[{\"@type\":\"ReadAction\",\"target\":[\"https:\/\/web.consaguirre.com.ar\/noticias\/margaritaville-anuncia-el-segundo-dia-anual-de-jimmy-buffett\/\"]}]},{\"@type\":\"ImageObject\",\"inLanguage\":\"es-AR\",\"@id\":\"https:\/\/web.consaguirre.com.ar\/noticias\/margaritaville-anuncia-el-segundo-dia-anual-de-jimmy-buffett\/#primaryimage\",\"url\":\"https:\/\/web.consaguirre.com.ar\/noticias\/wp-content\/uploads\/2025\/08\/Margaritaville-anuncia-el-segundo-dia-anual-de-Jimmy-Buffett.jpg\",\"contentUrl\":\"https:\/\/web.consaguirre.com.ar\/noticias\/wp-content\/uploads\/2025\/08\/Margaritaville-anuncia-el-segundo-dia-anual-de-Jimmy-Buffett.jpg\",\"width\":1440,\"height\":864,\"caption\":\"Margaritaville anuncia el segundo d\u00eda anual de Jimmy Buffett\"},{\"@type\":\"BreadcrumbList\",\"@id\":\"https:\/\/web.consaguirre.com.ar\/noticias\/margaritaville-anuncia-el-segundo-dia-anual-de-jimmy-buffett\/#breadcrumb\",\"itemListElement\":[{\"@type\":\"ListItem\",\"position\":1,\"name\":\"Inicio\",\"item\":\"https:\/\/web.consaguirre.com.ar\/noticias\/\"},{\"@type\":\"ListItem\",\"position\":2,\"name\":\"Margaritaville anuncia el segundo d\u00eda anual de Jimmy Buffett\"}]},{\"@type\":\"WebSite\",\"@id\":\"https:\/\/web.consaguirre.com.ar\/noticias\/#website\",\"url\":\"https:\/\/web.consaguirre.com.ar\/noticias\/\",\"name\":\"Conservatorio de M\u00fasica Juli\u00e1n Aguirre\",\"description\":\"\",\"publisher\":{\"@id\":\"https:\/\/web.consaguirre.com.ar\/noticias\/#organization\"},\"potentialAction\":[{\"@type\":\"SearchAction\",\"target\":{\"@type\":\"EntryPoint\",\"urlTemplate\":\"https:\/\/web.consaguirre.com.ar\/noticias\/?s={search_term_string}\"},\"query-input\":\"required name=search_term_string\"}],\"inLanguage\":\"es-AR\"},{\"@type\":\"Organization\",\"@id\":\"https:\/\/web.consaguirre.com.ar\/noticias\/#organization\",\"name\":\"Conservatorio de M\u00fasica Juli\u00e1n Aguirre\",\"url\":\"https:\/\/web.consaguirre.com.ar\/noticias\/\",\"logo\":{\"@type\":\"ImageObject\",\"inLanguage\":\"es-AR\",\"@id\":\"https:\/\/web.consaguirre.com.ar\/noticias\/#\/schema\/logo\/image\/\",\"url\":\"https:\/\/web.consaguirre.com.ar\/noticias\/wp-content\/uploads\/2024\/08\/Banner-Aguirre-23.jpg\",\"contentUrl\":\"https:\/\/web.consaguirre.com.ar\/noticias\/wp-content\/uploads\/2024\/08\/Banner-Aguirre-23.jpg\",\"width\":1192,\"height\":600,\"caption\":\"Conservatorio de M\u00fasica Juli\u00e1n Aguirre\"},\"image\":{\"@id\":\"https:\/\/web.consaguirre.com.ar\/noticias\/#\/schema\/logo\/image\/\"}},{\"@type\":\"Person\",\"@id\":\"https:\/\/web.consaguirre.com.ar\/noticias\/#\/schema\/person\/6558b0cfedee7ddc5425602b237d5722\",\"name\":\"Javier Figueroa\",\"image\":{\"@type\":\"ImageObject\",\"inLanguage\":\"es-AR\",\"@id\":\"https:\/\/web.consaguirre.com.ar\/noticias\/#\/schema\/person\/image\/\",\"url\":\"https:\/\/web.consaguirre.com.ar\/noticias\/wp-content\/uploads\/2024\/08\/Consaguirre-scaled.jpg\",\"contentUrl\":\"https:\/\/web.consaguirre.com.ar\/noticias\/wp-content\/uploads\/2024\/08\/Consaguirre-scaled.jpg\",\"caption\":\"Javier Figueroa\"},\"description\":\"Me llamo Javier Figueroa y soy redactor para el sitio oficial del Conservatorio de M\u00fasica Juli\u00e1n Aguirre en Buenos Aires, consaguirre.com. Apasionado por la m\u00fasica y la escritura, me esfuerzo por destacar los talentos y eventos de nuestra prestigiosa instituci\u00f3n. Mi trayectoria se nutre de una profunda admiraci\u00f3n por los artistas, haciendo de cada art\u00edculo una celebraci\u00f3n de la creatividad y la cultura musical.\",\"sameAs\":[\"https:\/\/web.consaguirre.com.ar\/noticias\"]}]}<\/script>\n<!-- \/ Yoast SEO plugin. -->","yoast_head_json":{"title":"Margaritaville anuncia el segundo d\u00eda anual de Jimmy Buffett","robots":{"index":"index","follow":"follow","max-snippet":"max-snippet:-1","max-image-preview":"max-image-preview:large","max-video-preview":"max-video-preview:-1"},"canonical":"https:\/\/web.consaguirre.com.ar\/noticias\/margaritaville-anuncia-el-segundo-dia-anual-de-jimmy-buffett\/","og_locale":"es_ES","og_type":"article","og_title":"Margaritaville anuncia el segundo d\u00eda anual de Jimmy Buffett","og_description":"El segundo d\u00eda anual de Jimmy Buffett est\u00e1 a punto de comenzar. A partir del 29 de agosto y continuando durante todo el fin de","og_url":"https:\/\/web.consaguirre.com.ar\/noticias\/margaritaville-anuncia-el-segundo-dia-anual-de-jimmy-buffett\/","og_site_name":"Conservatorio de M\u00fasica Juli\u00e1n Aguirre","article_published_time":"2025-08-29T08:38:36+00:00","article_modified_time":"2025-08-29T08:38:37+00:00","og_image":[{"width":1440,"height":864,"url":"https:\/\/web.consaguirre.com.ar\/noticias\/wp-content\/uploads\/2025\/08\/Margaritaville-anuncia-el-segundo-dia-anual-de-Jimmy-Buffett.jpg","type":"image\/jpeg"}],"author":"Javier Figueroa","twitter_card":"summary_large_image","twitter_misc":{"Escrito por":"Javier Figueroa","Tiempo de lectura":"3 minutos"},"schema":{"@context":"https:\/\/schema.org","@graph":[{"@type":"Article","@id":"https:\/\/web.consaguirre.com.ar\/noticias\/margaritaville-anuncia-el-segundo-dia-anual-de-jimmy-buffett\/#article","isPartOf":{"@id":"https:\/\/web.consaguirre.com.ar\/noticias\/margaritaville-anuncia-el-segundo-dia-anual-de-jimmy-buffett\/"},"author":{"name":"Javier Figueroa","@id":"https:\/\/web.consaguirre.com.ar\/noticias\/#\/schema\/person\/6558b0cfedee7ddc5425602b237d5722"},"headline":"Margaritaville anuncia el segundo d\u00eda anual de Jimmy Buffett","datePublished":"2025-08-29T08:38:36+00:00","dateModified":"2025-08-29T08:38:37+00:00","mainEntityOfPage":{"@id":"https:\/\/web.consaguirre.com.ar\/noticias\/margaritaville-anuncia-el-segundo-dia-anual-de-jimmy-buffett\/"},"wordCount":642,"publisher":{"@id":"https:\/\/web.consaguirre.com.ar\/noticias\/#organization"},"image":{"@id":"https:\/\/web.consaguirre.com.ar\/noticias\/margaritaville-anuncia-el-segundo-dia-anual-de-jimmy-buffett\/#primaryimage"},"thumbnailUrl":"https:\/\/web.consaguirre.com.ar\/noticias\/wp-content\/uploads\/2025\/08\/Margaritaville-anuncia-el-segundo-dia-anual-de-Jimmy-Buffett.jpg","keywords":["anual","anuncia","Buffett","d\u00eda","Jimmy","Margaritaville","segundo"],"articleSection":["El \u00faltimo"],"inLanguage":"es-AR"},{"@type":"WebPage","@id":"https:\/\/web.consaguirre.com.ar\/noticias\/margaritaville-anuncia-el-segundo-dia-anual-de-jimmy-buffett\/","url":"https:\/\/web.consaguirre.com.ar\/noticias\/margaritaville-anuncia-el-segundo-dia-anual-de-jimmy-buffett\/","name":"Margaritaville anuncia el segundo d\u00eda anual de Jimmy Buffett","isPartOf":{"@id":"https:\/\/web.consaguirre.com.ar\/noticias\/#website"},"primaryImageOfPage":{"@id":"https:\/\/web.consaguirre.com.ar\/noticias\/margaritaville-anuncia-el-segundo-dia-anual-de-jimmy-buffett\/#primaryimage"},"image":{"@id":"https:\/\/web.consaguirre.com.ar\/noticias\/margaritaville-anuncia-el-segundo-dia-anual-de-jimmy-buffett\/#primaryimage"},"thumbnailUrl":"https:\/\/web.consaguirre.com.ar\/noticias\/wp-content\/uploads\/2025\/08\/Margaritaville-anuncia-el-segundo-dia-anual-de-Jimmy-Buffett.jpg","datePublished":"2025-08-29T08:38:36+00:00","dateModified":"2025-08-29T08:38:37+00:00","breadcrumb":{"@id":"https:\/\/web.consaguirre.com.ar\/noticias\/margaritaville-anuncia-el-segundo-dia-anual-de-jimmy-buffett\/#breadcrumb"},"inLanguage":"es-AR","potentialAction":[{"@type":"ReadAction","target":["https:\/\/web.consaguirre.com.ar\/noticias\/margaritaville-anuncia-el-segundo-dia-anual-de-jimmy-buffett\/"]}]},{"@type":"ImageObject","inLanguage":"es-AR","@id":"https:\/\/web.consaguirre.com.ar\/noticias\/margaritaville-anuncia-el-segundo-dia-anual-de-jimmy-buffett\/#primaryimage","url":"https:\/\/web.consaguirre.com.ar\/noticias\/wp-content\/uploads\/2025\/08\/Margaritaville-anuncia-el-segundo-dia-anual-de-Jimmy-Buffett.jpg","contentUrl":"https:\/\/web.consaguirre.com.ar\/noticias\/wp-content\/uploads\/2025\/08\/Margaritaville-anuncia-el-segundo-dia-anual-de-Jimmy-Buffett.jpg","width":1440,"height":864,"caption":"Margaritaville anuncia el segundo d\u00eda anual de Jimmy Buffett"},{"@type":"BreadcrumbList","@id":"https:\/\/web.consaguirre.com.ar\/noticias\/margaritaville-anuncia-el-segundo-dia-anual-de-jimmy-buffett\/#breadcrumb","itemListElement":[{"@type":"ListItem","position":1,"name":"Inicio","item":"https:\/\/web.consaguirre.com.ar\/noticias\/"},{"@type":"ListItem","position":2,"name":"Margaritaville anuncia el segundo d\u00eda anual de Jimmy Buffett"}]},{"@type":"WebSite","@id":"https:\/\/web.consaguirre.com.ar\/noticias\/#website","url":"https:\/\/web.consaguirre.com.ar\/noticias\/","name":"Conservatorio de M\u00fasica Juli\u00e1n Aguirre","description":"","publisher":{"@id":"https:\/\/web.consaguirre.com.ar\/noticias\/#organization"},"potentialAction":[{"@type":"SearchAction","target":{"@type":"EntryPoint","urlTemplate":"https:\/\/web.consaguirre.com.ar\/noticias\/?s={search_term_string}"},"query-input":"required name=search_term_string"}],"inLanguage":"es-AR"},{"@type":"Organization","@id":"https:\/\/web.consaguirre.com.ar\/noticias\/#organization","name":"Conservatorio de M\u00fasica Juli\u00e1n Aguirre","url":"https:\/\/web.consaguirre.com.ar\/noticias\/","logo":{"@type":"ImageObject","inLanguage":"es-AR","@id":"https:\/\/web.consaguirre.com.ar\/noticias\/#\/schema\/logo\/image\/","url":"https:\/\/web.consaguirre.com.ar\/noticias\/wp-content\/uploads\/2024\/08\/Banner-Aguirre-23.jpg","contentUrl":"https:\/\/web.consaguirre.com.ar\/noticias\/wp-content\/uploads\/2024\/08\/Banner-Aguirre-23.jpg","width":1192,"height":600,"caption":"Conservatorio de M\u00fasica Juli\u00e1n Aguirre"},"image":{"@id":"https:\/\/web.consaguirre.com.ar\/noticias\/#\/schema\/logo\/image\/"}},{"@type":"Person","@id":"https:\/\/web.consaguirre.com.ar\/noticias\/#\/schema\/person\/6558b0cfedee7ddc5425602b237d5722","name":"Javier Figueroa","image":{"@type":"ImageObject","inLanguage":"es-AR","@id":"https:\/\/web.consaguirre.com.ar\/noticias\/#\/schema\/person\/image\/","url":"https:\/\/web.consaguirre.com.ar\/noticias\/wp-content\/uploads\/2024\/08\/Consaguirre-scaled.jpg","contentUrl":"https:\/\/web.consaguirre.com.ar\/noticias\/wp-content\/uploads\/2024\/08\/Consaguirre-scaled.jpg","caption":"Javier Figueroa"},"description":"Me llamo Javier Figueroa y soy redactor para el sitio oficial del Conservatorio de M\u00fasica Juli\u00e1n Aguirre en Buenos Aires, consaguirre.com. Apasionado por la m\u00fasica y la escritura, me esfuerzo por destacar los talentos y eventos de nuestra prestigiosa instituci\u00f3n. Mi trayectoria se nutre de una profunda admiraci\u00f3n por los artistas, haciendo de cada art\u00edculo una celebraci\u00f3n de la creatividad y la cultura musical.","sameAs":["https:\/\/web.consaguirre.com.ar\/noticias"]}]}},"_links":{"self":[{"href":"https:\/\/web.consaguirre.com.ar\/noticias\/wp-json\/wp\/v2\/posts\/3575"}],"collection":[{"href":"https:\/\/web.consaguirre.com.ar\/noticias\/wp-json\/wp\/v2\/posts"}],"about":[{"href":"https:\/\/web.consaguirre.com.ar\/noticias\/wp-json\/wp\/v2\/types\/post"}],"author":[{"embeddable":true,"href":"https:\/\/web.consaguirre.com.ar\/noticias\/wp-json\/wp\/v2\/users\/1"}],"replies":[{"embeddable":true,"href":"https:\/\/web.consaguirre.com.ar\/noticias\/wp-json\/wp\/v2\/comments?post=3575"}],"version-history":[{"count":1,"href":"https:\/\/web.consaguirre.com.ar\/noticias\/wp-json\/wp\/v2\/posts\/3575\/revisions"}],"predecessor-version":[{"id":3577,"href":"https:\/\/web.consaguirre.com.ar\/noticias\/wp-json\/wp\/v2\/posts\/3575\/revisions\/3577"}],"wp:featuredmedia":[{"embeddable":true,"href":"https:\/\/web.consaguirre.com.ar\/noticias\/wp-json\/wp\/v2\/media\/3576"}],"wp:attachment":[{"href":"https:\/\/web.consaguirre.com.ar\/noticias\/wp-json\/wp\/v2\/media?parent=3575"}],"wp:term":[{"taxonomy":"category","embeddable":true,"href":"https:\/\/web.consaguirre.com.ar\/noticias\/wp-json\/wp\/v2\/categories?post=3575"},{"taxonomy":"post_tag","embeddable":true,"href":"https:\/\/web.consaguirre.com.ar\/noticias\/wp-json\/wp\/v2\/tags?post=3575"}],"curies":[{"name":"wp","href":"https:\/\/api.w.org\/{rel}","templated":true}]}}