{"id":3569,"date":"2025-08-28T23:38:14","date_gmt":"2025-08-29T02:38:14","guid":{"rendered":"https:\/\/web.consaguirre.com.ar\/noticias\/benee-anuncia-un-nuevo-album-ur-an-angel-im-just-partchles\/"},"modified":"2025-08-28T23:38:17","modified_gmt":"2025-08-29T02:38:17","slug":"benee-anuncia-un-nuevo-album-ur-an-angel-im-just-partchles","status":"publish","type":"post","link":"https:\/\/web.consaguirre.com.ar\/noticias\/benee-anuncia-un-nuevo-album-ur-an-angel-im-just-partchles\/","title":{"rendered":"Benee anuncia un nuevo \u00e1lbum, &#8216;Ur an Angel I&#8217;m Just Partchles&#8217;"},"content":{"rendered":"<p>Benee, la estrella que primero hizo su nombre con singles como &#8220;Supalonely&#8221;, se est\u00e1 preparando para su nuevo \u00e1lbum <em>Eres un \u00e1ngel, solo soy part\u00edculas<\/em> con un nuevo sencillo. &#8220;Cinnamon&#8221; llega hoy, acompa\u00f1ado de un nuevo video musical que ve al cantante adornado con Fur Auburn en una variedad de lugares. <em>Eres un \u00e1ngel, solo soy part\u00edculas<\/em> saldr\u00e1 el 7 de noviembre.<\/p>\n<p>Benee anunci\u00f3 el \u00e1lbum en s\u00ed junto con el lanzamiento de &#8220;Cinnamon&#8221;, compartiendo que ha estado trabajando en esto durante unos tres a\u00f1os, \u00a1y estoy muy feliz de finalmente lanzar mi segundo \u00e1lbum! &#8221; El cantante contin\u00faa: &#8220;Trabaj\u00e9 muy duro en esto y tuve una historia realmente clara para el \u00e1lbum. Con el tiempo, realmente comenz\u00f3 a tener sentido, y estoy muy orgulloso de ello, \u00a1significa el mundo para m\u00ed!&#8221;<\/p>\n<div class=\"uD-YT-container\"><img decoding=\"async\" src=\"https:\/\/web.consaguirre.com.ar\/noticias\/wp-content\/uploads\/2025\/08\/1756435094_109_Benee-anuncia-un-nuevo-album-Ur-an-Angel-Im-Just.jpg\" alt=\"Video de YouTube\"><br \/>Haga clic para cargar video<\/div>\n<p>&#8220;Cinnamon&#8221; fue escrita por Benee con su amigo Ryan Raines, a quien el cantante se refiere como &#8220;un productor incre\u00edble&#8221;. &#8220;Lo logramos hace aproximadamente un a\u00f1o, y me ha encantado la canci\u00f3n desde el principio. Estoy tan emocionado de compartirla con el mundo, significa mucho para m\u00ed&#8221;, contin\u00faa Benee. &#8220;Lo escrib\u00ed sobre mudarme a Los \u00c1ngeles y sentirme un poco perdido en el caos, como si todo se estaba desmoronando. Sent\u00ed que nada estaba funcionando. El coro es bastante et\u00e9reo y un buen dejar ir para m\u00ed. Pens\u00e9: &#8216;Bueno, incluso si todo a mi alrededor se ha vuelto a la mierda, me mantendr\u00e9 dulce, a\u00fan as\u00ed ser amable y atraer a las personas correctas&#8217;. \u00a1Tengo a mi amigo Sora para tocar el violonchelo en el puente, que a veces lloro.<\/p>\n<p>En 2019, Benee llam\u00f3 la atenci\u00f3n por primera vez en su natal de Nueva Zelanda para sus singles &#8220;Glitter&#8221; y &#8220;Soeded&#8221;. Pero su avance internacional lleg\u00f3 cuando su sencillo &#8220;Supalonely&#8221; con Gus Dapperton tuvo un momento enorme en el avance durante la pandemia de 2020. En 2022, Benee lanz\u00f3 un EP, <em>Lychee<\/em>que conten\u00eda \u00e9xitos como &#8220;no importa&#8221; y &#8220;Beach Boys&#8221;. Anteriormente se burlaba un poco de <em>Eres un \u00e1ngel, solo soy part\u00edculas<\/em> con el sencillo &#8220;Off the Rails&#8221; llegando el pasado junio.<\/p>\n<p><b>Ordenar a Benee <em>Eres un \u00e1ngel, solo soy part\u00edculas<\/em> en vinilo o CD ahora.<\/b><\/p>\n","protected":false},"excerpt":{"rendered":"<p>Benee, la estrella que primero hizo su nombre con singles como &#8220;Supalonely&#8221;, se est\u00e1 preparando para su nuevo \u00e1lbum Eres un \u00e1ngel, solo soy part\u00edculas<\/p>\n","protected":false},"author":1,"featured_media":3570,"comment_status":"closed","ping_status":"","sticky":false,"template":"","format":"standard","meta":{"footnotes":""},"categories":[50],"tags":[147,601,56,3084,146,3085],"class_list":["post-3569","post","type-post","status-publish","format-standard","has-post-thumbnail","hentry","category-el-ultimo","tag-album","tag-angel","tag-anuncia","tag-benee","tag-nuevo","tag-partchles","generate-columns","tablet-grid-50","mobile-grid-100","grid-parent","grid-50"],"yoast_head":"<!-- This site is optimized with the Yoast SEO plugin v23.3 - https:\/\/yoast.com\/wordpress\/plugins\/seo\/ -->\n<title>Benee anuncia un nuevo \u00e1lbum, &#039;Ur an Angel I&#039;m Just Partchles&#039;<\/title>\n<meta name=\"robots\" content=\"index, follow, max-snippet:-1, max-image-preview:large, max-video-preview:-1\" \/>\n<link rel=\"canonical\" href=\"https:\/\/web.consaguirre.com.ar\/noticias\/benee-anuncia-un-nuevo-album-ur-an-angel-im-just-partchles\/\" \/>\n<meta property=\"og:locale\" content=\"es_ES\" \/>\n<meta property=\"og:type\" content=\"article\" \/>\n<meta property=\"og:title\" content=\"Benee anuncia un nuevo \u00e1lbum, &#039;Ur an Angel I&#039;m Just Partchles&#039;\" \/>\n<meta property=\"og:description\" content=\"Benee, la estrella que primero hizo su nombre con singles como &#8220;Supalonely&#8221;, se est\u00e1 preparando para su nuevo \u00e1lbum Eres un \u00e1ngel, solo soy part\u00edculas\" \/>\n<meta property=\"og:url\" content=\"https:\/\/web.consaguirre.com.ar\/noticias\/benee-anuncia-un-nuevo-album-ur-an-angel-im-just-partchles\/\" \/>\n<meta property=\"og:site_name\" content=\"Conservatorio de M\u00fasica Juli\u00e1n Aguirre\" \/>\n<meta property=\"article:published_time\" content=\"2025-08-29T02:38:14+00:00\" \/>\n<meta property=\"article:modified_time\" content=\"2025-08-29T02:38:17+00:00\" \/>\n<meta property=\"og:image\" content=\"https:\/\/web.consaguirre.com.ar\/noticias\/wp-content\/uploads\/2025\/08\/Benee-anuncia-un-nuevo-album-Ur-an-Angel-Im-Just.jpg\" \/>\n\t<meta property=\"og:image:width\" content=\"1280\" \/>\n\t<meta property=\"og:image:height\" content=\"1280\" \/>\n\t<meta property=\"og:image:type\" content=\"image\/jpeg\" \/>\n<meta name=\"author\" content=\"Javier Figueroa\" \/>\n<meta name=\"twitter:card\" content=\"summary_large_image\" \/>\n<meta name=\"twitter:label1\" content=\"Escrito por\" \/>\n\t<meta name=\"twitter:data1\" content=\"Javier Figueroa\" \/>\n\t<meta name=\"twitter:label2\" content=\"Tiempo de lectura\" \/>\n\t<meta name=\"twitter:data2\" content=\"2 minutos\" \/>\n<script type=\"application\/ld+json\" class=\"yoast-schema-graph\">{\"@context\":\"https:\/\/schema.org\",\"@graph\":[{\"@type\":\"Article\",\"@id\":\"https:\/\/web.consaguirre.com.ar\/noticias\/benee-anuncia-un-nuevo-album-ur-an-angel-im-just-partchles\/#article\",\"isPartOf\":{\"@id\":\"https:\/\/web.consaguirre.com.ar\/noticias\/benee-anuncia-un-nuevo-album-ur-an-angel-im-just-partchles\/\"},\"author\":{\"name\":\"Javier Figueroa\",\"@id\":\"https:\/\/web.consaguirre.com.ar\/noticias\/#\/schema\/person\/6558b0cfedee7ddc5425602b237d5722\"},\"headline\":\"Benee anuncia un nuevo \u00e1lbum, &#8216;Ur an Angel I&#8217;m Just Partchles&#8217;\",\"datePublished\":\"2025-08-29T02:38:14+00:00\",\"dateModified\":\"2025-08-29T02:38:17+00:00\",\"mainEntityOfPage\":{\"@id\":\"https:\/\/web.consaguirre.com.ar\/noticias\/benee-anuncia-un-nuevo-album-ur-an-angel-im-just-partchles\/\"},\"wordCount\":385,\"publisher\":{\"@id\":\"https:\/\/web.consaguirre.com.ar\/noticias\/#organization\"},\"image\":{\"@id\":\"https:\/\/web.consaguirre.com.ar\/noticias\/benee-anuncia-un-nuevo-album-ur-an-angel-im-just-partchles\/#primaryimage\"},\"thumbnailUrl\":\"https:\/\/web.consaguirre.com.ar\/noticias\/wp-content\/uploads\/2025\/08\/Benee-anuncia-un-nuevo-album-Ur-an-Angel-Im-Just.jpg\",\"keywords\":[\"\u00e1lbum\",\"Angel\",\"anuncia\",\"Benee\",\"nuevo\",\"Partchles\"],\"articleSection\":[\"El \u00faltimo\"],\"inLanguage\":\"es-AR\"},{\"@type\":\"WebPage\",\"@id\":\"https:\/\/web.consaguirre.com.ar\/noticias\/benee-anuncia-un-nuevo-album-ur-an-angel-im-just-partchles\/\",\"url\":\"https:\/\/web.consaguirre.com.ar\/noticias\/benee-anuncia-un-nuevo-album-ur-an-angel-im-just-partchles\/\",\"name\":\"Benee anuncia un nuevo \u00e1lbum, 'Ur an Angel I'm Just Partchles'\",\"isPartOf\":{\"@id\":\"https:\/\/web.consaguirre.com.ar\/noticias\/#website\"},\"primaryImageOfPage\":{\"@id\":\"https:\/\/web.consaguirre.com.ar\/noticias\/benee-anuncia-un-nuevo-album-ur-an-angel-im-just-partchles\/#primaryimage\"},\"image\":{\"@id\":\"https:\/\/web.consaguirre.com.ar\/noticias\/benee-anuncia-un-nuevo-album-ur-an-angel-im-just-partchles\/#primaryimage\"},\"thumbnailUrl\":\"https:\/\/web.consaguirre.com.ar\/noticias\/wp-content\/uploads\/2025\/08\/Benee-anuncia-un-nuevo-album-Ur-an-Angel-Im-Just.jpg\",\"datePublished\":\"2025-08-29T02:38:14+00:00\",\"dateModified\":\"2025-08-29T02:38:17+00:00\",\"breadcrumb\":{\"@id\":\"https:\/\/web.consaguirre.com.ar\/noticias\/benee-anuncia-un-nuevo-album-ur-an-angel-im-just-partchles\/#breadcrumb\"},\"inLanguage\":\"es-AR\",\"potentialAction\":[{\"@type\":\"ReadAction\",\"target\":[\"https:\/\/web.consaguirre.com.ar\/noticias\/benee-anuncia-un-nuevo-album-ur-an-angel-im-just-partchles\/\"]}]},{\"@type\":\"ImageObject\",\"inLanguage\":\"es-AR\",\"@id\":\"https:\/\/web.consaguirre.com.ar\/noticias\/benee-anuncia-un-nuevo-album-ur-an-angel-im-just-partchles\/#primaryimage\",\"url\":\"https:\/\/web.consaguirre.com.ar\/noticias\/wp-content\/uploads\/2025\/08\/Benee-anuncia-un-nuevo-album-Ur-an-Angel-Im-Just.jpg\",\"contentUrl\":\"https:\/\/web.consaguirre.com.ar\/noticias\/wp-content\/uploads\/2025\/08\/Benee-anuncia-un-nuevo-album-Ur-an-Angel-Im-Just.jpg\",\"width\":1280,\"height\":1280,\"caption\":\"Benee anuncia un nuevo \u00e1lbum, 'Ur an Angel I'm Just Partchles'\"},{\"@type\":\"BreadcrumbList\",\"@id\":\"https:\/\/web.consaguirre.com.ar\/noticias\/benee-anuncia-un-nuevo-album-ur-an-angel-im-just-partchles\/#breadcrumb\",\"itemListElement\":[{\"@type\":\"ListItem\",\"position\":1,\"name\":\"Inicio\",\"item\":\"https:\/\/web.consaguirre.com.ar\/noticias\/\"},{\"@type\":\"ListItem\",\"position\":2,\"name\":\"Benee anuncia un nuevo \u00e1lbum, &#8216;Ur an Angel I&#8217;m Just Partchles&#8217;\"}]},{\"@type\":\"WebSite\",\"@id\":\"https:\/\/web.consaguirre.com.ar\/noticias\/#website\",\"url\":\"https:\/\/web.consaguirre.com.ar\/noticias\/\",\"name\":\"Conservatorio de M\u00fasica Juli\u00e1n Aguirre\",\"description\":\"\",\"publisher\":{\"@id\":\"https:\/\/web.consaguirre.com.ar\/noticias\/#organization\"},\"potentialAction\":[{\"@type\":\"SearchAction\",\"target\":{\"@type\":\"EntryPoint\",\"urlTemplate\":\"https:\/\/web.consaguirre.com.ar\/noticias\/?s={search_term_string}\"},\"query-input\":\"required name=search_term_string\"}],\"inLanguage\":\"es-AR\"},{\"@type\":\"Organization\",\"@id\":\"https:\/\/web.consaguirre.com.ar\/noticias\/#organization\",\"name\":\"Conservatorio de M\u00fasica Juli\u00e1n Aguirre\",\"url\":\"https:\/\/web.consaguirre.com.ar\/noticias\/\",\"logo\":{\"@type\":\"ImageObject\",\"inLanguage\":\"es-AR\",\"@id\":\"https:\/\/web.consaguirre.com.ar\/noticias\/#\/schema\/logo\/image\/\",\"url\":\"https:\/\/web.consaguirre.com.ar\/noticias\/wp-content\/uploads\/2024\/08\/Banner-Aguirre-23.jpg\",\"contentUrl\":\"https:\/\/web.consaguirre.com.ar\/noticias\/wp-content\/uploads\/2024\/08\/Banner-Aguirre-23.jpg\",\"width\":1192,\"height\":600,\"caption\":\"Conservatorio de M\u00fasica Juli\u00e1n Aguirre\"},\"image\":{\"@id\":\"https:\/\/web.consaguirre.com.ar\/noticias\/#\/schema\/logo\/image\/\"}},{\"@type\":\"Person\",\"@id\":\"https:\/\/web.consaguirre.com.ar\/noticias\/#\/schema\/person\/6558b0cfedee7ddc5425602b237d5722\",\"name\":\"Javier Figueroa\",\"image\":{\"@type\":\"ImageObject\",\"inLanguage\":\"es-AR\",\"@id\":\"https:\/\/web.consaguirre.com.ar\/noticias\/#\/schema\/person\/image\/\",\"url\":\"https:\/\/web.consaguirre.com.ar\/noticias\/wp-content\/uploads\/2024\/08\/Consaguirre-scaled.jpg\",\"contentUrl\":\"https:\/\/web.consaguirre.com.ar\/noticias\/wp-content\/uploads\/2024\/08\/Consaguirre-scaled.jpg\",\"caption\":\"Javier Figueroa\"},\"description\":\"Me llamo Javier Figueroa y soy redactor para el sitio oficial del Conservatorio de M\u00fasica Juli\u00e1n Aguirre en Buenos Aires, consaguirre.com. Apasionado por la m\u00fasica y la escritura, me esfuerzo por destacar los talentos y eventos de nuestra prestigiosa instituci\u00f3n. Mi trayectoria se nutre de una profunda admiraci\u00f3n por los artistas, haciendo de cada art\u00edculo una celebraci\u00f3n de la creatividad y la cultura musical.\",\"sameAs\":[\"https:\/\/web.consaguirre.com.ar\/noticias\"]}]}<\/script>\n<!-- \/ Yoast SEO plugin. -->","yoast_head_json":{"title":"Benee anuncia un nuevo \u00e1lbum, 'Ur an Angel I'm Just Partchles'","robots":{"index":"index","follow":"follow","max-snippet":"max-snippet:-1","max-image-preview":"max-image-preview:large","max-video-preview":"max-video-preview:-1"},"canonical":"https:\/\/web.consaguirre.com.ar\/noticias\/benee-anuncia-un-nuevo-album-ur-an-angel-im-just-partchles\/","og_locale":"es_ES","og_type":"article","og_title":"Benee anuncia un nuevo \u00e1lbum, 'Ur an Angel I'm Just Partchles'","og_description":"Benee, la estrella que primero hizo su nombre con singles como &#8220;Supalonely&#8221;, se est\u00e1 preparando para su nuevo \u00e1lbum Eres un \u00e1ngel, solo soy part\u00edculas","og_url":"https:\/\/web.consaguirre.com.ar\/noticias\/benee-anuncia-un-nuevo-album-ur-an-angel-im-just-partchles\/","og_site_name":"Conservatorio de M\u00fasica Juli\u00e1n Aguirre","article_published_time":"2025-08-29T02:38:14+00:00","article_modified_time":"2025-08-29T02:38:17+00:00","og_image":[{"width":1280,"height":1280,"url":"https:\/\/web.consaguirre.com.ar\/noticias\/wp-content\/uploads\/2025\/08\/Benee-anuncia-un-nuevo-album-Ur-an-Angel-Im-Just.jpg","type":"image\/jpeg"}],"author":"Javier Figueroa","twitter_card":"summary_large_image","twitter_misc":{"Escrito por":"Javier Figueroa","Tiempo de lectura":"2 minutos"},"schema":{"@context":"https:\/\/schema.org","@graph":[{"@type":"Article","@id":"https:\/\/web.consaguirre.com.ar\/noticias\/benee-anuncia-un-nuevo-album-ur-an-angel-im-just-partchles\/#article","isPartOf":{"@id":"https:\/\/web.consaguirre.com.ar\/noticias\/benee-anuncia-un-nuevo-album-ur-an-angel-im-just-partchles\/"},"author":{"name":"Javier Figueroa","@id":"https:\/\/web.consaguirre.com.ar\/noticias\/#\/schema\/person\/6558b0cfedee7ddc5425602b237d5722"},"headline":"Benee anuncia un nuevo \u00e1lbum, &#8216;Ur an Angel I&#8217;m Just Partchles&#8217;","datePublished":"2025-08-29T02:38:14+00:00","dateModified":"2025-08-29T02:38:17+00:00","mainEntityOfPage":{"@id":"https:\/\/web.consaguirre.com.ar\/noticias\/benee-anuncia-un-nuevo-album-ur-an-angel-im-just-partchles\/"},"wordCount":385,"publisher":{"@id":"https:\/\/web.consaguirre.com.ar\/noticias\/#organization"},"image":{"@id":"https:\/\/web.consaguirre.com.ar\/noticias\/benee-anuncia-un-nuevo-album-ur-an-angel-im-just-partchles\/#primaryimage"},"thumbnailUrl":"https:\/\/web.consaguirre.com.ar\/noticias\/wp-content\/uploads\/2025\/08\/Benee-anuncia-un-nuevo-album-Ur-an-Angel-Im-Just.jpg","keywords":["\u00e1lbum","Angel","anuncia","Benee","nuevo","Partchles"],"articleSection":["El \u00faltimo"],"inLanguage":"es-AR"},{"@type":"WebPage","@id":"https:\/\/web.consaguirre.com.ar\/noticias\/benee-anuncia-un-nuevo-album-ur-an-angel-im-just-partchles\/","url":"https:\/\/web.consaguirre.com.ar\/noticias\/benee-anuncia-un-nuevo-album-ur-an-angel-im-just-partchles\/","name":"Benee anuncia un nuevo \u00e1lbum, 'Ur an Angel I'm Just Partchles'","isPartOf":{"@id":"https:\/\/web.consaguirre.com.ar\/noticias\/#website"},"primaryImageOfPage":{"@id":"https:\/\/web.consaguirre.com.ar\/noticias\/benee-anuncia-un-nuevo-album-ur-an-angel-im-just-partchles\/#primaryimage"},"image":{"@id":"https:\/\/web.consaguirre.com.ar\/noticias\/benee-anuncia-un-nuevo-album-ur-an-angel-im-just-partchles\/#primaryimage"},"thumbnailUrl":"https:\/\/web.consaguirre.com.ar\/noticias\/wp-content\/uploads\/2025\/08\/Benee-anuncia-un-nuevo-album-Ur-an-Angel-Im-Just.jpg","datePublished":"2025-08-29T02:38:14+00:00","dateModified":"2025-08-29T02:38:17+00:00","breadcrumb":{"@id":"https:\/\/web.consaguirre.com.ar\/noticias\/benee-anuncia-un-nuevo-album-ur-an-angel-im-just-partchles\/#breadcrumb"},"inLanguage":"es-AR","potentialAction":[{"@type":"ReadAction","target":["https:\/\/web.consaguirre.com.ar\/noticias\/benee-anuncia-un-nuevo-album-ur-an-angel-im-just-partchles\/"]}]},{"@type":"ImageObject","inLanguage":"es-AR","@id":"https:\/\/web.consaguirre.com.ar\/noticias\/benee-anuncia-un-nuevo-album-ur-an-angel-im-just-partchles\/#primaryimage","url":"https:\/\/web.consaguirre.com.ar\/noticias\/wp-content\/uploads\/2025\/08\/Benee-anuncia-un-nuevo-album-Ur-an-Angel-Im-Just.jpg","contentUrl":"https:\/\/web.consaguirre.com.ar\/noticias\/wp-content\/uploads\/2025\/08\/Benee-anuncia-un-nuevo-album-Ur-an-Angel-Im-Just.jpg","width":1280,"height":1280,"caption":"Benee anuncia un nuevo \u00e1lbum, 'Ur an Angel I'm Just Partchles'"},{"@type":"BreadcrumbList","@id":"https:\/\/web.consaguirre.com.ar\/noticias\/benee-anuncia-un-nuevo-album-ur-an-angel-im-just-partchles\/#breadcrumb","itemListElement":[{"@type":"ListItem","position":1,"name":"Inicio","item":"https:\/\/web.consaguirre.com.ar\/noticias\/"},{"@type":"ListItem","position":2,"name":"Benee anuncia un nuevo \u00e1lbum, &#8216;Ur an Angel I&#8217;m Just Partchles&#8217;"}]},{"@type":"WebSite","@id":"https:\/\/web.consaguirre.com.ar\/noticias\/#website","url":"https:\/\/web.consaguirre.com.ar\/noticias\/","name":"Conservatorio de M\u00fasica Juli\u00e1n Aguirre","description":"","publisher":{"@id":"https:\/\/web.consaguirre.com.ar\/noticias\/#organization"},"potentialAction":[{"@type":"SearchAction","target":{"@type":"EntryPoint","urlTemplate":"https:\/\/web.consaguirre.com.ar\/noticias\/?s={search_term_string}"},"query-input":"required name=search_term_string"}],"inLanguage":"es-AR"},{"@type":"Organization","@id":"https:\/\/web.consaguirre.com.ar\/noticias\/#organization","name":"Conservatorio de M\u00fasica Juli\u00e1n Aguirre","url":"https:\/\/web.consaguirre.com.ar\/noticias\/","logo":{"@type":"ImageObject","inLanguage":"es-AR","@id":"https:\/\/web.consaguirre.com.ar\/noticias\/#\/schema\/logo\/image\/","url":"https:\/\/web.consaguirre.com.ar\/noticias\/wp-content\/uploads\/2024\/08\/Banner-Aguirre-23.jpg","contentUrl":"https:\/\/web.consaguirre.com.ar\/noticias\/wp-content\/uploads\/2024\/08\/Banner-Aguirre-23.jpg","width":1192,"height":600,"caption":"Conservatorio de M\u00fasica Juli\u00e1n Aguirre"},"image":{"@id":"https:\/\/web.consaguirre.com.ar\/noticias\/#\/schema\/logo\/image\/"}},{"@type":"Person","@id":"https:\/\/web.consaguirre.com.ar\/noticias\/#\/schema\/person\/6558b0cfedee7ddc5425602b237d5722","name":"Javier Figueroa","image":{"@type":"ImageObject","inLanguage":"es-AR","@id":"https:\/\/web.consaguirre.com.ar\/noticias\/#\/schema\/person\/image\/","url":"https:\/\/web.consaguirre.com.ar\/noticias\/wp-content\/uploads\/2024\/08\/Consaguirre-scaled.jpg","contentUrl":"https:\/\/web.consaguirre.com.ar\/noticias\/wp-content\/uploads\/2024\/08\/Consaguirre-scaled.jpg","caption":"Javier Figueroa"},"description":"Me llamo Javier Figueroa y soy redactor para el sitio oficial del Conservatorio de M\u00fasica Juli\u00e1n Aguirre en Buenos Aires, consaguirre.com. Apasionado por la m\u00fasica y la escritura, me esfuerzo por destacar los talentos y eventos de nuestra prestigiosa instituci\u00f3n. Mi trayectoria se nutre de una profunda admiraci\u00f3n por los artistas, haciendo de cada art\u00edculo una celebraci\u00f3n de la creatividad y la cultura musical.","sameAs":["https:\/\/web.consaguirre.com.ar\/noticias"]}]}},"_links":{"self":[{"href":"https:\/\/web.consaguirre.com.ar\/noticias\/wp-json\/wp\/v2\/posts\/3569"}],"collection":[{"href":"https:\/\/web.consaguirre.com.ar\/noticias\/wp-json\/wp\/v2\/posts"}],"about":[{"href":"https:\/\/web.consaguirre.com.ar\/noticias\/wp-json\/wp\/v2\/types\/post"}],"author":[{"embeddable":true,"href":"https:\/\/web.consaguirre.com.ar\/noticias\/wp-json\/wp\/v2\/users\/1"}],"replies":[{"embeddable":true,"href":"https:\/\/web.consaguirre.com.ar\/noticias\/wp-json\/wp\/v2\/comments?post=3569"}],"version-history":[{"count":1,"href":"https:\/\/web.consaguirre.com.ar\/noticias\/wp-json\/wp\/v2\/posts\/3569\/revisions"}],"predecessor-version":[{"id":3571,"href":"https:\/\/web.consaguirre.com.ar\/noticias\/wp-json\/wp\/v2\/posts\/3569\/revisions\/3571"}],"wp:featuredmedia":[{"embeddable":true,"href":"https:\/\/web.consaguirre.com.ar\/noticias\/wp-json\/wp\/v2\/media\/3570"}],"wp:attachment":[{"href":"https:\/\/web.consaguirre.com.ar\/noticias\/wp-json\/wp\/v2\/media?parent=3569"}],"wp:term":[{"taxonomy":"category","embeddable":true,"href":"https:\/\/web.consaguirre.com.ar\/noticias\/wp-json\/wp\/v2\/categories?post=3569"},{"taxonomy":"post_tag","embeddable":true,"href":"https:\/\/web.consaguirre.com.ar\/noticias\/wp-json\/wp\/v2\/tags?post=3569"}],"curies":[{"name":"wp","href":"https:\/\/api.w.org\/{rel}","templated":true}]}}