{"id":3566,"date":"2025-08-28T20:39:50","date_gmt":"2025-08-28T23:39:50","guid":{"rendered":"https:\/\/web.consaguirre.com.ar\/noticias\/the-weeknd-celebra-una-decada-de-belleza-detras-de-la-locura-con-nuevas-reediciones\/"},"modified":"2025-08-28T20:39:52","modified_gmt":"2025-08-28T23:39:52","slug":"the-weeknd-celebra-una-decada-de-belleza-detras-de-la-locura-con-nuevas-reediciones","status":"publish","type":"post","link":"https:\/\/web.consaguirre.com.ar\/noticias\/the-weeknd-celebra-una-decada-de-belleza-detras-de-la-locura-con-nuevas-reediciones\/","title":{"rendered":"The Weeknd celebra una d\u00e9cada de belleza detr\u00e1s de la locura con nuevas reediciones"},"content":{"rendered":"<p>The Weeknd celebra el aniversario de su \u00e1lbum de 2015, <em>Belleza detr\u00e1s de la locura<\/em>con estilo. La actividad incluye una lista de nuevas reediciones, incluidas las nuevas ediciones LP m\u00e1s un tr\u00edo de singles con pistas clave del \u00e1lbum.<\/p>\n<p>Se lanzar\u00e1n nuevos productos f\u00edsicos, liderados por un nuevo presionador de vinilo del d\u00e9cimo aniversario del \u00e1lbum. Tambi\u00e9n habr\u00e1 un disco de imagen LP m\u00e1s un tr\u00edo de singles de 7 pulgadas: un disco de imagen de 7 pulgadas &#8220;a menudo&#8221; b\/w &#8220;The Hills&#8221; de 7 pulgadas, un &#8220;no puedo sentir mi cara&#8221; b\/w &#8220;gan\u00f3&#8221; de 7 pulgadas, y un &#8220;decir a tus amigos&#8221; b\/w &#8220;conocidos&#8221; de 7 pulgadas.<\/p>\n<p>Revise la colecci\u00f3n completa aqu\u00ed.<\/p>\n<p><em>Belleza detr\u00e1s de la locura<\/em> Transform\u00f3 el Weeknd de un aclamado creador de \u00e9xitos a una sensaci\u00f3n global innegable. Poniendo un giro m\u00e1s accesible en el sonido caracter\u00edstico de Tesfaye mientras mantiene un pie en los estilos de R&#038;B alternativos de color oscuro que lo pusieron en el mapa, el \u00e1lbum sali\u00f3 dos \u00e9xitos No. 1 en el Billboard Hot 100, &#8220;Can&#8217;t Feel My Face&#8221; y &#8220;The Hills&#8221;. La lista de canciones est\u00e1 llena de \u00e9xitos adicionales, que incluyen &#8220;In the Night&#8221;, &#8220;Ganned It (Fifty Shades of Grey)&#8221;, &#8220;a menudo&#8221;, &#8220;Dile a tus amigos&#8221;, &#8220;Conocidos&#8221; y el &#8220;prisionero&#8221; de Lana del Rey &#8220;.<\/p>\n<p>Hablando con <em>Tiempo<\/em> revista En ese momento, Tesfaye describi\u00f3 su visi\u00f3n por <em>Belleza detr\u00e1s de la locura<\/em> y c\u00f3mo encaja en su carrera hasta ese momento. &#8220;El R&#038;B alternativo est\u00e1 en mi alma. No va a ninguna parte&#8221;, dijo. &#8220;Cuando publiqu\u00e9 canciones de <em>Casa de globos<\/em> En 2010, la gente dijo que volv\u00ed a R&#038;B. Supongo que es cuando se cre\u00f3 la etiqueta. Me siento honrado de que una buena parte de la m\u00fasica de hoy est\u00e9 inspirada en ella, consciente o inconscientemente. La \u00fanica forma en que podr\u00eda haber hecho era ser ambiciosa y grandiosa. Eso es lo que quiero hacer con <em>Belleza detr\u00e1s de la locura<\/em>. Quiero hacer que el pop sea genial nuevamente, y la \u00fanica forma en que puedo hacerlo es ser ambicioso y grandioso &#8220;.<\/p>\n<p><b>Compre la m\u00fasica de Weeknd en vinilo o CD ahora.<\/b><\/p>\n","protected":false},"excerpt":{"rendered":"<p>The Weeknd celebra el aniversario de su \u00e1lbum de 2015, Belleza detr\u00e1s de la locuracon estilo. La actividad incluye una lista de nuevas reediciones, incluidas<\/p>\n","protected":false},"author":1,"featured_media":3567,"comment_status":"closed","ping_status":"","sticky":false,"template":"","format":"standard","meta":{"footnotes":""},"categories":[50],"tags":[3082,114,32,3081,2728,3083,999,1347,191,664],"class_list":["post-3566","post","type-post","status-publish","format-standard","has-post-thumbnail","hentry","category-el-ultimo","tag-belleza","tag-celebra","tag-con","tag-decada","tag-detras","tag-locura","tag-nuevas","tag-reediciones","tag-una","tag-weeknd","generate-columns","tablet-grid-50","mobile-grid-100","grid-parent","grid-50"],"yoast_head":"<!-- This site is optimized with the Yoast SEO plugin v23.3 - https:\/\/yoast.com\/wordpress\/plugins\/seo\/ -->\n<title>The Weeknd celebra una d\u00e9cada de belleza detr\u00e1s de la locura con nuevas reediciones<\/title>\n<meta name=\"robots\" content=\"index, follow, max-snippet:-1, max-image-preview:large, max-video-preview:-1\" \/>\n<link rel=\"canonical\" href=\"https:\/\/web.consaguirre.com.ar\/noticias\/the-weeknd-celebra-una-decada-de-belleza-detras-de-la-locura-con-nuevas-reediciones\/\" \/>\n<meta property=\"og:locale\" content=\"es_ES\" \/>\n<meta property=\"og:type\" content=\"article\" \/>\n<meta property=\"og:title\" content=\"The Weeknd celebra una d\u00e9cada de belleza detr\u00e1s de la locura con nuevas reediciones\" \/>\n<meta property=\"og:description\" content=\"The Weeknd celebra el aniversario de su \u00e1lbum de 2015, Belleza detr\u00e1s de la locuracon estilo. La actividad incluye una lista de nuevas reediciones, incluidas\" \/>\n<meta property=\"og:url\" content=\"https:\/\/web.consaguirre.com.ar\/noticias\/the-weeknd-celebra-una-decada-de-belleza-detras-de-la-locura-con-nuevas-reediciones\/\" \/>\n<meta property=\"og:site_name\" content=\"Conservatorio de M\u00fasica Juli\u00e1n Aguirre\" \/>\n<meta property=\"article:published_time\" content=\"2025-08-28T23:39:50+00:00\" \/>\n<meta property=\"article:modified_time\" content=\"2025-08-28T23:39:52+00:00\" \/>\n<meta property=\"og:image\" content=\"https:\/\/web.consaguirre.com.ar\/noticias\/wp-content\/uploads\/2025\/08\/The-Weeknd-celebra-una-decada-de-belleza-detras-de-la.jpg\" \/>\n\t<meta property=\"og:image:width\" content=\"1280\" \/>\n\t<meta property=\"og:image:height\" content=\"1280\" \/>\n\t<meta property=\"og:image:type\" content=\"image\/jpeg\" \/>\n<meta name=\"author\" content=\"Javier Figueroa\" \/>\n<meta name=\"twitter:card\" content=\"summary_large_image\" \/>\n<meta name=\"twitter:label1\" content=\"Escrito por\" \/>\n\t<meta name=\"twitter:data1\" content=\"Javier Figueroa\" \/>\n\t<meta name=\"twitter:label2\" content=\"Tiempo de lectura\" \/>\n\t<meta name=\"twitter:data2\" content=\"2 minutos\" \/>\n<script type=\"application\/ld+json\" class=\"yoast-schema-graph\">{\"@context\":\"https:\/\/schema.org\",\"@graph\":[{\"@type\":\"Article\",\"@id\":\"https:\/\/web.consaguirre.com.ar\/noticias\/the-weeknd-celebra-una-decada-de-belleza-detras-de-la-locura-con-nuevas-reediciones\/#article\",\"isPartOf\":{\"@id\":\"https:\/\/web.consaguirre.com.ar\/noticias\/the-weeknd-celebra-una-decada-de-belleza-detras-de-la-locura-con-nuevas-reediciones\/\"},\"author\":{\"name\":\"Javier Figueroa\",\"@id\":\"https:\/\/web.consaguirre.com.ar\/noticias\/#\/schema\/person\/6558b0cfedee7ddc5425602b237d5722\"},\"headline\":\"The Weeknd celebra una d\u00e9cada de belleza detr\u00e1s de la locura con nuevas reediciones\",\"datePublished\":\"2025-08-28T23:39:50+00:00\",\"dateModified\":\"2025-08-28T23:39:52+00:00\",\"mainEntityOfPage\":{\"@id\":\"https:\/\/web.consaguirre.com.ar\/noticias\/the-weeknd-celebra-una-decada-de-belleza-detras-de-la-locura-con-nuevas-reediciones\/\"},\"wordCount\":389,\"publisher\":{\"@id\":\"https:\/\/web.consaguirre.com.ar\/noticias\/#organization\"},\"image\":{\"@id\":\"https:\/\/web.consaguirre.com.ar\/noticias\/the-weeknd-celebra-una-decada-de-belleza-detras-de-la-locura-con-nuevas-reediciones\/#primaryimage\"},\"thumbnailUrl\":\"https:\/\/web.consaguirre.com.ar\/noticias\/wp-content\/uploads\/2025\/08\/The-Weeknd-celebra-una-decada-de-belleza-detras-de-la.jpg\",\"keywords\":[\"belleza\",\"celebra\",\"con\",\"d\u00e9cada\",\"detr\u00e1s\",\"locura\",\"nuevas\",\"reediciones\",\"una\",\"Weeknd\"],\"articleSection\":[\"El \u00faltimo\"],\"inLanguage\":\"es-AR\"},{\"@type\":\"WebPage\",\"@id\":\"https:\/\/web.consaguirre.com.ar\/noticias\/the-weeknd-celebra-una-decada-de-belleza-detras-de-la-locura-con-nuevas-reediciones\/\",\"url\":\"https:\/\/web.consaguirre.com.ar\/noticias\/the-weeknd-celebra-una-decada-de-belleza-detras-de-la-locura-con-nuevas-reediciones\/\",\"name\":\"The Weeknd celebra una d\u00e9cada de belleza detr\u00e1s de la locura con nuevas reediciones\",\"isPartOf\":{\"@id\":\"https:\/\/web.consaguirre.com.ar\/noticias\/#website\"},\"primaryImageOfPage\":{\"@id\":\"https:\/\/web.consaguirre.com.ar\/noticias\/the-weeknd-celebra-una-decada-de-belleza-detras-de-la-locura-con-nuevas-reediciones\/#primaryimage\"},\"image\":{\"@id\":\"https:\/\/web.consaguirre.com.ar\/noticias\/the-weeknd-celebra-una-decada-de-belleza-detras-de-la-locura-con-nuevas-reediciones\/#primaryimage\"},\"thumbnailUrl\":\"https:\/\/web.consaguirre.com.ar\/noticias\/wp-content\/uploads\/2025\/08\/The-Weeknd-celebra-una-decada-de-belleza-detras-de-la.jpg\",\"datePublished\":\"2025-08-28T23:39:50+00:00\",\"dateModified\":\"2025-08-28T23:39:52+00:00\",\"breadcrumb\":{\"@id\":\"https:\/\/web.consaguirre.com.ar\/noticias\/the-weeknd-celebra-una-decada-de-belleza-detras-de-la-locura-con-nuevas-reediciones\/#breadcrumb\"},\"inLanguage\":\"es-AR\",\"potentialAction\":[{\"@type\":\"ReadAction\",\"target\":[\"https:\/\/web.consaguirre.com.ar\/noticias\/the-weeknd-celebra-una-decada-de-belleza-detras-de-la-locura-con-nuevas-reediciones\/\"]}]},{\"@type\":\"ImageObject\",\"inLanguage\":\"es-AR\",\"@id\":\"https:\/\/web.consaguirre.com.ar\/noticias\/the-weeknd-celebra-una-decada-de-belleza-detras-de-la-locura-con-nuevas-reediciones\/#primaryimage\",\"url\":\"https:\/\/web.consaguirre.com.ar\/noticias\/wp-content\/uploads\/2025\/08\/The-Weeknd-celebra-una-decada-de-belleza-detras-de-la.jpg\",\"contentUrl\":\"https:\/\/web.consaguirre.com.ar\/noticias\/wp-content\/uploads\/2025\/08\/The-Weeknd-celebra-una-decada-de-belleza-detras-de-la.jpg\",\"width\":1280,\"height\":1280,\"caption\":\"The Weeknd celebra una d\u00e9cada de belleza detr\u00e1s de la locura con nuevas reediciones\"},{\"@type\":\"BreadcrumbList\",\"@id\":\"https:\/\/web.consaguirre.com.ar\/noticias\/the-weeknd-celebra-una-decada-de-belleza-detras-de-la-locura-con-nuevas-reediciones\/#breadcrumb\",\"itemListElement\":[{\"@type\":\"ListItem\",\"position\":1,\"name\":\"Inicio\",\"item\":\"https:\/\/web.consaguirre.com.ar\/noticias\/\"},{\"@type\":\"ListItem\",\"position\":2,\"name\":\"The Weeknd celebra una d\u00e9cada de belleza detr\u00e1s de la locura con nuevas reediciones\"}]},{\"@type\":\"WebSite\",\"@id\":\"https:\/\/web.consaguirre.com.ar\/noticias\/#website\",\"url\":\"https:\/\/web.consaguirre.com.ar\/noticias\/\",\"name\":\"Conservatorio de M\u00fasica Juli\u00e1n Aguirre\",\"description\":\"\",\"publisher\":{\"@id\":\"https:\/\/web.consaguirre.com.ar\/noticias\/#organization\"},\"potentialAction\":[{\"@type\":\"SearchAction\",\"target\":{\"@type\":\"EntryPoint\",\"urlTemplate\":\"https:\/\/web.consaguirre.com.ar\/noticias\/?s={search_term_string}\"},\"query-input\":\"required name=search_term_string\"}],\"inLanguage\":\"es-AR\"},{\"@type\":\"Organization\",\"@id\":\"https:\/\/web.consaguirre.com.ar\/noticias\/#organization\",\"name\":\"Conservatorio de M\u00fasica Juli\u00e1n Aguirre\",\"url\":\"https:\/\/web.consaguirre.com.ar\/noticias\/\",\"logo\":{\"@type\":\"ImageObject\",\"inLanguage\":\"es-AR\",\"@id\":\"https:\/\/web.consaguirre.com.ar\/noticias\/#\/schema\/logo\/image\/\",\"url\":\"https:\/\/web.consaguirre.com.ar\/noticias\/wp-content\/uploads\/2024\/08\/Banner-Aguirre-23.jpg\",\"contentUrl\":\"https:\/\/web.consaguirre.com.ar\/noticias\/wp-content\/uploads\/2024\/08\/Banner-Aguirre-23.jpg\",\"width\":1192,\"height\":600,\"caption\":\"Conservatorio de M\u00fasica Juli\u00e1n Aguirre\"},\"image\":{\"@id\":\"https:\/\/web.consaguirre.com.ar\/noticias\/#\/schema\/logo\/image\/\"}},{\"@type\":\"Person\",\"@id\":\"https:\/\/web.consaguirre.com.ar\/noticias\/#\/schema\/person\/6558b0cfedee7ddc5425602b237d5722\",\"name\":\"Javier Figueroa\",\"image\":{\"@type\":\"ImageObject\",\"inLanguage\":\"es-AR\",\"@id\":\"https:\/\/web.consaguirre.com.ar\/noticias\/#\/schema\/person\/image\/\",\"url\":\"https:\/\/web.consaguirre.com.ar\/noticias\/wp-content\/uploads\/2024\/08\/Consaguirre-scaled.jpg\",\"contentUrl\":\"https:\/\/web.consaguirre.com.ar\/noticias\/wp-content\/uploads\/2024\/08\/Consaguirre-scaled.jpg\",\"caption\":\"Javier Figueroa\"},\"description\":\"Me llamo Javier Figueroa y soy redactor para el sitio oficial del Conservatorio de M\u00fasica Juli\u00e1n Aguirre en Buenos Aires, consaguirre.com. Apasionado por la m\u00fasica y la escritura, me esfuerzo por destacar los talentos y eventos de nuestra prestigiosa instituci\u00f3n. Mi trayectoria se nutre de una profunda admiraci\u00f3n por los artistas, haciendo de cada art\u00edculo una celebraci\u00f3n de la creatividad y la cultura musical.\",\"sameAs\":[\"https:\/\/web.consaguirre.com.ar\/noticias\"]}]}<\/script>\n<!-- \/ Yoast SEO plugin. -->","yoast_head_json":{"title":"The Weeknd celebra una d\u00e9cada de belleza detr\u00e1s de la locura con nuevas reediciones","robots":{"index":"index","follow":"follow","max-snippet":"max-snippet:-1","max-image-preview":"max-image-preview:large","max-video-preview":"max-video-preview:-1"},"canonical":"https:\/\/web.consaguirre.com.ar\/noticias\/the-weeknd-celebra-una-decada-de-belleza-detras-de-la-locura-con-nuevas-reediciones\/","og_locale":"es_ES","og_type":"article","og_title":"The Weeknd celebra una d\u00e9cada de belleza detr\u00e1s de la locura con nuevas reediciones","og_description":"The Weeknd celebra el aniversario de su \u00e1lbum de 2015, Belleza detr\u00e1s de la locuracon estilo. La actividad incluye una lista de nuevas reediciones, incluidas","og_url":"https:\/\/web.consaguirre.com.ar\/noticias\/the-weeknd-celebra-una-decada-de-belleza-detras-de-la-locura-con-nuevas-reediciones\/","og_site_name":"Conservatorio de M\u00fasica Juli\u00e1n Aguirre","article_published_time":"2025-08-28T23:39:50+00:00","article_modified_time":"2025-08-28T23:39:52+00:00","og_image":[{"width":1280,"height":1280,"url":"https:\/\/web.consaguirre.com.ar\/noticias\/wp-content\/uploads\/2025\/08\/The-Weeknd-celebra-una-decada-de-belleza-detras-de-la.jpg","type":"image\/jpeg"}],"author":"Javier Figueroa","twitter_card":"summary_large_image","twitter_misc":{"Escrito por":"Javier Figueroa","Tiempo de lectura":"2 minutos"},"schema":{"@context":"https:\/\/schema.org","@graph":[{"@type":"Article","@id":"https:\/\/web.consaguirre.com.ar\/noticias\/the-weeknd-celebra-una-decada-de-belleza-detras-de-la-locura-con-nuevas-reediciones\/#article","isPartOf":{"@id":"https:\/\/web.consaguirre.com.ar\/noticias\/the-weeknd-celebra-una-decada-de-belleza-detras-de-la-locura-con-nuevas-reediciones\/"},"author":{"name":"Javier Figueroa","@id":"https:\/\/web.consaguirre.com.ar\/noticias\/#\/schema\/person\/6558b0cfedee7ddc5425602b237d5722"},"headline":"The Weeknd celebra una d\u00e9cada de belleza detr\u00e1s de la locura con nuevas reediciones","datePublished":"2025-08-28T23:39:50+00:00","dateModified":"2025-08-28T23:39:52+00:00","mainEntityOfPage":{"@id":"https:\/\/web.consaguirre.com.ar\/noticias\/the-weeknd-celebra-una-decada-de-belleza-detras-de-la-locura-con-nuevas-reediciones\/"},"wordCount":389,"publisher":{"@id":"https:\/\/web.consaguirre.com.ar\/noticias\/#organization"},"image":{"@id":"https:\/\/web.consaguirre.com.ar\/noticias\/the-weeknd-celebra-una-decada-de-belleza-detras-de-la-locura-con-nuevas-reediciones\/#primaryimage"},"thumbnailUrl":"https:\/\/web.consaguirre.com.ar\/noticias\/wp-content\/uploads\/2025\/08\/The-Weeknd-celebra-una-decada-de-belleza-detras-de-la.jpg","keywords":["belleza","celebra","con","d\u00e9cada","detr\u00e1s","locura","nuevas","reediciones","una","Weeknd"],"articleSection":["El \u00faltimo"],"inLanguage":"es-AR"},{"@type":"WebPage","@id":"https:\/\/web.consaguirre.com.ar\/noticias\/the-weeknd-celebra-una-decada-de-belleza-detras-de-la-locura-con-nuevas-reediciones\/","url":"https:\/\/web.consaguirre.com.ar\/noticias\/the-weeknd-celebra-una-decada-de-belleza-detras-de-la-locura-con-nuevas-reediciones\/","name":"The Weeknd celebra una d\u00e9cada de belleza detr\u00e1s de la locura con nuevas reediciones","isPartOf":{"@id":"https:\/\/web.consaguirre.com.ar\/noticias\/#website"},"primaryImageOfPage":{"@id":"https:\/\/web.consaguirre.com.ar\/noticias\/the-weeknd-celebra-una-decada-de-belleza-detras-de-la-locura-con-nuevas-reediciones\/#primaryimage"},"image":{"@id":"https:\/\/web.consaguirre.com.ar\/noticias\/the-weeknd-celebra-una-decada-de-belleza-detras-de-la-locura-con-nuevas-reediciones\/#primaryimage"},"thumbnailUrl":"https:\/\/web.consaguirre.com.ar\/noticias\/wp-content\/uploads\/2025\/08\/The-Weeknd-celebra-una-decada-de-belleza-detras-de-la.jpg","datePublished":"2025-08-28T23:39:50+00:00","dateModified":"2025-08-28T23:39:52+00:00","breadcrumb":{"@id":"https:\/\/web.consaguirre.com.ar\/noticias\/the-weeknd-celebra-una-decada-de-belleza-detras-de-la-locura-con-nuevas-reediciones\/#breadcrumb"},"inLanguage":"es-AR","potentialAction":[{"@type":"ReadAction","target":["https:\/\/web.consaguirre.com.ar\/noticias\/the-weeknd-celebra-una-decada-de-belleza-detras-de-la-locura-con-nuevas-reediciones\/"]}]},{"@type":"ImageObject","inLanguage":"es-AR","@id":"https:\/\/web.consaguirre.com.ar\/noticias\/the-weeknd-celebra-una-decada-de-belleza-detras-de-la-locura-con-nuevas-reediciones\/#primaryimage","url":"https:\/\/web.consaguirre.com.ar\/noticias\/wp-content\/uploads\/2025\/08\/The-Weeknd-celebra-una-decada-de-belleza-detras-de-la.jpg","contentUrl":"https:\/\/web.consaguirre.com.ar\/noticias\/wp-content\/uploads\/2025\/08\/The-Weeknd-celebra-una-decada-de-belleza-detras-de-la.jpg","width":1280,"height":1280,"caption":"The Weeknd celebra una d\u00e9cada de belleza detr\u00e1s de la locura con nuevas reediciones"},{"@type":"BreadcrumbList","@id":"https:\/\/web.consaguirre.com.ar\/noticias\/the-weeknd-celebra-una-decada-de-belleza-detras-de-la-locura-con-nuevas-reediciones\/#breadcrumb","itemListElement":[{"@type":"ListItem","position":1,"name":"Inicio","item":"https:\/\/web.consaguirre.com.ar\/noticias\/"},{"@type":"ListItem","position":2,"name":"The Weeknd celebra una d\u00e9cada de belleza detr\u00e1s de la locura con nuevas reediciones"}]},{"@type":"WebSite","@id":"https:\/\/web.consaguirre.com.ar\/noticias\/#website","url":"https:\/\/web.consaguirre.com.ar\/noticias\/","name":"Conservatorio de M\u00fasica Juli\u00e1n Aguirre","description":"","publisher":{"@id":"https:\/\/web.consaguirre.com.ar\/noticias\/#organization"},"potentialAction":[{"@type":"SearchAction","target":{"@type":"EntryPoint","urlTemplate":"https:\/\/web.consaguirre.com.ar\/noticias\/?s={search_term_string}"},"query-input":"required name=search_term_string"}],"inLanguage":"es-AR"},{"@type":"Organization","@id":"https:\/\/web.consaguirre.com.ar\/noticias\/#organization","name":"Conservatorio de M\u00fasica Juli\u00e1n Aguirre","url":"https:\/\/web.consaguirre.com.ar\/noticias\/","logo":{"@type":"ImageObject","inLanguage":"es-AR","@id":"https:\/\/web.consaguirre.com.ar\/noticias\/#\/schema\/logo\/image\/","url":"https:\/\/web.consaguirre.com.ar\/noticias\/wp-content\/uploads\/2024\/08\/Banner-Aguirre-23.jpg","contentUrl":"https:\/\/web.consaguirre.com.ar\/noticias\/wp-content\/uploads\/2024\/08\/Banner-Aguirre-23.jpg","width":1192,"height":600,"caption":"Conservatorio de M\u00fasica Juli\u00e1n Aguirre"},"image":{"@id":"https:\/\/web.consaguirre.com.ar\/noticias\/#\/schema\/logo\/image\/"}},{"@type":"Person","@id":"https:\/\/web.consaguirre.com.ar\/noticias\/#\/schema\/person\/6558b0cfedee7ddc5425602b237d5722","name":"Javier Figueroa","image":{"@type":"ImageObject","inLanguage":"es-AR","@id":"https:\/\/web.consaguirre.com.ar\/noticias\/#\/schema\/person\/image\/","url":"https:\/\/web.consaguirre.com.ar\/noticias\/wp-content\/uploads\/2024\/08\/Consaguirre-scaled.jpg","contentUrl":"https:\/\/web.consaguirre.com.ar\/noticias\/wp-content\/uploads\/2024\/08\/Consaguirre-scaled.jpg","caption":"Javier Figueroa"},"description":"Me llamo Javier Figueroa y soy redactor para el sitio oficial del Conservatorio de M\u00fasica Juli\u00e1n Aguirre en Buenos Aires, consaguirre.com. Apasionado por la m\u00fasica y la escritura, me esfuerzo por destacar los talentos y eventos de nuestra prestigiosa instituci\u00f3n. Mi trayectoria se nutre de una profunda admiraci\u00f3n por los artistas, haciendo de cada art\u00edculo una celebraci\u00f3n de la creatividad y la cultura musical.","sameAs":["https:\/\/web.consaguirre.com.ar\/noticias"]}]}},"_links":{"self":[{"href":"https:\/\/web.consaguirre.com.ar\/noticias\/wp-json\/wp\/v2\/posts\/3566"}],"collection":[{"href":"https:\/\/web.consaguirre.com.ar\/noticias\/wp-json\/wp\/v2\/posts"}],"about":[{"href":"https:\/\/web.consaguirre.com.ar\/noticias\/wp-json\/wp\/v2\/types\/post"}],"author":[{"embeddable":true,"href":"https:\/\/web.consaguirre.com.ar\/noticias\/wp-json\/wp\/v2\/users\/1"}],"replies":[{"embeddable":true,"href":"https:\/\/web.consaguirre.com.ar\/noticias\/wp-json\/wp\/v2\/comments?post=3566"}],"version-history":[{"count":1,"href":"https:\/\/web.consaguirre.com.ar\/noticias\/wp-json\/wp\/v2\/posts\/3566\/revisions"}],"predecessor-version":[{"id":3568,"href":"https:\/\/web.consaguirre.com.ar\/noticias\/wp-json\/wp\/v2\/posts\/3566\/revisions\/3568"}],"wp:featuredmedia":[{"embeddable":true,"href":"https:\/\/web.consaguirre.com.ar\/noticias\/wp-json\/wp\/v2\/media\/3567"}],"wp:attachment":[{"href":"https:\/\/web.consaguirre.com.ar\/noticias\/wp-json\/wp\/v2\/media?parent=3566"}],"wp:term":[{"taxonomy":"category","embeddable":true,"href":"https:\/\/web.consaguirre.com.ar\/noticias\/wp-json\/wp\/v2\/categories?post=3566"},{"taxonomy":"post_tag","embeddable":true,"href":"https:\/\/web.consaguirre.com.ar\/noticias\/wp-json\/wp\/v2\/tags?post=3566"}],"curies":[{"name":"wp","href":"https:\/\/api.w.org\/{rel}","templated":true}]}}