{"id":3563,"date":"2025-08-27T14:39:02","date_gmt":"2025-08-27T17:39:02","guid":{"rendered":"https:\/\/web.consaguirre.com.ar\/noticias\/fall-out-boy-anuncia-la-edicion-del-vigesimo-aniversario-de-from-under-the-cork-tree\/"},"modified":"2025-08-27T14:39:03","modified_gmt":"2025-08-27T17:39:03","slug":"fall-out-boy-anuncia-la-edicion-del-vigesimo-aniversario-de-from-under-the-cork-tree","status":"publish","type":"post","link":"https:\/\/web.consaguirre.com.ar\/noticias\/fall-out-boy-anuncia-la-edicion-del-vigesimo-aniversario-de-from-under-the-cork-tree\/","title":{"rendered":"Fall Out Boy anuncia la edici\u00f3n del vig\u00e9simo aniversario de &#8216;From Under the Cork Tree&#8217;"},"content":{"rendered":"<p>Fall Out Boy celebrar\u00e1 dos d\u00e9cadas de su \u00e1lbum innovador de 5x platino, <em>Desde debajo del \u00e1rbol de corcho<\/em>con una nueva edici\u00f3n del 20 aniversario el 17 de octubre a trav\u00e9s de UME.<\/p>\n<p>Las 13 canciones originales de LP han sido remasterizadas. Adem\u00e1s, la colecci\u00f3n cuenta con versiones alternativas y ac\u00fasticas in\u00e9ditas, as\u00ed como remixes, grabaciones en vivo, lados B y m\u00e1s. Tambi\u00e9n captura actuaciones clave de esta \u00e9poca con pistas especiales de &#8220;Live on BBC Radio&#8221;.<\/p>\n<p><em>Desde debajo del \u00e1rbol de corcho (edici\u00f3n del 20 aniversario)<\/em> estar\u00e1 disponible en m\u00faltiples configuraciones, incluida una caja de lujo de 3LP, 2CD Deluxe Box y Super Deluxe Digital. Tambi\u00e9n viene con una c\u00e1psula de mercader\u00eda.<\/p>\n<p>El grupo ha anunciado su llegada al compartir el &#8220;comienzo&#8221; altamente buscado &#8220;Comienza hoy&#8221; en todos los servicios de transmisi\u00f3n. Fall Out Boy originalmente grab\u00f3 esta cubierta de galletas de gorila para su inclusi\u00f3n en <em>Tony Hawk&#8217;s American Wasteland<\/em> Banda sonora en 2005. Antes de esto, la canci\u00f3n solo estaba disponible en la compilaci\u00f3n y en el videojuego acompa\u00f1ante.<\/p>\n<div class=\"uD-YT-container\"><img decoding=\"async\" src=\"https:\/\/web.consaguirre.com.ar\/noticias\/wp-content\/uploads\/2025\/08\/1756316342_12_Fall-Out-Boy-anuncia-la-edicion-del-vigesimo-aniversario-de.jpg\" alt=\"Video de YouTube\"><br \/>Haga clic para cargar video<\/div>\n<p>M\u00e1s all\u00e1 del material in\u00e9dito, ambos conjuntos de caja cuentan con un tesoro de extras. Cada lanzamiento alberga una carta exclusiva a los fan\u00e1ticos escritos por el bajista y letrista principal Pete Wentz, una foto de &#8220;baile de graduaci\u00f3n&#8221; del video musical &#8220;Dance Dance&#8221; y una ilustraci\u00f3n de portada de c\u00f3mics extra\u00edda del video musical &#8220;un poco menos de diecis\u00e9is velas, un poco m\u00e1s que &#8216;Touch Me'&#8221;. Otros extras incluyen recuerdos de las nubes negras seminales y de Underdogs Tour 2006, como un p\u00f3ster de tour, lista de canciones, trozo de boletos y laminado de etiqueta de gira.<\/p>\n<p><em>Desde debajo del \u00e1rbol de corcho<\/em> fue lanzado por primera vez el 3 de mayo de 2005 y fue un \u00e9xito inmediato. Finalmente alcanz\u00f3 el n\u00famero 9 en el Billboard 200. Entre una mir\u00edada de Staples, el sencillo de 9X-Platinum Smash &#8220;Sugar, We We We Down&#8221; subi\u00f3 al No.8 en el Billboard Hot 100, mientras que el &#8220;Dance, Baile&#8221; de 6Xplatinum salt\u00f3 al No.9. Adem\u00e1s, &#8220;un poco menos de diecis\u00e9is velas, un poco m\u00e1s de lo que &#8216;Touch Me'&#8221; se volvi\u00f3 platino. A su paso, Fall Out Boy recibi\u00f3 una nominaci\u00f3n al Premio Grammy 2006 en la categor\u00eda de &#8220;Mejor Artista Nuevo&#8221;.<\/p>\n<p><b>Ordene la edici\u00f3n de aniversario de Fall Out Boy&#8217;s <em>Desde debajo del \u00e1rbol de corcho<\/em> ahora.<\/b><\/p>\n","protected":false},"excerpt":{"rendered":"<p>Fall Out Boy celebrar\u00e1 dos d\u00e9cadas de su \u00e1lbum innovador de 5x platino, Desde debajo del \u00e1rbol de corchocon una nueva edici\u00f3n del 20 aniversario<\/p>\n","protected":false},"author":1,"featured_media":3564,"comment_status":"closed","ping_status":"","sticky":false,"template":"","format":"standard","meta":{"footnotes":""},"categories":[50],"tags":[98,56,437,3080,10,160,2335,1082,1130],"class_list":["post-3563","post","type-post","status-publish","format-standard","has-post-thumbnail","hentry","category-el-ultimo","tag-aniversario","tag-anuncia","tag-boy","tag-cork","tag-del","tag-edicion","tag-fall","tag-tree","tag-vigesimo","generate-columns","tablet-grid-50","mobile-grid-100","grid-parent","grid-50"],"yoast_head":"<!-- This site is optimized with the Yoast SEO plugin v23.3 - https:\/\/yoast.com\/wordpress\/plugins\/seo\/ -->\n<title>Fall Out Boy anuncia la edici\u00f3n del vig\u00e9simo aniversario de &#039;From Under the Cork Tree&#039;<\/title>\n<meta name=\"robots\" content=\"index, follow, max-snippet:-1, max-image-preview:large, max-video-preview:-1\" \/>\n<link rel=\"canonical\" href=\"https:\/\/web.consaguirre.com.ar\/noticias\/fall-out-boy-anuncia-la-edicion-del-vigesimo-aniversario-de-from-under-the-cork-tree\/\" \/>\n<meta property=\"og:locale\" content=\"es_ES\" \/>\n<meta property=\"og:type\" content=\"article\" \/>\n<meta property=\"og:title\" content=\"Fall Out Boy anuncia la edici\u00f3n del vig\u00e9simo aniversario de &#039;From Under the Cork Tree&#039;\" \/>\n<meta property=\"og:description\" content=\"Fall Out Boy celebrar\u00e1 dos d\u00e9cadas de su \u00e1lbum innovador de 5x platino, Desde debajo del \u00e1rbol de corchocon una nueva edici\u00f3n del 20 aniversario\" \/>\n<meta property=\"og:url\" content=\"https:\/\/web.consaguirre.com.ar\/noticias\/fall-out-boy-anuncia-la-edicion-del-vigesimo-aniversario-de-from-under-the-cork-tree\/\" \/>\n<meta property=\"og:site_name\" content=\"Conservatorio de M\u00fasica Juli\u00e1n Aguirre\" \/>\n<meta property=\"article:published_time\" content=\"2025-08-27T17:39:02+00:00\" \/>\n<meta property=\"article:modified_time\" content=\"2025-08-27T17:39:03+00:00\" \/>\n<meta property=\"og:image\" content=\"https:\/\/web.consaguirre.com.ar\/noticias\/wp-content\/uploads\/2025\/08\/Fall-Out-Boy-anuncia-la-edicion-del-vigesimo-aniversario-de.jpg\" \/>\n\t<meta property=\"og:image:width\" content=\"820\" \/>\n\t<meta property=\"og:image:height\" content=\"820\" \/>\n\t<meta property=\"og:image:type\" content=\"image\/jpeg\" \/>\n<meta name=\"author\" content=\"Javier Figueroa\" \/>\n<meta name=\"twitter:card\" content=\"summary_large_image\" \/>\n<meta name=\"twitter:label1\" content=\"Escrito por\" \/>\n\t<meta name=\"twitter:data1\" content=\"Javier Figueroa\" \/>\n\t<meta name=\"twitter:label2\" content=\"Tiempo de lectura\" \/>\n\t<meta name=\"twitter:data2\" content=\"2 minutos\" \/>\n<script type=\"application\/ld+json\" class=\"yoast-schema-graph\">{\"@context\":\"https:\/\/schema.org\",\"@graph\":[{\"@type\":\"Article\",\"@id\":\"https:\/\/web.consaguirre.com.ar\/noticias\/fall-out-boy-anuncia-la-edicion-del-vigesimo-aniversario-de-from-under-the-cork-tree\/#article\",\"isPartOf\":{\"@id\":\"https:\/\/web.consaguirre.com.ar\/noticias\/fall-out-boy-anuncia-la-edicion-del-vigesimo-aniversario-de-from-under-the-cork-tree\/\"},\"author\":{\"name\":\"Javier Figueroa\",\"@id\":\"https:\/\/web.consaguirre.com.ar\/noticias\/#\/schema\/person\/6558b0cfedee7ddc5425602b237d5722\"},\"headline\":\"Fall Out Boy anuncia la edici\u00f3n del vig\u00e9simo aniversario de &#8216;From Under the Cork Tree&#8217;\",\"datePublished\":\"2025-08-27T17:39:02+00:00\",\"dateModified\":\"2025-08-27T17:39:03+00:00\",\"mainEntityOfPage\":{\"@id\":\"https:\/\/web.consaguirre.com.ar\/noticias\/fall-out-boy-anuncia-la-edicion-del-vigesimo-aniversario-de-from-under-the-cork-tree\/\"},\"wordCount\":437,\"publisher\":{\"@id\":\"https:\/\/web.consaguirre.com.ar\/noticias\/#organization\"},\"image\":{\"@id\":\"https:\/\/web.consaguirre.com.ar\/noticias\/fall-out-boy-anuncia-la-edicion-del-vigesimo-aniversario-de-from-under-the-cork-tree\/#primaryimage\"},\"thumbnailUrl\":\"https:\/\/web.consaguirre.com.ar\/noticias\/wp-content\/uploads\/2025\/08\/Fall-Out-Boy-anuncia-la-edicion-del-vigesimo-aniversario-de.jpg\",\"keywords\":[\"aniversario\",\"anuncia\",\"Boy\",\"Cork\",\"del\",\"edici\u00f3n\",\"Fall\",\"Tree\",\"vig\u00e9simo\"],\"articleSection\":[\"El \u00faltimo\"],\"inLanguage\":\"es-AR\"},{\"@type\":\"WebPage\",\"@id\":\"https:\/\/web.consaguirre.com.ar\/noticias\/fall-out-boy-anuncia-la-edicion-del-vigesimo-aniversario-de-from-under-the-cork-tree\/\",\"url\":\"https:\/\/web.consaguirre.com.ar\/noticias\/fall-out-boy-anuncia-la-edicion-del-vigesimo-aniversario-de-from-under-the-cork-tree\/\",\"name\":\"Fall Out Boy anuncia la edici\u00f3n del vig\u00e9simo aniversario de 'From Under the Cork Tree'\",\"isPartOf\":{\"@id\":\"https:\/\/web.consaguirre.com.ar\/noticias\/#website\"},\"primaryImageOfPage\":{\"@id\":\"https:\/\/web.consaguirre.com.ar\/noticias\/fall-out-boy-anuncia-la-edicion-del-vigesimo-aniversario-de-from-under-the-cork-tree\/#primaryimage\"},\"image\":{\"@id\":\"https:\/\/web.consaguirre.com.ar\/noticias\/fall-out-boy-anuncia-la-edicion-del-vigesimo-aniversario-de-from-under-the-cork-tree\/#primaryimage\"},\"thumbnailUrl\":\"https:\/\/web.consaguirre.com.ar\/noticias\/wp-content\/uploads\/2025\/08\/Fall-Out-Boy-anuncia-la-edicion-del-vigesimo-aniversario-de.jpg\",\"datePublished\":\"2025-08-27T17:39:02+00:00\",\"dateModified\":\"2025-08-27T17:39:03+00:00\",\"breadcrumb\":{\"@id\":\"https:\/\/web.consaguirre.com.ar\/noticias\/fall-out-boy-anuncia-la-edicion-del-vigesimo-aniversario-de-from-under-the-cork-tree\/#breadcrumb\"},\"inLanguage\":\"es-AR\",\"potentialAction\":[{\"@type\":\"ReadAction\",\"target\":[\"https:\/\/web.consaguirre.com.ar\/noticias\/fall-out-boy-anuncia-la-edicion-del-vigesimo-aniversario-de-from-under-the-cork-tree\/\"]}]},{\"@type\":\"ImageObject\",\"inLanguage\":\"es-AR\",\"@id\":\"https:\/\/web.consaguirre.com.ar\/noticias\/fall-out-boy-anuncia-la-edicion-del-vigesimo-aniversario-de-from-under-the-cork-tree\/#primaryimage\",\"url\":\"https:\/\/web.consaguirre.com.ar\/noticias\/wp-content\/uploads\/2025\/08\/Fall-Out-Boy-anuncia-la-edicion-del-vigesimo-aniversario-de.jpg\",\"contentUrl\":\"https:\/\/web.consaguirre.com.ar\/noticias\/wp-content\/uploads\/2025\/08\/Fall-Out-Boy-anuncia-la-edicion-del-vigesimo-aniversario-de.jpg\",\"width\":820,\"height\":820,\"caption\":\"Fall Out Boy anuncia la edici\u00f3n del vig\u00e9simo aniversario de 'From Under the Cork Tree'\"},{\"@type\":\"BreadcrumbList\",\"@id\":\"https:\/\/web.consaguirre.com.ar\/noticias\/fall-out-boy-anuncia-la-edicion-del-vigesimo-aniversario-de-from-under-the-cork-tree\/#breadcrumb\",\"itemListElement\":[{\"@type\":\"ListItem\",\"position\":1,\"name\":\"Inicio\",\"item\":\"https:\/\/web.consaguirre.com.ar\/noticias\/\"},{\"@type\":\"ListItem\",\"position\":2,\"name\":\"Fall Out Boy anuncia la edici\u00f3n del vig\u00e9simo aniversario de &#8216;From Under the Cork Tree&#8217;\"}]},{\"@type\":\"WebSite\",\"@id\":\"https:\/\/web.consaguirre.com.ar\/noticias\/#website\",\"url\":\"https:\/\/web.consaguirre.com.ar\/noticias\/\",\"name\":\"Conservatorio de M\u00fasica Juli\u00e1n Aguirre\",\"description\":\"\",\"publisher\":{\"@id\":\"https:\/\/web.consaguirre.com.ar\/noticias\/#organization\"},\"potentialAction\":[{\"@type\":\"SearchAction\",\"target\":{\"@type\":\"EntryPoint\",\"urlTemplate\":\"https:\/\/web.consaguirre.com.ar\/noticias\/?s={search_term_string}\"},\"query-input\":\"required name=search_term_string\"}],\"inLanguage\":\"es-AR\"},{\"@type\":\"Organization\",\"@id\":\"https:\/\/web.consaguirre.com.ar\/noticias\/#organization\",\"name\":\"Conservatorio de M\u00fasica Juli\u00e1n Aguirre\",\"url\":\"https:\/\/web.consaguirre.com.ar\/noticias\/\",\"logo\":{\"@type\":\"ImageObject\",\"inLanguage\":\"es-AR\",\"@id\":\"https:\/\/web.consaguirre.com.ar\/noticias\/#\/schema\/logo\/image\/\",\"url\":\"https:\/\/web.consaguirre.com.ar\/noticias\/wp-content\/uploads\/2024\/08\/Banner-Aguirre-23.jpg\",\"contentUrl\":\"https:\/\/web.consaguirre.com.ar\/noticias\/wp-content\/uploads\/2024\/08\/Banner-Aguirre-23.jpg\",\"width\":1192,\"height\":600,\"caption\":\"Conservatorio de M\u00fasica Juli\u00e1n Aguirre\"},\"image\":{\"@id\":\"https:\/\/web.consaguirre.com.ar\/noticias\/#\/schema\/logo\/image\/\"}},{\"@type\":\"Person\",\"@id\":\"https:\/\/web.consaguirre.com.ar\/noticias\/#\/schema\/person\/6558b0cfedee7ddc5425602b237d5722\",\"name\":\"Javier Figueroa\",\"image\":{\"@type\":\"ImageObject\",\"inLanguage\":\"es-AR\",\"@id\":\"https:\/\/web.consaguirre.com.ar\/noticias\/#\/schema\/person\/image\/\",\"url\":\"https:\/\/web.consaguirre.com.ar\/noticias\/wp-content\/uploads\/2024\/08\/Consaguirre-scaled.jpg\",\"contentUrl\":\"https:\/\/web.consaguirre.com.ar\/noticias\/wp-content\/uploads\/2024\/08\/Consaguirre-scaled.jpg\",\"caption\":\"Javier Figueroa\"},\"description\":\"Me llamo Javier Figueroa y soy redactor para el sitio oficial del Conservatorio de M\u00fasica Juli\u00e1n Aguirre en Buenos Aires, consaguirre.com. Apasionado por la m\u00fasica y la escritura, me esfuerzo por destacar los talentos y eventos de nuestra prestigiosa instituci\u00f3n. Mi trayectoria se nutre de una profunda admiraci\u00f3n por los artistas, haciendo de cada art\u00edculo una celebraci\u00f3n de la creatividad y la cultura musical.\",\"sameAs\":[\"https:\/\/web.consaguirre.com.ar\/noticias\"]}]}<\/script>\n<!-- \/ Yoast SEO plugin. -->","yoast_head_json":{"title":"Fall Out Boy anuncia la edici\u00f3n del vig\u00e9simo aniversario de 'From Under the Cork Tree'","robots":{"index":"index","follow":"follow","max-snippet":"max-snippet:-1","max-image-preview":"max-image-preview:large","max-video-preview":"max-video-preview:-1"},"canonical":"https:\/\/web.consaguirre.com.ar\/noticias\/fall-out-boy-anuncia-la-edicion-del-vigesimo-aniversario-de-from-under-the-cork-tree\/","og_locale":"es_ES","og_type":"article","og_title":"Fall Out Boy anuncia la edici\u00f3n del vig\u00e9simo aniversario de 'From Under the Cork Tree'","og_description":"Fall Out Boy celebrar\u00e1 dos d\u00e9cadas de su \u00e1lbum innovador de 5x platino, Desde debajo del \u00e1rbol de corchocon una nueva edici\u00f3n del 20 aniversario","og_url":"https:\/\/web.consaguirre.com.ar\/noticias\/fall-out-boy-anuncia-la-edicion-del-vigesimo-aniversario-de-from-under-the-cork-tree\/","og_site_name":"Conservatorio de M\u00fasica Juli\u00e1n Aguirre","article_published_time":"2025-08-27T17:39:02+00:00","article_modified_time":"2025-08-27T17:39:03+00:00","og_image":[{"width":820,"height":820,"url":"https:\/\/web.consaguirre.com.ar\/noticias\/wp-content\/uploads\/2025\/08\/Fall-Out-Boy-anuncia-la-edicion-del-vigesimo-aniversario-de.jpg","type":"image\/jpeg"}],"author":"Javier Figueroa","twitter_card":"summary_large_image","twitter_misc":{"Escrito por":"Javier Figueroa","Tiempo de lectura":"2 minutos"},"schema":{"@context":"https:\/\/schema.org","@graph":[{"@type":"Article","@id":"https:\/\/web.consaguirre.com.ar\/noticias\/fall-out-boy-anuncia-la-edicion-del-vigesimo-aniversario-de-from-under-the-cork-tree\/#article","isPartOf":{"@id":"https:\/\/web.consaguirre.com.ar\/noticias\/fall-out-boy-anuncia-la-edicion-del-vigesimo-aniversario-de-from-under-the-cork-tree\/"},"author":{"name":"Javier Figueroa","@id":"https:\/\/web.consaguirre.com.ar\/noticias\/#\/schema\/person\/6558b0cfedee7ddc5425602b237d5722"},"headline":"Fall Out Boy anuncia la edici\u00f3n del vig\u00e9simo aniversario de &#8216;From Under the Cork Tree&#8217;","datePublished":"2025-08-27T17:39:02+00:00","dateModified":"2025-08-27T17:39:03+00:00","mainEntityOfPage":{"@id":"https:\/\/web.consaguirre.com.ar\/noticias\/fall-out-boy-anuncia-la-edicion-del-vigesimo-aniversario-de-from-under-the-cork-tree\/"},"wordCount":437,"publisher":{"@id":"https:\/\/web.consaguirre.com.ar\/noticias\/#organization"},"image":{"@id":"https:\/\/web.consaguirre.com.ar\/noticias\/fall-out-boy-anuncia-la-edicion-del-vigesimo-aniversario-de-from-under-the-cork-tree\/#primaryimage"},"thumbnailUrl":"https:\/\/web.consaguirre.com.ar\/noticias\/wp-content\/uploads\/2025\/08\/Fall-Out-Boy-anuncia-la-edicion-del-vigesimo-aniversario-de.jpg","keywords":["aniversario","anuncia","Boy","Cork","del","edici\u00f3n","Fall","Tree","vig\u00e9simo"],"articleSection":["El \u00faltimo"],"inLanguage":"es-AR"},{"@type":"WebPage","@id":"https:\/\/web.consaguirre.com.ar\/noticias\/fall-out-boy-anuncia-la-edicion-del-vigesimo-aniversario-de-from-under-the-cork-tree\/","url":"https:\/\/web.consaguirre.com.ar\/noticias\/fall-out-boy-anuncia-la-edicion-del-vigesimo-aniversario-de-from-under-the-cork-tree\/","name":"Fall Out Boy anuncia la edici\u00f3n del vig\u00e9simo aniversario de 'From Under the Cork Tree'","isPartOf":{"@id":"https:\/\/web.consaguirre.com.ar\/noticias\/#website"},"primaryImageOfPage":{"@id":"https:\/\/web.consaguirre.com.ar\/noticias\/fall-out-boy-anuncia-la-edicion-del-vigesimo-aniversario-de-from-under-the-cork-tree\/#primaryimage"},"image":{"@id":"https:\/\/web.consaguirre.com.ar\/noticias\/fall-out-boy-anuncia-la-edicion-del-vigesimo-aniversario-de-from-under-the-cork-tree\/#primaryimage"},"thumbnailUrl":"https:\/\/web.consaguirre.com.ar\/noticias\/wp-content\/uploads\/2025\/08\/Fall-Out-Boy-anuncia-la-edicion-del-vigesimo-aniversario-de.jpg","datePublished":"2025-08-27T17:39:02+00:00","dateModified":"2025-08-27T17:39:03+00:00","breadcrumb":{"@id":"https:\/\/web.consaguirre.com.ar\/noticias\/fall-out-boy-anuncia-la-edicion-del-vigesimo-aniversario-de-from-under-the-cork-tree\/#breadcrumb"},"inLanguage":"es-AR","potentialAction":[{"@type":"ReadAction","target":["https:\/\/web.consaguirre.com.ar\/noticias\/fall-out-boy-anuncia-la-edicion-del-vigesimo-aniversario-de-from-under-the-cork-tree\/"]}]},{"@type":"ImageObject","inLanguage":"es-AR","@id":"https:\/\/web.consaguirre.com.ar\/noticias\/fall-out-boy-anuncia-la-edicion-del-vigesimo-aniversario-de-from-under-the-cork-tree\/#primaryimage","url":"https:\/\/web.consaguirre.com.ar\/noticias\/wp-content\/uploads\/2025\/08\/Fall-Out-Boy-anuncia-la-edicion-del-vigesimo-aniversario-de.jpg","contentUrl":"https:\/\/web.consaguirre.com.ar\/noticias\/wp-content\/uploads\/2025\/08\/Fall-Out-Boy-anuncia-la-edicion-del-vigesimo-aniversario-de.jpg","width":820,"height":820,"caption":"Fall Out Boy anuncia la edici\u00f3n del vig\u00e9simo aniversario de 'From Under the Cork Tree'"},{"@type":"BreadcrumbList","@id":"https:\/\/web.consaguirre.com.ar\/noticias\/fall-out-boy-anuncia-la-edicion-del-vigesimo-aniversario-de-from-under-the-cork-tree\/#breadcrumb","itemListElement":[{"@type":"ListItem","position":1,"name":"Inicio","item":"https:\/\/web.consaguirre.com.ar\/noticias\/"},{"@type":"ListItem","position":2,"name":"Fall Out Boy anuncia la edici\u00f3n del vig\u00e9simo aniversario de &#8216;From Under the Cork Tree&#8217;"}]},{"@type":"WebSite","@id":"https:\/\/web.consaguirre.com.ar\/noticias\/#website","url":"https:\/\/web.consaguirre.com.ar\/noticias\/","name":"Conservatorio de M\u00fasica Juli\u00e1n Aguirre","description":"","publisher":{"@id":"https:\/\/web.consaguirre.com.ar\/noticias\/#organization"},"potentialAction":[{"@type":"SearchAction","target":{"@type":"EntryPoint","urlTemplate":"https:\/\/web.consaguirre.com.ar\/noticias\/?s={search_term_string}"},"query-input":"required name=search_term_string"}],"inLanguage":"es-AR"},{"@type":"Organization","@id":"https:\/\/web.consaguirre.com.ar\/noticias\/#organization","name":"Conservatorio de M\u00fasica Juli\u00e1n Aguirre","url":"https:\/\/web.consaguirre.com.ar\/noticias\/","logo":{"@type":"ImageObject","inLanguage":"es-AR","@id":"https:\/\/web.consaguirre.com.ar\/noticias\/#\/schema\/logo\/image\/","url":"https:\/\/web.consaguirre.com.ar\/noticias\/wp-content\/uploads\/2024\/08\/Banner-Aguirre-23.jpg","contentUrl":"https:\/\/web.consaguirre.com.ar\/noticias\/wp-content\/uploads\/2024\/08\/Banner-Aguirre-23.jpg","width":1192,"height":600,"caption":"Conservatorio de M\u00fasica Juli\u00e1n Aguirre"},"image":{"@id":"https:\/\/web.consaguirre.com.ar\/noticias\/#\/schema\/logo\/image\/"}},{"@type":"Person","@id":"https:\/\/web.consaguirre.com.ar\/noticias\/#\/schema\/person\/6558b0cfedee7ddc5425602b237d5722","name":"Javier Figueroa","image":{"@type":"ImageObject","inLanguage":"es-AR","@id":"https:\/\/web.consaguirre.com.ar\/noticias\/#\/schema\/person\/image\/","url":"https:\/\/web.consaguirre.com.ar\/noticias\/wp-content\/uploads\/2024\/08\/Consaguirre-scaled.jpg","contentUrl":"https:\/\/web.consaguirre.com.ar\/noticias\/wp-content\/uploads\/2024\/08\/Consaguirre-scaled.jpg","caption":"Javier Figueroa"},"description":"Me llamo Javier Figueroa y soy redactor para el sitio oficial del Conservatorio de M\u00fasica Juli\u00e1n Aguirre en Buenos Aires, consaguirre.com. Apasionado por la m\u00fasica y la escritura, me esfuerzo por destacar los talentos y eventos de nuestra prestigiosa instituci\u00f3n. Mi trayectoria se nutre de una profunda admiraci\u00f3n por los artistas, haciendo de cada art\u00edculo una celebraci\u00f3n de la creatividad y la cultura musical.","sameAs":["https:\/\/web.consaguirre.com.ar\/noticias"]}]}},"_links":{"self":[{"href":"https:\/\/web.consaguirre.com.ar\/noticias\/wp-json\/wp\/v2\/posts\/3563"}],"collection":[{"href":"https:\/\/web.consaguirre.com.ar\/noticias\/wp-json\/wp\/v2\/posts"}],"about":[{"href":"https:\/\/web.consaguirre.com.ar\/noticias\/wp-json\/wp\/v2\/types\/post"}],"author":[{"embeddable":true,"href":"https:\/\/web.consaguirre.com.ar\/noticias\/wp-json\/wp\/v2\/users\/1"}],"replies":[{"embeddable":true,"href":"https:\/\/web.consaguirre.com.ar\/noticias\/wp-json\/wp\/v2\/comments?post=3563"}],"version-history":[{"count":1,"href":"https:\/\/web.consaguirre.com.ar\/noticias\/wp-json\/wp\/v2\/posts\/3563\/revisions"}],"predecessor-version":[{"id":3565,"href":"https:\/\/web.consaguirre.com.ar\/noticias\/wp-json\/wp\/v2\/posts\/3563\/revisions\/3565"}],"wp:featuredmedia":[{"embeddable":true,"href":"https:\/\/web.consaguirre.com.ar\/noticias\/wp-json\/wp\/v2\/media\/3564"}],"wp:attachment":[{"href":"https:\/\/web.consaguirre.com.ar\/noticias\/wp-json\/wp\/v2\/media?parent=3563"}],"wp:term":[{"taxonomy":"category","embeddable":true,"href":"https:\/\/web.consaguirre.com.ar\/noticias\/wp-json\/wp\/v2\/categories?post=3563"},{"taxonomy":"post_tag","embeddable":true,"href":"https:\/\/web.consaguirre.com.ar\/noticias\/wp-json\/wp\/v2\/tags?post=3563"}],"curies":[{"name":"wp","href":"https:\/\/api.w.org\/{rel}","templated":true}]}}