{"id":3557,"date":"2025-08-26T23:39:17","date_gmt":"2025-08-27T02:39:17","guid":{"rendered":"https:\/\/web.consaguirre.com.ar\/noticias\/el-nuevo-album-visual-de-cortometraje-de-teyana-taylor-escape-room-ahora-esta-ampliamente-disponible\/"},"modified":"2025-08-26T23:39:19","modified_gmt":"2025-08-27T02:39:19","slug":"el-nuevo-album-visual-de-cortometraje-de-teyana-taylor-escape-room-ahora-esta-ampliamente-disponible","status":"publish","type":"post","link":"https:\/\/web.consaguirre.com.ar\/noticias\/el-nuevo-album-visual-de-cortometraje-de-teyana-taylor-escape-room-ahora-esta-ampliamente-disponible\/","title":{"rendered":"El nuevo \u00e1lbum visual de cortometraje de Teyana Taylor &#8216;Escape Room&#8217; ahora est\u00e1 ampliamente disponible"},"content":{"rendered":"<p>El \u00e1lbum visual de cortometrajes de Teyana Taylor <em>Sala de escape<\/em> ahora est\u00e1 ampliamente disponible despu\u00e9s de estrenarse exclusivamente en Amazon Prime. Tras su lanzamiento, el \u00e1lbum alcanz\u00f3 su punto m\u00e1ximo en el n\u00famero 1 en iTunes R&#038;B, No.2 en Apple Music R&#038;B y entr\u00f3 en el Top 10 en la lista de \u00e1lbumes de Apple Music.<\/p>\n<p>Desenfoque los l\u00edmites entre la m\u00fasica, el cine y la narraci\u00f3n de cuentos, <em>Sala de escape<\/em> es un viaje inmersivo y multisensorial que encarna la libertad, la angustia y la curaci\u00f3n. El proyecto colide el sonido y el cine en una experiencia inolvidable como una pieza complementaria para su muy esperado \u00e1lbum <em>Sala de escape<\/em>ahora a trav\u00e9s de Def Jam Recordings.<\/p>\n<div class=\"uD-YT-container\"><img decoding=\"async\" src=\"https:\/\/web.consaguirre.com.ar\/noticias\/wp-content\/uploads\/2025\/08\/1756262357_279_El-nuevo-album-visual-de-cortometraje-de-Teyana-Taylor-Escape.jpg\" alt=\"Video de YouTube\"><br \/>Haga clic para cargar video<\/div>\n<p>Acerca de <em>Sala de escape<\/em>Teyana comparti\u00f3: &#8220;<em>Sala de escape<\/em> No es solo una pel\u00edcula o un \u00e1lbum, es un mundo en el que constru\u00ed para vivir, sangrar y sanar. Vierte mi coraz\u00f3n en cada capa, desde la historia hasta el sonido, para capturar ese viaje que todos realizamos a trav\u00e9s de las sombras de la angustia, ya sea que sea el amor perdido, las amistades rotas, los sue\u00f1os se aplazan y te gu\u00eden hacia la ligereza de la curaci\u00f3n. Es la representaci\u00f3n visual de mis cicatrices, la imagen de mi curaci\u00f3n y un espejo para cualquiera listo para enfrentar su propia verdad. Esto es m\u00e1s que una historia &#8230; es un lugar para liberarse &#8220;.<\/p>\n<p>Teyana no solo protagoniza este enigm\u00e1tico thriller de romance post-apocal\u00edptico\/futurista, noir, sino que tambi\u00e9n escribi\u00f3, dirigi\u00f3 y lo produjo bajo el estandarte de su productora femenina The Tunties. El \u00e1lbum acompa\u00f1ante se destaca como su primera m\u00fasica nueva en cinco a\u00f1os. Ella ha extendido su visi\u00f3n a trav\u00e9s de las dimensiones; Las canciones clave proporcionan notablemente el paisaje sonoro para la pel\u00edcula.<\/p>\n<p>El cortometraje act\u00faa como una representaci\u00f3n visual del \u00e1lbum, explorando los efectos del viaje de la vida desde la oscuridad de todos los aspectos de la angustia (es decir, las amistades, la carrera y la familia) a la ligereza de la curaci\u00f3n.<\/p>\n<p>Mira a Teyana Taylor&#8217;s <em>La sala de escape<\/em> ahora.<\/p>\n","protected":false},"excerpt":{"rendered":"<p>El \u00e1lbum visual de cortometrajes de Teyana Taylor Sala de escape ahora est\u00e1 ampliamente disponible despu\u00e9s de estrenarse exclusivamente en Amazon Prime. Tras su lanzamiento,<\/p>\n","protected":false},"author":1,"featured_media":3558,"comment_status":"closed","ping_status":"","sticky":false,"template":"","format":"standard","meta":{"footnotes":""},"categories":[50],"tags":[1692,147,3078,1438,408,2331,302,146,691,172,2635,2325],"class_list":["post-3557","post","type-post","status-publish","format-standard","has-post-thumbnail","hentry","category-el-ultimo","tag-ahora","tag-album","tag-ampliamente","tag-cortometraje","tag-disponible","tag-escape","tag-esta","tag-nuevo","tag-room","tag-taylor","tag-teyana","tag-visual","generate-columns","tablet-grid-50","mobile-grid-100","grid-parent","grid-50"],"yoast_head":"<!-- This site is optimized with the Yoast SEO plugin v23.3 - https:\/\/yoast.com\/wordpress\/plugins\/seo\/ -->\n<title>El nuevo \u00e1lbum visual de cortometraje de Teyana Taylor &#039;Escape Room&#039; ahora est\u00e1 ampliamente disponible<\/title>\n<meta name=\"robots\" content=\"index, follow, max-snippet:-1, max-image-preview:large, max-video-preview:-1\" \/>\n<link rel=\"canonical\" href=\"https:\/\/web.consaguirre.com.ar\/noticias\/el-nuevo-album-visual-de-cortometraje-de-teyana-taylor-escape-room-ahora-esta-ampliamente-disponible\/\" \/>\n<meta property=\"og:locale\" content=\"es_ES\" \/>\n<meta property=\"og:type\" content=\"article\" \/>\n<meta property=\"og:title\" content=\"El nuevo \u00e1lbum visual de cortometraje de Teyana Taylor &#039;Escape Room&#039; ahora est\u00e1 ampliamente disponible\" \/>\n<meta property=\"og:description\" content=\"El \u00e1lbum visual de cortometrajes de Teyana Taylor Sala de escape ahora est\u00e1 ampliamente disponible despu\u00e9s de estrenarse exclusivamente en Amazon Prime. Tras su lanzamiento,\" \/>\n<meta property=\"og:url\" content=\"https:\/\/web.consaguirre.com.ar\/noticias\/el-nuevo-album-visual-de-cortometraje-de-teyana-taylor-escape-room-ahora-esta-ampliamente-disponible\/\" \/>\n<meta property=\"og:site_name\" content=\"Conservatorio de M\u00fasica Juli\u00e1n Aguirre\" \/>\n<meta property=\"article:published_time\" content=\"2025-08-27T02:39:17+00:00\" \/>\n<meta property=\"article:modified_time\" content=\"2025-08-27T02:39:19+00:00\" \/>\n<meta property=\"og:image\" content=\"https:\/\/web.consaguirre.com.ar\/noticias\/wp-content\/uploads\/2025\/08\/El-nuevo-album-visual-de-cortometraje-de-Teyana-Taylor-Escape.jpg\" \/>\n\t<meta property=\"og:image:width\" content=\"1440\" \/>\n\t<meta property=\"og:image:height\" content=\"864\" \/>\n\t<meta property=\"og:image:type\" content=\"image\/jpeg\" \/>\n<meta name=\"author\" content=\"Javier Figueroa\" \/>\n<meta name=\"twitter:card\" content=\"summary_large_image\" \/>\n<meta name=\"twitter:label1\" content=\"Escrito por\" \/>\n\t<meta name=\"twitter:data1\" content=\"Javier Figueroa\" \/>\n\t<meta name=\"twitter:label2\" content=\"Tiempo de lectura\" \/>\n\t<meta name=\"twitter:data2\" content=\"2 minutos\" \/>\n<script type=\"application\/ld+json\" class=\"yoast-schema-graph\">{\"@context\":\"https:\/\/schema.org\",\"@graph\":[{\"@type\":\"Article\",\"@id\":\"https:\/\/web.consaguirre.com.ar\/noticias\/el-nuevo-album-visual-de-cortometraje-de-teyana-taylor-escape-room-ahora-esta-ampliamente-disponible\/#article\",\"isPartOf\":{\"@id\":\"https:\/\/web.consaguirre.com.ar\/noticias\/el-nuevo-album-visual-de-cortometraje-de-teyana-taylor-escape-room-ahora-esta-ampliamente-disponible\/\"},\"author\":{\"name\":\"Javier Figueroa\",\"@id\":\"https:\/\/web.consaguirre.com.ar\/noticias\/#\/schema\/person\/6558b0cfedee7ddc5425602b237d5722\"},\"headline\":\"El nuevo \u00e1lbum visual de cortometraje de Teyana Taylor &#8216;Escape Room&#8217; ahora est\u00e1 ampliamente disponible\",\"datePublished\":\"2025-08-27T02:39:17+00:00\",\"dateModified\":\"2025-08-27T02:39:19+00:00\",\"mainEntityOfPage\":{\"@id\":\"https:\/\/web.consaguirre.com.ar\/noticias\/el-nuevo-album-visual-de-cortometraje-de-teyana-taylor-escape-room-ahora-esta-ampliamente-disponible\/\"},\"wordCount\":395,\"publisher\":{\"@id\":\"https:\/\/web.consaguirre.com.ar\/noticias\/#organization\"},\"image\":{\"@id\":\"https:\/\/web.consaguirre.com.ar\/noticias\/el-nuevo-album-visual-de-cortometraje-de-teyana-taylor-escape-room-ahora-esta-ampliamente-disponible\/#primaryimage\"},\"thumbnailUrl\":\"https:\/\/web.consaguirre.com.ar\/noticias\/wp-content\/uploads\/2025\/08\/El-nuevo-album-visual-de-cortometraje-de-Teyana-Taylor-Escape.jpg\",\"keywords\":[\"ahora\",\"\u00e1lbum\",\"ampliamente\",\"cortometraje\",\"disponible\",\"Escape\",\"est\u00e1\",\"nuevo\",\"Room\",\"Taylor\",\"Teyana\",\"Visual\"],\"articleSection\":[\"El \u00faltimo\"],\"inLanguage\":\"es-AR\"},{\"@type\":\"WebPage\",\"@id\":\"https:\/\/web.consaguirre.com.ar\/noticias\/el-nuevo-album-visual-de-cortometraje-de-teyana-taylor-escape-room-ahora-esta-ampliamente-disponible\/\",\"url\":\"https:\/\/web.consaguirre.com.ar\/noticias\/el-nuevo-album-visual-de-cortometraje-de-teyana-taylor-escape-room-ahora-esta-ampliamente-disponible\/\",\"name\":\"El nuevo \u00e1lbum visual de cortometraje de Teyana Taylor 'Escape Room' ahora est\u00e1 ampliamente disponible\",\"isPartOf\":{\"@id\":\"https:\/\/web.consaguirre.com.ar\/noticias\/#website\"},\"primaryImageOfPage\":{\"@id\":\"https:\/\/web.consaguirre.com.ar\/noticias\/el-nuevo-album-visual-de-cortometraje-de-teyana-taylor-escape-room-ahora-esta-ampliamente-disponible\/#primaryimage\"},\"image\":{\"@id\":\"https:\/\/web.consaguirre.com.ar\/noticias\/el-nuevo-album-visual-de-cortometraje-de-teyana-taylor-escape-room-ahora-esta-ampliamente-disponible\/#primaryimage\"},\"thumbnailUrl\":\"https:\/\/web.consaguirre.com.ar\/noticias\/wp-content\/uploads\/2025\/08\/El-nuevo-album-visual-de-cortometraje-de-Teyana-Taylor-Escape.jpg\",\"datePublished\":\"2025-08-27T02:39:17+00:00\",\"dateModified\":\"2025-08-27T02:39:19+00:00\",\"breadcrumb\":{\"@id\":\"https:\/\/web.consaguirre.com.ar\/noticias\/el-nuevo-album-visual-de-cortometraje-de-teyana-taylor-escape-room-ahora-esta-ampliamente-disponible\/#breadcrumb\"},\"inLanguage\":\"es-AR\",\"potentialAction\":[{\"@type\":\"ReadAction\",\"target\":[\"https:\/\/web.consaguirre.com.ar\/noticias\/el-nuevo-album-visual-de-cortometraje-de-teyana-taylor-escape-room-ahora-esta-ampliamente-disponible\/\"]}]},{\"@type\":\"ImageObject\",\"inLanguage\":\"es-AR\",\"@id\":\"https:\/\/web.consaguirre.com.ar\/noticias\/el-nuevo-album-visual-de-cortometraje-de-teyana-taylor-escape-room-ahora-esta-ampliamente-disponible\/#primaryimage\",\"url\":\"https:\/\/web.consaguirre.com.ar\/noticias\/wp-content\/uploads\/2025\/08\/El-nuevo-album-visual-de-cortometraje-de-Teyana-Taylor-Escape.jpg\",\"contentUrl\":\"https:\/\/web.consaguirre.com.ar\/noticias\/wp-content\/uploads\/2025\/08\/El-nuevo-album-visual-de-cortometraje-de-Teyana-Taylor-Escape.jpg\",\"width\":1440,\"height\":864,\"caption\":\"El nuevo \u00e1lbum visual de cortometraje de Teyana Taylor 'Escape Room' ahora est\u00e1 ampliamente disponible\"},{\"@type\":\"BreadcrumbList\",\"@id\":\"https:\/\/web.consaguirre.com.ar\/noticias\/el-nuevo-album-visual-de-cortometraje-de-teyana-taylor-escape-room-ahora-esta-ampliamente-disponible\/#breadcrumb\",\"itemListElement\":[{\"@type\":\"ListItem\",\"position\":1,\"name\":\"Inicio\",\"item\":\"https:\/\/web.consaguirre.com.ar\/noticias\/\"},{\"@type\":\"ListItem\",\"position\":2,\"name\":\"El nuevo \u00e1lbum visual de cortometraje de Teyana Taylor &#8216;Escape Room&#8217; ahora est\u00e1 ampliamente disponible\"}]},{\"@type\":\"WebSite\",\"@id\":\"https:\/\/web.consaguirre.com.ar\/noticias\/#website\",\"url\":\"https:\/\/web.consaguirre.com.ar\/noticias\/\",\"name\":\"Conservatorio de M\u00fasica Juli\u00e1n Aguirre\",\"description\":\"\",\"publisher\":{\"@id\":\"https:\/\/web.consaguirre.com.ar\/noticias\/#organization\"},\"potentialAction\":[{\"@type\":\"SearchAction\",\"target\":{\"@type\":\"EntryPoint\",\"urlTemplate\":\"https:\/\/web.consaguirre.com.ar\/noticias\/?s={search_term_string}\"},\"query-input\":\"required name=search_term_string\"}],\"inLanguage\":\"es-AR\"},{\"@type\":\"Organization\",\"@id\":\"https:\/\/web.consaguirre.com.ar\/noticias\/#organization\",\"name\":\"Conservatorio de M\u00fasica Juli\u00e1n Aguirre\",\"url\":\"https:\/\/web.consaguirre.com.ar\/noticias\/\",\"logo\":{\"@type\":\"ImageObject\",\"inLanguage\":\"es-AR\",\"@id\":\"https:\/\/web.consaguirre.com.ar\/noticias\/#\/schema\/logo\/image\/\",\"url\":\"https:\/\/web.consaguirre.com.ar\/noticias\/wp-content\/uploads\/2024\/08\/Banner-Aguirre-23.jpg\",\"contentUrl\":\"https:\/\/web.consaguirre.com.ar\/noticias\/wp-content\/uploads\/2024\/08\/Banner-Aguirre-23.jpg\",\"width\":1192,\"height\":600,\"caption\":\"Conservatorio de M\u00fasica Juli\u00e1n Aguirre\"},\"image\":{\"@id\":\"https:\/\/web.consaguirre.com.ar\/noticias\/#\/schema\/logo\/image\/\"}},{\"@type\":\"Person\",\"@id\":\"https:\/\/web.consaguirre.com.ar\/noticias\/#\/schema\/person\/6558b0cfedee7ddc5425602b237d5722\",\"name\":\"Javier Figueroa\",\"image\":{\"@type\":\"ImageObject\",\"inLanguage\":\"es-AR\",\"@id\":\"https:\/\/web.consaguirre.com.ar\/noticias\/#\/schema\/person\/image\/\",\"url\":\"https:\/\/web.consaguirre.com.ar\/noticias\/wp-content\/uploads\/2024\/08\/Consaguirre-scaled.jpg\",\"contentUrl\":\"https:\/\/web.consaguirre.com.ar\/noticias\/wp-content\/uploads\/2024\/08\/Consaguirre-scaled.jpg\",\"caption\":\"Javier Figueroa\"},\"description\":\"Me llamo Javier Figueroa y soy redactor para el sitio oficial del Conservatorio de M\u00fasica Juli\u00e1n Aguirre en Buenos Aires, consaguirre.com. Apasionado por la m\u00fasica y la escritura, me esfuerzo por destacar los talentos y eventos de nuestra prestigiosa instituci\u00f3n. Mi trayectoria se nutre de una profunda admiraci\u00f3n por los artistas, haciendo de cada art\u00edculo una celebraci\u00f3n de la creatividad y la cultura musical.\",\"sameAs\":[\"https:\/\/web.consaguirre.com.ar\/noticias\"]}]}<\/script>\n<!-- \/ Yoast SEO plugin. -->","yoast_head_json":{"title":"El nuevo \u00e1lbum visual de cortometraje de Teyana Taylor 'Escape Room' ahora est\u00e1 ampliamente disponible","robots":{"index":"index","follow":"follow","max-snippet":"max-snippet:-1","max-image-preview":"max-image-preview:large","max-video-preview":"max-video-preview:-1"},"canonical":"https:\/\/web.consaguirre.com.ar\/noticias\/el-nuevo-album-visual-de-cortometraje-de-teyana-taylor-escape-room-ahora-esta-ampliamente-disponible\/","og_locale":"es_ES","og_type":"article","og_title":"El nuevo \u00e1lbum visual de cortometraje de Teyana Taylor 'Escape Room' ahora est\u00e1 ampliamente disponible","og_description":"El \u00e1lbum visual de cortometrajes de Teyana Taylor Sala de escape ahora est\u00e1 ampliamente disponible despu\u00e9s de estrenarse exclusivamente en Amazon Prime. Tras su lanzamiento,","og_url":"https:\/\/web.consaguirre.com.ar\/noticias\/el-nuevo-album-visual-de-cortometraje-de-teyana-taylor-escape-room-ahora-esta-ampliamente-disponible\/","og_site_name":"Conservatorio de M\u00fasica Juli\u00e1n Aguirre","article_published_time":"2025-08-27T02:39:17+00:00","article_modified_time":"2025-08-27T02:39:19+00:00","og_image":[{"width":1440,"height":864,"url":"https:\/\/web.consaguirre.com.ar\/noticias\/wp-content\/uploads\/2025\/08\/El-nuevo-album-visual-de-cortometraje-de-Teyana-Taylor-Escape.jpg","type":"image\/jpeg"}],"author":"Javier Figueroa","twitter_card":"summary_large_image","twitter_misc":{"Escrito por":"Javier Figueroa","Tiempo de lectura":"2 minutos"},"schema":{"@context":"https:\/\/schema.org","@graph":[{"@type":"Article","@id":"https:\/\/web.consaguirre.com.ar\/noticias\/el-nuevo-album-visual-de-cortometraje-de-teyana-taylor-escape-room-ahora-esta-ampliamente-disponible\/#article","isPartOf":{"@id":"https:\/\/web.consaguirre.com.ar\/noticias\/el-nuevo-album-visual-de-cortometraje-de-teyana-taylor-escape-room-ahora-esta-ampliamente-disponible\/"},"author":{"name":"Javier Figueroa","@id":"https:\/\/web.consaguirre.com.ar\/noticias\/#\/schema\/person\/6558b0cfedee7ddc5425602b237d5722"},"headline":"El nuevo \u00e1lbum visual de cortometraje de Teyana Taylor &#8216;Escape Room&#8217; ahora est\u00e1 ampliamente disponible","datePublished":"2025-08-27T02:39:17+00:00","dateModified":"2025-08-27T02:39:19+00:00","mainEntityOfPage":{"@id":"https:\/\/web.consaguirre.com.ar\/noticias\/el-nuevo-album-visual-de-cortometraje-de-teyana-taylor-escape-room-ahora-esta-ampliamente-disponible\/"},"wordCount":395,"publisher":{"@id":"https:\/\/web.consaguirre.com.ar\/noticias\/#organization"},"image":{"@id":"https:\/\/web.consaguirre.com.ar\/noticias\/el-nuevo-album-visual-de-cortometraje-de-teyana-taylor-escape-room-ahora-esta-ampliamente-disponible\/#primaryimage"},"thumbnailUrl":"https:\/\/web.consaguirre.com.ar\/noticias\/wp-content\/uploads\/2025\/08\/El-nuevo-album-visual-de-cortometraje-de-Teyana-Taylor-Escape.jpg","keywords":["ahora","\u00e1lbum","ampliamente","cortometraje","disponible","Escape","est\u00e1","nuevo","Room","Taylor","Teyana","Visual"],"articleSection":["El \u00faltimo"],"inLanguage":"es-AR"},{"@type":"WebPage","@id":"https:\/\/web.consaguirre.com.ar\/noticias\/el-nuevo-album-visual-de-cortometraje-de-teyana-taylor-escape-room-ahora-esta-ampliamente-disponible\/","url":"https:\/\/web.consaguirre.com.ar\/noticias\/el-nuevo-album-visual-de-cortometraje-de-teyana-taylor-escape-room-ahora-esta-ampliamente-disponible\/","name":"El nuevo \u00e1lbum visual de cortometraje de Teyana Taylor 'Escape Room' ahora est\u00e1 ampliamente disponible","isPartOf":{"@id":"https:\/\/web.consaguirre.com.ar\/noticias\/#website"},"primaryImageOfPage":{"@id":"https:\/\/web.consaguirre.com.ar\/noticias\/el-nuevo-album-visual-de-cortometraje-de-teyana-taylor-escape-room-ahora-esta-ampliamente-disponible\/#primaryimage"},"image":{"@id":"https:\/\/web.consaguirre.com.ar\/noticias\/el-nuevo-album-visual-de-cortometraje-de-teyana-taylor-escape-room-ahora-esta-ampliamente-disponible\/#primaryimage"},"thumbnailUrl":"https:\/\/web.consaguirre.com.ar\/noticias\/wp-content\/uploads\/2025\/08\/El-nuevo-album-visual-de-cortometraje-de-Teyana-Taylor-Escape.jpg","datePublished":"2025-08-27T02:39:17+00:00","dateModified":"2025-08-27T02:39:19+00:00","breadcrumb":{"@id":"https:\/\/web.consaguirre.com.ar\/noticias\/el-nuevo-album-visual-de-cortometraje-de-teyana-taylor-escape-room-ahora-esta-ampliamente-disponible\/#breadcrumb"},"inLanguage":"es-AR","potentialAction":[{"@type":"ReadAction","target":["https:\/\/web.consaguirre.com.ar\/noticias\/el-nuevo-album-visual-de-cortometraje-de-teyana-taylor-escape-room-ahora-esta-ampliamente-disponible\/"]}]},{"@type":"ImageObject","inLanguage":"es-AR","@id":"https:\/\/web.consaguirre.com.ar\/noticias\/el-nuevo-album-visual-de-cortometraje-de-teyana-taylor-escape-room-ahora-esta-ampliamente-disponible\/#primaryimage","url":"https:\/\/web.consaguirre.com.ar\/noticias\/wp-content\/uploads\/2025\/08\/El-nuevo-album-visual-de-cortometraje-de-Teyana-Taylor-Escape.jpg","contentUrl":"https:\/\/web.consaguirre.com.ar\/noticias\/wp-content\/uploads\/2025\/08\/El-nuevo-album-visual-de-cortometraje-de-Teyana-Taylor-Escape.jpg","width":1440,"height":864,"caption":"El nuevo \u00e1lbum visual de cortometraje de Teyana Taylor 'Escape Room' ahora est\u00e1 ampliamente disponible"},{"@type":"BreadcrumbList","@id":"https:\/\/web.consaguirre.com.ar\/noticias\/el-nuevo-album-visual-de-cortometraje-de-teyana-taylor-escape-room-ahora-esta-ampliamente-disponible\/#breadcrumb","itemListElement":[{"@type":"ListItem","position":1,"name":"Inicio","item":"https:\/\/web.consaguirre.com.ar\/noticias\/"},{"@type":"ListItem","position":2,"name":"El nuevo \u00e1lbum visual de cortometraje de Teyana Taylor &#8216;Escape Room&#8217; ahora est\u00e1 ampliamente disponible"}]},{"@type":"WebSite","@id":"https:\/\/web.consaguirre.com.ar\/noticias\/#website","url":"https:\/\/web.consaguirre.com.ar\/noticias\/","name":"Conservatorio de M\u00fasica Juli\u00e1n Aguirre","description":"","publisher":{"@id":"https:\/\/web.consaguirre.com.ar\/noticias\/#organization"},"potentialAction":[{"@type":"SearchAction","target":{"@type":"EntryPoint","urlTemplate":"https:\/\/web.consaguirre.com.ar\/noticias\/?s={search_term_string}"},"query-input":"required name=search_term_string"}],"inLanguage":"es-AR"},{"@type":"Organization","@id":"https:\/\/web.consaguirre.com.ar\/noticias\/#organization","name":"Conservatorio de M\u00fasica Juli\u00e1n Aguirre","url":"https:\/\/web.consaguirre.com.ar\/noticias\/","logo":{"@type":"ImageObject","inLanguage":"es-AR","@id":"https:\/\/web.consaguirre.com.ar\/noticias\/#\/schema\/logo\/image\/","url":"https:\/\/web.consaguirre.com.ar\/noticias\/wp-content\/uploads\/2024\/08\/Banner-Aguirre-23.jpg","contentUrl":"https:\/\/web.consaguirre.com.ar\/noticias\/wp-content\/uploads\/2024\/08\/Banner-Aguirre-23.jpg","width":1192,"height":600,"caption":"Conservatorio de M\u00fasica Juli\u00e1n Aguirre"},"image":{"@id":"https:\/\/web.consaguirre.com.ar\/noticias\/#\/schema\/logo\/image\/"}},{"@type":"Person","@id":"https:\/\/web.consaguirre.com.ar\/noticias\/#\/schema\/person\/6558b0cfedee7ddc5425602b237d5722","name":"Javier Figueroa","image":{"@type":"ImageObject","inLanguage":"es-AR","@id":"https:\/\/web.consaguirre.com.ar\/noticias\/#\/schema\/person\/image\/","url":"https:\/\/web.consaguirre.com.ar\/noticias\/wp-content\/uploads\/2024\/08\/Consaguirre-scaled.jpg","contentUrl":"https:\/\/web.consaguirre.com.ar\/noticias\/wp-content\/uploads\/2024\/08\/Consaguirre-scaled.jpg","caption":"Javier Figueroa"},"description":"Me llamo Javier Figueroa y soy redactor para el sitio oficial del Conservatorio de M\u00fasica Juli\u00e1n Aguirre en Buenos Aires, consaguirre.com. Apasionado por la m\u00fasica y la escritura, me esfuerzo por destacar los talentos y eventos de nuestra prestigiosa instituci\u00f3n. Mi trayectoria se nutre de una profunda admiraci\u00f3n por los artistas, haciendo de cada art\u00edculo una celebraci\u00f3n de la creatividad y la cultura musical.","sameAs":["https:\/\/web.consaguirre.com.ar\/noticias"]}]}},"_links":{"self":[{"href":"https:\/\/web.consaguirre.com.ar\/noticias\/wp-json\/wp\/v2\/posts\/3557"}],"collection":[{"href":"https:\/\/web.consaguirre.com.ar\/noticias\/wp-json\/wp\/v2\/posts"}],"about":[{"href":"https:\/\/web.consaguirre.com.ar\/noticias\/wp-json\/wp\/v2\/types\/post"}],"author":[{"embeddable":true,"href":"https:\/\/web.consaguirre.com.ar\/noticias\/wp-json\/wp\/v2\/users\/1"}],"replies":[{"embeddable":true,"href":"https:\/\/web.consaguirre.com.ar\/noticias\/wp-json\/wp\/v2\/comments?post=3557"}],"version-history":[{"count":1,"href":"https:\/\/web.consaguirre.com.ar\/noticias\/wp-json\/wp\/v2\/posts\/3557\/revisions"}],"predecessor-version":[{"id":3559,"href":"https:\/\/web.consaguirre.com.ar\/noticias\/wp-json\/wp\/v2\/posts\/3557\/revisions\/3559"}],"wp:featuredmedia":[{"embeddable":true,"href":"https:\/\/web.consaguirre.com.ar\/noticias\/wp-json\/wp\/v2\/media\/3558"}],"wp:attachment":[{"href":"https:\/\/web.consaguirre.com.ar\/noticias\/wp-json\/wp\/v2\/media?parent=3557"}],"wp:term":[{"taxonomy":"category","embeddable":true,"href":"https:\/\/web.consaguirre.com.ar\/noticias\/wp-json\/wp\/v2\/categories?post=3557"},{"taxonomy":"post_tag","embeddable":true,"href":"https:\/\/web.consaguirre.com.ar\/noticias\/wp-json\/wp\/v2\/tags?post=3557"}],"curies":[{"name":"wp","href":"https:\/\/api.w.org\/{rel}","templated":true}]}}