{"id":3542,"date":"2025-08-25T23:39:57","date_gmt":"2025-08-26T02:39:57","guid":{"rendered":"https:\/\/web.consaguirre.com.ar\/noticias\/rock-trio-the-warning-share-concert-film\/"},"modified":"2025-08-25T23:39:59","modified_gmt":"2025-08-26T02:39:59","slug":"rock-trio-the-warning-share-concert-film","status":"publish","type":"post","link":"https:\/\/web.consaguirre.com.ar\/noticias\/rock-trio-the-warning-share-concert-film\/","title":{"rendered":"Rock Trio The Warning Share Concert Film"},"content":{"rendered":"<p>La advertencia ha revelado un nuevo \u00e1lbum en vivo, <em>En vivo desde el auditorio Nacional, CDMX<\/em>. Llega con la primera pel\u00edcula de concierto oficial de la banda de rock. <em>En vivo desde el auditorio Nacional, CDMX<\/em> ya est\u00e1 disponible a trav\u00e9s de Lava Records\/Republic Records y est\u00e1 disponible en vinilo y CD.<\/p>\n<p>Producido por Federal Films, <em>En vivo desde el auditorio Nacional, CDMX<\/em> ahora est\u00e1 tocando en ubicaciones selectas de AMC Teatros (NYSE: AMC) en los Estados Unidos y presentado bajo Cin\u00e9polis +Que Cine en M\u00e9xico, Am\u00e9rica Central y Am\u00e9rica del Sur.<\/p>\n<\/p>\n<p>El 6 de febrero, 7, 11, la advertencia jug\u00f3 tres espect\u00e1culos de titulares con entradas agotadas en el Auditorio Nacional en la Ciudad de M\u00e9xico, M\u00e9xico, a multitudes de 30,000 fan\u00e1ticos. La pel\u00edcula del concierto presenta a la hermana-trio de Monterrey, M\u00e9xico, atravesando un set de 25 canciones que se extrae de \u00e1lbumes como 2022&#8217;s <em>Error<\/em> y 2024 <em>Mantenme alimentado<\/em>. Su qu\u00edmica est\u00e1 en exhibici\u00f3n completa durante pistas como &#8220;Automatic Sun&#8221;, &#8220;Sharks&#8221; y el Latin Grammy Premio &#8220;Q\u00e9 M\u00e1s Quieres&#8221;, nominado al Premio &#8220;, de las cuales se publicaron como singles.<\/p>\n<p>En cuanto al lanzamiento, el Dany (guitarra, la voz principal), Pau (bater\u00eda, voz) y Ale Villarreal (bajo, voz de respaldo), compartimamente: &#8220;Estamos tan emocionados de compartir una noche que nunca olvidemos, un momento que est\u00e1 grabado en la historia de nuestra banda. Tener un \u00e1lbum en vivo para nosotros siempre ha sido un \u00e1lbum en vivo para nosotros y que siempre ha sido un \u00e1lbum que ha sido un \u00e1lbum en vivo. Nuestros fan\u00e1ticos que ven o escuchan este trabajo, sienten la misma emoci\u00f3n y emoci\u00f3n que sentimos mientras tocamos este programa. <em>Mantenme alimentado<\/em> Fue posible gracias al trabajo de un equipo enorme, y estamos muy contentos de que su trabajo y el nuestro puedan vivir en una pieza de medios para siempre &#8220;.<\/p>\n<p>El pr\u00f3ximo a\u00f1o, la advertencia apoyar\u00e1 a Yungblud en Idols World Tour UK.<\/p>\n<p><b>Compre la m\u00fasica de la advertencia en vinilo o CD ahora.<\/b><\/p>\n","protected":false},"excerpt":{"rendered":"<p>La advertencia ha revelado un nuevo \u00e1lbum en vivo, En vivo desde el auditorio Nacional, CDMX. Llega con la primera pel\u00edcula de concierto oficial de<\/p>\n","protected":false},"author":1,"featured_media":3543,"comment_status":"closed","ping_status":"","sticky":false,"template":"","format":"standard","meta":{"footnotes":""},"categories":[50],"tags":[2032,3070,516,1788,2765,3069],"class_list":["post-3542","post","type-post","status-publish","format-standard","has-post-thumbnail","hentry","category-el-ultimo","tag-concert","tag-film","tag-rock","tag-share","tag-trio","tag-warning","generate-columns","tablet-grid-50","mobile-grid-100","grid-parent","grid-50"],"yoast_head":"<!-- This site is optimized with the Yoast SEO plugin v23.3 - https:\/\/yoast.com\/wordpress\/plugins\/seo\/ -->\n<title>Rock Trio The Warning Share Concert Film<\/title>\n<meta name=\"robots\" content=\"index, follow, max-snippet:-1, max-image-preview:large, max-video-preview:-1\" \/>\n<link rel=\"canonical\" href=\"https:\/\/web.consaguirre.com.ar\/noticias\/rock-trio-the-warning-share-concert-film\/\" \/>\n<meta property=\"og:locale\" content=\"es_ES\" \/>\n<meta property=\"og:type\" content=\"article\" \/>\n<meta property=\"og:title\" content=\"Rock Trio The Warning Share Concert Film\" \/>\n<meta property=\"og:description\" content=\"La advertencia ha revelado un nuevo \u00e1lbum en vivo, En vivo desde el auditorio Nacional, CDMX. Llega con la primera pel\u00edcula de concierto oficial de\" \/>\n<meta property=\"og:url\" content=\"https:\/\/web.consaguirre.com.ar\/noticias\/rock-trio-the-warning-share-concert-film\/\" \/>\n<meta property=\"og:site_name\" content=\"Conservatorio de M\u00fasica Juli\u00e1n Aguirre\" \/>\n<meta property=\"article:published_time\" content=\"2025-08-26T02:39:57+00:00\" \/>\n<meta property=\"article:modified_time\" content=\"2025-08-26T02:39:59+00:00\" \/>\n<meta property=\"og:image\" content=\"https:\/\/web.consaguirre.com.ar\/noticias\/wp-content\/uploads\/2025\/08\/Rock-Trio-The-Warning-Share-Concert-Film.jpg\" \/>\n\t<meta property=\"og:image:width\" content=\"1280\" \/>\n\t<meta property=\"og:image:height\" content=\"1280\" \/>\n\t<meta property=\"og:image:type\" content=\"image\/jpeg\" \/>\n<meta name=\"author\" content=\"Javier Figueroa\" \/>\n<meta name=\"twitter:card\" content=\"summary_large_image\" \/>\n<meta name=\"twitter:label1\" content=\"Escrito por\" \/>\n\t<meta name=\"twitter:data1\" content=\"Javier Figueroa\" \/>\n\t<meta name=\"twitter:label2\" content=\"Tiempo de lectura\" \/>\n\t<meta name=\"twitter:data2\" content=\"2 minutos\" \/>\n<script type=\"application\/ld+json\" class=\"yoast-schema-graph\">{\"@context\":\"https:\/\/schema.org\",\"@graph\":[{\"@type\":\"Article\",\"@id\":\"https:\/\/web.consaguirre.com.ar\/noticias\/rock-trio-the-warning-share-concert-film\/#article\",\"isPartOf\":{\"@id\":\"https:\/\/web.consaguirre.com.ar\/noticias\/rock-trio-the-warning-share-concert-film\/\"},\"author\":{\"name\":\"Javier Figueroa\",\"@id\":\"https:\/\/web.consaguirre.com.ar\/noticias\/#\/schema\/person\/6558b0cfedee7ddc5425602b237d5722\"},\"headline\":\"Rock Trio The Warning Share Concert Film\",\"datePublished\":\"2025-08-26T02:39:57+00:00\",\"dateModified\":\"2025-08-26T02:39:59+00:00\",\"mainEntityOfPage\":{\"@id\":\"https:\/\/web.consaguirre.com.ar\/noticias\/rock-trio-the-warning-share-concert-film\/\"},\"wordCount\":353,\"publisher\":{\"@id\":\"https:\/\/web.consaguirre.com.ar\/noticias\/#organization\"},\"image\":{\"@id\":\"https:\/\/web.consaguirre.com.ar\/noticias\/rock-trio-the-warning-share-concert-film\/#primaryimage\"},\"thumbnailUrl\":\"https:\/\/web.consaguirre.com.ar\/noticias\/wp-content\/uploads\/2025\/08\/Rock-Trio-The-Warning-Share-Concert-Film.jpg\",\"keywords\":[\"Concert\",\"Film\",\"Rock\",\"Share\",\"tr\u00edo\",\"Warning\"],\"articleSection\":[\"El \u00faltimo\"],\"inLanguage\":\"es-AR\"},{\"@type\":\"WebPage\",\"@id\":\"https:\/\/web.consaguirre.com.ar\/noticias\/rock-trio-the-warning-share-concert-film\/\",\"url\":\"https:\/\/web.consaguirre.com.ar\/noticias\/rock-trio-the-warning-share-concert-film\/\",\"name\":\"Rock Trio The Warning Share Concert Film\",\"isPartOf\":{\"@id\":\"https:\/\/web.consaguirre.com.ar\/noticias\/#website\"},\"primaryImageOfPage\":{\"@id\":\"https:\/\/web.consaguirre.com.ar\/noticias\/rock-trio-the-warning-share-concert-film\/#primaryimage\"},\"image\":{\"@id\":\"https:\/\/web.consaguirre.com.ar\/noticias\/rock-trio-the-warning-share-concert-film\/#primaryimage\"},\"thumbnailUrl\":\"https:\/\/web.consaguirre.com.ar\/noticias\/wp-content\/uploads\/2025\/08\/Rock-Trio-The-Warning-Share-Concert-Film.jpg\",\"datePublished\":\"2025-08-26T02:39:57+00:00\",\"dateModified\":\"2025-08-26T02:39:59+00:00\",\"breadcrumb\":{\"@id\":\"https:\/\/web.consaguirre.com.ar\/noticias\/rock-trio-the-warning-share-concert-film\/#breadcrumb\"},\"inLanguage\":\"es-AR\",\"potentialAction\":[{\"@type\":\"ReadAction\",\"target\":[\"https:\/\/web.consaguirre.com.ar\/noticias\/rock-trio-the-warning-share-concert-film\/\"]}]},{\"@type\":\"ImageObject\",\"inLanguage\":\"es-AR\",\"@id\":\"https:\/\/web.consaguirre.com.ar\/noticias\/rock-trio-the-warning-share-concert-film\/#primaryimage\",\"url\":\"https:\/\/web.consaguirre.com.ar\/noticias\/wp-content\/uploads\/2025\/08\/Rock-Trio-The-Warning-Share-Concert-Film.jpg\",\"contentUrl\":\"https:\/\/web.consaguirre.com.ar\/noticias\/wp-content\/uploads\/2025\/08\/Rock-Trio-The-Warning-Share-Concert-Film.jpg\",\"width\":1280,\"height\":1280,\"caption\":\"Rock Trio The Warning Share Concert Film\"},{\"@type\":\"BreadcrumbList\",\"@id\":\"https:\/\/web.consaguirre.com.ar\/noticias\/rock-trio-the-warning-share-concert-film\/#breadcrumb\",\"itemListElement\":[{\"@type\":\"ListItem\",\"position\":1,\"name\":\"Inicio\",\"item\":\"https:\/\/web.consaguirre.com.ar\/noticias\/\"},{\"@type\":\"ListItem\",\"position\":2,\"name\":\"Rock Trio The Warning Share Concert Film\"}]},{\"@type\":\"WebSite\",\"@id\":\"https:\/\/web.consaguirre.com.ar\/noticias\/#website\",\"url\":\"https:\/\/web.consaguirre.com.ar\/noticias\/\",\"name\":\"Conservatorio de M\u00fasica Juli\u00e1n Aguirre\",\"description\":\"\",\"publisher\":{\"@id\":\"https:\/\/web.consaguirre.com.ar\/noticias\/#organization\"},\"potentialAction\":[{\"@type\":\"SearchAction\",\"target\":{\"@type\":\"EntryPoint\",\"urlTemplate\":\"https:\/\/web.consaguirre.com.ar\/noticias\/?s={search_term_string}\"},\"query-input\":\"required name=search_term_string\"}],\"inLanguage\":\"es-AR\"},{\"@type\":\"Organization\",\"@id\":\"https:\/\/web.consaguirre.com.ar\/noticias\/#organization\",\"name\":\"Conservatorio de M\u00fasica Juli\u00e1n Aguirre\",\"url\":\"https:\/\/web.consaguirre.com.ar\/noticias\/\",\"logo\":{\"@type\":\"ImageObject\",\"inLanguage\":\"es-AR\",\"@id\":\"https:\/\/web.consaguirre.com.ar\/noticias\/#\/schema\/logo\/image\/\",\"url\":\"https:\/\/web.consaguirre.com.ar\/noticias\/wp-content\/uploads\/2024\/08\/Banner-Aguirre-23.jpg\",\"contentUrl\":\"https:\/\/web.consaguirre.com.ar\/noticias\/wp-content\/uploads\/2024\/08\/Banner-Aguirre-23.jpg\",\"width\":1192,\"height\":600,\"caption\":\"Conservatorio de M\u00fasica Juli\u00e1n Aguirre\"},\"image\":{\"@id\":\"https:\/\/web.consaguirre.com.ar\/noticias\/#\/schema\/logo\/image\/\"}},{\"@type\":\"Person\",\"@id\":\"https:\/\/web.consaguirre.com.ar\/noticias\/#\/schema\/person\/6558b0cfedee7ddc5425602b237d5722\",\"name\":\"Javier Figueroa\",\"image\":{\"@type\":\"ImageObject\",\"inLanguage\":\"es-AR\",\"@id\":\"https:\/\/web.consaguirre.com.ar\/noticias\/#\/schema\/person\/image\/\",\"url\":\"https:\/\/web.consaguirre.com.ar\/noticias\/wp-content\/uploads\/2024\/08\/Consaguirre-scaled.jpg\",\"contentUrl\":\"https:\/\/web.consaguirre.com.ar\/noticias\/wp-content\/uploads\/2024\/08\/Consaguirre-scaled.jpg\",\"caption\":\"Javier Figueroa\"},\"description\":\"Me llamo Javier Figueroa y soy redactor para el sitio oficial del Conservatorio de M\u00fasica Juli\u00e1n Aguirre en Buenos Aires, consaguirre.com. Apasionado por la m\u00fasica y la escritura, me esfuerzo por destacar los talentos y eventos de nuestra prestigiosa instituci\u00f3n. Mi trayectoria se nutre de una profunda admiraci\u00f3n por los artistas, haciendo de cada art\u00edculo una celebraci\u00f3n de la creatividad y la cultura musical.\",\"sameAs\":[\"https:\/\/web.consaguirre.com.ar\/noticias\"]}]}<\/script>\n<!-- \/ Yoast SEO plugin. -->","yoast_head_json":{"title":"Rock Trio The Warning Share Concert Film","robots":{"index":"index","follow":"follow","max-snippet":"max-snippet:-1","max-image-preview":"max-image-preview:large","max-video-preview":"max-video-preview:-1"},"canonical":"https:\/\/web.consaguirre.com.ar\/noticias\/rock-trio-the-warning-share-concert-film\/","og_locale":"es_ES","og_type":"article","og_title":"Rock Trio The Warning Share Concert Film","og_description":"La advertencia ha revelado un nuevo \u00e1lbum en vivo, En vivo desde el auditorio Nacional, CDMX. Llega con la primera pel\u00edcula de concierto oficial de","og_url":"https:\/\/web.consaguirre.com.ar\/noticias\/rock-trio-the-warning-share-concert-film\/","og_site_name":"Conservatorio de M\u00fasica Juli\u00e1n Aguirre","article_published_time":"2025-08-26T02:39:57+00:00","article_modified_time":"2025-08-26T02:39:59+00:00","og_image":[{"width":1280,"height":1280,"url":"https:\/\/web.consaguirre.com.ar\/noticias\/wp-content\/uploads\/2025\/08\/Rock-Trio-The-Warning-Share-Concert-Film.jpg","type":"image\/jpeg"}],"author":"Javier Figueroa","twitter_card":"summary_large_image","twitter_misc":{"Escrito por":"Javier Figueroa","Tiempo de lectura":"2 minutos"},"schema":{"@context":"https:\/\/schema.org","@graph":[{"@type":"Article","@id":"https:\/\/web.consaguirre.com.ar\/noticias\/rock-trio-the-warning-share-concert-film\/#article","isPartOf":{"@id":"https:\/\/web.consaguirre.com.ar\/noticias\/rock-trio-the-warning-share-concert-film\/"},"author":{"name":"Javier Figueroa","@id":"https:\/\/web.consaguirre.com.ar\/noticias\/#\/schema\/person\/6558b0cfedee7ddc5425602b237d5722"},"headline":"Rock Trio The Warning Share Concert Film","datePublished":"2025-08-26T02:39:57+00:00","dateModified":"2025-08-26T02:39:59+00:00","mainEntityOfPage":{"@id":"https:\/\/web.consaguirre.com.ar\/noticias\/rock-trio-the-warning-share-concert-film\/"},"wordCount":353,"publisher":{"@id":"https:\/\/web.consaguirre.com.ar\/noticias\/#organization"},"image":{"@id":"https:\/\/web.consaguirre.com.ar\/noticias\/rock-trio-the-warning-share-concert-film\/#primaryimage"},"thumbnailUrl":"https:\/\/web.consaguirre.com.ar\/noticias\/wp-content\/uploads\/2025\/08\/Rock-Trio-The-Warning-Share-Concert-Film.jpg","keywords":["Concert","Film","Rock","Share","tr\u00edo","Warning"],"articleSection":["El \u00faltimo"],"inLanguage":"es-AR"},{"@type":"WebPage","@id":"https:\/\/web.consaguirre.com.ar\/noticias\/rock-trio-the-warning-share-concert-film\/","url":"https:\/\/web.consaguirre.com.ar\/noticias\/rock-trio-the-warning-share-concert-film\/","name":"Rock Trio The Warning Share Concert Film","isPartOf":{"@id":"https:\/\/web.consaguirre.com.ar\/noticias\/#website"},"primaryImageOfPage":{"@id":"https:\/\/web.consaguirre.com.ar\/noticias\/rock-trio-the-warning-share-concert-film\/#primaryimage"},"image":{"@id":"https:\/\/web.consaguirre.com.ar\/noticias\/rock-trio-the-warning-share-concert-film\/#primaryimage"},"thumbnailUrl":"https:\/\/web.consaguirre.com.ar\/noticias\/wp-content\/uploads\/2025\/08\/Rock-Trio-The-Warning-Share-Concert-Film.jpg","datePublished":"2025-08-26T02:39:57+00:00","dateModified":"2025-08-26T02:39:59+00:00","breadcrumb":{"@id":"https:\/\/web.consaguirre.com.ar\/noticias\/rock-trio-the-warning-share-concert-film\/#breadcrumb"},"inLanguage":"es-AR","potentialAction":[{"@type":"ReadAction","target":["https:\/\/web.consaguirre.com.ar\/noticias\/rock-trio-the-warning-share-concert-film\/"]}]},{"@type":"ImageObject","inLanguage":"es-AR","@id":"https:\/\/web.consaguirre.com.ar\/noticias\/rock-trio-the-warning-share-concert-film\/#primaryimage","url":"https:\/\/web.consaguirre.com.ar\/noticias\/wp-content\/uploads\/2025\/08\/Rock-Trio-The-Warning-Share-Concert-Film.jpg","contentUrl":"https:\/\/web.consaguirre.com.ar\/noticias\/wp-content\/uploads\/2025\/08\/Rock-Trio-The-Warning-Share-Concert-Film.jpg","width":1280,"height":1280,"caption":"Rock Trio The Warning Share Concert Film"},{"@type":"BreadcrumbList","@id":"https:\/\/web.consaguirre.com.ar\/noticias\/rock-trio-the-warning-share-concert-film\/#breadcrumb","itemListElement":[{"@type":"ListItem","position":1,"name":"Inicio","item":"https:\/\/web.consaguirre.com.ar\/noticias\/"},{"@type":"ListItem","position":2,"name":"Rock Trio The Warning Share Concert Film"}]},{"@type":"WebSite","@id":"https:\/\/web.consaguirre.com.ar\/noticias\/#website","url":"https:\/\/web.consaguirre.com.ar\/noticias\/","name":"Conservatorio de M\u00fasica Juli\u00e1n Aguirre","description":"","publisher":{"@id":"https:\/\/web.consaguirre.com.ar\/noticias\/#organization"},"potentialAction":[{"@type":"SearchAction","target":{"@type":"EntryPoint","urlTemplate":"https:\/\/web.consaguirre.com.ar\/noticias\/?s={search_term_string}"},"query-input":"required name=search_term_string"}],"inLanguage":"es-AR"},{"@type":"Organization","@id":"https:\/\/web.consaguirre.com.ar\/noticias\/#organization","name":"Conservatorio de M\u00fasica Juli\u00e1n Aguirre","url":"https:\/\/web.consaguirre.com.ar\/noticias\/","logo":{"@type":"ImageObject","inLanguage":"es-AR","@id":"https:\/\/web.consaguirre.com.ar\/noticias\/#\/schema\/logo\/image\/","url":"https:\/\/web.consaguirre.com.ar\/noticias\/wp-content\/uploads\/2024\/08\/Banner-Aguirre-23.jpg","contentUrl":"https:\/\/web.consaguirre.com.ar\/noticias\/wp-content\/uploads\/2024\/08\/Banner-Aguirre-23.jpg","width":1192,"height":600,"caption":"Conservatorio de M\u00fasica Juli\u00e1n Aguirre"},"image":{"@id":"https:\/\/web.consaguirre.com.ar\/noticias\/#\/schema\/logo\/image\/"}},{"@type":"Person","@id":"https:\/\/web.consaguirre.com.ar\/noticias\/#\/schema\/person\/6558b0cfedee7ddc5425602b237d5722","name":"Javier Figueroa","image":{"@type":"ImageObject","inLanguage":"es-AR","@id":"https:\/\/web.consaguirre.com.ar\/noticias\/#\/schema\/person\/image\/","url":"https:\/\/web.consaguirre.com.ar\/noticias\/wp-content\/uploads\/2024\/08\/Consaguirre-scaled.jpg","contentUrl":"https:\/\/web.consaguirre.com.ar\/noticias\/wp-content\/uploads\/2024\/08\/Consaguirre-scaled.jpg","caption":"Javier Figueroa"},"description":"Me llamo Javier Figueroa y soy redactor para el sitio oficial del Conservatorio de M\u00fasica Juli\u00e1n Aguirre en Buenos Aires, consaguirre.com. Apasionado por la m\u00fasica y la escritura, me esfuerzo por destacar los talentos y eventos de nuestra prestigiosa instituci\u00f3n. Mi trayectoria se nutre de una profunda admiraci\u00f3n por los artistas, haciendo de cada art\u00edculo una celebraci\u00f3n de la creatividad y la cultura musical.","sameAs":["https:\/\/web.consaguirre.com.ar\/noticias"]}]}},"_links":{"self":[{"href":"https:\/\/web.consaguirre.com.ar\/noticias\/wp-json\/wp\/v2\/posts\/3542"}],"collection":[{"href":"https:\/\/web.consaguirre.com.ar\/noticias\/wp-json\/wp\/v2\/posts"}],"about":[{"href":"https:\/\/web.consaguirre.com.ar\/noticias\/wp-json\/wp\/v2\/types\/post"}],"author":[{"embeddable":true,"href":"https:\/\/web.consaguirre.com.ar\/noticias\/wp-json\/wp\/v2\/users\/1"}],"replies":[{"embeddable":true,"href":"https:\/\/web.consaguirre.com.ar\/noticias\/wp-json\/wp\/v2\/comments?post=3542"}],"version-history":[{"count":1,"href":"https:\/\/web.consaguirre.com.ar\/noticias\/wp-json\/wp\/v2\/posts\/3542\/revisions"}],"predecessor-version":[{"id":3544,"href":"https:\/\/web.consaguirre.com.ar\/noticias\/wp-json\/wp\/v2\/posts\/3542\/revisions\/3544"}],"wp:featuredmedia":[{"embeddable":true,"href":"https:\/\/web.consaguirre.com.ar\/noticias\/wp-json\/wp\/v2\/media\/3543"}],"wp:attachment":[{"href":"https:\/\/web.consaguirre.com.ar\/noticias\/wp-json\/wp\/v2\/media?parent=3542"}],"wp:term":[{"taxonomy":"category","embeddable":true,"href":"https:\/\/web.consaguirre.com.ar\/noticias\/wp-json\/wp\/v2\/categories?post=3542"},{"taxonomy":"post_tag","embeddable":true,"href":"https:\/\/web.consaguirre.com.ar\/noticias\/wp-json\/wp\/v2\/tags?post=3542"}],"curies":[{"name":"wp","href":"https:\/\/api.w.org\/{rel}","templated":true}]}}