{"id":3533,"date":"2025-08-25T14:39:02","date_gmt":"2025-08-25T17:39:02","guid":{"rendered":"https:\/\/web.consaguirre.com.ar\/noticias\/feid-obtiene-color-pantone-de-la-firma\/"},"modified":"2025-08-25T14:39:05","modified_gmt":"2025-08-25T17:39:05","slug":"feid-obtiene-color-pantone-de-la-firma","status":"publish","type":"post","link":"https:\/\/web.consaguirre.com.ar\/noticias\/feid-obtiene-color-pantone-de-la-firma\/","title":{"rendered":"Feid obtiene color Pantone de la firma"},"content":{"rendered":"<p>La superestrella global Feid ha hecho historia al convertirse en el primer artista latino con un color exclusivo reconocido por el Pantone Color Institute.<\/p>\n<p>Nacida de las monta\u00f1as de Medell\u00edn, Colombia &#8220;Ferxxo Green&#8221; es un s\u00edmbolo de independencia, optimismo y la energ\u00eda compartida de una comunidad. Al encarnar la esencia del estilo de Feid, el tono es un tono verde brillante esperanzado y optimista que ha acompa\u00f1ado el ascenso de Feid a un fen\u00f3meno de la cultura pop. Mostrando un brillo tipo ne\u00f3n e intensidad el\u00e9ctrica, la sombra brilla una luz, aumentando nuestra experiencia de vida.<\/p>\n<div class=\"uD-YT-container\"><img decoding=\"async\" src=\"https:\/\/web.consaguirre.com.ar\/noticias\/wp-content\/uploads\/2025\/08\/1756143542_314_Feid-obtiene-color-Pantone-de-la-firma.jpg\" alt=\"Video de YouTube\"><br \/>Haga clic para cargar video<\/div>\n<p>El anuncio &#8220;Ferxxo Green&#8221; se produce despu\u00e9s del \u00e9xito del \u00faltimo sencillo de Feid, &#8220;Se Lo Juro Mor&#8221;. La canci\u00f3n debut\u00f3 en las mejores listas de canciones globales de Spotify y actualmente se est\u00e1 trazando en 16 pa\u00edses en las listas de Spotify y en las 200 principales listas de g\u00e9neros de Apple en 16 pa\u00edses y las 200 principales listas latinas en 67 pa\u00edses. El ganador de Latin Grammy lanz\u00f3 &#8220;Se Lo Juro Mor&#8221; en su cumplea\u00f1os, continuando una tradici\u00f3n de larga data de compartir nueva m\u00fasica el 19 de agosto. La canci\u00f3n es un regreso a un sonido temprano nost\u00e1lgico, evocando proyectos como 19, Inter Shibuya-La Mafia, Feliz Cumpeinos Ferxxo Ferxxo Te Piratoamos el \u00e1lbum y Ferxocalipsis.<\/p>\n<p>Feid recientemente hizo la historia como el primer artista latino en encabezar y organizar su propio escenario en el prestigioso Festival Sonic Sonic 2025 de Jap\u00f3n en Tokio. El escenario, titulado &#8220;Feliz Cumpeados Ferxxo&#8221;, fue comisariada por el propio Feid, quien present\u00f3 actos poderosos, incluidos Tainy, Bomba Est\u00e9reo y Perro Negro DJs, entre otros. Feid ha encabezado recientemente escenarios en el Bolla de Gobernador en Nueva York, Lollapalooza en Par\u00eds y Hard Festival en Los \u00c1ngeles.<\/p>\n<p>Haga clic aqu\u00ed para ver el video de &#8220;Se Lo Lo Juro Mor&#8221; de Feid ahora.<\/p>\n","protected":false},"excerpt":{"rendered":"<p>La superestrella global Feid ha hecho historia al convertirse en el primer artista latino con un color exclusivo reconocido por el Pantone Color Institute. Nacida<\/p>\n","protected":false},"author":1,"featured_media":3534,"comment_status":"closed","ping_status":"","sticky":false,"template":"","format":"standard","meta":{"footnotes":""},"categories":[50],"tags":[1055,206,389,800,3068],"class_list":["post-3533","post","type-post","status-publish","format-standard","has-post-thumbnail","hentry","category-el-ultimo","tag-color","tag-feid","tag-firma","tag-obtiene","tag-pantone","generate-columns","tablet-grid-50","mobile-grid-100","grid-parent","grid-50"],"yoast_head":"<!-- This site is optimized with the Yoast SEO plugin v23.3 - https:\/\/yoast.com\/wordpress\/plugins\/seo\/ -->\n<title>Feid obtiene color Pantone de la firma<\/title>\n<meta name=\"robots\" content=\"index, follow, max-snippet:-1, max-image-preview:large, max-video-preview:-1\" \/>\n<link rel=\"canonical\" href=\"https:\/\/web.consaguirre.com.ar\/noticias\/feid-obtiene-color-pantone-de-la-firma\/\" \/>\n<meta property=\"og:locale\" content=\"es_ES\" \/>\n<meta property=\"og:type\" content=\"article\" \/>\n<meta property=\"og:title\" content=\"Feid obtiene color Pantone de la firma\" \/>\n<meta property=\"og:description\" content=\"La superestrella global Feid ha hecho historia al convertirse en el primer artista latino con un color exclusivo reconocido por el Pantone Color Institute. Nacida\" \/>\n<meta property=\"og:url\" content=\"https:\/\/web.consaguirre.com.ar\/noticias\/feid-obtiene-color-pantone-de-la-firma\/\" \/>\n<meta property=\"og:site_name\" content=\"Conservatorio de M\u00fasica Juli\u00e1n Aguirre\" \/>\n<meta property=\"article:published_time\" content=\"2025-08-25T17:39:02+00:00\" \/>\n<meta property=\"article:modified_time\" content=\"2025-08-25T17:39:05+00:00\" \/>\n<meta property=\"og:image\" content=\"https:\/\/web.consaguirre.com.ar\/noticias\/wp-content\/uploads\/2025\/08\/1756143543_Feid-obtiene-color-Pantone-de-la-firma.jpg\" \/>\n\t<meta property=\"og:image:width\" content=\"1280\" \/>\n\t<meta property=\"og:image:height\" content=\"1280\" \/>\n\t<meta property=\"og:image:type\" content=\"image\/jpeg\" \/>\n<meta name=\"author\" content=\"Javier Figueroa\" \/>\n<meta name=\"twitter:card\" content=\"summary_large_image\" \/>\n<meta name=\"twitter:label1\" content=\"Escrito por\" \/>\n\t<meta name=\"twitter:data1\" content=\"Javier Figueroa\" \/>\n\t<meta name=\"twitter:label2\" content=\"Tiempo de lectura\" \/>\n\t<meta name=\"twitter:data2\" content=\"2 minutos\" \/>\n<script type=\"application\/ld+json\" class=\"yoast-schema-graph\">{\"@context\":\"https:\/\/schema.org\",\"@graph\":[{\"@type\":\"Article\",\"@id\":\"https:\/\/web.consaguirre.com.ar\/noticias\/feid-obtiene-color-pantone-de-la-firma\/#article\",\"isPartOf\":{\"@id\":\"https:\/\/web.consaguirre.com.ar\/noticias\/feid-obtiene-color-pantone-de-la-firma\/\"},\"author\":{\"name\":\"Javier Figueroa\",\"@id\":\"https:\/\/web.consaguirre.com.ar\/noticias\/#\/schema\/person\/6558b0cfedee7ddc5425602b237d5722\"},\"headline\":\"Feid obtiene color Pantone de la firma\",\"datePublished\":\"2025-08-25T17:39:02+00:00\",\"dateModified\":\"2025-08-25T17:39:05+00:00\",\"mainEntityOfPage\":{\"@id\":\"https:\/\/web.consaguirre.com.ar\/noticias\/feid-obtiene-color-pantone-de-la-firma\/\"},\"wordCount\":333,\"publisher\":{\"@id\":\"https:\/\/web.consaguirre.com.ar\/noticias\/#organization\"},\"image\":{\"@id\":\"https:\/\/web.consaguirre.com.ar\/noticias\/feid-obtiene-color-pantone-de-la-firma\/#primaryimage\"},\"thumbnailUrl\":\"https:\/\/web.consaguirre.com.ar\/noticias\/wp-content\/uploads\/2025\/08\/1756143543_Feid-obtiene-color-Pantone-de-la-firma.jpg\",\"keywords\":[\"Color\",\"Feid\",\"firma\",\"obtiene\",\"Pantone\"],\"articleSection\":[\"El \u00faltimo\"],\"inLanguage\":\"es-AR\"},{\"@type\":\"WebPage\",\"@id\":\"https:\/\/web.consaguirre.com.ar\/noticias\/feid-obtiene-color-pantone-de-la-firma\/\",\"url\":\"https:\/\/web.consaguirre.com.ar\/noticias\/feid-obtiene-color-pantone-de-la-firma\/\",\"name\":\"Feid obtiene color Pantone de la firma\",\"isPartOf\":{\"@id\":\"https:\/\/web.consaguirre.com.ar\/noticias\/#website\"},\"primaryImageOfPage\":{\"@id\":\"https:\/\/web.consaguirre.com.ar\/noticias\/feid-obtiene-color-pantone-de-la-firma\/#primaryimage\"},\"image\":{\"@id\":\"https:\/\/web.consaguirre.com.ar\/noticias\/feid-obtiene-color-pantone-de-la-firma\/#primaryimage\"},\"thumbnailUrl\":\"https:\/\/web.consaguirre.com.ar\/noticias\/wp-content\/uploads\/2025\/08\/1756143543_Feid-obtiene-color-Pantone-de-la-firma.jpg\",\"datePublished\":\"2025-08-25T17:39:02+00:00\",\"dateModified\":\"2025-08-25T17:39:05+00:00\",\"breadcrumb\":{\"@id\":\"https:\/\/web.consaguirre.com.ar\/noticias\/feid-obtiene-color-pantone-de-la-firma\/#breadcrumb\"},\"inLanguage\":\"es-AR\",\"potentialAction\":[{\"@type\":\"ReadAction\",\"target\":[\"https:\/\/web.consaguirre.com.ar\/noticias\/feid-obtiene-color-pantone-de-la-firma\/\"]}]},{\"@type\":\"ImageObject\",\"inLanguage\":\"es-AR\",\"@id\":\"https:\/\/web.consaguirre.com.ar\/noticias\/feid-obtiene-color-pantone-de-la-firma\/#primaryimage\",\"url\":\"https:\/\/web.consaguirre.com.ar\/noticias\/wp-content\/uploads\/2025\/08\/1756143543_Feid-obtiene-color-Pantone-de-la-firma.jpg\",\"contentUrl\":\"https:\/\/web.consaguirre.com.ar\/noticias\/wp-content\/uploads\/2025\/08\/1756143543_Feid-obtiene-color-Pantone-de-la-firma.jpg\",\"width\":1280,\"height\":1280,\"caption\":\"Feid obtiene color Pantone de la firma\"},{\"@type\":\"BreadcrumbList\",\"@id\":\"https:\/\/web.consaguirre.com.ar\/noticias\/feid-obtiene-color-pantone-de-la-firma\/#breadcrumb\",\"itemListElement\":[{\"@type\":\"ListItem\",\"position\":1,\"name\":\"Inicio\",\"item\":\"https:\/\/web.consaguirre.com.ar\/noticias\/\"},{\"@type\":\"ListItem\",\"position\":2,\"name\":\"Feid obtiene color Pantone de la firma\"}]},{\"@type\":\"WebSite\",\"@id\":\"https:\/\/web.consaguirre.com.ar\/noticias\/#website\",\"url\":\"https:\/\/web.consaguirre.com.ar\/noticias\/\",\"name\":\"Conservatorio de M\u00fasica Juli\u00e1n Aguirre\",\"description\":\"\",\"publisher\":{\"@id\":\"https:\/\/web.consaguirre.com.ar\/noticias\/#organization\"},\"potentialAction\":[{\"@type\":\"SearchAction\",\"target\":{\"@type\":\"EntryPoint\",\"urlTemplate\":\"https:\/\/web.consaguirre.com.ar\/noticias\/?s={search_term_string}\"},\"query-input\":\"required name=search_term_string\"}],\"inLanguage\":\"es-AR\"},{\"@type\":\"Organization\",\"@id\":\"https:\/\/web.consaguirre.com.ar\/noticias\/#organization\",\"name\":\"Conservatorio de M\u00fasica Juli\u00e1n Aguirre\",\"url\":\"https:\/\/web.consaguirre.com.ar\/noticias\/\",\"logo\":{\"@type\":\"ImageObject\",\"inLanguage\":\"es-AR\",\"@id\":\"https:\/\/web.consaguirre.com.ar\/noticias\/#\/schema\/logo\/image\/\",\"url\":\"https:\/\/web.consaguirre.com.ar\/noticias\/wp-content\/uploads\/2024\/08\/Banner-Aguirre-23.jpg\",\"contentUrl\":\"https:\/\/web.consaguirre.com.ar\/noticias\/wp-content\/uploads\/2024\/08\/Banner-Aguirre-23.jpg\",\"width\":1192,\"height\":600,\"caption\":\"Conservatorio de M\u00fasica Juli\u00e1n Aguirre\"},\"image\":{\"@id\":\"https:\/\/web.consaguirre.com.ar\/noticias\/#\/schema\/logo\/image\/\"}},{\"@type\":\"Person\",\"@id\":\"https:\/\/web.consaguirre.com.ar\/noticias\/#\/schema\/person\/6558b0cfedee7ddc5425602b237d5722\",\"name\":\"Javier Figueroa\",\"image\":{\"@type\":\"ImageObject\",\"inLanguage\":\"es-AR\",\"@id\":\"https:\/\/web.consaguirre.com.ar\/noticias\/#\/schema\/person\/image\/\",\"url\":\"https:\/\/web.consaguirre.com.ar\/noticias\/wp-content\/uploads\/2024\/08\/Consaguirre-scaled.jpg\",\"contentUrl\":\"https:\/\/web.consaguirre.com.ar\/noticias\/wp-content\/uploads\/2024\/08\/Consaguirre-scaled.jpg\",\"caption\":\"Javier Figueroa\"},\"description\":\"Me llamo Javier Figueroa y soy redactor para el sitio oficial del Conservatorio de M\u00fasica Juli\u00e1n Aguirre en Buenos Aires, consaguirre.com. Apasionado por la m\u00fasica y la escritura, me esfuerzo por destacar los talentos y eventos de nuestra prestigiosa instituci\u00f3n. Mi trayectoria se nutre de una profunda admiraci\u00f3n por los artistas, haciendo de cada art\u00edculo una celebraci\u00f3n de la creatividad y la cultura musical.\",\"sameAs\":[\"https:\/\/web.consaguirre.com.ar\/noticias\"]}]}<\/script>\n<!-- \/ Yoast SEO plugin. -->","yoast_head_json":{"title":"Feid obtiene color Pantone de la firma","robots":{"index":"index","follow":"follow","max-snippet":"max-snippet:-1","max-image-preview":"max-image-preview:large","max-video-preview":"max-video-preview:-1"},"canonical":"https:\/\/web.consaguirre.com.ar\/noticias\/feid-obtiene-color-pantone-de-la-firma\/","og_locale":"es_ES","og_type":"article","og_title":"Feid obtiene color Pantone de la firma","og_description":"La superestrella global Feid ha hecho historia al convertirse en el primer artista latino con un color exclusivo reconocido por el Pantone Color Institute. Nacida","og_url":"https:\/\/web.consaguirre.com.ar\/noticias\/feid-obtiene-color-pantone-de-la-firma\/","og_site_name":"Conservatorio de M\u00fasica Juli\u00e1n Aguirre","article_published_time":"2025-08-25T17:39:02+00:00","article_modified_time":"2025-08-25T17:39:05+00:00","og_image":[{"width":1280,"height":1280,"url":"https:\/\/web.consaguirre.com.ar\/noticias\/wp-content\/uploads\/2025\/08\/1756143543_Feid-obtiene-color-Pantone-de-la-firma.jpg","type":"image\/jpeg"}],"author":"Javier Figueroa","twitter_card":"summary_large_image","twitter_misc":{"Escrito por":"Javier Figueroa","Tiempo de lectura":"2 minutos"},"schema":{"@context":"https:\/\/schema.org","@graph":[{"@type":"Article","@id":"https:\/\/web.consaguirre.com.ar\/noticias\/feid-obtiene-color-pantone-de-la-firma\/#article","isPartOf":{"@id":"https:\/\/web.consaguirre.com.ar\/noticias\/feid-obtiene-color-pantone-de-la-firma\/"},"author":{"name":"Javier Figueroa","@id":"https:\/\/web.consaguirre.com.ar\/noticias\/#\/schema\/person\/6558b0cfedee7ddc5425602b237d5722"},"headline":"Feid obtiene color Pantone de la firma","datePublished":"2025-08-25T17:39:02+00:00","dateModified":"2025-08-25T17:39:05+00:00","mainEntityOfPage":{"@id":"https:\/\/web.consaguirre.com.ar\/noticias\/feid-obtiene-color-pantone-de-la-firma\/"},"wordCount":333,"publisher":{"@id":"https:\/\/web.consaguirre.com.ar\/noticias\/#organization"},"image":{"@id":"https:\/\/web.consaguirre.com.ar\/noticias\/feid-obtiene-color-pantone-de-la-firma\/#primaryimage"},"thumbnailUrl":"https:\/\/web.consaguirre.com.ar\/noticias\/wp-content\/uploads\/2025\/08\/1756143543_Feid-obtiene-color-Pantone-de-la-firma.jpg","keywords":["Color","Feid","firma","obtiene","Pantone"],"articleSection":["El \u00faltimo"],"inLanguage":"es-AR"},{"@type":"WebPage","@id":"https:\/\/web.consaguirre.com.ar\/noticias\/feid-obtiene-color-pantone-de-la-firma\/","url":"https:\/\/web.consaguirre.com.ar\/noticias\/feid-obtiene-color-pantone-de-la-firma\/","name":"Feid obtiene color Pantone de la firma","isPartOf":{"@id":"https:\/\/web.consaguirre.com.ar\/noticias\/#website"},"primaryImageOfPage":{"@id":"https:\/\/web.consaguirre.com.ar\/noticias\/feid-obtiene-color-pantone-de-la-firma\/#primaryimage"},"image":{"@id":"https:\/\/web.consaguirre.com.ar\/noticias\/feid-obtiene-color-pantone-de-la-firma\/#primaryimage"},"thumbnailUrl":"https:\/\/web.consaguirre.com.ar\/noticias\/wp-content\/uploads\/2025\/08\/1756143543_Feid-obtiene-color-Pantone-de-la-firma.jpg","datePublished":"2025-08-25T17:39:02+00:00","dateModified":"2025-08-25T17:39:05+00:00","breadcrumb":{"@id":"https:\/\/web.consaguirre.com.ar\/noticias\/feid-obtiene-color-pantone-de-la-firma\/#breadcrumb"},"inLanguage":"es-AR","potentialAction":[{"@type":"ReadAction","target":["https:\/\/web.consaguirre.com.ar\/noticias\/feid-obtiene-color-pantone-de-la-firma\/"]}]},{"@type":"ImageObject","inLanguage":"es-AR","@id":"https:\/\/web.consaguirre.com.ar\/noticias\/feid-obtiene-color-pantone-de-la-firma\/#primaryimage","url":"https:\/\/web.consaguirre.com.ar\/noticias\/wp-content\/uploads\/2025\/08\/1756143543_Feid-obtiene-color-Pantone-de-la-firma.jpg","contentUrl":"https:\/\/web.consaguirre.com.ar\/noticias\/wp-content\/uploads\/2025\/08\/1756143543_Feid-obtiene-color-Pantone-de-la-firma.jpg","width":1280,"height":1280,"caption":"Feid obtiene color Pantone de la firma"},{"@type":"BreadcrumbList","@id":"https:\/\/web.consaguirre.com.ar\/noticias\/feid-obtiene-color-pantone-de-la-firma\/#breadcrumb","itemListElement":[{"@type":"ListItem","position":1,"name":"Inicio","item":"https:\/\/web.consaguirre.com.ar\/noticias\/"},{"@type":"ListItem","position":2,"name":"Feid obtiene color Pantone de la firma"}]},{"@type":"WebSite","@id":"https:\/\/web.consaguirre.com.ar\/noticias\/#website","url":"https:\/\/web.consaguirre.com.ar\/noticias\/","name":"Conservatorio de M\u00fasica Juli\u00e1n Aguirre","description":"","publisher":{"@id":"https:\/\/web.consaguirre.com.ar\/noticias\/#organization"},"potentialAction":[{"@type":"SearchAction","target":{"@type":"EntryPoint","urlTemplate":"https:\/\/web.consaguirre.com.ar\/noticias\/?s={search_term_string}"},"query-input":"required name=search_term_string"}],"inLanguage":"es-AR"},{"@type":"Organization","@id":"https:\/\/web.consaguirre.com.ar\/noticias\/#organization","name":"Conservatorio de M\u00fasica Juli\u00e1n Aguirre","url":"https:\/\/web.consaguirre.com.ar\/noticias\/","logo":{"@type":"ImageObject","inLanguage":"es-AR","@id":"https:\/\/web.consaguirre.com.ar\/noticias\/#\/schema\/logo\/image\/","url":"https:\/\/web.consaguirre.com.ar\/noticias\/wp-content\/uploads\/2024\/08\/Banner-Aguirre-23.jpg","contentUrl":"https:\/\/web.consaguirre.com.ar\/noticias\/wp-content\/uploads\/2024\/08\/Banner-Aguirre-23.jpg","width":1192,"height":600,"caption":"Conservatorio de M\u00fasica Juli\u00e1n Aguirre"},"image":{"@id":"https:\/\/web.consaguirre.com.ar\/noticias\/#\/schema\/logo\/image\/"}},{"@type":"Person","@id":"https:\/\/web.consaguirre.com.ar\/noticias\/#\/schema\/person\/6558b0cfedee7ddc5425602b237d5722","name":"Javier Figueroa","image":{"@type":"ImageObject","inLanguage":"es-AR","@id":"https:\/\/web.consaguirre.com.ar\/noticias\/#\/schema\/person\/image\/","url":"https:\/\/web.consaguirre.com.ar\/noticias\/wp-content\/uploads\/2024\/08\/Consaguirre-scaled.jpg","contentUrl":"https:\/\/web.consaguirre.com.ar\/noticias\/wp-content\/uploads\/2024\/08\/Consaguirre-scaled.jpg","caption":"Javier Figueroa"},"description":"Me llamo Javier Figueroa y soy redactor para el sitio oficial del Conservatorio de M\u00fasica Juli\u00e1n Aguirre en Buenos Aires, consaguirre.com. Apasionado por la m\u00fasica y la escritura, me esfuerzo por destacar los talentos y eventos de nuestra prestigiosa instituci\u00f3n. Mi trayectoria se nutre de una profunda admiraci\u00f3n por los artistas, haciendo de cada art\u00edculo una celebraci\u00f3n de la creatividad y la cultura musical.","sameAs":["https:\/\/web.consaguirre.com.ar\/noticias"]}]}},"_links":{"self":[{"href":"https:\/\/web.consaguirre.com.ar\/noticias\/wp-json\/wp\/v2\/posts\/3533"}],"collection":[{"href":"https:\/\/web.consaguirre.com.ar\/noticias\/wp-json\/wp\/v2\/posts"}],"about":[{"href":"https:\/\/web.consaguirre.com.ar\/noticias\/wp-json\/wp\/v2\/types\/post"}],"author":[{"embeddable":true,"href":"https:\/\/web.consaguirre.com.ar\/noticias\/wp-json\/wp\/v2\/users\/1"}],"replies":[{"embeddable":true,"href":"https:\/\/web.consaguirre.com.ar\/noticias\/wp-json\/wp\/v2\/comments?post=3533"}],"version-history":[{"count":1,"href":"https:\/\/web.consaguirre.com.ar\/noticias\/wp-json\/wp\/v2\/posts\/3533\/revisions"}],"predecessor-version":[{"id":3535,"href":"https:\/\/web.consaguirre.com.ar\/noticias\/wp-json\/wp\/v2\/posts\/3533\/revisions\/3535"}],"wp:featuredmedia":[{"embeddable":true,"href":"https:\/\/web.consaguirre.com.ar\/noticias\/wp-json\/wp\/v2\/media\/3534"}],"wp:attachment":[{"href":"https:\/\/web.consaguirre.com.ar\/noticias\/wp-json\/wp\/v2\/media?parent=3533"}],"wp:term":[{"taxonomy":"category","embeddable":true,"href":"https:\/\/web.consaguirre.com.ar\/noticias\/wp-json\/wp\/v2\/categories?post=3533"},{"taxonomy":"post_tag","embeddable":true,"href":"https:\/\/web.consaguirre.com.ar\/noticias\/wp-json\/wp\/v2\/tags?post=3533"}],"curies":[{"name":"wp","href":"https:\/\/api.w.org\/{rel}","templated":true}]}}