{"id":3527,"date":"2025-08-23T08:38:32","date_gmt":"2025-08-23T11:38:32","guid":{"rendered":"https:\/\/web.consaguirre.com.ar\/noticias\/lov-e-de-nat-king-cole-celebra-el-60-aniversario-con-international-lov-e-ep\/"},"modified":"2025-08-23T08:38:34","modified_gmt":"2025-08-23T11:38:34","slug":"lov-e-de-nat-king-cole-celebra-el-60-aniversario-con-international-lov-e-ep","status":"publish","type":"post","link":"https:\/\/web.consaguirre.com.ar\/noticias\/lov-e-de-nat-king-cole-celebra-el-60-aniversario-con-international-lov-e-ep\/","title":{"rendered":"&#8216;Lov-E&#8217; de Nat King Cole celebra el 60 aniversario con &#8216;International Lov-E&#8217; EP"},"content":{"rendered":"<p>60 a\u00f1os despu\u00e9s de su \u00e1lbum final <em>AMAR<\/em> Los fan\u00e1ticos encantados de todo el mundo, algunas grabaciones raras de Nat King Cole cantan uno de sus \u00e9xitos m\u00e1s conocidos en cinco idiomas diferentes se est\u00e1n volviendo accesibles. El <em>Amor internacional<\/em> El EP ya est\u00e1 disponible, con el Jazz Great interpretando &#8220;amor&#8221; en ingl\u00e9s, franc\u00e9s, alem\u00e1n, italiano, japon\u00e9s y espa\u00f1ol. El EP tambi\u00e9n contar\u00e1 con una nueva mashup, con las seis grabaciones reunidas en un Megamix.<\/p>\n<p>Liberado justo antes de la muerte de Cole por c\u00e1ncer de pulm\u00f3n en 1965, <em>AMAR<\/em> Representa las \u00faltimas grabaciones que el artista realiz\u00f3 en su vida. La canci\u00f3n del t\u00edtulo se asoci\u00f3 para siempre con Cole y vive en la conciencia popular hasta el d\u00eda de hoy, apareciendo en pel\u00edculas como <em>La trampa para padres<\/em> y <em>Ahora te pronuncio Chuck y Larry<\/em>. Quiz\u00e1s parte de la raz\u00f3n por la que la canci\u00f3n sigue siendo tan popular en todo el mundo es porque antes de su muerte, Cole tambi\u00e9n grab\u00f3 la canci\u00f3n en varios idiomas diferentes.<\/p>\n<div class=\"uD-YT-container\"><img decoding=\"async\" src=\"https:\/\/web.consaguirre.com.ar\/noticias\/wp-content\/uploads\/2025\/08\/1755949112_528_Lov-E-de-Nat-King-Cole-celebra-el-60-aniversario-con.jpg\" alt=\"Video de YouTube\"><br \/>Haga clic para cargar video<\/div>\n<p>Esto no era inusual para el m\u00fasico, que para entonces ten\u00eda una historia de grabaci\u00f3n de a\u00f1os en espa\u00f1ol, a pesar de no hablar el idioma. En 1958, Cole lanz\u00f3 <em>Cole espa\u00f1ol<\/em>una colecci\u00f3n de 11 arreglos grabados en Cuba que Cole luego cant\u00f3 en Los \u00c1ngeles. Esto fue seguido por <em>Un mis amigos<\/em> en 1959 y <em>M\u00e1s Cole Espa\u00f1ol<\/em> En 1962. Cole tambi\u00e9n hab\u00eda incursionado en la actuaci\u00f3n en japon\u00e9s antes de &#8220;Love&#8221;, trayendo una interpretaci\u00f3n traducida de su canci\u00f3n &#8220;Autumn Leaves&#8221; a la televisi\u00f3n japonesa en 1961.<\/p>\n<p>La muerte de Cole en 1965 con solo 45 a\u00f1os fue tr\u00e1gica, pero no atenu\u00f3 el impacto de su m\u00fasica. En 1991, se lanz\u00f3 un d\u00fao p\u00f3stumo con su hija Natalie Cole, traz\u00e1ndose en el n\u00famero 14 en el Billboard Hot 100. Hasta el d\u00eda de hoy, la m\u00fasica de Cole vuelve regularmente a la lista cada temporada de vacaciones como sus grabaciones de &#8220;Deck the Halls&#8221; y &#8220;The Christmas Song&#8221; reciben atenci\u00f3n renovada. Despu\u00e9s de m\u00e1s de 60 a\u00f1os, la m\u00fasica de Cole todav\u00eda es atemporal.<\/p><\/p>\n","protected":false},"excerpt":{"rendered":"<p>60 a\u00f1os despu\u00e9s de su \u00e1lbum final AMAR Los fan\u00e1ticos encantados de todo el mundo, algunas grabaciones raras de Nat King Cole cantan uno de<\/p>\n","protected":false},"author":1,"featured_media":3528,"comment_status":"closed","ping_status":"","sticky":false,"template":"","format":"standard","meta":{"footnotes":""},"categories":[50],"tags":[98,114,1373,32,3063,654,328,3062],"class_list":["post-3527","post","type-post","status-publish","format-standard","has-post-thumbnail","hentry","category-el-ultimo","tag-aniversario","tag-celebra","tag-cole","tag-con","tag-international","tag-king","tag-love","tag-nat","generate-columns","tablet-grid-50","mobile-grid-100","grid-parent","grid-50"],"yoast_head":"<!-- This site is optimized with the Yoast SEO plugin v23.3 - https:\/\/yoast.com\/wordpress\/plugins\/seo\/ -->\n<title>&#039;Lov-E&#039; de Nat King Cole celebra el 60 aniversario con &#039;International Lov-E&#039; EP<\/title>\n<meta name=\"robots\" content=\"index, follow, max-snippet:-1, max-image-preview:large, max-video-preview:-1\" \/>\n<link rel=\"canonical\" href=\"https:\/\/web.consaguirre.com.ar\/noticias\/lov-e-de-nat-king-cole-celebra-el-60-aniversario-con-international-lov-e-ep\/\" \/>\n<meta property=\"og:locale\" content=\"es_ES\" \/>\n<meta property=\"og:type\" content=\"article\" \/>\n<meta property=\"og:title\" content=\"&#039;Lov-E&#039; de Nat King Cole celebra el 60 aniversario con &#039;International Lov-E&#039; EP\" \/>\n<meta property=\"og:description\" content=\"60 a\u00f1os despu\u00e9s de su \u00e1lbum final AMAR Los fan\u00e1ticos encantados de todo el mundo, algunas grabaciones raras de Nat King Cole cantan uno de\" \/>\n<meta property=\"og:url\" content=\"https:\/\/web.consaguirre.com.ar\/noticias\/lov-e-de-nat-king-cole-celebra-el-60-aniversario-con-international-lov-e-ep\/\" \/>\n<meta property=\"og:site_name\" content=\"Conservatorio de M\u00fasica Juli\u00e1n Aguirre\" \/>\n<meta property=\"article:published_time\" content=\"2025-08-23T11:38:32+00:00\" \/>\n<meta property=\"article:modified_time\" content=\"2025-08-23T11:38:34+00:00\" \/>\n<meta property=\"og:image\" content=\"https:\/\/web.consaguirre.com.ar\/noticias\/wp-content\/uploads\/2025\/08\/Lov-E-de-Nat-King-Cole-celebra-el-60-aniversario-con.jpg\" \/>\n\t<meta property=\"og:image:width\" content=\"1280\" \/>\n\t<meta property=\"og:image:height\" content=\"1280\" \/>\n\t<meta property=\"og:image:type\" content=\"image\/jpeg\" \/>\n<meta name=\"author\" content=\"Javier Figueroa\" \/>\n<meta name=\"twitter:card\" content=\"summary_large_image\" \/>\n<meta name=\"twitter:label1\" content=\"Escrito por\" \/>\n\t<meta name=\"twitter:data1\" content=\"Javier Figueroa\" \/>\n\t<meta name=\"twitter:label2\" content=\"Tiempo de lectura\" \/>\n\t<meta name=\"twitter:data2\" content=\"2 minutos\" \/>\n<script type=\"application\/ld+json\" class=\"yoast-schema-graph\">{\"@context\":\"https:\/\/schema.org\",\"@graph\":[{\"@type\":\"Article\",\"@id\":\"https:\/\/web.consaguirre.com.ar\/noticias\/lov-e-de-nat-king-cole-celebra-el-60-aniversario-con-international-lov-e-ep\/#article\",\"isPartOf\":{\"@id\":\"https:\/\/web.consaguirre.com.ar\/noticias\/lov-e-de-nat-king-cole-celebra-el-60-aniversario-con-international-lov-e-ep\/\"},\"author\":{\"name\":\"Javier Figueroa\",\"@id\":\"https:\/\/web.consaguirre.com.ar\/noticias\/#\/schema\/person\/6558b0cfedee7ddc5425602b237d5722\"},\"headline\":\"&#8216;Lov-E&#8217; de Nat King Cole celebra el 60 aniversario con &#8216;International Lov-E&#8217; EP\",\"datePublished\":\"2025-08-23T11:38:32+00:00\",\"dateModified\":\"2025-08-23T11:38:34+00:00\",\"mainEntityOfPage\":{\"@id\":\"https:\/\/web.consaguirre.com.ar\/noticias\/lov-e-de-nat-king-cole-celebra-el-60-aniversario-con-international-lov-e-ep\/\"},\"wordCount\":402,\"publisher\":{\"@id\":\"https:\/\/web.consaguirre.com.ar\/noticias\/#organization\"},\"image\":{\"@id\":\"https:\/\/web.consaguirre.com.ar\/noticias\/lov-e-de-nat-king-cole-celebra-el-60-aniversario-con-international-lov-e-ep\/#primaryimage\"},\"thumbnailUrl\":\"https:\/\/web.consaguirre.com.ar\/noticias\/wp-content\/uploads\/2025\/08\/Lov-E-de-Nat-King-Cole-celebra-el-60-aniversario-con.jpg\",\"keywords\":[\"aniversario\",\"celebra\",\"Cole\",\"con\",\"International\",\"King\",\"Love\",\"Nat\"],\"articleSection\":[\"El \u00faltimo\"],\"inLanguage\":\"es-AR\"},{\"@type\":\"WebPage\",\"@id\":\"https:\/\/web.consaguirre.com.ar\/noticias\/lov-e-de-nat-king-cole-celebra-el-60-aniversario-con-international-lov-e-ep\/\",\"url\":\"https:\/\/web.consaguirre.com.ar\/noticias\/lov-e-de-nat-king-cole-celebra-el-60-aniversario-con-international-lov-e-ep\/\",\"name\":\"'Lov-E' de Nat King Cole celebra el 60 aniversario con 'International Lov-E' EP\",\"isPartOf\":{\"@id\":\"https:\/\/web.consaguirre.com.ar\/noticias\/#website\"},\"primaryImageOfPage\":{\"@id\":\"https:\/\/web.consaguirre.com.ar\/noticias\/lov-e-de-nat-king-cole-celebra-el-60-aniversario-con-international-lov-e-ep\/#primaryimage\"},\"image\":{\"@id\":\"https:\/\/web.consaguirre.com.ar\/noticias\/lov-e-de-nat-king-cole-celebra-el-60-aniversario-con-international-lov-e-ep\/#primaryimage\"},\"thumbnailUrl\":\"https:\/\/web.consaguirre.com.ar\/noticias\/wp-content\/uploads\/2025\/08\/Lov-E-de-Nat-King-Cole-celebra-el-60-aniversario-con.jpg\",\"datePublished\":\"2025-08-23T11:38:32+00:00\",\"dateModified\":\"2025-08-23T11:38:34+00:00\",\"breadcrumb\":{\"@id\":\"https:\/\/web.consaguirre.com.ar\/noticias\/lov-e-de-nat-king-cole-celebra-el-60-aniversario-con-international-lov-e-ep\/#breadcrumb\"},\"inLanguage\":\"es-AR\",\"potentialAction\":[{\"@type\":\"ReadAction\",\"target\":[\"https:\/\/web.consaguirre.com.ar\/noticias\/lov-e-de-nat-king-cole-celebra-el-60-aniversario-con-international-lov-e-ep\/\"]}]},{\"@type\":\"ImageObject\",\"inLanguage\":\"es-AR\",\"@id\":\"https:\/\/web.consaguirre.com.ar\/noticias\/lov-e-de-nat-king-cole-celebra-el-60-aniversario-con-international-lov-e-ep\/#primaryimage\",\"url\":\"https:\/\/web.consaguirre.com.ar\/noticias\/wp-content\/uploads\/2025\/08\/Lov-E-de-Nat-King-Cole-celebra-el-60-aniversario-con.jpg\",\"contentUrl\":\"https:\/\/web.consaguirre.com.ar\/noticias\/wp-content\/uploads\/2025\/08\/Lov-E-de-Nat-King-Cole-celebra-el-60-aniversario-con.jpg\",\"width\":1280,\"height\":1280,\"caption\":\"'Lov-E' de Nat King Cole celebra el 60 aniversario con 'International Lov-E' EP\"},{\"@type\":\"BreadcrumbList\",\"@id\":\"https:\/\/web.consaguirre.com.ar\/noticias\/lov-e-de-nat-king-cole-celebra-el-60-aniversario-con-international-lov-e-ep\/#breadcrumb\",\"itemListElement\":[{\"@type\":\"ListItem\",\"position\":1,\"name\":\"Inicio\",\"item\":\"https:\/\/web.consaguirre.com.ar\/noticias\/\"},{\"@type\":\"ListItem\",\"position\":2,\"name\":\"&#8216;Lov-E&#8217; de Nat King Cole celebra el 60 aniversario con &#8216;International Lov-E&#8217; EP\"}]},{\"@type\":\"WebSite\",\"@id\":\"https:\/\/web.consaguirre.com.ar\/noticias\/#website\",\"url\":\"https:\/\/web.consaguirre.com.ar\/noticias\/\",\"name\":\"Conservatorio de M\u00fasica Juli\u00e1n Aguirre\",\"description\":\"\",\"publisher\":{\"@id\":\"https:\/\/web.consaguirre.com.ar\/noticias\/#organization\"},\"potentialAction\":[{\"@type\":\"SearchAction\",\"target\":{\"@type\":\"EntryPoint\",\"urlTemplate\":\"https:\/\/web.consaguirre.com.ar\/noticias\/?s={search_term_string}\"},\"query-input\":\"required name=search_term_string\"}],\"inLanguage\":\"es-AR\"},{\"@type\":\"Organization\",\"@id\":\"https:\/\/web.consaguirre.com.ar\/noticias\/#organization\",\"name\":\"Conservatorio de M\u00fasica Juli\u00e1n Aguirre\",\"url\":\"https:\/\/web.consaguirre.com.ar\/noticias\/\",\"logo\":{\"@type\":\"ImageObject\",\"inLanguage\":\"es-AR\",\"@id\":\"https:\/\/web.consaguirre.com.ar\/noticias\/#\/schema\/logo\/image\/\",\"url\":\"https:\/\/web.consaguirre.com.ar\/noticias\/wp-content\/uploads\/2024\/08\/Banner-Aguirre-23.jpg\",\"contentUrl\":\"https:\/\/web.consaguirre.com.ar\/noticias\/wp-content\/uploads\/2024\/08\/Banner-Aguirre-23.jpg\",\"width\":1192,\"height\":600,\"caption\":\"Conservatorio de M\u00fasica Juli\u00e1n Aguirre\"},\"image\":{\"@id\":\"https:\/\/web.consaguirre.com.ar\/noticias\/#\/schema\/logo\/image\/\"}},{\"@type\":\"Person\",\"@id\":\"https:\/\/web.consaguirre.com.ar\/noticias\/#\/schema\/person\/6558b0cfedee7ddc5425602b237d5722\",\"name\":\"Javier Figueroa\",\"image\":{\"@type\":\"ImageObject\",\"inLanguage\":\"es-AR\",\"@id\":\"https:\/\/web.consaguirre.com.ar\/noticias\/#\/schema\/person\/image\/\",\"url\":\"https:\/\/web.consaguirre.com.ar\/noticias\/wp-content\/uploads\/2024\/08\/Consaguirre-scaled.jpg\",\"contentUrl\":\"https:\/\/web.consaguirre.com.ar\/noticias\/wp-content\/uploads\/2024\/08\/Consaguirre-scaled.jpg\",\"caption\":\"Javier Figueroa\"},\"description\":\"Me llamo Javier Figueroa y soy redactor para el sitio oficial del Conservatorio de M\u00fasica Juli\u00e1n Aguirre en Buenos Aires, consaguirre.com. Apasionado por la m\u00fasica y la escritura, me esfuerzo por destacar los talentos y eventos de nuestra prestigiosa instituci\u00f3n. Mi trayectoria se nutre de una profunda admiraci\u00f3n por los artistas, haciendo de cada art\u00edculo una celebraci\u00f3n de la creatividad y la cultura musical.\",\"sameAs\":[\"https:\/\/web.consaguirre.com.ar\/noticias\"]}]}<\/script>\n<!-- \/ Yoast SEO plugin. -->","yoast_head_json":{"title":"'Lov-E' de Nat King Cole celebra el 60 aniversario con 'International Lov-E' EP","robots":{"index":"index","follow":"follow","max-snippet":"max-snippet:-1","max-image-preview":"max-image-preview:large","max-video-preview":"max-video-preview:-1"},"canonical":"https:\/\/web.consaguirre.com.ar\/noticias\/lov-e-de-nat-king-cole-celebra-el-60-aniversario-con-international-lov-e-ep\/","og_locale":"es_ES","og_type":"article","og_title":"'Lov-E' de Nat King Cole celebra el 60 aniversario con 'International Lov-E' EP","og_description":"60 a\u00f1os despu\u00e9s de su \u00e1lbum final AMAR Los fan\u00e1ticos encantados de todo el mundo, algunas grabaciones raras de Nat King Cole cantan uno de","og_url":"https:\/\/web.consaguirre.com.ar\/noticias\/lov-e-de-nat-king-cole-celebra-el-60-aniversario-con-international-lov-e-ep\/","og_site_name":"Conservatorio de M\u00fasica Juli\u00e1n Aguirre","article_published_time":"2025-08-23T11:38:32+00:00","article_modified_time":"2025-08-23T11:38:34+00:00","og_image":[{"width":1280,"height":1280,"url":"https:\/\/web.consaguirre.com.ar\/noticias\/wp-content\/uploads\/2025\/08\/Lov-E-de-Nat-King-Cole-celebra-el-60-aniversario-con.jpg","type":"image\/jpeg"}],"author":"Javier Figueroa","twitter_card":"summary_large_image","twitter_misc":{"Escrito por":"Javier Figueroa","Tiempo de lectura":"2 minutos"},"schema":{"@context":"https:\/\/schema.org","@graph":[{"@type":"Article","@id":"https:\/\/web.consaguirre.com.ar\/noticias\/lov-e-de-nat-king-cole-celebra-el-60-aniversario-con-international-lov-e-ep\/#article","isPartOf":{"@id":"https:\/\/web.consaguirre.com.ar\/noticias\/lov-e-de-nat-king-cole-celebra-el-60-aniversario-con-international-lov-e-ep\/"},"author":{"name":"Javier Figueroa","@id":"https:\/\/web.consaguirre.com.ar\/noticias\/#\/schema\/person\/6558b0cfedee7ddc5425602b237d5722"},"headline":"&#8216;Lov-E&#8217; de Nat King Cole celebra el 60 aniversario con &#8216;International Lov-E&#8217; EP","datePublished":"2025-08-23T11:38:32+00:00","dateModified":"2025-08-23T11:38:34+00:00","mainEntityOfPage":{"@id":"https:\/\/web.consaguirre.com.ar\/noticias\/lov-e-de-nat-king-cole-celebra-el-60-aniversario-con-international-lov-e-ep\/"},"wordCount":402,"publisher":{"@id":"https:\/\/web.consaguirre.com.ar\/noticias\/#organization"},"image":{"@id":"https:\/\/web.consaguirre.com.ar\/noticias\/lov-e-de-nat-king-cole-celebra-el-60-aniversario-con-international-lov-e-ep\/#primaryimage"},"thumbnailUrl":"https:\/\/web.consaguirre.com.ar\/noticias\/wp-content\/uploads\/2025\/08\/Lov-E-de-Nat-King-Cole-celebra-el-60-aniversario-con.jpg","keywords":["aniversario","celebra","Cole","con","International","King","Love","Nat"],"articleSection":["El \u00faltimo"],"inLanguage":"es-AR"},{"@type":"WebPage","@id":"https:\/\/web.consaguirre.com.ar\/noticias\/lov-e-de-nat-king-cole-celebra-el-60-aniversario-con-international-lov-e-ep\/","url":"https:\/\/web.consaguirre.com.ar\/noticias\/lov-e-de-nat-king-cole-celebra-el-60-aniversario-con-international-lov-e-ep\/","name":"'Lov-E' de Nat King Cole celebra el 60 aniversario con 'International Lov-E' EP","isPartOf":{"@id":"https:\/\/web.consaguirre.com.ar\/noticias\/#website"},"primaryImageOfPage":{"@id":"https:\/\/web.consaguirre.com.ar\/noticias\/lov-e-de-nat-king-cole-celebra-el-60-aniversario-con-international-lov-e-ep\/#primaryimage"},"image":{"@id":"https:\/\/web.consaguirre.com.ar\/noticias\/lov-e-de-nat-king-cole-celebra-el-60-aniversario-con-international-lov-e-ep\/#primaryimage"},"thumbnailUrl":"https:\/\/web.consaguirre.com.ar\/noticias\/wp-content\/uploads\/2025\/08\/Lov-E-de-Nat-King-Cole-celebra-el-60-aniversario-con.jpg","datePublished":"2025-08-23T11:38:32+00:00","dateModified":"2025-08-23T11:38:34+00:00","breadcrumb":{"@id":"https:\/\/web.consaguirre.com.ar\/noticias\/lov-e-de-nat-king-cole-celebra-el-60-aniversario-con-international-lov-e-ep\/#breadcrumb"},"inLanguage":"es-AR","potentialAction":[{"@type":"ReadAction","target":["https:\/\/web.consaguirre.com.ar\/noticias\/lov-e-de-nat-king-cole-celebra-el-60-aniversario-con-international-lov-e-ep\/"]}]},{"@type":"ImageObject","inLanguage":"es-AR","@id":"https:\/\/web.consaguirre.com.ar\/noticias\/lov-e-de-nat-king-cole-celebra-el-60-aniversario-con-international-lov-e-ep\/#primaryimage","url":"https:\/\/web.consaguirre.com.ar\/noticias\/wp-content\/uploads\/2025\/08\/Lov-E-de-Nat-King-Cole-celebra-el-60-aniversario-con.jpg","contentUrl":"https:\/\/web.consaguirre.com.ar\/noticias\/wp-content\/uploads\/2025\/08\/Lov-E-de-Nat-King-Cole-celebra-el-60-aniversario-con.jpg","width":1280,"height":1280,"caption":"'Lov-E' de Nat King Cole celebra el 60 aniversario con 'International Lov-E' EP"},{"@type":"BreadcrumbList","@id":"https:\/\/web.consaguirre.com.ar\/noticias\/lov-e-de-nat-king-cole-celebra-el-60-aniversario-con-international-lov-e-ep\/#breadcrumb","itemListElement":[{"@type":"ListItem","position":1,"name":"Inicio","item":"https:\/\/web.consaguirre.com.ar\/noticias\/"},{"@type":"ListItem","position":2,"name":"&#8216;Lov-E&#8217; de Nat King Cole celebra el 60 aniversario con &#8216;International Lov-E&#8217; EP"}]},{"@type":"WebSite","@id":"https:\/\/web.consaguirre.com.ar\/noticias\/#website","url":"https:\/\/web.consaguirre.com.ar\/noticias\/","name":"Conservatorio de M\u00fasica Juli\u00e1n Aguirre","description":"","publisher":{"@id":"https:\/\/web.consaguirre.com.ar\/noticias\/#organization"},"potentialAction":[{"@type":"SearchAction","target":{"@type":"EntryPoint","urlTemplate":"https:\/\/web.consaguirre.com.ar\/noticias\/?s={search_term_string}"},"query-input":"required name=search_term_string"}],"inLanguage":"es-AR"},{"@type":"Organization","@id":"https:\/\/web.consaguirre.com.ar\/noticias\/#organization","name":"Conservatorio de M\u00fasica Juli\u00e1n Aguirre","url":"https:\/\/web.consaguirre.com.ar\/noticias\/","logo":{"@type":"ImageObject","inLanguage":"es-AR","@id":"https:\/\/web.consaguirre.com.ar\/noticias\/#\/schema\/logo\/image\/","url":"https:\/\/web.consaguirre.com.ar\/noticias\/wp-content\/uploads\/2024\/08\/Banner-Aguirre-23.jpg","contentUrl":"https:\/\/web.consaguirre.com.ar\/noticias\/wp-content\/uploads\/2024\/08\/Banner-Aguirre-23.jpg","width":1192,"height":600,"caption":"Conservatorio de M\u00fasica Juli\u00e1n Aguirre"},"image":{"@id":"https:\/\/web.consaguirre.com.ar\/noticias\/#\/schema\/logo\/image\/"}},{"@type":"Person","@id":"https:\/\/web.consaguirre.com.ar\/noticias\/#\/schema\/person\/6558b0cfedee7ddc5425602b237d5722","name":"Javier Figueroa","image":{"@type":"ImageObject","inLanguage":"es-AR","@id":"https:\/\/web.consaguirre.com.ar\/noticias\/#\/schema\/person\/image\/","url":"https:\/\/web.consaguirre.com.ar\/noticias\/wp-content\/uploads\/2024\/08\/Consaguirre-scaled.jpg","contentUrl":"https:\/\/web.consaguirre.com.ar\/noticias\/wp-content\/uploads\/2024\/08\/Consaguirre-scaled.jpg","caption":"Javier Figueroa"},"description":"Me llamo Javier Figueroa y soy redactor para el sitio oficial del Conservatorio de M\u00fasica Juli\u00e1n Aguirre en Buenos Aires, consaguirre.com. Apasionado por la m\u00fasica y la escritura, me esfuerzo por destacar los talentos y eventos de nuestra prestigiosa instituci\u00f3n. Mi trayectoria se nutre de una profunda admiraci\u00f3n por los artistas, haciendo de cada art\u00edculo una celebraci\u00f3n de la creatividad y la cultura musical.","sameAs":["https:\/\/web.consaguirre.com.ar\/noticias"]}]}},"_links":{"self":[{"href":"https:\/\/web.consaguirre.com.ar\/noticias\/wp-json\/wp\/v2\/posts\/3527"}],"collection":[{"href":"https:\/\/web.consaguirre.com.ar\/noticias\/wp-json\/wp\/v2\/posts"}],"about":[{"href":"https:\/\/web.consaguirre.com.ar\/noticias\/wp-json\/wp\/v2\/types\/post"}],"author":[{"embeddable":true,"href":"https:\/\/web.consaguirre.com.ar\/noticias\/wp-json\/wp\/v2\/users\/1"}],"replies":[{"embeddable":true,"href":"https:\/\/web.consaguirre.com.ar\/noticias\/wp-json\/wp\/v2\/comments?post=3527"}],"version-history":[{"count":1,"href":"https:\/\/web.consaguirre.com.ar\/noticias\/wp-json\/wp\/v2\/posts\/3527\/revisions"}],"predecessor-version":[{"id":3529,"href":"https:\/\/web.consaguirre.com.ar\/noticias\/wp-json\/wp\/v2\/posts\/3527\/revisions\/3529"}],"wp:featuredmedia":[{"embeddable":true,"href":"https:\/\/web.consaguirre.com.ar\/noticias\/wp-json\/wp\/v2\/media\/3528"}],"wp:attachment":[{"href":"https:\/\/web.consaguirre.com.ar\/noticias\/wp-json\/wp\/v2\/media?parent=3527"}],"wp:term":[{"taxonomy":"category","embeddable":true,"href":"https:\/\/web.consaguirre.com.ar\/noticias\/wp-json\/wp\/v2\/categories?post=3527"},{"taxonomy":"post_tag","embeddable":true,"href":"https:\/\/web.consaguirre.com.ar\/noticias\/wp-json\/wp\/v2\/tags?post=3527"}],"curies":[{"name":"wp","href":"https:\/\/api.w.org\/{rel}","templated":true}]}}