{"id":3518,"date":"2025-08-22T23:38:21","date_gmt":"2025-08-23T02:38:21","guid":{"rendered":"https:\/\/web.consaguirre.com.ar\/noticias\/la-actuacion-bianca-de-sarah-vaughan-se-sumo-al-canal-ed-sullivan-show\/"},"modified":"2025-08-22T23:38:22","modified_gmt":"2025-08-23T02:38:22","slug":"la-actuacion-bianca-de-sarah-vaughan-se-sumo-al-canal-ed-sullivan-show","status":"publish","type":"post","link":"https:\/\/web.consaguirre.com.ar\/noticias\/la-actuacion-bianca-de-sarah-vaughan-se-sumo-al-canal-ed-sullivan-show\/","title":{"rendered":"La actuaci\u00f3n &#8216;Bianca&#8217; de Sarah Vaughan se sum\u00f3 al canal &#8216;Ed Sullivan Show&#8217;"},"content":{"rendered":"<p>Sarah Vaughan es la \u00faltima estrella que se agregar\u00e1 al canal de YouTube de Ed Sullivan Show. El fallecido cantante de jazz apareci\u00f3 en el programa de variedades de CBS el 26 de junio de 1949, interpretando &#8220;Bianca&#8221; de <em>B\u00e9same, Kate<\/em>.<\/p>\n<p>La conmovedora interpretaci\u00f3n de Vaughan de una de las canciones clave del musical muestra su impresionante rango vocal de cuatro octavas. <em>B\u00e9same, Kate<\/em> Se centra en la producci\u00f3n de una versi\u00f3n musical de William Shakespeare&#8217;s <em>La domesticaci\u00f3n de la musara\u00f1a<\/em> Mientras sigue la rom\u00e1ntica monta\u00f1a rusa de dos relaciones: una entre el director, el productor y actor principal Fred Graham y su ex esposa Lilli Vanessi, quien tambi\u00e9n es la actriz principal de la producci\u00f3n. El otro involucra a Lois Lane, la actriz interpretando a Bianca y a su novio jugador, Bill. <em>B\u00e9same, Kate<\/em> Hizo su debut en Broadway en 1948 y gan\u00f3 el primer premio Tony al Mejor Musical al a\u00f1o siguiente.<\/p>\n<p>Vaughan, quien falleci\u00f3 en 1990, es venerado como una de las voces m\u00e1s poderosas del jazz moderno. Comenz\u00f3 su carrera en 1943 y lanz\u00f3 48 \u00e1lbumes de estudio. El cantante y pianista gan\u00f3 dos premios Grammy, incluido un Premio a Lifetime Achievement Award, y fue nominado para nueve Grammys. En 1985 recibi\u00f3 una estrella en el Paseo de la Fama de Hollywood, y luego fue incluida en el Sal\u00f3n de la Fama del Jazz Americano en 1988.<\/p>\n<div class=\"uD-YT-container\"><img decoding=\"async\" src=\"https:\/\/web.consaguirre.com.ar\/noticias\/wp-content\/uploads\/2025\/08\/1755916701_962_La-actuacion-Bianca-de-Sarah-Vaughan-se-sumo-al-canal.jpg\" alt=\"Video de YouTube\"><br \/>Haga clic para cargar video<\/div>\n<p>El legado de Vaughan, nativo de Newark, de Nueva Jersey, contin\u00faa siendo celebrado en su ciudad natal con la competencia vocal de jazz internacional de Sarah Vaughan. Este a\u00f1o marca la 14\u00aa edici\u00f3n anual, con el Centro de Artes Esc\u00e9nicas de Nueva Jersey que acepta a los solicitantes hasta el 2 de septiembre. Los cinco mejores finalistas competir\u00e1n el 23 de noviembre frente a una audiencia en vivo antes de que se corone un ganador oficial.<\/p>\n<p><em>El show de Ed Sullivan<\/em>que se emiti\u00f3 en CBS desde 1948 hasta 1971, es conocido por romper \u00edconos musicales como los Beatles y Elvis Presley. En julio, <em>Sunday Best: The Untold Story of Ed Sullivan<\/em> estrenado en Netflix. Dirigido por el fallecido Sacha Jenkins, el documental discute el papel de Sullivan en destacar el talento negro en sus transmisiones del domingo por la noche durante el apogeo de la segregaci\u00f3n en los Estados Unidos.<\/p>\n<p><b>Compre ahora Vinyl o CD de Sarah Vaughan.<\/b><\/p>\n","protected":false},"excerpt":{"rendered":"<p>Sarah Vaughan es la \u00faltima estrella que se agregar\u00e1 al canal de YouTube de Ed Sullivan Show. El fallecido cantante de jazz apareci\u00f3 en el<\/p>\n","protected":false},"author":1,"featured_media":3519,"comment_status":"closed","ping_status":"","sticky":false,"template":"","format":"standard","meta":{"footnotes":""},"categories":[50],"tags":[775,3054,1513,3055,1351,82,3057,3056],"class_list":["post-3518","post","type-post","status-publish","format-standard","has-post-thumbnail","hentry","category-el-ultimo","tag-actuacion","tag-bianca","tag-canal","tag-sarah","tag-show","tag-sullivan","tag-sumo","tag-vaughan","generate-columns","tablet-grid-50","mobile-grid-100","grid-parent","grid-50"],"yoast_head":"<!-- This site is optimized with the Yoast SEO plugin v23.3 - https:\/\/yoast.com\/wordpress\/plugins\/seo\/ -->\n<title>La actuaci\u00f3n &#039;Bianca&#039; de Sarah Vaughan se sum\u00f3 al canal &#039;Ed Sullivan Show&#039;<\/title>\n<meta name=\"robots\" content=\"index, follow, max-snippet:-1, max-image-preview:large, max-video-preview:-1\" \/>\n<link rel=\"canonical\" href=\"https:\/\/web.consaguirre.com.ar\/noticias\/la-actuacion-bianca-de-sarah-vaughan-se-sumo-al-canal-ed-sullivan-show\/\" \/>\n<meta property=\"og:locale\" content=\"es_ES\" \/>\n<meta property=\"og:type\" content=\"article\" \/>\n<meta property=\"og:title\" content=\"La actuaci\u00f3n &#039;Bianca&#039; de Sarah Vaughan se sum\u00f3 al canal &#039;Ed Sullivan Show&#039;\" \/>\n<meta property=\"og:description\" content=\"Sarah Vaughan es la \u00faltima estrella que se agregar\u00e1 al canal de YouTube de Ed Sullivan Show. El fallecido cantante de jazz apareci\u00f3 en el\" \/>\n<meta property=\"og:url\" content=\"https:\/\/web.consaguirre.com.ar\/noticias\/la-actuacion-bianca-de-sarah-vaughan-se-sumo-al-canal-ed-sullivan-show\/\" \/>\n<meta property=\"og:site_name\" content=\"Conservatorio de M\u00fasica Juli\u00e1n Aguirre\" \/>\n<meta property=\"article:published_time\" content=\"2025-08-23T02:38:21+00:00\" \/>\n<meta property=\"article:modified_time\" content=\"2025-08-23T02:38:22+00:00\" \/>\n<meta property=\"og:image\" content=\"https:\/\/web.consaguirre.com.ar\/noticias\/wp-content\/uploads\/2025\/08\/1755916702_La-actuacion-Bianca-de-Sarah-Vaughan-se-sumo-al-canal.jpg\" \/>\n\t<meta property=\"og:image:width\" content=\"1440\" \/>\n\t<meta property=\"og:image:height\" content=\"864\" \/>\n\t<meta property=\"og:image:type\" content=\"image\/jpeg\" \/>\n<meta name=\"author\" content=\"Javier Figueroa\" \/>\n<meta name=\"twitter:card\" content=\"summary_large_image\" \/>\n<meta name=\"twitter:label1\" content=\"Escrito por\" \/>\n\t<meta name=\"twitter:data1\" content=\"Javier Figueroa\" \/>\n\t<meta name=\"twitter:label2\" content=\"Tiempo de lectura\" \/>\n\t<meta name=\"twitter:data2\" content=\"2 minutos\" \/>\n<script type=\"application\/ld+json\" class=\"yoast-schema-graph\">{\"@context\":\"https:\/\/schema.org\",\"@graph\":[{\"@type\":\"Article\",\"@id\":\"https:\/\/web.consaguirre.com.ar\/noticias\/la-actuacion-bianca-de-sarah-vaughan-se-sumo-al-canal-ed-sullivan-show\/#article\",\"isPartOf\":{\"@id\":\"https:\/\/web.consaguirre.com.ar\/noticias\/la-actuacion-bianca-de-sarah-vaughan-se-sumo-al-canal-ed-sullivan-show\/\"},\"author\":{\"name\":\"Javier Figueroa\",\"@id\":\"https:\/\/web.consaguirre.com.ar\/noticias\/#\/schema\/person\/6558b0cfedee7ddc5425602b237d5722\"},\"headline\":\"La actuaci\u00f3n &#8216;Bianca&#8217; de Sarah Vaughan se sum\u00f3 al canal &#8216;Ed Sullivan Show&#8217;\",\"datePublished\":\"2025-08-23T02:38:21+00:00\",\"dateModified\":\"2025-08-23T02:38:22+00:00\",\"mainEntityOfPage\":{\"@id\":\"https:\/\/web.consaguirre.com.ar\/noticias\/la-actuacion-bianca-de-sarah-vaughan-se-sumo-al-canal-ed-sullivan-show\/\"},\"wordCount\":417,\"publisher\":{\"@id\":\"https:\/\/web.consaguirre.com.ar\/noticias\/#organization\"},\"image\":{\"@id\":\"https:\/\/web.consaguirre.com.ar\/noticias\/la-actuacion-bianca-de-sarah-vaughan-se-sumo-al-canal-ed-sullivan-show\/#primaryimage\"},\"thumbnailUrl\":\"https:\/\/web.consaguirre.com.ar\/noticias\/wp-content\/uploads\/2025\/08\/1755916702_La-actuacion-Bianca-de-Sarah-Vaughan-se-sumo-al-canal.jpg\",\"keywords\":[\"actuaci\u00f3n\",\"Bianca\",\"canal\",\"Sarah\",\"Show\",\"Sullivan\",\"sum\u00f3\",\"Vaughan\"],\"articleSection\":[\"El \u00faltimo\"],\"inLanguage\":\"es-AR\"},{\"@type\":\"WebPage\",\"@id\":\"https:\/\/web.consaguirre.com.ar\/noticias\/la-actuacion-bianca-de-sarah-vaughan-se-sumo-al-canal-ed-sullivan-show\/\",\"url\":\"https:\/\/web.consaguirre.com.ar\/noticias\/la-actuacion-bianca-de-sarah-vaughan-se-sumo-al-canal-ed-sullivan-show\/\",\"name\":\"La actuaci\u00f3n 'Bianca' de Sarah Vaughan se sum\u00f3 al canal 'Ed Sullivan Show'\",\"isPartOf\":{\"@id\":\"https:\/\/web.consaguirre.com.ar\/noticias\/#website\"},\"primaryImageOfPage\":{\"@id\":\"https:\/\/web.consaguirre.com.ar\/noticias\/la-actuacion-bianca-de-sarah-vaughan-se-sumo-al-canal-ed-sullivan-show\/#primaryimage\"},\"image\":{\"@id\":\"https:\/\/web.consaguirre.com.ar\/noticias\/la-actuacion-bianca-de-sarah-vaughan-se-sumo-al-canal-ed-sullivan-show\/#primaryimage\"},\"thumbnailUrl\":\"https:\/\/web.consaguirre.com.ar\/noticias\/wp-content\/uploads\/2025\/08\/1755916702_La-actuacion-Bianca-de-Sarah-Vaughan-se-sumo-al-canal.jpg\",\"datePublished\":\"2025-08-23T02:38:21+00:00\",\"dateModified\":\"2025-08-23T02:38:22+00:00\",\"breadcrumb\":{\"@id\":\"https:\/\/web.consaguirre.com.ar\/noticias\/la-actuacion-bianca-de-sarah-vaughan-se-sumo-al-canal-ed-sullivan-show\/#breadcrumb\"},\"inLanguage\":\"es-AR\",\"potentialAction\":[{\"@type\":\"ReadAction\",\"target\":[\"https:\/\/web.consaguirre.com.ar\/noticias\/la-actuacion-bianca-de-sarah-vaughan-se-sumo-al-canal-ed-sullivan-show\/\"]}]},{\"@type\":\"ImageObject\",\"inLanguage\":\"es-AR\",\"@id\":\"https:\/\/web.consaguirre.com.ar\/noticias\/la-actuacion-bianca-de-sarah-vaughan-se-sumo-al-canal-ed-sullivan-show\/#primaryimage\",\"url\":\"https:\/\/web.consaguirre.com.ar\/noticias\/wp-content\/uploads\/2025\/08\/1755916702_La-actuacion-Bianca-de-Sarah-Vaughan-se-sumo-al-canal.jpg\",\"contentUrl\":\"https:\/\/web.consaguirre.com.ar\/noticias\/wp-content\/uploads\/2025\/08\/1755916702_La-actuacion-Bianca-de-Sarah-Vaughan-se-sumo-al-canal.jpg\",\"width\":1440,\"height\":864,\"caption\":\"La actuaci\u00f3n 'Bianca' de Sarah Vaughan se sum\u00f3 al canal 'Ed Sullivan Show'\"},{\"@type\":\"BreadcrumbList\",\"@id\":\"https:\/\/web.consaguirre.com.ar\/noticias\/la-actuacion-bianca-de-sarah-vaughan-se-sumo-al-canal-ed-sullivan-show\/#breadcrumb\",\"itemListElement\":[{\"@type\":\"ListItem\",\"position\":1,\"name\":\"Inicio\",\"item\":\"https:\/\/web.consaguirre.com.ar\/noticias\/\"},{\"@type\":\"ListItem\",\"position\":2,\"name\":\"La actuaci\u00f3n &#8216;Bianca&#8217; de Sarah Vaughan se sum\u00f3 al canal &#8216;Ed Sullivan Show&#8217;\"}]},{\"@type\":\"WebSite\",\"@id\":\"https:\/\/web.consaguirre.com.ar\/noticias\/#website\",\"url\":\"https:\/\/web.consaguirre.com.ar\/noticias\/\",\"name\":\"Conservatorio de M\u00fasica Juli\u00e1n Aguirre\",\"description\":\"\",\"publisher\":{\"@id\":\"https:\/\/web.consaguirre.com.ar\/noticias\/#organization\"},\"potentialAction\":[{\"@type\":\"SearchAction\",\"target\":{\"@type\":\"EntryPoint\",\"urlTemplate\":\"https:\/\/web.consaguirre.com.ar\/noticias\/?s={search_term_string}\"},\"query-input\":\"required name=search_term_string\"}],\"inLanguage\":\"es-AR\"},{\"@type\":\"Organization\",\"@id\":\"https:\/\/web.consaguirre.com.ar\/noticias\/#organization\",\"name\":\"Conservatorio de M\u00fasica Juli\u00e1n Aguirre\",\"url\":\"https:\/\/web.consaguirre.com.ar\/noticias\/\",\"logo\":{\"@type\":\"ImageObject\",\"inLanguage\":\"es-AR\",\"@id\":\"https:\/\/web.consaguirre.com.ar\/noticias\/#\/schema\/logo\/image\/\",\"url\":\"https:\/\/web.consaguirre.com.ar\/noticias\/wp-content\/uploads\/2024\/08\/Banner-Aguirre-23.jpg\",\"contentUrl\":\"https:\/\/web.consaguirre.com.ar\/noticias\/wp-content\/uploads\/2024\/08\/Banner-Aguirre-23.jpg\",\"width\":1192,\"height\":600,\"caption\":\"Conservatorio de M\u00fasica Juli\u00e1n Aguirre\"},\"image\":{\"@id\":\"https:\/\/web.consaguirre.com.ar\/noticias\/#\/schema\/logo\/image\/\"}},{\"@type\":\"Person\",\"@id\":\"https:\/\/web.consaguirre.com.ar\/noticias\/#\/schema\/person\/6558b0cfedee7ddc5425602b237d5722\",\"name\":\"Javier Figueroa\",\"image\":{\"@type\":\"ImageObject\",\"inLanguage\":\"es-AR\",\"@id\":\"https:\/\/web.consaguirre.com.ar\/noticias\/#\/schema\/person\/image\/\",\"url\":\"https:\/\/web.consaguirre.com.ar\/noticias\/wp-content\/uploads\/2024\/08\/Consaguirre-scaled.jpg\",\"contentUrl\":\"https:\/\/web.consaguirre.com.ar\/noticias\/wp-content\/uploads\/2024\/08\/Consaguirre-scaled.jpg\",\"caption\":\"Javier Figueroa\"},\"description\":\"Me llamo Javier Figueroa y soy redactor para el sitio oficial del Conservatorio de M\u00fasica Juli\u00e1n Aguirre en Buenos Aires, consaguirre.com. Apasionado por la m\u00fasica y la escritura, me esfuerzo por destacar los talentos y eventos de nuestra prestigiosa instituci\u00f3n. Mi trayectoria se nutre de una profunda admiraci\u00f3n por los artistas, haciendo de cada art\u00edculo una celebraci\u00f3n de la creatividad y la cultura musical.\",\"sameAs\":[\"https:\/\/web.consaguirre.com.ar\/noticias\"]}]}<\/script>\n<!-- \/ Yoast SEO plugin. -->","yoast_head_json":{"title":"La actuaci\u00f3n 'Bianca' de Sarah Vaughan se sum\u00f3 al canal 'Ed Sullivan Show'","robots":{"index":"index","follow":"follow","max-snippet":"max-snippet:-1","max-image-preview":"max-image-preview:large","max-video-preview":"max-video-preview:-1"},"canonical":"https:\/\/web.consaguirre.com.ar\/noticias\/la-actuacion-bianca-de-sarah-vaughan-se-sumo-al-canal-ed-sullivan-show\/","og_locale":"es_ES","og_type":"article","og_title":"La actuaci\u00f3n 'Bianca' de Sarah Vaughan se sum\u00f3 al canal 'Ed Sullivan Show'","og_description":"Sarah Vaughan es la \u00faltima estrella que se agregar\u00e1 al canal de YouTube de Ed Sullivan Show. El fallecido cantante de jazz apareci\u00f3 en el","og_url":"https:\/\/web.consaguirre.com.ar\/noticias\/la-actuacion-bianca-de-sarah-vaughan-se-sumo-al-canal-ed-sullivan-show\/","og_site_name":"Conservatorio de M\u00fasica Juli\u00e1n Aguirre","article_published_time":"2025-08-23T02:38:21+00:00","article_modified_time":"2025-08-23T02:38:22+00:00","og_image":[{"width":1440,"height":864,"url":"https:\/\/web.consaguirre.com.ar\/noticias\/wp-content\/uploads\/2025\/08\/1755916702_La-actuacion-Bianca-de-Sarah-Vaughan-se-sumo-al-canal.jpg","type":"image\/jpeg"}],"author":"Javier Figueroa","twitter_card":"summary_large_image","twitter_misc":{"Escrito por":"Javier Figueroa","Tiempo de lectura":"2 minutos"},"schema":{"@context":"https:\/\/schema.org","@graph":[{"@type":"Article","@id":"https:\/\/web.consaguirre.com.ar\/noticias\/la-actuacion-bianca-de-sarah-vaughan-se-sumo-al-canal-ed-sullivan-show\/#article","isPartOf":{"@id":"https:\/\/web.consaguirre.com.ar\/noticias\/la-actuacion-bianca-de-sarah-vaughan-se-sumo-al-canal-ed-sullivan-show\/"},"author":{"name":"Javier Figueroa","@id":"https:\/\/web.consaguirre.com.ar\/noticias\/#\/schema\/person\/6558b0cfedee7ddc5425602b237d5722"},"headline":"La actuaci\u00f3n &#8216;Bianca&#8217; de Sarah Vaughan se sum\u00f3 al canal &#8216;Ed Sullivan Show&#8217;","datePublished":"2025-08-23T02:38:21+00:00","dateModified":"2025-08-23T02:38:22+00:00","mainEntityOfPage":{"@id":"https:\/\/web.consaguirre.com.ar\/noticias\/la-actuacion-bianca-de-sarah-vaughan-se-sumo-al-canal-ed-sullivan-show\/"},"wordCount":417,"publisher":{"@id":"https:\/\/web.consaguirre.com.ar\/noticias\/#organization"},"image":{"@id":"https:\/\/web.consaguirre.com.ar\/noticias\/la-actuacion-bianca-de-sarah-vaughan-se-sumo-al-canal-ed-sullivan-show\/#primaryimage"},"thumbnailUrl":"https:\/\/web.consaguirre.com.ar\/noticias\/wp-content\/uploads\/2025\/08\/1755916702_La-actuacion-Bianca-de-Sarah-Vaughan-se-sumo-al-canal.jpg","keywords":["actuaci\u00f3n","Bianca","canal","Sarah","Show","Sullivan","sum\u00f3","Vaughan"],"articleSection":["El \u00faltimo"],"inLanguage":"es-AR"},{"@type":"WebPage","@id":"https:\/\/web.consaguirre.com.ar\/noticias\/la-actuacion-bianca-de-sarah-vaughan-se-sumo-al-canal-ed-sullivan-show\/","url":"https:\/\/web.consaguirre.com.ar\/noticias\/la-actuacion-bianca-de-sarah-vaughan-se-sumo-al-canal-ed-sullivan-show\/","name":"La actuaci\u00f3n 'Bianca' de Sarah Vaughan se sum\u00f3 al canal 'Ed Sullivan Show'","isPartOf":{"@id":"https:\/\/web.consaguirre.com.ar\/noticias\/#website"},"primaryImageOfPage":{"@id":"https:\/\/web.consaguirre.com.ar\/noticias\/la-actuacion-bianca-de-sarah-vaughan-se-sumo-al-canal-ed-sullivan-show\/#primaryimage"},"image":{"@id":"https:\/\/web.consaguirre.com.ar\/noticias\/la-actuacion-bianca-de-sarah-vaughan-se-sumo-al-canal-ed-sullivan-show\/#primaryimage"},"thumbnailUrl":"https:\/\/web.consaguirre.com.ar\/noticias\/wp-content\/uploads\/2025\/08\/1755916702_La-actuacion-Bianca-de-Sarah-Vaughan-se-sumo-al-canal.jpg","datePublished":"2025-08-23T02:38:21+00:00","dateModified":"2025-08-23T02:38:22+00:00","breadcrumb":{"@id":"https:\/\/web.consaguirre.com.ar\/noticias\/la-actuacion-bianca-de-sarah-vaughan-se-sumo-al-canal-ed-sullivan-show\/#breadcrumb"},"inLanguage":"es-AR","potentialAction":[{"@type":"ReadAction","target":["https:\/\/web.consaguirre.com.ar\/noticias\/la-actuacion-bianca-de-sarah-vaughan-se-sumo-al-canal-ed-sullivan-show\/"]}]},{"@type":"ImageObject","inLanguage":"es-AR","@id":"https:\/\/web.consaguirre.com.ar\/noticias\/la-actuacion-bianca-de-sarah-vaughan-se-sumo-al-canal-ed-sullivan-show\/#primaryimage","url":"https:\/\/web.consaguirre.com.ar\/noticias\/wp-content\/uploads\/2025\/08\/1755916702_La-actuacion-Bianca-de-Sarah-Vaughan-se-sumo-al-canal.jpg","contentUrl":"https:\/\/web.consaguirre.com.ar\/noticias\/wp-content\/uploads\/2025\/08\/1755916702_La-actuacion-Bianca-de-Sarah-Vaughan-se-sumo-al-canal.jpg","width":1440,"height":864,"caption":"La actuaci\u00f3n 'Bianca' de Sarah Vaughan se sum\u00f3 al canal 'Ed Sullivan Show'"},{"@type":"BreadcrumbList","@id":"https:\/\/web.consaguirre.com.ar\/noticias\/la-actuacion-bianca-de-sarah-vaughan-se-sumo-al-canal-ed-sullivan-show\/#breadcrumb","itemListElement":[{"@type":"ListItem","position":1,"name":"Inicio","item":"https:\/\/web.consaguirre.com.ar\/noticias\/"},{"@type":"ListItem","position":2,"name":"La actuaci\u00f3n &#8216;Bianca&#8217; de Sarah Vaughan se sum\u00f3 al canal &#8216;Ed Sullivan Show&#8217;"}]},{"@type":"WebSite","@id":"https:\/\/web.consaguirre.com.ar\/noticias\/#website","url":"https:\/\/web.consaguirre.com.ar\/noticias\/","name":"Conservatorio de M\u00fasica Juli\u00e1n Aguirre","description":"","publisher":{"@id":"https:\/\/web.consaguirre.com.ar\/noticias\/#organization"},"potentialAction":[{"@type":"SearchAction","target":{"@type":"EntryPoint","urlTemplate":"https:\/\/web.consaguirre.com.ar\/noticias\/?s={search_term_string}"},"query-input":"required name=search_term_string"}],"inLanguage":"es-AR"},{"@type":"Organization","@id":"https:\/\/web.consaguirre.com.ar\/noticias\/#organization","name":"Conservatorio de M\u00fasica Juli\u00e1n Aguirre","url":"https:\/\/web.consaguirre.com.ar\/noticias\/","logo":{"@type":"ImageObject","inLanguage":"es-AR","@id":"https:\/\/web.consaguirre.com.ar\/noticias\/#\/schema\/logo\/image\/","url":"https:\/\/web.consaguirre.com.ar\/noticias\/wp-content\/uploads\/2024\/08\/Banner-Aguirre-23.jpg","contentUrl":"https:\/\/web.consaguirre.com.ar\/noticias\/wp-content\/uploads\/2024\/08\/Banner-Aguirre-23.jpg","width":1192,"height":600,"caption":"Conservatorio de M\u00fasica Juli\u00e1n Aguirre"},"image":{"@id":"https:\/\/web.consaguirre.com.ar\/noticias\/#\/schema\/logo\/image\/"}},{"@type":"Person","@id":"https:\/\/web.consaguirre.com.ar\/noticias\/#\/schema\/person\/6558b0cfedee7ddc5425602b237d5722","name":"Javier Figueroa","image":{"@type":"ImageObject","inLanguage":"es-AR","@id":"https:\/\/web.consaguirre.com.ar\/noticias\/#\/schema\/person\/image\/","url":"https:\/\/web.consaguirre.com.ar\/noticias\/wp-content\/uploads\/2024\/08\/Consaguirre-scaled.jpg","contentUrl":"https:\/\/web.consaguirre.com.ar\/noticias\/wp-content\/uploads\/2024\/08\/Consaguirre-scaled.jpg","caption":"Javier Figueroa"},"description":"Me llamo Javier Figueroa y soy redactor para el sitio oficial del Conservatorio de M\u00fasica Juli\u00e1n Aguirre en Buenos Aires, consaguirre.com. Apasionado por la m\u00fasica y la escritura, me esfuerzo por destacar los talentos y eventos de nuestra prestigiosa instituci\u00f3n. Mi trayectoria se nutre de una profunda admiraci\u00f3n por los artistas, haciendo de cada art\u00edculo una celebraci\u00f3n de la creatividad y la cultura musical.","sameAs":["https:\/\/web.consaguirre.com.ar\/noticias"]}]}},"_links":{"self":[{"href":"https:\/\/web.consaguirre.com.ar\/noticias\/wp-json\/wp\/v2\/posts\/3518"}],"collection":[{"href":"https:\/\/web.consaguirre.com.ar\/noticias\/wp-json\/wp\/v2\/posts"}],"about":[{"href":"https:\/\/web.consaguirre.com.ar\/noticias\/wp-json\/wp\/v2\/types\/post"}],"author":[{"embeddable":true,"href":"https:\/\/web.consaguirre.com.ar\/noticias\/wp-json\/wp\/v2\/users\/1"}],"replies":[{"embeddable":true,"href":"https:\/\/web.consaguirre.com.ar\/noticias\/wp-json\/wp\/v2\/comments?post=3518"}],"version-history":[{"count":1,"href":"https:\/\/web.consaguirre.com.ar\/noticias\/wp-json\/wp\/v2\/posts\/3518\/revisions"}],"predecessor-version":[{"id":3520,"href":"https:\/\/web.consaguirre.com.ar\/noticias\/wp-json\/wp\/v2\/posts\/3518\/revisions\/3520"}],"wp:featuredmedia":[{"embeddable":true,"href":"https:\/\/web.consaguirre.com.ar\/noticias\/wp-json\/wp\/v2\/media\/3519"}],"wp:attachment":[{"href":"https:\/\/web.consaguirre.com.ar\/noticias\/wp-json\/wp\/v2\/media?parent=3518"}],"wp:term":[{"taxonomy":"category","embeddable":true,"href":"https:\/\/web.consaguirre.com.ar\/noticias\/wp-json\/wp\/v2\/categories?post=3518"},{"taxonomy":"post_tag","embeddable":true,"href":"https:\/\/web.consaguirre.com.ar\/noticias\/wp-json\/wp\/v2\/tags?post=3518"}],"curies":[{"name":"wp","href":"https:\/\/api.w.org\/{rel}","templated":true}]}}