{"id":3515,"date":"2025-08-22T20:38:48","date_gmt":"2025-08-22T23:38:48","guid":{"rendered":"https:\/\/web.consaguirre.com.ar\/noticias\/def-leppard-realiza-pour-some-sugar-on-me-en-americas-got-talent\/"},"modified":"2025-08-22T20:38:50","modified_gmt":"2025-08-22T23:38:50","slug":"def-leppard-realiza-pour-some-sugar-on-me-en-americas-got-talent","status":"publish","type":"post","link":"https:\/\/web.consaguirre.com.ar\/noticias\/def-leppard-realiza-pour-some-sugar-on-me-en-americas-got-talent\/","title":{"rendered":"Def Leppard, realiza &#8216;Pour Some Sugar on Me&#8217; en &#8216;America&#8217;s Got Talent&#8217;"},"content":{"rendered":"<p>Def Leppard mostr\u00f3 por qu\u00e9 son leyendas de rock, apareciendo en <em>America&#8217;s Got Talent<\/em> Para realizar su \u00e9xito de firma, &#8220;Vierta un poco de az\u00facar sobre m\u00ed&#8221;. La interpretaci\u00f3n fue literal y figurativamente explosiva, ya que los rockeros brit\u00e1nicos realizaron la melod\u00eda cuando las llamas se encendieron detr\u00e1s de ellos. La letra tambi\u00e9n se mostr\u00f3 en segundo plano, pero demostr\u00f3 ser algo innecesario ya que la audiencia cantaba con entusiasmo y bailaba a cada palabra.<\/p>\n<p>Despu\u00e9s de la actuaci\u00f3n, el presentador Terry Crews le pregunt\u00f3 al cantante principal Joe Elliot qu\u00e9 consejo dar\u00eda a los concursantes del programa. Su respuesta fue simple: &#8220;Vive tu sue\u00f1o&#8221;. &#8220;Pour Some Sugar on Me&#8221; es uno de los dos singles del \u00e1lbum de la banda de 1987 <em>Histeria<\/em>. Alcanz\u00f3 su punto m\u00e1ximo en el n\u00famero 2 en el Billboard Hot 100 y entr\u00f3 en el top 20 en su Reino Unido natal.<\/p>\n<div class=\"uD-YT-container\"><img decoding=\"async\" src=\"https:\/\/web.consaguirre.com.ar\/noticias\/wp-content\/uploads\/2025\/08\/1755905928_219_Def-Leppard-realiza-Pour-Some-Sugar-on-Me-en-Americas.jpg\" alt=\"Video de YouTube\"><br \/>Haga clic para cargar video<\/div>\n<p>La aparici\u00f3n de Def Leppard en <em>America&#8217;s Got Talent<\/em> (que actualmente se encuentra en los cuartos de final de su vig\u00e9sima temporada) llega en medio de la gira de verano de Am\u00e9rica del Norte de la banda. Con actos invitados Bret Michaels, The Struts y Extreme, comenz\u00f3 el 15 de mayo en San Juan, Puerto Rico y se envolver\u00e1 el 31 de agosto en Virginia Beach, Virginia.<\/p>\n<p>La banda recientemente comparti\u00f3 el episodio siete de su serie 2025 &#8220;Behind the Tour&#8221;. En el video, se aventuran a trav\u00e9s de Bethel, Saratoga Springs y St. Johns. Los miembros tambi\u00e9n visitan el sitio original de Woodstock, comparten divertidos recuerdos de gira con el difunto Ozzy Osbourne durante la gira Blizzard of Ozz de 1980, y rindi\u00f3 homenaje a su amigo con una portada del sencillo &#8220;Cambios&#8221; de 1972 de Black Sabbath.<\/p>\n<p>El mes pasado, Def Leppard anunci\u00f3 una residencia en Las Vegas en el famoso Coliseo en el Caesars Palace. La banda actuar\u00e1 todos los martes, jueves y s\u00e1bado del 3 de febrero al 28 de febrero de 2026.<\/p>\n<p><b>Compre el vinilo o CD de Def Leppard ahora.<\/b><\/p>\n","protected":false},"excerpt":{"rendered":"<p>Def Leppard mostr\u00f3 por qu\u00e9 son leyendas de rock, apareciendo en America&#8217;s Got Talent Para realizar su \u00e9xito de firma, &#8220;Vierta un poco de az\u00facar<\/p>\n","protected":false},"author":1,"featured_media":3516,"comment_status":"closed","ping_status":"","sticky":false,"template":"","format":"standard","meta":{"footnotes":""},"categories":[50],"tags":[3052,122,123,3051,1848,2758,3053],"class_list":["post-3515","post","type-post","status-publish","format-standard","has-post-thumbnail","hentry","category-el-ultimo","tag-americas","tag-def","tag-leppard","tag-pour","tag-realiza","tag-sugar","tag-talent","generate-columns","tablet-grid-50","mobile-grid-100","grid-parent","grid-50"],"yoast_head":"<!-- This site is optimized with the Yoast SEO plugin v23.3 - https:\/\/yoast.com\/wordpress\/plugins\/seo\/ -->\n<title>Def Leppard, realiza &#039;Pour Some Sugar on Me&#039; en &#039;America&#039;s Got Talent&#039;<\/title>\n<meta name=\"robots\" content=\"index, follow, max-snippet:-1, max-image-preview:large, max-video-preview:-1\" \/>\n<link rel=\"canonical\" href=\"https:\/\/web.consaguirre.com.ar\/noticias\/def-leppard-realiza-pour-some-sugar-on-me-en-americas-got-talent\/\" \/>\n<meta property=\"og:locale\" content=\"es_ES\" \/>\n<meta property=\"og:type\" content=\"article\" \/>\n<meta property=\"og:title\" content=\"Def Leppard, realiza &#039;Pour Some Sugar on Me&#039; en &#039;America&#039;s Got Talent&#039;\" \/>\n<meta property=\"og:description\" content=\"Def Leppard mostr\u00f3 por qu\u00e9 son leyendas de rock, apareciendo en America&#8217;s Got Talent Para realizar su \u00e9xito de firma, &#8220;Vierta un poco de az\u00facar\" \/>\n<meta property=\"og:url\" content=\"https:\/\/web.consaguirre.com.ar\/noticias\/def-leppard-realiza-pour-some-sugar-on-me-en-americas-got-talent\/\" \/>\n<meta property=\"og:site_name\" content=\"Conservatorio de M\u00fasica Juli\u00e1n Aguirre\" \/>\n<meta property=\"article:published_time\" content=\"2025-08-22T23:38:48+00:00\" \/>\n<meta property=\"article:modified_time\" content=\"2025-08-22T23:38:50+00:00\" \/>\n<meta property=\"og:image\" content=\"https:\/\/web.consaguirre.com.ar\/noticias\/wp-content\/uploads\/2025\/08\/1755905929_Def-Leppard-realiza-Pour-Some-Sugar-on-Me-en-Americas.jpg\" \/>\n\t<meta property=\"og:image:width\" content=\"1440\" \/>\n\t<meta property=\"og:image:height\" content=\"864\" \/>\n\t<meta property=\"og:image:type\" content=\"image\/jpeg\" \/>\n<meta name=\"author\" content=\"Javier Figueroa\" \/>\n<meta name=\"twitter:card\" content=\"summary_large_image\" \/>\n<meta name=\"twitter:label1\" content=\"Escrito por\" \/>\n\t<meta name=\"twitter:data1\" content=\"Javier Figueroa\" \/>\n\t<meta name=\"twitter:label2\" content=\"Tiempo de lectura\" \/>\n\t<meta name=\"twitter:data2\" content=\"2 minutos\" \/>\n<script type=\"application\/ld+json\" class=\"yoast-schema-graph\">{\"@context\":\"https:\/\/schema.org\",\"@graph\":[{\"@type\":\"Article\",\"@id\":\"https:\/\/web.consaguirre.com.ar\/noticias\/def-leppard-realiza-pour-some-sugar-on-me-en-americas-got-talent\/#article\",\"isPartOf\":{\"@id\":\"https:\/\/web.consaguirre.com.ar\/noticias\/def-leppard-realiza-pour-some-sugar-on-me-en-americas-got-talent\/\"},\"author\":{\"name\":\"Javier Figueroa\",\"@id\":\"https:\/\/web.consaguirre.com.ar\/noticias\/#\/schema\/person\/6558b0cfedee7ddc5425602b237d5722\"},\"headline\":\"Def Leppard, realiza &#8216;Pour Some Sugar on Me&#8217; en &#8216;America&#8217;s Got Talent&#8217;\",\"datePublished\":\"2025-08-22T23:38:48+00:00\",\"dateModified\":\"2025-08-22T23:38:50+00:00\",\"mainEntityOfPage\":{\"@id\":\"https:\/\/web.consaguirre.com.ar\/noticias\/def-leppard-realiza-pour-some-sugar-on-me-en-americas-got-talent\/\"},\"wordCount\":360,\"publisher\":{\"@id\":\"https:\/\/web.consaguirre.com.ar\/noticias\/#organization\"},\"image\":{\"@id\":\"https:\/\/web.consaguirre.com.ar\/noticias\/def-leppard-realiza-pour-some-sugar-on-me-en-americas-got-talent\/#primaryimage\"},\"thumbnailUrl\":\"https:\/\/web.consaguirre.com.ar\/noticias\/wp-content\/uploads\/2025\/08\/1755905929_Def-Leppard-realiza-Pour-Some-Sugar-on-Me-en-Americas.jpg\",\"keywords\":[\"Americas\",\"Def\",\"Leppard\",\"Pour\",\"realiza\",\"Sugar\",\"Talent\"],\"articleSection\":[\"El \u00faltimo\"],\"inLanguage\":\"es-AR\"},{\"@type\":\"WebPage\",\"@id\":\"https:\/\/web.consaguirre.com.ar\/noticias\/def-leppard-realiza-pour-some-sugar-on-me-en-americas-got-talent\/\",\"url\":\"https:\/\/web.consaguirre.com.ar\/noticias\/def-leppard-realiza-pour-some-sugar-on-me-en-americas-got-talent\/\",\"name\":\"Def Leppard, realiza 'Pour Some Sugar on Me' en 'America's Got Talent'\",\"isPartOf\":{\"@id\":\"https:\/\/web.consaguirre.com.ar\/noticias\/#website\"},\"primaryImageOfPage\":{\"@id\":\"https:\/\/web.consaguirre.com.ar\/noticias\/def-leppard-realiza-pour-some-sugar-on-me-en-americas-got-talent\/#primaryimage\"},\"image\":{\"@id\":\"https:\/\/web.consaguirre.com.ar\/noticias\/def-leppard-realiza-pour-some-sugar-on-me-en-americas-got-talent\/#primaryimage\"},\"thumbnailUrl\":\"https:\/\/web.consaguirre.com.ar\/noticias\/wp-content\/uploads\/2025\/08\/1755905929_Def-Leppard-realiza-Pour-Some-Sugar-on-Me-en-Americas.jpg\",\"datePublished\":\"2025-08-22T23:38:48+00:00\",\"dateModified\":\"2025-08-22T23:38:50+00:00\",\"breadcrumb\":{\"@id\":\"https:\/\/web.consaguirre.com.ar\/noticias\/def-leppard-realiza-pour-some-sugar-on-me-en-americas-got-talent\/#breadcrumb\"},\"inLanguage\":\"es-AR\",\"potentialAction\":[{\"@type\":\"ReadAction\",\"target\":[\"https:\/\/web.consaguirre.com.ar\/noticias\/def-leppard-realiza-pour-some-sugar-on-me-en-americas-got-talent\/\"]}]},{\"@type\":\"ImageObject\",\"inLanguage\":\"es-AR\",\"@id\":\"https:\/\/web.consaguirre.com.ar\/noticias\/def-leppard-realiza-pour-some-sugar-on-me-en-americas-got-talent\/#primaryimage\",\"url\":\"https:\/\/web.consaguirre.com.ar\/noticias\/wp-content\/uploads\/2025\/08\/1755905929_Def-Leppard-realiza-Pour-Some-Sugar-on-Me-en-Americas.jpg\",\"contentUrl\":\"https:\/\/web.consaguirre.com.ar\/noticias\/wp-content\/uploads\/2025\/08\/1755905929_Def-Leppard-realiza-Pour-Some-Sugar-on-Me-en-Americas.jpg\",\"width\":1440,\"height\":864,\"caption\":\"Def Leppard, realiza 'Pour Some Sugar on Me' en 'America's Got Talent'\"},{\"@type\":\"BreadcrumbList\",\"@id\":\"https:\/\/web.consaguirre.com.ar\/noticias\/def-leppard-realiza-pour-some-sugar-on-me-en-americas-got-talent\/#breadcrumb\",\"itemListElement\":[{\"@type\":\"ListItem\",\"position\":1,\"name\":\"Inicio\",\"item\":\"https:\/\/web.consaguirre.com.ar\/noticias\/\"},{\"@type\":\"ListItem\",\"position\":2,\"name\":\"Def Leppard, realiza &#8216;Pour Some Sugar on Me&#8217; en &#8216;America&#8217;s Got Talent&#8217;\"}]},{\"@type\":\"WebSite\",\"@id\":\"https:\/\/web.consaguirre.com.ar\/noticias\/#website\",\"url\":\"https:\/\/web.consaguirre.com.ar\/noticias\/\",\"name\":\"Conservatorio de M\u00fasica Juli\u00e1n Aguirre\",\"description\":\"\",\"publisher\":{\"@id\":\"https:\/\/web.consaguirre.com.ar\/noticias\/#organization\"},\"potentialAction\":[{\"@type\":\"SearchAction\",\"target\":{\"@type\":\"EntryPoint\",\"urlTemplate\":\"https:\/\/web.consaguirre.com.ar\/noticias\/?s={search_term_string}\"},\"query-input\":\"required name=search_term_string\"}],\"inLanguage\":\"es-AR\"},{\"@type\":\"Organization\",\"@id\":\"https:\/\/web.consaguirre.com.ar\/noticias\/#organization\",\"name\":\"Conservatorio de M\u00fasica Juli\u00e1n Aguirre\",\"url\":\"https:\/\/web.consaguirre.com.ar\/noticias\/\",\"logo\":{\"@type\":\"ImageObject\",\"inLanguage\":\"es-AR\",\"@id\":\"https:\/\/web.consaguirre.com.ar\/noticias\/#\/schema\/logo\/image\/\",\"url\":\"https:\/\/web.consaguirre.com.ar\/noticias\/wp-content\/uploads\/2024\/08\/Banner-Aguirre-23.jpg\",\"contentUrl\":\"https:\/\/web.consaguirre.com.ar\/noticias\/wp-content\/uploads\/2024\/08\/Banner-Aguirre-23.jpg\",\"width\":1192,\"height\":600,\"caption\":\"Conservatorio de M\u00fasica Juli\u00e1n Aguirre\"},\"image\":{\"@id\":\"https:\/\/web.consaguirre.com.ar\/noticias\/#\/schema\/logo\/image\/\"}},{\"@type\":\"Person\",\"@id\":\"https:\/\/web.consaguirre.com.ar\/noticias\/#\/schema\/person\/6558b0cfedee7ddc5425602b237d5722\",\"name\":\"Javier Figueroa\",\"image\":{\"@type\":\"ImageObject\",\"inLanguage\":\"es-AR\",\"@id\":\"https:\/\/web.consaguirre.com.ar\/noticias\/#\/schema\/person\/image\/\",\"url\":\"https:\/\/web.consaguirre.com.ar\/noticias\/wp-content\/uploads\/2024\/08\/Consaguirre-scaled.jpg\",\"contentUrl\":\"https:\/\/web.consaguirre.com.ar\/noticias\/wp-content\/uploads\/2024\/08\/Consaguirre-scaled.jpg\",\"caption\":\"Javier Figueroa\"},\"description\":\"Me llamo Javier Figueroa y soy redactor para el sitio oficial del Conservatorio de M\u00fasica Juli\u00e1n Aguirre en Buenos Aires, consaguirre.com. Apasionado por la m\u00fasica y la escritura, me esfuerzo por destacar los talentos y eventos de nuestra prestigiosa instituci\u00f3n. Mi trayectoria se nutre de una profunda admiraci\u00f3n por los artistas, haciendo de cada art\u00edculo una celebraci\u00f3n de la creatividad y la cultura musical.\",\"sameAs\":[\"https:\/\/web.consaguirre.com.ar\/noticias\"]}]}<\/script>\n<!-- \/ Yoast SEO plugin. -->","yoast_head_json":{"title":"Def Leppard, realiza 'Pour Some Sugar on Me' en 'America's Got Talent'","robots":{"index":"index","follow":"follow","max-snippet":"max-snippet:-1","max-image-preview":"max-image-preview:large","max-video-preview":"max-video-preview:-1"},"canonical":"https:\/\/web.consaguirre.com.ar\/noticias\/def-leppard-realiza-pour-some-sugar-on-me-en-americas-got-talent\/","og_locale":"es_ES","og_type":"article","og_title":"Def Leppard, realiza 'Pour Some Sugar on Me' en 'America's Got Talent'","og_description":"Def Leppard mostr\u00f3 por qu\u00e9 son leyendas de rock, apareciendo en America&#8217;s Got Talent Para realizar su \u00e9xito de firma, &#8220;Vierta un poco de az\u00facar","og_url":"https:\/\/web.consaguirre.com.ar\/noticias\/def-leppard-realiza-pour-some-sugar-on-me-en-americas-got-talent\/","og_site_name":"Conservatorio de M\u00fasica Juli\u00e1n Aguirre","article_published_time":"2025-08-22T23:38:48+00:00","article_modified_time":"2025-08-22T23:38:50+00:00","og_image":[{"width":1440,"height":864,"url":"https:\/\/web.consaguirre.com.ar\/noticias\/wp-content\/uploads\/2025\/08\/1755905929_Def-Leppard-realiza-Pour-Some-Sugar-on-Me-en-Americas.jpg","type":"image\/jpeg"}],"author":"Javier Figueroa","twitter_card":"summary_large_image","twitter_misc":{"Escrito por":"Javier Figueroa","Tiempo de lectura":"2 minutos"},"schema":{"@context":"https:\/\/schema.org","@graph":[{"@type":"Article","@id":"https:\/\/web.consaguirre.com.ar\/noticias\/def-leppard-realiza-pour-some-sugar-on-me-en-americas-got-talent\/#article","isPartOf":{"@id":"https:\/\/web.consaguirre.com.ar\/noticias\/def-leppard-realiza-pour-some-sugar-on-me-en-americas-got-talent\/"},"author":{"name":"Javier Figueroa","@id":"https:\/\/web.consaguirre.com.ar\/noticias\/#\/schema\/person\/6558b0cfedee7ddc5425602b237d5722"},"headline":"Def Leppard, realiza &#8216;Pour Some Sugar on Me&#8217; en &#8216;America&#8217;s Got Talent&#8217;","datePublished":"2025-08-22T23:38:48+00:00","dateModified":"2025-08-22T23:38:50+00:00","mainEntityOfPage":{"@id":"https:\/\/web.consaguirre.com.ar\/noticias\/def-leppard-realiza-pour-some-sugar-on-me-en-americas-got-talent\/"},"wordCount":360,"publisher":{"@id":"https:\/\/web.consaguirre.com.ar\/noticias\/#organization"},"image":{"@id":"https:\/\/web.consaguirre.com.ar\/noticias\/def-leppard-realiza-pour-some-sugar-on-me-en-americas-got-talent\/#primaryimage"},"thumbnailUrl":"https:\/\/web.consaguirre.com.ar\/noticias\/wp-content\/uploads\/2025\/08\/1755905929_Def-Leppard-realiza-Pour-Some-Sugar-on-Me-en-Americas.jpg","keywords":["Americas","Def","Leppard","Pour","realiza","Sugar","Talent"],"articleSection":["El \u00faltimo"],"inLanguage":"es-AR"},{"@type":"WebPage","@id":"https:\/\/web.consaguirre.com.ar\/noticias\/def-leppard-realiza-pour-some-sugar-on-me-en-americas-got-talent\/","url":"https:\/\/web.consaguirre.com.ar\/noticias\/def-leppard-realiza-pour-some-sugar-on-me-en-americas-got-talent\/","name":"Def Leppard, realiza 'Pour Some Sugar on Me' en 'America's Got Talent'","isPartOf":{"@id":"https:\/\/web.consaguirre.com.ar\/noticias\/#website"},"primaryImageOfPage":{"@id":"https:\/\/web.consaguirre.com.ar\/noticias\/def-leppard-realiza-pour-some-sugar-on-me-en-americas-got-talent\/#primaryimage"},"image":{"@id":"https:\/\/web.consaguirre.com.ar\/noticias\/def-leppard-realiza-pour-some-sugar-on-me-en-americas-got-talent\/#primaryimage"},"thumbnailUrl":"https:\/\/web.consaguirre.com.ar\/noticias\/wp-content\/uploads\/2025\/08\/1755905929_Def-Leppard-realiza-Pour-Some-Sugar-on-Me-en-Americas.jpg","datePublished":"2025-08-22T23:38:48+00:00","dateModified":"2025-08-22T23:38:50+00:00","breadcrumb":{"@id":"https:\/\/web.consaguirre.com.ar\/noticias\/def-leppard-realiza-pour-some-sugar-on-me-en-americas-got-talent\/#breadcrumb"},"inLanguage":"es-AR","potentialAction":[{"@type":"ReadAction","target":["https:\/\/web.consaguirre.com.ar\/noticias\/def-leppard-realiza-pour-some-sugar-on-me-en-americas-got-talent\/"]}]},{"@type":"ImageObject","inLanguage":"es-AR","@id":"https:\/\/web.consaguirre.com.ar\/noticias\/def-leppard-realiza-pour-some-sugar-on-me-en-americas-got-talent\/#primaryimage","url":"https:\/\/web.consaguirre.com.ar\/noticias\/wp-content\/uploads\/2025\/08\/1755905929_Def-Leppard-realiza-Pour-Some-Sugar-on-Me-en-Americas.jpg","contentUrl":"https:\/\/web.consaguirre.com.ar\/noticias\/wp-content\/uploads\/2025\/08\/1755905929_Def-Leppard-realiza-Pour-Some-Sugar-on-Me-en-Americas.jpg","width":1440,"height":864,"caption":"Def Leppard, realiza 'Pour Some Sugar on Me' en 'America's Got Talent'"},{"@type":"BreadcrumbList","@id":"https:\/\/web.consaguirre.com.ar\/noticias\/def-leppard-realiza-pour-some-sugar-on-me-en-americas-got-talent\/#breadcrumb","itemListElement":[{"@type":"ListItem","position":1,"name":"Inicio","item":"https:\/\/web.consaguirre.com.ar\/noticias\/"},{"@type":"ListItem","position":2,"name":"Def Leppard, realiza &#8216;Pour Some Sugar on Me&#8217; en &#8216;America&#8217;s Got Talent&#8217;"}]},{"@type":"WebSite","@id":"https:\/\/web.consaguirre.com.ar\/noticias\/#website","url":"https:\/\/web.consaguirre.com.ar\/noticias\/","name":"Conservatorio de M\u00fasica Juli\u00e1n Aguirre","description":"","publisher":{"@id":"https:\/\/web.consaguirre.com.ar\/noticias\/#organization"},"potentialAction":[{"@type":"SearchAction","target":{"@type":"EntryPoint","urlTemplate":"https:\/\/web.consaguirre.com.ar\/noticias\/?s={search_term_string}"},"query-input":"required name=search_term_string"}],"inLanguage":"es-AR"},{"@type":"Organization","@id":"https:\/\/web.consaguirre.com.ar\/noticias\/#organization","name":"Conservatorio de M\u00fasica Juli\u00e1n Aguirre","url":"https:\/\/web.consaguirre.com.ar\/noticias\/","logo":{"@type":"ImageObject","inLanguage":"es-AR","@id":"https:\/\/web.consaguirre.com.ar\/noticias\/#\/schema\/logo\/image\/","url":"https:\/\/web.consaguirre.com.ar\/noticias\/wp-content\/uploads\/2024\/08\/Banner-Aguirre-23.jpg","contentUrl":"https:\/\/web.consaguirre.com.ar\/noticias\/wp-content\/uploads\/2024\/08\/Banner-Aguirre-23.jpg","width":1192,"height":600,"caption":"Conservatorio de M\u00fasica Juli\u00e1n Aguirre"},"image":{"@id":"https:\/\/web.consaguirre.com.ar\/noticias\/#\/schema\/logo\/image\/"}},{"@type":"Person","@id":"https:\/\/web.consaguirre.com.ar\/noticias\/#\/schema\/person\/6558b0cfedee7ddc5425602b237d5722","name":"Javier Figueroa","image":{"@type":"ImageObject","inLanguage":"es-AR","@id":"https:\/\/web.consaguirre.com.ar\/noticias\/#\/schema\/person\/image\/","url":"https:\/\/web.consaguirre.com.ar\/noticias\/wp-content\/uploads\/2024\/08\/Consaguirre-scaled.jpg","contentUrl":"https:\/\/web.consaguirre.com.ar\/noticias\/wp-content\/uploads\/2024\/08\/Consaguirre-scaled.jpg","caption":"Javier Figueroa"},"description":"Me llamo Javier Figueroa y soy redactor para el sitio oficial del Conservatorio de M\u00fasica Juli\u00e1n Aguirre en Buenos Aires, consaguirre.com. Apasionado por la m\u00fasica y la escritura, me esfuerzo por destacar los talentos y eventos de nuestra prestigiosa instituci\u00f3n. Mi trayectoria se nutre de una profunda admiraci\u00f3n por los artistas, haciendo de cada art\u00edculo una celebraci\u00f3n de la creatividad y la cultura musical.","sameAs":["https:\/\/web.consaguirre.com.ar\/noticias"]}]}},"_links":{"self":[{"href":"https:\/\/web.consaguirre.com.ar\/noticias\/wp-json\/wp\/v2\/posts\/3515"}],"collection":[{"href":"https:\/\/web.consaguirre.com.ar\/noticias\/wp-json\/wp\/v2\/posts"}],"about":[{"href":"https:\/\/web.consaguirre.com.ar\/noticias\/wp-json\/wp\/v2\/types\/post"}],"author":[{"embeddable":true,"href":"https:\/\/web.consaguirre.com.ar\/noticias\/wp-json\/wp\/v2\/users\/1"}],"replies":[{"embeddable":true,"href":"https:\/\/web.consaguirre.com.ar\/noticias\/wp-json\/wp\/v2\/comments?post=3515"}],"version-history":[{"count":1,"href":"https:\/\/web.consaguirre.com.ar\/noticias\/wp-json\/wp\/v2\/posts\/3515\/revisions"}],"predecessor-version":[{"id":3517,"href":"https:\/\/web.consaguirre.com.ar\/noticias\/wp-json\/wp\/v2\/posts\/3515\/revisions\/3517"}],"wp:featuredmedia":[{"embeddable":true,"href":"https:\/\/web.consaguirre.com.ar\/noticias\/wp-json\/wp\/v2\/media\/3516"}],"wp:attachment":[{"href":"https:\/\/web.consaguirre.com.ar\/noticias\/wp-json\/wp\/v2\/media?parent=3515"}],"wp:term":[{"taxonomy":"category","embeddable":true,"href":"https:\/\/web.consaguirre.com.ar\/noticias\/wp-json\/wp\/v2\/categories?post=3515"},{"taxonomy":"post_tag","embeddable":true,"href":"https:\/\/web.consaguirre.com.ar\/noticias\/wp-json\/wp\/v2\/tags?post=3515"}],"curies":[{"name":"wp","href":"https:\/\/api.w.org\/{rel}","templated":true}]}}