{"id":3512,"date":"2025-08-22T17:38:56","date_gmt":"2025-08-22T20:38:56","guid":{"rendered":"https:\/\/web.consaguirre.com.ar\/noticias\/connie-francis-christmas-in-my-heart-recibiendo-reedicion-de-vinilo-esta-temporada\/"},"modified":"2025-08-22T17:38:57","modified_gmt":"2025-08-22T20:38:57","slug":"connie-francis-christmas-in-my-heart-recibiendo-reedicion-de-vinilo-esta-temporada","status":"publish","type":"post","link":"https:\/\/web.consaguirre.com.ar\/noticias\/connie-francis-christmas-in-my-heart-recibiendo-reedicion-de-vinilo-esta-temporada\/","title":{"rendered":"Connie Francis &#8221; Christmas in My Heart &#8216;recibiendo reedici\u00f3n de vinilo esta temporada"},"content":{"rendered":"<p>La fallecida y grande Connie Francis experiment\u00f3 un gran resurgimiento en los meses previos a su fallecimiento este verano. Ahora, la celebraci\u00f3n del legado de Francis contin\u00faa con una nueva reedici\u00f3n de vinilo de su \u00e1lbum navide\u00f1o <em>Navidad en mi coraz\u00f3n<\/em>.<\/p>\n<p>Lanzado por primera vez en 1959, <em>Navidad en mi coraz\u00f3n<\/em> Encontr\u00e9 a Francis unido con el productor Arnold Maxin para capturar dos lados distintos de las vacaciones en los dos lados del disco. Side A presenta seis canciones populares de Navidad, &#8220;White Christmas&#8221; y &#8220;I&#8217;ll Be Home for Christmas&#8221; entre ellas. El lado B acompa\u00f1a de un material m\u00e1s reverente, incluyendo &#8220;Adeste Fidelis (O Ven a todos los fieles)&#8221; y &#8220;Ave Maria&#8221;.<\/p>\n<div class=\"uD-YT-container\"><img decoding=\"async\" src=\"https:\/\/web.consaguirre.com.ar\/noticias\/wp-content\/uploads\/2025\/08\/1755895136_878_Connie-Francis-Christmas-in-My-Heart-recibiendo-reedicion-de-vinilo.jpg\" alt=\"Video de YouTube\"><br \/>Haga clic para cargar video<\/div>\n<p>Para cuando el \u00e1lbum fue reeditado como <em>La Navidad de Connie<\/em> En 1966, Francis hab\u00eda entregado un futuro \u00e9xito festivo en la forma del sencillo de 1962 &#8220;I&#8217;m Gonna Be Be Wary This Winter&#8221;. Aunque la melod\u00eda fue un \u00e9xito a peque\u00f1a escala en su tiempo, gan\u00f3 un culto moderno cuando estaba cubierto por Gabriella Climi en 2009 y Kylie Minogue en 2015.<\/p>\n<p>Francis, a powerhouse hitmaker in the 1950s and &#8217;60s, passed away in July at age 87. After breaking through in 1958 with her cover of \u201cWho&#8217;s Sorry Now,\u201d she became a fixture on the pop charts, routinely sending singles to the top 10. She became the first woman to reach No. 1 on the Billboard Hot 100 with \u201cEverybody&#8217;s Somebody&#8217;s Fool\u201d in 1960. She later topped the chart again with \u201cMy Heart Has a Mind of Its Propio &#8220;y&#8221; no rompas el coraz\u00f3n que te ama &#8220;.<\/p>\n<p>Recientemente, una canci\u00f3n de Francis mucho m\u00e1s oscura ha entrado en el centro de atenci\u00f3n. El corte profundo de 1962 &#8220;Pretty Little Baby&#8221; se convirti\u00f3 en una sensaci\u00f3n de Tiktok, acumulando millones de vistas e inspirando a Francis a unirse a la plataforma de video para expresar su gratitud. La canci\u00f3n ya est\u00e1 disponible para pre-pedido en un single Baby Pink 7 &#8220;de estilo vintage de 7&#8221; respaldado con &#8220;Who&#8217;s Sold Now&#8221;, con el lanzamiento establecido para el 29 de agosto.<\/p>\n<p>Ordene Connie Francis &#8216; <em>Navidad en mi coraz\u00f3n<\/em> ahora.<\/p>\n","protected":false},"excerpt":{"rendered":"<p>La fallecida y grande Connie Francis experiment\u00f3 un gran resurgimiento en los meses previos a su fallecimiento este verano. Ahora, la celebraci\u00f3n del legado de<\/p>\n","protected":false},"author":1,"featured_media":3513,"comment_status":"closed","ping_status":"","sticky":false,"template":"","format":"standard","meta":{"footnotes":""},"categories":[50],"tags":[83,2464,302,2465,557,3050,117,57,87],"class_list":["post-3512","post","type-post","status-publish","format-standard","has-post-thumbnail","hentry","category-el-ultimo","tag-christmas","tag-connie","tag-esta","tag-francis","tag-heart","tag-recibiendo","tag-reedicion","tag-temporada","tag-vinilo","generate-columns","tablet-grid-50","mobile-grid-100","grid-parent","grid-50"],"yoast_head":"<!-- This site is optimized with the Yoast SEO plugin v23.3 - https:\/\/yoast.com\/wordpress\/plugins\/seo\/ -->\n<title>Connie Francis &#039;&#039; Christmas in My Heart &#039;recibiendo reedici\u00f3n de vinilo esta temporada<\/title>\n<meta name=\"robots\" content=\"index, follow, max-snippet:-1, max-image-preview:large, max-video-preview:-1\" \/>\n<link rel=\"canonical\" href=\"https:\/\/web.consaguirre.com.ar\/noticias\/connie-francis-christmas-in-my-heart-recibiendo-reedicion-de-vinilo-esta-temporada\/\" \/>\n<meta property=\"og:locale\" content=\"es_ES\" \/>\n<meta property=\"og:type\" content=\"article\" \/>\n<meta property=\"og:title\" content=\"Connie Francis &#039;&#039; Christmas in My Heart &#039;recibiendo reedici\u00f3n de vinilo esta temporada\" \/>\n<meta property=\"og:description\" content=\"La fallecida y grande Connie Francis experiment\u00f3 un gran resurgimiento en los meses previos a su fallecimiento este verano. Ahora, la celebraci\u00f3n del legado de\" \/>\n<meta property=\"og:url\" content=\"https:\/\/web.consaguirre.com.ar\/noticias\/connie-francis-christmas-in-my-heart-recibiendo-reedicion-de-vinilo-esta-temporada\/\" \/>\n<meta property=\"og:site_name\" content=\"Conservatorio de M\u00fasica Juli\u00e1n Aguirre\" \/>\n<meta property=\"article:published_time\" content=\"2025-08-22T20:38:56+00:00\" \/>\n<meta property=\"article:modified_time\" content=\"2025-08-22T20:38:57+00:00\" \/>\n<meta property=\"og:image\" content=\"https:\/\/web.consaguirre.com.ar\/noticias\/wp-content\/uploads\/2025\/08\/Connie-Francis-Christmas-in-My-Heart-recibiendo-reedicion-de-vinilo.jpg\" \/>\n\t<meta property=\"og:image:width\" content=\"1440\" \/>\n\t<meta property=\"og:image:height\" content=\"864\" \/>\n\t<meta property=\"og:image:type\" content=\"image\/jpeg\" \/>\n<meta name=\"author\" content=\"Javier Figueroa\" \/>\n<meta name=\"twitter:card\" content=\"summary_large_image\" \/>\n<meta name=\"twitter:label1\" content=\"Escrito por\" \/>\n\t<meta name=\"twitter:data1\" content=\"Javier Figueroa\" \/>\n\t<meta name=\"twitter:label2\" content=\"Tiempo de lectura\" \/>\n\t<meta name=\"twitter:data2\" content=\"2 minutos\" \/>\n<script type=\"application\/ld+json\" class=\"yoast-schema-graph\">{\"@context\":\"https:\/\/schema.org\",\"@graph\":[{\"@type\":\"Article\",\"@id\":\"https:\/\/web.consaguirre.com.ar\/noticias\/connie-francis-christmas-in-my-heart-recibiendo-reedicion-de-vinilo-esta-temporada\/#article\",\"isPartOf\":{\"@id\":\"https:\/\/web.consaguirre.com.ar\/noticias\/connie-francis-christmas-in-my-heart-recibiendo-reedicion-de-vinilo-esta-temporada\/\"},\"author\":{\"name\":\"Javier Figueroa\",\"@id\":\"https:\/\/web.consaguirre.com.ar\/noticias\/#\/schema\/person\/6558b0cfedee7ddc5425602b237d5722\"},\"headline\":\"Connie Francis &#8221; Christmas in My Heart &#8216;recibiendo reedici\u00f3n de vinilo esta temporada\",\"datePublished\":\"2025-08-22T20:38:56+00:00\",\"dateModified\":\"2025-08-22T20:38:57+00:00\",\"mainEntityOfPage\":{\"@id\":\"https:\/\/web.consaguirre.com.ar\/noticias\/connie-francis-christmas-in-my-heart-recibiendo-reedicion-de-vinilo-esta-temporada\/\"},\"wordCount\":378,\"publisher\":{\"@id\":\"https:\/\/web.consaguirre.com.ar\/noticias\/#organization\"},\"image\":{\"@id\":\"https:\/\/web.consaguirre.com.ar\/noticias\/connie-francis-christmas-in-my-heart-recibiendo-reedicion-de-vinilo-esta-temporada\/#primaryimage\"},\"thumbnailUrl\":\"https:\/\/web.consaguirre.com.ar\/noticias\/wp-content\/uploads\/2025\/08\/Connie-Francis-Christmas-in-My-Heart-recibiendo-reedicion-de-vinilo.jpg\",\"keywords\":[\"Christmas\",\"Connie\",\"est\u00e1\",\"Francis\",\"Heart\",\"recibiendo\",\"reedici\u00f3n\",\"temporada\",\"vinilo\"],\"articleSection\":[\"El \u00faltimo\"],\"inLanguage\":\"es-AR\"},{\"@type\":\"WebPage\",\"@id\":\"https:\/\/web.consaguirre.com.ar\/noticias\/connie-francis-christmas-in-my-heart-recibiendo-reedicion-de-vinilo-esta-temporada\/\",\"url\":\"https:\/\/web.consaguirre.com.ar\/noticias\/connie-francis-christmas-in-my-heart-recibiendo-reedicion-de-vinilo-esta-temporada\/\",\"name\":\"Connie Francis '' Christmas in My Heart 'recibiendo reedici\u00f3n de vinilo esta temporada\",\"isPartOf\":{\"@id\":\"https:\/\/web.consaguirre.com.ar\/noticias\/#website\"},\"primaryImageOfPage\":{\"@id\":\"https:\/\/web.consaguirre.com.ar\/noticias\/connie-francis-christmas-in-my-heart-recibiendo-reedicion-de-vinilo-esta-temporada\/#primaryimage\"},\"image\":{\"@id\":\"https:\/\/web.consaguirre.com.ar\/noticias\/connie-francis-christmas-in-my-heart-recibiendo-reedicion-de-vinilo-esta-temporada\/#primaryimage\"},\"thumbnailUrl\":\"https:\/\/web.consaguirre.com.ar\/noticias\/wp-content\/uploads\/2025\/08\/Connie-Francis-Christmas-in-My-Heart-recibiendo-reedicion-de-vinilo.jpg\",\"datePublished\":\"2025-08-22T20:38:56+00:00\",\"dateModified\":\"2025-08-22T20:38:57+00:00\",\"breadcrumb\":{\"@id\":\"https:\/\/web.consaguirre.com.ar\/noticias\/connie-francis-christmas-in-my-heart-recibiendo-reedicion-de-vinilo-esta-temporada\/#breadcrumb\"},\"inLanguage\":\"es-AR\",\"potentialAction\":[{\"@type\":\"ReadAction\",\"target\":[\"https:\/\/web.consaguirre.com.ar\/noticias\/connie-francis-christmas-in-my-heart-recibiendo-reedicion-de-vinilo-esta-temporada\/\"]}]},{\"@type\":\"ImageObject\",\"inLanguage\":\"es-AR\",\"@id\":\"https:\/\/web.consaguirre.com.ar\/noticias\/connie-francis-christmas-in-my-heart-recibiendo-reedicion-de-vinilo-esta-temporada\/#primaryimage\",\"url\":\"https:\/\/web.consaguirre.com.ar\/noticias\/wp-content\/uploads\/2025\/08\/Connie-Francis-Christmas-in-My-Heart-recibiendo-reedicion-de-vinilo.jpg\",\"contentUrl\":\"https:\/\/web.consaguirre.com.ar\/noticias\/wp-content\/uploads\/2025\/08\/Connie-Francis-Christmas-in-My-Heart-recibiendo-reedicion-de-vinilo.jpg\",\"width\":1440,\"height\":864,\"caption\":\"Connie Francis '' Christmas in My Heart 'recibiendo reedici\u00f3n de vinilo esta temporada\"},{\"@type\":\"BreadcrumbList\",\"@id\":\"https:\/\/web.consaguirre.com.ar\/noticias\/connie-francis-christmas-in-my-heart-recibiendo-reedicion-de-vinilo-esta-temporada\/#breadcrumb\",\"itemListElement\":[{\"@type\":\"ListItem\",\"position\":1,\"name\":\"Inicio\",\"item\":\"https:\/\/web.consaguirre.com.ar\/noticias\/\"},{\"@type\":\"ListItem\",\"position\":2,\"name\":\"Connie Francis &#8221; Christmas in My Heart &#8216;recibiendo reedici\u00f3n de vinilo esta temporada\"}]},{\"@type\":\"WebSite\",\"@id\":\"https:\/\/web.consaguirre.com.ar\/noticias\/#website\",\"url\":\"https:\/\/web.consaguirre.com.ar\/noticias\/\",\"name\":\"Conservatorio de M\u00fasica Juli\u00e1n Aguirre\",\"description\":\"\",\"publisher\":{\"@id\":\"https:\/\/web.consaguirre.com.ar\/noticias\/#organization\"},\"potentialAction\":[{\"@type\":\"SearchAction\",\"target\":{\"@type\":\"EntryPoint\",\"urlTemplate\":\"https:\/\/web.consaguirre.com.ar\/noticias\/?s={search_term_string}\"},\"query-input\":\"required name=search_term_string\"}],\"inLanguage\":\"es-AR\"},{\"@type\":\"Organization\",\"@id\":\"https:\/\/web.consaguirre.com.ar\/noticias\/#organization\",\"name\":\"Conservatorio de M\u00fasica Juli\u00e1n Aguirre\",\"url\":\"https:\/\/web.consaguirre.com.ar\/noticias\/\",\"logo\":{\"@type\":\"ImageObject\",\"inLanguage\":\"es-AR\",\"@id\":\"https:\/\/web.consaguirre.com.ar\/noticias\/#\/schema\/logo\/image\/\",\"url\":\"https:\/\/web.consaguirre.com.ar\/noticias\/wp-content\/uploads\/2024\/08\/Banner-Aguirre-23.jpg\",\"contentUrl\":\"https:\/\/web.consaguirre.com.ar\/noticias\/wp-content\/uploads\/2024\/08\/Banner-Aguirre-23.jpg\",\"width\":1192,\"height\":600,\"caption\":\"Conservatorio de M\u00fasica Juli\u00e1n Aguirre\"},\"image\":{\"@id\":\"https:\/\/web.consaguirre.com.ar\/noticias\/#\/schema\/logo\/image\/\"}},{\"@type\":\"Person\",\"@id\":\"https:\/\/web.consaguirre.com.ar\/noticias\/#\/schema\/person\/6558b0cfedee7ddc5425602b237d5722\",\"name\":\"Javier Figueroa\",\"image\":{\"@type\":\"ImageObject\",\"inLanguage\":\"es-AR\",\"@id\":\"https:\/\/web.consaguirre.com.ar\/noticias\/#\/schema\/person\/image\/\",\"url\":\"https:\/\/web.consaguirre.com.ar\/noticias\/wp-content\/uploads\/2024\/08\/Consaguirre-scaled.jpg\",\"contentUrl\":\"https:\/\/web.consaguirre.com.ar\/noticias\/wp-content\/uploads\/2024\/08\/Consaguirre-scaled.jpg\",\"caption\":\"Javier Figueroa\"},\"description\":\"Me llamo Javier Figueroa y soy redactor para el sitio oficial del Conservatorio de M\u00fasica Juli\u00e1n Aguirre en Buenos Aires, consaguirre.com. Apasionado por la m\u00fasica y la escritura, me esfuerzo por destacar los talentos y eventos de nuestra prestigiosa instituci\u00f3n. Mi trayectoria se nutre de una profunda admiraci\u00f3n por los artistas, haciendo de cada art\u00edculo una celebraci\u00f3n de la creatividad y la cultura musical.\",\"sameAs\":[\"https:\/\/web.consaguirre.com.ar\/noticias\"]}]}<\/script>\n<!-- \/ Yoast SEO plugin. -->","yoast_head_json":{"title":"Connie Francis '' Christmas in My Heart 'recibiendo reedici\u00f3n de vinilo esta temporada","robots":{"index":"index","follow":"follow","max-snippet":"max-snippet:-1","max-image-preview":"max-image-preview:large","max-video-preview":"max-video-preview:-1"},"canonical":"https:\/\/web.consaguirre.com.ar\/noticias\/connie-francis-christmas-in-my-heart-recibiendo-reedicion-de-vinilo-esta-temporada\/","og_locale":"es_ES","og_type":"article","og_title":"Connie Francis '' Christmas in My Heart 'recibiendo reedici\u00f3n de vinilo esta temporada","og_description":"La fallecida y grande Connie Francis experiment\u00f3 un gran resurgimiento en los meses previos a su fallecimiento este verano. Ahora, la celebraci\u00f3n del legado de","og_url":"https:\/\/web.consaguirre.com.ar\/noticias\/connie-francis-christmas-in-my-heart-recibiendo-reedicion-de-vinilo-esta-temporada\/","og_site_name":"Conservatorio de M\u00fasica Juli\u00e1n Aguirre","article_published_time":"2025-08-22T20:38:56+00:00","article_modified_time":"2025-08-22T20:38:57+00:00","og_image":[{"width":1440,"height":864,"url":"https:\/\/web.consaguirre.com.ar\/noticias\/wp-content\/uploads\/2025\/08\/Connie-Francis-Christmas-in-My-Heart-recibiendo-reedicion-de-vinilo.jpg","type":"image\/jpeg"}],"author":"Javier Figueroa","twitter_card":"summary_large_image","twitter_misc":{"Escrito por":"Javier Figueroa","Tiempo de lectura":"2 minutos"},"schema":{"@context":"https:\/\/schema.org","@graph":[{"@type":"Article","@id":"https:\/\/web.consaguirre.com.ar\/noticias\/connie-francis-christmas-in-my-heart-recibiendo-reedicion-de-vinilo-esta-temporada\/#article","isPartOf":{"@id":"https:\/\/web.consaguirre.com.ar\/noticias\/connie-francis-christmas-in-my-heart-recibiendo-reedicion-de-vinilo-esta-temporada\/"},"author":{"name":"Javier Figueroa","@id":"https:\/\/web.consaguirre.com.ar\/noticias\/#\/schema\/person\/6558b0cfedee7ddc5425602b237d5722"},"headline":"Connie Francis &#8221; Christmas in My Heart &#8216;recibiendo reedici\u00f3n de vinilo esta temporada","datePublished":"2025-08-22T20:38:56+00:00","dateModified":"2025-08-22T20:38:57+00:00","mainEntityOfPage":{"@id":"https:\/\/web.consaguirre.com.ar\/noticias\/connie-francis-christmas-in-my-heart-recibiendo-reedicion-de-vinilo-esta-temporada\/"},"wordCount":378,"publisher":{"@id":"https:\/\/web.consaguirre.com.ar\/noticias\/#organization"},"image":{"@id":"https:\/\/web.consaguirre.com.ar\/noticias\/connie-francis-christmas-in-my-heart-recibiendo-reedicion-de-vinilo-esta-temporada\/#primaryimage"},"thumbnailUrl":"https:\/\/web.consaguirre.com.ar\/noticias\/wp-content\/uploads\/2025\/08\/Connie-Francis-Christmas-in-My-Heart-recibiendo-reedicion-de-vinilo.jpg","keywords":["Christmas","Connie","est\u00e1","Francis","Heart","recibiendo","reedici\u00f3n","temporada","vinilo"],"articleSection":["El \u00faltimo"],"inLanguage":"es-AR"},{"@type":"WebPage","@id":"https:\/\/web.consaguirre.com.ar\/noticias\/connie-francis-christmas-in-my-heart-recibiendo-reedicion-de-vinilo-esta-temporada\/","url":"https:\/\/web.consaguirre.com.ar\/noticias\/connie-francis-christmas-in-my-heart-recibiendo-reedicion-de-vinilo-esta-temporada\/","name":"Connie Francis '' Christmas in My Heart 'recibiendo reedici\u00f3n de vinilo esta temporada","isPartOf":{"@id":"https:\/\/web.consaguirre.com.ar\/noticias\/#website"},"primaryImageOfPage":{"@id":"https:\/\/web.consaguirre.com.ar\/noticias\/connie-francis-christmas-in-my-heart-recibiendo-reedicion-de-vinilo-esta-temporada\/#primaryimage"},"image":{"@id":"https:\/\/web.consaguirre.com.ar\/noticias\/connie-francis-christmas-in-my-heart-recibiendo-reedicion-de-vinilo-esta-temporada\/#primaryimage"},"thumbnailUrl":"https:\/\/web.consaguirre.com.ar\/noticias\/wp-content\/uploads\/2025\/08\/Connie-Francis-Christmas-in-My-Heart-recibiendo-reedicion-de-vinilo.jpg","datePublished":"2025-08-22T20:38:56+00:00","dateModified":"2025-08-22T20:38:57+00:00","breadcrumb":{"@id":"https:\/\/web.consaguirre.com.ar\/noticias\/connie-francis-christmas-in-my-heart-recibiendo-reedicion-de-vinilo-esta-temporada\/#breadcrumb"},"inLanguage":"es-AR","potentialAction":[{"@type":"ReadAction","target":["https:\/\/web.consaguirre.com.ar\/noticias\/connie-francis-christmas-in-my-heart-recibiendo-reedicion-de-vinilo-esta-temporada\/"]}]},{"@type":"ImageObject","inLanguage":"es-AR","@id":"https:\/\/web.consaguirre.com.ar\/noticias\/connie-francis-christmas-in-my-heart-recibiendo-reedicion-de-vinilo-esta-temporada\/#primaryimage","url":"https:\/\/web.consaguirre.com.ar\/noticias\/wp-content\/uploads\/2025\/08\/Connie-Francis-Christmas-in-My-Heart-recibiendo-reedicion-de-vinilo.jpg","contentUrl":"https:\/\/web.consaguirre.com.ar\/noticias\/wp-content\/uploads\/2025\/08\/Connie-Francis-Christmas-in-My-Heart-recibiendo-reedicion-de-vinilo.jpg","width":1440,"height":864,"caption":"Connie Francis '' Christmas in My Heart 'recibiendo reedici\u00f3n de vinilo esta temporada"},{"@type":"BreadcrumbList","@id":"https:\/\/web.consaguirre.com.ar\/noticias\/connie-francis-christmas-in-my-heart-recibiendo-reedicion-de-vinilo-esta-temporada\/#breadcrumb","itemListElement":[{"@type":"ListItem","position":1,"name":"Inicio","item":"https:\/\/web.consaguirre.com.ar\/noticias\/"},{"@type":"ListItem","position":2,"name":"Connie Francis &#8221; Christmas in My Heart &#8216;recibiendo reedici\u00f3n de vinilo esta temporada"}]},{"@type":"WebSite","@id":"https:\/\/web.consaguirre.com.ar\/noticias\/#website","url":"https:\/\/web.consaguirre.com.ar\/noticias\/","name":"Conservatorio de M\u00fasica Juli\u00e1n Aguirre","description":"","publisher":{"@id":"https:\/\/web.consaguirre.com.ar\/noticias\/#organization"},"potentialAction":[{"@type":"SearchAction","target":{"@type":"EntryPoint","urlTemplate":"https:\/\/web.consaguirre.com.ar\/noticias\/?s={search_term_string}"},"query-input":"required name=search_term_string"}],"inLanguage":"es-AR"},{"@type":"Organization","@id":"https:\/\/web.consaguirre.com.ar\/noticias\/#organization","name":"Conservatorio de M\u00fasica Juli\u00e1n Aguirre","url":"https:\/\/web.consaguirre.com.ar\/noticias\/","logo":{"@type":"ImageObject","inLanguage":"es-AR","@id":"https:\/\/web.consaguirre.com.ar\/noticias\/#\/schema\/logo\/image\/","url":"https:\/\/web.consaguirre.com.ar\/noticias\/wp-content\/uploads\/2024\/08\/Banner-Aguirre-23.jpg","contentUrl":"https:\/\/web.consaguirre.com.ar\/noticias\/wp-content\/uploads\/2024\/08\/Banner-Aguirre-23.jpg","width":1192,"height":600,"caption":"Conservatorio de M\u00fasica Juli\u00e1n Aguirre"},"image":{"@id":"https:\/\/web.consaguirre.com.ar\/noticias\/#\/schema\/logo\/image\/"}},{"@type":"Person","@id":"https:\/\/web.consaguirre.com.ar\/noticias\/#\/schema\/person\/6558b0cfedee7ddc5425602b237d5722","name":"Javier Figueroa","image":{"@type":"ImageObject","inLanguage":"es-AR","@id":"https:\/\/web.consaguirre.com.ar\/noticias\/#\/schema\/person\/image\/","url":"https:\/\/web.consaguirre.com.ar\/noticias\/wp-content\/uploads\/2024\/08\/Consaguirre-scaled.jpg","contentUrl":"https:\/\/web.consaguirre.com.ar\/noticias\/wp-content\/uploads\/2024\/08\/Consaguirre-scaled.jpg","caption":"Javier Figueroa"},"description":"Me llamo Javier Figueroa y soy redactor para el sitio oficial del Conservatorio de M\u00fasica Juli\u00e1n Aguirre en Buenos Aires, consaguirre.com. Apasionado por la m\u00fasica y la escritura, me esfuerzo por destacar los talentos y eventos de nuestra prestigiosa instituci\u00f3n. Mi trayectoria se nutre de una profunda admiraci\u00f3n por los artistas, haciendo de cada art\u00edculo una celebraci\u00f3n de la creatividad y la cultura musical.","sameAs":["https:\/\/web.consaguirre.com.ar\/noticias"]}]}},"_links":{"self":[{"href":"https:\/\/web.consaguirre.com.ar\/noticias\/wp-json\/wp\/v2\/posts\/3512"}],"collection":[{"href":"https:\/\/web.consaguirre.com.ar\/noticias\/wp-json\/wp\/v2\/posts"}],"about":[{"href":"https:\/\/web.consaguirre.com.ar\/noticias\/wp-json\/wp\/v2\/types\/post"}],"author":[{"embeddable":true,"href":"https:\/\/web.consaguirre.com.ar\/noticias\/wp-json\/wp\/v2\/users\/1"}],"replies":[{"embeddable":true,"href":"https:\/\/web.consaguirre.com.ar\/noticias\/wp-json\/wp\/v2\/comments?post=3512"}],"version-history":[{"count":1,"href":"https:\/\/web.consaguirre.com.ar\/noticias\/wp-json\/wp\/v2\/posts\/3512\/revisions"}],"predecessor-version":[{"id":3514,"href":"https:\/\/web.consaguirre.com.ar\/noticias\/wp-json\/wp\/v2\/posts\/3512\/revisions\/3514"}],"wp:featuredmedia":[{"embeddable":true,"href":"https:\/\/web.consaguirre.com.ar\/noticias\/wp-json\/wp\/v2\/media\/3513"}],"wp:attachment":[{"href":"https:\/\/web.consaguirre.com.ar\/noticias\/wp-json\/wp\/v2\/media?parent=3512"}],"wp:term":[{"taxonomy":"category","embeddable":true,"href":"https:\/\/web.consaguirre.com.ar\/noticias\/wp-json\/wp\/v2\/categories?post=3512"},{"taxonomy":"post_tag","embeddable":true,"href":"https:\/\/web.consaguirre.com.ar\/noticias\/wp-json\/wp\/v2\/tags?post=3512"}],"curies":[{"name":"wp","href":"https:\/\/api.w.org\/{rel}","templated":true}]}}