{"id":350,"date":"2024-08-31T19:40:55","date_gmt":"2024-08-31T22:40:55","guid":{"rendered":"https:\/\/web.consaguirre.com.ar\/noticias\/la-celebracion-del-influyente-1954-de-miles-davis-se-recogera-en-miles-54\/"},"modified":"2024-09-08T16:27:49","modified_gmt":"2024-09-08T19:27:49","slug":"la-celebracion-del-influyente-1954-de-miles-davis-se-recogera-en-miles-54","status":"publish","type":"post","link":"https:\/\/web.consaguirre.com.ar\/noticias\/la-celebracion-del-influyente-1954-de-miles-davis-se-recogera-en-miles-54\/","title":{"rendered":"La celebraci\u00f3n del influyente 1954 de Miles Davis se recoger\u00e1 en &#8216;Miles &#8217;54&#8217;"},"content":{"rendered":"<p>Craft Recordings celebrar\u00e1 un a\u00f1o crucial en <strong>Miles Davis<\/strong>&#8216; carrera con <em>Miles &#8217;54: Las grabaciones de Prestige<\/em>.<\/p>\n<p>La colecci\u00f3n es una nueva compilaci\u00f3n de 20 pistas que recopila grabaciones que definen el g\u00e9nero de la producci\u00f3n del \u00edcono musical de 1954, incluida m\u00fasica de \u00e1lbumes cl\u00e1sicos. <em>Miles Davis con Sonny Rollins<\/em>, <em>Quinteto de Miles Davis<\/em>, <em>Sexteto All Star de Miles Davis<\/em>y <em>Cuarteto Miles Davis<\/em> (todos publicados originalmente a trav\u00e9s de Prestige Records).<\/p>\n<p>Con un elenco estelar de m\u00fasicos, incluidos <strong>Sonny Rollins<\/strong>, <strong>Monje Telonioso<\/strong>, <strong>Milt Jackson<\/strong>Kenny Clarke, <strong>Arte Blakey<\/strong>y <strong>Horacio Plata<\/strong>, <em>Millas &#8217;54<\/em> combina temas originales del influyente \u00edcono del jazz con baladas populares y composiciones de sus legendarios acompa\u00f1antes.<\/p>\n<p>Llegando el 22 de noviembre, <em>Millas &#8217;54<\/em> Estar\u00e1 disponible en una variedad de formatos, incluidos 4 LP de 180 gramos, 2 CD y digital de alta resoluci\u00f3n. Todo el audio ha sido remasterizado recientemente por el ingeniero ganador del premio Grammy, Paul Blakemore, con lacas cortadas por Kevin Gray en Cohearent Audio.<\/p>\n<div class=\"uD-YT-container\"><img decoding=\"async\" src=\"https:\/\/web.consaguirre.com.ar\/noticias\/wp-content\/uploads\/2024\/08\/1725144055_505_La-celebracion-del-influyente-1954-de-Miles-Davis-se-recogera.jpg\" alt=\"V\u00eddeo de YouTube\"><\/p>\n<\/div>\n<p>Las ediciones f\u00edsicas ofrecen un ensayo completamente nuevo del historiador musical ganador del Grammy Ashley Kahn (autor de <em>Kind of Blue: La creaci\u00f3n de la obra maestra de Miles Davis<\/em>entre otros), as\u00ed como notas detalladas de la sesi\u00f3n a cargo del escritor ganador del Grammy, Dan Morgenstern. La colecci\u00f3n completa ya est\u00e1 disponible para reservar, mientras que la canci\u00f3n &#8220;Oleo&#8221; se puede escuchar en streaming hoy. M\u00edrala arriba.<\/p>\n<p>1954 fue un a\u00f1o decisivo para Miles Davis. Diez a\u00f1os despu\u00e9s de su celebrada carrera, el trompetista, compositor y director de orquesta estaba al borde de la fama internacional y m\u00e1s centrado que nunca. A lo largo del a\u00f1o, Davis entr\u00f3 en el estudio de Rudy Van Gelder para cinco sesiones hist\u00f3ricas, en cada una de las cuales perfeccionar\u00eda su sonido, madurar\u00eda como l\u00edder y colaborar\u00eda con las estrellas emergentes m\u00e1s brillantes de la \u00e9poca. Las grabaciones resultantes catapultar\u00edan la carrera de Davis al siguiente nivel y marcar\u00edan la pauta para la escena post-bop de mediados y finales de los a\u00f1os 50.<\/p>\n<p>La liberaci\u00f3n de <em>Millas &#8217;54<\/em> No s\u00f3lo coincide con el 70 aniversario de estas grabaciones, sino tambi\u00e9n con el 75 aniversario de Prestige Records, el venerable sello independiente de jazz fundado por el productor Bob Weinstock. Fundado en 1949, Prestige se encontraba a la vanguardia del g\u00e9nero: marcando el comienzo de los sonidos de vanguardia del bop, el hard bop, el soul jazz y m\u00e1s all\u00e1, mientras desarrollaba las carreras de artistas tan ic\u00f3nicos como <strong>John Coltrane<\/strong>Thelonious Monk, Stan Getz, Sonny Rollins y, por supuesto, Miles Davis.<\/p>\n<p><strong>Orden <em>Miles &#8217;54: Las grabaciones de Prestige<\/em>.<\/strong><\/p>\n","protected":false},"excerpt":{"rendered":"<p>Craft Recordings celebrar\u00e1 un a\u00f1o crucial en Miles Davis&#8216; carrera con Miles &#8217;54: Las grabaciones de Prestige. La colecci\u00f3n es una nueva compilaci\u00f3n de 20<\/p>\n","protected":false},"author":1,"featured_media":351,"comment_status":"closed","ping_status":"open","sticky":false,"template":"","format":"standard","meta":{"footnotes":""},"categories":[50],"tags":[143,346,10,344,345,347],"class_list":["post-350","post","type-post","status-publish","format-standard","has-post-thumbnail","hentry","category-el-ultimo","tag-celebracion","tag-davis","tag-del","tag-influyente","tag-miles","tag-recogera","generate-columns","tablet-grid-50","mobile-grid-100","grid-parent","grid-50"],"yoast_head":"<!-- This site is optimized with the Yoast SEO plugin v23.3 - https:\/\/yoast.com\/wordpress\/plugins\/seo\/ -->\n<title>La celebraci\u00f3n del influyente 1954 de Miles Davis se recoger\u00e1 en &#039;Miles &#039;54&#039;<\/title>\n<meta name=\"robots\" content=\"index, follow, max-snippet:-1, max-image-preview:large, max-video-preview:-1\" \/>\n<link rel=\"canonical\" href=\"https:\/\/web.consaguirre.com.ar\/noticias\/la-celebracion-del-influyente-1954-de-miles-davis-se-recogera-en-miles-54\/\" \/>\n<meta property=\"og:locale\" content=\"es_ES\" \/>\n<meta property=\"og:type\" content=\"article\" \/>\n<meta property=\"og:title\" content=\"La celebraci\u00f3n del influyente 1954 de Miles Davis se recoger\u00e1 en &#039;Miles &#039;54&#039;\" \/>\n<meta property=\"og:description\" content=\"Craft Recordings celebrar\u00e1 un a\u00f1o crucial en Miles Davis&#8216; carrera con Miles &#8217;54: Las grabaciones de Prestige. La colecci\u00f3n es una nueva compilaci\u00f3n de 20\" \/>\n<meta property=\"og:url\" content=\"https:\/\/web.consaguirre.com.ar\/noticias\/la-celebracion-del-influyente-1954-de-miles-davis-se-recogera-en-miles-54\/\" \/>\n<meta property=\"og:site_name\" content=\"Conservatorio de M\u00fasica Juli\u00e1n Aguirre\" \/>\n<meta property=\"article:published_time\" content=\"2024-08-31T22:40:55+00:00\" \/>\n<meta property=\"article:modified_time\" content=\"2024-09-08T19:27:49+00:00\" \/>\n<meta property=\"og:image\" content=\"https:\/\/web.consaguirre.com.ar\/noticias\/wp-content\/uploads\/2024\/08\/La-celebracion-del-influyente-1954-de-Miles-Davis-se-recogera.jpg\" \/>\n\t<meta property=\"og:image:width\" content=\"1280\" \/>\n\t<meta property=\"og:image:height\" content=\"1280\" \/>\n\t<meta property=\"og:image:type\" content=\"image\/jpeg\" \/>\n<meta name=\"author\" content=\"Javier Figueroa\" \/>\n<meta name=\"twitter:card\" content=\"summary_large_image\" \/>\n<meta name=\"twitter:label1\" content=\"Escrito por\" \/>\n\t<meta name=\"twitter:data1\" content=\"Javier Figueroa\" \/>\n\t<meta name=\"twitter:label2\" content=\"Tiempo de lectura\" \/>\n\t<meta name=\"twitter:data2\" content=\"2 minutos\" \/>\n<script type=\"application\/ld+json\" class=\"yoast-schema-graph\">{\"@context\":\"https:\/\/schema.org\",\"@graph\":[{\"@type\":\"Article\",\"@id\":\"https:\/\/web.consaguirre.com.ar\/noticias\/la-celebracion-del-influyente-1954-de-miles-davis-se-recogera-en-miles-54\/#article\",\"isPartOf\":{\"@id\":\"https:\/\/web.consaguirre.com.ar\/noticias\/la-celebracion-del-influyente-1954-de-miles-davis-se-recogera-en-miles-54\/\"},\"author\":{\"name\":\"Javier Figueroa\",\"@id\":\"https:\/\/web.consaguirre.com.ar\/noticias\/#\/schema\/person\/6558b0cfedee7ddc5425602b237d5722\"},\"headline\":\"La celebraci\u00f3n del influyente 1954 de Miles Davis se recoger\u00e1 en &#8216;Miles &#8217;54&#8217;\",\"datePublished\":\"2024-08-31T22:40:55+00:00\",\"dateModified\":\"2024-09-08T19:27:49+00:00\",\"mainEntityOfPage\":{\"@id\":\"https:\/\/web.consaguirre.com.ar\/noticias\/la-celebracion-del-influyente-1954-de-miles-davis-se-recogera-en-miles-54\/\"},\"wordCount\":458,\"publisher\":{\"@id\":\"https:\/\/web.consaguirre.com.ar\/noticias\/#organization\"},\"image\":{\"@id\":\"https:\/\/web.consaguirre.com.ar\/noticias\/la-celebracion-del-influyente-1954-de-miles-davis-se-recogera-en-miles-54\/#primaryimage\"},\"thumbnailUrl\":\"https:\/\/web.consaguirre.com.ar\/noticias\/wp-content\/uploads\/2024\/08\/La-celebracion-del-influyente-1954-de-Miles-Davis-se-recogera.jpg\",\"keywords\":[\"celebraci\u00f3n\",\"Davis\",\"del\",\"influyente\",\"Miles\",\"recoger\u00e1\"],\"articleSection\":[\"El \u00faltimo\"],\"inLanguage\":\"es-AR\"},{\"@type\":\"WebPage\",\"@id\":\"https:\/\/web.consaguirre.com.ar\/noticias\/la-celebracion-del-influyente-1954-de-miles-davis-se-recogera-en-miles-54\/\",\"url\":\"https:\/\/web.consaguirre.com.ar\/noticias\/la-celebracion-del-influyente-1954-de-miles-davis-se-recogera-en-miles-54\/\",\"name\":\"La celebraci\u00f3n del influyente 1954 de Miles Davis se recoger\u00e1 en 'Miles '54'\",\"isPartOf\":{\"@id\":\"https:\/\/web.consaguirre.com.ar\/noticias\/#website\"},\"primaryImageOfPage\":{\"@id\":\"https:\/\/web.consaguirre.com.ar\/noticias\/la-celebracion-del-influyente-1954-de-miles-davis-se-recogera-en-miles-54\/#primaryimage\"},\"image\":{\"@id\":\"https:\/\/web.consaguirre.com.ar\/noticias\/la-celebracion-del-influyente-1954-de-miles-davis-se-recogera-en-miles-54\/#primaryimage\"},\"thumbnailUrl\":\"https:\/\/web.consaguirre.com.ar\/noticias\/wp-content\/uploads\/2024\/08\/La-celebracion-del-influyente-1954-de-Miles-Davis-se-recogera.jpg\",\"datePublished\":\"2024-08-31T22:40:55+00:00\",\"dateModified\":\"2024-09-08T19:27:49+00:00\",\"breadcrumb\":{\"@id\":\"https:\/\/web.consaguirre.com.ar\/noticias\/la-celebracion-del-influyente-1954-de-miles-davis-se-recogera-en-miles-54\/#breadcrumb\"},\"inLanguage\":\"es-AR\",\"potentialAction\":[{\"@type\":\"ReadAction\",\"target\":[\"https:\/\/web.consaguirre.com.ar\/noticias\/la-celebracion-del-influyente-1954-de-miles-davis-se-recogera-en-miles-54\/\"]}]},{\"@type\":\"ImageObject\",\"inLanguage\":\"es-AR\",\"@id\":\"https:\/\/web.consaguirre.com.ar\/noticias\/la-celebracion-del-influyente-1954-de-miles-davis-se-recogera-en-miles-54\/#primaryimage\",\"url\":\"https:\/\/web.consaguirre.com.ar\/noticias\/wp-content\/uploads\/2024\/08\/La-celebracion-del-influyente-1954-de-Miles-Davis-se-recogera.jpg\",\"contentUrl\":\"https:\/\/web.consaguirre.com.ar\/noticias\/wp-content\/uploads\/2024\/08\/La-celebracion-del-influyente-1954-de-Miles-Davis-se-recogera.jpg\",\"width\":1280,\"height\":1280,\"caption\":\"Miles Davis, \u2018Miles \u201954\u2019 - Photo: Courtesy of Craft Recordings\"},{\"@type\":\"BreadcrumbList\",\"@id\":\"https:\/\/web.consaguirre.com.ar\/noticias\/la-celebracion-del-influyente-1954-de-miles-davis-se-recogera-en-miles-54\/#breadcrumb\",\"itemListElement\":[{\"@type\":\"ListItem\",\"position\":1,\"name\":\"Inicio\",\"item\":\"https:\/\/web.consaguirre.com.ar\/noticias\/\"},{\"@type\":\"ListItem\",\"position\":2,\"name\":\"La celebraci\u00f3n del influyente 1954 de Miles Davis se recoger\u00e1 en &#8216;Miles &#8217;54&#8217;\"}]},{\"@type\":\"WebSite\",\"@id\":\"https:\/\/web.consaguirre.com.ar\/noticias\/#website\",\"url\":\"https:\/\/web.consaguirre.com.ar\/noticias\/\",\"name\":\"Conservatorio de M\u00fasica Juli\u00e1n Aguirre\",\"description\":\"\",\"publisher\":{\"@id\":\"https:\/\/web.consaguirre.com.ar\/noticias\/#organization\"},\"potentialAction\":[{\"@type\":\"SearchAction\",\"target\":{\"@type\":\"EntryPoint\",\"urlTemplate\":\"https:\/\/web.consaguirre.com.ar\/noticias\/?s={search_term_string}\"},\"query-input\":\"required name=search_term_string\"}],\"inLanguage\":\"es-AR\"},{\"@type\":\"Organization\",\"@id\":\"https:\/\/web.consaguirre.com.ar\/noticias\/#organization\",\"name\":\"Conservatorio de M\u00fasica Juli\u00e1n Aguirre\",\"url\":\"https:\/\/web.consaguirre.com.ar\/noticias\/\",\"logo\":{\"@type\":\"ImageObject\",\"inLanguage\":\"es-AR\",\"@id\":\"https:\/\/web.consaguirre.com.ar\/noticias\/#\/schema\/logo\/image\/\",\"url\":\"https:\/\/web.consaguirre.com.ar\/noticias\/wp-content\/uploads\/2024\/08\/Banner-Aguirre-23.jpg\",\"contentUrl\":\"https:\/\/web.consaguirre.com.ar\/noticias\/wp-content\/uploads\/2024\/08\/Banner-Aguirre-23.jpg\",\"width\":1192,\"height\":600,\"caption\":\"Conservatorio de M\u00fasica Juli\u00e1n Aguirre\"},\"image\":{\"@id\":\"https:\/\/web.consaguirre.com.ar\/noticias\/#\/schema\/logo\/image\/\"}},{\"@type\":\"Person\",\"@id\":\"https:\/\/web.consaguirre.com.ar\/noticias\/#\/schema\/person\/6558b0cfedee7ddc5425602b237d5722\",\"name\":\"Javier Figueroa\",\"image\":{\"@type\":\"ImageObject\",\"inLanguage\":\"es-AR\",\"@id\":\"https:\/\/web.consaguirre.com.ar\/noticias\/#\/schema\/person\/image\/\",\"url\":\"https:\/\/web.consaguirre.com.ar\/noticias\/wp-content\/uploads\/2024\/08\/Consaguirre-scaled.jpg\",\"contentUrl\":\"https:\/\/web.consaguirre.com.ar\/noticias\/wp-content\/uploads\/2024\/08\/Consaguirre-scaled.jpg\",\"caption\":\"Javier Figueroa\"},\"description\":\"Me llamo Javier Figueroa y soy redactor para el sitio oficial del Conservatorio de M\u00fasica Juli\u00e1n Aguirre en Buenos Aires, consaguirre.com. Apasionado por la m\u00fasica y la escritura, me esfuerzo por destacar los talentos y eventos de nuestra prestigiosa instituci\u00f3n. Mi trayectoria se nutre de una profunda admiraci\u00f3n por los artistas, haciendo de cada art\u00edculo una celebraci\u00f3n de la creatividad y la cultura musical.\",\"sameAs\":[\"https:\/\/web.consaguirre.com.ar\/noticias\"]}]}<\/script>\n<!-- \/ Yoast SEO plugin. -->","yoast_head_json":{"title":"La celebraci\u00f3n del influyente 1954 de Miles Davis se recoger\u00e1 en 'Miles '54'","robots":{"index":"index","follow":"follow","max-snippet":"max-snippet:-1","max-image-preview":"max-image-preview:large","max-video-preview":"max-video-preview:-1"},"canonical":"https:\/\/web.consaguirre.com.ar\/noticias\/la-celebracion-del-influyente-1954-de-miles-davis-se-recogera-en-miles-54\/","og_locale":"es_ES","og_type":"article","og_title":"La celebraci\u00f3n del influyente 1954 de Miles Davis se recoger\u00e1 en 'Miles '54'","og_description":"Craft Recordings celebrar\u00e1 un a\u00f1o crucial en Miles Davis&#8216; carrera con Miles &#8217;54: Las grabaciones de Prestige. La colecci\u00f3n es una nueva compilaci\u00f3n de 20","og_url":"https:\/\/web.consaguirre.com.ar\/noticias\/la-celebracion-del-influyente-1954-de-miles-davis-se-recogera-en-miles-54\/","og_site_name":"Conservatorio de M\u00fasica Juli\u00e1n Aguirre","article_published_time":"2024-08-31T22:40:55+00:00","article_modified_time":"2024-09-08T19:27:49+00:00","og_image":[{"width":1280,"height":1280,"url":"https:\/\/web.consaguirre.com.ar\/noticias\/wp-content\/uploads\/2024\/08\/La-celebracion-del-influyente-1954-de-Miles-Davis-se-recogera.jpg","type":"image\/jpeg"}],"author":"Javier Figueroa","twitter_card":"summary_large_image","twitter_misc":{"Escrito por":"Javier Figueroa","Tiempo de lectura":"2 minutos"},"schema":{"@context":"https:\/\/schema.org","@graph":[{"@type":"Article","@id":"https:\/\/web.consaguirre.com.ar\/noticias\/la-celebracion-del-influyente-1954-de-miles-davis-se-recogera-en-miles-54\/#article","isPartOf":{"@id":"https:\/\/web.consaguirre.com.ar\/noticias\/la-celebracion-del-influyente-1954-de-miles-davis-se-recogera-en-miles-54\/"},"author":{"name":"Javier Figueroa","@id":"https:\/\/web.consaguirre.com.ar\/noticias\/#\/schema\/person\/6558b0cfedee7ddc5425602b237d5722"},"headline":"La celebraci\u00f3n del influyente 1954 de Miles Davis se recoger\u00e1 en &#8216;Miles &#8217;54&#8217;","datePublished":"2024-08-31T22:40:55+00:00","dateModified":"2024-09-08T19:27:49+00:00","mainEntityOfPage":{"@id":"https:\/\/web.consaguirre.com.ar\/noticias\/la-celebracion-del-influyente-1954-de-miles-davis-se-recogera-en-miles-54\/"},"wordCount":458,"publisher":{"@id":"https:\/\/web.consaguirre.com.ar\/noticias\/#organization"},"image":{"@id":"https:\/\/web.consaguirre.com.ar\/noticias\/la-celebracion-del-influyente-1954-de-miles-davis-se-recogera-en-miles-54\/#primaryimage"},"thumbnailUrl":"https:\/\/web.consaguirre.com.ar\/noticias\/wp-content\/uploads\/2024\/08\/La-celebracion-del-influyente-1954-de-Miles-Davis-se-recogera.jpg","keywords":["celebraci\u00f3n","Davis","del","influyente","Miles","recoger\u00e1"],"articleSection":["El \u00faltimo"],"inLanguage":"es-AR"},{"@type":"WebPage","@id":"https:\/\/web.consaguirre.com.ar\/noticias\/la-celebracion-del-influyente-1954-de-miles-davis-se-recogera-en-miles-54\/","url":"https:\/\/web.consaguirre.com.ar\/noticias\/la-celebracion-del-influyente-1954-de-miles-davis-se-recogera-en-miles-54\/","name":"La celebraci\u00f3n del influyente 1954 de Miles Davis se recoger\u00e1 en 'Miles '54'","isPartOf":{"@id":"https:\/\/web.consaguirre.com.ar\/noticias\/#website"},"primaryImageOfPage":{"@id":"https:\/\/web.consaguirre.com.ar\/noticias\/la-celebracion-del-influyente-1954-de-miles-davis-se-recogera-en-miles-54\/#primaryimage"},"image":{"@id":"https:\/\/web.consaguirre.com.ar\/noticias\/la-celebracion-del-influyente-1954-de-miles-davis-se-recogera-en-miles-54\/#primaryimage"},"thumbnailUrl":"https:\/\/web.consaguirre.com.ar\/noticias\/wp-content\/uploads\/2024\/08\/La-celebracion-del-influyente-1954-de-Miles-Davis-se-recogera.jpg","datePublished":"2024-08-31T22:40:55+00:00","dateModified":"2024-09-08T19:27:49+00:00","breadcrumb":{"@id":"https:\/\/web.consaguirre.com.ar\/noticias\/la-celebracion-del-influyente-1954-de-miles-davis-se-recogera-en-miles-54\/#breadcrumb"},"inLanguage":"es-AR","potentialAction":[{"@type":"ReadAction","target":["https:\/\/web.consaguirre.com.ar\/noticias\/la-celebracion-del-influyente-1954-de-miles-davis-se-recogera-en-miles-54\/"]}]},{"@type":"ImageObject","inLanguage":"es-AR","@id":"https:\/\/web.consaguirre.com.ar\/noticias\/la-celebracion-del-influyente-1954-de-miles-davis-se-recogera-en-miles-54\/#primaryimage","url":"https:\/\/web.consaguirre.com.ar\/noticias\/wp-content\/uploads\/2024\/08\/La-celebracion-del-influyente-1954-de-Miles-Davis-se-recogera.jpg","contentUrl":"https:\/\/web.consaguirre.com.ar\/noticias\/wp-content\/uploads\/2024\/08\/La-celebracion-del-influyente-1954-de-Miles-Davis-se-recogera.jpg","width":1280,"height":1280,"caption":"Miles Davis, \u2018Miles \u201954\u2019 - Photo: Courtesy of Craft Recordings"},{"@type":"BreadcrumbList","@id":"https:\/\/web.consaguirre.com.ar\/noticias\/la-celebracion-del-influyente-1954-de-miles-davis-se-recogera-en-miles-54\/#breadcrumb","itemListElement":[{"@type":"ListItem","position":1,"name":"Inicio","item":"https:\/\/web.consaguirre.com.ar\/noticias\/"},{"@type":"ListItem","position":2,"name":"La celebraci\u00f3n del influyente 1954 de Miles Davis se recoger\u00e1 en &#8216;Miles &#8217;54&#8217;"}]},{"@type":"WebSite","@id":"https:\/\/web.consaguirre.com.ar\/noticias\/#website","url":"https:\/\/web.consaguirre.com.ar\/noticias\/","name":"Conservatorio de M\u00fasica Juli\u00e1n Aguirre","description":"","publisher":{"@id":"https:\/\/web.consaguirre.com.ar\/noticias\/#organization"},"potentialAction":[{"@type":"SearchAction","target":{"@type":"EntryPoint","urlTemplate":"https:\/\/web.consaguirre.com.ar\/noticias\/?s={search_term_string}"},"query-input":"required name=search_term_string"}],"inLanguage":"es-AR"},{"@type":"Organization","@id":"https:\/\/web.consaguirre.com.ar\/noticias\/#organization","name":"Conservatorio de M\u00fasica Juli\u00e1n Aguirre","url":"https:\/\/web.consaguirre.com.ar\/noticias\/","logo":{"@type":"ImageObject","inLanguage":"es-AR","@id":"https:\/\/web.consaguirre.com.ar\/noticias\/#\/schema\/logo\/image\/","url":"https:\/\/web.consaguirre.com.ar\/noticias\/wp-content\/uploads\/2024\/08\/Banner-Aguirre-23.jpg","contentUrl":"https:\/\/web.consaguirre.com.ar\/noticias\/wp-content\/uploads\/2024\/08\/Banner-Aguirre-23.jpg","width":1192,"height":600,"caption":"Conservatorio de M\u00fasica Juli\u00e1n Aguirre"},"image":{"@id":"https:\/\/web.consaguirre.com.ar\/noticias\/#\/schema\/logo\/image\/"}},{"@type":"Person","@id":"https:\/\/web.consaguirre.com.ar\/noticias\/#\/schema\/person\/6558b0cfedee7ddc5425602b237d5722","name":"Javier Figueroa","image":{"@type":"ImageObject","inLanguage":"es-AR","@id":"https:\/\/web.consaguirre.com.ar\/noticias\/#\/schema\/person\/image\/","url":"https:\/\/web.consaguirre.com.ar\/noticias\/wp-content\/uploads\/2024\/08\/Consaguirre-scaled.jpg","contentUrl":"https:\/\/web.consaguirre.com.ar\/noticias\/wp-content\/uploads\/2024\/08\/Consaguirre-scaled.jpg","caption":"Javier Figueroa"},"description":"Me llamo Javier Figueroa y soy redactor para el sitio oficial del Conservatorio de M\u00fasica Juli\u00e1n Aguirre en Buenos Aires, consaguirre.com. Apasionado por la m\u00fasica y la escritura, me esfuerzo por destacar los talentos y eventos de nuestra prestigiosa instituci\u00f3n. Mi trayectoria se nutre de una profunda admiraci\u00f3n por los artistas, haciendo de cada art\u00edculo una celebraci\u00f3n de la creatividad y la cultura musical.","sameAs":["https:\/\/web.consaguirre.com.ar\/noticias"]}]}},"_links":{"self":[{"href":"https:\/\/web.consaguirre.com.ar\/noticias\/wp-json\/wp\/v2\/posts\/350"}],"collection":[{"href":"https:\/\/web.consaguirre.com.ar\/noticias\/wp-json\/wp\/v2\/posts"}],"about":[{"href":"https:\/\/web.consaguirre.com.ar\/noticias\/wp-json\/wp\/v2\/types\/post"}],"author":[{"embeddable":true,"href":"https:\/\/web.consaguirre.com.ar\/noticias\/wp-json\/wp\/v2\/users\/1"}],"replies":[{"embeddable":true,"href":"https:\/\/web.consaguirre.com.ar\/noticias\/wp-json\/wp\/v2\/comments?post=350"}],"version-history":[{"count":1,"href":"https:\/\/web.consaguirre.com.ar\/noticias\/wp-json\/wp\/v2\/posts\/350\/revisions"}],"predecessor-version":[{"id":352,"href":"https:\/\/web.consaguirre.com.ar\/noticias\/wp-json\/wp\/v2\/posts\/350\/revisions\/352"}],"wp:featuredmedia":[{"embeddable":true,"href":"https:\/\/web.consaguirre.com.ar\/noticias\/wp-json\/wp\/v2\/media\/351"}],"wp:attachment":[{"href":"https:\/\/web.consaguirre.com.ar\/noticias\/wp-json\/wp\/v2\/media?parent=350"}],"wp:term":[{"taxonomy":"category","embeddable":true,"href":"https:\/\/web.consaguirre.com.ar\/noticias\/wp-json\/wp\/v2\/categories?post=350"},{"taxonomy":"post_tag","embeddable":true,"href":"https:\/\/web.consaguirre.com.ar\/noticias\/wp-json\/wp\/v2\/tags?post=350"}],"curies":[{"name":"wp","href":"https:\/\/api.w.org\/{rel}","templated":true}]}}